{"id":33475,"date":"2011-12-19T08:29:46","date_gmt":"2011-12-19T07:29:46","guid":{"rendered":"http:\/\/www.bellunopress.it\/?p=33475"},"modified":"2011-12-19T08:29:46","modified_gmt":"2011-12-19T07:29:46","slug":"martedi-a-feltre-la-presentazione-del-libro-di-andrea-bona","status":"publish","type":"post","link":"https:\/\/www.bellunopress.it\/fr\/2011\/12\/19\/martedi-a-feltre-la-presentazione-del-libro-di-andrea-bona\/","title":{"rendered":"Marted\u00ec a Feltre la presentazione del libro di Andrea Bona"},"content":{"rendered":"<p align=\"justify\">Viene presentato domani, <strong>marted\u00ec 20 dicembre, alle 18.30<\/strong>, nella sala conferenze del Museo Diocesano, il volume, realizzato dal Fondaco per Feltre, a firma di Andrea Bona, dal titolo&#8221;<strong><em> &#8220;Il modello e il Luogo&#8221; La ricostruzione di Feltre: dalle mura di Dionisio da Viterbo alla citt\u00e0 vitruviana di Jacopo Sansovino?&#8221;<\/em><\/strong>&#8220;.<\/p>\n<p align=\"justify\">La pubblicazione del volume si colloca tra le attivit\u00e0 che il sodalizio feltrino ha voluto realizzare, durante il corrente anno, per celebrare, con azioni e attivit\u00e0 concrete e non con inutili fiumi di parole, il ventennale dalla propria costituzione.<\/p>\n<p align=\"justify\">&#8220;<span style=\"font-family: Times New Roman;\">L\u2019anno che sta per concludersi \u2013 precisa il presidente del Fondaco, Rino Dal Ben- ci ha visti impegnati, anche in un progetto espressamente scelto per dare risalto all\u2019anniversario dei cinquecento anni dalla ricostruzione di Feltre.<\/span><\/p>\n<p>La ricostruzione della citt\u00e0, dopo il terribile incendio che ne decret\u00f2 la distruzione ma, certo, non la fine, \u00e8 un evento che va ricordato. E non solo in quanto evento storico ma anche per il valore simbolico che assume: Feltre \u00e8 una citt\u00e0 che non si \u00e8 mai data per vinta. \u00c8 una citt\u00e0 che sempre ha saputo rinascere, risorgere.<\/p>\n<p>Il volume dell\u2019architetto Andrea Bona ricostruisce, in maniera attenta e puntuale, le vicende storiche e architettoniche della citt\u00e0 attraverso ipotesi ardite, ma sempre ben documentate, che vanno ad innovare, se non addirittura rivoluzionare, convinzioni assodate e che oggi, proprio grazie alla preziosa attivit\u00e0 di ricerca realizzata, risultano superate. L\u2019intero volume \u00e8 dedicato alla ricostruzione della citt\u00e0.<\/p>\n<p>La pubblicazione del libro \u00e8 un progetto nel quale il Fondaco ha creduto da subito, tanto da averne sostenuto, integralmente, l\u2019importante impegno economico&#8221;.<\/p>\n<p>L\u2019introduzione del volume \u00e8 a cura del professor <strong>Lionello Puppi.<\/strong><\/p>\n<p>Il volume \u00e8 edito dalla casa editrice Terra Ferma.<\/p>\n<p>Alla presentazione parteciperanno l\u2019autore Andrea Bona e il professor Lionello Puppi.<\/p>\n<p align=\"justify\">La cittadinanza \u00e8 invitata.<\/p>","protected":false},"excerpt":{"rendered":"<p>Viene presentato domani, marted\u00ec 20 dicembre, alle 18.30, nella sala conferenze del Museo Diocesano, il volume, realizzato dal Fondaco per Feltre, a firma di Andrea Bona, dal titolo&#8221; &#8220;Il modello e il Luogo&#8221; La ricostruzione di Feltre: dalle mura di Dionisio da Viterbo alla citt\u00e0 vitruviana di Jacopo Sansovino?&#8221;&#8220;. La pubblicazione del volume si colloca [&hellip;]<\/p>\n","protected":false},"author":2,"featured_media":0,"comment_status":"closed","ping_status":"open","sticky":false,"template":"","format":"standard","meta":{"footnotes":""},"categories":[27,3,25],"tags":[],"class_list":["post-33475","post","type-post","status-publish","format-standard","category-appuntamenti","category-arte-cultura-spettacoli-scienza-archivi","category-pausa-caffe"],"yoast_head":"<!-- This site is optimized with the Yoast SEO plugin v28.4 - https:\/\/yoast.com\/product\/yoast-seo-wordpress\/ -->\n<title>Marted\u00ec a Feltre la presentazione del libro di Andrea Bona - Bellunopress - Dolomiti<\/title>\n<meta name=\"robots\" content=\"index, follow, max-snippet:-1, max-image-preview:large, max-video-preview:-1\" \/>\n<link rel=\"canonical\" href=\"https:\/\/www.bellunopress.it\/fr\/2011\/12\/19\/martedi-a-feltre-la-presentazione-del-libro-di-andrea-bona\/\" \/>\n<meta property=\"og:locale\" content=\"fr_FR\" \/>\n<meta property=\"og:type\" content=\"article\" \/>\n<meta property=\"og:title\" content=\"Marted\u00ec a Feltre la presentazione del libro di Andrea Bona - Bellunopress - Dolomiti\" \/>\n<meta property=\"og:description\" content=\"Viene presentato domani, marted\u00ec 20 dicembre, alle 18.30, nella sala conferenze del Museo Diocesano, il volume, realizzato dal Fondaco per Feltre, a firma di Andrea Bona, dal titolo&#8221; &#8220;Il modello e il Luogo&#8221; La ricostruzione di Feltre: dalle mura di Dionisio da Viterbo alla citt\u00e0 vitruviana di Jacopo Sansovino?&#8221;&#8220;. La pubblicazione del volume si colloca [&hellip;]\" \/>\n<meta property=\"og:url\" content=\"https:\/\/www.bellunopress.it\/fr\/2011\/12\/19\/martedi-a-feltre-la-presentazione-del-libro-di-andrea-bona\/\" \/>\n<meta property=\"og:site_name\" content=\"Bellunopress - Dolomiti\" \/>\n<meta property=\"article:publisher\" content=\"https:\/\/www.facebook.com\/profile.php?id=100008943462799\" \/>\n<meta property=\"article:published_time\" content=\"2011-12-19T07:29:46+00:00\" \/>\n<meta property=\"og:image\" content=\"http:\/\/www.bellunopress.it\/wp-content\/uploads\/2012\/07\/logo-bellunopress-250x250-2012.jpg\" \/>\n<meta name=\"author\" content=\"redazione\" \/>\n<meta name=\"twitter:card\" content=\"summary_large_image\" \/>\n<meta name=\"twitter:creator\" content=\"@bellunopress\" \/>\n<meta name=\"twitter:site\" content=\"@bellunopress\" \/>\n<meta name=\"twitter:label1\" content=\"Written by\" \/>\n\t<meta name=\"twitter:data1\" content=\"redazione\" \/>\n\t<meta name=\"twitter:label2\" content=\"Est. reading time\" \/>\n\t<meta name=\"twitter:data2\" content=\"1 minute\" \/>\n<script type=\"application\/ld+json\" class=\"yoast-schema-graph\">{\"@context\":\"https:\\\/\\\/schema.org\",\"@graph\":[{\"@type\":\"Article\",\"@id\":\"https:\\\/\\\/www.bellunopress.it\\\/2011\\\/12\\\/19\\\/martedi-a-feltre-la-presentazione-del-libro-di-andrea-bona\\\/#article\",\"isPartOf\":{\"@id\":\"https:\\\/\\\/www.bellunopress.it\\\/2011\\\/12\\\/19\\\/martedi-a-feltre-la-presentazione-del-libro-di-andrea-bona\\\/\"},\"author\":{\"name\":\"redazione\",\"@id\":\"https:\\\/\\\/www.bellunopress.it\\\/#\\\/schema\\\/person\\\/79bb06722b37ece1c03d3e94beb30d73\"},\"headline\":\"Marted\u00ec a Feltre la presentazione del libro di Andrea Bona\",\"datePublished\":\"2011-12-19T07:29:46+00:00\",\"mainEntityOfPage\":{\"@id\":\"https:\\\/\\\/www.bellunopress.it\\\/2011\\\/12\\\/19\\\/martedi-a-feltre-la-presentazione-del-libro-di-andrea-bona\\\/\"},\"wordCount\":301,\"publisher\":{\"@id\":\"https:\\\/\\\/www.bellunopress.it\\\/#organization\"},\"articleSection\":[\"Appuntamenti, Eventi\",\"Arte, Cultura, Spettacoli, Scienza\",\"Pausa Caff\u00e8\"],\"inLanguage\":\"fr-FR\"},{\"@type\":\"WebPage\",\"@id\":\"https:\\\/\\\/www.bellunopress.it\\\/2011\\\/12\\\/19\\\/martedi-a-feltre-la-presentazione-del-libro-di-andrea-bona\\\/\",\"url\":\"https:\\\/\\\/www.bellunopress.it\\\/2011\\\/12\\\/19\\\/martedi-a-feltre-la-presentazione-del-libro-di-andrea-bona\\\/\",\"name\":\"Marted\u00ec a Feltre la presentazione del libro di Andrea Bona - Bellunopress - Dolomiti\",\"isPartOf\":{\"@id\":\"https:\\\/\\\/www.bellunopress.it\\\/#website\"},\"datePublished\":\"2011-12-19T07:29:46+00:00\",\"breadcrumb\":{\"@id\":\"https:\\\/\\\/www.bellunopress.it\\\/2011\\\/12\\\/19\\\/martedi-a-feltre-la-presentazione-del-libro-di-andrea-bona\\\/#breadcrumb\"},\"inLanguage\":\"fr-FR\",\"potentialAction\":[{\"@type\":\"ReadAction\",\"target\":[\"https:\\\/\\\/www.bellunopress.it\\\/2011\\\/12\\\/19\\\/martedi-a-feltre-la-presentazione-del-libro-di-andrea-bona\\\/\"]}]},{\"@type\":\"BreadcrumbList\",\"@id\":\"https:\\\/\\\/www.bellunopress.it\\\/2011\\\/12\\\/19\\\/martedi-a-feltre-la-presentazione-del-libro-di-andrea-bona\\\/#breadcrumb\",\"itemListElement\":[{\"@type\":\"ListItem\",\"position\":1,\"name\":\"Home\",\"item\":\"https:\\\/\\\/www.bellunopress.it\\\/\"},{\"@type\":\"ListItem\",\"position\":2,\"name\":\"Marted\u00ec a Feltre la presentazione del libro di Andrea Bona\"}]},{\"@type\":\"WebSite\",\"@id\":\"https:\\\/\\\/www.bellunopress.it\\\/#website\",\"url\":\"https:\\\/\\\/www.bellunopress.it\\\/\",\"name\":\"Bellunopress - Dolomiti\",\"description\":\"e-mail: redazione@bellunopress.it\",\"publisher\":{\"@id\":\"https:\\\/\\\/www.bellunopress.it\\\/#organization\"},\"potentialAction\":[{\"@type\":\"SearchAction\",\"target\":{\"@type\":\"EntryPoint\",\"urlTemplate\":\"https:\\\/\\\/www.bellunopress.it\\\/?s={search_term_string}\"},\"query-input\":{\"@type\":\"PropertyValueSpecification\",\"valueRequired\":true,\"valueName\":\"search_term_string\"}}],\"inLanguage\":\"fr-FR\"},{\"@type\":\"Organization\",\"@id\":\"https:\\\/\\\/www.bellunopress.it\\\/#organization\",\"name\":\"Bellunopress\",\"url\":\"https:\\\/\\\/www.bellunopress.it\\\/\",\"logo\":{\"@type\":\"ImageObject\",\"inLanguage\":\"fr-FR\",\"@id\":\"https:\\\/\\\/www.bellunopress.it\\\/#\\\/schema\\\/logo\\\/image\\\/\",\"url\":\"https:\\\/\\\/www.bellunopress.it\\\/wp-content\\\/uploads\\\/2011\\\/05\\\/cropped-logo-bellunopress-.jpg\",\"contentUrl\":\"https:\\\/\\\/www.bellunopress.it\\\/wp-content\\\/uploads\\\/2011\\\/05\\\/cropped-logo-bellunopress-.jpg\",\"width\":512,\"height\":512,\"caption\":\"Bellunopress\"},\"image\":{\"@id\":\"https:\\\/\\\/www.bellunopress.it\\\/#\\\/schema\\\/logo\\\/image\\\/\"},\"sameAs\":[\"https:\\\/\\\/www.facebook.com\\\/profile.php?id=100008943462799\",\"https:\\\/\\\/x.com\\\/bellunopress\",\"https:\\\/\\\/www.linkedin.com\\\/hp\\\/?dnr=JBzUWaJfMUw8vbXJJ2tVW5-I3jZKvC4wsoxE&amp;amp;amp;amp;amp;amp;trk=nav_responsive_tab_home\",\"https:\\\/\\\/www.youtube.com\\\/channel\\\/UCxL0wu1uN0_3_7hGG0306cw\"]},{\"@type\":\"Person\",\"@id\":\"https:\\\/\\\/www.bellunopress.it\\\/#\\\/schema\\\/person\\\/79bb06722b37ece1c03d3e94beb30d73\",\"name\":\"redazione\",\"image\":{\"@type\":\"ImageObject\",\"inLanguage\":\"fr-FR\",\"@id\":\"https:\\\/\\\/secure.gravatar.com\\\/avatar\\\/37d968a2e67a6fd04c169c4bdef102d0bc5d31b2546345219e348575eb80e9a0?s=96&d=mm&r=g\",\"url\":\"https:\\\/\\\/secure.gravatar.com\\\/avatar\\\/37d968a2e67a6fd04c169c4bdef102d0bc5d31b2546345219e348575eb80e9a0?s=96&d=mm&r=g\",\"contentUrl\":\"https:\\\/\\\/secure.gravatar.com\\\/avatar\\\/37d968a2e67a6fd04c169c4bdef102d0bc5d31b2546345219e348575eb80e9a0?s=96&d=mm&r=g\",\"caption\":\"redazione\"},\"sameAs\":[\"http:\\\/\\\/www.bellunopress.it\",\"https:\\\/\\\/x.com\\\/bellunopress\"],\"url\":\"https:\\\/\\\/www.bellunopress.it\\\/fr\\\/author\\\/redazione\\\/\"}]}<\/script>\n<!-- \/ Yoast SEO plugin. -->","yoast_head_json":{"title":"Marted\u00ec a Feltre la presentazione del libro di Andrea Bona - Bellunopress - Dolomiti","robots":{"index":"index","follow":"follow","max-snippet":"max-snippet:-1","max-image-preview":"max-image-preview:large","max-video-preview":"max-video-preview:-1"},"canonical":"https:\/\/www.bellunopress.it\/fr\/2011\/12\/19\/martedi-a-feltre-la-presentazione-del-libro-di-andrea-bona\/","og_locale":"fr_FR","og_type":"article","og_title":"Marted\u00ec a Feltre la presentazione del libro di Andrea Bona - Bellunopress - Dolomiti","og_description":"Viene presentato domani, marted\u00ec 20 dicembre, alle 18.30, nella sala conferenze del Museo Diocesano, il volume, realizzato dal Fondaco per Feltre, a firma di Andrea Bona, dal titolo&#8221; &#8220;Il modello e il Luogo&#8221; La ricostruzione di Feltre: dalle mura di Dionisio da Viterbo alla citt\u00e0 vitruviana di Jacopo Sansovino?&#8221;&#8220;. La pubblicazione del volume si colloca [&hellip;]","og_url":"https:\/\/www.bellunopress.it\/fr\/2011\/12\/19\/martedi-a-feltre-la-presentazione-del-libro-di-andrea-bona\/","og_site_name":"Bellunopress - Dolomiti","article_publisher":"https:\/\/www.facebook.com\/profile.php?id=100008943462799","article_published_time":"2011-12-19T07:29:46+00:00","og_image":[{"url":"http:\/\/www.bellunopress.it\/wp-content\/uploads\/2012\/07\/logo-bellunopress-250x250-2012.jpg","type":"","width":"","height":""}],"author":"redazione","twitter_card":"summary_large_image","twitter_creator":"@bellunopress","twitter_site":"@bellunopress","twitter_misc":{"Written by":"redazione","Est. reading time":"1 minute"},"schema":{"@context":"https:\/\/schema.org","@graph":[{"@type":"Article","@id":"https:\/\/www.bellunopress.it\/2011\/12\/19\/martedi-a-feltre-la-presentazione-del-libro-di-andrea-bona\/#article","isPartOf":{"@id":"https:\/\/www.bellunopress.it\/2011\/12\/19\/martedi-a-feltre-la-presentazione-del-libro-di-andrea-bona\/"},"author":{"name":"redazione","@id":"https:\/\/www.bellunopress.it\/#\/schema\/person\/79bb06722b37ece1c03d3e94beb30d73"},"headline":"Marted\u00ec a Feltre la presentazione del libro di Andrea Bona","datePublished":"2011-12-19T07:29:46+00:00","mainEntityOfPage":{"@id":"https:\/\/www.bellunopress.it\/2011\/12\/19\/martedi-a-feltre-la-presentazione-del-libro-di-andrea-bona\/"},"wordCount":301,"publisher":{"@id":"https:\/\/www.bellunopress.it\/#organization"},"articleSection":["Appuntamenti, Eventi","Arte, Cultura, Spettacoli, Scienza","Pausa Caff\u00e8"],"inLanguage":"fr-FR"},{"@type":"WebPage","@id":"https:\/\/www.bellunopress.it\/2011\/12\/19\/martedi-a-feltre-la-presentazione-del-libro-di-andrea-bona\/","url":"https:\/\/www.bellunopress.it\/2011\/12\/19\/martedi-a-feltre-la-presentazione-del-libro-di-andrea-bona\/","name":"Marted\u00ec a Feltre la presentazione del libro di Andrea Bona - Bellunopress - Dolomiti","isPartOf":{"@id":"https:\/\/www.bellunopress.it\/#website"},"datePublished":"2011-12-19T07:29:46+00:00","breadcrumb":{"@id":"https:\/\/www.bellunopress.it\/2011\/12\/19\/martedi-a-feltre-la-presentazione-del-libro-di-andrea-bona\/#breadcrumb"},"inLanguage":"fr-FR","potentialAction":[{"@type":"ReadAction","target":["https:\/\/www.bellunopress.it\/2011\/12\/19\/martedi-a-feltre-la-presentazione-del-libro-di-andrea-bona\/"]}]},{"@type":"BreadcrumbList","@id":"https:\/\/www.bellunopress.it\/2011\/12\/19\/martedi-a-feltre-la-presentazione-del-libro-di-andrea-bona\/#breadcrumb","itemListElement":[{"@type":"ListItem","position":1,"name":"Home","item":"https:\/\/www.bellunopress.it\/"},{"@type":"ListItem","position":2,"name":"Marted\u00ec a Feltre la presentazione del libro di Andrea Bona"}]},{"@type":"WebSite","@id":"https:\/\/www.bellunopress.it\/#website","url":"https:\/\/www.bellunopress.it\/","name":"Bellunopress - Dolomiti","description":"e-mail: redazione@bellunopress.it","publisher":{"@id":"https:\/\/www.bellunopress.it\/#organization"},"potentialAction":[{"@type":"SearchAction","target":{"@type":"EntryPoint","urlTemplate":"https:\/\/www.bellunopress.it\/?s={search_term_string}"},"query-input":{"@type":"PropertyValueSpecification","valueRequired":true,"valueName":"search_term_string"}}],"inLanguage":"fr-FR"},{"@type":"Organization","@id":"https:\/\/www.bellunopress.it\/#organization","name":"Bellunopress","url":"https:\/\/www.bellunopress.it\/","logo":{"@type":"ImageObject","inLanguage":"fr-FR","@id":"https:\/\/www.bellunopress.it\/#\/schema\/logo\/image\/","url":"https:\/\/www.bellunopress.it\/wp-content\/uploads\/2011\/05\/cropped-logo-bellunopress-.jpg","contentUrl":"https:\/\/www.bellunopress.it\/wp-content\/uploads\/2011\/05\/cropped-logo-bellunopress-.jpg","width":512,"height":512,"caption":"Bellunopress"},"image":{"@id":"https:\/\/www.bellunopress.it\/#\/schema\/logo\/image\/"},"sameAs":["https:\/\/www.facebook.com\/profile.php?id=100008943462799","https:\/\/x.com\/bellunopress","https:\/\/www.linkedin.com\/hp\/?dnr=JBzUWaJfMUw8vbXJJ2tVW5-I3jZKvC4wsoxE&amp;amp;amp;amp;amp;amp;trk=nav_responsive_tab_home","https:\/\/www.youtube.com\/channel\/UCxL0wu1uN0_3_7hGG0306cw"]},{"@type":"Person","@id":"https:\/\/www.bellunopress.it\/#\/schema\/person\/79bb06722b37ece1c03d3e94beb30d73","name":"r\u00e9daction","image":{"@type":"ImageObject","inLanguage":"fr-FR","@id":"https:\/\/secure.gravatar.com\/avatar\/37d968a2e67a6fd04c169c4bdef102d0bc5d31b2546345219e348575eb80e9a0?s=96&d=mm&r=g","url":"https:\/\/secure.gravatar.com\/avatar\/37d968a2e67a6fd04c169c4bdef102d0bc5d31b2546345219e348575eb80e9a0?s=96&d=mm&r=g","contentUrl":"https:\/\/secure.gravatar.com\/avatar\/37d968a2e67a6fd04c169c4bdef102d0bc5d31b2546345219e348575eb80e9a0?s=96&d=mm&r=g","caption":"redazione"},"sameAs":["http:\/\/www.bellunopress.it","https:\/\/x.com\/bellunopress"],"url":"https:\/\/www.bellunopress.it\/fr\/author\/redazione\/"}]}},"_links":{"self":[{"href":"https:\/\/www.bellunopress.it\/fr\/wp-json\/wp\/v2\/posts\/33475","targetHints":{"allow":["GET"]}}],"collection":[{"href":"https:\/\/www.bellunopress.it\/fr\/wp-json\/wp\/v2\/posts"}],"about":[{"href":"https:\/\/www.bellunopress.it\/fr\/wp-json\/wp\/v2\/types\/post"}],"author":[{"embeddable":true,"href":"https:\/\/www.bellunopress.it\/fr\/wp-json\/wp\/v2\/users\/2"}],"replies":[{"embeddable":true,"href":"https:\/\/www.bellunopress.it\/fr\/wp-json\/wp\/v2\/comments?post=33475"}],"version-history":[{"count":1,"href":"https:\/\/www.bellunopress.it\/fr\/wp-json\/wp\/v2\/posts\/33475\/revisions"}],"predecessor-version":[{"id":33476,"href":"https:\/\/www.bellunopress.it\/fr\/wp-json\/wp\/v2\/posts\/33475\/revisions\/33476"}],"wp:attachment":[{"href":"https:\/\/www.bellunopress.it\/fr\/wp-json\/wp\/v2\/media?parent=33475"}],"wp:term":[{"taxonomy":"category","embeddable":true,"href":"https:\/\/www.bellunopress.it\/fr\/wp-json\/wp\/v2\/categories?post=33475"},{"taxonomy":"post_tag","embeddable":true,"href":"https:\/\/www.bellunopress.it\/fr\/wp-json\/wp\/v2\/tags?post=33475"}],"curies":[{"name":"wp","href":"https:\/\/api.w.org\/{rel}","templated":true}]}}