{"id":33463,"date":"2011-12-18T22:04:48","date_gmt":"2011-12-18T21:04:48","guid":{"rendered":"http:\/\/www.bellunopress.it\/?p=33463"},"modified":"2011-12-19T00:15:44","modified_gmt":"2011-12-18T23:15:44","slug":"no-al-bavaglio-culturale-dopo-quello-musicale-intervento-del-vicesindaco-di-belluno-leonardo-colle","status":"publish","type":"post","link":"https:\/\/www.bellunopress.it\/fr\/2011\/12\/18\/no-al-bavaglio-culturale-dopo-quello-musicale-intervento-del-vicesindaco-di-belluno-leonardo-colle\/","title":{"rendered":"No al bavaglio culturale dopo quello musicale         * intervento del vicesindaco di Belluno Leonardo Colle"},"content":{"rendered":"<p>Il vicesindaco di Belluno Leonardo Colle (Lega Nord) risponde a Maria Grazia Passuello (Pdl), l&#8217;assessore alla Cultura che per due volte ha dato le dimissioni dal suo incarico, salvo poi ritirarle e rimanere saldamente ancorata alla poltrona.<\/p>\n<figure id=\"attachment_680\" aria-describedby=\"caption-attachment-680\" style=\"width: 181px\" class=\"wp-caption alignleft\"><a href=\"http:\/\/www.bellunopress.it\/wp-content\/uploads\/2009\/02\/leonardo-colle-lega1.jpg\"><img loading=\"lazy\" decoding=\"async\" class=\"size-full wp-image-680\" title=\"leonardo-colle-lega1\" src=\"http:\/\/www.bellunopress.it\/wp-content\/uploads\/2009\/02\/leonardo-colle-lega1.jpg\" alt=\"\" width=\"181\" height=\"256\" \/><\/a><figcaption id=\"caption-attachment-680\" class=\"wp-caption-text\">Leonardo Colle<\/figcaption><\/figure>\n<p>Caro assessore Passuello, dopo il bavaglio musicale ci mancava solo quello culturale. Chi non \u00e8 gradito al Politburo\u2019 non pu\u00f2 lavorare a Belluno, alla faccia dello sbandierato pluralismo. Quindi il TiB deve essere ostracizzato ed ostacolato fino ad implodere economicamente ed operativamente. Mi ricordo di una fiaba nordica: narra di un vecchio re e di una regina capricciosa, che un giorno vide un bellissimo cervo abbeverarsi alla fonte del parco del castello. Aveva un palco di corna mai visto prima: la regina pretese dal vecchio sovrano che il cervo venisse abbattuto per esporre l\u2019imponente trofeo nella sala degli stemmi. Il re a malincuore ordin\u00f2 al capitano dei cacciatori di esaudire il desiderio della regina. Ma quando il cacciatore trov\u00f2 il cervo, estasiato dalla sua bellezza, non ebbe la forza di scoccare la freccia. La regina, saputo cosa era successo, ottenne dal re che il capitano venisse messo a morte, affinch\u00e8 ci\u00f2 fosse di esempio per gli altri cacciatori. Bene, questa fiaba pare potersi trasferire tra i monti pallidi. L\u2019unica colpa dell\u2019ex presidente della Fondazione Teatri, il dottor Romanelli (di nomina PdL), \u00e8 quella di essersi trovato armato di tutto punto di fronte al TiB e di non averlo trasformato in un trofeo. Nemmeno il pi\u00f9 insensibile dei bracconieri avrebbe saputo tirare gi\u00f9 quello splendido cervo. Segu\u00ec poi l\u2019aggravante di aver anzi valorizzato il TiB come elemento basilare nel panorama culturale bellunese. In politica esiste una regola, teorizzata anche da un importante uomo della stessa area di questa maggioranza: se nel tuo partito esiste l\u2019uomo giusto per ricoprire il posto giusto, lo devi prendere; ma se non ce l\u2019hai, devi prendere il meglio che trovi sul mercato, di qualunque colore egli sia. Lo si pu\u00f2 fare per convinzione intellettuale, e sarebbe meglio: ma, piuttosto che niente, va bene anche per puro cinismo e bieco calcolo politico. Sono stato spesso criticato per aver fatto ampio ricorso a questo metodo: ma la Bellunum e l\u2019Ufficio Ecologia del Comune, definiti un covo di comunisti, ci hanno portato ai vertici delle performance ambientali con eccezionali risultati tariffari; e la Santa Klaus Running, messa nella black list perch\u00e9 ideata dal comunista Renato Bortot, ha portato Belluno sul TG1 nazionale in prima serata, con le immaginabili ricadute turistiche. Ora tu, cara Passuello, hai ricevuto in eredit\u00e0 una citt\u00e0 nella quale la Fondazione Teatri era il motore di un\u2019attivit\u00e0 culturale imponente: ed un assessorato alla cultura che metteva in scena il teatro d\u2019avanguardia e di nicchia, capace di attrarre visitatori da fuori provincia e le televisioni nazionali (\u201cTeatro doc\u201d e \u201cFilo d\u2019Arianna\u201d): ed ancora il teatro per i nostri figli \u201cComincio dai tre\u201d. Da sei mesi ad oggi, da quando \u00e8 stata demolita l\u2019impalcatura, cosa hai fatto oltre a convincere 500 bellunesi a costituire un comitato per la salvaguardia del TiB? Oppure a rischiare di assegnare il premio San Martino sui gradini esterni del Comunale, che la Fondazione non era in condizioni di aprire senza il TiB? Vogliamo andare a vedere come sono stati distribuiti i fondi della cultura? Vogliamo ricordarci il costo della Mostra Brustolon per ciascun visitatore pagante e gli importanti finanziamenti di terzi che potevano invece meglio alimentare il tessuto culturale della citt\u00e0 salvando basilari iniziative? Concludo sul progetto della Residenza Teatrale, strumento importante, ormai noto a livello nazionale, a mezzo del quale sarebbe possibile realizzare a Belluno un piccolo, economico ed agile teatro stabile, senza sopportare i costi di quelle strutture. L\u2019idea, innovativa, avrebbe permesso di dare continuit\u00e0 economica al TiB (e quindi ai suoi oltre 50 lavoranti, che io rispetto sopra ogni cosa), al tempo stesso garantendo agli altri soggetti culturali della citt\u00e0 la fruizione di un teatro efficiente, nel rispetto del pi\u00f9 assoluto pluralismo. Ma tutto questo non s\u2019ha da fare, nel nome del bavaglio culturale. Ed allora va bene chiunque, anche un direttore chiamato da fuori, una segretaria da assumere, una sede da mantenere: l\u2019equivalente, oneri previdenziali compresi, di \u20ac 70.000, non si capisce per fare cosa, posto che la Fondazione non ha soldi per operare. Il tutto senza un bando di gara (ti ricordi come ti stracciavi le vesti qualche mese addietro quando si parlava di affidamento diretto?), e senza aver ancora affrontato il nodo dell\u2019apertura materiale del teatro (per fortuna che secondo te il TiB era caro oltremisura). E guardando avanti, altro brillante risultato, il rischio ormai concreto che la Fondazione Cariverona, il socio economico di riferimento, si defili a fronte di un teatro da ristrutturare. Complimenti.<\/p>\n<p>&nbsp;<\/p>\n<p>&nbsp;<\/p>\n<figure id=\"attachment_25958\" aria-describedby=\"caption-attachment-25958\" style=\"width: 280px\" class=\"wp-caption alignleft\"><a href=\"http:\/\/www.bellunopress.it\/wp-content\/uploads\/2011\/04\/teatro-comunale-280x198.jpg\"><img loading=\"lazy\" decoding=\"async\" class=\"size-full wp-image-25958\" title=\"teatro comunale 280x198\" src=\"http:\/\/www.bellunopress.it\/wp-content\/uploads\/2011\/04\/teatro-comunale-280x198.jpg\" alt=\"\" width=\"280\" height=\"198\" \/><\/a><figcaption id=\"caption-attachment-25958\" class=\"wp-caption-text\">Teatro Comunale di Belluno<\/figcaption><\/figure>\n<p>FONDAZIONE TEATRI DELLE DOLOMITI 2005 -2011<\/p>\n<p>SINTESI ATTIVITA\u2019 DIRETTE<\/p>\n<p>\u2022\u00a07 stagioni teatrali a Belluno \u2022\u00a02 stagioni di lirica e danza a Belluno \u2022\u00a04 stagioni di prosa e musica a Feltre \u2022\u00a03 stagioni per le scuole e le famiglie a Feltre \u2022\u00a01 Convegno Stati generali del Teatro a Feltre \u2022\u00a014 Conferenze Teatro Comunale di Belluno \u2022\u00a0Progetto Visioni d\u2019Autore-Cinema e Teatro: 3 conferenze \u00a0\u00a0\u00a0\u00a0\u00a0\u00a0\u00a0\u00a0\u00a0\u00a0\u00a0\u00a0\u00a0\u00a0\u00a0\u00a0\u00a0\u00a0\u00a0\u00a0\u00a0\u00a0\u00a0\u00a0\u00a0\u00a0\u00a0\u00a0\u00a0\u00a0\u00a0\u00a0\u00a0\u00a0\u00a0\u00a0\u00a0\u00a0\u00a0\u00a0\u00a0\u00a0\u00a0\u00a0\u00a0\u00a0\u00a0\u00a0\u00a0\u00a0\u00a0\u00a0\u00a0\u00a0\u00a0\u00a0\u00a0\u00a0\u00a0\u00a0\u00a0\u00a0\u00a0\u00a0\u00a0\u00a0\u00a0\u00a0\u00a0\u00a0\u00a0\u00a0\u00a0\u00a0\u00a0\u00a0\u00a0\u00a0\u00a0\u00a0\u00a0\u00a0\u00a0\u00a0\u00a0\u00a0\u00a0\u00a0\u00a0\u00a0 4 proiezioni \u2022\u00a0Progetti Didattici per i Giovani-Itinerari nella Storia del Teatro: realizzazione 2 Progetti Under 24, \u00a0\u00a0\u00a0\u00a0\u00a0\u00a0\u00a0\u00a0\u00a0\u00a0\u00a0\u00a0\u00a0\u00a0\u00a0\u00a0\u00a0\u00a0\u00a0\u00a0\u00a0\u00a0\u00a0\u00a0\u00a0\u00a0\u00a0\u00a0\u00a0 1 Progetto Scuole Superiori \u00a0\u00a0\u00a0\u00a0\u00a0\u00a0\u00a0\u00a0\u00a0\u00a0\u00a0\u00a0\u00a0\u00a0\u00a0\u00a0\u00a0\u00a0\u00a0\u00a0\u00a0\u00a0\u00a0\u00a0\u00a0\u00a0\u00a0\u00a0\u00a0 1 Progetto Gozzi- Goldoni \u00a0\u00a0\u00a0\u00a0\u00a0\u00a0\u00a0\u00a0\u00a0\u00a0\u00a0\u00a0\u00a0\u00a0\u00a0\u00a0\u00a0\u00a0\u00a0\u00a0\u00a0\u00a0\u00a0\u00a0\u00a0\u00a0\u00a0\u00a0\u00a0 1 Concorso e Premazione giovane critica teatrale \u2022\u00a0Progetto Restauro delle Decorazioni originali del Teatro \u2022\u00a0Edizione del periodico Viceversa \u2022\u00a0Incontri con l\u2019Autore \u2013 presentazioni libri tra cui il recente vicintore del Premio Campiello Non tutti i bastardi sono di Vienna di Andrea Molesini \u2022\u00a0Concorso Fotografico per i Giovani e Premazione \u2022\u00a0Produzione del dramma giocoso di Antonio Miari \u00a0\u00a0\u00a0\u00a0 La Stanza Segreta progetto di Paolo Da Col<\/p>\n<p>SINTESI ATTIVITA\u2019 IN CONVENZIONE E COLLABORAZIONI PROVINCIALI E REGIONALI<\/p>\n<p>\u2022\u00a0CIRCOLO CULTURA E STAMPA \u00a0\u00a0\u00a0 \u2022\u00a0CIRCOLO CULTURALE BELLUNESE<\/p>\n<p>\u2022\u00a0TIB TEATRO<\/p>\n<p>\u2022\u00a0SCUOLE IN RETE<\/p>\n<p>\u2022\u00a0SCHOLA CANTORUM SANTA GIUSTINA<\/p>\n<p>\u2022\u00a0ASSOCIAZIONE NOVA CANTICA<\/p>\n<p>\u2022\u00a0ASSOCIAZIONE MIARI<\/p>\n<p>\u2022\u00a0UNISONO DI FELTRE<\/p>\n<p>\u2022\u00a010 ASSOCIAZIONI CULTURALI FELTRINE<\/p>\n<p>\u2022\u00a0ARTEVEN CIRCUITO REGIONALE<\/p>\n<p>\u2022\u00a0TEATRO STABILE DEL VENETO<\/p>\n<p>\u2022\u00a0ASOLO MUSICA e TEATRI S.P.A. TREVISO<\/p>\n<p>\u2022\u00a0MUSEO CIVICO DI BELLUNO<\/p>\n<p>\u2022\u00a0ISTITUTI SCOLASTICI E PROVVEDITORATO AGLI STUDI<\/p>\n<p>&nbsp;<\/p>\n<p>LA PROGETTUALITA\u2019 DELLA FONDAZIONE SI ARTICOLA SECONDO PIU\u2019 RAMI DI ATTIVITA\u2019<\/p>\n<p>\u2022\u00a0GENERALE \u2022\u00a0DIRETTA \u2022\u00a0IN CONVENZIONE \u2022\u00a0VERSO TERZI<\/p>\n<p>FONDAZIONE TEATRI DELLE DOLOMITI ATTIVITA\u2019 GENERALE<\/p>\n<p>L\u2019attivit\u00e0 generale della Fondazione si compone della sua progettualit\u00e0 artistica e di tutti gli atti amministrativi e istituzionali specifici, ad essa connessi, tra i quali \u2013 Stesura dei Bilanci di Previsione e dei Bilanci Consuntivi, Rapporti con i Consulenti (Commercialisti, Consulenti Legali, Fiscali e per la Sicurezza), Rapporti con le Banche, Rapporti con i Soci Fondatori &#8211; Convocazioni degli Organi di Gestione e di Indirizzo &#8211; Stipula dei contratti, Produzione di Progetti per Finanziamenti. Atti, questi, che richiedono l\u2019impiego di specifiche competenze professionali. La Fondazione si occupa inoltre del Coordinamento artistico amministrativo organizzativo e tecnico della sua attivit\u00e0 diretta e del Coordinamento artistico amministrativo organizzativo e tecnico delle attivit\u00e0 in convenzione e verso terzi.<\/p>\n<p>LA FONDAZIONE TEATRI DELLE DOLOMITI CURA LA GESTIONE, L\u2019AMMINISTRAZIONE E LA MANUTENZIONE ORDINARIA DEL TEATRO COMUNALE DI BELLUNO, E LE MODALITA\u2019 D\u2019ACCESSO AL TEATRO DI TUTTI I SOGGETTI CHE NE FACCIANO RICHIESTA, NEL RISPETTO DELLA NORMATIVA VIGENTE, SIA IN MATERIA DI SICUREZZA CHE DI IMPIEGO DI PERSONALE SPECIALIZZATO E CERTIFICATO\u00a0 PER UNA MEDIA DI 200 GIORNATE L\u2019ANNO D\u2019APERTURA.<\/p>\n<p>FONDAZIONE TEATRI DELLE DOLOMITI ATTIVITA\u2019 DIRETTE REALIZZATE DAL 2005 AL 2011<\/p>\n<p>STAGIONI TEATRALI A BELLUNO 2005\/2006 2006\/2007 2007\/2008 2008\/2009 2009\/2010 2010\/2011 2011\/2012<\/p>\n<p>STAGIONI DI LIRICA E DANZA A BELLUNO 2009\/2010 2010\/2011<\/p>\n<p>CREAZIONE DELLA NUOVA STAGIONE A FELTRE (Prosa-Concerti Classica) 2006 2007 2008 2009\u00a0 Stagione congiunta Fondazione Teatri Dolomiti e Circolo Cultura e Stampa<\/p>\n<p>CREAZIONE NUOVA STAGIONE PER LE SCUOLE E LE FAMIGLIE A FELTRE 2006 2007 2008<\/p>\n<p>CONVEGNO STATI GENERALI DEL TEATRO A FELTRE \u2022\u00a0Per una drammaturgia comunitaria\u00a0 -Sisto Dalla Palma \u2013 Presidente CRT di Milano \u2022\u00a0La vocazione dei teatri -Daniela Nicosia \u2013 Direttore artistico Fondazione Teatri delle Dolomiti\u00a0\u00a0\u00a0\u00a0\u00a0\u00a0\u00a0 \u2022\u00a0Teatro e Comunit\u00e0, dono e controdono\u00a0-Luciano Nattino \u2013 Presidente ANCRIT \u2013 AGIS \u2022\u00a0La costruzione del teatro attraverso il pubblico &#8211; Clive Britton-Direttore artistico Norbert Foundation Londra e Asolo \/Fondazione Camerata Asolo\u00a0\u00a0\u00a0\u00a0\u00a0 \u2022\u00a0Qualit\u00e0 gestionale e progetto artistico: crescita o consenso? Franco d\u2019Ippolito Direttore organizzativo Teatro Metastasio Stabile della Toscana \u2022\u00a0Relazioni dei Responsabili delle Sovraintendenze ai Beni Artistici Culturali e Architettonici<\/p>\n<p>CONFERENZE \u2022\u00a0Teatro antico e scena moderna\u00a0Caterina Barone \u00a0Docente di drammaturgia antica \u2013 Universit\u00e0 di Padova \u00a0Vicepresidente Fondazione Teatri delle Dolomiti<\/p>\n<p>\u2022\u00a0Il principio di regia e le avanguardie storiche \u00a0Daniela Nicosia \u00a0Dott.ssa in Disciplina Arti Musica e Spettacolo \u00a0Regista \u2013 Direttore artistico Fondazione Teatri delle Dolomiti<\/p>\n<p>\u2022\u00a0Il mestiere dell\u2019attore\u00a0Arnoldo Fo\u00e0 \u00a0Attore<\/p>\n<p>\u2022\u00a0La rivoluzione teatrale degli anni \u201970\u00a0Elio de Capitani \u00a0Regista<\/p>\n<p>\u2022\u00a0La regia tra segno e visione\u00a0Luca de Fusco \u00a0Regista \u2013 Direttore artistico Teatro Stabile del Veneto<\/p>\n<p>\u2022\u00a0Il teatro civile\u00a0Ottavia Piccolo \u00a0Attrice<\/p>\n<p>\u2022\u00a0Onest\u00e0 un concetto obsoleto per la contemporaneit\u00e0?\u00a0Leo Gullotta \u00a0Attore<\/p>\n<p>\u2022\u00a0Bertolt Brecht e l\u2019espressionismo\u00a0Daniela Nicosia<\/p>\n<p>\u2022\u00a0Goldoni \u2013 Gozzi e la Venezia del \u2018700\u00a0Vania Bortot \u00a0Attrice di Tib Teatro \u00a0Dott.ssa in Disciplina Arti Musica e Spettacolo<\/p>\n<p>\u2022\u00a0Narcisismo e valori del presente\u00a0Pamela Villoresi \u00a0Attrice<\/p>\n<p>\u2022\u00a0Il teatro all\u2019epoca dei lumi\u00a0Daniela Nicosia<\/p>\n<p>\u2022\u00a0Il Candido di Voltaire\u00a0Ottavia Piccolo<\/p>\n<p>\u2022\u00a0Pirandello e il suo doppio\u00a0Daniela Nicosia<\/p>\n<p>\u2022\u00a0Il teatro comico\u00a0Daniela Nicosia<\/p>\n<p>PROGETTO VISIONI D\u2019AUTORE \u2013 CINEMA E TEATRO-<\/p>\n<p>CONFERENZE<\/p>\n<p>Pirandello va al cinema\u00a0Innocenzo Grimaldi \u00a0Professore di Storia e Filosofia &#8211; Studioso di Cinema Marlene Dietrich: tra mito e decadenza\u00a0Innocenzo Grimaldi<\/p>\n<p>Straordinari uomini qualunque\u00a0Innocenzo Grimaldi<\/p>\n<p>PROIEZIONI \u2022\u00a0Questa \u00e8 la vita \u00a0Giorgio Pastina \u2013 Mario Soldati \u2013 Luigi Zampa \u2013 Aldo Fabrizi<\/p>\n<p>\u2022\u00a0Kaos\u00a0Paolo e Vittorio Taviani<\/p>\n<p>\u2022\u00a0L\u2019angelo azzurro\u00a0Joseph Von Sternberg<\/p>\n<p>\u2022\u00a0La folla\u00a0King Vidor<\/p>\n<p>PROGETTI DIDATTICI PER I GIOVANI ITINERARI NELLA STORIA DEL TEATRO<\/p>\n<p>\u2022\u00a0Progetto Under 24 &#8211; 2006 Itinerario da Aristofane ai contemporanei \u2013 5 spettacoli prosa e 1 spettacolo contemporaneo<\/p>\n<p>\u2022\u00a0Progetto under 24 &#8211; 2007 Itinerario storico dal \u2018500 ai contemporanei \u2013 5 spettacoli prosa e 1 spettacolo contemporaneo<\/p>\n<p>\u2022\u00a0Progetto Scuole Superiori\u00a0 2006-2007 Lo spettro sulla scena tragica da Eschilo a Shakespeare e Percorso nella tragedia \u2013 conferenza spettacolo \u2013 approfondimento con l\u2019autrice Caterina Barone<\/p>\n<p>\u2022\u00a0Progetto Gozzi \u2013 Goldoni 2006-2007 Il pensiero teatrale veneziano del \u2018700\u00a0 Intervento didattico di Luca De Fusco Direttore del Teatro Stabile del Veneto Visione degli spettacoli: La donna serpente di Carlo Gozzi La trilogia della villeggiatura di Carlo Goldoni<\/p>\n<p>\u2022\u00a0Concorso per la redazione di un elaborato critico da parte delle classi partecipanti al progetto Gozzi-Goldoni-Premiazione Classe II B Liceo Tiziano<\/p>\n<p>CAMPAGNA DI ADOZIONE PER IL PROGETTO DI RESTAURO DELLE DECORAZIONI ORIGINALI DI FRANCESCO BAGNARA, DEI PALCHETTI DEL TEATRO COMUNALE<\/p>\n<p>EDIZIONE DEL PERIODICO VICEVERSA<\/p>\n<p>INCONTRI CON L\u2019AUTORE \u2013 presentazione in sedi istituzionali di libri &#8211; ( tra i quali il recente Non tutti i bastardi sono di Vienna di Andrea Molesini vincitore del Premio Campiello)<\/p>\n<p>CONCORSO FOTOGRAFICO PER I GIOVANI CONNESSO AL PIAVE E PREMAZIONE<\/p>\n<p>PRODUZIONE DELLA PRIMA ESECUZIONE MODERNA DEL DRAMMA GIOCOSO DI ANTONIO MIARI: LA STANZA TERRENA PROGETTO DEL MUSICOLOGO BELLUNESE PAOLO DA COL<\/p>\n<p>&nbsp;<\/p>\n<p>&nbsp;<\/p>\n<p>&nbsp;<\/p>\n<p>&nbsp;<\/p>\n<p>ATTIVITA\u2019 IN CONVENZIONE CON SOGGETTI CULTURALI TERRITORIALI E COLLABORAZIONI PROVINCIALI E REGIONALI<\/p>\n<p>CIRCOLO CULTURA E STAMPA<\/p>\n<p>Stagioni di Teatro in Lingua 2007\/2008 2008\/2009 2009\/2010 2010\/2011<\/p>\n<p>Stagioni di Prosa a Feltre 2009\/2010 2010\/2011<\/p>\n<p>Collaborazioni presso il Teatro Comunale di Belluno Allestimento, prove e debutto spettacolo \u201cI sette piani\u201d di Fondazione Atlantide 2006 Allestimento, prove e debutto spettacolo \u201cOtello\u201d 2007<\/p>\n<p>CIRCOLO CULTURALE BELLUNESE<\/p>\n<p>Stagioni di Classica- Concerti 2005\/2006 2006\/2007 2007\/2008 2008\/2009 2009\/2010 2010\/2011<\/p>\n<p>TIB TEATRO<\/p>\n<p>Progetto provinciale di programmazione e formazione teatrale per i giovani 2009\/2010 2010\/2011<\/p>\n<p>Collaborazione per Filo d\u2019Arianna Festival 2006-2008 Per la realizzazione di 15 spettacoli di danza,7 concerti jazz, 18 conferenze di docenti universitari con relative proiezione, 60 spettacoli teatrali. 7 mostre di arti visive e installazioni urbane di artisti europei<\/p>\n<p>Collaborazione progetto didattico per la Giornata della Memoria Conferenze di Don Lorenzo dell\u2019Andrea e Paolo Navarro Dina &#8211; Le radici remote del sionismo e dell\u2019antisionismo-<\/p>\n<p>Collaborazione progetto didattico prevenzione droghe illegali realizzato in collaborazione con il Dipartimento delle dipendenze della USLL 1 e la Questura di Belluno Conferenze di Dott. Carisdeo \u2013 Questura di Belluno (Norme e procedimenti)-Dott. Paolo Bello \u2013 USLL n. 1 \u2013 Servizio SERT(Prevenzione e interventi terapeutici) Dott.ssa Daniela Nicosia (Il teatro e i temi della societ\u00e0 civile)Dott. Filippo Arcelloni(Il teatro quale strumento di prevenzione) \u00a0 Collaborazione per l\u2019istituzione\u00a0 della Scuola di Teatro del Comunale di Belluno<\/p>\n<p>SCUOLE IN RETE<\/p>\n<p>Progetto 2009-2010 2010-2011<\/p>\n<p>SCHOLA CANTORUM SANTA GIUSTINA<\/p>\n<p>Lirica a diffusione provinciale 2009-2010<\/p>\n<p>ASSOCIAZIONE NOVA CANTICA<\/p>\n<p>Progetto di formazione musicale per i giovani 2009-2010<\/p>\n<p>&nbsp;<\/p>\n<p>ASSOCIAZIONE MIARI<\/p>\n<p>Concerti di lirica 2009-2010<\/p>\n<p>UNISONO DI FELTRE<\/p>\n<p>Festival Jazz 2010-2011<\/p>\n<p>ASSOCIAZIONI CULTURALI FELTRINE<\/p>\n<p>Produzione progetto di teatro, musica arti visive Enigmatiche visioni realizzato da 5 Associazioni per la Stagione Feltrina\u00a0 2007<\/p>\n<p>Progetto di musica, arti visive, teatro, danza Laudato sii realizzato da 10 Associazioni per la Stagione Feltrina 2008<\/p>\n<p>ARTEVEN CIRCUITO REGIONALE<\/p>\n<p>Stagioni di Danza 2006\/2007 2007\/2008 2008\/2009 2009\/2010 2010\/2011<\/p>\n<p>Progetto di Teatro Veneto &#8211; spettacolo \u201cQuando al paese mezzogiorno sona\u201d<\/p>\n<p>Progetto di Teatro Veneto &#8211; spettacolo \u201c La base de tuto\u201d<\/p>\n<p>Ospitalit\u00e0 Progetto Vincitore Premio Off-Teatro Stabile del Veneto<\/p>\n<p>TEATRO STABILE DEL VENETO<\/p>\n<p>Riallestimento dello spettacolo \u201cLa trilogia della villeggiatura\u201d<\/p>\n<p>Riallestimento dello spettacolo \u201cIl mercante di Venezia\u201d<\/p>\n<p>ASOLO MUSICA e TEATRI S.P.A. TREVISO<\/p>\n<p>Lirica<\/p>\n<p>MUSEO CIVICO DI BELLUNO<\/p>\n<p>Presentazione e avvio progetto restauro decorazioni dei palchetti di Bagnara, realizzato con il contributo di TIB TEATRO \u2013 SOROPTIMIST- INNER WHEEL<\/p>\n<p>ISTITUTI SCOLASTICI E PROVVEDITORATO AGLI STUDI<\/p>\n<p>Progetto Lettura Pensata Progetto sulla Legalit\u00e0 Progetto Giornata della Musica -Liceo Galilei-Tiziano Progetto I Prigionieri di Gea \u2013 messinscena dopo 50 anni dell\u2019opera di Prosdomici su libretto di Pierina Boranga \u2013 realizzato da Scuole Gabelli e Scuola Comunale di Musica Miari<\/p>\n<p>ATTIVITA\u2019 VERSO TERZI<\/p>\n<p>Gestione e coordinamento artistico, amministrativo, organizzativo e tecnico delle modalit\u00e0 di accesso al Teatro Comunale di tutti i differenti soggetti che ne richiedono l\u2019utilizzo per una media di 200 giornate di apertura l\u2019anno, con predisposizione del Teatro e del personale tecnico e di accoglienza necessario ai soggetti stessi, alle compagnie, all\u2019accesso del pubblico e alla realizzazione dei singoli eventi (presentazioni mostre, celebrazioni ecc\u2026) nel rispetto della normativa vigente.<\/p>\n<p>&nbsp;<\/p>\n<p>&nbsp;<\/p>","protected":false},"excerpt":{"rendered":"<p>Il vicesindaco di Belluno Leonardo Colle (Lega Nord) risponde a Maria Grazia Passuello (Pdl), l&#8217;assessore alla Cultura che per due volte ha dato le dimissioni dal suo incarico, salvo poi ritirarle e rimanere saldamente ancorata alla poltrona. Caro assessore Passuello, dopo il bavaglio musicale ci mancava solo quello culturale. Chi non \u00e8 gradito al Politburo\u2019 [&hellip;]<\/p>\n","protected":false},"author":2,"featured_media":0,"comment_status":"closed","ping_status":"open","sticky":false,"template":"","format":"standard","meta":{"footnotes":""},"categories":[3,5],"tags":[],"class_list":["post-33463","post","type-post","status-publish","format-standard","category-arte-cultura-spettacoli-scienza-archivi","category-cronaca"],"yoast_head":"<!-- This site is optimized with the Yoast SEO plugin v28.4 - https:\/\/yoast.com\/product\/yoast-seo-wordpress\/ -->\n<title>No al bavaglio culturale dopo quello musicale     * intervento del vicesindaco di Belluno Leonardo Colle - Bellunopress - Dolomiti<\/title>\n<meta name=\"robots\" content=\"index, follow, max-snippet:-1, max-image-preview:large, max-video-preview:-1\" \/>\n<link rel=\"canonical\" href=\"https:\/\/www.bellunopress.it\/fr\/2011\/12\/18\/no-al-bavaglio-culturale-dopo-quello-musicale-intervento-del-vicesindaco-di-belluno-leonardo-colle\/\" \/>\n<meta property=\"og:locale\" content=\"fr_FR\" \/>\n<meta property=\"og:type\" content=\"article\" \/>\n<meta property=\"og:title\" content=\"No al bavaglio culturale dopo quello musicale     * intervento del vicesindaco di Belluno Leonardo Colle - Bellunopress - Dolomiti\" \/>\n<meta property=\"og:description\" content=\"Il vicesindaco di Belluno Leonardo Colle (Lega Nord) risponde a Maria Grazia Passuello (Pdl), l&#8217;assessore alla Cultura che per due volte ha dato le dimissioni dal suo incarico, salvo poi ritirarle e rimanere saldamente ancorata alla poltrona. Caro assessore Passuello, dopo il bavaglio musicale ci mancava solo quello culturale. Chi non \u00e8 gradito al Politburo\u2019 [&hellip;]\" \/>\n<meta property=\"og:url\" content=\"https:\/\/www.bellunopress.it\/fr\/2011\/12\/18\/no-al-bavaglio-culturale-dopo-quello-musicale-intervento-del-vicesindaco-di-belluno-leonardo-colle\/\" \/>\n<meta property=\"og:site_name\" content=\"Bellunopress - Dolomiti\" \/>\n<meta property=\"article:publisher\" content=\"https:\/\/www.facebook.com\/profile.php?id=100008943462799\" \/>\n<meta property=\"article:published_time\" content=\"2011-12-18T21:04:48+00:00\" \/>\n<meta property=\"article:modified_time\" content=\"2011-12-18T23:15:44+00:00\" \/>\n<meta property=\"og:image\" content=\"http:\/\/www.bellunopress.it\/wp-content\/uploads\/2009\/02\/leonardo-colle-lega1.jpg\" \/>\n<meta name=\"author\" content=\"redazione\" \/>\n<meta name=\"twitter:card\" content=\"summary_large_image\" \/>\n<meta name=\"twitter:creator\" content=\"@bellunopress\" \/>\n<meta name=\"twitter:site\" content=\"@bellunopress\" \/>\n<meta name=\"twitter:label1\" content=\"Written by\" \/>\n\t<meta name=\"twitter:data1\" content=\"redazione\" \/>\n\t<meta name=\"twitter:label2\" content=\"Est. reading time\" \/>\n\t<meta name=\"twitter:data2\" content=\"11 minutes\" \/>\n<script type=\"application\/ld+json\" class=\"yoast-schema-graph\">{\"@context\":\"https:\\\/\\\/schema.org\",\"@graph\":[{\"@type\":\"Article\",\"@id\":\"https:\\\/\\\/www.bellunopress.it\\\/2011\\\/12\\\/18\\\/no-al-bavaglio-culturale-dopo-quello-musicale-intervento-del-vicesindaco-di-belluno-leonardo-colle\\\/#article\",\"isPartOf\":{\"@id\":\"https:\\\/\\\/www.bellunopress.it\\\/2011\\\/12\\\/18\\\/no-al-bavaglio-culturale-dopo-quello-musicale-intervento-del-vicesindaco-di-belluno-leonardo-colle\\\/\"},\"author\":{\"name\":\"redazione\",\"@id\":\"https:\\\/\\\/www.bellunopress.it\\\/#\\\/schema\\\/person\\\/79bb06722b37ece1c03d3e94beb30d73\"},\"headline\":\"No al bavaglio culturale dopo quello musicale * intervento del vicesindaco di Belluno Leonardo Colle\",\"datePublished\":\"2011-12-18T21:04:48+00:00\",\"dateModified\":\"2011-12-18T23:15:44+00:00\",\"mainEntityOfPage\":{\"@id\":\"https:\\\/\\\/www.bellunopress.it\\\/2011\\\/12\\\/18\\\/no-al-bavaglio-culturale-dopo-quello-musicale-intervento-del-vicesindaco-di-belluno-leonardo-colle\\\/\"},\"wordCount\":2267,\"publisher\":{\"@id\":\"https:\\\/\\\/www.bellunopress.it\\\/#organization\"},\"image\":{\"@id\":\"https:\\\/\\\/www.bellunopress.it\\\/2011\\\/12\\\/18\\\/no-al-bavaglio-culturale-dopo-quello-musicale-intervento-del-vicesindaco-di-belluno-leonardo-colle\\\/#primaryimage\"},\"thumbnailUrl\":\"http:\\\/\\\/www.bellunopress.it\\\/wp-content\\\/uploads\\\/2009\\\/02\\\/leonardo-colle-lega1.jpg\",\"articleSection\":[\"Arte, Cultura, Spettacoli, Scienza\",\"Cronaca\\\/Politica\"],\"inLanguage\":\"fr-FR\"},{\"@type\":\"WebPage\",\"@id\":\"https:\\\/\\\/www.bellunopress.it\\\/2011\\\/12\\\/18\\\/no-al-bavaglio-culturale-dopo-quello-musicale-intervento-del-vicesindaco-di-belluno-leonardo-colle\\\/\",\"url\":\"https:\\\/\\\/www.bellunopress.it\\\/2011\\\/12\\\/18\\\/no-al-bavaglio-culturale-dopo-quello-musicale-intervento-del-vicesindaco-di-belluno-leonardo-colle\\\/\",\"name\":\"No al bavaglio culturale dopo quello musicale * intervento del vicesindaco di Belluno Leonardo Colle - Bellunopress - Dolomiti\",\"isPartOf\":{\"@id\":\"https:\\\/\\\/www.bellunopress.it\\\/#website\"},\"primaryImageOfPage\":{\"@id\":\"https:\\\/\\\/www.bellunopress.it\\\/2011\\\/12\\\/18\\\/no-al-bavaglio-culturale-dopo-quello-musicale-intervento-del-vicesindaco-di-belluno-leonardo-colle\\\/#primaryimage\"},\"image\":{\"@id\":\"https:\\\/\\\/www.bellunopress.it\\\/2011\\\/12\\\/18\\\/no-al-bavaglio-culturale-dopo-quello-musicale-intervento-del-vicesindaco-di-belluno-leonardo-colle\\\/#primaryimage\"},\"thumbnailUrl\":\"http:\\\/\\\/www.bellunopress.it\\\/wp-content\\\/uploads\\\/2009\\\/02\\\/leonardo-colle-lega1.jpg\",\"datePublished\":\"2011-12-18T21:04:48+00:00\",\"dateModified\":\"2011-12-18T23:15:44+00:00\",\"breadcrumb\":{\"@id\":\"https:\\\/\\\/www.bellunopress.it\\\/2011\\\/12\\\/18\\\/no-al-bavaglio-culturale-dopo-quello-musicale-intervento-del-vicesindaco-di-belluno-leonardo-colle\\\/#breadcrumb\"},\"inLanguage\":\"fr-FR\",\"potentialAction\":[{\"@type\":\"ReadAction\",\"target\":[\"https:\\\/\\\/www.bellunopress.it\\\/2011\\\/12\\\/18\\\/no-al-bavaglio-culturale-dopo-quello-musicale-intervento-del-vicesindaco-di-belluno-leonardo-colle\\\/\"]}]},{\"@type\":\"ImageObject\",\"inLanguage\":\"fr-FR\",\"@id\":\"https:\\\/\\\/www.bellunopress.it\\\/2011\\\/12\\\/18\\\/no-al-bavaglio-culturale-dopo-quello-musicale-intervento-del-vicesindaco-di-belluno-leonardo-colle\\\/#primaryimage\",\"url\":\"http:\\\/\\\/www.bellunopress.it\\\/wp-content\\\/uploads\\\/2009\\\/02\\\/leonardo-colle-lega1.jpg\",\"contentUrl\":\"http:\\\/\\\/www.bellunopress.it\\\/wp-content\\\/uploads\\\/2009\\\/02\\\/leonardo-colle-lega1.jpg\"},{\"@type\":\"BreadcrumbList\",\"@id\":\"https:\\\/\\\/www.bellunopress.it\\\/2011\\\/12\\\/18\\\/no-al-bavaglio-culturale-dopo-quello-musicale-intervento-del-vicesindaco-di-belluno-leonardo-colle\\\/#breadcrumb\",\"itemListElement\":[{\"@type\":\"ListItem\",\"position\":1,\"name\":\"Home\",\"item\":\"https:\\\/\\\/www.bellunopress.it\\\/\"},{\"@type\":\"ListItem\",\"position\":2,\"name\":\"No al bavaglio culturale dopo quello musicale * intervento del vicesindaco di Belluno Leonardo Colle\"}]},{\"@type\":\"WebSite\",\"@id\":\"https:\\\/\\\/www.bellunopress.it\\\/#website\",\"url\":\"https:\\\/\\\/www.bellunopress.it\\\/\",\"name\":\"Bellunopress - Dolomiti\",\"description\":\"e-mail: redazione@bellunopress.it\",\"publisher\":{\"@id\":\"https:\\\/\\\/www.bellunopress.it\\\/#organization\"},\"potentialAction\":[{\"@type\":\"SearchAction\",\"target\":{\"@type\":\"EntryPoint\",\"urlTemplate\":\"https:\\\/\\\/www.bellunopress.it\\\/?s={search_term_string}\"},\"query-input\":{\"@type\":\"PropertyValueSpecification\",\"valueRequired\":true,\"valueName\":\"search_term_string\"}}],\"inLanguage\":\"fr-FR\"},{\"@type\":\"Organization\",\"@id\":\"https:\\\/\\\/www.bellunopress.it\\\/#organization\",\"name\":\"Bellunopress\",\"url\":\"https:\\\/\\\/www.bellunopress.it\\\/\",\"logo\":{\"@type\":\"ImageObject\",\"inLanguage\":\"fr-FR\",\"@id\":\"https:\\\/\\\/www.bellunopress.it\\\/#\\\/schema\\\/logo\\\/image\\\/\",\"url\":\"https:\\\/\\\/www.bellunopress.it\\\/wp-content\\\/uploads\\\/2011\\\/05\\\/cropped-logo-bellunopress-.jpg\",\"contentUrl\":\"https:\\\/\\\/www.bellunopress.it\\\/wp-content\\\/uploads\\\/2011\\\/05\\\/cropped-logo-bellunopress-.jpg\",\"width\":512,\"height\":512,\"caption\":\"Bellunopress\"},\"image\":{\"@id\":\"https:\\\/\\\/www.bellunopress.it\\\/#\\\/schema\\\/logo\\\/image\\\/\"},\"sameAs\":[\"https:\\\/\\\/www.facebook.com\\\/profile.php?id=100008943462799\",\"https:\\\/\\\/x.com\\\/bellunopress\",\"https:\\\/\\\/www.linkedin.com\\\/hp\\\/?dnr=JBzUWaJfMUw8vbXJJ2tVW5-I3jZKvC4wsoxE&amp;amp;amp;amp;amp;amp;trk=nav_responsive_tab_home\",\"https:\\\/\\\/www.youtube.com\\\/channel\\\/UCxL0wu1uN0_3_7hGG0306cw\"]},{\"@type\":\"Person\",\"@id\":\"https:\\\/\\\/www.bellunopress.it\\\/#\\\/schema\\\/person\\\/79bb06722b37ece1c03d3e94beb30d73\",\"name\":\"redazione\",\"image\":{\"@type\":\"ImageObject\",\"inLanguage\":\"fr-FR\",\"@id\":\"https:\\\/\\\/secure.gravatar.com\\\/avatar\\\/37d968a2e67a6fd04c169c4bdef102d0bc5d31b2546345219e348575eb80e9a0?s=96&d=mm&r=g\",\"url\":\"https:\\\/\\\/secure.gravatar.com\\\/avatar\\\/37d968a2e67a6fd04c169c4bdef102d0bc5d31b2546345219e348575eb80e9a0?s=96&d=mm&r=g\",\"contentUrl\":\"https:\\\/\\\/secure.gravatar.com\\\/avatar\\\/37d968a2e67a6fd04c169c4bdef102d0bc5d31b2546345219e348575eb80e9a0?s=96&d=mm&r=g\",\"caption\":\"redazione\"},\"sameAs\":[\"http:\\\/\\\/www.bellunopress.it\",\"https:\\\/\\\/x.com\\\/bellunopress\"],\"url\":\"https:\\\/\\\/www.bellunopress.it\\\/fr\\\/author\\\/redazione\\\/\"}]}<\/script>\n<!-- \/ Yoast SEO plugin. -->","yoast_head_json":{"title":"No al bavaglio culturale dopo quello musicale     * intervento del vicesindaco di Belluno Leonardo Colle - Bellunopress - Dolomiti","robots":{"index":"index","follow":"follow","max-snippet":"max-snippet:-1","max-image-preview":"max-image-preview:large","max-video-preview":"max-video-preview:-1"},"canonical":"https:\/\/www.bellunopress.it\/fr\/2011\/12\/18\/no-al-bavaglio-culturale-dopo-quello-musicale-intervento-del-vicesindaco-di-belluno-leonardo-colle\/","og_locale":"fr_FR","og_type":"article","og_title":"No al bavaglio culturale dopo quello musicale     * intervento del vicesindaco di Belluno Leonardo Colle - Bellunopress - Dolomiti","og_description":"Il vicesindaco di Belluno Leonardo Colle (Lega Nord) risponde a Maria Grazia Passuello (Pdl), l&#8217;assessore alla Cultura che per due volte ha dato le dimissioni dal suo incarico, salvo poi ritirarle e rimanere saldamente ancorata alla poltrona. Caro assessore Passuello, dopo il bavaglio musicale ci mancava solo quello culturale. Chi non \u00e8 gradito al Politburo\u2019 [&hellip;]","og_url":"https:\/\/www.bellunopress.it\/fr\/2011\/12\/18\/no-al-bavaglio-culturale-dopo-quello-musicale-intervento-del-vicesindaco-di-belluno-leonardo-colle\/","og_site_name":"Bellunopress - Dolomiti","article_publisher":"https:\/\/www.facebook.com\/profile.php?id=100008943462799","article_published_time":"2011-12-18T21:04:48+00:00","article_modified_time":"2011-12-18T23:15:44+00:00","og_image":[{"url":"http:\/\/www.bellunopress.it\/wp-content\/uploads\/2009\/02\/leonardo-colle-lega1.jpg","type":"","width":"","height":""}],"author":"redazione","twitter_card":"summary_large_image","twitter_creator":"@bellunopress","twitter_site":"@bellunopress","twitter_misc":{"Written by":"redazione","Est. reading time":"11 minutes"},"schema":{"@context":"https:\/\/schema.org","@graph":[{"@type":"Article","@id":"https:\/\/www.bellunopress.it\/2011\/12\/18\/no-al-bavaglio-culturale-dopo-quello-musicale-intervento-del-vicesindaco-di-belluno-leonardo-colle\/#article","isPartOf":{"@id":"https:\/\/www.bellunopress.it\/2011\/12\/18\/no-al-bavaglio-culturale-dopo-quello-musicale-intervento-del-vicesindaco-di-belluno-leonardo-colle\/"},"author":{"name":"redazione","@id":"https:\/\/www.bellunopress.it\/#\/schema\/person\/79bb06722b37ece1c03d3e94beb30d73"},"headline":"No al bavaglio culturale dopo quello musicale * intervento del vicesindaco di Belluno Leonardo Colle","datePublished":"2011-12-18T21:04:48+00:00","dateModified":"2011-12-18T23:15:44+00:00","mainEntityOfPage":{"@id":"https:\/\/www.bellunopress.it\/2011\/12\/18\/no-al-bavaglio-culturale-dopo-quello-musicale-intervento-del-vicesindaco-di-belluno-leonardo-colle\/"},"wordCount":2267,"publisher":{"@id":"https:\/\/www.bellunopress.it\/#organization"},"image":{"@id":"https:\/\/www.bellunopress.it\/2011\/12\/18\/no-al-bavaglio-culturale-dopo-quello-musicale-intervento-del-vicesindaco-di-belluno-leonardo-colle\/#primaryimage"},"thumbnailUrl":"http:\/\/www.bellunopress.it\/wp-content\/uploads\/2009\/02\/leonardo-colle-lega1.jpg","articleSection":["Arte, Cultura, Spettacoli, Scienza","Cronaca\/Politica"],"inLanguage":"fr-FR"},{"@type":"WebPage","@id":"https:\/\/www.bellunopress.it\/2011\/12\/18\/no-al-bavaglio-culturale-dopo-quello-musicale-intervento-del-vicesindaco-di-belluno-leonardo-colle\/","url":"https:\/\/www.bellunopress.it\/2011\/12\/18\/no-al-bavaglio-culturale-dopo-quello-musicale-intervento-del-vicesindaco-di-belluno-leonardo-colle\/","name":"No al bavaglio culturale dopo quello musicale * intervento del vicesindaco di Belluno Leonardo Colle - Bellunopress - Dolomiti","isPartOf":{"@id":"https:\/\/www.bellunopress.it\/#website"},"primaryImageOfPage":{"@id":"https:\/\/www.bellunopress.it\/2011\/12\/18\/no-al-bavaglio-culturale-dopo-quello-musicale-intervento-del-vicesindaco-di-belluno-leonardo-colle\/#primaryimage"},"image":{"@id":"https:\/\/www.bellunopress.it\/2011\/12\/18\/no-al-bavaglio-culturale-dopo-quello-musicale-intervento-del-vicesindaco-di-belluno-leonardo-colle\/#primaryimage"},"thumbnailUrl":"http:\/\/www.bellunopress.it\/wp-content\/uploads\/2009\/02\/leonardo-colle-lega1.jpg","datePublished":"2011-12-18T21:04:48+00:00","dateModified":"2011-12-18T23:15:44+00:00","breadcrumb":{"@id":"https:\/\/www.bellunopress.it\/2011\/12\/18\/no-al-bavaglio-culturale-dopo-quello-musicale-intervento-del-vicesindaco-di-belluno-leonardo-colle\/#breadcrumb"},"inLanguage":"fr-FR","potentialAction":[{"@type":"ReadAction","target":["https:\/\/www.bellunopress.it\/2011\/12\/18\/no-al-bavaglio-culturale-dopo-quello-musicale-intervento-del-vicesindaco-di-belluno-leonardo-colle\/"]}]},{"@type":"ImageObject","inLanguage":"fr-FR","@id":"https:\/\/www.bellunopress.it\/2011\/12\/18\/no-al-bavaglio-culturale-dopo-quello-musicale-intervento-del-vicesindaco-di-belluno-leonardo-colle\/#primaryimage","url":"http:\/\/www.bellunopress.it\/wp-content\/uploads\/2009\/02\/leonardo-colle-lega1.jpg","contentUrl":"http:\/\/www.bellunopress.it\/wp-content\/uploads\/2009\/02\/leonardo-colle-lega1.jpg"},{"@type":"BreadcrumbList","@id":"https:\/\/www.bellunopress.it\/2011\/12\/18\/no-al-bavaglio-culturale-dopo-quello-musicale-intervento-del-vicesindaco-di-belluno-leonardo-colle\/#breadcrumb","itemListElement":[{"@type":"ListItem","position":1,"name":"Home","item":"https:\/\/www.bellunopress.it\/"},{"@type":"ListItem","position":2,"name":"No al bavaglio culturale dopo quello musicale * intervento del vicesindaco di Belluno Leonardo Colle"}]},{"@type":"WebSite","@id":"https:\/\/www.bellunopress.it\/#website","url":"https:\/\/www.bellunopress.it\/","name":"Bellunopress - Dolomiti","description":"e-mail: redazione@bellunopress.it","publisher":{"@id":"https:\/\/www.bellunopress.it\/#organization"},"potentialAction":[{"@type":"SearchAction","target":{"@type":"EntryPoint","urlTemplate":"https:\/\/www.bellunopress.it\/?s={search_term_string}"},"query-input":{"@type":"PropertyValueSpecification","valueRequired":true,"valueName":"search_term_string"}}],"inLanguage":"fr-FR"},{"@type":"Organization","@id":"https:\/\/www.bellunopress.it\/#organization","name":"Bellunopress","url":"https:\/\/www.bellunopress.it\/","logo":{"@type":"ImageObject","inLanguage":"fr-FR","@id":"https:\/\/www.bellunopress.it\/#\/schema\/logo\/image\/","url":"https:\/\/www.bellunopress.it\/wp-content\/uploads\/2011\/05\/cropped-logo-bellunopress-.jpg","contentUrl":"https:\/\/www.bellunopress.it\/wp-content\/uploads\/2011\/05\/cropped-logo-bellunopress-.jpg","width":512,"height":512,"caption":"Bellunopress"},"image":{"@id":"https:\/\/www.bellunopress.it\/#\/schema\/logo\/image\/"},"sameAs":["https:\/\/www.facebook.com\/profile.php?id=100008943462799","https:\/\/x.com\/bellunopress","https:\/\/www.linkedin.com\/hp\/?dnr=JBzUWaJfMUw8vbXJJ2tVW5-I3jZKvC4wsoxE&amp;amp;amp;amp;amp;amp;trk=nav_responsive_tab_home","https:\/\/www.youtube.com\/channel\/UCxL0wu1uN0_3_7hGG0306cw"]},{"@type":"Person","@id":"https:\/\/www.bellunopress.it\/#\/schema\/person\/79bb06722b37ece1c03d3e94beb30d73","name":"r\u00e9daction","image":{"@type":"ImageObject","inLanguage":"fr-FR","@id":"https:\/\/secure.gravatar.com\/avatar\/37d968a2e67a6fd04c169c4bdef102d0bc5d31b2546345219e348575eb80e9a0?s=96&d=mm&r=g","url":"https:\/\/secure.gravatar.com\/avatar\/37d968a2e67a6fd04c169c4bdef102d0bc5d31b2546345219e348575eb80e9a0?s=96&d=mm&r=g","contentUrl":"https:\/\/secure.gravatar.com\/avatar\/37d968a2e67a6fd04c169c4bdef102d0bc5d31b2546345219e348575eb80e9a0?s=96&d=mm&r=g","caption":"redazione"},"sameAs":["http:\/\/www.bellunopress.it","https:\/\/x.com\/bellunopress"],"url":"https:\/\/www.bellunopress.it\/fr\/author\/redazione\/"}]}},"_links":{"self":[{"href":"https:\/\/www.bellunopress.it\/fr\/wp-json\/wp\/v2\/posts\/33463","targetHints":{"allow":["GET"]}}],"collection":[{"href":"https:\/\/www.bellunopress.it\/fr\/wp-json\/wp\/v2\/posts"}],"about":[{"href":"https:\/\/www.bellunopress.it\/fr\/wp-json\/wp\/v2\/types\/post"}],"author":[{"embeddable":true,"href":"https:\/\/www.bellunopress.it\/fr\/wp-json\/wp\/v2\/users\/2"}],"replies":[{"embeddable":true,"href":"https:\/\/www.bellunopress.it\/fr\/wp-json\/wp\/v2\/comments?post=33463"}],"version-history":[{"count":3,"href":"https:\/\/www.bellunopress.it\/fr\/wp-json\/wp\/v2\/posts\/33463\/revisions"}],"predecessor-version":[{"id":33473,"href":"https:\/\/www.bellunopress.it\/fr\/wp-json\/wp\/v2\/posts\/33463\/revisions\/33473"}],"wp:attachment":[{"href":"https:\/\/www.bellunopress.it\/fr\/wp-json\/wp\/v2\/media?parent=33463"}],"wp:term":[{"taxonomy":"category","embeddable":true,"href":"https:\/\/www.bellunopress.it\/fr\/wp-json\/wp\/v2\/categories?post=33463"},{"taxonomy":"post_tag","embeddable":true,"href":"https:\/\/www.bellunopress.it\/fr\/wp-json\/wp\/v2\/tags?post=33463"}],"curies":[{"name":"wp","href":"https:\/\/api.w.org\/{rel}","templated":true}]}}