{"id":33448,"date":"2011-12-18T09:26:14","date_gmt":"2011-12-18T08:26:14","guid":{"rendered":"http:\/\/www.bellunopress.it\/?p=33448"},"modified":"2011-12-18T09:26:14","modified_gmt":"2011-12-18T08:26:14","slug":"festival-voci-nuove-di-vittorio-veneto-iscrizioni-entro-il-10-gennaio-nuovi-talenti-gruppi-e-omaggio-al-musical","status":"publish","type":"post","link":"https:\/\/www.bellunopress.it\/fr\/2011\/12\/18\/festival-voci-nuove-di-vittorio-veneto-iscrizioni-entro-il-10-gennaio-nuovi-talenti-gruppi-e-omaggio-al-musical\/","title":{"rendered":"Festival voci nuove di Vittorio Veneto: iscrizioni entro il 10 gennaio. Nuovi talenti, gruppi e omaggio al musical"},"content":{"rendered":"<p>Ripartito la scorsa primavera dopo 14 anni di assenza, il Festival delle Voci Nuove ha fretta di tornare sulla ribalta. L&#8217;appuntamento con la nona edizione dello show organizzato da Prom&amp;Venti e Orve Pubblicit\u00e0 con l&#8217;obiettivo di dare visibilit\u00e0 a cantanti di ogni et\u00e0 \u00e8 gi\u00e0 stato fissato: sar\u00e0 il teatro &#8220;Lorenzo Da Ponte&#8221; a Serravalle di Vittorio Veneto a ospitare, da mercoled\u00ec 25 a sabato 28 gennaio 2012, le quattro serate del Festival. Quattro, e non tre come l&#8217;anno scorso, perch\u00e9 le novit\u00e0 non mancheranno, a partire dalla serata interamente dedicata ai gruppi (che canteranno e suoneranno dal vivo). Inoltre, il numero dei partecipanti che si esibiranno sul palco del Da Ponte \u00e8 destinato a superare quello dell&#8217;ottava edizione. Se in primavera furono 44 i concorrenti ad esibirsi, cantando dal vivo su basi registrate, tra poco pi\u00f9 di un mese saranno fino a sessanta (gruppi compresi) gli ammessi a salire sul palco. Tra i singoli, l&#8217;organizzazione ha deciso di confermare le due categorie di concorrenti divise per et\u00e0: la sezione &#8220;Giovani&#8221; sar\u00e0 riservata ai ragazzi dai 14 ai 17 anni, quella &#8220;Adulti&#8221; accoglier\u00e0 tutti i maggiorenni. Le prime tre serate saranno esclusivamente dedicate all&#8217;ascolto delle canzoni in gara. Una qualificata giuria stabilir\u00e0 gli artisti meritevoli di accedere alla finale di sabato 28 gennaio. &#8220;Chi pu\u00f2 partecipare al Festival delle Voci Nuove?&#8221; \u00e8 una delle domande che pi\u00f9 di frequente vengono rivolte allo staff di Prom&amp;Venti. La risposta \u00e8 semplice: detto dei limiti di et\u00e0, per iscriversi \u00e8 sufficiente inviare ai recapiti dell&#8217;organizzazione (reperibili sul sito <a href=\"http:\/\/www.promeventi.it\">www.promeventi.it<\/a>, cos\u00ec come il regolamento del concorso) un demo con una propria esibizione canora. Le esecuzioni passeranno al vaglio di una commissione che selezioner\u00e0 i partecipanti alla nona edizione del Festival, che sceglier\u00e0 i successori della bellunese di origini anconetane Angelica Ambrosi (vincitrice nel 2011 della categoria Adulti) e di Francesca Costella di Pieve di Soligo, oggi 18enne ma diciassettenne al momento della sua partecipazione (vincente) all&#8217;edizione dello scorso aprile. Le iscrizioni sono aperte fino a MARTEDI 10 GENNAIO 2012, contattando Prom&amp;Venti ai recapiti sotto indicati. Dopo quella data inizier\u00e0 la selezione dei demo inviati all&#8217;organizzazione. Molte altre sono le sorprese che il Festival 2012 ha in serbo, e che Prom&amp;Venti sveler\u00e0 man mano che si avviciner\u00e0 la fatidica data del 25 gennaio. Tra le principali, l&#8217;attenzione ai musical: ognuna delle quattro serate, infatti, riserver\u00e0 un omaggio a uno spettacolo che ha fatto la storia del musical mondiale.<\/p>","protected":false},"excerpt":{"rendered":"<p>Ripartito la scorsa primavera dopo 14 anni di assenza, il Festival delle Voci Nuove ha fretta di tornare sulla ribalta. L&#8217;appuntamento con la nona edizione dello show organizzato da Prom&amp;Venti e Orve Pubblicit\u00e0 con l&#8217;obiettivo di dare visibilit\u00e0 a cantanti di ogni et\u00e0 \u00e8 gi\u00e0 stato fissato: sar\u00e0 il teatro &#8220;Lorenzo Da Ponte&#8221; a Serravalle [&hellip;]<\/p>\n","protected":false},"author":2,"featured_media":0,"comment_status":"closed","ping_status":"open","sticky":false,"template":"","format":"standard","meta":{"footnotes":""},"categories":[27,3,25],"tags":[],"class_list":["post-33448","post","type-post","status-publish","format-standard","category-appuntamenti","category-arte-cultura-spettacoli-scienza-archivi","category-pausa-caffe"],"yoast_head":"<!-- This site is optimized with the Yoast SEO plugin v28.4 - https:\/\/yoast.com\/product\/yoast-seo-wordpress\/ -->\n<title>Festival voci nuove di Vittorio Veneto: iscrizioni entro il 10 gennaio. Nuovi talenti, gruppi e omaggio al musical - Bellunopress - Dolomiti<\/title>\n<meta name=\"robots\" content=\"index, follow, max-snippet:-1, max-image-preview:large, max-video-preview:-1\" \/>\n<link rel=\"canonical\" href=\"https:\/\/www.bellunopress.it\/fr\/2011\/12\/18\/festival-voci-nuove-di-vittorio-veneto-iscrizioni-entro-il-10-gennaio-nuovi-talenti-gruppi-e-omaggio-al-musical\/\" \/>\n<meta property=\"og:locale\" content=\"fr_FR\" \/>\n<meta property=\"og:type\" content=\"article\" \/>\n<meta property=\"og:title\" content=\"Festival voci nuove di Vittorio Veneto: iscrizioni entro il 10 gennaio. Nuovi talenti, gruppi e omaggio al musical - Bellunopress - Dolomiti\" \/>\n<meta property=\"og:description\" content=\"Ripartito la scorsa primavera dopo 14 anni di assenza, il Festival delle Voci Nuove ha fretta di tornare sulla ribalta. L&#8217;appuntamento con la nona edizione dello show organizzato da Prom&amp;Venti e Orve Pubblicit\u00e0 con l&#8217;obiettivo di dare visibilit\u00e0 a cantanti di ogni et\u00e0 \u00e8 gi\u00e0 stato fissato: sar\u00e0 il teatro &#8220;Lorenzo Da Ponte&#8221; a Serravalle [&hellip;]\" \/>\n<meta property=\"og:url\" content=\"https:\/\/www.bellunopress.it\/fr\/2011\/12\/18\/festival-voci-nuove-di-vittorio-veneto-iscrizioni-entro-il-10-gennaio-nuovi-talenti-gruppi-e-omaggio-al-musical\/\" \/>\n<meta property=\"og:site_name\" content=\"Bellunopress - Dolomiti\" \/>\n<meta property=\"article:publisher\" content=\"https:\/\/www.facebook.com\/profile.php?id=100008943462799\" \/>\n<meta property=\"article:published_time\" content=\"2011-12-18T08:26:14+00:00\" \/>\n<meta property=\"og:image\" content=\"http:\/\/www.bellunopress.it\/wp-content\/uploads\/2012\/07\/logo-bellunopress-250x250-2012.jpg\" \/>\n<meta name=\"author\" content=\"redazione\" \/>\n<meta name=\"twitter:card\" content=\"summary_large_image\" \/>\n<meta name=\"twitter:creator\" content=\"@bellunopress\" \/>\n<meta name=\"twitter:site\" content=\"@bellunopress\" \/>\n<meta name=\"twitter:label1\" content=\"Written by\" \/>\n\t<meta name=\"twitter:data1\" content=\"redazione\" \/>\n\t<meta name=\"twitter:label2\" content=\"Est. reading time\" \/>\n\t<meta name=\"twitter:data2\" content=\"2 minutes\" \/>\n<script type=\"application\/ld+json\" class=\"yoast-schema-graph\">{\"@context\":\"https:\\\/\\\/schema.org\",\"@graph\":[{\"@type\":\"Article\",\"@id\":\"https:\\\/\\\/www.bellunopress.it\\\/2011\\\/12\\\/18\\\/festival-voci-nuove-di-vittorio-veneto-iscrizioni-entro-il-10-gennaio-nuovi-talenti-gruppi-e-omaggio-al-musical\\\/#article\",\"isPartOf\":{\"@id\":\"https:\\\/\\\/www.bellunopress.it\\\/2011\\\/12\\\/18\\\/festival-voci-nuove-di-vittorio-veneto-iscrizioni-entro-il-10-gennaio-nuovi-talenti-gruppi-e-omaggio-al-musical\\\/\"},\"author\":{\"name\":\"redazione\",\"@id\":\"https:\\\/\\\/www.bellunopress.it\\\/#\\\/schema\\\/person\\\/79bb06722b37ece1c03d3e94beb30d73\"},\"headline\":\"Festival voci nuove di Vittorio Veneto: iscrizioni entro il 10 gennaio. Nuovi talenti, gruppi e omaggio al musical\",\"datePublished\":\"2011-12-18T08:26:14+00:00\",\"mainEntityOfPage\":{\"@id\":\"https:\\\/\\\/www.bellunopress.it\\\/2011\\\/12\\\/18\\\/festival-voci-nuove-di-vittorio-veneto-iscrizioni-entro-il-10-gennaio-nuovi-talenti-gruppi-e-omaggio-al-musical\\\/\"},\"wordCount\":422,\"publisher\":{\"@id\":\"https:\\\/\\\/www.bellunopress.it\\\/#organization\"},\"articleSection\":[\"Appuntamenti, Eventi\",\"Arte, Cultura, Spettacoli, Scienza\",\"Pausa Caff\u00e8\"],\"inLanguage\":\"fr-FR\"},{\"@type\":\"WebPage\",\"@id\":\"https:\\\/\\\/www.bellunopress.it\\\/2011\\\/12\\\/18\\\/festival-voci-nuove-di-vittorio-veneto-iscrizioni-entro-il-10-gennaio-nuovi-talenti-gruppi-e-omaggio-al-musical\\\/\",\"url\":\"https:\\\/\\\/www.bellunopress.it\\\/2011\\\/12\\\/18\\\/festival-voci-nuove-di-vittorio-veneto-iscrizioni-entro-il-10-gennaio-nuovi-talenti-gruppi-e-omaggio-al-musical\\\/\",\"name\":\"Festival voci nuove di Vittorio Veneto: iscrizioni entro il 10 gennaio. Nuovi talenti, gruppi e omaggio al musical - Bellunopress - Dolomiti\",\"isPartOf\":{\"@id\":\"https:\\\/\\\/www.bellunopress.it\\\/#website\"},\"datePublished\":\"2011-12-18T08:26:14+00:00\",\"breadcrumb\":{\"@id\":\"https:\\\/\\\/www.bellunopress.it\\\/2011\\\/12\\\/18\\\/festival-voci-nuove-di-vittorio-veneto-iscrizioni-entro-il-10-gennaio-nuovi-talenti-gruppi-e-omaggio-al-musical\\\/#breadcrumb\"},\"inLanguage\":\"fr-FR\",\"potentialAction\":[{\"@type\":\"ReadAction\",\"target\":[\"https:\\\/\\\/www.bellunopress.it\\\/2011\\\/12\\\/18\\\/festival-voci-nuove-di-vittorio-veneto-iscrizioni-entro-il-10-gennaio-nuovi-talenti-gruppi-e-omaggio-al-musical\\\/\"]}]},{\"@type\":\"BreadcrumbList\",\"@id\":\"https:\\\/\\\/www.bellunopress.it\\\/2011\\\/12\\\/18\\\/festival-voci-nuove-di-vittorio-veneto-iscrizioni-entro-il-10-gennaio-nuovi-talenti-gruppi-e-omaggio-al-musical\\\/#breadcrumb\",\"itemListElement\":[{\"@type\":\"ListItem\",\"position\":1,\"name\":\"Home\",\"item\":\"https:\\\/\\\/www.bellunopress.it\\\/\"},{\"@type\":\"ListItem\",\"position\":2,\"name\":\"Festival voci nuove di Vittorio Veneto: iscrizioni entro il 10 gennaio. Nuovi talenti, gruppi e omaggio al musical\"}]},{\"@type\":\"WebSite\",\"@id\":\"https:\\\/\\\/www.bellunopress.it\\\/#website\",\"url\":\"https:\\\/\\\/www.bellunopress.it\\\/\",\"name\":\"Bellunopress - Dolomiti\",\"description\":\"e-mail: redazione@bellunopress.it\",\"publisher\":{\"@id\":\"https:\\\/\\\/www.bellunopress.it\\\/#organization\"},\"potentialAction\":[{\"@type\":\"SearchAction\",\"target\":{\"@type\":\"EntryPoint\",\"urlTemplate\":\"https:\\\/\\\/www.bellunopress.it\\\/?s={search_term_string}\"},\"query-input\":{\"@type\":\"PropertyValueSpecification\",\"valueRequired\":true,\"valueName\":\"search_term_string\"}}],\"inLanguage\":\"fr-FR\"},{\"@type\":\"Organization\",\"@id\":\"https:\\\/\\\/www.bellunopress.it\\\/#organization\",\"name\":\"Bellunopress\",\"url\":\"https:\\\/\\\/www.bellunopress.it\\\/\",\"logo\":{\"@type\":\"ImageObject\",\"inLanguage\":\"fr-FR\",\"@id\":\"https:\\\/\\\/www.bellunopress.it\\\/#\\\/schema\\\/logo\\\/image\\\/\",\"url\":\"https:\\\/\\\/www.bellunopress.it\\\/wp-content\\\/uploads\\\/2011\\\/05\\\/cropped-logo-bellunopress-.jpg\",\"contentUrl\":\"https:\\\/\\\/www.bellunopress.it\\\/wp-content\\\/uploads\\\/2011\\\/05\\\/cropped-logo-bellunopress-.jpg\",\"width\":512,\"height\":512,\"caption\":\"Bellunopress\"},\"image\":{\"@id\":\"https:\\\/\\\/www.bellunopress.it\\\/#\\\/schema\\\/logo\\\/image\\\/\"},\"sameAs\":[\"https:\\\/\\\/www.facebook.com\\\/profile.php?id=100008943462799\",\"https:\\\/\\\/x.com\\\/bellunopress\",\"https:\\\/\\\/www.linkedin.com\\\/hp\\\/?dnr=JBzUWaJfMUw8vbXJJ2tVW5-I3jZKvC4wsoxE&amp;amp;amp;amp;amp;amp;trk=nav_responsive_tab_home\",\"https:\\\/\\\/www.youtube.com\\\/channel\\\/UCxL0wu1uN0_3_7hGG0306cw\"]},{\"@type\":\"Person\",\"@id\":\"https:\\\/\\\/www.bellunopress.it\\\/#\\\/schema\\\/person\\\/79bb06722b37ece1c03d3e94beb30d73\",\"name\":\"redazione\",\"image\":{\"@type\":\"ImageObject\",\"inLanguage\":\"fr-FR\",\"@id\":\"https:\\\/\\\/secure.gravatar.com\\\/avatar\\\/37d968a2e67a6fd04c169c4bdef102d0bc5d31b2546345219e348575eb80e9a0?s=96&d=mm&r=g\",\"url\":\"https:\\\/\\\/secure.gravatar.com\\\/avatar\\\/37d968a2e67a6fd04c169c4bdef102d0bc5d31b2546345219e348575eb80e9a0?s=96&d=mm&r=g\",\"contentUrl\":\"https:\\\/\\\/secure.gravatar.com\\\/avatar\\\/37d968a2e67a6fd04c169c4bdef102d0bc5d31b2546345219e348575eb80e9a0?s=96&d=mm&r=g\",\"caption\":\"redazione\"},\"sameAs\":[\"http:\\\/\\\/www.bellunopress.it\",\"https:\\\/\\\/x.com\\\/bellunopress\"],\"url\":\"https:\\\/\\\/www.bellunopress.it\\\/fr\\\/author\\\/redazione\\\/\"}]}<\/script>\n<!-- \/ Yoast SEO plugin. -->","yoast_head_json":{"title":"Festival voci nuove di Vittorio Veneto: iscrizioni entro il 10 gennaio. Nuovi talenti, gruppi e omaggio al musical - Bellunopress - Dolomiti","robots":{"index":"index","follow":"follow","max-snippet":"max-snippet:-1","max-image-preview":"max-image-preview:large","max-video-preview":"max-video-preview:-1"},"canonical":"https:\/\/www.bellunopress.it\/fr\/2011\/12\/18\/festival-voci-nuove-di-vittorio-veneto-iscrizioni-entro-il-10-gennaio-nuovi-talenti-gruppi-e-omaggio-al-musical\/","og_locale":"fr_FR","og_type":"article","og_title":"Festival voci nuove di Vittorio Veneto: iscrizioni entro il 10 gennaio. Nuovi talenti, gruppi e omaggio al musical - Bellunopress - Dolomiti","og_description":"Ripartito la scorsa primavera dopo 14 anni di assenza, il Festival delle Voci Nuove ha fretta di tornare sulla ribalta. L&#8217;appuntamento con la nona edizione dello show organizzato da Prom&amp;Venti e Orve Pubblicit\u00e0 con l&#8217;obiettivo di dare visibilit\u00e0 a cantanti di ogni et\u00e0 \u00e8 gi\u00e0 stato fissato: sar\u00e0 il teatro &#8220;Lorenzo Da Ponte&#8221; a Serravalle [&hellip;]","og_url":"https:\/\/www.bellunopress.it\/fr\/2011\/12\/18\/festival-voci-nuove-di-vittorio-veneto-iscrizioni-entro-il-10-gennaio-nuovi-talenti-gruppi-e-omaggio-al-musical\/","og_site_name":"Bellunopress - Dolomiti","article_publisher":"https:\/\/www.facebook.com\/profile.php?id=100008943462799","article_published_time":"2011-12-18T08:26:14+00:00","og_image":[{"url":"http:\/\/www.bellunopress.it\/wp-content\/uploads\/2012\/07\/logo-bellunopress-250x250-2012.jpg","type":"","width":"","height":""}],"author":"redazione","twitter_card":"summary_large_image","twitter_creator":"@bellunopress","twitter_site":"@bellunopress","twitter_misc":{"Written by":"redazione","Est. reading time":"2 minutes"},"schema":{"@context":"https:\/\/schema.org","@graph":[{"@type":"Article","@id":"https:\/\/www.bellunopress.it\/2011\/12\/18\/festival-voci-nuove-di-vittorio-veneto-iscrizioni-entro-il-10-gennaio-nuovi-talenti-gruppi-e-omaggio-al-musical\/#article","isPartOf":{"@id":"https:\/\/www.bellunopress.it\/2011\/12\/18\/festival-voci-nuove-di-vittorio-veneto-iscrizioni-entro-il-10-gennaio-nuovi-talenti-gruppi-e-omaggio-al-musical\/"},"author":{"name":"redazione","@id":"https:\/\/www.bellunopress.it\/#\/schema\/person\/79bb06722b37ece1c03d3e94beb30d73"},"headline":"Festival voci nuove di Vittorio Veneto: iscrizioni entro il 10 gennaio. Nuovi talenti, gruppi e omaggio al musical","datePublished":"2011-12-18T08:26:14+00:00","mainEntityOfPage":{"@id":"https:\/\/www.bellunopress.it\/2011\/12\/18\/festival-voci-nuove-di-vittorio-veneto-iscrizioni-entro-il-10-gennaio-nuovi-talenti-gruppi-e-omaggio-al-musical\/"},"wordCount":422,"publisher":{"@id":"https:\/\/www.bellunopress.it\/#organization"},"articleSection":["Appuntamenti, Eventi","Arte, Cultura, Spettacoli, Scienza","Pausa Caff\u00e8"],"inLanguage":"fr-FR"},{"@type":"WebPage","@id":"https:\/\/www.bellunopress.it\/2011\/12\/18\/festival-voci-nuove-di-vittorio-veneto-iscrizioni-entro-il-10-gennaio-nuovi-talenti-gruppi-e-omaggio-al-musical\/","url":"https:\/\/www.bellunopress.it\/2011\/12\/18\/festival-voci-nuove-di-vittorio-veneto-iscrizioni-entro-il-10-gennaio-nuovi-talenti-gruppi-e-omaggio-al-musical\/","name":"Festival voci nuove di Vittorio Veneto: iscrizioni entro il 10 gennaio. Nuovi talenti, gruppi e omaggio al musical - Bellunopress - Dolomiti","isPartOf":{"@id":"https:\/\/www.bellunopress.it\/#website"},"datePublished":"2011-12-18T08:26:14+00:00","breadcrumb":{"@id":"https:\/\/www.bellunopress.it\/2011\/12\/18\/festival-voci-nuove-di-vittorio-veneto-iscrizioni-entro-il-10-gennaio-nuovi-talenti-gruppi-e-omaggio-al-musical\/#breadcrumb"},"inLanguage":"fr-FR","potentialAction":[{"@type":"ReadAction","target":["https:\/\/www.bellunopress.it\/2011\/12\/18\/festival-voci-nuove-di-vittorio-veneto-iscrizioni-entro-il-10-gennaio-nuovi-talenti-gruppi-e-omaggio-al-musical\/"]}]},{"@type":"BreadcrumbList","@id":"https:\/\/www.bellunopress.it\/2011\/12\/18\/festival-voci-nuove-di-vittorio-veneto-iscrizioni-entro-il-10-gennaio-nuovi-talenti-gruppi-e-omaggio-al-musical\/#breadcrumb","itemListElement":[{"@type":"ListItem","position":1,"name":"Home","item":"https:\/\/www.bellunopress.it\/"},{"@type":"ListItem","position":2,"name":"Festival voci nuove di Vittorio Veneto: iscrizioni entro il 10 gennaio. Nuovi talenti, gruppi e omaggio al musical"}]},{"@type":"WebSite","@id":"https:\/\/www.bellunopress.it\/#website","url":"https:\/\/www.bellunopress.it\/","name":"Bellunopress - Dolomiti","description":"e-mail: redazione@bellunopress.it","publisher":{"@id":"https:\/\/www.bellunopress.it\/#organization"},"potentialAction":[{"@type":"SearchAction","target":{"@type":"EntryPoint","urlTemplate":"https:\/\/www.bellunopress.it\/?s={search_term_string}"},"query-input":{"@type":"PropertyValueSpecification","valueRequired":true,"valueName":"search_term_string"}}],"inLanguage":"fr-FR"},{"@type":"Organization","@id":"https:\/\/www.bellunopress.it\/#organization","name":"Bellunopress","url":"https:\/\/www.bellunopress.it\/","logo":{"@type":"ImageObject","inLanguage":"fr-FR","@id":"https:\/\/www.bellunopress.it\/#\/schema\/logo\/image\/","url":"https:\/\/www.bellunopress.it\/wp-content\/uploads\/2011\/05\/cropped-logo-bellunopress-.jpg","contentUrl":"https:\/\/www.bellunopress.it\/wp-content\/uploads\/2011\/05\/cropped-logo-bellunopress-.jpg","width":512,"height":512,"caption":"Bellunopress"},"image":{"@id":"https:\/\/www.bellunopress.it\/#\/schema\/logo\/image\/"},"sameAs":["https:\/\/www.facebook.com\/profile.php?id=100008943462799","https:\/\/x.com\/bellunopress","https:\/\/www.linkedin.com\/hp\/?dnr=JBzUWaJfMUw8vbXJJ2tVW5-I3jZKvC4wsoxE&amp;amp;amp;amp;amp;amp;trk=nav_responsive_tab_home","https:\/\/www.youtube.com\/channel\/UCxL0wu1uN0_3_7hGG0306cw"]},{"@type":"Person","@id":"https:\/\/www.bellunopress.it\/#\/schema\/person\/79bb06722b37ece1c03d3e94beb30d73","name":"r\u00e9daction","image":{"@type":"ImageObject","inLanguage":"fr-FR","@id":"https:\/\/secure.gravatar.com\/avatar\/37d968a2e67a6fd04c169c4bdef102d0bc5d31b2546345219e348575eb80e9a0?s=96&d=mm&r=g","url":"https:\/\/secure.gravatar.com\/avatar\/37d968a2e67a6fd04c169c4bdef102d0bc5d31b2546345219e348575eb80e9a0?s=96&d=mm&r=g","contentUrl":"https:\/\/secure.gravatar.com\/avatar\/37d968a2e67a6fd04c169c4bdef102d0bc5d31b2546345219e348575eb80e9a0?s=96&d=mm&r=g","caption":"redazione"},"sameAs":["http:\/\/www.bellunopress.it","https:\/\/x.com\/bellunopress"],"url":"https:\/\/www.bellunopress.it\/fr\/author\/redazione\/"}]}},"_links":{"self":[{"href":"https:\/\/www.bellunopress.it\/fr\/wp-json\/wp\/v2\/posts\/33448","targetHints":{"allow":["GET"]}}],"collection":[{"href":"https:\/\/www.bellunopress.it\/fr\/wp-json\/wp\/v2\/posts"}],"about":[{"href":"https:\/\/www.bellunopress.it\/fr\/wp-json\/wp\/v2\/types\/post"}],"author":[{"embeddable":true,"href":"https:\/\/www.bellunopress.it\/fr\/wp-json\/wp\/v2\/users\/2"}],"replies":[{"embeddable":true,"href":"https:\/\/www.bellunopress.it\/fr\/wp-json\/wp\/v2\/comments?post=33448"}],"version-history":[{"count":1,"href":"https:\/\/www.bellunopress.it\/fr\/wp-json\/wp\/v2\/posts\/33448\/revisions"}],"predecessor-version":[{"id":33449,"href":"https:\/\/www.bellunopress.it\/fr\/wp-json\/wp\/v2\/posts\/33448\/revisions\/33449"}],"wp:attachment":[{"href":"https:\/\/www.bellunopress.it\/fr\/wp-json\/wp\/v2\/media?parent=33448"}],"wp:term":[{"taxonomy":"category","embeddable":true,"href":"https:\/\/www.bellunopress.it\/fr\/wp-json\/wp\/v2\/categories?post=33448"},{"taxonomy":"post_tag","embeddable":true,"href":"https:\/\/www.bellunopress.it\/fr\/wp-json\/wp\/v2\/tags?post=33448"}],"curies":[{"name":"wp","href":"https:\/\/api.w.org\/{rel}","templated":true}]}}