{"id":33443,"date":"2011-12-18T01:04:18","date_gmt":"2011-12-18T00:04:18","guid":{"rendered":"http:\/\/www.bellunopress.it\/?p=33443"},"modified":"2011-12-18T01:04:18","modified_gmt":"2011-12-18T00:04:18","slug":"a-cortina-e-di-nuovo-tempo-di-vacanze-di-natale","status":"publish","type":"post","link":"https:\/\/www.bellunopress.it\/fr\/2011\/12\/18\/a-cortina-e-di-nuovo-tempo-di-vacanze-di-natale\/","title":{"rendered":"A Cortina \u00e8 di nuovo tempo di &#8220;Vacanze di Natale&#8221;"},"content":{"rendered":"<p>Vacanze da film, quelle di scena tra le Dolomiti per questo inverno 2011-2012. Sulla scia del mai tramontato \u201cVacanze di Natale\u201d, che dopo gli anni Ottanta e la sosta nel 2000 tona di casa in Ampezzo, la Regina delle Dolomiti si prepara ad accogliere tutti gli ospiti che vorranno rivivere le emozioni di pellicole, da quasi 30 anni, simbolo e immagine di vizi e virt\u00f9 all\u2019italiana. <a href=\"http:\/\/www.bellunopress.it\/wp-content\/uploads\/2011\/01\/cortina-dampezzo-290x208.jpg\"><img loading=\"lazy\" decoding=\"async\" class=\"alignleft size-full wp-image-23152\" title=\"cortina d'ampezzo 290x208\" src=\"http:\/\/www.bellunopress.it\/wp-content\/uploads\/2011\/01\/cortina-dampezzo-290x208.jpg\" alt=\"\" width=\"290\" height=\"207\" \/><\/a>\u00abVia della Spiga, Hotel Cristallo di Cortina: due ore, 54 minuti e 27 secondi. Alboreto is nothing\u00bb. Era il 1983 quando Gerry Cal\u00e0, Christian De Sica e Claudio Amendola arrivarono sulle nevi di Cortina per il primo Vacanze di Natale. Forse perch\u00e9 il primo amore non si scorda mai, o perch\u00e9 a volte vale la pena ripetersi quando a monte c\u2019\u00e8 un grande successo, quel che \u00e8 certo \u00e8 che le prossime \u201cVacanze di Natale\u201d, tornano di casa in Ampezzo. Filmauro di Aurelio e Luigi De Laurentiis, insieme a Neri Parenti alla regia e Carlo ed Enrico Vanzina alla sceneggiatura, riportano nei luoghi da cui tutto era partito i loro spettatori, pronti come ogni anno a riempire le sale dal prossimo venerd\u00ec 16 dicembre. La Regina delle Dolomiti non si limita per\u00f2 a sfilare sul tappeto rosso ma vuole condividere con i suoi ospiti le atmosfere da film della sua natura mozzafiato e lo charme delle sue strutture,\u00a0 location oltre che da filmare, anche da vivere.<\/p>\n<p>Per celebrare uno speciale ritorno di fiamma, Cortina ha quindi pensato a percorsi dedicati a tutti gli appassionati di questo filone cinematografico \u2013 consacrato anche durante l\u2019ultima Mostra del Cinema di Venezia \u2013 che da quasi 30 anni racconta vizi e virt\u00f9 all\u2019italiana.<\/p>\n<p>Due gli itinerari \u2013 uno a tutto sport, l\u2019altro dedicato agli amanti della vita mondana d\u2019alta quota \u2013 che saranno occasione di scoprire la Cortina cinematografica attraverso tra le pi\u00f9 belle location scelte per questo Vacanze di Natale a Cortina. Piste, rifugi, caff\u00e8 e club per vivere e conoscere la localit\u00e0 ampezzana ricordando le vacanze borghesi e rampanti dei coniugi Covelli \u2013 Christian De Sica e Sabrina Ferilli \u2013 o dell&#8217;ingegner Brigatti \u2013 Ivano Marescotti -; o ancora, le prime vacanze tra la \u201cupper class\u201d di chi \u201cupper\u201d non \u00e8 ancora, come il giovane Lando \u2013 Dario Bandiera \u2013 o le due coppie Massimo e Brunella \u2013 Ricky Memphis e Valeria Graci \u2013 e Andrea e Wanda \u2013 Giuseppe Giacobazzi e Katia Follesa<\/p>\n<p>Per ben iniziare una giornata sulle piste, \u00e8 quasi d\u2019obbligo una ricca colazione al Bar della Stazione: aperto da quasi quarant&#8217;anni, il locale \u00e8 una vera e propria istituzione del luogo. Fatto poi il pieno di energie, pronti a partire in direzione Faloria: un\u2019area sciabile con piste adatte a ogni grado di difficolt\u00e0 a cui, dallo scorso anno, si aggiunge la proposta slow Ski della pista Vitelli. Per chi non vuole sprecare neanche un minuto di sport, la pausa pranzo pi\u00f9 indicata \u00e8 quella ai piedi del Monte Faloria al Bar Pian de Ra Bigontina. Per un pomeriggio pi\u00f9 tranquillo, ma sempre in movimento, consigliata una pattinata allo Stadio Olimpico del Ghiaccio, simbolo delle storiche Olimpiadi invernali del 1956, dove esercitarsi tra piroette e volteggi anche grazie all\u2019aiuto di esperti maestri. Per buone forchette e appassionati gourmand, la giornata si chiude tra i profumi e i sapori della cucina ampezzana ai piedi delle Tofane, in localit\u00e0 Rumerlo, al Ristorante Meloncino al Camineto (<a href=\"http:\/\/www.ilmeloncino.it\">www.ilmeloncino.it<\/a>).<\/p>\n<p>Ma lo sport non \u00e8 la sola attrazione della localit\u00e0 ampezzana: Cortina offre anche mondanit\u00e0, shopping, intrattenimento e night life \u2013 come confermato dal successo della prima edizione del Long Fashion Weekend andato in scena durante il Ponte di Sant\u2019Ambrogio. Come per ogni vip che si rispetti, le giornate nella Cortina pi\u00f9 mondana iniziano nel cuore di Corso Italia al Caf\u00e8 Royal. Dopo colazione, shopping natalizio negli spazi de La Cooperativa (<a href=\"http:\/\/www.coopcortina.it\">www.coopcortina.it<\/a>): sei piani di shopping dove poter curiosare tra abbigliamento sportivo, novit\u00e0 alla moda, articoli da regalo e dell&#8217;artigianato locale, senza dimenticare i prodotti enogastronomici e la fornita libreria. Per gli amanti dei vini, invece, la piccola Bottega La Suite offre una ricca scelta di bottiglie pregiate e rare, un vero e proprio \u201cpaese delle meraviglie\u201d per veri cultori.<\/p>\n<p>Al Ristorante Lago Ghedina (<a href=\"http:\/\/www.ristorantelagoghedina.it\">www.ristorantelagoghedina.it<\/a>), invece, il pranzo pu\u00f2 trasformarsi, tra atmosfere da fiaba e piaceri del palato, in un vero e proprio spettacolo dei sensi.\u00a0 Una giornata di puro svago non pu\u00f2 che continuare con un pomeriggio a tutto benessere, coccolati negli spazi del Centro Country Club. Per la cena, rotta verso il ristorante della Club House del Cortina Golf <a href=\"http:\/\/www.cortinagolf.it\/clubhouse.php\">www.cortinagolf.it\/clubhouse.php<\/a>. Un luogo esclusivo progettato dal famoso architetto ampezzano Silvio Bernardi, riprendendo e \u201cmodernizzando\u201d i canoni architettonici della tradizione. Ma la giornata non finisce qui: con la sua ricca programmazione di musica dal vivo, serate jazz, cabaret il Monkey Club del Cristallo Hotel Spa &amp; Golf \u00e8 il locale simbolo della nightlife made in Ampezzo, dove non \u00e8 raro scorgere anche qualche vip.\u00a0 Insomma, non manca proprio nulla per trascorrere vera vacanza da film nell\u2019abbraccio delle Dolomiti.<\/p>","protected":false},"excerpt":{"rendered":"<p>Vacanze da film, quelle di scena tra le Dolomiti per questo inverno 2011-2012. Sulla scia del mai tramontato \u201cVacanze di Natale\u201d, che dopo gli anni Ottanta e la sosta nel 2000 tona di casa in Ampezzo, la Regina delle Dolomiti si prepara ad accogliere tutti gli ospiti che vorranno rivivere le emozioni di pellicole, da [&hellip;]<\/p>\n","protected":false},"author":2,"featured_media":0,"comment_status":"closed","ping_status":"open","sticky":false,"template":"","format":"standard","meta":{"footnotes":""},"categories":[25,8],"tags":[],"class_list":["post-33443","post","type-post","status-publish","format-standard","category-pausa-caffe","category-societa-istituzioni"],"yoast_head":"<!-- This site is optimized with the Yoast SEO plugin v28.4 - https:\/\/yoast.com\/product\/yoast-seo-wordpress\/ -->\n<title>A Cortina \u00e8 di nuovo tempo di &quot;Vacanze di Natale&quot; - Bellunopress - Dolomiti<\/title>\n<meta name=\"robots\" content=\"index, follow, max-snippet:-1, max-image-preview:large, max-video-preview:-1\" \/>\n<link rel=\"canonical\" href=\"https:\/\/www.bellunopress.it\/fr\/2011\/12\/18\/a-cortina-e-di-nuovo-tempo-di-vacanze-di-natale\/\" \/>\n<meta property=\"og:locale\" content=\"fr_FR\" \/>\n<meta property=\"og:type\" content=\"article\" \/>\n<meta property=\"og:title\" content=\"A Cortina \u00e8 di nuovo tempo di &quot;Vacanze di Natale&quot; - Bellunopress - Dolomiti\" \/>\n<meta property=\"og:description\" content=\"Vacanze da film, quelle di scena tra le Dolomiti per questo inverno 2011-2012. Sulla scia del mai tramontato \u201cVacanze di Natale\u201d, che dopo gli anni Ottanta e la sosta nel 2000 tona di casa in Ampezzo, la Regina delle Dolomiti si prepara ad accogliere tutti gli ospiti che vorranno rivivere le emozioni di pellicole, da [&hellip;]\" \/>\n<meta property=\"og:url\" content=\"https:\/\/www.bellunopress.it\/fr\/2011\/12\/18\/a-cortina-e-di-nuovo-tempo-di-vacanze-di-natale\/\" \/>\n<meta property=\"og:site_name\" content=\"Bellunopress - Dolomiti\" \/>\n<meta property=\"article:publisher\" content=\"https:\/\/www.facebook.com\/profile.php?id=100008943462799\" \/>\n<meta property=\"article:published_time\" content=\"2011-12-18T00:04:18+00:00\" \/>\n<meta property=\"og:image\" content=\"http:\/\/www.bellunopress.it\/wp-content\/uploads\/2011\/01\/cortina-dampezzo-290x208.jpg\" \/>\n<meta name=\"author\" content=\"redazione\" \/>\n<meta name=\"twitter:card\" content=\"summary_large_image\" \/>\n<meta name=\"twitter:creator\" content=\"@bellunopress\" \/>\n<meta name=\"twitter:site\" content=\"@bellunopress\" \/>\n<meta name=\"twitter:label1\" content=\"Written by\" \/>\n\t<meta name=\"twitter:data1\" content=\"redazione\" \/>\n\t<meta name=\"twitter:label2\" content=\"Est. reading time\" \/>\n\t<meta name=\"twitter:data2\" content=\"4 minutes\" \/>\n<script type=\"application\/ld+json\" class=\"yoast-schema-graph\">{\"@context\":\"https:\\\/\\\/schema.org\",\"@graph\":[{\"@type\":\"Article\",\"@id\":\"https:\\\/\\\/www.bellunopress.it\\\/2011\\\/12\\\/18\\\/a-cortina-e-di-nuovo-tempo-di-vacanze-di-natale\\\/#article\",\"isPartOf\":{\"@id\":\"https:\\\/\\\/www.bellunopress.it\\\/2011\\\/12\\\/18\\\/a-cortina-e-di-nuovo-tempo-di-vacanze-di-natale\\\/\"},\"author\":{\"name\":\"redazione\",\"@id\":\"https:\\\/\\\/www.bellunopress.it\\\/#\\\/schema\\\/person\\\/79bb06722b37ece1c03d3e94beb30d73\"},\"headline\":\"A Cortina \u00e8 di nuovo tempo di &#8220;Vacanze di Natale&#8221;\",\"datePublished\":\"2011-12-18T00:04:18+00:00\",\"mainEntityOfPage\":{\"@id\":\"https:\\\/\\\/www.bellunopress.it\\\/2011\\\/12\\\/18\\\/a-cortina-e-di-nuovo-tempo-di-vacanze-di-natale\\\/\"},\"wordCount\":831,\"publisher\":{\"@id\":\"https:\\\/\\\/www.bellunopress.it\\\/#organization\"},\"image\":{\"@id\":\"https:\\\/\\\/www.bellunopress.it\\\/2011\\\/12\\\/18\\\/a-cortina-e-di-nuovo-tempo-di-vacanze-di-natale\\\/#primaryimage\"},\"thumbnailUrl\":\"http:\\\/\\\/www.bellunopress.it\\\/wp-content\\\/uploads\\\/2011\\\/01\\\/cortina-dampezzo-290x208.jpg\",\"articleSection\":[\"Pausa Caff\u00e8\",\"Societ\u00e0, Associazioni, Istituzioni\"],\"inLanguage\":\"fr-FR\"},{\"@type\":\"WebPage\",\"@id\":\"https:\\\/\\\/www.bellunopress.it\\\/2011\\\/12\\\/18\\\/a-cortina-e-di-nuovo-tempo-di-vacanze-di-natale\\\/\",\"url\":\"https:\\\/\\\/www.bellunopress.it\\\/2011\\\/12\\\/18\\\/a-cortina-e-di-nuovo-tempo-di-vacanze-di-natale\\\/\",\"name\":\"A Cortina \u00e8 di nuovo tempo di \\\"Vacanze di Natale\\\" - Bellunopress - Dolomiti\",\"isPartOf\":{\"@id\":\"https:\\\/\\\/www.bellunopress.it\\\/#website\"},\"primaryImageOfPage\":{\"@id\":\"https:\\\/\\\/www.bellunopress.it\\\/2011\\\/12\\\/18\\\/a-cortina-e-di-nuovo-tempo-di-vacanze-di-natale\\\/#primaryimage\"},\"image\":{\"@id\":\"https:\\\/\\\/www.bellunopress.it\\\/2011\\\/12\\\/18\\\/a-cortina-e-di-nuovo-tempo-di-vacanze-di-natale\\\/#primaryimage\"},\"thumbnailUrl\":\"http:\\\/\\\/www.bellunopress.it\\\/wp-content\\\/uploads\\\/2011\\\/01\\\/cortina-dampezzo-290x208.jpg\",\"datePublished\":\"2011-12-18T00:04:18+00:00\",\"breadcrumb\":{\"@id\":\"https:\\\/\\\/www.bellunopress.it\\\/2011\\\/12\\\/18\\\/a-cortina-e-di-nuovo-tempo-di-vacanze-di-natale\\\/#breadcrumb\"},\"inLanguage\":\"fr-FR\",\"potentialAction\":[{\"@type\":\"ReadAction\",\"target\":[\"https:\\\/\\\/www.bellunopress.it\\\/2011\\\/12\\\/18\\\/a-cortina-e-di-nuovo-tempo-di-vacanze-di-natale\\\/\"]}]},{\"@type\":\"ImageObject\",\"inLanguage\":\"fr-FR\",\"@id\":\"https:\\\/\\\/www.bellunopress.it\\\/2011\\\/12\\\/18\\\/a-cortina-e-di-nuovo-tempo-di-vacanze-di-natale\\\/#primaryimage\",\"url\":\"http:\\\/\\\/www.bellunopress.it\\\/wp-content\\\/uploads\\\/2011\\\/01\\\/cortina-dampezzo-290x208.jpg\",\"contentUrl\":\"http:\\\/\\\/www.bellunopress.it\\\/wp-content\\\/uploads\\\/2011\\\/01\\\/cortina-dampezzo-290x208.jpg\"},{\"@type\":\"BreadcrumbList\",\"@id\":\"https:\\\/\\\/www.bellunopress.it\\\/2011\\\/12\\\/18\\\/a-cortina-e-di-nuovo-tempo-di-vacanze-di-natale\\\/#breadcrumb\",\"itemListElement\":[{\"@type\":\"ListItem\",\"position\":1,\"name\":\"Home\",\"item\":\"https:\\\/\\\/www.bellunopress.it\\\/\"},{\"@type\":\"ListItem\",\"position\":2,\"name\":\"A Cortina \u00e8 di nuovo tempo di &#8220;Vacanze di Natale&#8221;\"}]},{\"@type\":\"WebSite\",\"@id\":\"https:\\\/\\\/www.bellunopress.it\\\/#website\",\"url\":\"https:\\\/\\\/www.bellunopress.it\\\/\",\"name\":\"Bellunopress - Dolomiti\",\"description\":\"e-mail: redazione@bellunopress.it\",\"publisher\":{\"@id\":\"https:\\\/\\\/www.bellunopress.it\\\/#organization\"},\"potentialAction\":[{\"@type\":\"SearchAction\",\"target\":{\"@type\":\"EntryPoint\",\"urlTemplate\":\"https:\\\/\\\/www.bellunopress.it\\\/?s={search_term_string}\"},\"query-input\":{\"@type\":\"PropertyValueSpecification\",\"valueRequired\":true,\"valueName\":\"search_term_string\"}}],\"inLanguage\":\"fr-FR\"},{\"@type\":\"Organization\",\"@id\":\"https:\\\/\\\/www.bellunopress.it\\\/#organization\",\"name\":\"Bellunopress\",\"url\":\"https:\\\/\\\/www.bellunopress.it\\\/\",\"logo\":{\"@type\":\"ImageObject\",\"inLanguage\":\"fr-FR\",\"@id\":\"https:\\\/\\\/www.bellunopress.it\\\/#\\\/schema\\\/logo\\\/image\\\/\",\"url\":\"https:\\\/\\\/www.bellunopress.it\\\/wp-content\\\/uploads\\\/2011\\\/05\\\/cropped-logo-bellunopress-.jpg\",\"contentUrl\":\"https:\\\/\\\/www.bellunopress.it\\\/wp-content\\\/uploads\\\/2011\\\/05\\\/cropped-logo-bellunopress-.jpg\",\"width\":512,\"height\":512,\"caption\":\"Bellunopress\"},\"image\":{\"@id\":\"https:\\\/\\\/www.bellunopress.it\\\/#\\\/schema\\\/logo\\\/image\\\/\"},\"sameAs\":[\"https:\\\/\\\/www.facebook.com\\\/profile.php?id=100008943462799\",\"https:\\\/\\\/x.com\\\/bellunopress\",\"https:\\\/\\\/www.linkedin.com\\\/hp\\\/?dnr=JBzUWaJfMUw8vbXJJ2tVW5-I3jZKvC4wsoxE&amp;amp;amp;amp;amp;amp;trk=nav_responsive_tab_home\",\"https:\\\/\\\/www.youtube.com\\\/channel\\\/UCxL0wu1uN0_3_7hGG0306cw\"]},{\"@type\":\"Person\",\"@id\":\"https:\\\/\\\/www.bellunopress.it\\\/#\\\/schema\\\/person\\\/79bb06722b37ece1c03d3e94beb30d73\",\"name\":\"redazione\",\"image\":{\"@type\":\"ImageObject\",\"inLanguage\":\"fr-FR\",\"@id\":\"https:\\\/\\\/secure.gravatar.com\\\/avatar\\\/37d968a2e67a6fd04c169c4bdef102d0bc5d31b2546345219e348575eb80e9a0?s=96&d=mm&r=g\",\"url\":\"https:\\\/\\\/secure.gravatar.com\\\/avatar\\\/37d968a2e67a6fd04c169c4bdef102d0bc5d31b2546345219e348575eb80e9a0?s=96&d=mm&r=g\",\"contentUrl\":\"https:\\\/\\\/secure.gravatar.com\\\/avatar\\\/37d968a2e67a6fd04c169c4bdef102d0bc5d31b2546345219e348575eb80e9a0?s=96&d=mm&r=g\",\"caption\":\"redazione\"},\"sameAs\":[\"http:\\\/\\\/www.bellunopress.it\",\"https:\\\/\\\/x.com\\\/bellunopress\"],\"url\":\"https:\\\/\\\/www.bellunopress.it\\\/fr\\\/author\\\/redazione\\\/\"}]}<\/script>\n<!-- \/ Yoast SEO plugin. -->","yoast_head_json":{"title":"A Cortina \u00e8 di nuovo tempo di \"Vacanze di Natale\" - Bellunopress - Dolomiti","robots":{"index":"index","follow":"follow","max-snippet":"max-snippet:-1","max-image-preview":"max-image-preview:large","max-video-preview":"max-video-preview:-1"},"canonical":"https:\/\/www.bellunopress.it\/fr\/2011\/12\/18\/a-cortina-e-di-nuovo-tempo-di-vacanze-di-natale\/","og_locale":"fr_FR","og_type":"article","og_title":"A Cortina \u00e8 di nuovo tempo di \"Vacanze di Natale\" - Bellunopress - Dolomiti","og_description":"Vacanze da film, quelle di scena tra le Dolomiti per questo inverno 2011-2012. Sulla scia del mai tramontato \u201cVacanze di Natale\u201d, che dopo gli anni Ottanta e la sosta nel 2000 tona di casa in Ampezzo, la Regina delle Dolomiti si prepara ad accogliere tutti gli ospiti che vorranno rivivere le emozioni di pellicole, da [&hellip;]","og_url":"https:\/\/www.bellunopress.it\/fr\/2011\/12\/18\/a-cortina-e-di-nuovo-tempo-di-vacanze-di-natale\/","og_site_name":"Bellunopress - Dolomiti","article_publisher":"https:\/\/www.facebook.com\/profile.php?id=100008943462799","article_published_time":"2011-12-18T00:04:18+00:00","og_image":[{"url":"http:\/\/www.bellunopress.it\/wp-content\/uploads\/2011\/01\/cortina-dampezzo-290x208.jpg","type":"","width":"","height":""}],"author":"redazione","twitter_card":"summary_large_image","twitter_creator":"@bellunopress","twitter_site":"@bellunopress","twitter_misc":{"Written by":"redazione","Est. reading time":"4 minutes"},"schema":{"@context":"https:\/\/schema.org","@graph":[{"@type":"Article","@id":"https:\/\/www.bellunopress.it\/2011\/12\/18\/a-cortina-e-di-nuovo-tempo-di-vacanze-di-natale\/#article","isPartOf":{"@id":"https:\/\/www.bellunopress.it\/2011\/12\/18\/a-cortina-e-di-nuovo-tempo-di-vacanze-di-natale\/"},"author":{"name":"redazione","@id":"https:\/\/www.bellunopress.it\/#\/schema\/person\/79bb06722b37ece1c03d3e94beb30d73"},"headline":"A Cortina \u00e8 di nuovo tempo di &#8220;Vacanze di Natale&#8221;","datePublished":"2011-12-18T00:04:18+00:00","mainEntityOfPage":{"@id":"https:\/\/www.bellunopress.it\/2011\/12\/18\/a-cortina-e-di-nuovo-tempo-di-vacanze-di-natale\/"},"wordCount":831,"publisher":{"@id":"https:\/\/www.bellunopress.it\/#organization"},"image":{"@id":"https:\/\/www.bellunopress.it\/2011\/12\/18\/a-cortina-e-di-nuovo-tempo-di-vacanze-di-natale\/#primaryimage"},"thumbnailUrl":"http:\/\/www.bellunopress.it\/wp-content\/uploads\/2011\/01\/cortina-dampezzo-290x208.jpg","articleSection":["Pausa Caff\u00e8","Societ\u00e0, Associazioni, Istituzioni"],"inLanguage":"fr-FR"},{"@type":"WebPage","@id":"https:\/\/www.bellunopress.it\/2011\/12\/18\/a-cortina-e-di-nuovo-tempo-di-vacanze-di-natale\/","url":"https:\/\/www.bellunopress.it\/2011\/12\/18\/a-cortina-e-di-nuovo-tempo-di-vacanze-di-natale\/","name":"A Cortina \u00e8 di nuovo tempo di \"Vacanze di Natale\" - Bellunopress - Dolomiti","isPartOf":{"@id":"https:\/\/www.bellunopress.it\/#website"},"primaryImageOfPage":{"@id":"https:\/\/www.bellunopress.it\/2011\/12\/18\/a-cortina-e-di-nuovo-tempo-di-vacanze-di-natale\/#primaryimage"},"image":{"@id":"https:\/\/www.bellunopress.it\/2011\/12\/18\/a-cortina-e-di-nuovo-tempo-di-vacanze-di-natale\/#primaryimage"},"thumbnailUrl":"http:\/\/www.bellunopress.it\/wp-content\/uploads\/2011\/01\/cortina-dampezzo-290x208.jpg","datePublished":"2011-12-18T00:04:18+00:00","breadcrumb":{"@id":"https:\/\/www.bellunopress.it\/2011\/12\/18\/a-cortina-e-di-nuovo-tempo-di-vacanze-di-natale\/#breadcrumb"},"inLanguage":"fr-FR","potentialAction":[{"@type":"ReadAction","target":["https:\/\/www.bellunopress.it\/2011\/12\/18\/a-cortina-e-di-nuovo-tempo-di-vacanze-di-natale\/"]}]},{"@type":"ImageObject","inLanguage":"fr-FR","@id":"https:\/\/www.bellunopress.it\/2011\/12\/18\/a-cortina-e-di-nuovo-tempo-di-vacanze-di-natale\/#primaryimage","url":"http:\/\/www.bellunopress.it\/wp-content\/uploads\/2011\/01\/cortina-dampezzo-290x208.jpg","contentUrl":"http:\/\/www.bellunopress.it\/wp-content\/uploads\/2011\/01\/cortina-dampezzo-290x208.jpg"},{"@type":"BreadcrumbList","@id":"https:\/\/www.bellunopress.it\/2011\/12\/18\/a-cortina-e-di-nuovo-tempo-di-vacanze-di-natale\/#breadcrumb","itemListElement":[{"@type":"ListItem","position":1,"name":"Home","item":"https:\/\/www.bellunopress.it\/"},{"@type":"ListItem","position":2,"name":"A Cortina \u00e8 di nuovo tempo di &#8220;Vacanze di Natale&#8221;"}]},{"@type":"WebSite","@id":"https:\/\/www.bellunopress.it\/#website","url":"https:\/\/www.bellunopress.it\/","name":"Bellunopress - Dolomiti","description":"e-mail: redazione@bellunopress.it","publisher":{"@id":"https:\/\/www.bellunopress.it\/#organization"},"potentialAction":[{"@type":"SearchAction","target":{"@type":"EntryPoint","urlTemplate":"https:\/\/www.bellunopress.it\/?s={search_term_string}"},"query-input":{"@type":"PropertyValueSpecification","valueRequired":true,"valueName":"search_term_string"}}],"inLanguage":"fr-FR"},{"@type":"Organization","@id":"https:\/\/www.bellunopress.it\/#organization","name":"Bellunopress","url":"https:\/\/www.bellunopress.it\/","logo":{"@type":"ImageObject","inLanguage":"fr-FR","@id":"https:\/\/www.bellunopress.it\/#\/schema\/logo\/image\/","url":"https:\/\/www.bellunopress.it\/wp-content\/uploads\/2011\/05\/cropped-logo-bellunopress-.jpg","contentUrl":"https:\/\/www.bellunopress.it\/wp-content\/uploads\/2011\/05\/cropped-logo-bellunopress-.jpg","width":512,"height":512,"caption":"Bellunopress"},"image":{"@id":"https:\/\/www.bellunopress.it\/#\/schema\/logo\/image\/"},"sameAs":["https:\/\/www.facebook.com\/profile.php?id=100008943462799","https:\/\/x.com\/bellunopress","https:\/\/www.linkedin.com\/hp\/?dnr=JBzUWaJfMUw8vbXJJ2tVW5-I3jZKvC4wsoxE&amp;amp;amp;amp;amp;amp;trk=nav_responsive_tab_home","https:\/\/www.youtube.com\/channel\/UCxL0wu1uN0_3_7hGG0306cw"]},{"@type":"Person","@id":"https:\/\/www.bellunopress.it\/#\/schema\/person\/79bb06722b37ece1c03d3e94beb30d73","name":"r\u00e9daction","image":{"@type":"ImageObject","inLanguage":"fr-FR","@id":"https:\/\/secure.gravatar.com\/avatar\/37d968a2e67a6fd04c169c4bdef102d0bc5d31b2546345219e348575eb80e9a0?s=96&d=mm&r=g","url":"https:\/\/secure.gravatar.com\/avatar\/37d968a2e67a6fd04c169c4bdef102d0bc5d31b2546345219e348575eb80e9a0?s=96&d=mm&r=g","contentUrl":"https:\/\/secure.gravatar.com\/avatar\/37d968a2e67a6fd04c169c4bdef102d0bc5d31b2546345219e348575eb80e9a0?s=96&d=mm&r=g","caption":"redazione"},"sameAs":["http:\/\/www.bellunopress.it","https:\/\/x.com\/bellunopress"],"url":"https:\/\/www.bellunopress.it\/fr\/author\/redazione\/"}]}},"_links":{"self":[{"href":"https:\/\/www.bellunopress.it\/fr\/wp-json\/wp\/v2\/posts\/33443","targetHints":{"allow":["GET"]}}],"collection":[{"href":"https:\/\/www.bellunopress.it\/fr\/wp-json\/wp\/v2\/posts"}],"about":[{"href":"https:\/\/www.bellunopress.it\/fr\/wp-json\/wp\/v2\/types\/post"}],"author":[{"embeddable":true,"href":"https:\/\/www.bellunopress.it\/fr\/wp-json\/wp\/v2\/users\/2"}],"replies":[{"embeddable":true,"href":"https:\/\/www.bellunopress.it\/fr\/wp-json\/wp\/v2\/comments?post=33443"}],"version-history":[{"count":2,"href":"https:\/\/www.bellunopress.it\/fr\/wp-json\/wp\/v2\/posts\/33443\/revisions"}],"predecessor-version":[{"id":33445,"href":"https:\/\/www.bellunopress.it\/fr\/wp-json\/wp\/v2\/posts\/33443\/revisions\/33445"}],"wp:attachment":[{"href":"https:\/\/www.bellunopress.it\/fr\/wp-json\/wp\/v2\/media?parent=33443"}],"wp:term":[{"taxonomy":"category","embeddable":true,"href":"https:\/\/www.bellunopress.it\/fr\/wp-json\/wp\/v2\/categories?post=33443"},{"taxonomy":"post_tag","embeddable":true,"href":"https:\/\/www.bellunopress.it\/fr\/wp-json\/wp\/v2\/tags?post=33443"}],"curies":[{"name":"wp","href":"https:\/\/api.w.org\/{rel}","templated":true}]}}