{"id":33441,"date":"2011-12-17T15:14:02","date_gmt":"2011-12-17T14:14:02","guid":{"rendered":"http:\/\/www.bellunopress.it\/?p=33441"},"modified":"2011-12-18T00:15:26","modified_gmt":"2011-12-17T23:15:26","slug":"autoletture-al-via-da-lunedi-19-dicembre","status":"publish","type":"post","link":"https:\/\/www.bellunopress.it\/fr\/2011\/12\/17\/autoletture-al-via-da-lunedi-19-dicembre\/","title":{"rendered":"Autoletture al via da luned\u00ec 19 dicembre"},"content":{"rendered":"<p><a href=\"http:\/\/www.bellunopress.it\/wp-content\/uploads\/2009\/08\/gsp-gestione-servizi-pubblici.jpg\"><img loading=\"lazy\" decoding=\"async\" class=\"alignleft size-full wp-image-6957\" title=\"gsp-gestione-servizi-pubblici\" src=\"http:\/\/www.bellunopress.it\/wp-content\/uploads\/2009\/08\/gsp-gestione-servizi-pubblici.jpg\" alt=\"\" width=\"140\" height=\"89\" \/><\/a>Dal 19 dicembre e fino al 3 gennaio \u00e8 possibile comunicare a Bim Gestione Servizi Pubblici l\u2019autolettura del proprio contatore, per ricevere la bolletta del secondo quadrimestre dell\u2019anno, con un calcolo pi\u00f9 aderente alla quantit\u00e0 d&#8217;acqua utilizzata. In cosa consiste l\u2019autolettura? Nella rilevazione, da parte del cliente, della misura riportata sul contatore. E&#8217; un&#8217;operazione di semplice esecuzione, che permette di avere la bolletta in linea con i consumi reali, limitando la necessit\u00e0 di effettuare conguagli. L\u2019autolettura si pu\u00f2 comunicare facilmente online sul sito <a href=\"http:\/\/www.gestioneservizipubblici.bl.it\">www.gestioneservizipubblici.bl.it<\/a> cliccando sull\u2019immagine in home page, oppure via e-mail a <a href=\"mailto:servizio.clienti@gsp.bl.it\">servizio.clienti@gsp.bl.it<\/a> , oppure via fax a 0437 933920, oppure al numero verde gratuito 800 22 22 91. Per comunicare l\u2019autolettura \u00e8 necessario avere a disposizione il codice anagrafico, il codice di servizio e, chiaramente, la lettura del contatore. I primi due codici si trovano nella seconda pagina della bolletta, rispettivamente in alto a destra e sotto il logo di Gsp. Per effettuare una corretta rilevazione della misura, \u00e8 importante seguire le istruzioni seguenti. Per contatori\u00a0 a lettura diretta (quelli con &#8220;finestra&#8221; nella quale appaiono le cifre) rilevare solo le cifre intere di colore nero da sinistra verso destra. Per i contatori a lancette, rilevare nell&#8217;ordine l&#8217;orologio x1000m3, x100m3, x10m3 e x1m3. Se la lancetta \u00e8 posta tra due numeri \u00e8 da considerare il numero che precede la lancetta. Per ulteriori informazioni \u00e8 possibile contattare il servizio clienti ai numeri 840 000 032 (da rete fissa) oppure 0437 938002 (da mobile o per chiamate via internet).<\/p>","protected":false},"excerpt":{"rendered":"<p>Dal 19 dicembre e fino al 3 gennaio \u00e8 possibile comunicare a Bim Gestione Servizi Pubblici l\u2019autolettura del proprio contatore, per ricevere la bolletta del secondo quadrimestre dell\u2019anno, con un calcolo pi\u00f9 aderente alla quantit\u00e0 d&#8217;acqua utilizzata. In cosa consiste l\u2019autolettura? Nella rilevazione, da parte del cliente, della misura riportata sul contatore. E&#8217; un&#8217;operazione di [&hellip;]<\/p>\n","protected":false},"author":2,"featured_media":0,"comment_status":"closed","ping_status":"open","sticky":false,"template":"","format":"standard","meta":{"footnotes":""},"categories":[5,26],"tags":[],"class_list":["post-33441","post","type-post","status-publish","format-standard","category-cronaca","category-prima-pagina"],"yoast_head":"<!-- This site is optimized with the Yoast SEO plugin v28.4 - https:\/\/yoast.com\/product\/yoast-seo-wordpress\/ -->\n<title>Autoletture al via da luned\u00ec 19 dicembre - Bellunopress - Dolomiti<\/title>\n<meta name=\"robots\" content=\"index, follow, max-snippet:-1, max-image-preview:large, max-video-preview:-1\" \/>\n<link rel=\"canonical\" href=\"https:\/\/www.bellunopress.it\/fr\/2011\/12\/17\/autoletture-al-via-da-lunedi-19-dicembre\/\" \/>\n<meta property=\"og:locale\" content=\"fr_FR\" \/>\n<meta property=\"og:type\" content=\"article\" \/>\n<meta property=\"og:title\" content=\"Autoletture al via da luned\u00ec 19 dicembre - Bellunopress - Dolomiti\" \/>\n<meta property=\"og:description\" content=\"Dal 19 dicembre e fino al 3 gennaio \u00e8 possibile comunicare a Bim Gestione Servizi Pubblici l\u2019autolettura del proprio contatore, per ricevere la bolletta del secondo quadrimestre dell\u2019anno, con un calcolo pi\u00f9 aderente alla quantit\u00e0 d&#8217;acqua utilizzata. In cosa consiste l\u2019autolettura? Nella rilevazione, da parte del cliente, della misura riportata sul contatore. E&#8217; un&#8217;operazione di [&hellip;]\" \/>\n<meta property=\"og:url\" content=\"https:\/\/www.bellunopress.it\/fr\/2011\/12\/17\/autoletture-al-via-da-lunedi-19-dicembre\/\" \/>\n<meta property=\"og:site_name\" content=\"Bellunopress - Dolomiti\" \/>\n<meta property=\"article:publisher\" content=\"https:\/\/www.facebook.com\/profile.php?id=100008943462799\" \/>\n<meta property=\"article:published_time\" content=\"2011-12-17T14:14:02+00:00\" \/>\n<meta property=\"article:modified_time\" content=\"2011-12-17T23:15:26+00:00\" \/>\n<meta property=\"og:image\" content=\"http:\/\/www.bellunopress.it\/wp-content\/uploads\/2009\/08\/gsp-gestione-servizi-pubblici.jpg\" \/>\n<meta name=\"author\" content=\"redazione\" \/>\n<meta name=\"twitter:card\" content=\"summary_large_image\" \/>\n<meta name=\"twitter:creator\" content=\"@bellunopress\" \/>\n<meta name=\"twitter:site\" content=\"@bellunopress\" \/>\n<meta name=\"twitter:label1\" content=\"\u00c9crit par\" \/>\n\t<meta name=\"twitter:data1\" content=\"redazione\" \/>\n\t<meta name=\"twitter:label2\" content=\"Dur\u00e9e de lecture estim\u00e9e\" \/>\n\t<meta name=\"twitter:data2\" content=\"1 minute\" \/>\n<script type=\"application\/ld+json\" class=\"yoast-schema-graph\">{\"@context\":\"https:\\\/\\\/schema.org\",\"@graph\":[{\"@type\":\"Article\",\"@id\":\"https:\\\/\\\/www.bellunopress.it\\\/2011\\\/12\\\/17\\\/autoletture-al-via-da-lunedi-19-dicembre\\\/#article\",\"isPartOf\":{\"@id\":\"https:\\\/\\\/www.bellunopress.it\\\/2011\\\/12\\\/17\\\/autoletture-al-via-da-lunedi-19-dicembre\\\/\"},\"author\":{\"name\":\"redazione\",\"@id\":\"https:\\\/\\\/www.bellunopress.it\\\/#\\\/schema\\\/person\\\/79bb06722b37ece1c03d3e94beb30d73\"},\"headline\":\"Autoletture al via da luned\u00ec 19 dicembre\",\"datePublished\":\"2011-12-17T14:14:02+00:00\",\"dateModified\":\"2011-12-17T23:15:26+00:00\",\"mainEntityOfPage\":{\"@id\":\"https:\\\/\\\/www.bellunopress.it\\\/2011\\\/12\\\/17\\\/autoletture-al-via-da-lunedi-19-dicembre\\\/\"},\"wordCount\":255,\"publisher\":{\"@id\":\"https:\\\/\\\/www.bellunopress.it\\\/#organization\"},\"image\":{\"@id\":\"https:\\\/\\\/www.bellunopress.it\\\/2011\\\/12\\\/17\\\/autoletture-al-via-da-lunedi-19-dicembre\\\/#primaryimage\"},\"thumbnailUrl\":\"http:\\\/\\\/www.bellunopress.it\\\/wp-content\\\/uploads\\\/2009\\\/08\\\/gsp-gestione-servizi-pubblici.jpg\",\"articleSection\":[\"Cronaca\\\/Politica\",\"Prima Pagina\"],\"inLanguage\":\"fr-FR\"},{\"@type\":\"WebPage\",\"@id\":\"https:\\\/\\\/www.bellunopress.it\\\/2011\\\/12\\\/17\\\/autoletture-al-via-da-lunedi-19-dicembre\\\/\",\"url\":\"https:\\\/\\\/www.bellunopress.it\\\/2011\\\/12\\\/17\\\/autoletture-al-via-da-lunedi-19-dicembre\\\/\",\"name\":\"Autoletture al via da luned\u00ec 19 dicembre - Bellunopress - Dolomiti\",\"isPartOf\":{\"@id\":\"https:\\\/\\\/www.bellunopress.it\\\/#website\"},\"primaryImageOfPage\":{\"@id\":\"https:\\\/\\\/www.bellunopress.it\\\/2011\\\/12\\\/17\\\/autoletture-al-via-da-lunedi-19-dicembre\\\/#primaryimage\"},\"image\":{\"@id\":\"https:\\\/\\\/www.bellunopress.it\\\/2011\\\/12\\\/17\\\/autoletture-al-via-da-lunedi-19-dicembre\\\/#primaryimage\"},\"thumbnailUrl\":\"http:\\\/\\\/www.bellunopress.it\\\/wp-content\\\/uploads\\\/2009\\\/08\\\/gsp-gestione-servizi-pubblici.jpg\",\"datePublished\":\"2011-12-17T14:14:02+00:00\",\"dateModified\":\"2011-12-17T23:15:26+00:00\",\"breadcrumb\":{\"@id\":\"https:\\\/\\\/www.bellunopress.it\\\/2011\\\/12\\\/17\\\/autoletture-al-via-da-lunedi-19-dicembre\\\/#breadcrumb\"},\"inLanguage\":\"fr-FR\",\"potentialAction\":[{\"@type\":\"ReadAction\",\"target\":[\"https:\\\/\\\/www.bellunopress.it\\\/2011\\\/12\\\/17\\\/autoletture-al-via-da-lunedi-19-dicembre\\\/\"]}]},{\"@type\":\"ImageObject\",\"inLanguage\":\"fr-FR\",\"@id\":\"https:\\\/\\\/www.bellunopress.it\\\/2011\\\/12\\\/17\\\/autoletture-al-via-da-lunedi-19-dicembre\\\/#primaryimage\",\"url\":\"http:\\\/\\\/www.bellunopress.it\\\/wp-content\\\/uploads\\\/2009\\\/08\\\/gsp-gestione-servizi-pubblici.jpg\",\"contentUrl\":\"http:\\\/\\\/www.bellunopress.it\\\/wp-content\\\/uploads\\\/2009\\\/08\\\/gsp-gestione-servizi-pubblici.jpg\"},{\"@type\":\"BreadcrumbList\",\"@id\":\"https:\\\/\\\/www.bellunopress.it\\\/2011\\\/12\\\/17\\\/autoletture-al-via-da-lunedi-19-dicembre\\\/#breadcrumb\",\"itemListElement\":[{\"@type\":\"ListItem\",\"position\":1,\"name\":\"Home\",\"item\":\"https:\\\/\\\/www.bellunopress.it\\\/\"},{\"@type\":\"ListItem\",\"position\":2,\"name\":\"Autoletture al via da luned\u00ec 19 dicembre\"}]},{\"@type\":\"WebSite\",\"@id\":\"https:\\\/\\\/www.bellunopress.it\\\/#website\",\"url\":\"https:\\\/\\\/www.bellunopress.it\\\/\",\"name\":\"Bellunopress - Dolomiti\",\"description\":\"e-mail: redazione@bellunopress.it\",\"publisher\":{\"@id\":\"https:\\\/\\\/www.bellunopress.it\\\/#organization\"},\"potentialAction\":[{\"@type\":\"SearchAction\",\"target\":{\"@type\":\"EntryPoint\",\"urlTemplate\":\"https:\\\/\\\/www.bellunopress.it\\\/?s={search_term_string}\"},\"query-input\":{\"@type\":\"PropertyValueSpecification\",\"valueRequired\":true,\"valueName\":\"search_term_string\"}}],\"inLanguage\":\"fr-FR\"},{\"@type\":\"Organization\",\"@id\":\"https:\\\/\\\/www.bellunopress.it\\\/#organization\",\"name\":\"Bellunopress\",\"url\":\"https:\\\/\\\/www.bellunopress.it\\\/\",\"logo\":{\"@type\":\"ImageObject\",\"inLanguage\":\"fr-FR\",\"@id\":\"https:\\\/\\\/www.bellunopress.it\\\/#\\\/schema\\\/logo\\\/image\\\/\",\"url\":\"https:\\\/\\\/www.bellunopress.it\\\/wp-content\\\/uploads\\\/2011\\\/05\\\/cropped-logo-bellunopress-.jpg\",\"contentUrl\":\"https:\\\/\\\/www.bellunopress.it\\\/wp-content\\\/uploads\\\/2011\\\/05\\\/cropped-logo-bellunopress-.jpg\",\"width\":512,\"height\":512,\"caption\":\"Bellunopress\"},\"image\":{\"@id\":\"https:\\\/\\\/www.bellunopress.it\\\/#\\\/schema\\\/logo\\\/image\\\/\"},\"sameAs\":[\"https:\\\/\\\/www.facebook.com\\\/profile.php?id=100008943462799\",\"https:\\\/\\\/x.com\\\/bellunopress\",\"https:\\\/\\\/www.linkedin.com\\\/hp\\\/?dnr=JBzUWaJfMUw8vbXJJ2tVW5-I3jZKvC4wsoxE&amp;amp;amp;amp;amp;amp;trk=nav_responsive_tab_home\",\"https:\\\/\\\/www.youtube.com\\\/channel\\\/UCxL0wu1uN0_3_7hGG0306cw\"]},{\"@type\":\"Person\",\"@id\":\"https:\\\/\\\/www.bellunopress.it\\\/#\\\/schema\\\/person\\\/79bb06722b37ece1c03d3e94beb30d73\",\"name\":\"redazione\",\"image\":{\"@type\":\"ImageObject\",\"inLanguage\":\"fr-FR\",\"@id\":\"https:\\\/\\\/secure.gravatar.com\\\/avatar\\\/37d968a2e67a6fd04c169c4bdef102d0bc5d31b2546345219e348575eb80e9a0?s=96&d=mm&r=g\",\"url\":\"https:\\\/\\\/secure.gravatar.com\\\/avatar\\\/37d968a2e67a6fd04c169c4bdef102d0bc5d31b2546345219e348575eb80e9a0?s=96&d=mm&r=g\",\"contentUrl\":\"https:\\\/\\\/secure.gravatar.com\\\/avatar\\\/37d968a2e67a6fd04c169c4bdef102d0bc5d31b2546345219e348575eb80e9a0?s=96&d=mm&r=g\",\"caption\":\"redazione\"},\"sameAs\":[\"http:\\\/\\\/www.bellunopress.it\",\"https:\\\/\\\/x.com\\\/bellunopress\"],\"url\":\"https:\\\/\\\/www.bellunopress.it\\\/fr\\\/author\\\/redazione\\\/\"}]}<\/script>\n<!-- \/ Yoast SEO plugin. -->","yoast_head_json":{"title":"Autoletture al via da luned\u00ec 19 dicembre - Bellunopress - Dolomiti","robots":{"index":"index","follow":"follow","max-snippet":"max-snippet:-1","max-image-preview":"max-image-preview:large","max-video-preview":"max-video-preview:-1"},"canonical":"https:\/\/www.bellunopress.it\/fr\/2011\/12\/17\/autoletture-al-via-da-lunedi-19-dicembre\/","og_locale":"fr_FR","og_type":"article","og_title":"Autoletture al via da luned\u00ec 19 dicembre - Bellunopress - Dolomiti","og_description":"Dal 19 dicembre e fino al 3 gennaio \u00e8 possibile comunicare a Bim Gestione Servizi Pubblici l\u2019autolettura del proprio contatore, per ricevere la bolletta del secondo quadrimestre dell\u2019anno, con un calcolo pi\u00f9 aderente alla quantit\u00e0 d&#8217;acqua utilizzata. In cosa consiste l\u2019autolettura? Nella rilevazione, da parte del cliente, della misura riportata sul contatore. E&#8217; un&#8217;operazione di [&hellip;]","og_url":"https:\/\/www.bellunopress.it\/fr\/2011\/12\/17\/autoletture-al-via-da-lunedi-19-dicembre\/","og_site_name":"Bellunopress - Dolomiti","article_publisher":"https:\/\/www.facebook.com\/profile.php?id=100008943462799","article_published_time":"2011-12-17T14:14:02+00:00","article_modified_time":"2011-12-17T23:15:26+00:00","og_image":[{"url":"http:\/\/www.bellunopress.it\/wp-content\/uploads\/2009\/08\/gsp-gestione-servizi-pubblici.jpg","type":"","width":"","height":""}],"author":"redazione","twitter_card":"summary_large_image","twitter_creator":"@bellunopress","twitter_site":"@bellunopress","twitter_misc":{"\u00c9crit par":"redazione","Dur\u00e9e de lecture estim\u00e9e":"1 minute"},"schema":{"@context":"https:\/\/schema.org","@graph":[{"@type":"Article","@id":"https:\/\/www.bellunopress.it\/2011\/12\/17\/autoletture-al-via-da-lunedi-19-dicembre\/#article","isPartOf":{"@id":"https:\/\/www.bellunopress.it\/2011\/12\/17\/autoletture-al-via-da-lunedi-19-dicembre\/"},"author":{"name":"redazione","@id":"https:\/\/www.bellunopress.it\/#\/schema\/person\/79bb06722b37ece1c03d3e94beb30d73"},"headline":"Autoletture al via da luned\u00ec 19 dicembre","datePublished":"2011-12-17T14:14:02+00:00","dateModified":"2011-12-17T23:15:26+00:00","mainEntityOfPage":{"@id":"https:\/\/www.bellunopress.it\/2011\/12\/17\/autoletture-al-via-da-lunedi-19-dicembre\/"},"wordCount":255,"publisher":{"@id":"https:\/\/www.bellunopress.it\/#organization"},"image":{"@id":"https:\/\/www.bellunopress.it\/2011\/12\/17\/autoletture-al-via-da-lunedi-19-dicembre\/#primaryimage"},"thumbnailUrl":"http:\/\/www.bellunopress.it\/wp-content\/uploads\/2009\/08\/gsp-gestione-servizi-pubblici.jpg","articleSection":["Cronaca\/Politica","Prima Pagina"],"inLanguage":"fr-FR"},{"@type":"WebPage","@id":"https:\/\/www.bellunopress.it\/2011\/12\/17\/autoletture-al-via-da-lunedi-19-dicembre\/","url":"https:\/\/www.bellunopress.it\/2011\/12\/17\/autoletture-al-via-da-lunedi-19-dicembre\/","name":"Autoletture al via da luned\u00ec 19 dicembre - Bellunopress - Dolomiti","isPartOf":{"@id":"https:\/\/www.bellunopress.it\/#website"},"primaryImageOfPage":{"@id":"https:\/\/www.bellunopress.it\/2011\/12\/17\/autoletture-al-via-da-lunedi-19-dicembre\/#primaryimage"},"image":{"@id":"https:\/\/www.bellunopress.it\/2011\/12\/17\/autoletture-al-via-da-lunedi-19-dicembre\/#primaryimage"},"thumbnailUrl":"http:\/\/www.bellunopress.it\/wp-content\/uploads\/2009\/08\/gsp-gestione-servizi-pubblici.jpg","datePublished":"2011-12-17T14:14:02+00:00","dateModified":"2011-12-17T23:15:26+00:00","breadcrumb":{"@id":"https:\/\/www.bellunopress.it\/2011\/12\/17\/autoletture-al-via-da-lunedi-19-dicembre\/#breadcrumb"},"inLanguage":"fr-FR","potentialAction":[{"@type":"ReadAction","target":["https:\/\/www.bellunopress.it\/2011\/12\/17\/autoletture-al-via-da-lunedi-19-dicembre\/"]}]},{"@type":"ImageObject","inLanguage":"fr-FR","@id":"https:\/\/www.bellunopress.it\/2011\/12\/17\/autoletture-al-via-da-lunedi-19-dicembre\/#primaryimage","url":"http:\/\/www.bellunopress.it\/wp-content\/uploads\/2009\/08\/gsp-gestione-servizi-pubblici.jpg","contentUrl":"http:\/\/www.bellunopress.it\/wp-content\/uploads\/2009\/08\/gsp-gestione-servizi-pubblici.jpg"},{"@type":"BreadcrumbList","@id":"https:\/\/www.bellunopress.it\/2011\/12\/17\/autoletture-al-via-da-lunedi-19-dicembre\/#breadcrumb","itemListElement":[{"@type":"ListItem","position":1,"name":"Home","item":"https:\/\/www.bellunopress.it\/"},{"@type":"ListItem","position":2,"name":"Autoletture al via da luned\u00ec 19 dicembre"}]},{"@type":"WebSite","@id":"https:\/\/www.bellunopress.it\/#website","url":"https:\/\/www.bellunopress.it\/","name":"Bellunopress - Dolomiti","description":"e-mail: redazione@bellunopress.it","publisher":{"@id":"https:\/\/www.bellunopress.it\/#organization"},"potentialAction":[{"@type":"SearchAction","target":{"@type":"EntryPoint","urlTemplate":"https:\/\/www.bellunopress.it\/?s={search_term_string}"},"query-input":{"@type":"PropertyValueSpecification","valueRequired":true,"valueName":"search_term_string"}}],"inLanguage":"fr-FR"},{"@type":"Organization","@id":"https:\/\/www.bellunopress.it\/#organization","name":"Bellunopress","url":"https:\/\/www.bellunopress.it\/","logo":{"@type":"ImageObject","inLanguage":"fr-FR","@id":"https:\/\/www.bellunopress.it\/#\/schema\/logo\/image\/","url":"https:\/\/www.bellunopress.it\/wp-content\/uploads\/2011\/05\/cropped-logo-bellunopress-.jpg","contentUrl":"https:\/\/www.bellunopress.it\/wp-content\/uploads\/2011\/05\/cropped-logo-bellunopress-.jpg","width":512,"height":512,"caption":"Bellunopress"},"image":{"@id":"https:\/\/www.bellunopress.it\/#\/schema\/logo\/image\/"},"sameAs":["https:\/\/www.facebook.com\/profile.php?id=100008943462799","https:\/\/x.com\/bellunopress","https:\/\/www.linkedin.com\/hp\/?dnr=JBzUWaJfMUw8vbXJJ2tVW5-I3jZKvC4wsoxE&amp;amp;amp;amp;amp;amp;trk=nav_responsive_tab_home","https:\/\/www.youtube.com\/channel\/UCxL0wu1uN0_3_7hGG0306cw"]},{"@type":"Person","@id":"https:\/\/www.bellunopress.it\/#\/schema\/person\/79bb06722b37ece1c03d3e94beb30d73","name":"r\u00e9daction","image":{"@type":"ImageObject","inLanguage":"fr-FR","@id":"https:\/\/secure.gravatar.com\/avatar\/37d968a2e67a6fd04c169c4bdef102d0bc5d31b2546345219e348575eb80e9a0?s=96&d=mm&r=g","url":"https:\/\/secure.gravatar.com\/avatar\/37d968a2e67a6fd04c169c4bdef102d0bc5d31b2546345219e348575eb80e9a0?s=96&d=mm&r=g","contentUrl":"https:\/\/secure.gravatar.com\/avatar\/37d968a2e67a6fd04c169c4bdef102d0bc5d31b2546345219e348575eb80e9a0?s=96&d=mm&r=g","caption":"redazione"},"sameAs":["http:\/\/www.bellunopress.it","https:\/\/x.com\/bellunopress"],"url":"https:\/\/www.bellunopress.it\/fr\/author\/redazione\/"}]}},"_links":{"self":[{"href":"https:\/\/www.bellunopress.it\/fr\/wp-json\/wp\/v2\/posts\/33441","targetHints":{"allow":["GET"]}}],"collection":[{"href":"https:\/\/www.bellunopress.it\/fr\/wp-json\/wp\/v2\/posts"}],"about":[{"href":"https:\/\/www.bellunopress.it\/fr\/wp-json\/wp\/v2\/types\/post"}],"author":[{"embeddable":true,"href":"https:\/\/www.bellunopress.it\/fr\/wp-json\/wp\/v2\/users\/2"}],"replies":[{"embeddable":true,"href":"https:\/\/www.bellunopress.it\/fr\/wp-json\/wp\/v2\/comments?post=33441"}],"version-history":[{"count":1,"href":"https:\/\/www.bellunopress.it\/fr\/wp-json\/wp\/v2\/posts\/33441\/revisions"}],"predecessor-version":[{"id":33442,"href":"https:\/\/www.bellunopress.it\/fr\/wp-json\/wp\/v2\/posts\/33441\/revisions\/33442"}],"wp:attachment":[{"href":"https:\/\/www.bellunopress.it\/fr\/wp-json\/wp\/v2\/media?parent=33441"}],"wp:term":[{"taxonomy":"category","embeddable":true,"href":"https:\/\/www.bellunopress.it\/fr\/wp-json\/wp\/v2\/categories?post=33441"},{"taxonomy":"post_tag","embeddable":true,"href":"https:\/\/www.bellunopress.it\/fr\/wp-json\/wp\/v2\/tags?post=33441"}],"curies":[{"name":"wp","href":"https:\/\/api.w.org\/{rel}","templated":true}]}}