{"id":33435,"date":"2011-12-17T20:10:11","date_gmt":"2011-12-17T19:10:11","guid":{"rendered":"http:\/\/www.bellunopress.it\/?p=33435"},"modified":"2011-12-17T20:11:34","modified_gmt":"2011-12-17T19:11:34","slug":"convegno-cisl-funzione-pubblica-anna-orsini-siamo-in-una-situazione-che-non-vivevamo-dalla-guerra-come-nel-1947-48-non-ci-sono-macerie-ma-siamo-sotto-lessedio-dei-mercati","status":"publish","type":"post","link":"https:\/\/www.bellunopress.it\/fr\/2011\/12\/17\/convegno-cisl-funzione-pubblica-anna-orsini-siamo-in-una-situazione-che-non-vivevamo-dalla-guerra-come-nel-1947-48-non-ci-sono-macerie-ma-siamo-sotto-lessedio-dei-mercati\/","title":{"rendered":"Convegno Cisl Funzione pubblica. Anna Orsini: \u201cSiamo in una situazione che non vivevamo dalla guerra. Come nel 1947-48, non ci sono macerie, ma siamo sotto l&#8217;assedio dei mercati\u201d"},"content":{"rendered":"<p><a href=\"http:\/\/www.bellunopress.it\/wp-content\/uploads\/2011\/12\/Cisl-001.jpg\"><img loading=\"lazy\" decoding=\"async\" class=\"alignleft size-full wp-image-33437\" title=\"Cisl 001\" src=\"http:\/\/www.bellunopress.it\/wp-content\/uploads\/2011\/12\/Cisl-001.jpg\" alt=\"\" width=\"280\" height=\"182\" \/><\/a>Rinnovo delle rappresentaze sindacali Rsu del 5-6-7 marzo 2012 e sciopero del pubblico impiego del luned\u00ec contro la manovra Monti, questi i due temi caldi del congresso Cisl Funzione pubblica che si \u00e8 tenuto al ristorante Piol di Limana nella giornata di gioved\u00ec.\u00a0\u00a0\u00a0 \u00abSiamo in una situazione che non vivevamo dai tempi della guerra. Un&#8217;Italia simile a quella del 1947-48 dove non ci sono le macerie, ma c&#8217;\u00e8 l&#8217;assedio dei mercati, e un&#8217;Europa dominata da egoismi e speculazioni finanziarie. Nei prossimi giorni sapremo se l&#8217;Italia regger\u00e0 o fallir\u00e0\u00bb. Parole molto dure, che hanno lasciato pochi margini di ottimismo quelle usate da Anna Orsini, segretario provinciale della Cisl. \u00abCi troviamo in questa situazione per l&#8217;incapacit\u00e0 della politica italiana, ed anche europea, di dare delle risposte\u00bb ha proseguito il leader sindacale \u00abI problemi di 15 anni fa sono rimasti ancora irrisolti, con l&#8217;aggravio di un debito pubblico che cresce, e per il quale paghiamo interessi di 70 milioni l&#8217;anno. Al governo Monti, inoltre, \u00e8 stata preclusa dai partiti la via del patto sociale.<\/p>\n<figure id=\"attachment_33436\" aria-describedby=\"caption-attachment-33436\" style=\"width: 145px\" class=\"wp-caption alignleft\"><a href=\"http:\/\/www.bellunopress.it\/wp-content\/uploads\/2011\/12\/anna-orsini-cisl.jpg\"><img loading=\"lazy\" decoding=\"async\" class=\"size-full wp-image-33436\" title=\"anna orsini cisl\" src=\"http:\/\/www.bellunopress.it\/wp-content\/uploads\/2011\/12\/anna-orsini-cisl.jpg\" alt=\"\" width=\"145\" height=\"145\" \/><\/a><figcaption id=\"caption-attachment-33436\" class=\"wp-caption-text\">Anna Orsini<\/figcaption><\/figure>\n<p>Niente concertazione come avremmo voluto. E del resto\u00bb ha precisato Anna Orsini \u00able differenze con la Cgil rimangono profonde: noi siamo per il confronto, e loro per lo scontro\u00bb. Fabio Zuglian, segretario provinciale della Funzione pubblica, ha parlato di \u00abuna Finanziaria che porter\u00e0 depressione, mirata al solo scopo di fare cassa\u00bb. Zuglian riferendosi al pubblico impiego, ha prospettato un&#8217;inedita alleanza con l&#8217;utenza, per riscattare la dignit\u00e0 dei lavoratori fortemente lesa dalla campagna denigratoria posta in essere dall&#8217;ex ministro Brunetta. Per quanto riguarda i possibili benefici economici, Zuglian ha spiegato che potranno essere reperiti attingendo dai risparmi di gestione previsti dall&#8217;art.16 del decreto 98\/2011. Gli interventi dei relatori, moderati da Marino Fantino della segreteria regionale Cisl, sono proseguiti con la mordente requisitoria sulle odiose disparit\u00e0 di trattamento segnalate da Angelo Costanza, delegato della Funzione pubblica. \u00abMentre si sta chiedendo di prolungare il periodo lavorativo dei dipendenti oltre i 40 anni di contributi\u00bb ha detto \u00ablimite ritenuto invalicabile fino a qualche tempo fa, vi sono 25mila poliziotti che lavorano come impiegati negli uffici, che possono andare in pensione a 54 anni di et\u00e0 beneficiando di un anno in pi\u00f9 di contributi ogni 5 di servizio\u00bb.\u00a0 Molti gli interventi dal pubblico, formato dai rappresentanti sindacali dei lavoratori della sanit\u00e0 stato, parastato ed enti locali. Nel mirino, i privilegi delle varie caste, i militari ad esempio, che se ne vanno in pensione con il grado superiore dopo aver anch&#8217;essi beneficiato dell&#8217;abbuono di un anno ogni 5. E ancora i dipendenti di Camera e Senato e Banca d&#8217;Italia che godono ancora di regimi privilegiati. Non si pu\u00f2, insomma, chiedere i sacrifici partendo dal basso, senza toccare i colletti bianchi. E ancora, nulla si \u00e8 visto fare per recuperare i 100 miliardi l&#8217;anno di evasione fiscale. Sulla tassazione dei capitali all&#8217;estero Francia e Germania sono intervenuti, perch\u00e9 l&#8217;Italia non l&#8217;ha fatto? Equit\u00e0, insomma, un concetto che appare ancora lontano in questa manovra SalvaItalia.<\/p>","protected":false},"excerpt":{"rendered":"<p>Rinnovo delle rappresentaze sindacali Rsu del 5-6-7 marzo 2012 e sciopero del pubblico impiego del luned\u00ec contro la manovra Monti, questi i due temi caldi del congresso Cisl Funzione pubblica che si \u00e8 tenuto al ristorante Piol di Limana nella giornata di gioved\u00ec.\u00a0\u00a0\u00a0 \u00abSiamo in una situazione che non vivevamo dai tempi della guerra. Un&#8217;Italia [&hellip;]<\/p>\n","protected":false},"author":2,"featured_media":0,"comment_status":"closed","ping_status":"open","sticky":false,"template":"","format":"standard","meta":{"footnotes":""},"categories":[5,36,26],"tags":[],"class_list":["post-33435","post","type-post","status-publish","format-standard","category-cronaca","category-lavoro-economia","category-prima-pagina"],"yoast_head":"<!-- This site is optimized with the Yoast SEO plugin v28.4 - https:\/\/yoast.com\/product\/yoast-seo-wordpress\/ -->\n<title>Convegno Cisl Funzione pubblica. Anna Orsini: \u201cSiamo in una situazione che non vivevamo dalla guerra. Come nel 1947-48, non ci sono macerie, ma siamo sotto l&#039;assedio dei mercati\u201d - Bellunopress - Dolomiti<\/title>\n<meta name=\"robots\" content=\"index, follow, max-snippet:-1, max-image-preview:large, max-video-preview:-1\" \/>\n<link rel=\"canonical\" href=\"https:\/\/www.bellunopress.it\/fr\/2011\/12\/17\/convegno-cisl-funzione-pubblica-anna-orsini-siamo-in-una-situazione-che-non-vivevamo-dalla-guerra-come-nel-1947-48-non-ci-sono-macerie-ma-siamo-sotto-lessedio-dei-mercati\/\" \/>\n<meta property=\"og:locale\" content=\"fr_FR\" \/>\n<meta property=\"og:type\" content=\"article\" \/>\n<meta property=\"og:title\" content=\"Convegno Cisl Funzione pubblica. Anna Orsini: \u201cSiamo in una situazione che non vivevamo dalla guerra. Come nel 1947-48, non ci sono macerie, ma siamo sotto l&#039;assedio dei mercati\u201d - Bellunopress - Dolomiti\" \/>\n<meta property=\"og:description\" content=\"Rinnovo delle rappresentaze sindacali Rsu del 5-6-7 marzo 2012 e sciopero del pubblico impiego del luned\u00ec contro la manovra Monti, questi i due temi caldi del congresso Cisl Funzione pubblica che si \u00e8 tenuto al ristorante Piol di Limana nella giornata di gioved\u00ec.\u00a0\u00a0\u00a0 \u00abSiamo in una situazione che non vivevamo dai tempi della guerra. Un&#8217;Italia [&hellip;]\" \/>\n<meta property=\"og:url\" content=\"https:\/\/www.bellunopress.it\/fr\/2011\/12\/17\/convegno-cisl-funzione-pubblica-anna-orsini-siamo-in-una-situazione-che-non-vivevamo-dalla-guerra-come-nel-1947-48-non-ci-sono-macerie-ma-siamo-sotto-lessedio-dei-mercati\/\" \/>\n<meta property=\"og:site_name\" content=\"Bellunopress - Dolomiti\" \/>\n<meta property=\"article:publisher\" content=\"https:\/\/www.facebook.com\/profile.php?id=100008943462799\" \/>\n<meta property=\"article:published_time\" content=\"2011-12-17T19:10:11+00:00\" \/>\n<meta property=\"article:modified_time\" content=\"2011-12-17T19:11:34+00:00\" \/>\n<meta property=\"og:image\" content=\"http:\/\/www.bellunopress.it\/wp-content\/uploads\/2011\/12\/Cisl-001.jpg\" \/>\n<meta name=\"author\" content=\"redazione\" \/>\n<meta name=\"twitter:card\" content=\"summary_large_image\" \/>\n<meta name=\"twitter:creator\" content=\"@bellunopress\" \/>\n<meta name=\"twitter:site\" content=\"@bellunopress\" \/>\n<meta name=\"twitter:label1\" content=\"Written by\" \/>\n\t<meta name=\"twitter:data1\" content=\"redazione\" \/>\n\t<meta name=\"twitter:label2\" content=\"Est. reading time\" \/>\n\t<meta name=\"twitter:data2\" content=\"2 minutes\" \/>\n<script type=\"application\/ld+json\" class=\"yoast-schema-graph\">{\"@context\":\"https:\\\/\\\/schema.org\",\"@graph\":[{\"@type\":\"Article\",\"@id\":\"https:\\\/\\\/www.bellunopress.it\\\/2011\\\/12\\\/17\\\/convegno-cisl-funzione-pubblica-anna-orsini-siamo-in-una-situazione-che-non-vivevamo-dalla-guerra-come-nel-1947-48-non-ci-sono-macerie-ma-siamo-sotto-lessedio-dei-mercati\\\/#article\",\"isPartOf\":{\"@id\":\"https:\\\/\\\/www.bellunopress.it\\\/2011\\\/12\\\/17\\\/convegno-cisl-funzione-pubblica-anna-orsini-siamo-in-una-situazione-che-non-vivevamo-dalla-guerra-come-nel-1947-48-non-ci-sono-macerie-ma-siamo-sotto-lessedio-dei-mercati\\\/\"},\"author\":{\"name\":\"redazione\",\"@id\":\"https:\\\/\\\/www.bellunopress.it\\\/#\\\/schema\\\/person\\\/79bb06722b37ece1c03d3e94beb30d73\"},\"headline\":\"Convegno Cisl Funzione pubblica. Anna Orsini: \u201cSiamo in una situazione che non vivevamo dalla guerra. Come nel 1947-48, non ci sono macerie, ma siamo sotto l&#8217;assedio dei mercati\u201d\",\"datePublished\":\"2011-12-17T19:10:11+00:00\",\"dateModified\":\"2011-12-17T19:11:34+00:00\",\"mainEntityOfPage\":{\"@id\":\"https:\\\/\\\/www.bellunopress.it\\\/2011\\\/12\\\/17\\\/convegno-cisl-funzione-pubblica-anna-orsini-siamo-in-una-situazione-che-non-vivevamo-dalla-guerra-come-nel-1947-48-non-ci-sono-macerie-ma-siamo-sotto-lessedio-dei-mercati\\\/\"},\"wordCount\":534,\"publisher\":{\"@id\":\"https:\\\/\\\/www.bellunopress.it\\\/#organization\"},\"image\":{\"@id\":\"https:\\\/\\\/www.bellunopress.it\\\/2011\\\/12\\\/17\\\/convegno-cisl-funzione-pubblica-anna-orsini-siamo-in-una-situazione-che-non-vivevamo-dalla-guerra-come-nel-1947-48-non-ci-sono-macerie-ma-siamo-sotto-lessedio-dei-mercati\\\/#primaryimage\"},\"thumbnailUrl\":\"http:\\\/\\\/www.bellunopress.it\\\/wp-content\\\/uploads\\\/2011\\\/12\\\/Cisl-001.jpg\",\"articleSection\":[\"Cronaca\\\/Politica\",\"Lavoro, Economia, Turismo\",\"Prima Pagina\"],\"inLanguage\":\"fr-FR\"},{\"@type\":\"WebPage\",\"@id\":\"https:\\\/\\\/www.bellunopress.it\\\/2011\\\/12\\\/17\\\/convegno-cisl-funzione-pubblica-anna-orsini-siamo-in-una-situazione-che-non-vivevamo-dalla-guerra-come-nel-1947-48-non-ci-sono-macerie-ma-siamo-sotto-lessedio-dei-mercati\\\/\",\"url\":\"https:\\\/\\\/www.bellunopress.it\\\/2011\\\/12\\\/17\\\/convegno-cisl-funzione-pubblica-anna-orsini-siamo-in-una-situazione-che-non-vivevamo-dalla-guerra-come-nel-1947-48-non-ci-sono-macerie-ma-siamo-sotto-lessedio-dei-mercati\\\/\",\"name\":\"Convegno Cisl Funzione pubblica. Anna Orsini: \u201cSiamo in una situazione che non vivevamo dalla guerra. Come nel 1947-48, non ci sono macerie, ma siamo sotto l'assedio dei mercati\u201d - Bellunopress - Dolomiti\",\"isPartOf\":{\"@id\":\"https:\\\/\\\/www.bellunopress.it\\\/#website\"},\"primaryImageOfPage\":{\"@id\":\"https:\\\/\\\/www.bellunopress.it\\\/2011\\\/12\\\/17\\\/convegno-cisl-funzione-pubblica-anna-orsini-siamo-in-una-situazione-che-non-vivevamo-dalla-guerra-come-nel-1947-48-non-ci-sono-macerie-ma-siamo-sotto-lessedio-dei-mercati\\\/#primaryimage\"},\"image\":{\"@id\":\"https:\\\/\\\/www.bellunopress.it\\\/2011\\\/12\\\/17\\\/convegno-cisl-funzione-pubblica-anna-orsini-siamo-in-una-situazione-che-non-vivevamo-dalla-guerra-come-nel-1947-48-non-ci-sono-macerie-ma-siamo-sotto-lessedio-dei-mercati\\\/#primaryimage\"},\"thumbnailUrl\":\"http:\\\/\\\/www.bellunopress.it\\\/wp-content\\\/uploads\\\/2011\\\/12\\\/Cisl-001.jpg\",\"datePublished\":\"2011-12-17T19:10:11+00:00\",\"dateModified\":\"2011-12-17T19:11:34+00:00\",\"breadcrumb\":{\"@id\":\"https:\\\/\\\/www.bellunopress.it\\\/2011\\\/12\\\/17\\\/convegno-cisl-funzione-pubblica-anna-orsini-siamo-in-una-situazione-che-non-vivevamo-dalla-guerra-come-nel-1947-48-non-ci-sono-macerie-ma-siamo-sotto-lessedio-dei-mercati\\\/#breadcrumb\"},\"inLanguage\":\"fr-FR\",\"potentialAction\":[{\"@type\":\"ReadAction\",\"target\":[\"https:\\\/\\\/www.bellunopress.it\\\/2011\\\/12\\\/17\\\/convegno-cisl-funzione-pubblica-anna-orsini-siamo-in-una-situazione-che-non-vivevamo-dalla-guerra-come-nel-1947-48-non-ci-sono-macerie-ma-siamo-sotto-lessedio-dei-mercati\\\/\"]}]},{\"@type\":\"ImageObject\",\"inLanguage\":\"fr-FR\",\"@id\":\"https:\\\/\\\/www.bellunopress.it\\\/2011\\\/12\\\/17\\\/convegno-cisl-funzione-pubblica-anna-orsini-siamo-in-una-situazione-che-non-vivevamo-dalla-guerra-come-nel-1947-48-non-ci-sono-macerie-ma-siamo-sotto-lessedio-dei-mercati\\\/#primaryimage\",\"url\":\"http:\\\/\\\/www.bellunopress.it\\\/wp-content\\\/uploads\\\/2011\\\/12\\\/Cisl-001.jpg\",\"contentUrl\":\"http:\\\/\\\/www.bellunopress.it\\\/wp-content\\\/uploads\\\/2011\\\/12\\\/Cisl-001.jpg\"},{\"@type\":\"BreadcrumbList\",\"@id\":\"https:\\\/\\\/www.bellunopress.it\\\/2011\\\/12\\\/17\\\/convegno-cisl-funzione-pubblica-anna-orsini-siamo-in-una-situazione-che-non-vivevamo-dalla-guerra-come-nel-1947-48-non-ci-sono-macerie-ma-siamo-sotto-lessedio-dei-mercati\\\/#breadcrumb\",\"itemListElement\":[{\"@type\":\"ListItem\",\"position\":1,\"name\":\"Home\",\"item\":\"https:\\\/\\\/www.bellunopress.it\\\/\"},{\"@type\":\"ListItem\",\"position\":2,\"name\":\"Convegno Cisl Funzione pubblica. Anna Orsini: \u201cSiamo in una situazione che non vivevamo dalla guerra. Come nel 1947-48, non ci sono macerie, ma siamo sotto l&#8217;assedio dei mercati\u201d\"}]},{\"@type\":\"WebSite\",\"@id\":\"https:\\\/\\\/www.bellunopress.it\\\/#website\",\"url\":\"https:\\\/\\\/www.bellunopress.it\\\/\",\"name\":\"Bellunopress - Dolomiti\",\"description\":\"e-mail: redazione@bellunopress.it\",\"publisher\":{\"@id\":\"https:\\\/\\\/www.bellunopress.it\\\/#organization\"},\"potentialAction\":[{\"@type\":\"SearchAction\",\"target\":{\"@type\":\"EntryPoint\",\"urlTemplate\":\"https:\\\/\\\/www.bellunopress.it\\\/?s={search_term_string}\"},\"query-input\":{\"@type\":\"PropertyValueSpecification\",\"valueRequired\":true,\"valueName\":\"search_term_string\"}}],\"inLanguage\":\"fr-FR\"},{\"@type\":\"Organization\",\"@id\":\"https:\\\/\\\/www.bellunopress.it\\\/#organization\",\"name\":\"Bellunopress\",\"url\":\"https:\\\/\\\/www.bellunopress.it\\\/\",\"logo\":{\"@type\":\"ImageObject\",\"inLanguage\":\"fr-FR\",\"@id\":\"https:\\\/\\\/www.bellunopress.it\\\/#\\\/schema\\\/logo\\\/image\\\/\",\"url\":\"https:\\\/\\\/www.bellunopress.it\\\/wp-content\\\/uploads\\\/2011\\\/05\\\/cropped-logo-bellunopress-.jpg\",\"contentUrl\":\"https:\\\/\\\/www.bellunopress.it\\\/wp-content\\\/uploads\\\/2011\\\/05\\\/cropped-logo-bellunopress-.jpg\",\"width\":512,\"height\":512,\"caption\":\"Bellunopress\"},\"image\":{\"@id\":\"https:\\\/\\\/www.bellunopress.it\\\/#\\\/schema\\\/logo\\\/image\\\/\"},\"sameAs\":[\"https:\\\/\\\/www.facebook.com\\\/profile.php?id=100008943462799\",\"https:\\\/\\\/x.com\\\/bellunopress\",\"https:\\\/\\\/www.linkedin.com\\\/hp\\\/?dnr=JBzUWaJfMUw8vbXJJ2tVW5-I3jZKvC4wsoxE&amp;amp;amp;amp;amp;amp;trk=nav_responsive_tab_home\",\"https:\\\/\\\/www.youtube.com\\\/channel\\\/UCxL0wu1uN0_3_7hGG0306cw\"]},{\"@type\":\"Person\",\"@id\":\"https:\\\/\\\/www.bellunopress.it\\\/#\\\/schema\\\/person\\\/79bb06722b37ece1c03d3e94beb30d73\",\"name\":\"redazione\",\"image\":{\"@type\":\"ImageObject\",\"inLanguage\":\"fr-FR\",\"@id\":\"https:\\\/\\\/secure.gravatar.com\\\/avatar\\\/37d968a2e67a6fd04c169c4bdef102d0bc5d31b2546345219e348575eb80e9a0?s=96&d=mm&r=g\",\"url\":\"https:\\\/\\\/secure.gravatar.com\\\/avatar\\\/37d968a2e67a6fd04c169c4bdef102d0bc5d31b2546345219e348575eb80e9a0?s=96&d=mm&r=g\",\"contentUrl\":\"https:\\\/\\\/secure.gravatar.com\\\/avatar\\\/37d968a2e67a6fd04c169c4bdef102d0bc5d31b2546345219e348575eb80e9a0?s=96&d=mm&r=g\",\"caption\":\"redazione\"},\"sameAs\":[\"http:\\\/\\\/www.bellunopress.it\",\"https:\\\/\\\/x.com\\\/bellunopress\"],\"url\":\"https:\\\/\\\/www.bellunopress.it\\\/fr\\\/author\\\/redazione\\\/\"}]}<\/script>\n<!-- \/ Yoast SEO plugin. -->","yoast_head_json":{"title":"Convegno Cisl Funzione pubblica. Anna Orsini: \u201cSiamo in una situazione che non vivevamo dalla guerra. Come nel 1947-48, non ci sono macerie, ma siamo sotto l'assedio dei mercati\u201d - Bellunopress - Dolomiti","robots":{"index":"index","follow":"follow","max-snippet":"max-snippet:-1","max-image-preview":"max-image-preview:large","max-video-preview":"max-video-preview:-1"},"canonical":"https:\/\/www.bellunopress.it\/fr\/2011\/12\/17\/convegno-cisl-funzione-pubblica-anna-orsini-siamo-in-una-situazione-che-non-vivevamo-dalla-guerra-come-nel-1947-48-non-ci-sono-macerie-ma-siamo-sotto-lessedio-dei-mercati\/","og_locale":"fr_FR","og_type":"article","og_title":"Convegno Cisl Funzione pubblica. Anna Orsini: \u201cSiamo in una situazione che non vivevamo dalla guerra. Come nel 1947-48, non ci sono macerie, ma siamo sotto l'assedio dei mercati\u201d - Bellunopress - Dolomiti","og_description":"Rinnovo delle rappresentaze sindacali Rsu del 5-6-7 marzo 2012 e sciopero del pubblico impiego del luned\u00ec contro la manovra Monti, questi i due temi caldi del congresso Cisl Funzione pubblica che si \u00e8 tenuto al ristorante Piol di Limana nella giornata di gioved\u00ec.\u00a0\u00a0\u00a0 \u00abSiamo in una situazione che non vivevamo dai tempi della guerra. Un&#8217;Italia [&hellip;]","og_url":"https:\/\/www.bellunopress.it\/fr\/2011\/12\/17\/convegno-cisl-funzione-pubblica-anna-orsini-siamo-in-una-situazione-che-non-vivevamo-dalla-guerra-come-nel-1947-48-non-ci-sono-macerie-ma-siamo-sotto-lessedio-dei-mercati\/","og_site_name":"Bellunopress - Dolomiti","article_publisher":"https:\/\/www.facebook.com\/profile.php?id=100008943462799","article_published_time":"2011-12-17T19:10:11+00:00","article_modified_time":"2011-12-17T19:11:34+00:00","og_image":[{"url":"http:\/\/www.bellunopress.it\/wp-content\/uploads\/2011\/12\/Cisl-001.jpg","type":"","width":"","height":""}],"author":"redazione","twitter_card":"summary_large_image","twitter_creator":"@bellunopress","twitter_site":"@bellunopress","twitter_misc":{"Written by":"redazione","Est. reading time":"2 minutes"},"schema":{"@context":"https:\/\/schema.org","@graph":[{"@type":"Article","@id":"https:\/\/www.bellunopress.it\/2011\/12\/17\/convegno-cisl-funzione-pubblica-anna-orsini-siamo-in-una-situazione-che-non-vivevamo-dalla-guerra-come-nel-1947-48-non-ci-sono-macerie-ma-siamo-sotto-lessedio-dei-mercati\/#article","isPartOf":{"@id":"https:\/\/www.bellunopress.it\/2011\/12\/17\/convegno-cisl-funzione-pubblica-anna-orsini-siamo-in-una-situazione-che-non-vivevamo-dalla-guerra-come-nel-1947-48-non-ci-sono-macerie-ma-siamo-sotto-lessedio-dei-mercati\/"},"author":{"name":"redazione","@id":"https:\/\/www.bellunopress.it\/#\/schema\/person\/79bb06722b37ece1c03d3e94beb30d73"},"headline":"Convegno Cisl Funzione pubblica. Anna Orsini: \u201cSiamo in una situazione che non vivevamo dalla guerra. Come nel 1947-48, non ci sono macerie, ma siamo sotto l&#8217;assedio dei mercati\u201d","datePublished":"2011-12-17T19:10:11+00:00","dateModified":"2011-12-17T19:11:34+00:00","mainEntityOfPage":{"@id":"https:\/\/www.bellunopress.it\/2011\/12\/17\/convegno-cisl-funzione-pubblica-anna-orsini-siamo-in-una-situazione-che-non-vivevamo-dalla-guerra-come-nel-1947-48-non-ci-sono-macerie-ma-siamo-sotto-lessedio-dei-mercati\/"},"wordCount":534,"publisher":{"@id":"https:\/\/www.bellunopress.it\/#organization"},"image":{"@id":"https:\/\/www.bellunopress.it\/2011\/12\/17\/convegno-cisl-funzione-pubblica-anna-orsini-siamo-in-una-situazione-che-non-vivevamo-dalla-guerra-come-nel-1947-48-non-ci-sono-macerie-ma-siamo-sotto-lessedio-dei-mercati\/#primaryimage"},"thumbnailUrl":"http:\/\/www.bellunopress.it\/wp-content\/uploads\/2011\/12\/Cisl-001.jpg","articleSection":["Cronaca\/Politica","Lavoro, Economia, Turismo","Prima Pagina"],"inLanguage":"fr-FR"},{"@type":"WebPage","@id":"https:\/\/www.bellunopress.it\/2011\/12\/17\/convegno-cisl-funzione-pubblica-anna-orsini-siamo-in-una-situazione-che-non-vivevamo-dalla-guerra-come-nel-1947-48-non-ci-sono-macerie-ma-siamo-sotto-lessedio-dei-mercati\/","url":"https:\/\/www.bellunopress.it\/2011\/12\/17\/convegno-cisl-funzione-pubblica-anna-orsini-siamo-in-una-situazione-che-non-vivevamo-dalla-guerra-come-nel-1947-48-non-ci-sono-macerie-ma-siamo-sotto-lessedio-dei-mercati\/","name":"Convegno Cisl Funzione pubblica. Anna Orsini: \u201cSiamo in una situazione che non vivevamo dalla guerra. Come nel 1947-48, non ci sono macerie, ma siamo sotto l'assedio dei mercati\u201d - Bellunopress - Dolomiti","isPartOf":{"@id":"https:\/\/www.bellunopress.it\/#website"},"primaryImageOfPage":{"@id":"https:\/\/www.bellunopress.it\/2011\/12\/17\/convegno-cisl-funzione-pubblica-anna-orsini-siamo-in-una-situazione-che-non-vivevamo-dalla-guerra-come-nel-1947-48-non-ci-sono-macerie-ma-siamo-sotto-lessedio-dei-mercati\/#primaryimage"},"image":{"@id":"https:\/\/www.bellunopress.it\/2011\/12\/17\/convegno-cisl-funzione-pubblica-anna-orsini-siamo-in-una-situazione-che-non-vivevamo-dalla-guerra-come-nel-1947-48-non-ci-sono-macerie-ma-siamo-sotto-lessedio-dei-mercati\/#primaryimage"},"thumbnailUrl":"http:\/\/www.bellunopress.it\/wp-content\/uploads\/2011\/12\/Cisl-001.jpg","datePublished":"2011-12-17T19:10:11+00:00","dateModified":"2011-12-17T19:11:34+00:00","breadcrumb":{"@id":"https:\/\/www.bellunopress.it\/2011\/12\/17\/convegno-cisl-funzione-pubblica-anna-orsini-siamo-in-una-situazione-che-non-vivevamo-dalla-guerra-come-nel-1947-48-non-ci-sono-macerie-ma-siamo-sotto-lessedio-dei-mercati\/#breadcrumb"},"inLanguage":"fr-FR","potentialAction":[{"@type":"ReadAction","target":["https:\/\/www.bellunopress.it\/2011\/12\/17\/convegno-cisl-funzione-pubblica-anna-orsini-siamo-in-una-situazione-che-non-vivevamo-dalla-guerra-come-nel-1947-48-non-ci-sono-macerie-ma-siamo-sotto-lessedio-dei-mercati\/"]}]},{"@type":"ImageObject","inLanguage":"fr-FR","@id":"https:\/\/www.bellunopress.it\/2011\/12\/17\/convegno-cisl-funzione-pubblica-anna-orsini-siamo-in-una-situazione-che-non-vivevamo-dalla-guerra-come-nel-1947-48-non-ci-sono-macerie-ma-siamo-sotto-lessedio-dei-mercati\/#primaryimage","url":"http:\/\/www.bellunopress.it\/wp-content\/uploads\/2011\/12\/Cisl-001.jpg","contentUrl":"http:\/\/www.bellunopress.it\/wp-content\/uploads\/2011\/12\/Cisl-001.jpg"},{"@type":"BreadcrumbList","@id":"https:\/\/www.bellunopress.it\/2011\/12\/17\/convegno-cisl-funzione-pubblica-anna-orsini-siamo-in-una-situazione-che-non-vivevamo-dalla-guerra-come-nel-1947-48-non-ci-sono-macerie-ma-siamo-sotto-lessedio-dei-mercati\/#breadcrumb","itemListElement":[{"@type":"ListItem","position":1,"name":"Home","item":"https:\/\/www.bellunopress.it\/"},{"@type":"ListItem","position":2,"name":"Convegno Cisl Funzione pubblica. Anna Orsini: \u201cSiamo in una situazione che non vivevamo dalla guerra. Come nel 1947-48, non ci sono macerie, ma siamo sotto l&#8217;assedio dei mercati\u201d"}]},{"@type":"WebSite","@id":"https:\/\/www.bellunopress.it\/#website","url":"https:\/\/www.bellunopress.it\/","name":"Bellunopress - Dolomiti","description":"e-mail: redazione@bellunopress.it","publisher":{"@id":"https:\/\/www.bellunopress.it\/#organization"},"potentialAction":[{"@type":"SearchAction","target":{"@type":"EntryPoint","urlTemplate":"https:\/\/www.bellunopress.it\/?s={search_term_string}"},"query-input":{"@type":"PropertyValueSpecification","valueRequired":true,"valueName":"search_term_string"}}],"inLanguage":"fr-FR"},{"@type":"Organization","@id":"https:\/\/www.bellunopress.it\/#organization","name":"Bellunopress","url":"https:\/\/www.bellunopress.it\/","logo":{"@type":"ImageObject","inLanguage":"fr-FR","@id":"https:\/\/www.bellunopress.it\/#\/schema\/logo\/image\/","url":"https:\/\/www.bellunopress.it\/wp-content\/uploads\/2011\/05\/cropped-logo-bellunopress-.jpg","contentUrl":"https:\/\/www.bellunopress.it\/wp-content\/uploads\/2011\/05\/cropped-logo-bellunopress-.jpg","width":512,"height":512,"caption":"Bellunopress"},"image":{"@id":"https:\/\/www.bellunopress.it\/#\/schema\/logo\/image\/"},"sameAs":["https:\/\/www.facebook.com\/profile.php?id=100008943462799","https:\/\/x.com\/bellunopress","https:\/\/www.linkedin.com\/hp\/?dnr=JBzUWaJfMUw8vbXJJ2tVW5-I3jZKvC4wsoxE&amp;amp;amp;amp;amp;amp;trk=nav_responsive_tab_home","https:\/\/www.youtube.com\/channel\/UCxL0wu1uN0_3_7hGG0306cw"]},{"@type":"Person","@id":"https:\/\/www.bellunopress.it\/#\/schema\/person\/79bb06722b37ece1c03d3e94beb30d73","name":"r\u00e9daction","image":{"@type":"ImageObject","inLanguage":"fr-FR","@id":"https:\/\/secure.gravatar.com\/avatar\/37d968a2e67a6fd04c169c4bdef102d0bc5d31b2546345219e348575eb80e9a0?s=96&d=mm&r=g","url":"https:\/\/secure.gravatar.com\/avatar\/37d968a2e67a6fd04c169c4bdef102d0bc5d31b2546345219e348575eb80e9a0?s=96&d=mm&r=g","contentUrl":"https:\/\/secure.gravatar.com\/avatar\/37d968a2e67a6fd04c169c4bdef102d0bc5d31b2546345219e348575eb80e9a0?s=96&d=mm&r=g","caption":"redazione"},"sameAs":["http:\/\/www.bellunopress.it","https:\/\/x.com\/bellunopress"],"url":"https:\/\/www.bellunopress.it\/fr\/author\/redazione\/"}]}},"_links":{"self":[{"href":"https:\/\/www.bellunopress.it\/fr\/wp-json\/wp\/v2\/posts\/33435","targetHints":{"allow":["GET"]}}],"collection":[{"href":"https:\/\/www.bellunopress.it\/fr\/wp-json\/wp\/v2\/posts"}],"about":[{"href":"https:\/\/www.bellunopress.it\/fr\/wp-json\/wp\/v2\/types\/post"}],"author":[{"embeddable":true,"href":"https:\/\/www.bellunopress.it\/fr\/wp-json\/wp\/v2\/users\/2"}],"replies":[{"embeddable":true,"href":"https:\/\/www.bellunopress.it\/fr\/wp-json\/wp\/v2\/comments?post=33435"}],"version-history":[{"count":3,"href":"https:\/\/www.bellunopress.it\/fr\/wp-json\/wp\/v2\/posts\/33435\/revisions"}],"predecessor-version":[{"id":33439,"href":"https:\/\/www.bellunopress.it\/fr\/wp-json\/wp\/v2\/posts\/33435\/revisions\/33439"}],"wp:attachment":[{"href":"https:\/\/www.bellunopress.it\/fr\/wp-json\/wp\/v2\/media?parent=33435"}],"wp:term":[{"taxonomy":"category","embeddable":true,"href":"https:\/\/www.bellunopress.it\/fr\/wp-json\/wp\/v2\/categories?post=33435"},{"taxonomy":"post_tag","embeddable":true,"href":"https:\/\/www.bellunopress.it\/fr\/wp-json\/wp\/v2\/tags?post=33435"}],"curies":[{"name":"wp","href":"https:\/\/api.w.org\/{rel}","templated":true}]}}