{"id":33428,"date":"2011-12-17T18:14:53","date_gmt":"2011-12-17T17:14:53","guid":{"rendered":"http:\/\/www.bellunopress.it\/?p=33428"},"modified":"2011-12-17T18:14:53","modified_gmt":"2011-12-17T17:14:53","slug":"anche-il-vajont-in-a-rugged-nation-il-libro-di-marco-armiero","status":"publish","type":"post","link":"https:\/\/www.bellunopress.it\/fr\/2011\/12\/17\/anche-il-vajont-in-a-rugged-nation-il-libro-di-marco-armiero\/","title":{"rendered":"Anche il Vajont in \u201cA Rugged Nation\u201d, il libro di Marco Armiero"},"content":{"rendered":"<p>Nonostante la montagna rappresenti il 35 per cento del territorio nazionale (e la collina il 42 per cento), non \u00e8 mai stata centrale nella coscienza nazionale, nella rappresentazione dell\u2019Italia all\u2019estero, nella stessa auto-rappresentazione degli italiani. I complessi motivi di questa marginalit\u00e0 della montagna italiana sono raccontati in un libro di grande interesse, disponibile per ora in inglese in attesa di una traduzione italiana: \u201cA Rugged Nation. <a href=\"http:\/\/www.bellunopress.it\/wp-content\/uploads\/2011\/12\/A-Rugged-Nation.jpg\"><img loading=\"lazy\" decoding=\"async\" class=\"alignleft size-full wp-image-33429\" title=\"A Rugged Nation\" src=\"http:\/\/www.bellunopress.it\/wp-content\/uploads\/2011\/12\/A-Rugged-Nation.jpg\" alt=\"\" width=\"182\" height=\"270\" \/><\/a>Mountains and the Making of Modern Italy\u201d di Marco Armiero (The White Horse Press, Cambridge; int. <a href=\"http:\/\/www.whpress.co.uk\">www.whpress.co.uk<\/a>). \u00a0Armiero \u00e8 uno storico dell\u2019ambiente, ricercatore del Cnr, ha lavorato negli Stati Uniti, in Inghilterra e in Spagna. Il libro investiga, dal punto di vista eco-storico e utilizzando il caso della montagna, come la natura \u00e8 stata inglobata nella narrazione nazionale dell\u2019Italia. Dal mito della montagna sublime e selvaggia a quello dei bastioni naturali a difesa dei sacri confini, dal dichiarato intento di ridurre a ordine l\u2019inquietante caos di una natura pericolosa e ribelle a quello di domarla con dighe e bacini nel nome della modernizzazione e del superiore interesse nazionale incarnato dall\u2019imperialismo idroelettrico, la montagna \u00e8 stata sempre bersagliata e modellata da \u201cparole e bombe\u201d. Trincee, forti, gallerie, ma anche dighe, strade, ferrovie, funivie hanno cambiato il volto delle montagne. \u201cIl risultato\u201d, scrive Armiero, \u201c\u00e8 un paesaggio ibrido\u201d che nei passaggi della modernizzazione ha radicalmente ridisegnato anche il precedente paesaggio antropico segnato dal lavoro di generazioni. Per \u201cdomare la natura\u201d occorreva anche \u201cdomare i montanari\u201d, annullare le propriet\u00e0 collettive tradizionali e imporre alla montagna ruoli che prescindevano dagli interessi delle comunit\u00e0 locali nel nome dell\u2019interesse nazionale. \u00a0Armiero esamina i passaggi cruciali di questa trasformazione a partire dall\u2019unit\u00e0 d\u2019Italia: il brigantaggio nel Sud, la retorica alpina, il ruolo del Cai e del Tci, la politicizzazione del paesaggio di guerra, il ruralismo del fascismo, l\u2019esaltazione del montanaro come genuino depositario delle virt\u00f9 patrie di onest\u00e0, semplicit\u00e0, resistenza, obbedienza. \u00a0Due i casi-tipo in cui la montagna riacquista per qualche momento la sua \u201ccentralit\u00e0\u201d nella coscienza nazionale, per motivi diversi. Il primo \u00e8 la Resistenza, quando nell\u2019immaginario collettivo nazionale la montagna riconquista il carattere di rifugio ospitale ed insieme di fondamento del rinnovamento nazionale. Il secondo caso \u00e8 il disastro del Vajont, che Armiero tratta a lungo come caso emblematico dell\u2019occupazione della montagna da parte di interessi esterni senza alcuna preoccupazione per la sorte delle comunit\u00e0 locali, sordi anche alle denunce di chi, come la giornalista Tina Merlin, lanciava l\u2019allarme su quanto stava accadendo. Entrambi i casi, tuttavia, resteranno delle parentesi che ci si sforzer\u00e0 di dimenticare o di stravolgere.<\/p>","protected":false},"excerpt":{"rendered":"<p>Nonostante la montagna rappresenti il 35 per cento del territorio nazionale (e la collina il 42 per cento), non \u00e8 mai stata centrale nella coscienza nazionale, nella rappresentazione dell\u2019Italia all\u2019estero, nella stessa auto-rappresentazione degli italiani. I complessi motivi di questa marginalit\u00e0 della montagna italiana sono raccontati in un libro di grande interesse, disponibile per ora [&hellip;]<\/p>\n","protected":false},"author":2,"featured_media":0,"comment_status":"closed","ping_status":"open","sticky":false,"template":"","format":"standard","meta":{"footnotes":""},"categories":[3,25],"tags":[],"class_list":["post-33428","post","type-post","status-publish","format-standard","category-arte-cultura-spettacoli-scienza-archivi","category-pausa-caffe"],"yoast_head":"<!-- This site is optimized with the Yoast SEO plugin v28.4 - https:\/\/yoast.com\/product\/yoast-seo-wordpress\/ -->\n<title>Anche il Vajont in \u201cA Rugged Nation\u201d, il libro di Marco Armiero - Bellunopress - Dolomiti<\/title>\n<meta name=\"robots\" content=\"index, follow, max-snippet:-1, max-image-preview:large, max-video-preview:-1\" \/>\n<link rel=\"canonical\" href=\"https:\/\/www.bellunopress.it\/fr\/2011\/12\/17\/anche-il-vajont-in-a-rugged-nation-il-libro-di-marco-armiero\/\" \/>\n<meta property=\"og:locale\" content=\"fr_FR\" \/>\n<meta property=\"og:type\" content=\"article\" \/>\n<meta property=\"og:title\" content=\"Anche il Vajont in \u201cA Rugged Nation\u201d, il libro di Marco Armiero - Bellunopress - Dolomiti\" \/>\n<meta property=\"og:description\" content=\"Nonostante la montagna rappresenti il 35 per cento del territorio nazionale (e la collina il 42 per cento), non \u00e8 mai stata centrale nella coscienza nazionale, nella rappresentazione dell\u2019Italia all\u2019estero, nella stessa auto-rappresentazione degli italiani. I complessi motivi di questa marginalit\u00e0 della montagna italiana sono raccontati in un libro di grande interesse, disponibile per ora [&hellip;]\" \/>\n<meta property=\"og:url\" content=\"https:\/\/www.bellunopress.it\/fr\/2011\/12\/17\/anche-il-vajont-in-a-rugged-nation-il-libro-di-marco-armiero\/\" \/>\n<meta property=\"og:site_name\" content=\"Bellunopress - Dolomiti\" \/>\n<meta property=\"article:publisher\" content=\"https:\/\/www.facebook.com\/profile.php?id=100008943462799\" \/>\n<meta property=\"article:published_time\" content=\"2011-12-17T17:14:53+00:00\" \/>\n<meta property=\"og:image\" content=\"http:\/\/www.bellunopress.it\/wp-content\/uploads\/2011\/12\/A-Rugged-Nation.jpg\" \/>\n<meta name=\"author\" content=\"redazione\" \/>\n<meta name=\"twitter:card\" content=\"summary_large_image\" \/>\n<meta name=\"twitter:creator\" content=\"@bellunopress\" \/>\n<meta name=\"twitter:site\" content=\"@bellunopress\" \/>\n<meta name=\"twitter:label1\" content=\"Written by\" \/>\n\t<meta name=\"twitter:data1\" content=\"redazione\" \/>\n\t<meta name=\"twitter:label2\" content=\"Est. reading time\" \/>\n\t<meta name=\"twitter:data2\" content=\"2 minutes\" \/>\n<script type=\"application\/ld+json\" class=\"yoast-schema-graph\">{\"@context\":\"https:\\\/\\\/schema.org\",\"@graph\":[{\"@type\":\"Article\",\"@id\":\"https:\\\/\\\/www.bellunopress.it\\\/2011\\\/12\\\/17\\\/anche-il-vajont-in-a-rugged-nation-il-libro-di-marco-armiero\\\/#article\",\"isPartOf\":{\"@id\":\"https:\\\/\\\/www.bellunopress.it\\\/2011\\\/12\\\/17\\\/anche-il-vajont-in-a-rugged-nation-il-libro-di-marco-armiero\\\/\"},\"author\":{\"name\":\"redazione\",\"@id\":\"https:\\\/\\\/www.bellunopress.it\\\/#\\\/schema\\\/person\\\/79bb06722b37ece1c03d3e94beb30d73\"},\"headline\":\"Anche il Vajont in \u201cA Rugged Nation\u201d, il libro di Marco Armiero\",\"datePublished\":\"2011-12-17T17:14:53+00:00\",\"mainEntityOfPage\":{\"@id\":\"https:\\\/\\\/www.bellunopress.it\\\/2011\\\/12\\\/17\\\/anche-il-vajont-in-a-rugged-nation-il-libro-di-marco-armiero\\\/\"},\"wordCount\":439,\"publisher\":{\"@id\":\"https:\\\/\\\/www.bellunopress.it\\\/#organization\"},\"image\":{\"@id\":\"https:\\\/\\\/www.bellunopress.it\\\/2011\\\/12\\\/17\\\/anche-il-vajont-in-a-rugged-nation-il-libro-di-marco-armiero\\\/#primaryimage\"},\"thumbnailUrl\":\"http:\\\/\\\/www.bellunopress.it\\\/wp-content\\\/uploads\\\/2011\\\/12\\\/A-Rugged-Nation.jpg\",\"articleSection\":[\"Arte, Cultura, Spettacoli, Scienza\",\"Pausa Caff\u00e8\"],\"inLanguage\":\"fr-FR\"},{\"@type\":\"WebPage\",\"@id\":\"https:\\\/\\\/www.bellunopress.it\\\/2011\\\/12\\\/17\\\/anche-il-vajont-in-a-rugged-nation-il-libro-di-marco-armiero\\\/\",\"url\":\"https:\\\/\\\/www.bellunopress.it\\\/2011\\\/12\\\/17\\\/anche-il-vajont-in-a-rugged-nation-il-libro-di-marco-armiero\\\/\",\"name\":\"Anche il Vajont in \u201cA Rugged Nation\u201d, il libro di Marco Armiero - Bellunopress - Dolomiti\",\"isPartOf\":{\"@id\":\"https:\\\/\\\/www.bellunopress.it\\\/#website\"},\"primaryImageOfPage\":{\"@id\":\"https:\\\/\\\/www.bellunopress.it\\\/2011\\\/12\\\/17\\\/anche-il-vajont-in-a-rugged-nation-il-libro-di-marco-armiero\\\/#primaryimage\"},\"image\":{\"@id\":\"https:\\\/\\\/www.bellunopress.it\\\/2011\\\/12\\\/17\\\/anche-il-vajont-in-a-rugged-nation-il-libro-di-marco-armiero\\\/#primaryimage\"},\"thumbnailUrl\":\"http:\\\/\\\/www.bellunopress.it\\\/wp-content\\\/uploads\\\/2011\\\/12\\\/A-Rugged-Nation.jpg\",\"datePublished\":\"2011-12-17T17:14:53+00:00\",\"breadcrumb\":{\"@id\":\"https:\\\/\\\/www.bellunopress.it\\\/2011\\\/12\\\/17\\\/anche-il-vajont-in-a-rugged-nation-il-libro-di-marco-armiero\\\/#breadcrumb\"},\"inLanguage\":\"fr-FR\",\"potentialAction\":[{\"@type\":\"ReadAction\",\"target\":[\"https:\\\/\\\/www.bellunopress.it\\\/2011\\\/12\\\/17\\\/anche-il-vajont-in-a-rugged-nation-il-libro-di-marco-armiero\\\/\"]}]},{\"@type\":\"ImageObject\",\"inLanguage\":\"fr-FR\",\"@id\":\"https:\\\/\\\/www.bellunopress.it\\\/2011\\\/12\\\/17\\\/anche-il-vajont-in-a-rugged-nation-il-libro-di-marco-armiero\\\/#primaryimage\",\"url\":\"http:\\\/\\\/www.bellunopress.it\\\/wp-content\\\/uploads\\\/2011\\\/12\\\/A-Rugged-Nation.jpg\",\"contentUrl\":\"http:\\\/\\\/www.bellunopress.it\\\/wp-content\\\/uploads\\\/2011\\\/12\\\/A-Rugged-Nation.jpg\"},{\"@type\":\"BreadcrumbList\",\"@id\":\"https:\\\/\\\/www.bellunopress.it\\\/2011\\\/12\\\/17\\\/anche-il-vajont-in-a-rugged-nation-il-libro-di-marco-armiero\\\/#breadcrumb\",\"itemListElement\":[{\"@type\":\"ListItem\",\"position\":1,\"name\":\"Home\",\"item\":\"https:\\\/\\\/www.bellunopress.it\\\/\"},{\"@type\":\"ListItem\",\"position\":2,\"name\":\"Anche il Vajont in \u201cA Rugged Nation\u201d, il libro di Marco Armiero\"}]},{\"@type\":\"WebSite\",\"@id\":\"https:\\\/\\\/www.bellunopress.it\\\/#website\",\"url\":\"https:\\\/\\\/www.bellunopress.it\\\/\",\"name\":\"Bellunopress - Dolomiti\",\"description\":\"e-mail: redazione@bellunopress.it\",\"publisher\":{\"@id\":\"https:\\\/\\\/www.bellunopress.it\\\/#organization\"},\"potentialAction\":[{\"@type\":\"SearchAction\",\"target\":{\"@type\":\"EntryPoint\",\"urlTemplate\":\"https:\\\/\\\/www.bellunopress.it\\\/?s={search_term_string}\"},\"query-input\":{\"@type\":\"PropertyValueSpecification\",\"valueRequired\":true,\"valueName\":\"search_term_string\"}}],\"inLanguage\":\"fr-FR\"},{\"@type\":\"Organization\",\"@id\":\"https:\\\/\\\/www.bellunopress.it\\\/#organization\",\"name\":\"Bellunopress\",\"url\":\"https:\\\/\\\/www.bellunopress.it\\\/\",\"logo\":{\"@type\":\"ImageObject\",\"inLanguage\":\"fr-FR\",\"@id\":\"https:\\\/\\\/www.bellunopress.it\\\/#\\\/schema\\\/logo\\\/image\\\/\",\"url\":\"https:\\\/\\\/www.bellunopress.it\\\/wp-content\\\/uploads\\\/2011\\\/05\\\/cropped-logo-bellunopress-.jpg\",\"contentUrl\":\"https:\\\/\\\/www.bellunopress.it\\\/wp-content\\\/uploads\\\/2011\\\/05\\\/cropped-logo-bellunopress-.jpg\",\"width\":512,\"height\":512,\"caption\":\"Bellunopress\"},\"image\":{\"@id\":\"https:\\\/\\\/www.bellunopress.it\\\/#\\\/schema\\\/logo\\\/image\\\/\"},\"sameAs\":[\"https:\\\/\\\/www.facebook.com\\\/profile.php?id=100008943462799\",\"https:\\\/\\\/x.com\\\/bellunopress\",\"https:\\\/\\\/www.linkedin.com\\\/hp\\\/?dnr=JBzUWaJfMUw8vbXJJ2tVW5-I3jZKvC4wsoxE&amp;amp;amp;amp;amp;amp;trk=nav_responsive_tab_home\",\"https:\\\/\\\/www.youtube.com\\\/channel\\\/UCxL0wu1uN0_3_7hGG0306cw\"]},{\"@type\":\"Person\",\"@id\":\"https:\\\/\\\/www.bellunopress.it\\\/#\\\/schema\\\/person\\\/79bb06722b37ece1c03d3e94beb30d73\",\"name\":\"redazione\",\"image\":{\"@type\":\"ImageObject\",\"inLanguage\":\"fr-FR\",\"@id\":\"https:\\\/\\\/secure.gravatar.com\\\/avatar\\\/37d968a2e67a6fd04c169c4bdef102d0bc5d31b2546345219e348575eb80e9a0?s=96&d=mm&r=g\",\"url\":\"https:\\\/\\\/secure.gravatar.com\\\/avatar\\\/37d968a2e67a6fd04c169c4bdef102d0bc5d31b2546345219e348575eb80e9a0?s=96&d=mm&r=g\",\"contentUrl\":\"https:\\\/\\\/secure.gravatar.com\\\/avatar\\\/37d968a2e67a6fd04c169c4bdef102d0bc5d31b2546345219e348575eb80e9a0?s=96&d=mm&r=g\",\"caption\":\"redazione\"},\"sameAs\":[\"http:\\\/\\\/www.bellunopress.it\",\"https:\\\/\\\/x.com\\\/bellunopress\"],\"url\":\"https:\\\/\\\/www.bellunopress.it\\\/fr\\\/author\\\/redazione\\\/\"}]}<\/script>\n<!-- \/ Yoast SEO plugin. -->","yoast_head_json":{"title":"Anche il Vajont in \u201cA Rugged Nation\u201d, il libro di Marco Armiero - Bellunopress - Dolomiti","robots":{"index":"index","follow":"follow","max-snippet":"max-snippet:-1","max-image-preview":"max-image-preview:large","max-video-preview":"max-video-preview:-1"},"canonical":"https:\/\/www.bellunopress.it\/fr\/2011\/12\/17\/anche-il-vajont-in-a-rugged-nation-il-libro-di-marco-armiero\/","og_locale":"fr_FR","og_type":"article","og_title":"Anche il Vajont in \u201cA Rugged Nation\u201d, il libro di Marco Armiero - Bellunopress - Dolomiti","og_description":"Nonostante la montagna rappresenti il 35 per cento del territorio nazionale (e la collina il 42 per cento), non \u00e8 mai stata centrale nella coscienza nazionale, nella rappresentazione dell\u2019Italia all\u2019estero, nella stessa auto-rappresentazione degli italiani. I complessi motivi di questa marginalit\u00e0 della montagna italiana sono raccontati in un libro di grande interesse, disponibile per ora [&hellip;]","og_url":"https:\/\/www.bellunopress.it\/fr\/2011\/12\/17\/anche-il-vajont-in-a-rugged-nation-il-libro-di-marco-armiero\/","og_site_name":"Bellunopress - Dolomiti","article_publisher":"https:\/\/www.facebook.com\/profile.php?id=100008943462799","article_published_time":"2011-12-17T17:14:53+00:00","og_image":[{"url":"http:\/\/www.bellunopress.it\/wp-content\/uploads\/2011\/12\/A-Rugged-Nation.jpg","type":"","width":"","height":""}],"author":"redazione","twitter_card":"summary_large_image","twitter_creator":"@bellunopress","twitter_site":"@bellunopress","twitter_misc":{"Written by":"redazione","Est. reading time":"2 minutes"},"schema":{"@context":"https:\/\/schema.org","@graph":[{"@type":"Article","@id":"https:\/\/www.bellunopress.it\/2011\/12\/17\/anche-il-vajont-in-a-rugged-nation-il-libro-di-marco-armiero\/#article","isPartOf":{"@id":"https:\/\/www.bellunopress.it\/2011\/12\/17\/anche-il-vajont-in-a-rugged-nation-il-libro-di-marco-armiero\/"},"author":{"name":"redazione","@id":"https:\/\/www.bellunopress.it\/#\/schema\/person\/79bb06722b37ece1c03d3e94beb30d73"},"headline":"Anche il Vajont in \u201cA Rugged Nation\u201d, il libro di Marco Armiero","datePublished":"2011-12-17T17:14:53+00:00","mainEntityOfPage":{"@id":"https:\/\/www.bellunopress.it\/2011\/12\/17\/anche-il-vajont-in-a-rugged-nation-il-libro-di-marco-armiero\/"},"wordCount":439,"publisher":{"@id":"https:\/\/www.bellunopress.it\/#organization"},"image":{"@id":"https:\/\/www.bellunopress.it\/2011\/12\/17\/anche-il-vajont-in-a-rugged-nation-il-libro-di-marco-armiero\/#primaryimage"},"thumbnailUrl":"http:\/\/www.bellunopress.it\/wp-content\/uploads\/2011\/12\/A-Rugged-Nation.jpg","articleSection":["Arte, Cultura, Spettacoli, Scienza","Pausa Caff\u00e8"],"inLanguage":"fr-FR"},{"@type":"WebPage","@id":"https:\/\/www.bellunopress.it\/2011\/12\/17\/anche-il-vajont-in-a-rugged-nation-il-libro-di-marco-armiero\/","url":"https:\/\/www.bellunopress.it\/2011\/12\/17\/anche-il-vajont-in-a-rugged-nation-il-libro-di-marco-armiero\/","name":"Anche il Vajont in \u201cA Rugged Nation\u201d, il libro di Marco Armiero - Bellunopress - Dolomiti","isPartOf":{"@id":"https:\/\/www.bellunopress.it\/#website"},"primaryImageOfPage":{"@id":"https:\/\/www.bellunopress.it\/2011\/12\/17\/anche-il-vajont-in-a-rugged-nation-il-libro-di-marco-armiero\/#primaryimage"},"image":{"@id":"https:\/\/www.bellunopress.it\/2011\/12\/17\/anche-il-vajont-in-a-rugged-nation-il-libro-di-marco-armiero\/#primaryimage"},"thumbnailUrl":"http:\/\/www.bellunopress.it\/wp-content\/uploads\/2011\/12\/A-Rugged-Nation.jpg","datePublished":"2011-12-17T17:14:53+00:00","breadcrumb":{"@id":"https:\/\/www.bellunopress.it\/2011\/12\/17\/anche-il-vajont-in-a-rugged-nation-il-libro-di-marco-armiero\/#breadcrumb"},"inLanguage":"fr-FR","potentialAction":[{"@type":"ReadAction","target":["https:\/\/www.bellunopress.it\/2011\/12\/17\/anche-il-vajont-in-a-rugged-nation-il-libro-di-marco-armiero\/"]}]},{"@type":"ImageObject","inLanguage":"fr-FR","@id":"https:\/\/www.bellunopress.it\/2011\/12\/17\/anche-il-vajont-in-a-rugged-nation-il-libro-di-marco-armiero\/#primaryimage","url":"http:\/\/www.bellunopress.it\/wp-content\/uploads\/2011\/12\/A-Rugged-Nation.jpg","contentUrl":"http:\/\/www.bellunopress.it\/wp-content\/uploads\/2011\/12\/A-Rugged-Nation.jpg"},{"@type":"BreadcrumbList","@id":"https:\/\/www.bellunopress.it\/2011\/12\/17\/anche-il-vajont-in-a-rugged-nation-il-libro-di-marco-armiero\/#breadcrumb","itemListElement":[{"@type":"ListItem","position":1,"name":"Home","item":"https:\/\/www.bellunopress.it\/"},{"@type":"ListItem","position":2,"name":"Anche il Vajont in \u201cA Rugged Nation\u201d, il libro di Marco Armiero"}]},{"@type":"WebSite","@id":"https:\/\/www.bellunopress.it\/#website","url":"https:\/\/www.bellunopress.it\/","name":"Bellunopress - Dolomiti","description":"e-mail: redazione@bellunopress.it","publisher":{"@id":"https:\/\/www.bellunopress.it\/#organization"},"potentialAction":[{"@type":"SearchAction","target":{"@type":"EntryPoint","urlTemplate":"https:\/\/www.bellunopress.it\/?s={search_term_string}"},"query-input":{"@type":"PropertyValueSpecification","valueRequired":true,"valueName":"search_term_string"}}],"inLanguage":"fr-FR"},{"@type":"Organization","@id":"https:\/\/www.bellunopress.it\/#organization","name":"Bellunopress","url":"https:\/\/www.bellunopress.it\/","logo":{"@type":"ImageObject","inLanguage":"fr-FR","@id":"https:\/\/www.bellunopress.it\/#\/schema\/logo\/image\/","url":"https:\/\/www.bellunopress.it\/wp-content\/uploads\/2011\/05\/cropped-logo-bellunopress-.jpg","contentUrl":"https:\/\/www.bellunopress.it\/wp-content\/uploads\/2011\/05\/cropped-logo-bellunopress-.jpg","width":512,"height":512,"caption":"Bellunopress"},"image":{"@id":"https:\/\/www.bellunopress.it\/#\/schema\/logo\/image\/"},"sameAs":["https:\/\/www.facebook.com\/profile.php?id=100008943462799","https:\/\/x.com\/bellunopress","https:\/\/www.linkedin.com\/hp\/?dnr=JBzUWaJfMUw8vbXJJ2tVW5-I3jZKvC4wsoxE&amp;amp;amp;amp;amp;amp;trk=nav_responsive_tab_home","https:\/\/www.youtube.com\/channel\/UCxL0wu1uN0_3_7hGG0306cw"]},{"@type":"Person","@id":"https:\/\/www.bellunopress.it\/#\/schema\/person\/79bb06722b37ece1c03d3e94beb30d73","name":"r\u00e9daction","image":{"@type":"ImageObject","inLanguage":"fr-FR","@id":"https:\/\/secure.gravatar.com\/avatar\/37d968a2e67a6fd04c169c4bdef102d0bc5d31b2546345219e348575eb80e9a0?s=96&d=mm&r=g","url":"https:\/\/secure.gravatar.com\/avatar\/37d968a2e67a6fd04c169c4bdef102d0bc5d31b2546345219e348575eb80e9a0?s=96&d=mm&r=g","contentUrl":"https:\/\/secure.gravatar.com\/avatar\/37d968a2e67a6fd04c169c4bdef102d0bc5d31b2546345219e348575eb80e9a0?s=96&d=mm&r=g","caption":"redazione"},"sameAs":["http:\/\/www.bellunopress.it","https:\/\/x.com\/bellunopress"],"url":"https:\/\/www.bellunopress.it\/fr\/author\/redazione\/"}]}},"_links":{"self":[{"href":"https:\/\/www.bellunopress.it\/fr\/wp-json\/wp\/v2\/posts\/33428","targetHints":{"allow":["GET"]}}],"collection":[{"href":"https:\/\/www.bellunopress.it\/fr\/wp-json\/wp\/v2\/posts"}],"about":[{"href":"https:\/\/www.bellunopress.it\/fr\/wp-json\/wp\/v2\/types\/post"}],"author":[{"embeddable":true,"href":"https:\/\/www.bellunopress.it\/fr\/wp-json\/wp\/v2\/users\/2"}],"replies":[{"embeddable":true,"href":"https:\/\/www.bellunopress.it\/fr\/wp-json\/wp\/v2\/comments?post=33428"}],"version-history":[{"count":1,"href":"https:\/\/www.bellunopress.it\/fr\/wp-json\/wp\/v2\/posts\/33428\/revisions"}],"predecessor-version":[{"id":33430,"href":"https:\/\/www.bellunopress.it\/fr\/wp-json\/wp\/v2\/posts\/33428\/revisions\/33430"}],"wp:attachment":[{"href":"https:\/\/www.bellunopress.it\/fr\/wp-json\/wp\/v2\/media?parent=33428"}],"wp:term":[{"taxonomy":"category","embeddable":true,"href":"https:\/\/www.bellunopress.it\/fr\/wp-json\/wp\/v2\/categories?post=33428"},{"taxonomy":"post_tag","embeddable":true,"href":"https:\/\/www.bellunopress.it\/fr\/wp-json\/wp\/v2\/tags?post=33428"}],"curies":[{"name":"wp","href":"https:\/\/api.w.org\/{rel}","templated":true}]}}