{"id":33416,"date":"2011-12-17T17:15:13","date_gmt":"2011-12-17T16:15:13","guid":{"rendered":"http:\/\/www.bellunopress.it\/?p=33416"},"modified":"2011-12-17T19:31:29","modified_gmt":"2011-12-17T18:31:29","slug":"un-migliaio-di-persone-alla-manifestazione-di-oggi-acqua-bene-comune","status":"publish","type":"post","link":"https:\/\/www.bellunopress.it\/fr\/2011\/12\/17\/un-migliaio-di-persone-alla-manifestazione-di-oggi-acqua-bene-comune\/","title":{"rendered":"Un migliaio di persone alla manifestazione di oggi, \u201cAcqua bene comune\u201d"},"content":{"rendered":"<p><a href=\"http:\/\/www.bellunopress.it\/wp-content\/uploads\/2011\/12\/comitato-acqua-bene-comune-manifestazione-028.jpg\"><img loading=\"lazy\" decoding=\"async\" class=\"alignleft size-full wp-image-33417\" title=\"comitato acqua bene comune manifestazione 028\" src=\"http:\/\/www.bellunopress.it\/wp-content\/uploads\/2011\/12\/comitato-acqua-bene-comune-manifestazione-028.jpg\" alt=\"\" width=\"300\" height=\"200\" \/><\/a>Il popolo \u00e8 sovrano solo quando piace ai padroni del vapore! Ventisette milioni di italiani hanno detto no alla privatizzazione dell&#8217;acqua con il referendum del 12 e 13 giugno. Ci\u00f2 nonostante, per riaffermare questo principio, sabato pomeriggio Belluno si \u00e8 dovuta muovere con la \u201cManifestazione acqua bene comune\u201d. Un corteo che \u00e8 partito alle 14 dalla stazione ferroviaria, \u00e8 passato per la rotatoria della Cerva ed ha raggiunto piazza dei Martiri. Quasi in mille, provenienti da tutti i Comuni della provincia e anche dalle province venete, per dire No alla centrale di Camolino-Busche, No allo sfruttamento indiscriminato dei fiumi e dei torrenti, S\u00ec alla gestione pubblica e partecipata del servizio idrico e S\u00ec per i beni comuni e la democrazia. In testa al corteo anche il sindaco di San Gregorio nelle Alpi Ermes Vieceli, che per primo ha dato la parola ai suoi cittadini che hanno detto no con referendum al progetto della centrale di Camolino- Busche. Al suo fianco il vicesindaco di Lentiai Francesco Battiston e il sindaco di Forno di Zoldo Camillo De Pellegrin. Una civilissima manifestazione alla quale hanno partecipato attivisti dei comitati a difesa del territorio, ma anche la gente comune e famiglie con bambini. Tutti insieme per opporsi allo sfruttamento delle acque del territorio. Formidabile la rappresentazione a fine corteo dei rappresentanti della Siniostra Piave, con le bare dei torrenti della nostra provincia, e una base disco che elencava i vari corsi d&#8217;acqua, vittime dei moderni predatori.<\/p>\n<figure id=\"attachment_33418\" aria-describedby=\"caption-attachment-33418\" style=\"width: 195px\" class=\"wp-caption alignright\"><a href=\"http:\/\/www.bellunopress.it\/wp-content\/uploads\/2011\/12\/valter-bonan.jpg\"><img loading=\"lazy\" decoding=\"async\" class=\"size-full wp-image-33418\" title=\"valter bonan\" src=\"http:\/\/www.bellunopress.it\/wp-content\/uploads\/2011\/12\/valter-bonan.jpg\" alt=\"\" width=\"195\" height=\"240\" \/><\/a><figcaption id=\"caption-attachment-33418\" class=\"wp-caption-text\">Valter Bonan<\/figcaption><\/figure>\n<p>Dinanzi al Tribunale di Belluno il corteo si \u00e8 fermato, per ricordare Tina Merlin. \u00abSiamo andati a toccare interessi rilevantissimi &#8211; ha detto Valter Bonan coordinatore del Comitato acqua bene comune \u2013 la societ\u00e0 Valsabbia ci ha citato per danni e vorrebbe 1 milione e mezzo di euro di risarcimento perch\u00e9 abbiamo contrastato il loro progetto. Noi continueremo ad opporci allo sfruttamento indiscriminato del territorio. Vi sono altre 125 domande di derivazione di acque! Le comunit\u00e0 bellunesi devono poter decidere il loro futuro certe che quanto viene loro prospettato abbia delle ricadute positive sui Comuni. Perch\u00e9 oggi &#8211; ha detto Bonan &#8211;\u00a0 l&#8217;energia idroelettrica prodotta nella nostra Provincia rende 150 milioni di euro\u00bb. Insieme al Comitato acqua bene comune, ha sfilato anche la Lipu Lega italiana protezione uccelli e il Partito comunista dei lavoratori. Al termine in piazza dei Martiri, la festa con il concerto di Luca Bassanese.<\/p>\n<p>Un breve filmato del corteo: <a href=\"http:\/\/youtu.be\/qJqzJs9044Y\">http:\/\/youtu.be\/qJqzJs9044Y<\/a><\/p>\n<p><a href=\"http:\/\/youtu.be\/7jKpJTAYT0E\">http:\/\/youtu.be\/7jKpJTAYT0E<\/a><\/p>\n<p><a href=\"http:\/\/youtu.be\/Mug1kRnQCO8\">http:\/\/youtu.be\/Mug1kRnQCO8<\/a><\/p>","protected":false},"excerpt":{"rendered":"<p>Il popolo \u00e8 sovrano solo quando piace ai padroni del vapore! Ventisette milioni di italiani hanno detto no alla privatizzazione dell&#8217;acqua con il referendum del 12 e 13 giugno. Ci\u00f2 nonostante, per riaffermare questo principio, sabato pomeriggio Belluno si \u00e8 dovuta muovere con la \u201cManifestazione acqua bene comune\u201d. Un corteo che \u00e8 partito alle 14 [&hellip;]<\/p>\n","protected":false},"author":2,"featured_media":0,"comment_status":"closed","ping_status":"open","sticky":false,"template":"","format":"standard","meta":{"footnotes":""},"categories":[1],"tags":[2276,139,2369],"class_list":["post-33416","post","type-post","status-publish","format-standard","category-leo","tag-acqua-bene-comune","tag-belluno","tag-valter-bonan"],"yoast_head":"<!-- This site is optimized with the Yoast SEO plugin v28.4 - https:\/\/yoast.com\/product\/yoast-seo-wordpress\/ -->\n<title>Un migliaio di persone alla manifestazione di oggi, \u201cAcqua bene comune\u201d - Bellunopress - Dolomiti<\/title>\n<meta name=\"robots\" content=\"index, follow, max-snippet:-1, max-image-preview:large, max-video-preview:-1\" \/>\n<link rel=\"canonical\" href=\"https:\/\/www.bellunopress.it\/fr\/2011\/12\/17\/un-migliaio-di-persone-alla-manifestazione-di-oggi-acqua-bene-comune\/\" \/>\n<meta property=\"og:locale\" content=\"fr_FR\" \/>\n<meta property=\"og:type\" content=\"article\" \/>\n<meta property=\"og:title\" content=\"Un migliaio di persone alla manifestazione di oggi, \u201cAcqua bene comune\u201d - Bellunopress - Dolomiti\" \/>\n<meta property=\"og:description\" content=\"Il popolo \u00e8 sovrano solo quando piace ai padroni del vapore! Ventisette milioni di italiani hanno detto no alla privatizzazione dell&#8217;acqua con il referendum del 12 e 13 giugno. Ci\u00f2 nonostante, per riaffermare questo principio, sabato pomeriggio Belluno si \u00e8 dovuta muovere con la \u201cManifestazione acqua bene comune\u201d. Un corteo che \u00e8 partito alle 14 [&hellip;]\" \/>\n<meta property=\"og:url\" content=\"https:\/\/www.bellunopress.it\/fr\/2011\/12\/17\/un-migliaio-di-persone-alla-manifestazione-di-oggi-acqua-bene-comune\/\" \/>\n<meta property=\"og:site_name\" content=\"Bellunopress - Dolomiti\" \/>\n<meta property=\"article:publisher\" content=\"https:\/\/www.facebook.com\/profile.php?id=100008943462799\" \/>\n<meta property=\"article:published_time\" content=\"2011-12-17T16:15:13+00:00\" \/>\n<meta property=\"article:modified_time\" content=\"2011-12-17T18:31:29+00:00\" \/>\n<meta property=\"og:image\" content=\"http:\/\/www.bellunopress.it\/wp-content\/uploads\/2011\/12\/comitato-acqua-bene-comune-manifestazione-028.jpg\" \/>\n<meta name=\"author\" content=\"redazione\" \/>\n<meta name=\"twitter:card\" content=\"summary_large_image\" \/>\n<meta name=\"twitter:creator\" content=\"@bellunopress\" \/>\n<meta name=\"twitter:site\" content=\"@bellunopress\" \/>\n<meta name=\"twitter:label1\" content=\"\u00c9crit par\" \/>\n\t<meta name=\"twitter:data1\" content=\"redazione\" \/>\n\t<meta name=\"twitter:label2\" content=\"Dur\u00e9e de lecture estim\u00e9e\" \/>\n\t<meta name=\"twitter:data2\" content=\"2 minutes\" \/>\n<script type=\"application\/ld+json\" class=\"yoast-schema-graph\">{\"@context\":\"https:\\\/\\\/schema.org\",\"@graph\":[{\"@type\":\"Article\",\"@id\":\"https:\\\/\\\/www.bellunopress.it\\\/2011\\\/12\\\/17\\\/un-migliaio-di-persone-alla-manifestazione-di-oggi-acqua-bene-comune\\\/#article\",\"isPartOf\":{\"@id\":\"https:\\\/\\\/www.bellunopress.it\\\/2011\\\/12\\\/17\\\/un-migliaio-di-persone-alla-manifestazione-di-oggi-acqua-bene-comune\\\/\"},\"author\":{\"name\":\"redazione\",\"@id\":\"https:\\\/\\\/www.bellunopress.it\\\/#\\\/schema\\\/person\\\/79bb06722b37ece1c03d3e94beb30d73\"},\"headline\":\"Un migliaio di persone alla manifestazione di oggi, \u201cAcqua bene comune\u201d\",\"datePublished\":\"2011-12-17T16:15:13+00:00\",\"dateModified\":\"2011-12-17T18:31:29+00:00\",\"mainEntityOfPage\":{\"@id\":\"https:\\\/\\\/www.bellunopress.it\\\/2011\\\/12\\\/17\\\/un-migliaio-di-persone-alla-manifestazione-di-oggi-acqua-bene-comune\\\/\"},\"wordCount\":422,\"publisher\":{\"@id\":\"https:\\\/\\\/www.bellunopress.it\\\/#organization\"},\"image\":{\"@id\":\"https:\\\/\\\/www.bellunopress.it\\\/2011\\\/12\\\/17\\\/un-migliaio-di-persone-alla-manifestazione-di-oggi-acqua-bene-comune\\\/#primaryimage\"},\"thumbnailUrl\":\"http:\\\/\\\/www.bellunopress.it\\\/wp-content\\\/uploads\\\/2011\\\/12\\\/comitato-acqua-bene-comune-manifestazione-028.jpg\",\"keywords\":[\"acqua bene comune\",\"Belluno\",\"Valter Bonan\"],\"articleSection\":[\"Lettere Opinioni\"],\"inLanguage\":\"fr-FR\"},{\"@type\":\"WebPage\",\"@id\":\"https:\\\/\\\/www.bellunopress.it\\\/2011\\\/12\\\/17\\\/un-migliaio-di-persone-alla-manifestazione-di-oggi-acqua-bene-comune\\\/\",\"url\":\"https:\\\/\\\/www.bellunopress.it\\\/2011\\\/12\\\/17\\\/un-migliaio-di-persone-alla-manifestazione-di-oggi-acqua-bene-comune\\\/\",\"name\":\"Un migliaio di persone alla manifestazione di oggi, \u201cAcqua bene comune\u201d - Bellunopress - Dolomiti\",\"isPartOf\":{\"@id\":\"https:\\\/\\\/www.bellunopress.it\\\/#website\"},\"primaryImageOfPage\":{\"@id\":\"https:\\\/\\\/www.bellunopress.it\\\/2011\\\/12\\\/17\\\/un-migliaio-di-persone-alla-manifestazione-di-oggi-acqua-bene-comune\\\/#primaryimage\"},\"image\":{\"@id\":\"https:\\\/\\\/www.bellunopress.it\\\/2011\\\/12\\\/17\\\/un-migliaio-di-persone-alla-manifestazione-di-oggi-acqua-bene-comune\\\/#primaryimage\"},\"thumbnailUrl\":\"http:\\\/\\\/www.bellunopress.it\\\/wp-content\\\/uploads\\\/2011\\\/12\\\/comitato-acqua-bene-comune-manifestazione-028.jpg\",\"datePublished\":\"2011-12-17T16:15:13+00:00\",\"dateModified\":\"2011-12-17T18:31:29+00:00\",\"breadcrumb\":{\"@id\":\"https:\\\/\\\/www.bellunopress.it\\\/2011\\\/12\\\/17\\\/un-migliaio-di-persone-alla-manifestazione-di-oggi-acqua-bene-comune\\\/#breadcrumb\"},\"inLanguage\":\"fr-FR\",\"potentialAction\":[{\"@type\":\"ReadAction\",\"target\":[\"https:\\\/\\\/www.bellunopress.it\\\/2011\\\/12\\\/17\\\/un-migliaio-di-persone-alla-manifestazione-di-oggi-acqua-bene-comune\\\/\"]}]},{\"@type\":\"ImageObject\",\"inLanguage\":\"fr-FR\",\"@id\":\"https:\\\/\\\/www.bellunopress.it\\\/2011\\\/12\\\/17\\\/un-migliaio-di-persone-alla-manifestazione-di-oggi-acqua-bene-comune\\\/#primaryimage\",\"url\":\"http:\\\/\\\/www.bellunopress.it\\\/wp-content\\\/uploads\\\/2011\\\/12\\\/comitato-acqua-bene-comune-manifestazione-028.jpg\",\"contentUrl\":\"http:\\\/\\\/www.bellunopress.it\\\/wp-content\\\/uploads\\\/2011\\\/12\\\/comitato-acqua-bene-comune-manifestazione-028.jpg\"},{\"@type\":\"BreadcrumbList\",\"@id\":\"https:\\\/\\\/www.bellunopress.it\\\/2011\\\/12\\\/17\\\/un-migliaio-di-persone-alla-manifestazione-di-oggi-acqua-bene-comune\\\/#breadcrumb\",\"itemListElement\":[{\"@type\":\"ListItem\",\"position\":1,\"name\":\"Home\",\"item\":\"https:\\\/\\\/www.bellunopress.it\\\/\"},{\"@type\":\"ListItem\",\"position\":2,\"name\":\"Un migliaio di persone alla manifestazione di oggi, \u201cAcqua bene comune\u201d\"}]},{\"@type\":\"WebSite\",\"@id\":\"https:\\\/\\\/www.bellunopress.it\\\/#website\",\"url\":\"https:\\\/\\\/www.bellunopress.it\\\/\",\"name\":\"Bellunopress - Dolomiti\",\"description\":\"e-mail: redazione@bellunopress.it\",\"publisher\":{\"@id\":\"https:\\\/\\\/www.bellunopress.it\\\/#organization\"},\"potentialAction\":[{\"@type\":\"SearchAction\",\"target\":{\"@type\":\"EntryPoint\",\"urlTemplate\":\"https:\\\/\\\/www.bellunopress.it\\\/?s={search_term_string}\"},\"query-input\":{\"@type\":\"PropertyValueSpecification\",\"valueRequired\":true,\"valueName\":\"search_term_string\"}}],\"inLanguage\":\"fr-FR\"},{\"@type\":\"Organization\",\"@id\":\"https:\\\/\\\/www.bellunopress.it\\\/#organization\",\"name\":\"Bellunopress\",\"url\":\"https:\\\/\\\/www.bellunopress.it\\\/\",\"logo\":{\"@type\":\"ImageObject\",\"inLanguage\":\"fr-FR\",\"@id\":\"https:\\\/\\\/www.bellunopress.it\\\/#\\\/schema\\\/logo\\\/image\\\/\",\"url\":\"https:\\\/\\\/www.bellunopress.it\\\/wp-content\\\/uploads\\\/2011\\\/05\\\/cropped-logo-bellunopress-.jpg\",\"contentUrl\":\"https:\\\/\\\/www.bellunopress.it\\\/wp-content\\\/uploads\\\/2011\\\/05\\\/cropped-logo-bellunopress-.jpg\",\"width\":512,\"height\":512,\"caption\":\"Bellunopress\"},\"image\":{\"@id\":\"https:\\\/\\\/www.bellunopress.it\\\/#\\\/schema\\\/logo\\\/image\\\/\"},\"sameAs\":[\"https:\\\/\\\/www.facebook.com\\\/profile.php?id=100008943462799\",\"https:\\\/\\\/x.com\\\/bellunopress\",\"https:\\\/\\\/www.linkedin.com\\\/hp\\\/?dnr=JBzUWaJfMUw8vbXJJ2tVW5-I3jZKvC4wsoxE&amp;amp;amp;amp;amp;amp;trk=nav_responsive_tab_home\",\"https:\\\/\\\/www.youtube.com\\\/channel\\\/UCxL0wu1uN0_3_7hGG0306cw\"]},{\"@type\":\"Person\",\"@id\":\"https:\\\/\\\/www.bellunopress.it\\\/#\\\/schema\\\/person\\\/79bb06722b37ece1c03d3e94beb30d73\",\"name\":\"redazione\",\"image\":{\"@type\":\"ImageObject\",\"inLanguage\":\"fr-FR\",\"@id\":\"https:\\\/\\\/secure.gravatar.com\\\/avatar\\\/37d968a2e67a6fd04c169c4bdef102d0bc5d31b2546345219e348575eb80e9a0?s=96&d=mm&r=g\",\"url\":\"https:\\\/\\\/secure.gravatar.com\\\/avatar\\\/37d968a2e67a6fd04c169c4bdef102d0bc5d31b2546345219e348575eb80e9a0?s=96&d=mm&r=g\",\"contentUrl\":\"https:\\\/\\\/secure.gravatar.com\\\/avatar\\\/37d968a2e67a6fd04c169c4bdef102d0bc5d31b2546345219e348575eb80e9a0?s=96&d=mm&r=g\",\"caption\":\"redazione\"},\"sameAs\":[\"http:\\\/\\\/www.bellunopress.it\",\"https:\\\/\\\/x.com\\\/bellunopress\"],\"url\":\"https:\\\/\\\/www.bellunopress.it\\\/fr\\\/author\\\/redazione\\\/\"}]}<\/script>\n<!-- \/ Yoast SEO plugin. -->","yoast_head_json":{"title":"Un migliaio di persone alla manifestazione di oggi, \u201cAcqua bene comune\u201d - Bellunopress - Dolomiti","robots":{"index":"index","follow":"follow","max-snippet":"max-snippet:-1","max-image-preview":"max-image-preview:large","max-video-preview":"max-video-preview:-1"},"canonical":"https:\/\/www.bellunopress.it\/fr\/2011\/12\/17\/un-migliaio-di-persone-alla-manifestazione-di-oggi-acqua-bene-comune\/","og_locale":"fr_FR","og_type":"article","og_title":"Un migliaio di persone alla manifestazione di oggi, \u201cAcqua bene comune\u201d - Bellunopress - Dolomiti","og_description":"Il popolo \u00e8 sovrano solo quando piace ai padroni del vapore! Ventisette milioni di italiani hanno detto no alla privatizzazione dell&#8217;acqua con il referendum del 12 e 13 giugno. Ci\u00f2 nonostante, per riaffermare questo principio, sabato pomeriggio Belluno si \u00e8 dovuta muovere con la \u201cManifestazione acqua bene comune\u201d. Un corteo che \u00e8 partito alle 14 [&hellip;]","og_url":"https:\/\/www.bellunopress.it\/fr\/2011\/12\/17\/un-migliaio-di-persone-alla-manifestazione-di-oggi-acqua-bene-comune\/","og_site_name":"Bellunopress - Dolomiti","article_publisher":"https:\/\/www.facebook.com\/profile.php?id=100008943462799","article_published_time":"2011-12-17T16:15:13+00:00","article_modified_time":"2011-12-17T18:31:29+00:00","og_image":[{"url":"http:\/\/www.bellunopress.it\/wp-content\/uploads\/2011\/12\/comitato-acqua-bene-comune-manifestazione-028.jpg","type":"","width":"","height":""}],"author":"redazione","twitter_card":"summary_large_image","twitter_creator":"@bellunopress","twitter_site":"@bellunopress","twitter_misc":{"\u00c9crit par":"redazione","Dur\u00e9e de lecture estim\u00e9e":"2 minutes"},"schema":{"@context":"https:\/\/schema.org","@graph":[{"@type":"Article","@id":"https:\/\/www.bellunopress.it\/2011\/12\/17\/un-migliaio-di-persone-alla-manifestazione-di-oggi-acqua-bene-comune\/#article","isPartOf":{"@id":"https:\/\/www.bellunopress.it\/2011\/12\/17\/un-migliaio-di-persone-alla-manifestazione-di-oggi-acqua-bene-comune\/"},"author":{"name":"redazione","@id":"https:\/\/www.bellunopress.it\/#\/schema\/person\/79bb06722b37ece1c03d3e94beb30d73"},"headline":"Un migliaio di persone alla manifestazione di oggi, \u201cAcqua bene comune\u201d","datePublished":"2011-12-17T16:15:13+00:00","dateModified":"2011-12-17T18:31:29+00:00","mainEntityOfPage":{"@id":"https:\/\/www.bellunopress.it\/2011\/12\/17\/un-migliaio-di-persone-alla-manifestazione-di-oggi-acqua-bene-comune\/"},"wordCount":422,"publisher":{"@id":"https:\/\/www.bellunopress.it\/#organization"},"image":{"@id":"https:\/\/www.bellunopress.it\/2011\/12\/17\/un-migliaio-di-persone-alla-manifestazione-di-oggi-acqua-bene-comune\/#primaryimage"},"thumbnailUrl":"http:\/\/www.bellunopress.it\/wp-content\/uploads\/2011\/12\/comitato-acqua-bene-comune-manifestazione-028.jpg","keywords":["acqua bene comune","Belluno","Valter Bonan"],"articleSection":["Lettere Opinioni"],"inLanguage":"fr-FR"},{"@type":"WebPage","@id":"https:\/\/www.bellunopress.it\/2011\/12\/17\/un-migliaio-di-persone-alla-manifestazione-di-oggi-acqua-bene-comune\/","url":"https:\/\/www.bellunopress.it\/2011\/12\/17\/un-migliaio-di-persone-alla-manifestazione-di-oggi-acqua-bene-comune\/","name":"Un migliaio di persone alla manifestazione di oggi, \u201cAcqua bene comune\u201d - Bellunopress - Dolomiti","isPartOf":{"@id":"https:\/\/www.bellunopress.it\/#website"},"primaryImageOfPage":{"@id":"https:\/\/www.bellunopress.it\/2011\/12\/17\/un-migliaio-di-persone-alla-manifestazione-di-oggi-acqua-bene-comune\/#primaryimage"},"image":{"@id":"https:\/\/www.bellunopress.it\/2011\/12\/17\/un-migliaio-di-persone-alla-manifestazione-di-oggi-acqua-bene-comune\/#primaryimage"},"thumbnailUrl":"http:\/\/www.bellunopress.it\/wp-content\/uploads\/2011\/12\/comitato-acqua-bene-comune-manifestazione-028.jpg","datePublished":"2011-12-17T16:15:13+00:00","dateModified":"2011-12-17T18:31:29+00:00","breadcrumb":{"@id":"https:\/\/www.bellunopress.it\/2011\/12\/17\/un-migliaio-di-persone-alla-manifestazione-di-oggi-acqua-bene-comune\/#breadcrumb"},"inLanguage":"fr-FR","potentialAction":[{"@type":"ReadAction","target":["https:\/\/www.bellunopress.it\/2011\/12\/17\/un-migliaio-di-persone-alla-manifestazione-di-oggi-acqua-bene-comune\/"]}]},{"@type":"ImageObject","inLanguage":"fr-FR","@id":"https:\/\/www.bellunopress.it\/2011\/12\/17\/un-migliaio-di-persone-alla-manifestazione-di-oggi-acqua-bene-comune\/#primaryimage","url":"http:\/\/www.bellunopress.it\/wp-content\/uploads\/2011\/12\/comitato-acqua-bene-comune-manifestazione-028.jpg","contentUrl":"http:\/\/www.bellunopress.it\/wp-content\/uploads\/2011\/12\/comitato-acqua-bene-comune-manifestazione-028.jpg"},{"@type":"BreadcrumbList","@id":"https:\/\/www.bellunopress.it\/2011\/12\/17\/un-migliaio-di-persone-alla-manifestazione-di-oggi-acqua-bene-comune\/#breadcrumb","itemListElement":[{"@type":"ListItem","position":1,"name":"Home","item":"https:\/\/www.bellunopress.it\/"},{"@type":"ListItem","position":2,"name":"Un migliaio di persone alla manifestazione di oggi, \u201cAcqua bene comune\u201d"}]},{"@type":"WebSite","@id":"https:\/\/www.bellunopress.it\/#website","url":"https:\/\/www.bellunopress.it\/","name":"Bellunopress - Dolomiti","description":"e-mail: redazione@bellunopress.it","publisher":{"@id":"https:\/\/www.bellunopress.it\/#organization"},"potentialAction":[{"@type":"SearchAction","target":{"@type":"EntryPoint","urlTemplate":"https:\/\/www.bellunopress.it\/?s={search_term_string}"},"query-input":{"@type":"PropertyValueSpecification","valueRequired":true,"valueName":"search_term_string"}}],"inLanguage":"fr-FR"},{"@type":"Organization","@id":"https:\/\/www.bellunopress.it\/#organization","name":"Bellunopress","url":"https:\/\/www.bellunopress.it\/","logo":{"@type":"ImageObject","inLanguage":"fr-FR","@id":"https:\/\/www.bellunopress.it\/#\/schema\/logo\/image\/","url":"https:\/\/www.bellunopress.it\/wp-content\/uploads\/2011\/05\/cropped-logo-bellunopress-.jpg","contentUrl":"https:\/\/www.bellunopress.it\/wp-content\/uploads\/2011\/05\/cropped-logo-bellunopress-.jpg","width":512,"height":512,"caption":"Bellunopress"},"image":{"@id":"https:\/\/www.bellunopress.it\/#\/schema\/logo\/image\/"},"sameAs":["https:\/\/www.facebook.com\/profile.php?id=100008943462799","https:\/\/x.com\/bellunopress","https:\/\/www.linkedin.com\/hp\/?dnr=JBzUWaJfMUw8vbXJJ2tVW5-I3jZKvC4wsoxE&amp;amp;amp;amp;amp;amp;trk=nav_responsive_tab_home","https:\/\/www.youtube.com\/channel\/UCxL0wu1uN0_3_7hGG0306cw"]},{"@type":"Person","@id":"https:\/\/www.bellunopress.it\/#\/schema\/person\/79bb06722b37ece1c03d3e94beb30d73","name":"r\u00e9daction","image":{"@type":"ImageObject","inLanguage":"fr-FR","@id":"https:\/\/secure.gravatar.com\/avatar\/37d968a2e67a6fd04c169c4bdef102d0bc5d31b2546345219e348575eb80e9a0?s=96&d=mm&r=g","url":"https:\/\/secure.gravatar.com\/avatar\/37d968a2e67a6fd04c169c4bdef102d0bc5d31b2546345219e348575eb80e9a0?s=96&d=mm&r=g","contentUrl":"https:\/\/secure.gravatar.com\/avatar\/37d968a2e67a6fd04c169c4bdef102d0bc5d31b2546345219e348575eb80e9a0?s=96&d=mm&r=g","caption":"redazione"},"sameAs":["http:\/\/www.bellunopress.it","https:\/\/x.com\/bellunopress"],"url":"https:\/\/www.bellunopress.it\/fr\/author\/redazione\/"}]}},"_links":{"self":[{"href":"https:\/\/www.bellunopress.it\/fr\/wp-json\/wp\/v2\/posts\/33416","targetHints":{"allow":["GET"]}}],"collection":[{"href":"https:\/\/www.bellunopress.it\/fr\/wp-json\/wp\/v2\/posts"}],"about":[{"href":"https:\/\/www.bellunopress.it\/fr\/wp-json\/wp\/v2\/types\/post"}],"author":[{"embeddable":true,"href":"https:\/\/www.bellunopress.it\/fr\/wp-json\/wp\/v2\/users\/2"}],"replies":[{"embeddable":true,"href":"https:\/\/www.bellunopress.it\/fr\/wp-json\/wp\/v2\/comments?post=33416"}],"version-history":[{"count":5,"href":"https:\/\/www.bellunopress.it\/fr\/wp-json\/wp\/v2\/posts\/33416\/revisions"}],"predecessor-version":[{"id":33434,"href":"https:\/\/www.bellunopress.it\/fr\/wp-json\/wp\/v2\/posts\/33416\/revisions\/33434"}],"wp:attachment":[{"href":"https:\/\/www.bellunopress.it\/fr\/wp-json\/wp\/v2\/media?parent=33416"}],"wp:term":[{"taxonomy":"category","embeddable":true,"href":"https:\/\/www.bellunopress.it\/fr\/wp-json\/wp\/v2\/categories?post=33416"},{"taxonomy":"post_tag","embeddable":true,"href":"https:\/\/www.bellunopress.it\/fr\/wp-json\/wp\/v2\/tags?post=33416"}],"curies":[{"name":"wp","href":"https:\/\/api.w.org\/{rel}","templated":true}]}}