{"id":33411,"date":"2011-12-17T13:22:52","date_gmt":"2011-12-17T12:22:52","guid":{"rendered":"http:\/\/www.bellunopress.it\/?p=33411"},"modified":"2011-12-17T13:22:52","modified_gmt":"2011-12-17T12:22:52","slug":"segnali-di-ottimismo-alla-tradizionale-festa-di-fine-anno-alla-sest-faggiolila-nostra-azienda-il-sito-produttivo-di-limana-resta-il-cuore-della-sest","status":"publish","type":"post","link":"https:\/\/www.bellunopress.it\/fr\/2011\/12\/17\/segnali-di-ottimismo-alla-tradizionale-festa-di-fine-anno-alla-sest-faggiolila-nostra-azienda-il-sito-produttivo-di-limana-resta-il-cuore-della-sest\/","title":{"rendered":"Segnali di ottimismo alla tradizionale festa di fine anno alla Sest. Faggioli:\u201cLa nostra azienda, il sito produttivo di Limana, resta il cuore della Sest&#8221;"},"content":{"rendered":"<p>\u201cAndremo avanti perch\u00e9 ci crediamo\u201d: questo il messaggio positivo lanciato nella tradizionale festa di fine anno della SEST di Limana, leader europea nella produzione di elementi di scambio termico. Un regalo natalizio che solleva il morale all\u2019intera Provincia &#8211; considerati i 200 dipendenti dell\u2019organico -, sostenuto anche dalla significativa partecipazione, a fianco dei vertici dell\u2019azienda, del rappresentante della FIOM &#8211; sindacato dei lavoratori operanti nelle imprese metalmeccaniche &#8211; Benedetto Calderone. Una serata distesa e serena, accompagnata dall\u2019esibizione di Antonio Fiabane e la sua band, in cui, tra una pietanza e un ballo, tutti i dipendenti hanno potuto ascoltare i messaggi di fine anno. \u201cLa nostra azienda, il sito produttivo di Limana, resta il cuore della SEST. Le congiunture economiche disastrose che hanno caratterizzato gli ultimi anni non hanno intaccato la nostra sopravvivenza e con il contributo di tutti\u00a0 riusciremo ad andare avanti\u201d. Queste le parole di apertura del Presidente, Pierluigi Faggioli, consapevole di avere un gruppo coeso, che ha saputo stringere i denti, ottenendo i risultati sperati. A ribadirlo \u00e8 stato proprio il rappresentante sindacale Calderone: \u201cLa propriet\u00e0 della SEST ha mantenuto le promesse. Tre anni fa, in un momento critico, ha chiesto uno sforzo ai propri dipendenti, per riuscire a mantenere vivo questo stabilimento. Ebbene, l\u2019essere qui stasera \u00e8 la conferma che tale sforzo \u00e8 stato ripagato. In pi\u00f9, i continui investimenti per migliorare le condizioni di lavoro e per aumentare la produttivit\u00e0 rafforzano quest\u2019intenzione\u201d. Ma le difficolt\u00e0 sono state molteplici: \u201cLa decisione di aprire i siti produttivi in Polonia e in Russia non \u00e8 stata accolta positivamente \u2013 ha spiegato il Direttore Tecnico Lucio Da Ronche \u2013 poi, per\u00f2, ci siamo resi conto tutti che questa decisione era l\u2019unica possibile per far sopravvivere proprio la sede di Limana. Ed oggi raccogliamo i frutti di questa scelta\u201d.\u00a0 Dopo la distribuzione di uno zainetto contenente gli auguri e un buono spesa a tutti i dipendenti, a concludere la scaletta, guardando al futuro, \u00e8 stato il Direttore Generale, Michele Faggioli: \u201cQuello che ci aspetta probabilmente sar\u00e0 peggiore di quanto abbiamo gi\u00e0 passato. La nostra intenzione, per\u00f2, \u00e8 quella di continuare a crescere e lavoreremo a 360\u00b0 per consolidare la nostra leadership a livello europeo. Ringrazio tutti voi per averci creduto, e sono convinto che, incrementando le sinergie interne e la passione di sempre, raggiungeremo gli obiettivi che ci siamo prefissati\u201d. La direzione, che ha aderito anche al progetto Alidentali distribuendo ai dipendenti le tessere sconto per i servizi odontoiatrici, ha poi premiato i genitori che hanno avuto figli nel 2011. La serata si \u00e8 conclusa con panettoni alla crema e balli fino a notte fonda.<\/p>","protected":false},"excerpt":{"rendered":"<p>\u201cAndremo avanti perch\u00e9 ci crediamo\u201d: questo il messaggio positivo lanciato nella tradizionale festa di fine anno della SEST di Limana, leader europea nella produzione di elementi di scambio termico. Un regalo natalizio che solleva il morale all\u2019intera Provincia &#8211; considerati i 200 dipendenti dell\u2019organico -, sostenuto anche dalla significativa partecipazione, a fianco dei vertici dell\u2019azienda, [&hellip;]<\/p>\n","protected":false},"author":2,"featured_media":0,"comment_status":"closed","ping_status":"open","sticky":false,"template":"","format":"standard","meta":{"footnotes":""},"categories":[5,26],"tags":[],"class_list":["post-33411","post","type-post","status-publish","format-standard","category-cronaca","category-prima-pagina"],"yoast_head":"<!-- This site is optimized with the Yoast SEO plugin v28.4 - https:\/\/yoast.com\/product\/yoast-seo-wordpress\/ -->\n<title>Segnali di ottimismo alla tradizionale festa di fine anno alla Sest. Faggioli:\u201cLa nostra azienda, il sito produttivo di Limana, resta il cuore della Sest&quot; - Bellunopress - Dolomiti<\/title>\n<meta name=\"robots\" content=\"index, follow, max-snippet:-1, max-image-preview:large, max-video-preview:-1\" \/>\n<link rel=\"canonical\" href=\"https:\/\/www.bellunopress.it\/fr\/2011\/12\/17\/segnali-di-ottimismo-alla-tradizionale-festa-di-fine-anno-alla-sest-faggiolila-nostra-azienda-il-sito-produttivo-di-limana-resta-il-cuore-della-sest\/\" \/>\n<meta property=\"og:locale\" content=\"fr_FR\" \/>\n<meta property=\"og:type\" content=\"article\" \/>\n<meta property=\"og:title\" content=\"Segnali di ottimismo alla tradizionale festa di fine anno alla Sest. Faggioli:\u201cLa nostra azienda, il sito produttivo di Limana, resta il cuore della Sest&quot; - Bellunopress - Dolomiti\" \/>\n<meta property=\"og:description\" content=\"\u201cAndremo avanti perch\u00e9 ci crediamo\u201d: questo il messaggio positivo lanciato nella tradizionale festa di fine anno della SEST di Limana, leader europea nella produzione di elementi di scambio termico. Un regalo natalizio che solleva il morale all\u2019intera Provincia &#8211; considerati i 200 dipendenti dell\u2019organico -, sostenuto anche dalla significativa partecipazione, a fianco dei vertici dell\u2019azienda, [&hellip;]\" \/>\n<meta property=\"og:url\" content=\"https:\/\/www.bellunopress.it\/fr\/2011\/12\/17\/segnali-di-ottimismo-alla-tradizionale-festa-di-fine-anno-alla-sest-faggiolila-nostra-azienda-il-sito-produttivo-di-limana-resta-il-cuore-della-sest\/\" \/>\n<meta property=\"og:site_name\" content=\"Bellunopress - Dolomiti\" \/>\n<meta property=\"article:publisher\" content=\"https:\/\/www.facebook.com\/profile.php?id=100008943462799\" \/>\n<meta property=\"article:published_time\" content=\"2011-12-17T12:22:52+00:00\" \/>\n<meta property=\"og:image\" content=\"http:\/\/www.bellunopress.it\/wp-content\/uploads\/2012\/07\/logo-bellunopress-250x250-2012.jpg\" \/>\n<meta name=\"author\" content=\"redazione\" \/>\n<meta name=\"twitter:card\" content=\"summary_large_image\" \/>\n<meta name=\"twitter:creator\" content=\"@bellunopress\" \/>\n<meta name=\"twitter:site\" content=\"@bellunopress\" \/>\n<meta name=\"twitter:label1\" content=\"\u00c9crit par\" \/>\n\t<meta name=\"twitter:data1\" content=\"redazione\" \/>\n\t<meta name=\"twitter:label2\" content=\"Dur\u00e9e de lecture estim\u00e9e\" \/>\n\t<meta name=\"twitter:data2\" content=\"2 minutes\" \/>\n<script type=\"application\/ld+json\" class=\"yoast-schema-graph\">{\"@context\":\"https:\\\/\\\/schema.org\",\"@graph\":[{\"@type\":\"Article\",\"@id\":\"https:\\\/\\\/www.bellunopress.it\\\/2011\\\/12\\\/17\\\/segnali-di-ottimismo-alla-tradizionale-festa-di-fine-anno-alla-sest-faggiolila-nostra-azienda-il-sito-produttivo-di-limana-resta-il-cuore-della-sest\\\/#article\",\"isPartOf\":{\"@id\":\"https:\\\/\\\/www.bellunopress.it\\\/2011\\\/12\\\/17\\\/segnali-di-ottimismo-alla-tradizionale-festa-di-fine-anno-alla-sest-faggiolila-nostra-azienda-il-sito-produttivo-di-limana-resta-il-cuore-della-sest\\\/\"},\"author\":{\"name\":\"redazione\",\"@id\":\"https:\\\/\\\/www.bellunopress.it\\\/#\\\/schema\\\/person\\\/79bb06722b37ece1c03d3e94beb30d73\"},\"headline\":\"Segnali di ottimismo alla tradizionale festa di fine anno alla Sest. Faggioli:\u201cLa nostra azienda, il sito produttivo di Limana, resta il cuore della Sest&#8221;\",\"datePublished\":\"2011-12-17T12:22:52+00:00\",\"mainEntityOfPage\":{\"@id\":\"https:\\\/\\\/www.bellunopress.it\\\/2011\\\/12\\\/17\\\/segnali-di-ottimismo-alla-tradizionale-festa-di-fine-anno-alla-sest-faggiolila-nostra-azienda-il-sito-produttivo-di-limana-resta-il-cuore-della-sest\\\/\"},\"wordCount\":454,\"publisher\":{\"@id\":\"https:\\\/\\\/www.bellunopress.it\\\/#organization\"},\"articleSection\":[\"Cronaca\\\/Politica\",\"Prima Pagina\"],\"inLanguage\":\"fr-FR\"},{\"@type\":\"WebPage\",\"@id\":\"https:\\\/\\\/www.bellunopress.it\\\/2011\\\/12\\\/17\\\/segnali-di-ottimismo-alla-tradizionale-festa-di-fine-anno-alla-sest-faggiolila-nostra-azienda-il-sito-produttivo-di-limana-resta-il-cuore-della-sest\\\/\",\"url\":\"https:\\\/\\\/www.bellunopress.it\\\/2011\\\/12\\\/17\\\/segnali-di-ottimismo-alla-tradizionale-festa-di-fine-anno-alla-sest-faggiolila-nostra-azienda-il-sito-produttivo-di-limana-resta-il-cuore-della-sest\\\/\",\"name\":\"Segnali di ottimismo alla tradizionale festa di fine anno alla Sest. Faggioli:\u201cLa nostra azienda, il sito produttivo di Limana, resta il cuore della Sest\\\" - Bellunopress - Dolomiti\",\"isPartOf\":{\"@id\":\"https:\\\/\\\/www.bellunopress.it\\\/#website\"},\"datePublished\":\"2011-12-17T12:22:52+00:00\",\"breadcrumb\":{\"@id\":\"https:\\\/\\\/www.bellunopress.it\\\/2011\\\/12\\\/17\\\/segnali-di-ottimismo-alla-tradizionale-festa-di-fine-anno-alla-sest-faggiolila-nostra-azienda-il-sito-produttivo-di-limana-resta-il-cuore-della-sest\\\/#breadcrumb\"},\"inLanguage\":\"fr-FR\",\"potentialAction\":[{\"@type\":\"ReadAction\",\"target\":[\"https:\\\/\\\/www.bellunopress.it\\\/2011\\\/12\\\/17\\\/segnali-di-ottimismo-alla-tradizionale-festa-di-fine-anno-alla-sest-faggiolila-nostra-azienda-il-sito-produttivo-di-limana-resta-il-cuore-della-sest\\\/\"]}]},{\"@type\":\"BreadcrumbList\",\"@id\":\"https:\\\/\\\/www.bellunopress.it\\\/2011\\\/12\\\/17\\\/segnali-di-ottimismo-alla-tradizionale-festa-di-fine-anno-alla-sest-faggiolila-nostra-azienda-il-sito-produttivo-di-limana-resta-il-cuore-della-sest\\\/#breadcrumb\",\"itemListElement\":[{\"@type\":\"ListItem\",\"position\":1,\"name\":\"Home\",\"item\":\"https:\\\/\\\/www.bellunopress.it\\\/\"},{\"@type\":\"ListItem\",\"position\":2,\"name\":\"Segnali di ottimismo alla tradizionale festa di fine anno alla Sest. Faggioli:\u201cLa nostra azienda, il sito produttivo di Limana, resta il cuore della Sest&#8221;\"}]},{\"@type\":\"WebSite\",\"@id\":\"https:\\\/\\\/www.bellunopress.it\\\/#website\",\"url\":\"https:\\\/\\\/www.bellunopress.it\\\/\",\"name\":\"Bellunopress - Dolomiti\",\"description\":\"e-mail: redazione@bellunopress.it\",\"publisher\":{\"@id\":\"https:\\\/\\\/www.bellunopress.it\\\/#organization\"},\"potentialAction\":[{\"@type\":\"SearchAction\",\"target\":{\"@type\":\"EntryPoint\",\"urlTemplate\":\"https:\\\/\\\/www.bellunopress.it\\\/?s={search_term_string}\"},\"query-input\":{\"@type\":\"PropertyValueSpecification\",\"valueRequired\":true,\"valueName\":\"search_term_string\"}}],\"inLanguage\":\"fr-FR\"},{\"@type\":\"Organization\",\"@id\":\"https:\\\/\\\/www.bellunopress.it\\\/#organization\",\"name\":\"Bellunopress\",\"url\":\"https:\\\/\\\/www.bellunopress.it\\\/\",\"logo\":{\"@type\":\"ImageObject\",\"inLanguage\":\"fr-FR\",\"@id\":\"https:\\\/\\\/www.bellunopress.it\\\/#\\\/schema\\\/logo\\\/image\\\/\",\"url\":\"https:\\\/\\\/www.bellunopress.it\\\/wp-content\\\/uploads\\\/2011\\\/05\\\/cropped-logo-bellunopress-.jpg\",\"contentUrl\":\"https:\\\/\\\/www.bellunopress.it\\\/wp-content\\\/uploads\\\/2011\\\/05\\\/cropped-logo-bellunopress-.jpg\",\"width\":512,\"height\":512,\"caption\":\"Bellunopress\"},\"image\":{\"@id\":\"https:\\\/\\\/www.bellunopress.it\\\/#\\\/schema\\\/logo\\\/image\\\/\"},\"sameAs\":[\"https:\\\/\\\/www.facebook.com\\\/profile.php?id=100008943462799\",\"https:\\\/\\\/x.com\\\/bellunopress\",\"https:\\\/\\\/www.linkedin.com\\\/hp\\\/?dnr=JBzUWaJfMUw8vbXJJ2tVW5-I3jZKvC4wsoxE&amp;amp;amp;amp;amp;amp;trk=nav_responsive_tab_home\",\"https:\\\/\\\/www.youtube.com\\\/channel\\\/UCxL0wu1uN0_3_7hGG0306cw\"]},{\"@type\":\"Person\",\"@id\":\"https:\\\/\\\/www.bellunopress.it\\\/#\\\/schema\\\/person\\\/79bb06722b37ece1c03d3e94beb30d73\",\"name\":\"redazione\",\"image\":{\"@type\":\"ImageObject\",\"inLanguage\":\"fr-FR\",\"@id\":\"https:\\\/\\\/secure.gravatar.com\\\/avatar\\\/37d968a2e67a6fd04c169c4bdef102d0bc5d31b2546345219e348575eb80e9a0?s=96&d=mm&r=g\",\"url\":\"https:\\\/\\\/secure.gravatar.com\\\/avatar\\\/37d968a2e67a6fd04c169c4bdef102d0bc5d31b2546345219e348575eb80e9a0?s=96&d=mm&r=g\",\"contentUrl\":\"https:\\\/\\\/secure.gravatar.com\\\/avatar\\\/37d968a2e67a6fd04c169c4bdef102d0bc5d31b2546345219e348575eb80e9a0?s=96&d=mm&r=g\",\"caption\":\"redazione\"},\"sameAs\":[\"http:\\\/\\\/www.bellunopress.it\",\"https:\\\/\\\/x.com\\\/bellunopress\"],\"url\":\"https:\\\/\\\/www.bellunopress.it\\\/fr\\\/author\\\/redazione\\\/\"}]}<\/script>\n<!-- \/ Yoast SEO plugin. -->","yoast_head_json":{"title":"Segnali di ottimismo alla tradizionale festa di fine anno alla Sest. Faggioli:\u201cLa nostra azienda, il sito produttivo di Limana, resta il cuore della Sest\" - Bellunopress - Dolomiti","robots":{"index":"index","follow":"follow","max-snippet":"max-snippet:-1","max-image-preview":"max-image-preview:large","max-video-preview":"max-video-preview:-1"},"canonical":"https:\/\/www.bellunopress.it\/fr\/2011\/12\/17\/segnali-di-ottimismo-alla-tradizionale-festa-di-fine-anno-alla-sest-faggiolila-nostra-azienda-il-sito-produttivo-di-limana-resta-il-cuore-della-sest\/","og_locale":"fr_FR","og_type":"article","og_title":"Segnali di ottimismo alla tradizionale festa di fine anno alla Sest. Faggioli:\u201cLa nostra azienda, il sito produttivo di Limana, resta il cuore della Sest\" - Bellunopress - Dolomiti","og_description":"\u201cAndremo avanti perch\u00e9 ci crediamo\u201d: questo il messaggio positivo lanciato nella tradizionale festa di fine anno della SEST di Limana, leader europea nella produzione di elementi di scambio termico. Un regalo natalizio che solleva il morale all\u2019intera Provincia &#8211; considerati i 200 dipendenti dell\u2019organico -, sostenuto anche dalla significativa partecipazione, a fianco dei vertici dell\u2019azienda, [&hellip;]","og_url":"https:\/\/www.bellunopress.it\/fr\/2011\/12\/17\/segnali-di-ottimismo-alla-tradizionale-festa-di-fine-anno-alla-sest-faggiolila-nostra-azienda-il-sito-produttivo-di-limana-resta-il-cuore-della-sest\/","og_site_name":"Bellunopress - Dolomiti","article_publisher":"https:\/\/www.facebook.com\/profile.php?id=100008943462799","article_published_time":"2011-12-17T12:22:52+00:00","og_image":[{"url":"http:\/\/www.bellunopress.it\/wp-content\/uploads\/2012\/07\/logo-bellunopress-250x250-2012.jpg","type":"","width":"","height":""}],"author":"redazione","twitter_card":"summary_large_image","twitter_creator":"@bellunopress","twitter_site":"@bellunopress","twitter_misc":{"\u00c9crit par":"redazione","Dur\u00e9e de lecture estim\u00e9e":"2 minutes"},"schema":{"@context":"https:\/\/schema.org","@graph":[{"@type":"Article","@id":"https:\/\/www.bellunopress.it\/2011\/12\/17\/segnali-di-ottimismo-alla-tradizionale-festa-di-fine-anno-alla-sest-faggiolila-nostra-azienda-il-sito-produttivo-di-limana-resta-il-cuore-della-sest\/#article","isPartOf":{"@id":"https:\/\/www.bellunopress.it\/2011\/12\/17\/segnali-di-ottimismo-alla-tradizionale-festa-di-fine-anno-alla-sest-faggiolila-nostra-azienda-il-sito-produttivo-di-limana-resta-il-cuore-della-sest\/"},"author":{"name":"redazione","@id":"https:\/\/www.bellunopress.it\/#\/schema\/person\/79bb06722b37ece1c03d3e94beb30d73"},"headline":"Segnali di ottimismo alla tradizionale festa di fine anno alla Sest. Faggioli:\u201cLa nostra azienda, il sito produttivo di Limana, resta il cuore della Sest&#8221;","datePublished":"2011-12-17T12:22:52+00:00","mainEntityOfPage":{"@id":"https:\/\/www.bellunopress.it\/2011\/12\/17\/segnali-di-ottimismo-alla-tradizionale-festa-di-fine-anno-alla-sest-faggiolila-nostra-azienda-il-sito-produttivo-di-limana-resta-il-cuore-della-sest\/"},"wordCount":454,"publisher":{"@id":"https:\/\/www.bellunopress.it\/#organization"},"articleSection":["Cronaca\/Politica","Prima Pagina"],"inLanguage":"fr-FR"},{"@type":"WebPage","@id":"https:\/\/www.bellunopress.it\/2011\/12\/17\/segnali-di-ottimismo-alla-tradizionale-festa-di-fine-anno-alla-sest-faggiolila-nostra-azienda-il-sito-produttivo-di-limana-resta-il-cuore-della-sest\/","url":"https:\/\/www.bellunopress.it\/2011\/12\/17\/segnali-di-ottimismo-alla-tradizionale-festa-di-fine-anno-alla-sest-faggiolila-nostra-azienda-il-sito-produttivo-di-limana-resta-il-cuore-della-sest\/","name":"Segnali di ottimismo alla tradizionale festa di fine anno alla Sest. Faggioli:\u201cLa nostra azienda, il sito produttivo di Limana, resta il cuore della Sest\" - Bellunopress - Dolomiti","isPartOf":{"@id":"https:\/\/www.bellunopress.it\/#website"},"datePublished":"2011-12-17T12:22:52+00:00","breadcrumb":{"@id":"https:\/\/www.bellunopress.it\/2011\/12\/17\/segnali-di-ottimismo-alla-tradizionale-festa-di-fine-anno-alla-sest-faggiolila-nostra-azienda-il-sito-produttivo-di-limana-resta-il-cuore-della-sest\/#breadcrumb"},"inLanguage":"fr-FR","potentialAction":[{"@type":"ReadAction","target":["https:\/\/www.bellunopress.it\/2011\/12\/17\/segnali-di-ottimismo-alla-tradizionale-festa-di-fine-anno-alla-sest-faggiolila-nostra-azienda-il-sito-produttivo-di-limana-resta-il-cuore-della-sest\/"]}]},{"@type":"BreadcrumbList","@id":"https:\/\/www.bellunopress.it\/2011\/12\/17\/segnali-di-ottimismo-alla-tradizionale-festa-di-fine-anno-alla-sest-faggiolila-nostra-azienda-il-sito-produttivo-di-limana-resta-il-cuore-della-sest\/#breadcrumb","itemListElement":[{"@type":"ListItem","position":1,"name":"Home","item":"https:\/\/www.bellunopress.it\/"},{"@type":"ListItem","position":2,"name":"Segnali di ottimismo alla tradizionale festa di fine anno alla Sest. Faggioli:\u201cLa nostra azienda, il sito produttivo di Limana, resta il cuore della Sest&#8221;"}]},{"@type":"WebSite","@id":"https:\/\/www.bellunopress.it\/#website","url":"https:\/\/www.bellunopress.it\/","name":"Bellunopress - Dolomiti","description":"e-mail: redazione@bellunopress.it","publisher":{"@id":"https:\/\/www.bellunopress.it\/#organization"},"potentialAction":[{"@type":"SearchAction","target":{"@type":"EntryPoint","urlTemplate":"https:\/\/www.bellunopress.it\/?s={search_term_string}"},"query-input":{"@type":"PropertyValueSpecification","valueRequired":true,"valueName":"search_term_string"}}],"inLanguage":"fr-FR"},{"@type":"Organization","@id":"https:\/\/www.bellunopress.it\/#organization","name":"Bellunopress","url":"https:\/\/www.bellunopress.it\/","logo":{"@type":"ImageObject","inLanguage":"fr-FR","@id":"https:\/\/www.bellunopress.it\/#\/schema\/logo\/image\/","url":"https:\/\/www.bellunopress.it\/wp-content\/uploads\/2011\/05\/cropped-logo-bellunopress-.jpg","contentUrl":"https:\/\/www.bellunopress.it\/wp-content\/uploads\/2011\/05\/cropped-logo-bellunopress-.jpg","width":512,"height":512,"caption":"Bellunopress"},"image":{"@id":"https:\/\/www.bellunopress.it\/#\/schema\/logo\/image\/"},"sameAs":["https:\/\/www.facebook.com\/profile.php?id=100008943462799","https:\/\/x.com\/bellunopress","https:\/\/www.linkedin.com\/hp\/?dnr=JBzUWaJfMUw8vbXJJ2tVW5-I3jZKvC4wsoxE&amp;amp;amp;amp;amp;amp;trk=nav_responsive_tab_home","https:\/\/www.youtube.com\/channel\/UCxL0wu1uN0_3_7hGG0306cw"]},{"@type":"Person","@id":"https:\/\/www.bellunopress.it\/#\/schema\/person\/79bb06722b37ece1c03d3e94beb30d73","name":"r\u00e9daction","image":{"@type":"ImageObject","inLanguage":"fr-FR","@id":"https:\/\/secure.gravatar.com\/avatar\/37d968a2e67a6fd04c169c4bdef102d0bc5d31b2546345219e348575eb80e9a0?s=96&d=mm&r=g","url":"https:\/\/secure.gravatar.com\/avatar\/37d968a2e67a6fd04c169c4bdef102d0bc5d31b2546345219e348575eb80e9a0?s=96&d=mm&r=g","contentUrl":"https:\/\/secure.gravatar.com\/avatar\/37d968a2e67a6fd04c169c4bdef102d0bc5d31b2546345219e348575eb80e9a0?s=96&d=mm&r=g","caption":"redazione"},"sameAs":["http:\/\/www.bellunopress.it","https:\/\/x.com\/bellunopress"],"url":"https:\/\/www.bellunopress.it\/fr\/author\/redazione\/"}]}},"_links":{"self":[{"href":"https:\/\/www.bellunopress.it\/fr\/wp-json\/wp\/v2\/posts\/33411","targetHints":{"allow":["GET"]}}],"collection":[{"href":"https:\/\/www.bellunopress.it\/fr\/wp-json\/wp\/v2\/posts"}],"about":[{"href":"https:\/\/www.bellunopress.it\/fr\/wp-json\/wp\/v2\/types\/post"}],"author":[{"embeddable":true,"href":"https:\/\/www.bellunopress.it\/fr\/wp-json\/wp\/v2\/users\/2"}],"replies":[{"embeddable":true,"href":"https:\/\/www.bellunopress.it\/fr\/wp-json\/wp\/v2\/comments?post=33411"}],"version-history":[{"count":1,"href":"https:\/\/www.bellunopress.it\/fr\/wp-json\/wp\/v2\/posts\/33411\/revisions"}],"predecessor-version":[{"id":33415,"href":"https:\/\/www.bellunopress.it\/fr\/wp-json\/wp\/v2\/posts\/33411\/revisions\/33415"}],"wp:attachment":[{"href":"https:\/\/www.bellunopress.it\/fr\/wp-json\/wp\/v2\/media?parent=33411"}],"wp:term":[{"taxonomy":"category","embeddable":true,"href":"https:\/\/www.bellunopress.it\/fr\/wp-json\/wp\/v2\/categories?post=33411"},{"taxonomy":"post_tag","embeddable":true,"href":"https:\/\/www.bellunopress.it\/fr\/wp-json\/wp\/v2\/tags?post=33411"}],"curies":[{"name":"wp","href":"https:\/\/api.w.org\/{rel}","templated":true}]}}