{"id":33403,"date":"2011-12-16T18:13:07","date_gmt":"2011-12-16T17:13:07","guid":{"rendered":"http:\/\/www.bellunopress.it\/?p=33403"},"modified":"2011-12-16T18:13:07","modified_gmt":"2011-12-16T17:13:07","slug":"col-cavalier-chisso-il-profumo-di-governo-rende-ragionevole-quinto-piol","status":"publish","type":"post","link":"https:\/\/www.bellunopress.it\/fr\/2011\/12\/16\/col-cavalier-chisso-il-profumo-di-governo-rende-ragionevole-quinto-piol\/","title":{"rendered":"Col Cavalier. Chisso: &#8220;Il profumo di governo rende ragionevole Quinto Piol&#8221;"},"content":{"rendered":"<figure id=\"attachment_8175\" aria-describedby=\"caption-attachment-8175\" style=\"width: 246px\" class=\"wp-caption alignleft\"><a href=\"http:\/\/www.bellunopress.it\/wp-content\/uploads\/2009\/09\/renato-chisso.jpg\"><img loading=\"lazy\" decoding=\"async\" class=\"size-full wp-image-8175\" title=\"renato-chisso\" src=\"http:\/\/www.bellunopress.it\/wp-content\/uploads\/2009\/09\/renato-chisso.jpg\" alt=\"\" width=\"246\" height=\"280\" \/><\/a><figcaption id=\"caption-attachment-8175\" class=\"wp-caption-text\">Renato Chisso<\/figcaption><\/figure>\n<p><a href=\"http:\/\/www.bellunopress.it\/wp-content\/uploads\/2011\/06\/Quinto-Piol-140x140.jpg\"><img loading=\"lazy\" decoding=\"async\" class=\"alignright size-full wp-image-27495\" title=\"Quinto Piol 140x140\" src=\"http:\/\/www.bellunopress.it\/wp-content\/uploads\/2011\/06\/Quinto-Piol-140x140.jpg\" alt=\"\" width=\"140\" height=\"140\" \/><\/a>\u201cSpero che la ragionevolezza non debba per forza arrivare quando si sente profumo di maggioranza di governo. In ogni caso ripeto a me stesso: quanti reiterati allarmi fino alla turbativa per nulla\u201d. Renato Chisso, assessore alle politiche della mobilit\u00e0 del Veneto, sorride leggendo le dichiarazioni dell\u2019ex assessore ai trasporti della provincia di Belluno Quinto Piol, il quale dalle pagine dei giornali annuncia che per il Tunnel del Col Cavalier i soldi ci sono. \u201cDopo che \u00e8 divenuto amministratore di Veneto Strade \u2013 conclude Chisso \u2013 ha finalmente constato ci\u00f2 che gli avevamo pi\u00f9 volte ripetuto: la nostra societ\u00e0 stradale procede abitualmente con anticipazioni, rispetto a progetti che, per legge, non possono essere neppure iniziati se non ci fosse copertura finanziaria certa. I tempi invece sono altra cosa\u201d. \u201cUna buona fulminazione sulla via di Damasco sta sempre bene \u2013 aggiunge Chisso \u2013 anche se avviene sulla Provinciale n. 1 di Belluno. Importante \u00e8 che si renda conto che il nostro sistema funziona e che dia una mano, come richiama alla fine delle sue dichiarazioni, perch\u00e9 gli impegni statali vengano onorati con rapidit\u00e0. Per i ravvedimenti non \u00e8 mai troppo tardi, per i soldi, invece, i ritardi creano qualche problema di interessi da pagare. Caro Piol \u2013 conclude l\u2019assessore regionale \u2013 benvenuto nel mondo normale\u201d.<\/p>\n<p>&nbsp;<\/p>","protected":false},"excerpt":{"rendered":"<p>\u201cSpero che la ragionevolezza non debba per forza arrivare quando si sente profumo di maggioranza di governo. In ogni caso ripeto a me stesso: quanti reiterati allarmi fino alla turbativa per nulla\u201d. Renato Chisso, assessore alle politiche della mobilit\u00e0 del Veneto, sorride leggendo le dichiarazioni dell\u2019ex assessore ai trasporti della provincia di Belluno Quinto Piol, [&hellip;]<\/p>\n","protected":false},"author":2,"featured_media":0,"comment_status":"closed","ping_status":"open","sticky":false,"template":"","format":"standard","meta":{"footnotes":""},"categories":[5,26],"tags":[],"class_list":["post-33403","post","type-post","status-publish","format-standard","category-cronaca","category-prima-pagina"],"yoast_head":"<!-- This site is optimized with the Yoast SEO plugin v28.4 - https:\/\/yoast.com\/product\/yoast-seo-wordpress\/ -->\n<title>Col Cavalier. Chisso: &quot;Il profumo di governo rende ragionevole Quinto Piol&quot; - Bellunopress - Dolomiti<\/title>\n<meta name=\"robots\" content=\"index, follow, max-snippet:-1, max-image-preview:large, max-video-preview:-1\" \/>\n<link rel=\"canonical\" href=\"https:\/\/www.bellunopress.it\/fr\/2011\/12\/16\/col-cavalier-chisso-il-profumo-di-governo-rende-ragionevole-quinto-piol\/\" \/>\n<meta property=\"og:locale\" content=\"fr_FR\" \/>\n<meta property=\"og:type\" content=\"article\" \/>\n<meta property=\"og:title\" content=\"Col Cavalier. Chisso: &quot;Il profumo di governo rende ragionevole Quinto Piol&quot; - Bellunopress - Dolomiti\" \/>\n<meta property=\"og:description\" content=\"\u201cSpero che la ragionevolezza non debba per forza arrivare quando si sente profumo di maggioranza di governo. In ogni caso ripeto a me stesso: quanti reiterati allarmi fino alla turbativa per nulla\u201d. Renato Chisso, assessore alle politiche della mobilit\u00e0 del Veneto, sorride leggendo le dichiarazioni dell\u2019ex assessore ai trasporti della provincia di Belluno Quinto Piol, [&hellip;]\" \/>\n<meta property=\"og:url\" content=\"https:\/\/www.bellunopress.it\/fr\/2011\/12\/16\/col-cavalier-chisso-il-profumo-di-governo-rende-ragionevole-quinto-piol\/\" \/>\n<meta property=\"og:site_name\" content=\"Bellunopress - Dolomiti\" \/>\n<meta property=\"article:publisher\" content=\"https:\/\/www.facebook.com\/profile.php?id=100008943462799\" \/>\n<meta property=\"article:published_time\" content=\"2011-12-16T17:13:07+00:00\" \/>\n<meta property=\"og:image\" content=\"http:\/\/www.bellunopress.it\/wp-content\/uploads\/2009\/09\/renato-chisso.jpg\" \/>\n<meta name=\"author\" content=\"redazione\" \/>\n<meta name=\"twitter:card\" content=\"summary_large_image\" \/>\n<meta name=\"twitter:creator\" content=\"@bellunopress\" \/>\n<meta name=\"twitter:site\" content=\"@bellunopress\" \/>\n<meta name=\"twitter:label1\" content=\"\u00c9crit par\" \/>\n\t<meta name=\"twitter:data1\" content=\"redazione\" \/>\n\t<meta name=\"twitter:label2\" content=\"Dur\u00e9e de lecture estim\u00e9e\" \/>\n\t<meta name=\"twitter:data2\" content=\"1 minute\" \/>\n<script type=\"application\/ld+json\" class=\"yoast-schema-graph\">{\"@context\":\"https:\\\/\\\/schema.org\",\"@graph\":[{\"@type\":\"Article\",\"@id\":\"https:\\\/\\\/www.bellunopress.it\\\/2011\\\/12\\\/16\\\/col-cavalier-chisso-il-profumo-di-governo-rende-ragionevole-quinto-piol\\\/#article\",\"isPartOf\":{\"@id\":\"https:\\\/\\\/www.bellunopress.it\\\/2011\\\/12\\\/16\\\/col-cavalier-chisso-il-profumo-di-governo-rende-ragionevole-quinto-piol\\\/\"},\"author\":{\"name\":\"redazione\",\"@id\":\"https:\\\/\\\/www.bellunopress.it\\\/#\\\/schema\\\/person\\\/79bb06722b37ece1c03d3e94beb30d73\"},\"headline\":\"Col Cavalier. Chisso: &#8220;Il profumo di governo rende ragionevole Quinto Piol&#8221;\",\"datePublished\":\"2011-12-16T17:13:07+00:00\",\"mainEntityOfPage\":{\"@id\":\"https:\\\/\\\/www.bellunopress.it\\\/2011\\\/12\\\/16\\\/col-cavalier-chisso-il-profumo-di-governo-rende-ragionevole-quinto-piol\\\/\"},\"wordCount\":227,\"publisher\":{\"@id\":\"https:\\\/\\\/www.bellunopress.it\\\/#organization\"},\"image\":{\"@id\":\"https:\\\/\\\/www.bellunopress.it\\\/2011\\\/12\\\/16\\\/col-cavalier-chisso-il-profumo-di-governo-rende-ragionevole-quinto-piol\\\/#primaryimage\"},\"thumbnailUrl\":\"http:\\\/\\\/www.bellunopress.it\\\/wp-content\\\/uploads\\\/2009\\\/09\\\/renato-chisso.jpg\",\"articleSection\":[\"Cronaca\\\/Politica\",\"Prima Pagina\"],\"inLanguage\":\"fr-FR\"},{\"@type\":\"WebPage\",\"@id\":\"https:\\\/\\\/www.bellunopress.it\\\/2011\\\/12\\\/16\\\/col-cavalier-chisso-il-profumo-di-governo-rende-ragionevole-quinto-piol\\\/\",\"url\":\"https:\\\/\\\/www.bellunopress.it\\\/2011\\\/12\\\/16\\\/col-cavalier-chisso-il-profumo-di-governo-rende-ragionevole-quinto-piol\\\/\",\"name\":\"Col Cavalier. Chisso: \\\"Il profumo di governo rende ragionevole Quinto Piol\\\" - Bellunopress - Dolomiti\",\"isPartOf\":{\"@id\":\"https:\\\/\\\/www.bellunopress.it\\\/#website\"},\"primaryImageOfPage\":{\"@id\":\"https:\\\/\\\/www.bellunopress.it\\\/2011\\\/12\\\/16\\\/col-cavalier-chisso-il-profumo-di-governo-rende-ragionevole-quinto-piol\\\/#primaryimage\"},\"image\":{\"@id\":\"https:\\\/\\\/www.bellunopress.it\\\/2011\\\/12\\\/16\\\/col-cavalier-chisso-il-profumo-di-governo-rende-ragionevole-quinto-piol\\\/#primaryimage\"},\"thumbnailUrl\":\"http:\\\/\\\/www.bellunopress.it\\\/wp-content\\\/uploads\\\/2009\\\/09\\\/renato-chisso.jpg\",\"datePublished\":\"2011-12-16T17:13:07+00:00\",\"breadcrumb\":{\"@id\":\"https:\\\/\\\/www.bellunopress.it\\\/2011\\\/12\\\/16\\\/col-cavalier-chisso-il-profumo-di-governo-rende-ragionevole-quinto-piol\\\/#breadcrumb\"},\"inLanguage\":\"fr-FR\",\"potentialAction\":[{\"@type\":\"ReadAction\",\"target\":[\"https:\\\/\\\/www.bellunopress.it\\\/2011\\\/12\\\/16\\\/col-cavalier-chisso-il-profumo-di-governo-rende-ragionevole-quinto-piol\\\/\"]}]},{\"@type\":\"ImageObject\",\"inLanguage\":\"fr-FR\",\"@id\":\"https:\\\/\\\/www.bellunopress.it\\\/2011\\\/12\\\/16\\\/col-cavalier-chisso-il-profumo-di-governo-rende-ragionevole-quinto-piol\\\/#primaryimage\",\"url\":\"http:\\\/\\\/www.bellunopress.it\\\/wp-content\\\/uploads\\\/2009\\\/09\\\/renato-chisso.jpg\",\"contentUrl\":\"http:\\\/\\\/www.bellunopress.it\\\/wp-content\\\/uploads\\\/2009\\\/09\\\/renato-chisso.jpg\"},{\"@type\":\"BreadcrumbList\",\"@id\":\"https:\\\/\\\/www.bellunopress.it\\\/2011\\\/12\\\/16\\\/col-cavalier-chisso-il-profumo-di-governo-rende-ragionevole-quinto-piol\\\/#breadcrumb\",\"itemListElement\":[{\"@type\":\"ListItem\",\"position\":1,\"name\":\"Home\",\"item\":\"https:\\\/\\\/www.bellunopress.it\\\/\"},{\"@type\":\"ListItem\",\"position\":2,\"name\":\"Col Cavalier. Chisso: &#8220;Il profumo di governo rende ragionevole Quinto Piol&#8221;\"}]},{\"@type\":\"WebSite\",\"@id\":\"https:\\\/\\\/www.bellunopress.it\\\/#website\",\"url\":\"https:\\\/\\\/www.bellunopress.it\\\/\",\"name\":\"Bellunopress - Dolomiti\",\"description\":\"e-mail: redazione@bellunopress.it\",\"publisher\":{\"@id\":\"https:\\\/\\\/www.bellunopress.it\\\/#organization\"},\"potentialAction\":[{\"@type\":\"SearchAction\",\"target\":{\"@type\":\"EntryPoint\",\"urlTemplate\":\"https:\\\/\\\/www.bellunopress.it\\\/?s={search_term_string}\"},\"query-input\":{\"@type\":\"PropertyValueSpecification\",\"valueRequired\":true,\"valueName\":\"search_term_string\"}}],\"inLanguage\":\"fr-FR\"},{\"@type\":\"Organization\",\"@id\":\"https:\\\/\\\/www.bellunopress.it\\\/#organization\",\"name\":\"Bellunopress\",\"url\":\"https:\\\/\\\/www.bellunopress.it\\\/\",\"logo\":{\"@type\":\"ImageObject\",\"inLanguage\":\"fr-FR\",\"@id\":\"https:\\\/\\\/www.bellunopress.it\\\/#\\\/schema\\\/logo\\\/image\\\/\",\"url\":\"https:\\\/\\\/www.bellunopress.it\\\/wp-content\\\/uploads\\\/2011\\\/05\\\/cropped-logo-bellunopress-.jpg\",\"contentUrl\":\"https:\\\/\\\/www.bellunopress.it\\\/wp-content\\\/uploads\\\/2011\\\/05\\\/cropped-logo-bellunopress-.jpg\",\"width\":512,\"height\":512,\"caption\":\"Bellunopress\"},\"image\":{\"@id\":\"https:\\\/\\\/www.bellunopress.it\\\/#\\\/schema\\\/logo\\\/image\\\/\"},\"sameAs\":[\"https:\\\/\\\/www.facebook.com\\\/profile.php?id=100008943462799\",\"https:\\\/\\\/x.com\\\/bellunopress\",\"https:\\\/\\\/www.linkedin.com\\\/hp\\\/?dnr=JBzUWaJfMUw8vbXJJ2tVW5-I3jZKvC4wsoxE&amp;amp;amp;amp;amp;amp;trk=nav_responsive_tab_home\",\"https:\\\/\\\/www.youtube.com\\\/channel\\\/UCxL0wu1uN0_3_7hGG0306cw\"]},{\"@type\":\"Person\",\"@id\":\"https:\\\/\\\/www.bellunopress.it\\\/#\\\/schema\\\/person\\\/79bb06722b37ece1c03d3e94beb30d73\",\"name\":\"redazione\",\"image\":{\"@type\":\"ImageObject\",\"inLanguage\":\"fr-FR\",\"@id\":\"https:\\\/\\\/secure.gravatar.com\\\/avatar\\\/37d968a2e67a6fd04c169c4bdef102d0bc5d31b2546345219e348575eb80e9a0?s=96&d=mm&r=g\",\"url\":\"https:\\\/\\\/secure.gravatar.com\\\/avatar\\\/37d968a2e67a6fd04c169c4bdef102d0bc5d31b2546345219e348575eb80e9a0?s=96&d=mm&r=g\",\"contentUrl\":\"https:\\\/\\\/secure.gravatar.com\\\/avatar\\\/37d968a2e67a6fd04c169c4bdef102d0bc5d31b2546345219e348575eb80e9a0?s=96&d=mm&r=g\",\"caption\":\"redazione\"},\"sameAs\":[\"http:\\\/\\\/www.bellunopress.it\",\"https:\\\/\\\/x.com\\\/bellunopress\"],\"url\":\"https:\\\/\\\/www.bellunopress.it\\\/fr\\\/author\\\/redazione\\\/\"}]}<\/script>\n<!-- \/ Yoast SEO plugin. -->","yoast_head_json":{"title":"Col Cavalier. Chisso: \"Il profumo di governo rende ragionevole Quinto Piol\" - Bellunopress - Dolomiti","robots":{"index":"index","follow":"follow","max-snippet":"max-snippet:-1","max-image-preview":"max-image-preview:large","max-video-preview":"max-video-preview:-1"},"canonical":"https:\/\/www.bellunopress.it\/fr\/2011\/12\/16\/col-cavalier-chisso-il-profumo-di-governo-rende-ragionevole-quinto-piol\/","og_locale":"fr_FR","og_type":"article","og_title":"Col Cavalier. Chisso: \"Il profumo di governo rende ragionevole Quinto Piol\" - Bellunopress - Dolomiti","og_description":"\u201cSpero che la ragionevolezza non debba per forza arrivare quando si sente profumo di maggioranza di governo. In ogni caso ripeto a me stesso: quanti reiterati allarmi fino alla turbativa per nulla\u201d. Renato Chisso, assessore alle politiche della mobilit\u00e0 del Veneto, sorride leggendo le dichiarazioni dell\u2019ex assessore ai trasporti della provincia di Belluno Quinto Piol, [&hellip;]","og_url":"https:\/\/www.bellunopress.it\/fr\/2011\/12\/16\/col-cavalier-chisso-il-profumo-di-governo-rende-ragionevole-quinto-piol\/","og_site_name":"Bellunopress - Dolomiti","article_publisher":"https:\/\/www.facebook.com\/profile.php?id=100008943462799","article_published_time":"2011-12-16T17:13:07+00:00","og_image":[{"url":"http:\/\/www.bellunopress.it\/wp-content\/uploads\/2009\/09\/renato-chisso.jpg","type":"","width":"","height":""}],"author":"redazione","twitter_card":"summary_large_image","twitter_creator":"@bellunopress","twitter_site":"@bellunopress","twitter_misc":{"\u00c9crit par":"redazione","Dur\u00e9e de lecture estim\u00e9e":"1 minute"},"schema":{"@context":"https:\/\/schema.org","@graph":[{"@type":"Article","@id":"https:\/\/www.bellunopress.it\/2011\/12\/16\/col-cavalier-chisso-il-profumo-di-governo-rende-ragionevole-quinto-piol\/#article","isPartOf":{"@id":"https:\/\/www.bellunopress.it\/2011\/12\/16\/col-cavalier-chisso-il-profumo-di-governo-rende-ragionevole-quinto-piol\/"},"author":{"name":"redazione","@id":"https:\/\/www.bellunopress.it\/#\/schema\/person\/79bb06722b37ece1c03d3e94beb30d73"},"headline":"Col Cavalier. Chisso: &#8220;Il profumo di governo rende ragionevole Quinto Piol&#8221;","datePublished":"2011-12-16T17:13:07+00:00","mainEntityOfPage":{"@id":"https:\/\/www.bellunopress.it\/2011\/12\/16\/col-cavalier-chisso-il-profumo-di-governo-rende-ragionevole-quinto-piol\/"},"wordCount":227,"publisher":{"@id":"https:\/\/www.bellunopress.it\/#organization"},"image":{"@id":"https:\/\/www.bellunopress.it\/2011\/12\/16\/col-cavalier-chisso-il-profumo-di-governo-rende-ragionevole-quinto-piol\/#primaryimage"},"thumbnailUrl":"http:\/\/www.bellunopress.it\/wp-content\/uploads\/2009\/09\/renato-chisso.jpg","articleSection":["Cronaca\/Politica","Prima Pagina"],"inLanguage":"fr-FR"},{"@type":"WebPage","@id":"https:\/\/www.bellunopress.it\/2011\/12\/16\/col-cavalier-chisso-il-profumo-di-governo-rende-ragionevole-quinto-piol\/","url":"https:\/\/www.bellunopress.it\/2011\/12\/16\/col-cavalier-chisso-il-profumo-di-governo-rende-ragionevole-quinto-piol\/","name":"Col Cavalier. Chisso: \"Il profumo di governo rende ragionevole Quinto Piol\" - Bellunopress - Dolomiti","isPartOf":{"@id":"https:\/\/www.bellunopress.it\/#website"},"primaryImageOfPage":{"@id":"https:\/\/www.bellunopress.it\/2011\/12\/16\/col-cavalier-chisso-il-profumo-di-governo-rende-ragionevole-quinto-piol\/#primaryimage"},"image":{"@id":"https:\/\/www.bellunopress.it\/2011\/12\/16\/col-cavalier-chisso-il-profumo-di-governo-rende-ragionevole-quinto-piol\/#primaryimage"},"thumbnailUrl":"http:\/\/www.bellunopress.it\/wp-content\/uploads\/2009\/09\/renato-chisso.jpg","datePublished":"2011-12-16T17:13:07+00:00","breadcrumb":{"@id":"https:\/\/www.bellunopress.it\/2011\/12\/16\/col-cavalier-chisso-il-profumo-di-governo-rende-ragionevole-quinto-piol\/#breadcrumb"},"inLanguage":"fr-FR","potentialAction":[{"@type":"ReadAction","target":["https:\/\/www.bellunopress.it\/2011\/12\/16\/col-cavalier-chisso-il-profumo-di-governo-rende-ragionevole-quinto-piol\/"]}]},{"@type":"ImageObject","inLanguage":"fr-FR","@id":"https:\/\/www.bellunopress.it\/2011\/12\/16\/col-cavalier-chisso-il-profumo-di-governo-rende-ragionevole-quinto-piol\/#primaryimage","url":"http:\/\/www.bellunopress.it\/wp-content\/uploads\/2009\/09\/renato-chisso.jpg","contentUrl":"http:\/\/www.bellunopress.it\/wp-content\/uploads\/2009\/09\/renato-chisso.jpg"},{"@type":"BreadcrumbList","@id":"https:\/\/www.bellunopress.it\/2011\/12\/16\/col-cavalier-chisso-il-profumo-di-governo-rende-ragionevole-quinto-piol\/#breadcrumb","itemListElement":[{"@type":"ListItem","position":1,"name":"Home","item":"https:\/\/www.bellunopress.it\/"},{"@type":"ListItem","position":2,"name":"Col Cavalier. Chisso: &#8220;Il profumo di governo rende ragionevole Quinto Piol&#8221;"}]},{"@type":"WebSite","@id":"https:\/\/www.bellunopress.it\/#website","url":"https:\/\/www.bellunopress.it\/","name":"Bellunopress - Dolomiti","description":"e-mail: redazione@bellunopress.it","publisher":{"@id":"https:\/\/www.bellunopress.it\/#organization"},"potentialAction":[{"@type":"SearchAction","target":{"@type":"EntryPoint","urlTemplate":"https:\/\/www.bellunopress.it\/?s={search_term_string}"},"query-input":{"@type":"PropertyValueSpecification","valueRequired":true,"valueName":"search_term_string"}}],"inLanguage":"fr-FR"},{"@type":"Organization","@id":"https:\/\/www.bellunopress.it\/#organization","name":"Bellunopress","url":"https:\/\/www.bellunopress.it\/","logo":{"@type":"ImageObject","inLanguage":"fr-FR","@id":"https:\/\/www.bellunopress.it\/#\/schema\/logo\/image\/","url":"https:\/\/www.bellunopress.it\/wp-content\/uploads\/2011\/05\/cropped-logo-bellunopress-.jpg","contentUrl":"https:\/\/www.bellunopress.it\/wp-content\/uploads\/2011\/05\/cropped-logo-bellunopress-.jpg","width":512,"height":512,"caption":"Bellunopress"},"image":{"@id":"https:\/\/www.bellunopress.it\/#\/schema\/logo\/image\/"},"sameAs":["https:\/\/www.facebook.com\/profile.php?id=100008943462799","https:\/\/x.com\/bellunopress","https:\/\/www.linkedin.com\/hp\/?dnr=JBzUWaJfMUw8vbXJJ2tVW5-I3jZKvC4wsoxE&amp;amp;amp;amp;amp;amp;trk=nav_responsive_tab_home","https:\/\/www.youtube.com\/channel\/UCxL0wu1uN0_3_7hGG0306cw"]},{"@type":"Person","@id":"https:\/\/www.bellunopress.it\/#\/schema\/person\/79bb06722b37ece1c03d3e94beb30d73","name":"r\u00e9daction","image":{"@type":"ImageObject","inLanguage":"fr-FR","@id":"https:\/\/secure.gravatar.com\/avatar\/37d968a2e67a6fd04c169c4bdef102d0bc5d31b2546345219e348575eb80e9a0?s=96&d=mm&r=g","url":"https:\/\/secure.gravatar.com\/avatar\/37d968a2e67a6fd04c169c4bdef102d0bc5d31b2546345219e348575eb80e9a0?s=96&d=mm&r=g","contentUrl":"https:\/\/secure.gravatar.com\/avatar\/37d968a2e67a6fd04c169c4bdef102d0bc5d31b2546345219e348575eb80e9a0?s=96&d=mm&r=g","caption":"redazione"},"sameAs":["http:\/\/www.bellunopress.it","https:\/\/x.com\/bellunopress"],"url":"https:\/\/www.bellunopress.it\/fr\/author\/redazione\/"}]}},"_links":{"self":[{"href":"https:\/\/www.bellunopress.it\/fr\/wp-json\/wp\/v2\/posts\/33403","targetHints":{"allow":["GET"]}}],"collection":[{"href":"https:\/\/www.bellunopress.it\/fr\/wp-json\/wp\/v2\/posts"}],"about":[{"href":"https:\/\/www.bellunopress.it\/fr\/wp-json\/wp\/v2\/types\/post"}],"author":[{"embeddable":true,"href":"https:\/\/www.bellunopress.it\/fr\/wp-json\/wp\/v2\/users\/2"}],"replies":[{"embeddable":true,"href":"https:\/\/www.bellunopress.it\/fr\/wp-json\/wp\/v2\/comments?post=33403"}],"version-history":[{"count":1,"href":"https:\/\/www.bellunopress.it\/fr\/wp-json\/wp\/v2\/posts\/33403\/revisions"}],"predecessor-version":[{"id":33404,"href":"https:\/\/www.bellunopress.it\/fr\/wp-json\/wp\/v2\/posts\/33403\/revisions\/33404"}],"wp:attachment":[{"href":"https:\/\/www.bellunopress.it\/fr\/wp-json\/wp\/v2\/media?parent=33403"}],"wp:term":[{"taxonomy":"category","embeddable":true,"href":"https:\/\/www.bellunopress.it\/fr\/wp-json\/wp\/v2\/categories?post=33403"},{"taxonomy":"post_tag","embeddable":true,"href":"https:\/\/www.bellunopress.it\/fr\/wp-json\/wp\/v2\/tags?post=33403"}],"curies":[{"name":"wp","href":"https:\/\/api.w.org\/{rel}","templated":true}]}}