{"id":33396,"date":"2011-12-16T12:45:44","date_gmt":"2011-12-16T11:45:44","guid":{"rendered":"http:\/\/www.bellunopress.it\/?p=33396"},"modified":"2011-12-16T17:47:12","modified_gmt":"2011-12-16T16:47:12","slug":"capodanno-in-piazza-intervento-del-consigliere-roberto-de-moliner-pd","status":"publish","type":"post","link":"https:\/\/www.bellunopress.it\/fr\/2011\/12\/16\/capodanno-in-piazza-intervento-del-consigliere-roberto-de-moliner-pd\/","title":{"rendered":"Capodanno in piazza * intervento del consigliere Roberto de Moliner (Pd)"},"content":{"rendered":"<figure id=\"attachment_24322\" aria-describedby=\"caption-attachment-24322\" style=\"width: 128px\" class=\"wp-caption alignleft\"><a href=\"http:\/\/www.bellunopress.it\/wp-content\/uploads\/2011\/02\/de-moliner-roberto.jpg\"><img loading=\"lazy\" decoding=\"async\" class=\"size-full wp-image-24322\" title=\"de moliner roberto\" src=\"http:\/\/www.bellunopress.it\/wp-content\/uploads\/2011\/02\/de-moliner-roberto.jpg\" alt=\"\" width=\"128\" height=\"150\" \/><\/a><figcaption id=\"caption-attachment-24322\" class=\"wp-caption-text\">Roberto De Moliner<\/figcaption><\/figure>\n<p>Una citt\u00e0 spenta, \u00e8 questo che sar\u00e0 Belluno durante le feste natalizie, purtroppo l\u2019esatta,copia di come\u00a0\u00a0 l\u2019attuale Amministrazione Comunale in questi cinque anni di governo la ha ridotta. Credo che la reale situazione di una cattiva amministrazione si evidenzi dapprima con l\u2019ordinaza sulla musica a cui \u00e8 seguita la vicenda delle luminarie e, ciliegina sulla torta, il\u00a0 capannone di capodanno.\u00a0 L\u2019impossibilit\u00e0 di pagare mille Euro di SIAE per consentire un po\u2019\u00a0 di musica e al coperto\u00a0 per un capoluogo di Provincia come Belluno lo \u00e8, fa\u00a0 capire esattamente quale sia lo stato delle casse comunali . Certo come cittadino non posso che sottolineare il mio rammarico di come le cose in questi anni sono andate deteriorandosi , fino a giungere a questo livello economico, nella vicenda non posso che esprime la mia solidariet\u00e0 e un il mio grazie comunque all\u2019Assessore Reolon che come sempre ci ha creduto ma di fronte allo sconquasso delle casse comunali ha dovuto arrendersi. Come Consigliere Comunale invece non accetto\u00a0 questa situazioni, credo che i miei concittadini debbano poter passare l\u2019ultimo dell\u2019anno in piazza sotto un capannone, in un ambiente raccolto che stimoli la socializzazione e li faccia sentire una comunit\u00e0. Per questo, come abbiamo fatto altre volte , propongo ai colleghi i Consiglieri Comunali di rinunciare al gettone di presenza del prossimo Consiglio Comunale convocato per il 22 dicembre per devolverlo per il tendone in piazza, e se i soldi non saranno sufficienti, Presidente del Consiglio Comunale e Assessori ,se condividono l\u2019idea , mettino\u00a0 la rimanenza per poter fare questo regalo di fine anno ai nostri concittadini che sinceramente, vista la situazione economica, meritano di trascorrere un momento di serenit\u00e0 in un luogo adeguato al riparo dalle intemperie,\u00a0 e se proprio\u00a0 vorranno guardare le stelle, lo potranno comunque fare, uscendo dal capannone magari assieme al Sidaco Prade, visto che a lui piace tanto festeggiare all\u2019aperto.<\/p>\n<p>&nbsp;<\/p>\n<p>Roberto De Moliner \u00a0\u00a0\u00a0\u00a0\u00a0\u00a0\u00a0\u00a0\u00a0\u00a0\u00a0\u00a0\u00a0\u00a0\u00a0\u00a0\u00a0 \u00a0\u00a0Consigliere Comunale \u00a0\u00a0\u00a0\u00a0\u00a0\u00a0\u00a0\u00a0\u00a0\u00a0 L\u2019ULIVO-PARTITO DEMOCRATICO<\/p>","protected":false},"excerpt":{"rendered":"<p>Una citt\u00e0 spenta, \u00e8 questo che sar\u00e0 Belluno durante le feste natalizie, purtroppo l\u2019esatta,copia di come\u00a0\u00a0 l\u2019attuale Amministrazione Comunale in questi cinque anni di governo la ha ridotta. Credo che la reale situazione di una cattiva amministrazione si evidenzi dapprima con l\u2019ordinaza sulla musica a cui \u00e8 seguita la vicenda delle luminarie e, ciliegina sulla [&hellip;]<\/p>\n","protected":false},"author":2,"featured_media":0,"comment_status":"closed","ping_status":"open","sticky":false,"template":"","format":"standard","meta":{"footnotes":""},"categories":[5,1,26],"tags":[],"class_list":["post-33396","post","type-post","status-publish","format-standard","category-cronaca","category-leo","category-prima-pagina"],"yoast_head":"<!-- This site is optimized with the Yoast SEO plugin v28.4 - https:\/\/yoast.com\/product\/yoast-seo-wordpress\/ -->\n<title>Capodanno in piazza * intervento del consigliere Roberto de Moliner (Pd) - Bellunopress - Dolomiti<\/title>\n<meta name=\"robots\" content=\"index, follow, max-snippet:-1, max-image-preview:large, max-video-preview:-1\" \/>\n<link rel=\"canonical\" href=\"https:\/\/www.bellunopress.it\/fr\/2011\/12\/16\/capodanno-in-piazza-intervento-del-consigliere-roberto-de-moliner-pd\/\" \/>\n<meta property=\"og:locale\" content=\"fr_FR\" \/>\n<meta property=\"og:type\" content=\"article\" \/>\n<meta property=\"og:title\" content=\"Capodanno in piazza * intervento del consigliere Roberto de Moliner (Pd) - Bellunopress - Dolomiti\" \/>\n<meta property=\"og:description\" content=\"Una citt\u00e0 spenta, \u00e8 questo che sar\u00e0 Belluno durante le feste natalizie, purtroppo l\u2019esatta,copia di come\u00a0\u00a0 l\u2019attuale Amministrazione Comunale in questi cinque anni di governo la ha ridotta. Credo che la reale situazione di una cattiva amministrazione si evidenzi dapprima con l\u2019ordinaza sulla musica a cui \u00e8 seguita la vicenda delle luminarie e, ciliegina sulla [&hellip;]\" \/>\n<meta property=\"og:url\" content=\"https:\/\/www.bellunopress.it\/fr\/2011\/12\/16\/capodanno-in-piazza-intervento-del-consigliere-roberto-de-moliner-pd\/\" \/>\n<meta property=\"og:site_name\" content=\"Bellunopress - Dolomiti\" \/>\n<meta property=\"article:publisher\" content=\"https:\/\/www.facebook.com\/profile.php?id=100008943462799\" \/>\n<meta property=\"article:published_time\" content=\"2011-12-16T11:45:44+00:00\" \/>\n<meta property=\"article:modified_time\" content=\"2011-12-16T16:47:12+00:00\" \/>\n<meta property=\"og:image\" content=\"http:\/\/www.bellunopress.it\/wp-content\/uploads\/2011\/02\/de-moliner-roberto.jpg\" \/>\n<meta name=\"author\" content=\"redazione\" \/>\n<meta name=\"twitter:card\" content=\"summary_large_image\" \/>\n<meta name=\"twitter:creator\" content=\"@bellunopress\" \/>\n<meta name=\"twitter:site\" content=\"@bellunopress\" \/>\n<meta name=\"twitter:label1\" content=\"Written by\" \/>\n\t<meta name=\"twitter:data1\" content=\"redazione\" \/>\n\t<meta name=\"twitter:label2\" content=\"Est. reading time\" \/>\n\t<meta name=\"twitter:data2\" content=\"2 minutes\" \/>\n<script type=\"application\/ld+json\" class=\"yoast-schema-graph\">{\"@context\":\"https:\\\/\\\/schema.org\",\"@graph\":[{\"@type\":\"Article\",\"@id\":\"https:\\\/\\\/www.bellunopress.it\\\/2011\\\/12\\\/16\\\/capodanno-in-piazza-intervento-del-consigliere-roberto-de-moliner-pd\\\/#article\",\"isPartOf\":{\"@id\":\"https:\\\/\\\/www.bellunopress.it\\\/2011\\\/12\\\/16\\\/capodanno-in-piazza-intervento-del-consigliere-roberto-de-moliner-pd\\\/\"},\"author\":{\"name\":\"redazione\",\"@id\":\"https:\\\/\\\/www.bellunopress.it\\\/#\\\/schema\\\/person\\\/79bb06722b37ece1c03d3e94beb30d73\"},\"headline\":\"Capodanno in piazza * intervento del consigliere Roberto de Moliner (Pd)\",\"datePublished\":\"2011-12-16T11:45:44+00:00\",\"dateModified\":\"2011-12-16T16:47:12+00:00\",\"mainEntityOfPage\":{\"@id\":\"https:\\\/\\\/www.bellunopress.it\\\/2011\\\/12\\\/16\\\/capodanno-in-piazza-intervento-del-consigliere-roberto-de-moliner-pd\\\/\"},\"wordCount\":342,\"publisher\":{\"@id\":\"https:\\\/\\\/www.bellunopress.it\\\/#organization\"},\"image\":{\"@id\":\"https:\\\/\\\/www.bellunopress.it\\\/2011\\\/12\\\/16\\\/capodanno-in-piazza-intervento-del-consigliere-roberto-de-moliner-pd\\\/#primaryimage\"},\"thumbnailUrl\":\"http:\\\/\\\/www.bellunopress.it\\\/wp-content\\\/uploads\\\/2011\\\/02\\\/de-moliner-roberto.jpg\",\"articleSection\":[\"Cronaca\\\/Politica\",\"Lettere Opinioni\",\"Prima Pagina\"],\"inLanguage\":\"fr-FR\"},{\"@type\":\"WebPage\",\"@id\":\"https:\\\/\\\/www.bellunopress.it\\\/2011\\\/12\\\/16\\\/capodanno-in-piazza-intervento-del-consigliere-roberto-de-moliner-pd\\\/\",\"url\":\"https:\\\/\\\/www.bellunopress.it\\\/2011\\\/12\\\/16\\\/capodanno-in-piazza-intervento-del-consigliere-roberto-de-moliner-pd\\\/\",\"name\":\"Capodanno in piazza * intervento del consigliere Roberto de Moliner (Pd) - Bellunopress - Dolomiti\",\"isPartOf\":{\"@id\":\"https:\\\/\\\/www.bellunopress.it\\\/#website\"},\"primaryImageOfPage\":{\"@id\":\"https:\\\/\\\/www.bellunopress.it\\\/2011\\\/12\\\/16\\\/capodanno-in-piazza-intervento-del-consigliere-roberto-de-moliner-pd\\\/#primaryimage\"},\"image\":{\"@id\":\"https:\\\/\\\/www.bellunopress.it\\\/2011\\\/12\\\/16\\\/capodanno-in-piazza-intervento-del-consigliere-roberto-de-moliner-pd\\\/#primaryimage\"},\"thumbnailUrl\":\"http:\\\/\\\/www.bellunopress.it\\\/wp-content\\\/uploads\\\/2011\\\/02\\\/de-moliner-roberto.jpg\",\"datePublished\":\"2011-12-16T11:45:44+00:00\",\"dateModified\":\"2011-12-16T16:47:12+00:00\",\"breadcrumb\":{\"@id\":\"https:\\\/\\\/www.bellunopress.it\\\/2011\\\/12\\\/16\\\/capodanno-in-piazza-intervento-del-consigliere-roberto-de-moliner-pd\\\/#breadcrumb\"},\"inLanguage\":\"fr-FR\",\"potentialAction\":[{\"@type\":\"ReadAction\",\"target\":[\"https:\\\/\\\/www.bellunopress.it\\\/2011\\\/12\\\/16\\\/capodanno-in-piazza-intervento-del-consigliere-roberto-de-moliner-pd\\\/\"]}]},{\"@type\":\"ImageObject\",\"inLanguage\":\"fr-FR\",\"@id\":\"https:\\\/\\\/www.bellunopress.it\\\/2011\\\/12\\\/16\\\/capodanno-in-piazza-intervento-del-consigliere-roberto-de-moliner-pd\\\/#primaryimage\",\"url\":\"http:\\\/\\\/www.bellunopress.it\\\/wp-content\\\/uploads\\\/2011\\\/02\\\/de-moliner-roberto.jpg\",\"contentUrl\":\"http:\\\/\\\/www.bellunopress.it\\\/wp-content\\\/uploads\\\/2011\\\/02\\\/de-moliner-roberto.jpg\"},{\"@type\":\"BreadcrumbList\",\"@id\":\"https:\\\/\\\/www.bellunopress.it\\\/2011\\\/12\\\/16\\\/capodanno-in-piazza-intervento-del-consigliere-roberto-de-moliner-pd\\\/#breadcrumb\",\"itemListElement\":[{\"@type\":\"ListItem\",\"position\":1,\"name\":\"Home\",\"item\":\"https:\\\/\\\/www.bellunopress.it\\\/\"},{\"@type\":\"ListItem\",\"position\":2,\"name\":\"Capodanno in piazza * intervento del consigliere Roberto de Moliner (Pd)\"}]},{\"@type\":\"WebSite\",\"@id\":\"https:\\\/\\\/www.bellunopress.it\\\/#website\",\"url\":\"https:\\\/\\\/www.bellunopress.it\\\/\",\"name\":\"Bellunopress - Dolomiti\",\"description\":\"e-mail: redazione@bellunopress.it\",\"publisher\":{\"@id\":\"https:\\\/\\\/www.bellunopress.it\\\/#organization\"},\"potentialAction\":[{\"@type\":\"SearchAction\",\"target\":{\"@type\":\"EntryPoint\",\"urlTemplate\":\"https:\\\/\\\/www.bellunopress.it\\\/?s={search_term_string}\"},\"query-input\":{\"@type\":\"PropertyValueSpecification\",\"valueRequired\":true,\"valueName\":\"search_term_string\"}}],\"inLanguage\":\"fr-FR\"},{\"@type\":\"Organization\",\"@id\":\"https:\\\/\\\/www.bellunopress.it\\\/#organization\",\"name\":\"Bellunopress\",\"url\":\"https:\\\/\\\/www.bellunopress.it\\\/\",\"logo\":{\"@type\":\"ImageObject\",\"inLanguage\":\"fr-FR\",\"@id\":\"https:\\\/\\\/www.bellunopress.it\\\/#\\\/schema\\\/logo\\\/image\\\/\",\"url\":\"https:\\\/\\\/www.bellunopress.it\\\/wp-content\\\/uploads\\\/2011\\\/05\\\/cropped-logo-bellunopress-.jpg\",\"contentUrl\":\"https:\\\/\\\/www.bellunopress.it\\\/wp-content\\\/uploads\\\/2011\\\/05\\\/cropped-logo-bellunopress-.jpg\",\"width\":512,\"height\":512,\"caption\":\"Bellunopress\"},\"image\":{\"@id\":\"https:\\\/\\\/www.bellunopress.it\\\/#\\\/schema\\\/logo\\\/image\\\/\"},\"sameAs\":[\"https:\\\/\\\/www.facebook.com\\\/profile.php?id=100008943462799\",\"https:\\\/\\\/x.com\\\/bellunopress\",\"https:\\\/\\\/www.linkedin.com\\\/hp\\\/?dnr=JBzUWaJfMUw8vbXJJ2tVW5-I3jZKvC4wsoxE&amp;amp;amp;amp;amp;amp;trk=nav_responsive_tab_home\",\"https:\\\/\\\/www.youtube.com\\\/channel\\\/UCxL0wu1uN0_3_7hGG0306cw\"]},{\"@type\":\"Person\",\"@id\":\"https:\\\/\\\/www.bellunopress.it\\\/#\\\/schema\\\/person\\\/79bb06722b37ece1c03d3e94beb30d73\",\"name\":\"redazione\",\"image\":{\"@type\":\"ImageObject\",\"inLanguage\":\"fr-FR\",\"@id\":\"https:\\\/\\\/secure.gravatar.com\\\/avatar\\\/37d968a2e67a6fd04c169c4bdef102d0bc5d31b2546345219e348575eb80e9a0?s=96&d=mm&r=g\",\"url\":\"https:\\\/\\\/secure.gravatar.com\\\/avatar\\\/37d968a2e67a6fd04c169c4bdef102d0bc5d31b2546345219e348575eb80e9a0?s=96&d=mm&r=g\",\"contentUrl\":\"https:\\\/\\\/secure.gravatar.com\\\/avatar\\\/37d968a2e67a6fd04c169c4bdef102d0bc5d31b2546345219e348575eb80e9a0?s=96&d=mm&r=g\",\"caption\":\"redazione\"},\"sameAs\":[\"http:\\\/\\\/www.bellunopress.it\",\"https:\\\/\\\/x.com\\\/bellunopress\"],\"url\":\"https:\\\/\\\/www.bellunopress.it\\\/fr\\\/author\\\/redazione\\\/\"}]}<\/script>\n<!-- \/ Yoast SEO plugin. -->","yoast_head_json":{"title":"Capodanno in piazza * intervento del consigliere Roberto de Moliner (Pd) - Bellunopress - Dolomiti","robots":{"index":"index","follow":"follow","max-snippet":"max-snippet:-1","max-image-preview":"max-image-preview:large","max-video-preview":"max-video-preview:-1"},"canonical":"https:\/\/www.bellunopress.it\/fr\/2011\/12\/16\/capodanno-in-piazza-intervento-del-consigliere-roberto-de-moliner-pd\/","og_locale":"fr_FR","og_type":"article","og_title":"Capodanno in piazza * intervento del consigliere Roberto de Moliner (Pd) - Bellunopress - Dolomiti","og_description":"Una citt\u00e0 spenta, \u00e8 questo che sar\u00e0 Belluno durante le feste natalizie, purtroppo l\u2019esatta,copia di come\u00a0\u00a0 l\u2019attuale Amministrazione Comunale in questi cinque anni di governo la ha ridotta. Credo che la reale situazione di una cattiva amministrazione si evidenzi dapprima con l\u2019ordinaza sulla musica a cui \u00e8 seguita la vicenda delle luminarie e, ciliegina sulla [&hellip;]","og_url":"https:\/\/www.bellunopress.it\/fr\/2011\/12\/16\/capodanno-in-piazza-intervento-del-consigliere-roberto-de-moliner-pd\/","og_site_name":"Bellunopress - Dolomiti","article_publisher":"https:\/\/www.facebook.com\/profile.php?id=100008943462799","article_published_time":"2011-12-16T11:45:44+00:00","article_modified_time":"2011-12-16T16:47:12+00:00","og_image":[{"url":"http:\/\/www.bellunopress.it\/wp-content\/uploads\/2011\/02\/de-moliner-roberto.jpg","type":"","width":"","height":""}],"author":"redazione","twitter_card":"summary_large_image","twitter_creator":"@bellunopress","twitter_site":"@bellunopress","twitter_misc":{"Written by":"redazione","Est. reading time":"2 minutes"},"schema":{"@context":"https:\/\/schema.org","@graph":[{"@type":"Article","@id":"https:\/\/www.bellunopress.it\/2011\/12\/16\/capodanno-in-piazza-intervento-del-consigliere-roberto-de-moliner-pd\/#article","isPartOf":{"@id":"https:\/\/www.bellunopress.it\/2011\/12\/16\/capodanno-in-piazza-intervento-del-consigliere-roberto-de-moliner-pd\/"},"author":{"name":"redazione","@id":"https:\/\/www.bellunopress.it\/#\/schema\/person\/79bb06722b37ece1c03d3e94beb30d73"},"headline":"Capodanno in piazza * intervento del consigliere Roberto de Moliner (Pd)","datePublished":"2011-12-16T11:45:44+00:00","dateModified":"2011-12-16T16:47:12+00:00","mainEntityOfPage":{"@id":"https:\/\/www.bellunopress.it\/2011\/12\/16\/capodanno-in-piazza-intervento-del-consigliere-roberto-de-moliner-pd\/"},"wordCount":342,"publisher":{"@id":"https:\/\/www.bellunopress.it\/#organization"},"image":{"@id":"https:\/\/www.bellunopress.it\/2011\/12\/16\/capodanno-in-piazza-intervento-del-consigliere-roberto-de-moliner-pd\/#primaryimage"},"thumbnailUrl":"http:\/\/www.bellunopress.it\/wp-content\/uploads\/2011\/02\/de-moliner-roberto.jpg","articleSection":["Cronaca\/Politica","Lettere Opinioni","Prima Pagina"],"inLanguage":"fr-FR"},{"@type":"WebPage","@id":"https:\/\/www.bellunopress.it\/2011\/12\/16\/capodanno-in-piazza-intervento-del-consigliere-roberto-de-moliner-pd\/","url":"https:\/\/www.bellunopress.it\/2011\/12\/16\/capodanno-in-piazza-intervento-del-consigliere-roberto-de-moliner-pd\/","name":"Capodanno in piazza * intervento del consigliere Roberto de Moliner (Pd) - Bellunopress - Dolomiti","isPartOf":{"@id":"https:\/\/www.bellunopress.it\/#website"},"primaryImageOfPage":{"@id":"https:\/\/www.bellunopress.it\/2011\/12\/16\/capodanno-in-piazza-intervento-del-consigliere-roberto-de-moliner-pd\/#primaryimage"},"image":{"@id":"https:\/\/www.bellunopress.it\/2011\/12\/16\/capodanno-in-piazza-intervento-del-consigliere-roberto-de-moliner-pd\/#primaryimage"},"thumbnailUrl":"http:\/\/www.bellunopress.it\/wp-content\/uploads\/2011\/02\/de-moliner-roberto.jpg","datePublished":"2011-12-16T11:45:44+00:00","dateModified":"2011-12-16T16:47:12+00:00","breadcrumb":{"@id":"https:\/\/www.bellunopress.it\/2011\/12\/16\/capodanno-in-piazza-intervento-del-consigliere-roberto-de-moliner-pd\/#breadcrumb"},"inLanguage":"fr-FR","potentialAction":[{"@type":"ReadAction","target":["https:\/\/www.bellunopress.it\/2011\/12\/16\/capodanno-in-piazza-intervento-del-consigliere-roberto-de-moliner-pd\/"]}]},{"@type":"ImageObject","inLanguage":"fr-FR","@id":"https:\/\/www.bellunopress.it\/2011\/12\/16\/capodanno-in-piazza-intervento-del-consigliere-roberto-de-moliner-pd\/#primaryimage","url":"http:\/\/www.bellunopress.it\/wp-content\/uploads\/2011\/02\/de-moliner-roberto.jpg","contentUrl":"http:\/\/www.bellunopress.it\/wp-content\/uploads\/2011\/02\/de-moliner-roberto.jpg"},{"@type":"BreadcrumbList","@id":"https:\/\/www.bellunopress.it\/2011\/12\/16\/capodanno-in-piazza-intervento-del-consigliere-roberto-de-moliner-pd\/#breadcrumb","itemListElement":[{"@type":"ListItem","position":1,"name":"Home","item":"https:\/\/www.bellunopress.it\/"},{"@type":"ListItem","position":2,"name":"Capodanno in piazza * intervento del consigliere Roberto de Moliner (Pd)"}]},{"@type":"WebSite","@id":"https:\/\/www.bellunopress.it\/#website","url":"https:\/\/www.bellunopress.it\/","name":"Bellunopress - Dolomiti","description":"e-mail: redazione@bellunopress.it","publisher":{"@id":"https:\/\/www.bellunopress.it\/#organization"},"potentialAction":[{"@type":"SearchAction","target":{"@type":"EntryPoint","urlTemplate":"https:\/\/www.bellunopress.it\/?s={search_term_string}"},"query-input":{"@type":"PropertyValueSpecification","valueRequired":true,"valueName":"search_term_string"}}],"inLanguage":"fr-FR"},{"@type":"Organization","@id":"https:\/\/www.bellunopress.it\/#organization","name":"Bellunopress","url":"https:\/\/www.bellunopress.it\/","logo":{"@type":"ImageObject","inLanguage":"fr-FR","@id":"https:\/\/www.bellunopress.it\/#\/schema\/logo\/image\/","url":"https:\/\/www.bellunopress.it\/wp-content\/uploads\/2011\/05\/cropped-logo-bellunopress-.jpg","contentUrl":"https:\/\/www.bellunopress.it\/wp-content\/uploads\/2011\/05\/cropped-logo-bellunopress-.jpg","width":512,"height":512,"caption":"Bellunopress"},"image":{"@id":"https:\/\/www.bellunopress.it\/#\/schema\/logo\/image\/"},"sameAs":["https:\/\/www.facebook.com\/profile.php?id=100008943462799","https:\/\/x.com\/bellunopress","https:\/\/www.linkedin.com\/hp\/?dnr=JBzUWaJfMUw8vbXJJ2tVW5-I3jZKvC4wsoxE&amp;amp;amp;amp;amp;amp;trk=nav_responsive_tab_home","https:\/\/www.youtube.com\/channel\/UCxL0wu1uN0_3_7hGG0306cw"]},{"@type":"Person","@id":"https:\/\/www.bellunopress.it\/#\/schema\/person\/79bb06722b37ece1c03d3e94beb30d73","name":"r\u00e9daction","image":{"@type":"ImageObject","inLanguage":"fr-FR","@id":"https:\/\/secure.gravatar.com\/avatar\/37d968a2e67a6fd04c169c4bdef102d0bc5d31b2546345219e348575eb80e9a0?s=96&d=mm&r=g","url":"https:\/\/secure.gravatar.com\/avatar\/37d968a2e67a6fd04c169c4bdef102d0bc5d31b2546345219e348575eb80e9a0?s=96&d=mm&r=g","contentUrl":"https:\/\/secure.gravatar.com\/avatar\/37d968a2e67a6fd04c169c4bdef102d0bc5d31b2546345219e348575eb80e9a0?s=96&d=mm&r=g","caption":"redazione"},"sameAs":["http:\/\/www.bellunopress.it","https:\/\/x.com\/bellunopress"],"url":"https:\/\/www.bellunopress.it\/fr\/author\/redazione\/"}]}},"_links":{"self":[{"href":"https:\/\/www.bellunopress.it\/fr\/wp-json\/wp\/v2\/posts\/33396","targetHints":{"allow":["GET"]}}],"collection":[{"href":"https:\/\/www.bellunopress.it\/fr\/wp-json\/wp\/v2\/posts"}],"about":[{"href":"https:\/\/www.bellunopress.it\/fr\/wp-json\/wp\/v2\/types\/post"}],"author":[{"embeddable":true,"href":"https:\/\/www.bellunopress.it\/fr\/wp-json\/wp\/v2\/users\/2"}],"replies":[{"embeddable":true,"href":"https:\/\/www.bellunopress.it\/fr\/wp-json\/wp\/v2\/comments?post=33396"}],"version-history":[{"count":1,"href":"https:\/\/www.bellunopress.it\/fr\/wp-json\/wp\/v2\/posts\/33396\/revisions"}],"predecessor-version":[{"id":33397,"href":"https:\/\/www.bellunopress.it\/fr\/wp-json\/wp\/v2\/posts\/33396\/revisions\/33397"}],"wp:attachment":[{"href":"https:\/\/www.bellunopress.it\/fr\/wp-json\/wp\/v2\/media?parent=33396"}],"wp:term":[{"taxonomy":"category","embeddable":true,"href":"https:\/\/www.bellunopress.it\/fr\/wp-json\/wp\/v2\/categories?post=33396"},{"taxonomy":"post_tag","embeddable":true,"href":"https:\/\/www.bellunopress.it\/fr\/wp-json\/wp\/v2\/tags?post=33396"}],"curies":[{"name":"wp","href":"https:\/\/api.w.org\/{rel}","templated":true}]}}