{"id":33391,"date":"2011-12-16T17:32:24","date_gmt":"2011-12-16T16:32:24","guid":{"rendered":"http:\/\/www.bellunopress.it\/?p=33391"},"modified":"2011-12-16T17:32:24","modified_gmt":"2011-12-16T16:32:24","slug":"tassa-di-soggiorno-a-calalzo-no-di-albergatori-e-comune-de-carlo-non-penalizzeremo-chi-soggiorna-nelle-nostre-strutture","status":"publish","type":"post","link":"https:\/\/www.bellunopress.it\/fr\/2011\/12\/16\/tassa-di-soggiorno-a-calalzo-no-di-albergatori-e-comune-de-carlo-non-penalizzeremo-chi-soggiorna-nelle-nostre-strutture\/","title":{"rendered":"Tassa di soggiorno, a Calalzo no di albergatori e Comune. De Carlo: \u201cNon penalizzeremo chi soggiorna nelle nostre strutture\u201d"},"content":{"rendered":"<div><a href=\"http:\/\/www.bellunopress.it\/wp-content\/uploads\/2011\/10\/luca-de-carlo-sindaco-di-calalzo.jpg\"><img loading=\"lazy\" decoding=\"async\" class=\"alignleft size-full wp-image-31942\" title=\"luca de carlo sindaco di calalzo\" src=\"http:\/\/www.bellunopress.it\/wp-content\/uploads\/2011\/10\/luca-de-carlo-sindaco-di-calalzo.jpg\" alt=\"\" width=\"230\" height=\"280\" \/><\/a>\u00a0Nessuna tassa di soggiorno a Calalzo nel 2012. Lo hanno stabilito mercoled\u00ec sera in un incontro in municipio l\u2019amministrazione comunale e gli operatori della ricettivit\u00e0, confermando la volont\u00e0 di non penalizzare, visto anche il momento di crisi, chi decide di soggiornare in paese. E, dall\u2019altra parte, di non trasformare gli albergatori in gabellieri facendo loro perdere competitivit\u00e0, senza benefici considerevoli visti i numeri e valutato l\u2019attuale gap con le aree territoriali limitrofe. Si sarebbe trattato infatti, secondo la possibilit\u00e0 garantita dalla legge, di richiedere per ogni pernottamento un contributo di un euro o pi\u00f9, che gli albergatori o i rifugisti avrebbero poi versato al Comune.<\/div>\n<div>\u201cA Calalzo nel 2010 abbiamo registrato 32.215 presenze turistiche, delle quali 23.541 negli alberghi e le restanti 8.674 nelle strutture complementari (appartamenti, b&amp;b, ostelli, rifugi) \u2013 spiega il sindaco Luca De Carlo -. Da parte dell\u2019amministrazione, c\u2019\u00e8 sempre stata l\u2019idea precisa di non penalizzare il visitatore \u2018stanziale\u2019, ma semmai di chiedere un contributo per la fruizione di servizi a chi arriva per un giorno soltanto, di fatto fruendo dei servizi stessi senza arricchire il territorio che visita. Nonostante l\u2019opinione del Comune, comunque, abbiamo scelto di consultare gli operatori del turismo, visto che gli effetti della tassa si sarebbero riflessi sul loro fatturato\u201d.<\/div>\n<div>Ieri sera in municipio era presente la massima parte degli operatori della ricettivit\u00e0, incluso il neo presidente del Consorzio Dolomiti Gino Mondin che ha illustrato anche la posizione di Federalberghi. \u201cRingrazio tutti per aver aderito all\u2019incontro \u2013 prosegue De Carlo -, evidentemente centrale per la loro gestione dell\u2019ospitalit\u00e0. L\u2019accordo \u00e8 stato totale su tutta la linea, anche considerato che il movimento turistico, pur se tassato di un euro a pernottamento, non apporterebbe alle casse del Comune vantaggi significativi, ma solo un\u2019immagine negativa di un paese che sulla sua principale risorsa vuole fare cassa, proprio a scapito di chi soggiorna e quindi gi\u00e0 lo arricchisce. Da sempre riteniamo invece che si debbano premiare i turisti che pernottano nelle nostre strutture. Calalzo non \u00e8 un luogo dove il turista si reca \u2018a prescindere\u2019, come Venezia o Roma: per i nostri ospiti una tassa di scopo si tradurrebbe in un deterrente soprattutto economico\u201d.<\/div>\n<div>\u201cAggiungo che lo scorso anno le risorse e le iniziative messe in campo dall\u2019amministrazione e dalle associazioni supera di gran lunga i 30.000 euro che potremmo ricavare da una tassa di soggiorno. Penso ad esempio al Bando per le attivit\u00e0 commerciali e della ristorazione , dal finanziamento della Pro Loco, al ritiro della Benetton e al Camp del Rugby, alla sistemazione dei punti fuoco, di Praciadelan e della Val d\u2019Oten, il Parco lungo la Ciclabile e la tabellazione a Lagole, il Parco Re del Belgio, la manutenzione del territorio, le rassegne \u201cCadore regno delle cispe\u201d e \u201cCadore regno dei rifugi\u201d, l\u2019Outdoor park, \u201cA spasso col sindaco\u201d, l&#8217;accesso ad internet\u00a0 gratis in biblioteca, l\u2019apertura festiva dello IAT con la comunit\u00e0 Montana e il Consorzio Pro loco, il pattinaggio all&#8217;Arena, il Tennis col noleggio delle biciclette, la riqualificazione con un privato della zona di Lagole ed il noleggio barche (cui nel 2012 si affiancheranno le visite guidate all\u2019area archeologica)\u201d.<\/div>\n<div>Durante l\u2019incontro si \u00e8 parlato anche della possibilit\u00e0 di chiedere un contributo ai fruitori dei punti fuoco del territorio: \u201cIn primavera i Servizi Forestali eseguiranno lavori da noi commissionati per 25.000 euro \u2013 conclude De Carlo -, che si aggiungeranno alla pulizia festiva delle aree picnic ad opera della Cooperativa Cadore. Questo per dimostrare che da parte nostra c\u2019\u00e8 il massimo impegno ad offrire un servizio d\u2019eccellenza, per il quale non trovo scandaloso chiedere un piccolo contributo d\u2019uso. Sulle modalit\u00e0 dello stesso, come abbiamo convenuto ieri sera, ci sar\u00e0 pieno accordo con gli operatori turistici, proprio per non andare a penalizzare chi soggiorna in paese e potr\u00e0 quindi usare quelle aree gratuitamente\u201d.<\/div>","protected":false},"excerpt":{"rendered":"<p>\u00a0Nessuna tassa di soggiorno a Calalzo nel 2012. Lo hanno stabilito mercoled\u00ec sera in un incontro in municipio l\u2019amministrazione comunale e gli operatori della ricettivit\u00e0, confermando la volont\u00e0 di non penalizzare, visto anche il momento di crisi, chi decide di soggiornare in paese. E, dall\u2019altra parte, di non trasformare gli albergatori in gabellieri facendo loro [&hellip;]<\/p>\n","protected":false},"author":2,"featured_media":0,"comment_status":"closed","ping_status":"open","sticky":false,"template":"","format":"standard","meta":{"footnotes":""},"categories":[1],"tags":[],"class_list":["post-33391","post","type-post","status-publish","format-standard","category-leo"],"yoast_head":"<!-- This site is optimized with the Yoast SEO plugin v28.4 - https:\/\/yoast.com\/product\/yoast-seo-wordpress\/ -->\n<title>Tassa di soggiorno, a Calalzo no di albergatori e Comune. De Carlo: \u201cNon penalizzeremo chi soggiorna nelle nostre strutture\u201d - Bellunopress - Dolomiti<\/title>\n<meta name=\"robots\" content=\"index, follow, max-snippet:-1, max-image-preview:large, max-video-preview:-1\" \/>\n<link rel=\"canonical\" href=\"https:\/\/www.bellunopress.it\/fr\/2011\/12\/16\/tassa-di-soggiorno-a-calalzo-no-di-albergatori-e-comune-de-carlo-non-penalizzeremo-chi-soggiorna-nelle-nostre-strutture\/\" \/>\n<meta property=\"og:locale\" content=\"fr_FR\" \/>\n<meta property=\"og:type\" content=\"article\" \/>\n<meta property=\"og:title\" content=\"Tassa di soggiorno, a Calalzo no di albergatori e Comune. De Carlo: \u201cNon penalizzeremo chi soggiorna nelle nostre strutture\u201d - Bellunopress - Dolomiti\" \/>\n<meta property=\"og:description\" content=\"\u00a0Nessuna tassa di soggiorno a Calalzo nel 2012. Lo hanno stabilito mercoled\u00ec sera in un incontro in municipio l\u2019amministrazione comunale e gli operatori della ricettivit\u00e0, confermando la volont\u00e0 di non penalizzare, visto anche il momento di crisi, chi decide di soggiornare in paese. E, dall\u2019altra parte, di non trasformare gli albergatori in gabellieri facendo loro [&hellip;]\" \/>\n<meta property=\"og:url\" content=\"https:\/\/www.bellunopress.it\/fr\/2011\/12\/16\/tassa-di-soggiorno-a-calalzo-no-di-albergatori-e-comune-de-carlo-non-penalizzeremo-chi-soggiorna-nelle-nostre-strutture\/\" \/>\n<meta property=\"og:site_name\" content=\"Bellunopress - Dolomiti\" \/>\n<meta property=\"article:publisher\" content=\"https:\/\/www.facebook.com\/profile.php?id=100008943462799\" \/>\n<meta property=\"article:published_time\" content=\"2011-12-16T16:32:24+00:00\" \/>\n<meta property=\"og:image\" content=\"http:\/\/www.bellunopress.it\/wp-content\/uploads\/2011\/10\/luca-de-carlo-sindaco-di-calalzo.jpg\" \/>\n<meta name=\"author\" content=\"redazione\" \/>\n<meta name=\"twitter:card\" content=\"summary_large_image\" \/>\n<meta name=\"twitter:creator\" content=\"@bellunopress\" \/>\n<meta name=\"twitter:site\" content=\"@bellunopress\" \/>\n<meta name=\"twitter:label1\" content=\"Written by\" \/>\n\t<meta name=\"twitter:data1\" content=\"redazione\" \/>\n\t<meta name=\"twitter:label2\" content=\"Est. reading time\" \/>\n\t<meta name=\"twitter:data2\" content=\"3 minutes\" \/>\n<script type=\"application\/ld+json\" class=\"yoast-schema-graph\">{\"@context\":\"https:\\\/\\\/schema.org\",\"@graph\":[{\"@type\":\"Article\",\"@id\":\"https:\\\/\\\/www.bellunopress.it\\\/2011\\\/12\\\/16\\\/tassa-di-soggiorno-a-calalzo-no-di-albergatori-e-comune-de-carlo-non-penalizzeremo-chi-soggiorna-nelle-nostre-strutture\\\/#article\",\"isPartOf\":{\"@id\":\"https:\\\/\\\/www.bellunopress.it\\\/2011\\\/12\\\/16\\\/tassa-di-soggiorno-a-calalzo-no-di-albergatori-e-comune-de-carlo-non-penalizzeremo-chi-soggiorna-nelle-nostre-strutture\\\/\"},\"author\":{\"name\":\"redazione\",\"@id\":\"https:\\\/\\\/www.bellunopress.it\\\/#\\\/schema\\\/person\\\/79bb06722b37ece1c03d3e94beb30d73\"},\"headline\":\"Tassa di soggiorno, a Calalzo no di albergatori e Comune. De Carlo: \u201cNon penalizzeremo chi soggiorna nelle nostre strutture\u201d\",\"datePublished\":\"2011-12-16T16:32:24+00:00\",\"mainEntityOfPage\":{\"@id\":\"https:\\\/\\\/www.bellunopress.it\\\/2011\\\/12\\\/16\\\/tassa-di-soggiorno-a-calalzo-no-di-albergatori-e-comune-de-carlo-non-penalizzeremo-chi-soggiorna-nelle-nostre-strutture\\\/\"},\"wordCount\":652,\"publisher\":{\"@id\":\"https:\\\/\\\/www.bellunopress.it\\\/#organization\"},\"image\":{\"@id\":\"https:\\\/\\\/www.bellunopress.it\\\/2011\\\/12\\\/16\\\/tassa-di-soggiorno-a-calalzo-no-di-albergatori-e-comune-de-carlo-non-penalizzeremo-chi-soggiorna-nelle-nostre-strutture\\\/#primaryimage\"},\"thumbnailUrl\":\"http:\\\/\\\/www.bellunopress.it\\\/wp-content\\\/uploads\\\/2011\\\/10\\\/luca-de-carlo-sindaco-di-calalzo.jpg\",\"articleSection\":[\"Lettere Opinioni\"],\"inLanguage\":\"fr-FR\"},{\"@type\":\"WebPage\",\"@id\":\"https:\\\/\\\/www.bellunopress.it\\\/2011\\\/12\\\/16\\\/tassa-di-soggiorno-a-calalzo-no-di-albergatori-e-comune-de-carlo-non-penalizzeremo-chi-soggiorna-nelle-nostre-strutture\\\/\",\"url\":\"https:\\\/\\\/www.bellunopress.it\\\/2011\\\/12\\\/16\\\/tassa-di-soggiorno-a-calalzo-no-di-albergatori-e-comune-de-carlo-non-penalizzeremo-chi-soggiorna-nelle-nostre-strutture\\\/\",\"name\":\"Tassa di soggiorno, a Calalzo no di albergatori e Comune. De Carlo: \u201cNon penalizzeremo chi soggiorna nelle nostre strutture\u201d - Bellunopress - Dolomiti\",\"isPartOf\":{\"@id\":\"https:\\\/\\\/www.bellunopress.it\\\/#website\"},\"primaryImageOfPage\":{\"@id\":\"https:\\\/\\\/www.bellunopress.it\\\/2011\\\/12\\\/16\\\/tassa-di-soggiorno-a-calalzo-no-di-albergatori-e-comune-de-carlo-non-penalizzeremo-chi-soggiorna-nelle-nostre-strutture\\\/#primaryimage\"},\"image\":{\"@id\":\"https:\\\/\\\/www.bellunopress.it\\\/2011\\\/12\\\/16\\\/tassa-di-soggiorno-a-calalzo-no-di-albergatori-e-comune-de-carlo-non-penalizzeremo-chi-soggiorna-nelle-nostre-strutture\\\/#primaryimage\"},\"thumbnailUrl\":\"http:\\\/\\\/www.bellunopress.it\\\/wp-content\\\/uploads\\\/2011\\\/10\\\/luca-de-carlo-sindaco-di-calalzo.jpg\",\"datePublished\":\"2011-12-16T16:32:24+00:00\",\"breadcrumb\":{\"@id\":\"https:\\\/\\\/www.bellunopress.it\\\/2011\\\/12\\\/16\\\/tassa-di-soggiorno-a-calalzo-no-di-albergatori-e-comune-de-carlo-non-penalizzeremo-chi-soggiorna-nelle-nostre-strutture\\\/#breadcrumb\"},\"inLanguage\":\"fr-FR\",\"potentialAction\":[{\"@type\":\"ReadAction\",\"target\":[\"https:\\\/\\\/www.bellunopress.it\\\/2011\\\/12\\\/16\\\/tassa-di-soggiorno-a-calalzo-no-di-albergatori-e-comune-de-carlo-non-penalizzeremo-chi-soggiorna-nelle-nostre-strutture\\\/\"]}]},{\"@type\":\"ImageObject\",\"inLanguage\":\"fr-FR\",\"@id\":\"https:\\\/\\\/www.bellunopress.it\\\/2011\\\/12\\\/16\\\/tassa-di-soggiorno-a-calalzo-no-di-albergatori-e-comune-de-carlo-non-penalizzeremo-chi-soggiorna-nelle-nostre-strutture\\\/#primaryimage\",\"url\":\"http:\\\/\\\/www.bellunopress.it\\\/wp-content\\\/uploads\\\/2011\\\/10\\\/luca-de-carlo-sindaco-di-calalzo.jpg\",\"contentUrl\":\"http:\\\/\\\/www.bellunopress.it\\\/wp-content\\\/uploads\\\/2011\\\/10\\\/luca-de-carlo-sindaco-di-calalzo.jpg\"},{\"@type\":\"BreadcrumbList\",\"@id\":\"https:\\\/\\\/www.bellunopress.it\\\/2011\\\/12\\\/16\\\/tassa-di-soggiorno-a-calalzo-no-di-albergatori-e-comune-de-carlo-non-penalizzeremo-chi-soggiorna-nelle-nostre-strutture\\\/#breadcrumb\",\"itemListElement\":[{\"@type\":\"ListItem\",\"position\":1,\"name\":\"Home\",\"item\":\"https:\\\/\\\/www.bellunopress.it\\\/\"},{\"@type\":\"ListItem\",\"position\":2,\"name\":\"Tassa di soggiorno, a Calalzo no di albergatori e Comune. De Carlo: \u201cNon penalizzeremo chi soggiorna nelle nostre strutture\u201d\"}]},{\"@type\":\"WebSite\",\"@id\":\"https:\\\/\\\/www.bellunopress.it\\\/#website\",\"url\":\"https:\\\/\\\/www.bellunopress.it\\\/\",\"name\":\"Bellunopress - Dolomiti\",\"description\":\"e-mail: redazione@bellunopress.it\",\"publisher\":{\"@id\":\"https:\\\/\\\/www.bellunopress.it\\\/#organization\"},\"potentialAction\":[{\"@type\":\"SearchAction\",\"target\":{\"@type\":\"EntryPoint\",\"urlTemplate\":\"https:\\\/\\\/www.bellunopress.it\\\/?s={search_term_string}\"},\"query-input\":{\"@type\":\"PropertyValueSpecification\",\"valueRequired\":true,\"valueName\":\"search_term_string\"}}],\"inLanguage\":\"fr-FR\"},{\"@type\":\"Organization\",\"@id\":\"https:\\\/\\\/www.bellunopress.it\\\/#organization\",\"name\":\"Bellunopress\",\"url\":\"https:\\\/\\\/www.bellunopress.it\\\/\",\"logo\":{\"@type\":\"ImageObject\",\"inLanguage\":\"fr-FR\",\"@id\":\"https:\\\/\\\/www.bellunopress.it\\\/#\\\/schema\\\/logo\\\/image\\\/\",\"url\":\"https:\\\/\\\/www.bellunopress.it\\\/wp-content\\\/uploads\\\/2011\\\/05\\\/cropped-logo-bellunopress-.jpg\",\"contentUrl\":\"https:\\\/\\\/www.bellunopress.it\\\/wp-content\\\/uploads\\\/2011\\\/05\\\/cropped-logo-bellunopress-.jpg\",\"width\":512,\"height\":512,\"caption\":\"Bellunopress\"},\"image\":{\"@id\":\"https:\\\/\\\/www.bellunopress.it\\\/#\\\/schema\\\/logo\\\/image\\\/\"},\"sameAs\":[\"https:\\\/\\\/www.facebook.com\\\/profile.php?id=100008943462799\",\"https:\\\/\\\/x.com\\\/bellunopress\",\"https:\\\/\\\/www.linkedin.com\\\/hp\\\/?dnr=JBzUWaJfMUw8vbXJJ2tVW5-I3jZKvC4wsoxE&amp;amp;amp;amp;amp;amp;trk=nav_responsive_tab_home\",\"https:\\\/\\\/www.youtube.com\\\/channel\\\/UCxL0wu1uN0_3_7hGG0306cw\"]},{\"@type\":\"Person\",\"@id\":\"https:\\\/\\\/www.bellunopress.it\\\/#\\\/schema\\\/person\\\/79bb06722b37ece1c03d3e94beb30d73\",\"name\":\"redazione\",\"image\":{\"@type\":\"ImageObject\",\"inLanguage\":\"fr-FR\",\"@id\":\"https:\\\/\\\/secure.gravatar.com\\\/avatar\\\/37d968a2e67a6fd04c169c4bdef102d0bc5d31b2546345219e348575eb80e9a0?s=96&d=mm&r=g\",\"url\":\"https:\\\/\\\/secure.gravatar.com\\\/avatar\\\/37d968a2e67a6fd04c169c4bdef102d0bc5d31b2546345219e348575eb80e9a0?s=96&d=mm&r=g\",\"contentUrl\":\"https:\\\/\\\/secure.gravatar.com\\\/avatar\\\/37d968a2e67a6fd04c169c4bdef102d0bc5d31b2546345219e348575eb80e9a0?s=96&d=mm&r=g\",\"caption\":\"redazione\"},\"sameAs\":[\"http:\\\/\\\/www.bellunopress.it\",\"https:\\\/\\\/x.com\\\/bellunopress\"],\"url\":\"https:\\\/\\\/www.bellunopress.it\\\/fr\\\/author\\\/redazione\\\/\"}]}<\/script>\n<!-- \/ Yoast SEO plugin. -->","yoast_head_json":{"title":"Tassa di soggiorno, a Calalzo no di albergatori e Comune. De Carlo: \u201cNon penalizzeremo chi soggiorna nelle nostre strutture\u201d - Bellunopress - Dolomiti","robots":{"index":"index","follow":"follow","max-snippet":"max-snippet:-1","max-image-preview":"max-image-preview:large","max-video-preview":"max-video-preview:-1"},"canonical":"https:\/\/www.bellunopress.it\/fr\/2011\/12\/16\/tassa-di-soggiorno-a-calalzo-no-di-albergatori-e-comune-de-carlo-non-penalizzeremo-chi-soggiorna-nelle-nostre-strutture\/","og_locale":"fr_FR","og_type":"article","og_title":"Tassa di soggiorno, a Calalzo no di albergatori e Comune. De Carlo: \u201cNon penalizzeremo chi soggiorna nelle nostre strutture\u201d - Bellunopress - Dolomiti","og_description":"\u00a0Nessuna tassa di soggiorno a Calalzo nel 2012. Lo hanno stabilito mercoled\u00ec sera in un incontro in municipio l\u2019amministrazione comunale e gli operatori della ricettivit\u00e0, confermando la volont\u00e0 di non penalizzare, visto anche il momento di crisi, chi decide di soggiornare in paese. E, dall\u2019altra parte, di non trasformare gli albergatori in gabellieri facendo loro [&hellip;]","og_url":"https:\/\/www.bellunopress.it\/fr\/2011\/12\/16\/tassa-di-soggiorno-a-calalzo-no-di-albergatori-e-comune-de-carlo-non-penalizzeremo-chi-soggiorna-nelle-nostre-strutture\/","og_site_name":"Bellunopress - Dolomiti","article_publisher":"https:\/\/www.facebook.com\/profile.php?id=100008943462799","article_published_time":"2011-12-16T16:32:24+00:00","og_image":[{"url":"http:\/\/www.bellunopress.it\/wp-content\/uploads\/2011\/10\/luca-de-carlo-sindaco-di-calalzo.jpg","type":"","width":"","height":""}],"author":"redazione","twitter_card":"summary_large_image","twitter_creator":"@bellunopress","twitter_site":"@bellunopress","twitter_misc":{"Written by":"redazione","Est. reading time":"3 minutes"},"schema":{"@context":"https:\/\/schema.org","@graph":[{"@type":"Article","@id":"https:\/\/www.bellunopress.it\/2011\/12\/16\/tassa-di-soggiorno-a-calalzo-no-di-albergatori-e-comune-de-carlo-non-penalizzeremo-chi-soggiorna-nelle-nostre-strutture\/#article","isPartOf":{"@id":"https:\/\/www.bellunopress.it\/2011\/12\/16\/tassa-di-soggiorno-a-calalzo-no-di-albergatori-e-comune-de-carlo-non-penalizzeremo-chi-soggiorna-nelle-nostre-strutture\/"},"author":{"name":"redazione","@id":"https:\/\/www.bellunopress.it\/#\/schema\/person\/79bb06722b37ece1c03d3e94beb30d73"},"headline":"Tassa di soggiorno, a Calalzo no di albergatori e Comune. De Carlo: \u201cNon penalizzeremo chi soggiorna nelle nostre strutture\u201d","datePublished":"2011-12-16T16:32:24+00:00","mainEntityOfPage":{"@id":"https:\/\/www.bellunopress.it\/2011\/12\/16\/tassa-di-soggiorno-a-calalzo-no-di-albergatori-e-comune-de-carlo-non-penalizzeremo-chi-soggiorna-nelle-nostre-strutture\/"},"wordCount":652,"publisher":{"@id":"https:\/\/www.bellunopress.it\/#organization"},"image":{"@id":"https:\/\/www.bellunopress.it\/2011\/12\/16\/tassa-di-soggiorno-a-calalzo-no-di-albergatori-e-comune-de-carlo-non-penalizzeremo-chi-soggiorna-nelle-nostre-strutture\/#primaryimage"},"thumbnailUrl":"http:\/\/www.bellunopress.it\/wp-content\/uploads\/2011\/10\/luca-de-carlo-sindaco-di-calalzo.jpg","articleSection":["Lettere Opinioni"],"inLanguage":"fr-FR"},{"@type":"WebPage","@id":"https:\/\/www.bellunopress.it\/2011\/12\/16\/tassa-di-soggiorno-a-calalzo-no-di-albergatori-e-comune-de-carlo-non-penalizzeremo-chi-soggiorna-nelle-nostre-strutture\/","url":"https:\/\/www.bellunopress.it\/2011\/12\/16\/tassa-di-soggiorno-a-calalzo-no-di-albergatori-e-comune-de-carlo-non-penalizzeremo-chi-soggiorna-nelle-nostre-strutture\/","name":"Tassa di soggiorno, a Calalzo no di albergatori e Comune. De Carlo: \u201cNon penalizzeremo chi soggiorna nelle nostre strutture\u201d - Bellunopress - Dolomiti","isPartOf":{"@id":"https:\/\/www.bellunopress.it\/#website"},"primaryImageOfPage":{"@id":"https:\/\/www.bellunopress.it\/2011\/12\/16\/tassa-di-soggiorno-a-calalzo-no-di-albergatori-e-comune-de-carlo-non-penalizzeremo-chi-soggiorna-nelle-nostre-strutture\/#primaryimage"},"image":{"@id":"https:\/\/www.bellunopress.it\/2011\/12\/16\/tassa-di-soggiorno-a-calalzo-no-di-albergatori-e-comune-de-carlo-non-penalizzeremo-chi-soggiorna-nelle-nostre-strutture\/#primaryimage"},"thumbnailUrl":"http:\/\/www.bellunopress.it\/wp-content\/uploads\/2011\/10\/luca-de-carlo-sindaco-di-calalzo.jpg","datePublished":"2011-12-16T16:32:24+00:00","breadcrumb":{"@id":"https:\/\/www.bellunopress.it\/2011\/12\/16\/tassa-di-soggiorno-a-calalzo-no-di-albergatori-e-comune-de-carlo-non-penalizzeremo-chi-soggiorna-nelle-nostre-strutture\/#breadcrumb"},"inLanguage":"fr-FR","potentialAction":[{"@type":"ReadAction","target":["https:\/\/www.bellunopress.it\/2011\/12\/16\/tassa-di-soggiorno-a-calalzo-no-di-albergatori-e-comune-de-carlo-non-penalizzeremo-chi-soggiorna-nelle-nostre-strutture\/"]}]},{"@type":"ImageObject","inLanguage":"fr-FR","@id":"https:\/\/www.bellunopress.it\/2011\/12\/16\/tassa-di-soggiorno-a-calalzo-no-di-albergatori-e-comune-de-carlo-non-penalizzeremo-chi-soggiorna-nelle-nostre-strutture\/#primaryimage","url":"http:\/\/www.bellunopress.it\/wp-content\/uploads\/2011\/10\/luca-de-carlo-sindaco-di-calalzo.jpg","contentUrl":"http:\/\/www.bellunopress.it\/wp-content\/uploads\/2011\/10\/luca-de-carlo-sindaco-di-calalzo.jpg"},{"@type":"BreadcrumbList","@id":"https:\/\/www.bellunopress.it\/2011\/12\/16\/tassa-di-soggiorno-a-calalzo-no-di-albergatori-e-comune-de-carlo-non-penalizzeremo-chi-soggiorna-nelle-nostre-strutture\/#breadcrumb","itemListElement":[{"@type":"ListItem","position":1,"name":"Home","item":"https:\/\/www.bellunopress.it\/"},{"@type":"ListItem","position":2,"name":"Tassa di soggiorno, a Calalzo no di albergatori e Comune. De Carlo: \u201cNon penalizzeremo chi soggiorna nelle nostre strutture\u201d"}]},{"@type":"WebSite","@id":"https:\/\/www.bellunopress.it\/#website","url":"https:\/\/www.bellunopress.it\/","name":"Bellunopress - Dolomiti","description":"e-mail: redazione@bellunopress.it","publisher":{"@id":"https:\/\/www.bellunopress.it\/#organization"},"potentialAction":[{"@type":"SearchAction","target":{"@type":"EntryPoint","urlTemplate":"https:\/\/www.bellunopress.it\/?s={search_term_string}"},"query-input":{"@type":"PropertyValueSpecification","valueRequired":true,"valueName":"search_term_string"}}],"inLanguage":"fr-FR"},{"@type":"Organization","@id":"https:\/\/www.bellunopress.it\/#organization","name":"Bellunopress","url":"https:\/\/www.bellunopress.it\/","logo":{"@type":"ImageObject","inLanguage":"fr-FR","@id":"https:\/\/www.bellunopress.it\/#\/schema\/logo\/image\/","url":"https:\/\/www.bellunopress.it\/wp-content\/uploads\/2011\/05\/cropped-logo-bellunopress-.jpg","contentUrl":"https:\/\/www.bellunopress.it\/wp-content\/uploads\/2011\/05\/cropped-logo-bellunopress-.jpg","width":512,"height":512,"caption":"Bellunopress"},"image":{"@id":"https:\/\/www.bellunopress.it\/#\/schema\/logo\/image\/"},"sameAs":["https:\/\/www.facebook.com\/profile.php?id=100008943462799","https:\/\/x.com\/bellunopress","https:\/\/www.linkedin.com\/hp\/?dnr=JBzUWaJfMUw8vbXJJ2tVW5-I3jZKvC4wsoxE&amp;amp;amp;amp;amp;amp;trk=nav_responsive_tab_home","https:\/\/www.youtube.com\/channel\/UCxL0wu1uN0_3_7hGG0306cw"]},{"@type":"Person","@id":"https:\/\/www.bellunopress.it\/#\/schema\/person\/79bb06722b37ece1c03d3e94beb30d73","name":"r\u00e9daction","image":{"@type":"ImageObject","inLanguage":"fr-FR","@id":"https:\/\/secure.gravatar.com\/avatar\/37d968a2e67a6fd04c169c4bdef102d0bc5d31b2546345219e348575eb80e9a0?s=96&d=mm&r=g","url":"https:\/\/secure.gravatar.com\/avatar\/37d968a2e67a6fd04c169c4bdef102d0bc5d31b2546345219e348575eb80e9a0?s=96&d=mm&r=g","contentUrl":"https:\/\/secure.gravatar.com\/avatar\/37d968a2e67a6fd04c169c4bdef102d0bc5d31b2546345219e348575eb80e9a0?s=96&d=mm&r=g","caption":"redazione"},"sameAs":["http:\/\/www.bellunopress.it","https:\/\/x.com\/bellunopress"],"url":"https:\/\/www.bellunopress.it\/fr\/author\/redazione\/"}]}},"_links":{"self":[{"href":"https:\/\/www.bellunopress.it\/fr\/wp-json\/wp\/v2\/posts\/33391","targetHints":{"allow":["GET"]}}],"collection":[{"href":"https:\/\/www.bellunopress.it\/fr\/wp-json\/wp\/v2\/posts"}],"about":[{"href":"https:\/\/www.bellunopress.it\/fr\/wp-json\/wp\/v2\/types\/post"}],"author":[{"embeddable":true,"href":"https:\/\/www.bellunopress.it\/fr\/wp-json\/wp\/v2\/users\/2"}],"replies":[{"embeddable":true,"href":"https:\/\/www.bellunopress.it\/fr\/wp-json\/wp\/v2\/comments?post=33391"}],"version-history":[{"count":1,"href":"https:\/\/www.bellunopress.it\/fr\/wp-json\/wp\/v2\/posts\/33391\/revisions"}],"predecessor-version":[{"id":33392,"href":"https:\/\/www.bellunopress.it\/fr\/wp-json\/wp\/v2\/posts\/33391\/revisions\/33392"}],"wp:attachment":[{"href":"https:\/\/www.bellunopress.it\/fr\/wp-json\/wp\/v2\/media?parent=33391"}],"wp:term":[{"taxonomy":"category","embeddable":true,"href":"https:\/\/www.bellunopress.it\/fr\/wp-json\/wp\/v2\/categories?post=33391"},{"taxonomy":"post_tag","embeddable":true,"href":"https:\/\/www.bellunopress.it\/fr\/wp-json\/wp\/v2\/tags?post=33391"}],"curies":[{"name":"wp","href":"https:\/\/api.w.org\/{rel}","templated":true}]}}