{"id":33383,"date":"2011-12-16T10:40:29","date_gmt":"2011-12-16T09:40:29","guid":{"rendered":"http:\/\/www.bellunopress.it\/?p=33383"},"modified":"2011-12-16T10:40:29","modified_gmt":"2011-12-16T09:40:29","slug":"vendita-della-nis-il-sindaco-prade-e-lassessore-martire-annunciano-la-cessione-ma-la-commissione-bilancio-non-ne-sa-nulla","status":"publish","type":"post","link":"https:\/\/www.bellunopress.it\/fr\/2011\/12\/16\/vendita-della-nis-il-sindaco-prade-e-lassessore-martire-annunciano-la-cessione-ma-la-commissione-bilancio-non-ne-sa-nulla\/","title":{"rendered":"Vendita della Nis. Il sindaco Prade e l&#8217;assessore Martire annunciano la cessione, ma la commissione bilancio non ne sa nulla"},"content":{"rendered":"<p>Colpo di scena nella Commissione Bilancio di ieri riunita per discutere il bilancio di Nis.\u00a0 La Commissione ha appreso dal consigliere Jacopo Massaro che la societ\u00e0 collegata di propriet\u00e0 del Comune sarebbe stata venduta. Ma nessuno dei consiglieri, n\u00e9 tantomeno il presidente della comissione, ne avevano mai discusso, n\u00e9 erano stati\u00a0informati.<\/p>\n<p>Dapprima l&#8217;assessore Tiziana\u00a0Martire ha finto di non sapere nulla, poi il consigliere Massaro ha mostrato il comunicato stampa inviato ai giornali\u00a0che riportava le dichiarazioni del sindaco Antonio Prade e della stessa Martire.<\/p>\n<p>Una situazione grottesca, insomma, con tutta l&#8217;opposizione che chiede da luglio scorso di discutere l&#8217;assetto delle societ\u00e0 partecipate, ottenendo solo rinvii. &#8220;Si \u00e8 pensato bene di non discutere e approfondire, e di affidare ai giornali la diffusione di decisioni che nessuno sa chi abbia preso e soprattutto il cui contenuto \u00e8 ignoto &#8211; afferma Jacopo Massaro &#8211;<\/p>\n<p>E&#8217; uno sgarbo stupido, che spalanca ancora una volta le porte a polemiche e divisioni proprio adesso, che \u00e8 necessario assumere delicate decisioni; ma soprattutto \u00e8 un&#8217;operazione che viene fatta senza alcuna discussione, senza alcun approfondimento, all&#8217;insegna del &#8220;prima facciamo, poi pensiamo&#8221;. Abbiamo gi\u00e0 provato la bont\u00e0 di questo tipo di decisionismo. In verit\u00e0 &#8211; conclude il capogruppo del Pd in consiglio comunale &#8211; essere decisionisti significa studiare le questioni, approfondirle e discuterle con tutti, non essere avventato e superficiale&#8221;.<\/p>\n<p>&nbsp;<\/p>","protected":false},"excerpt":{"rendered":"<p>Colpo di scena nella Commissione Bilancio di ieri riunita per discutere il bilancio di Nis.\u00a0 La Commissione ha appreso dal consigliere Jacopo Massaro che la societ\u00e0 collegata di propriet\u00e0 del Comune sarebbe stata venduta. Ma nessuno dei consiglieri, n\u00e9 tantomeno il presidente della comissione, ne avevano mai discusso, n\u00e9 erano stati\u00a0informati. Dapprima l&#8217;assessore Tiziana\u00a0Martire ha [&hellip;]<\/p>\n","protected":false},"author":2,"featured_media":0,"comment_status":"closed","ping_status":"open","sticky":false,"template":"","format":"standard","meta":{"footnotes":""},"categories":[5,26],"tags":[],"class_list":["post-33383","post","type-post","status-publish","format-standard","category-cronaca","category-prima-pagina"],"yoast_head":"<!-- This site is optimized with the Yoast SEO plugin v28.4 - https:\/\/yoast.com\/product\/yoast-seo-wordpress\/ -->\n<title>Vendita della Nis. Il sindaco Prade e l&#039;assessore Martire annunciano la cessione, ma la commissione bilancio non ne sa nulla - Bellunopress - Dolomiti<\/title>\n<meta name=\"robots\" content=\"index, follow, max-snippet:-1, max-image-preview:large, max-video-preview:-1\" \/>\n<link rel=\"canonical\" href=\"https:\/\/www.bellunopress.it\/fr\/2011\/12\/16\/vendita-della-nis-il-sindaco-prade-e-lassessore-martire-annunciano-la-cessione-ma-la-commissione-bilancio-non-ne-sa-nulla\/\" \/>\n<meta property=\"og:locale\" content=\"fr_FR\" \/>\n<meta property=\"og:type\" content=\"article\" \/>\n<meta property=\"og:title\" content=\"Vendita della Nis. Il sindaco Prade e l&#039;assessore Martire annunciano la cessione, ma la commissione bilancio non ne sa nulla - Bellunopress - Dolomiti\" \/>\n<meta property=\"og:description\" content=\"Colpo di scena nella Commissione Bilancio di ieri riunita per discutere il bilancio di Nis.\u00a0 La Commissione ha appreso dal consigliere Jacopo Massaro che la societ\u00e0 collegata di propriet\u00e0 del Comune sarebbe stata venduta. Ma nessuno dei consiglieri, n\u00e9 tantomeno il presidente della comissione, ne avevano mai discusso, n\u00e9 erano stati\u00a0informati. Dapprima l&#8217;assessore Tiziana\u00a0Martire ha [&hellip;]\" \/>\n<meta property=\"og:url\" content=\"https:\/\/www.bellunopress.it\/fr\/2011\/12\/16\/vendita-della-nis-il-sindaco-prade-e-lassessore-martire-annunciano-la-cessione-ma-la-commissione-bilancio-non-ne-sa-nulla\/\" \/>\n<meta property=\"og:site_name\" content=\"Bellunopress - Dolomiti\" \/>\n<meta property=\"article:publisher\" content=\"https:\/\/www.facebook.com\/profile.php?id=100008943462799\" \/>\n<meta property=\"article:published_time\" content=\"2011-12-16T09:40:29+00:00\" \/>\n<meta property=\"og:image\" content=\"http:\/\/www.bellunopress.it\/wp-content\/uploads\/2012\/07\/logo-bellunopress-250x250-2012.jpg\" \/>\n<meta name=\"author\" content=\"redazione\" \/>\n<meta name=\"twitter:card\" content=\"summary_large_image\" \/>\n<meta name=\"twitter:creator\" content=\"@bellunopress\" \/>\n<meta name=\"twitter:site\" content=\"@bellunopress\" \/>\n<meta name=\"twitter:label1\" content=\"Written by\" \/>\n\t<meta name=\"twitter:data1\" content=\"redazione\" \/>\n\t<meta name=\"twitter:label2\" content=\"Est. reading time\" \/>\n\t<meta name=\"twitter:data2\" content=\"1 minute\" \/>\n<script type=\"application\/ld+json\" class=\"yoast-schema-graph\">{\"@context\":\"https:\\\/\\\/schema.org\",\"@graph\":[{\"@type\":\"Article\",\"@id\":\"https:\\\/\\\/www.bellunopress.it\\\/2011\\\/12\\\/16\\\/vendita-della-nis-il-sindaco-prade-e-lassessore-martire-annunciano-la-cessione-ma-la-commissione-bilancio-non-ne-sa-nulla\\\/#article\",\"isPartOf\":{\"@id\":\"https:\\\/\\\/www.bellunopress.it\\\/2011\\\/12\\\/16\\\/vendita-della-nis-il-sindaco-prade-e-lassessore-martire-annunciano-la-cessione-ma-la-commissione-bilancio-non-ne-sa-nulla\\\/\"},\"author\":{\"name\":\"redazione\",\"@id\":\"https:\\\/\\\/www.bellunopress.it\\\/#\\\/schema\\\/person\\\/79bb06722b37ece1c03d3e94beb30d73\"},\"headline\":\"Vendita della Nis. Il sindaco Prade e l&#8217;assessore Martire annunciano la cessione, ma la commissione bilancio non ne sa nulla\",\"datePublished\":\"2011-12-16T09:40:29+00:00\",\"mainEntityOfPage\":{\"@id\":\"https:\\\/\\\/www.bellunopress.it\\\/2011\\\/12\\\/16\\\/vendita-della-nis-il-sindaco-prade-e-lassessore-martire-annunciano-la-cessione-ma-la-commissione-bilancio-non-ne-sa-nulla\\\/\"},\"wordCount\":246,\"publisher\":{\"@id\":\"https:\\\/\\\/www.bellunopress.it\\\/#organization\"},\"articleSection\":[\"Cronaca\\\/Politica\",\"Prima Pagina\"],\"inLanguage\":\"fr-FR\"},{\"@type\":\"WebPage\",\"@id\":\"https:\\\/\\\/www.bellunopress.it\\\/2011\\\/12\\\/16\\\/vendita-della-nis-il-sindaco-prade-e-lassessore-martire-annunciano-la-cessione-ma-la-commissione-bilancio-non-ne-sa-nulla\\\/\",\"url\":\"https:\\\/\\\/www.bellunopress.it\\\/2011\\\/12\\\/16\\\/vendita-della-nis-il-sindaco-prade-e-lassessore-martire-annunciano-la-cessione-ma-la-commissione-bilancio-non-ne-sa-nulla\\\/\",\"name\":\"Vendita della Nis. Il sindaco Prade e l'assessore Martire annunciano la cessione, ma la commissione bilancio non ne sa nulla - Bellunopress - Dolomiti\",\"isPartOf\":{\"@id\":\"https:\\\/\\\/www.bellunopress.it\\\/#website\"},\"datePublished\":\"2011-12-16T09:40:29+00:00\",\"breadcrumb\":{\"@id\":\"https:\\\/\\\/www.bellunopress.it\\\/2011\\\/12\\\/16\\\/vendita-della-nis-il-sindaco-prade-e-lassessore-martire-annunciano-la-cessione-ma-la-commissione-bilancio-non-ne-sa-nulla\\\/#breadcrumb\"},\"inLanguage\":\"fr-FR\",\"potentialAction\":[{\"@type\":\"ReadAction\",\"target\":[\"https:\\\/\\\/www.bellunopress.it\\\/2011\\\/12\\\/16\\\/vendita-della-nis-il-sindaco-prade-e-lassessore-martire-annunciano-la-cessione-ma-la-commissione-bilancio-non-ne-sa-nulla\\\/\"]}]},{\"@type\":\"BreadcrumbList\",\"@id\":\"https:\\\/\\\/www.bellunopress.it\\\/2011\\\/12\\\/16\\\/vendita-della-nis-il-sindaco-prade-e-lassessore-martire-annunciano-la-cessione-ma-la-commissione-bilancio-non-ne-sa-nulla\\\/#breadcrumb\",\"itemListElement\":[{\"@type\":\"ListItem\",\"position\":1,\"name\":\"Home\",\"item\":\"https:\\\/\\\/www.bellunopress.it\\\/\"},{\"@type\":\"ListItem\",\"position\":2,\"name\":\"Vendita della Nis. Il sindaco Prade e l&#8217;assessore Martire annunciano la cessione, ma la commissione bilancio non ne sa nulla\"}]},{\"@type\":\"WebSite\",\"@id\":\"https:\\\/\\\/www.bellunopress.it\\\/#website\",\"url\":\"https:\\\/\\\/www.bellunopress.it\\\/\",\"name\":\"Bellunopress - Dolomiti\",\"description\":\"e-mail: redazione@bellunopress.it\",\"publisher\":{\"@id\":\"https:\\\/\\\/www.bellunopress.it\\\/#organization\"},\"potentialAction\":[{\"@type\":\"SearchAction\",\"target\":{\"@type\":\"EntryPoint\",\"urlTemplate\":\"https:\\\/\\\/www.bellunopress.it\\\/?s={search_term_string}\"},\"query-input\":{\"@type\":\"PropertyValueSpecification\",\"valueRequired\":true,\"valueName\":\"search_term_string\"}}],\"inLanguage\":\"fr-FR\"},{\"@type\":\"Organization\",\"@id\":\"https:\\\/\\\/www.bellunopress.it\\\/#organization\",\"name\":\"Bellunopress\",\"url\":\"https:\\\/\\\/www.bellunopress.it\\\/\",\"logo\":{\"@type\":\"ImageObject\",\"inLanguage\":\"fr-FR\",\"@id\":\"https:\\\/\\\/www.bellunopress.it\\\/#\\\/schema\\\/logo\\\/image\\\/\",\"url\":\"https:\\\/\\\/www.bellunopress.it\\\/wp-content\\\/uploads\\\/2011\\\/05\\\/cropped-logo-bellunopress-.jpg\",\"contentUrl\":\"https:\\\/\\\/www.bellunopress.it\\\/wp-content\\\/uploads\\\/2011\\\/05\\\/cropped-logo-bellunopress-.jpg\",\"width\":512,\"height\":512,\"caption\":\"Bellunopress\"},\"image\":{\"@id\":\"https:\\\/\\\/www.bellunopress.it\\\/#\\\/schema\\\/logo\\\/image\\\/\"},\"sameAs\":[\"https:\\\/\\\/www.facebook.com\\\/profile.php?id=100008943462799\",\"https:\\\/\\\/x.com\\\/bellunopress\",\"https:\\\/\\\/www.linkedin.com\\\/hp\\\/?dnr=JBzUWaJfMUw8vbXJJ2tVW5-I3jZKvC4wsoxE&amp;amp;amp;amp;amp;amp;trk=nav_responsive_tab_home\",\"https:\\\/\\\/www.youtube.com\\\/channel\\\/UCxL0wu1uN0_3_7hGG0306cw\"]},{\"@type\":\"Person\",\"@id\":\"https:\\\/\\\/www.bellunopress.it\\\/#\\\/schema\\\/person\\\/79bb06722b37ece1c03d3e94beb30d73\",\"name\":\"redazione\",\"image\":{\"@type\":\"ImageObject\",\"inLanguage\":\"fr-FR\",\"@id\":\"https:\\\/\\\/secure.gravatar.com\\\/avatar\\\/37d968a2e67a6fd04c169c4bdef102d0bc5d31b2546345219e348575eb80e9a0?s=96&d=mm&r=g\",\"url\":\"https:\\\/\\\/secure.gravatar.com\\\/avatar\\\/37d968a2e67a6fd04c169c4bdef102d0bc5d31b2546345219e348575eb80e9a0?s=96&d=mm&r=g\",\"contentUrl\":\"https:\\\/\\\/secure.gravatar.com\\\/avatar\\\/37d968a2e67a6fd04c169c4bdef102d0bc5d31b2546345219e348575eb80e9a0?s=96&d=mm&r=g\",\"caption\":\"redazione\"},\"sameAs\":[\"http:\\\/\\\/www.bellunopress.it\",\"https:\\\/\\\/x.com\\\/bellunopress\"],\"url\":\"https:\\\/\\\/www.bellunopress.it\\\/fr\\\/author\\\/redazione\\\/\"}]}<\/script>\n<!-- \/ Yoast SEO plugin. -->","yoast_head_json":{"title":"Vendita della Nis. Il sindaco Prade e l'assessore Martire annunciano la cessione, ma la commissione bilancio non ne sa nulla - Bellunopress - Dolomiti","robots":{"index":"index","follow":"follow","max-snippet":"max-snippet:-1","max-image-preview":"max-image-preview:large","max-video-preview":"max-video-preview:-1"},"canonical":"https:\/\/www.bellunopress.it\/fr\/2011\/12\/16\/vendita-della-nis-il-sindaco-prade-e-lassessore-martire-annunciano-la-cessione-ma-la-commissione-bilancio-non-ne-sa-nulla\/","og_locale":"fr_FR","og_type":"article","og_title":"Vendita della Nis. Il sindaco Prade e l'assessore Martire annunciano la cessione, ma la commissione bilancio non ne sa nulla - Bellunopress - Dolomiti","og_description":"Colpo di scena nella Commissione Bilancio di ieri riunita per discutere il bilancio di Nis.\u00a0 La Commissione ha appreso dal consigliere Jacopo Massaro che la societ\u00e0 collegata di propriet\u00e0 del Comune sarebbe stata venduta. Ma nessuno dei consiglieri, n\u00e9 tantomeno il presidente della comissione, ne avevano mai discusso, n\u00e9 erano stati\u00a0informati. Dapprima l&#8217;assessore Tiziana\u00a0Martire ha [&hellip;]","og_url":"https:\/\/www.bellunopress.it\/fr\/2011\/12\/16\/vendita-della-nis-il-sindaco-prade-e-lassessore-martire-annunciano-la-cessione-ma-la-commissione-bilancio-non-ne-sa-nulla\/","og_site_name":"Bellunopress - Dolomiti","article_publisher":"https:\/\/www.facebook.com\/profile.php?id=100008943462799","article_published_time":"2011-12-16T09:40:29+00:00","og_image":[{"url":"http:\/\/www.bellunopress.it\/wp-content\/uploads\/2012\/07\/logo-bellunopress-250x250-2012.jpg","type":"","width":"","height":""}],"author":"redazione","twitter_card":"summary_large_image","twitter_creator":"@bellunopress","twitter_site":"@bellunopress","twitter_misc":{"Written by":"redazione","Est. reading time":"1 minute"},"schema":{"@context":"https:\/\/schema.org","@graph":[{"@type":"Article","@id":"https:\/\/www.bellunopress.it\/2011\/12\/16\/vendita-della-nis-il-sindaco-prade-e-lassessore-martire-annunciano-la-cessione-ma-la-commissione-bilancio-non-ne-sa-nulla\/#article","isPartOf":{"@id":"https:\/\/www.bellunopress.it\/2011\/12\/16\/vendita-della-nis-il-sindaco-prade-e-lassessore-martire-annunciano-la-cessione-ma-la-commissione-bilancio-non-ne-sa-nulla\/"},"author":{"name":"redazione","@id":"https:\/\/www.bellunopress.it\/#\/schema\/person\/79bb06722b37ece1c03d3e94beb30d73"},"headline":"Vendita della Nis. Il sindaco Prade e l&#8217;assessore Martire annunciano la cessione, ma la commissione bilancio non ne sa nulla","datePublished":"2011-12-16T09:40:29+00:00","mainEntityOfPage":{"@id":"https:\/\/www.bellunopress.it\/2011\/12\/16\/vendita-della-nis-il-sindaco-prade-e-lassessore-martire-annunciano-la-cessione-ma-la-commissione-bilancio-non-ne-sa-nulla\/"},"wordCount":246,"publisher":{"@id":"https:\/\/www.bellunopress.it\/#organization"},"articleSection":["Cronaca\/Politica","Prima Pagina"],"inLanguage":"fr-FR"},{"@type":"WebPage","@id":"https:\/\/www.bellunopress.it\/2011\/12\/16\/vendita-della-nis-il-sindaco-prade-e-lassessore-martire-annunciano-la-cessione-ma-la-commissione-bilancio-non-ne-sa-nulla\/","url":"https:\/\/www.bellunopress.it\/2011\/12\/16\/vendita-della-nis-il-sindaco-prade-e-lassessore-martire-annunciano-la-cessione-ma-la-commissione-bilancio-non-ne-sa-nulla\/","name":"Vendita della Nis. Il sindaco Prade e l'assessore Martire annunciano la cessione, ma la commissione bilancio non ne sa nulla - Bellunopress - Dolomiti","isPartOf":{"@id":"https:\/\/www.bellunopress.it\/#website"},"datePublished":"2011-12-16T09:40:29+00:00","breadcrumb":{"@id":"https:\/\/www.bellunopress.it\/2011\/12\/16\/vendita-della-nis-il-sindaco-prade-e-lassessore-martire-annunciano-la-cessione-ma-la-commissione-bilancio-non-ne-sa-nulla\/#breadcrumb"},"inLanguage":"fr-FR","potentialAction":[{"@type":"ReadAction","target":["https:\/\/www.bellunopress.it\/2011\/12\/16\/vendita-della-nis-il-sindaco-prade-e-lassessore-martire-annunciano-la-cessione-ma-la-commissione-bilancio-non-ne-sa-nulla\/"]}]},{"@type":"BreadcrumbList","@id":"https:\/\/www.bellunopress.it\/2011\/12\/16\/vendita-della-nis-il-sindaco-prade-e-lassessore-martire-annunciano-la-cessione-ma-la-commissione-bilancio-non-ne-sa-nulla\/#breadcrumb","itemListElement":[{"@type":"ListItem","position":1,"name":"Home","item":"https:\/\/www.bellunopress.it\/"},{"@type":"ListItem","position":2,"name":"Vendita della Nis. Il sindaco Prade e l&#8217;assessore Martire annunciano la cessione, ma la commissione bilancio non ne sa nulla"}]},{"@type":"WebSite","@id":"https:\/\/www.bellunopress.it\/#website","url":"https:\/\/www.bellunopress.it\/","name":"Bellunopress - Dolomiti","description":"e-mail: redazione@bellunopress.it","publisher":{"@id":"https:\/\/www.bellunopress.it\/#organization"},"potentialAction":[{"@type":"SearchAction","target":{"@type":"EntryPoint","urlTemplate":"https:\/\/www.bellunopress.it\/?s={search_term_string}"},"query-input":{"@type":"PropertyValueSpecification","valueRequired":true,"valueName":"search_term_string"}}],"inLanguage":"fr-FR"},{"@type":"Organization","@id":"https:\/\/www.bellunopress.it\/#organization","name":"Bellunopress","url":"https:\/\/www.bellunopress.it\/","logo":{"@type":"ImageObject","inLanguage":"fr-FR","@id":"https:\/\/www.bellunopress.it\/#\/schema\/logo\/image\/","url":"https:\/\/www.bellunopress.it\/wp-content\/uploads\/2011\/05\/cropped-logo-bellunopress-.jpg","contentUrl":"https:\/\/www.bellunopress.it\/wp-content\/uploads\/2011\/05\/cropped-logo-bellunopress-.jpg","width":512,"height":512,"caption":"Bellunopress"},"image":{"@id":"https:\/\/www.bellunopress.it\/#\/schema\/logo\/image\/"},"sameAs":["https:\/\/www.facebook.com\/profile.php?id=100008943462799","https:\/\/x.com\/bellunopress","https:\/\/www.linkedin.com\/hp\/?dnr=JBzUWaJfMUw8vbXJJ2tVW5-I3jZKvC4wsoxE&amp;amp;amp;amp;amp;amp;trk=nav_responsive_tab_home","https:\/\/www.youtube.com\/channel\/UCxL0wu1uN0_3_7hGG0306cw"]},{"@type":"Person","@id":"https:\/\/www.bellunopress.it\/#\/schema\/person\/79bb06722b37ece1c03d3e94beb30d73","name":"r\u00e9daction","image":{"@type":"ImageObject","inLanguage":"fr-FR","@id":"https:\/\/secure.gravatar.com\/avatar\/37d968a2e67a6fd04c169c4bdef102d0bc5d31b2546345219e348575eb80e9a0?s=96&d=mm&r=g","url":"https:\/\/secure.gravatar.com\/avatar\/37d968a2e67a6fd04c169c4bdef102d0bc5d31b2546345219e348575eb80e9a0?s=96&d=mm&r=g","contentUrl":"https:\/\/secure.gravatar.com\/avatar\/37d968a2e67a6fd04c169c4bdef102d0bc5d31b2546345219e348575eb80e9a0?s=96&d=mm&r=g","caption":"redazione"},"sameAs":["http:\/\/www.bellunopress.it","https:\/\/x.com\/bellunopress"],"url":"https:\/\/www.bellunopress.it\/fr\/author\/redazione\/"}]}},"_links":{"self":[{"href":"https:\/\/www.bellunopress.it\/fr\/wp-json\/wp\/v2\/posts\/33383","targetHints":{"allow":["GET"]}}],"collection":[{"href":"https:\/\/www.bellunopress.it\/fr\/wp-json\/wp\/v2\/posts"}],"about":[{"href":"https:\/\/www.bellunopress.it\/fr\/wp-json\/wp\/v2\/types\/post"}],"author":[{"embeddable":true,"href":"https:\/\/www.bellunopress.it\/fr\/wp-json\/wp\/v2\/users\/2"}],"replies":[{"embeddable":true,"href":"https:\/\/www.bellunopress.it\/fr\/wp-json\/wp\/v2\/comments?post=33383"}],"version-history":[{"count":1,"href":"https:\/\/www.bellunopress.it\/fr\/wp-json\/wp\/v2\/posts\/33383\/revisions"}],"predecessor-version":[{"id":33384,"href":"https:\/\/www.bellunopress.it\/fr\/wp-json\/wp\/v2\/posts\/33383\/revisions\/33384"}],"wp:attachment":[{"href":"https:\/\/www.bellunopress.it\/fr\/wp-json\/wp\/v2\/media?parent=33383"}],"wp:term":[{"taxonomy":"category","embeddable":true,"href":"https:\/\/www.bellunopress.it\/fr\/wp-json\/wp\/v2\/categories?post=33383"},{"taxonomy":"post_tag","embeddable":true,"href":"https:\/\/www.bellunopress.it\/fr\/wp-json\/wp\/v2\/tags?post=33383"}],"curies":[{"name":"wp","href":"https:\/\/api.w.org\/{rel}","templated":true}]}}