{"id":33377,"date":"2011-12-16T12:46:21","date_gmt":"2011-12-16T11:46:21","guid":{"rendered":"http:\/\/www.bellunopress.it\/?p=33377"},"modified":"2011-12-15T22:50:21","modified_gmt":"2011-12-15T21:50:21","slug":"messaggio-di-marco-paolini-per-la-manifestazione-acqua-bene-comune-di-sabato-17-dicembre-a-belluno","status":"publish","type":"post","link":"https:\/\/www.bellunopress.it\/fr\/2011\/12\/16\/messaggio-di-marco-paolini-per-la-manifestazione-acqua-bene-comune-di-sabato-17-dicembre-a-belluno\/","title":{"rendered":"Messaggio di Marco Paolini per la manifestazione Acqua bene comune di sabato 17 dicembre a Belluno"},"content":{"rendered":"<p>Non ho finito, certo che non ho finito. Del governo dell\u2019acqua nella valle del Piave non ho ancora finito di occuparmi. Lo far\u00f2 ancora per tre ragioni:<\/p>\n<p>1) per Tina Merlin, perch\u00e9 dopo il Vajont nessuno pu\u00f2 sottovalutare i rischi diretti e indiretti in questo territorio connessi allo sfruttamento delle acque a fini commerciali;<\/p>\n<p>2) per Renzo Franzin, che ha saputo raccontare, con parole e storie, come la mappa del fiume e dei suoi affluenti sia una specie di albero della vita dove l\u2019entropia \u00e8 una variabile esclusivamente umana. L\u2019acqua che non scorre fino alla foce del fiume non \u00e8 solo quella bevuta da umani, bestie e piante, non \u00e8 solo quella evaporata, \u00e8 soprattutto quella sprecata nei prelievi ignoranti della realt\u00e0;<\/p>\n<p><a href=\"http:\/\/www.bellunopress.it\/wp-content\/uploads\/2011\/12\/marco-paolini.jpg\"><img loading=\"lazy\" decoding=\"async\" class=\"alignleft size-full wp-image-33378\" title=\"marco-paolini\" src=\"http:\/\/www.bellunopress.it\/wp-content\/uploads\/2011\/12\/marco-paolini.jpg\" alt=\"\" width=\"145\" height=\"126\" \/><\/a>\u00a03) per noi stessi, per quelli che sanno che aver vinto un referendum con il cuore non basta, serve cervello. Serve mantenere l\u2019impegno di prendersi cura di cose che non finiscono. Questo \u00e8 il segreto: serve attrezzarsi per un lavoro che accompagni allegramente la vita e non finisca. L\u2019acqua \u00e8 la migliore occasione per rifondare una politica pi\u00f9 trasparente nel nostro Paese, per dare senso al vivere in questa terra prendendocene cura. E\u2019 faticoso e la stanchezza ogni tanto ci pu\u00f2 stare, basta che non diventi una malattia, una scusa per chiamarsi fuori. Questa terra \u00e8 fatta per te e per me diceva Woody Guthrie, questa acqua scorre e non chiede il permesso ma se lo dai per scontato potrebbe non scorrere pi\u00f9. Marco Paolini<\/p>","protected":false},"excerpt":{"rendered":"<p>Non ho finito, certo che non ho finito. Del governo dell\u2019acqua nella valle del Piave non ho ancora finito di occuparmi. Lo far\u00f2 ancora per tre ragioni: 1) per Tina Merlin, perch\u00e9 dopo il Vajont nessuno pu\u00f2 sottovalutare i rischi diretti e indiretti in questo territorio connessi allo sfruttamento delle acque a fini commerciali; 2) [&hellip;]<\/p>\n","protected":false},"author":2,"featured_media":0,"comment_status":"closed","ping_status":"open","sticky":false,"template":"","format":"standard","meta":{"footnotes":""},"categories":[27,26,8],"tags":[],"class_list":["post-33377","post","type-post","status-publish","format-standard","category-appuntamenti","category-prima-pagina","category-societa-istituzioni"],"yoast_head":"<!-- This site is optimized with the Yoast SEO plugin v28.4 - https:\/\/yoast.com\/product\/yoast-seo-wordpress\/ -->\n<title>Messaggio di Marco Paolini per la manifestazione Acqua bene comune di sabato 17 dicembre a Belluno - Bellunopress - Dolomiti<\/title>\n<meta name=\"robots\" content=\"index, follow, max-snippet:-1, max-image-preview:large, max-video-preview:-1\" \/>\n<link rel=\"canonical\" href=\"https:\/\/www.bellunopress.it\/fr\/2011\/12\/16\/messaggio-di-marco-paolini-per-la-manifestazione-acqua-bene-comune-di-sabato-17-dicembre-a-belluno\/\" \/>\n<meta property=\"og:locale\" content=\"fr_FR\" \/>\n<meta property=\"og:type\" content=\"article\" \/>\n<meta property=\"og:title\" content=\"Messaggio di Marco Paolini per la manifestazione Acqua bene comune di sabato 17 dicembre a Belluno - Bellunopress - Dolomiti\" \/>\n<meta property=\"og:description\" content=\"Non ho finito, certo che non ho finito. Del governo dell\u2019acqua nella valle del Piave non ho ancora finito di occuparmi. Lo far\u00f2 ancora per tre ragioni: 1) per Tina Merlin, perch\u00e9 dopo il Vajont nessuno pu\u00f2 sottovalutare i rischi diretti e indiretti in questo territorio connessi allo sfruttamento delle acque a fini commerciali; 2) [&hellip;]\" \/>\n<meta property=\"og:url\" content=\"https:\/\/www.bellunopress.it\/fr\/2011\/12\/16\/messaggio-di-marco-paolini-per-la-manifestazione-acqua-bene-comune-di-sabato-17-dicembre-a-belluno\/\" \/>\n<meta property=\"og:site_name\" content=\"Bellunopress - Dolomiti\" \/>\n<meta property=\"article:publisher\" content=\"https:\/\/www.facebook.com\/profile.php?id=100008943462799\" \/>\n<meta property=\"article:published_time\" content=\"2011-12-16T11:46:21+00:00\" \/>\n<meta property=\"og:image\" content=\"http:\/\/www.bellunopress.it\/wp-content\/uploads\/2011\/12\/marco-paolini.jpg\" \/>\n<meta name=\"author\" content=\"redazione\" \/>\n<meta name=\"twitter:card\" content=\"summary_large_image\" \/>\n<meta name=\"twitter:creator\" content=\"@bellunopress\" \/>\n<meta name=\"twitter:site\" content=\"@bellunopress\" \/>\n<meta name=\"twitter:label1\" content=\"Written by\" \/>\n\t<meta name=\"twitter:data1\" content=\"redazione\" \/>\n\t<meta name=\"twitter:label2\" content=\"Est. reading time\" \/>\n\t<meta name=\"twitter:data2\" content=\"1 minute\" \/>\n<script type=\"application\/ld+json\" class=\"yoast-schema-graph\">{\"@context\":\"https:\\\/\\\/schema.org\",\"@graph\":[{\"@type\":\"Article\",\"@id\":\"https:\\\/\\\/www.bellunopress.it\\\/2011\\\/12\\\/16\\\/messaggio-di-marco-paolini-per-la-manifestazione-acqua-bene-comune-di-sabato-17-dicembre-a-belluno\\\/#article\",\"isPartOf\":{\"@id\":\"https:\\\/\\\/www.bellunopress.it\\\/2011\\\/12\\\/16\\\/messaggio-di-marco-paolini-per-la-manifestazione-acqua-bene-comune-di-sabato-17-dicembre-a-belluno\\\/\"},\"author\":{\"name\":\"redazione\",\"@id\":\"https:\\\/\\\/www.bellunopress.it\\\/#\\\/schema\\\/person\\\/79bb06722b37ece1c03d3e94beb30d73\"},\"headline\":\"Messaggio di Marco Paolini per la manifestazione Acqua bene comune di sabato 17 dicembre a Belluno\",\"datePublished\":\"2011-12-16T11:46:21+00:00\",\"mainEntityOfPage\":{\"@id\":\"https:\\\/\\\/www.bellunopress.it\\\/2011\\\/12\\\/16\\\/messaggio-di-marco-paolini-per-la-manifestazione-acqua-bene-comune-di-sabato-17-dicembre-a-belluno\\\/\"},\"wordCount\":257,\"publisher\":{\"@id\":\"https:\\\/\\\/www.bellunopress.it\\\/#organization\"},\"image\":{\"@id\":\"https:\\\/\\\/www.bellunopress.it\\\/2011\\\/12\\\/16\\\/messaggio-di-marco-paolini-per-la-manifestazione-acqua-bene-comune-di-sabato-17-dicembre-a-belluno\\\/#primaryimage\"},\"thumbnailUrl\":\"http:\\\/\\\/www.bellunopress.it\\\/wp-content\\\/uploads\\\/2011\\\/12\\\/marco-paolini.jpg\",\"articleSection\":[\"Appuntamenti, Eventi\",\"Prima Pagina\",\"Societ\u00e0, Associazioni, Istituzioni\"],\"inLanguage\":\"fr-FR\"},{\"@type\":\"WebPage\",\"@id\":\"https:\\\/\\\/www.bellunopress.it\\\/2011\\\/12\\\/16\\\/messaggio-di-marco-paolini-per-la-manifestazione-acqua-bene-comune-di-sabato-17-dicembre-a-belluno\\\/\",\"url\":\"https:\\\/\\\/www.bellunopress.it\\\/2011\\\/12\\\/16\\\/messaggio-di-marco-paolini-per-la-manifestazione-acqua-bene-comune-di-sabato-17-dicembre-a-belluno\\\/\",\"name\":\"Messaggio di Marco Paolini per la manifestazione Acqua bene comune di sabato 17 dicembre a Belluno - Bellunopress - Dolomiti\",\"isPartOf\":{\"@id\":\"https:\\\/\\\/www.bellunopress.it\\\/#website\"},\"primaryImageOfPage\":{\"@id\":\"https:\\\/\\\/www.bellunopress.it\\\/2011\\\/12\\\/16\\\/messaggio-di-marco-paolini-per-la-manifestazione-acqua-bene-comune-di-sabato-17-dicembre-a-belluno\\\/#primaryimage\"},\"image\":{\"@id\":\"https:\\\/\\\/www.bellunopress.it\\\/2011\\\/12\\\/16\\\/messaggio-di-marco-paolini-per-la-manifestazione-acqua-bene-comune-di-sabato-17-dicembre-a-belluno\\\/#primaryimage\"},\"thumbnailUrl\":\"http:\\\/\\\/www.bellunopress.it\\\/wp-content\\\/uploads\\\/2011\\\/12\\\/marco-paolini.jpg\",\"datePublished\":\"2011-12-16T11:46:21+00:00\",\"breadcrumb\":{\"@id\":\"https:\\\/\\\/www.bellunopress.it\\\/2011\\\/12\\\/16\\\/messaggio-di-marco-paolini-per-la-manifestazione-acqua-bene-comune-di-sabato-17-dicembre-a-belluno\\\/#breadcrumb\"},\"inLanguage\":\"fr-FR\",\"potentialAction\":[{\"@type\":\"ReadAction\",\"target\":[\"https:\\\/\\\/www.bellunopress.it\\\/2011\\\/12\\\/16\\\/messaggio-di-marco-paolini-per-la-manifestazione-acqua-bene-comune-di-sabato-17-dicembre-a-belluno\\\/\"]}]},{\"@type\":\"ImageObject\",\"inLanguage\":\"fr-FR\",\"@id\":\"https:\\\/\\\/www.bellunopress.it\\\/2011\\\/12\\\/16\\\/messaggio-di-marco-paolini-per-la-manifestazione-acqua-bene-comune-di-sabato-17-dicembre-a-belluno\\\/#primaryimage\",\"url\":\"http:\\\/\\\/www.bellunopress.it\\\/wp-content\\\/uploads\\\/2011\\\/12\\\/marco-paolini.jpg\",\"contentUrl\":\"http:\\\/\\\/www.bellunopress.it\\\/wp-content\\\/uploads\\\/2011\\\/12\\\/marco-paolini.jpg\"},{\"@type\":\"BreadcrumbList\",\"@id\":\"https:\\\/\\\/www.bellunopress.it\\\/2011\\\/12\\\/16\\\/messaggio-di-marco-paolini-per-la-manifestazione-acqua-bene-comune-di-sabato-17-dicembre-a-belluno\\\/#breadcrumb\",\"itemListElement\":[{\"@type\":\"ListItem\",\"position\":1,\"name\":\"Home\",\"item\":\"https:\\\/\\\/www.bellunopress.it\\\/\"},{\"@type\":\"ListItem\",\"position\":2,\"name\":\"Messaggio di Marco Paolini per la manifestazione Acqua bene comune di sabato 17 dicembre a Belluno\"}]},{\"@type\":\"WebSite\",\"@id\":\"https:\\\/\\\/www.bellunopress.it\\\/#website\",\"url\":\"https:\\\/\\\/www.bellunopress.it\\\/\",\"name\":\"Bellunopress - Dolomiti\",\"description\":\"e-mail: redazione@bellunopress.it\",\"publisher\":{\"@id\":\"https:\\\/\\\/www.bellunopress.it\\\/#organization\"},\"potentialAction\":[{\"@type\":\"SearchAction\",\"target\":{\"@type\":\"EntryPoint\",\"urlTemplate\":\"https:\\\/\\\/www.bellunopress.it\\\/?s={search_term_string}\"},\"query-input\":{\"@type\":\"PropertyValueSpecification\",\"valueRequired\":true,\"valueName\":\"search_term_string\"}}],\"inLanguage\":\"fr-FR\"},{\"@type\":\"Organization\",\"@id\":\"https:\\\/\\\/www.bellunopress.it\\\/#organization\",\"name\":\"Bellunopress\",\"url\":\"https:\\\/\\\/www.bellunopress.it\\\/\",\"logo\":{\"@type\":\"ImageObject\",\"inLanguage\":\"fr-FR\",\"@id\":\"https:\\\/\\\/www.bellunopress.it\\\/#\\\/schema\\\/logo\\\/image\\\/\",\"url\":\"https:\\\/\\\/www.bellunopress.it\\\/wp-content\\\/uploads\\\/2011\\\/05\\\/cropped-logo-bellunopress-.jpg\",\"contentUrl\":\"https:\\\/\\\/www.bellunopress.it\\\/wp-content\\\/uploads\\\/2011\\\/05\\\/cropped-logo-bellunopress-.jpg\",\"width\":512,\"height\":512,\"caption\":\"Bellunopress\"},\"image\":{\"@id\":\"https:\\\/\\\/www.bellunopress.it\\\/#\\\/schema\\\/logo\\\/image\\\/\"},\"sameAs\":[\"https:\\\/\\\/www.facebook.com\\\/profile.php?id=100008943462799\",\"https:\\\/\\\/x.com\\\/bellunopress\",\"https:\\\/\\\/www.linkedin.com\\\/hp\\\/?dnr=JBzUWaJfMUw8vbXJJ2tVW5-I3jZKvC4wsoxE&amp;amp;amp;amp;amp;amp;trk=nav_responsive_tab_home\",\"https:\\\/\\\/www.youtube.com\\\/channel\\\/UCxL0wu1uN0_3_7hGG0306cw\"]},{\"@type\":\"Person\",\"@id\":\"https:\\\/\\\/www.bellunopress.it\\\/#\\\/schema\\\/person\\\/79bb06722b37ece1c03d3e94beb30d73\",\"name\":\"redazione\",\"image\":{\"@type\":\"ImageObject\",\"inLanguage\":\"fr-FR\",\"@id\":\"https:\\\/\\\/secure.gravatar.com\\\/avatar\\\/37d968a2e67a6fd04c169c4bdef102d0bc5d31b2546345219e348575eb80e9a0?s=96&d=mm&r=g\",\"url\":\"https:\\\/\\\/secure.gravatar.com\\\/avatar\\\/37d968a2e67a6fd04c169c4bdef102d0bc5d31b2546345219e348575eb80e9a0?s=96&d=mm&r=g\",\"contentUrl\":\"https:\\\/\\\/secure.gravatar.com\\\/avatar\\\/37d968a2e67a6fd04c169c4bdef102d0bc5d31b2546345219e348575eb80e9a0?s=96&d=mm&r=g\",\"caption\":\"redazione\"},\"sameAs\":[\"http:\\\/\\\/www.bellunopress.it\",\"https:\\\/\\\/x.com\\\/bellunopress\"],\"url\":\"https:\\\/\\\/www.bellunopress.it\\\/fr\\\/author\\\/redazione\\\/\"}]}<\/script>\n<!-- \/ Yoast SEO plugin. -->","yoast_head_json":{"title":"Messaggio di Marco Paolini per la manifestazione Acqua bene comune di sabato 17 dicembre a Belluno - Bellunopress - Dolomiti","robots":{"index":"index","follow":"follow","max-snippet":"max-snippet:-1","max-image-preview":"max-image-preview:large","max-video-preview":"max-video-preview:-1"},"canonical":"https:\/\/www.bellunopress.it\/fr\/2011\/12\/16\/messaggio-di-marco-paolini-per-la-manifestazione-acqua-bene-comune-di-sabato-17-dicembre-a-belluno\/","og_locale":"fr_FR","og_type":"article","og_title":"Messaggio di Marco Paolini per la manifestazione Acqua bene comune di sabato 17 dicembre a Belluno - Bellunopress - Dolomiti","og_description":"Non ho finito, certo che non ho finito. Del governo dell\u2019acqua nella valle del Piave non ho ancora finito di occuparmi. Lo far\u00f2 ancora per tre ragioni: 1) per Tina Merlin, perch\u00e9 dopo il Vajont nessuno pu\u00f2 sottovalutare i rischi diretti e indiretti in questo territorio connessi allo sfruttamento delle acque a fini commerciali; 2) [&hellip;]","og_url":"https:\/\/www.bellunopress.it\/fr\/2011\/12\/16\/messaggio-di-marco-paolini-per-la-manifestazione-acqua-bene-comune-di-sabato-17-dicembre-a-belluno\/","og_site_name":"Bellunopress - Dolomiti","article_publisher":"https:\/\/www.facebook.com\/profile.php?id=100008943462799","article_published_time":"2011-12-16T11:46:21+00:00","og_image":[{"url":"http:\/\/www.bellunopress.it\/wp-content\/uploads\/2011\/12\/marco-paolini.jpg","type":"","width":"","height":""}],"author":"redazione","twitter_card":"summary_large_image","twitter_creator":"@bellunopress","twitter_site":"@bellunopress","twitter_misc":{"Written by":"redazione","Est. reading time":"1 minute"},"schema":{"@context":"https:\/\/schema.org","@graph":[{"@type":"Article","@id":"https:\/\/www.bellunopress.it\/2011\/12\/16\/messaggio-di-marco-paolini-per-la-manifestazione-acqua-bene-comune-di-sabato-17-dicembre-a-belluno\/#article","isPartOf":{"@id":"https:\/\/www.bellunopress.it\/2011\/12\/16\/messaggio-di-marco-paolini-per-la-manifestazione-acqua-bene-comune-di-sabato-17-dicembre-a-belluno\/"},"author":{"name":"redazione","@id":"https:\/\/www.bellunopress.it\/#\/schema\/person\/79bb06722b37ece1c03d3e94beb30d73"},"headline":"Messaggio di Marco Paolini per la manifestazione Acqua bene comune di sabato 17 dicembre a Belluno","datePublished":"2011-12-16T11:46:21+00:00","mainEntityOfPage":{"@id":"https:\/\/www.bellunopress.it\/2011\/12\/16\/messaggio-di-marco-paolini-per-la-manifestazione-acqua-bene-comune-di-sabato-17-dicembre-a-belluno\/"},"wordCount":257,"publisher":{"@id":"https:\/\/www.bellunopress.it\/#organization"},"image":{"@id":"https:\/\/www.bellunopress.it\/2011\/12\/16\/messaggio-di-marco-paolini-per-la-manifestazione-acqua-bene-comune-di-sabato-17-dicembre-a-belluno\/#primaryimage"},"thumbnailUrl":"http:\/\/www.bellunopress.it\/wp-content\/uploads\/2011\/12\/marco-paolini.jpg","articleSection":["Appuntamenti, Eventi","Prima Pagina","Societ\u00e0, Associazioni, Istituzioni"],"inLanguage":"fr-FR"},{"@type":"WebPage","@id":"https:\/\/www.bellunopress.it\/2011\/12\/16\/messaggio-di-marco-paolini-per-la-manifestazione-acqua-bene-comune-di-sabato-17-dicembre-a-belluno\/","url":"https:\/\/www.bellunopress.it\/2011\/12\/16\/messaggio-di-marco-paolini-per-la-manifestazione-acqua-bene-comune-di-sabato-17-dicembre-a-belluno\/","name":"Messaggio di Marco Paolini per la manifestazione Acqua bene comune di sabato 17 dicembre a Belluno - Bellunopress - Dolomiti","isPartOf":{"@id":"https:\/\/www.bellunopress.it\/#website"},"primaryImageOfPage":{"@id":"https:\/\/www.bellunopress.it\/2011\/12\/16\/messaggio-di-marco-paolini-per-la-manifestazione-acqua-bene-comune-di-sabato-17-dicembre-a-belluno\/#primaryimage"},"image":{"@id":"https:\/\/www.bellunopress.it\/2011\/12\/16\/messaggio-di-marco-paolini-per-la-manifestazione-acqua-bene-comune-di-sabato-17-dicembre-a-belluno\/#primaryimage"},"thumbnailUrl":"http:\/\/www.bellunopress.it\/wp-content\/uploads\/2011\/12\/marco-paolini.jpg","datePublished":"2011-12-16T11:46:21+00:00","breadcrumb":{"@id":"https:\/\/www.bellunopress.it\/2011\/12\/16\/messaggio-di-marco-paolini-per-la-manifestazione-acqua-bene-comune-di-sabato-17-dicembre-a-belluno\/#breadcrumb"},"inLanguage":"fr-FR","potentialAction":[{"@type":"ReadAction","target":["https:\/\/www.bellunopress.it\/2011\/12\/16\/messaggio-di-marco-paolini-per-la-manifestazione-acqua-bene-comune-di-sabato-17-dicembre-a-belluno\/"]}]},{"@type":"ImageObject","inLanguage":"fr-FR","@id":"https:\/\/www.bellunopress.it\/2011\/12\/16\/messaggio-di-marco-paolini-per-la-manifestazione-acqua-bene-comune-di-sabato-17-dicembre-a-belluno\/#primaryimage","url":"http:\/\/www.bellunopress.it\/wp-content\/uploads\/2011\/12\/marco-paolini.jpg","contentUrl":"http:\/\/www.bellunopress.it\/wp-content\/uploads\/2011\/12\/marco-paolini.jpg"},{"@type":"BreadcrumbList","@id":"https:\/\/www.bellunopress.it\/2011\/12\/16\/messaggio-di-marco-paolini-per-la-manifestazione-acqua-bene-comune-di-sabato-17-dicembre-a-belluno\/#breadcrumb","itemListElement":[{"@type":"ListItem","position":1,"name":"Home","item":"https:\/\/www.bellunopress.it\/"},{"@type":"ListItem","position":2,"name":"Messaggio di Marco Paolini per la manifestazione Acqua bene comune di sabato 17 dicembre a Belluno"}]},{"@type":"WebSite","@id":"https:\/\/www.bellunopress.it\/#website","url":"https:\/\/www.bellunopress.it\/","name":"Bellunopress - Dolomiti","description":"e-mail: redazione@bellunopress.it","publisher":{"@id":"https:\/\/www.bellunopress.it\/#organization"},"potentialAction":[{"@type":"SearchAction","target":{"@type":"EntryPoint","urlTemplate":"https:\/\/www.bellunopress.it\/?s={search_term_string}"},"query-input":{"@type":"PropertyValueSpecification","valueRequired":true,"valueName":"search_term_string"}}],"inLanguage":"fr-FR"},{"@type":"Organization","@id":"https:\/\/www.bellunopress.it\/#organization","name":"Bellunopress","url":"https:\/\/www.bellunopress.it\/","logo":{"@type":"ImageObject","inLanguage":"fr-FR","@id":"https:\/\/www.bellunopress.it\/#\/schema\/logo\/image\/","url":"https:\/\/www.bellunopress.it\/wp-content\/uploads\/2011\/05\/cropped-logo-bellunopress-.jpg","contentUrl":"https:\/\/www.bellunopress.it\/wp-content\/uploads\/2011\/05\/cropped-logo-bellunopress-.jpg","width":512,"height":512,"caption":"Bellunopress"},"image":{"@id":"https:\/\/www.bellunopress.it\/#\/schema\/logo\/image\/"},"sameAs":["https:\/\/www.facebook.com\/profile.php?id=100008943462799","https:\/\/x.com\/bellunopress","https:\/\/www.linkedin.com\/hp\/?dnr=JBzUWaJfMUw8vbXJJ2tVW5-I3jZKvC4wsoxE&amp;amp;amp;amp;amp;amp;trk=nav_responsive_tab_home","https:\/\/www.youtube.com\/channel\/UCxL0wu1uN0_3_7hGG0306cw"]},{"@type":"Person","@id":"https:\/\/www.bellunopress.it\/#\/schema\/person\/79bb06722b37ece1c03d3e94beb30d73","name":"r\u00e9daction","image":{"@type":"ImageObject","inLanguage":"fr-FR","@id":"https:\/\/secure.gravatar.com\/avatar\/37d968a2e67a6fd04c169c4bdef102d0bc5d31b2546345219e348575eb80e9a0?s=96&d=mm&r=g","url":"https:\/\/secure.gravatar.com\/avatar\/37d968a2e67a6fd04c169c4bdef102d0bc5d31b2546345219e348575eb80e9a0?s=96&d=mm&r=g","contentUrl":"https:\/\/secure.gravatar.com\/avatar\/37d968a2e67a6fd04c169c4bdef102d0bc5d31b2546345219e348575eb80e9a0?s=96&d=mm&r=g","caption":"redazione"},"sameAs":["http:\/\/www.bellunopress.it","https:\/\/x.com\/bellunopress"],"url":"https:\/\/www.bellunopress.it\/fr\/author\/redazione\/"}]}},"_links":{"self":[{"href":"https:\/\/www.bellunopress.it\/fr\/wp-json\/wp\/v2\/posts\/33377","targetHints":{"allow":["GET"]}}],"collection":[{"href":"https:\/\/www.bellunopress.it\/fr\/wp-json\/wp\/v2\/posts"}],"about":[{"href":"https:\/\/www.bellunopress.it\/fr\/wp-json\/wp\/v2\/types\/post"}],"author":[{"embeddable":true,"href":"https:\/\/www.bellunopress.it\/fr\/wp-json\/wp\/v2\/users\/2"}],"replies":[{"embeddable":true,"href":"https:\/\/www.bellunopress.it\/fr\/wp-json\/wp\/v2\/comments?post=33377"}],"version-history":[{"count":2,"href":"https:\/\/www.bellunopress.it\/fr\/wp-json\/wp\/v2\/posts\/33377\/revisions"}],"predecessor-version":[{"id":33380,"href":"https:\/\/www.bellunopress.it\/fr\/wp-json\/wp\/v2\/posts\/33377\/revisions\/33380"}],"wp:attachment":[{"href":"https:\/\/www.bellunopress.it\/fr\/wp-json\/wp\/v2\/media?parent=33377"}],"wp:term":[{"taxonomy":"category","embeddable":true,"href":"https:\/\/www.bellunopress.it\/fr\/wp-json\/wp\/v2\/categories?post=33377"},{"taxonomy":"post_tag","embeddable":true,"href":"https:\/\/www.bellunopress.it\/fr\/wp-json\/wp\/v2\/tags?post=33377"}],"curies":[{"name":"wp","href":"https:\/\/api.w.org\/{rel}","templated":true}]}}