{"id":33368,"date":"2011-12-17T05:05:45","date_gmt":"2011-12-17T04:05:45","guid":{"rendered":"http:\/\/www.bellunopress.it\/?p=33368"},"modified":"2011-12-15T22:08:00","modified_gmt":"2011-12-15T21:08:00","slug":"domenica-alle-17-si-accende-la-stella-cometa-sotto-il-ponte-della-vittoria-con-esibizione-dellassociazione-danza-agordina","status":"publish","type":"post","link":"https:\/\/www.bellunopress.it\/fr\/2011\/12\/17\/domenica-alle-17-si-accende-la-stella-cometa-sotto-il-ponte-della-vittoria-con-esibizione-dellassociazione-danza-agordina\/","title":{"rendered":"Domenica alle 17 si accende la stella cometa sotto il Ponte della Vittoria, con esibizione dell&#8217;Associazione danza agordina"},"content":{"rendered":"<p>Anche quest&#8217;anno sotto il Ponte della Vittoria si accender\u00e0 la stella cometa ad accogliere le festivit\u00e0 natalizie. Come sempre, l&#8217;iniziativa sar\u00e0 a cura del Club Subacqueo Belluno i cui associati si immergeranno nelle acque del Piave, punteggiandole di lumini galleggianti. La suggestiva cerimonia sar\u00e0 seguita da un&#8217;esibizione di ballo dell&#8217;Associazione Danza Agordina sul Ponte della Vittoria.<\/p>\n<figure id=\"attachment_765\" aria-describedby=\"caption-attachment-765\" style=\"width: 270px\" class=\"wp-caption alignleft\"><a href=\"http:\/\/www.bellunopress.it\/wp-content\/uploads\/2009\/02\/piave-ponte-vittoria-270x178.jpg\"><img loading=\"lazy\" decoding=\"async\" class=\"size-full wp-image-765\" title=\"piave-ponte-vittoria-270x178\" src=\"http:\/\/www.bellunopress.it\/wp-content\/uploads\/2009\/02\/piave-ponte-vittoria-270x178.jpg\" alt=\"\" width=\"270\" height=\"180\" \/><\/a><figcaption id=\"caption-attachment-765\" class=\"wp-caption-text\">Il fiume Piave e il Ponte della Vittoria<\/figcaption><\/figure>\n<p>La cittadinanza \u00e8 invitata a partecipare.<\/p>\n<p>Per consentire la manifestazione, sar\u00e0 istituito il divieto di circolazione sul Ponte della Vittoria, dalle ore 17.00 alle ore 18.00 di domenica 18 dicembre. I veicoli provenienti da via M. Miari o via Monte Grappa e diretti in centro citt\u00e0 potranno raggiungere il centro attraverso il Ponte Dolomiti o il ponte Bailey.<\/p>","protected":false},"excerpt":{"rendered":"<p>Anche quest&#8217;anno sotto il Ponte della Vittoria si accender\u00e0 la stella cometa ad accogliere le festivit\u00e0 natalizie. Come sempre, l&#8217;iniziativa sar\u00e0 a cura del Club Subacqueo Belluno i cui associati si immergeranno nelle acque del Piave, punteggiandole di lumini galleggianti. La suggestiva cerimonia sar\u00e0 seguita da un&#8217;esibizione di ballo dell&#8217;Associazione Danza Agordina sul Ponte della [&hellip;]<\/p>\n","protected":false},"author":2,"featured_media":0,"comment_status":"closed","ping_status":"open","sticky":false,"template":"","format":"standard","meta":{"footnotes":""},"categories":[27,25],"tags":[],"class_list":["post-33368","post","type-post","status-publish","format-standard","category-appuntamenti","category-pausa-caffe"],"yoast_head":"<!-- This site is optimized with the Yoast SEO plugin v28.4 - https:\/\/yoast.com\/product\/yoast-seo-wordpress\/ -->\n<title>Domenica alle 17 si accende la stella cometa sotto il Ponte della Vittoria, con esibizione dell&#039;Associazione danza agordina - Bellunopress - Dolomiti<\/title>\n<meta name=\"robots\" content=\"index, follow, max-snippet:-1, max-image-preview:large, max-video-preview:-1\" \/>\n<link rel=\"canonical\" href=\"https:\/\/www.bellunopress.it\/fr\/2011\/12\/17\/domenica-alle-17-si-accende-la-stella-cometa-sotto-il-ponte-della-vittoria-con-esibizione-dellassociazione-danza-agordina\/\" \/>\n<meta property=\"og:locale\" content=\"fr_FR\" \/>\n<meta property=\"og:type\" content=\"article\" \/>\n<meta property=\"og:title\" content=\"Domenica alle 17 si accende la stella cometa sotto il Ponte della Vittoria, con esibizione dell&#039;Associazione danza agordina - Bellunopress - Dolomiti\" \/>\n<meta property=\"og:description\" content=\"Anche quest&#8217;anno sotto il Ponte della Vittoria si accender\u00e0 la stella cometa ad accogliere le festivit\u00e0 natalizie. Come sempre, l&#8217;iniziativa sar\u00e0 a cura del Club Subacqueo Belluno i cui associati si immergeranno nelle acque del Piave, punteggiandole di lumini galleggianti. La suggestiva cerimonia sar\u00e0 seguita da un&#8217;esibizione di ballo dell&#8217;Associazione Danza Agordina sul Ponte della [&hellip;]\" \/>\n<meta property=\"og:url\" content=\"https:\/\/www.bellunopress.it\/fr\/2011\/12\/17\/domenica-alle-17-si-accende-la-stella-cometa-sotto-il-ponte-della-vittoria-con-esibizione-dellassociazione-danza-agordina\/\" \/>\n<meta property=\"og:site_name\" content=\"Bellunopress - Dolomiti\" \/>\n<meta property=\"article:publisher\" content=\"https:\/\/www.facebook.com\/profile.php?id=100008943462799\" \/>\n<meta property=\"article:published_time\" content=\"2011-12-17T04:05:45+00:00\" \/>\n<meta property=\"og:image\" content=\"http:\/\/www.bellunopress.it\/wp-content\/uploads\/2009\/02\/piave-ponte-vittoria-270x178.jpg\" \/>\n<meta name=\"author\" content=\"redazione\" \/>\n<meta name=\"twitter:card\" content=\"summary_large_image\" \/>\n<meta name=\"twitter:creator\" content=\"@bellunopress\" \/>\n<meta name=\"twitter:site\" content=\"@bellunopress\" \/>\n<meta name=\"twitter:label1\" content=\"\u00c9crit par\" \/>\n\t<meta name=\"twitter:data1\" content=\"redazione\" \/>\n\t<meta name=\"twitter:label2\" content=\"Dur\u00e9e de lecture estim\u00e9e\" \/>\n\t<meta name=\"twitter:data2\" content=\"1 minute\" \/>\n<script type=\"application\/ld+json\" class=\"yoast-schema-graph\">{\"@context\":\"https:\\\/\\\/schema.org\",\"@graph\":[{\"@type\":\"Article\",\"@id\":\"https:\\\/\\\/www.bellunopress.it\\\/2011\\\/12\\\/17\\\/domenica-alle-17-si-accende-la-stella-cometa-sotto-il-ponte-della-vittoria-con-esibizione-dellassociazione-danza-agordina\\\/#article\",\"isPartOf\":{\"@id\":\"https:\\\/\\\/www.bellunopress.it\\\/2011\\\/12\\\/17\\\/domenica-alle-17-si-accende-la-stella-cometa-sotto-il-ponte-della-vittoria-con-esibizione-dellassociazione-danza-agordina\\\/\"},\"author\":{\"name\":\"redazione\",\"@id\":\"https:\\\/\\\/www.bellunopress.it\\\/#\\\/schema\\\/person\\\/79bb06722b37ece1c03d3e94beb30d73\"},\"headline\":\"Domenica alle 17 si accende la stella cometa sotto il Ponte della Vittoria, con esibizione dell&#8217;Associazione danza agordina\",\"datePublished\":\"2011-12-17T04:05:45+00:00\",\"mainEntityOfPage\":{\"@id\":\"https:\\\/\\\/www.bellunopress.it\\\/2011\\\/12\\\/17\\\/domenica-alle-17-si-accende-la-stella-cometa-sotto-il-ponte-della-vittoria-con-esibizione-dellassociazione-danza-agordina\\\/\"},\"wordCount\":148,\"publisher\":{\"@id\":\"https:\\\/\\\/www.bellunopress.it\\\/#organization\"},\"image\":{\"@id\":\"https:\\\/\\\/www.bellunopress.it\\\/2011\\\/12\\\/17\\\/domenica-alle-17-si-accende-la-stella-cometa-sotto-il-ponte-della-vittoria-con-esibizione-dellassociazione-danza-agordina\\\/#primaryimage\"},\"thumbnailUrl\":\"http:\\\/\\\/www.bellunopress.it\\\/wp-content\\\/uploads\\\/2009\\\/02\\\/piave-ponte-vittoria-270x178.jpg\",\"articleSection\":[\"Appuntamenti, Eventi\",\"Pausa Caff\u00e8\"],\"inLanguage\":\"fr-FR\"},{\"@type\":\"WebPage\",\"@id\":\"https:\\\/\\\/www.bellunopress.it\\\/2011\\\/12\\\/17\\\/domenica-alle-17-si-accende-la-stella-cometa-sotto-il-ponte-della-vittoria-con-esibizione-dellassociazione-danza-agordina\\\/\",\"url\":\"https:\\\/\\\/www.bellunopress.it\\\/2011\\\/12\\\/17\\\/domenica-alle-17-si-accende-la-stella-cometa-sotto-il-ponte-della-vittoria-con-esibizione-dellassociazione-danza-agordina\\\/\",\"name\":\"Domenica alle 17 si accende la stella cometa sotto il Ponte della Vittoria, con esibizione dell'Associazione danza agordina - Bellunopress - Dolomiti\",\"isPartOf\":{\"@id\":\"https:\\\/\\\/www.bellunopress.it\\\/#website\"},\"primaryImageOfPage\":{\"@id\":\"https:\\\/\\\/www.bellunopress.it\\\/2011\\\/12\\\/17\\\/domenica-alle-17-si-accende-la-stella-cometa-sotto-il-ponte-della-vittoria-con-esibizione-dellassociazione-danza-agordina\\\/#primaryimage\"},\"image\":{\"@id\":\"https:\\\/\\\/www.bellunopress.it\\\/2011\\\/12\\\/17\\\/domenica-alle-17-si-accende-la-stella-cometa-sotto-il-ponte-della-vittoria-con-esibizione-dellassociazione-danza-agordina\\\/#primaryimage\"},\"thumbnailUrl\":\"http:\\\/\\\/www.bellunopress.it\\\/wp-content\\\/uploads\\\/2009\\\/02\\\/piave-ponte-vittoria-270x178.jpg\",\"datePublished\":\"2011-12-17T04:05:45+00:00\",\"breadcrumb\":{\"@id\":\"https:\\\/\\\/www.bellunopress.it\\\/2011\\\/12\\\/17\\\/domenica-alle-17-si-accende-la-stella-cometa-sotto-il-ponte-della-vittoria-con-esibizione-dellassociazione-danza-agordina\\\/#breadcrumb\"},\"inLanguage\":\"fr-FR\",\"potentialAction\":[{\"@type\":\"ReadAction\",\"target\":[\"https:\\\/\\\/www.bellunopress.it\\\/2011\\\/12\\\/17\\\/domenica-alle-17-si-accende-la-stella-cometa-sotto-il-ponte-della-vittoria-con-esibizione-dellassociazione-danza-agordina\\\/\"]}]},{\"@type\":\"ImageObject\",\"inLanguage\":\"fr-FR\",\"@id\":\"https:\\\/\\\/www.bellunopress.it\\\/2011\\\/12\\\/17\\\/domenica-alle-17-si-accende-la-stella-cometa-sotto-il-ponte-della-vittoria-con-esibizione-dellassociazione-danza-agordina\\\/#primaryimage\",\"url\":\"http:\\\/\\\/www.bellunopress.it\\\/wp-content\\\/uploads\\\/2009\\\/02\\\/piave-ponte-vittoria-270x178.jpg\",\"contentUrl\":\"http:\\\/\\\/www.bellunopress.it\\\/wp-content\\\/uploads\\\/2009\\\/02\\\/piave-ponte-vittoria-270x178.jpg\"},{\"@type\":\"BreadcrumbList\",\"@id\":\"https:\\\/\\\/www.bellunopress.it\\\/2011\\\/12\\\/17\\\/domenica-alle-17-si-accende-la-stella-cometa-sotto-il-ponte-della-vittoria-con-esibizione-dellassociazione-danza-agordina\\\/#breadcrumb\",\"itemListElement\":[{\"@type\":\"ListItem\",\"position\":1,\"name\":\"Home\",\"item\":\"https:\\\/\\\/www.bellunopress.it\\\/\"},{\"@type\":\"ListItem\",\"position\":2,\"name\":\"Domenica alle 17 si accende la stella cometa sotto il Ponte della Vittoria, con esibizione dell&#8217;Associazione danza agordina\"}]},{\"@type\":\"WebSite\",\"@id\":\"https:\\\/\\\/www.bellunopress.it\\\/#website\",\"url\":\"https:\\\/\\\/www.bellunopress.it\\\/\",\"name\":\"Bellunopress - Dolomiti\",\"description\":\"e-mail: redazione@bellunopress.it\",\"publisher\":{\"@id\":\"https:\\\/\\\/www.bellunopress.it\\\/#organization\"},\"potentialAction\":[{\"@type\":\"SearchAction\",\"target\":{\"@type\":\"EntryPoint\",\"urlTemplate\":\"https:\\\/\\\/www.bellunopress.it\\\/?s={search_term_string}\"},\"query-input\":{\"@type\":\"PropertyValueSpecification\",\"valueRequired\":true,\"valueName\":\"search_term_string\"}}],\"inLanguage\":\"fr-FR\"},{\"@type\":\"Organization\",\"@id\":\"https:\\\/\\\/www.bellunopress.it\\\/#organization\",\"name\":\"Bellunopress\",\"url\":\"https:\\\/\\\/www.bellunopress.it\\\/\",\"logo\":{\"@type\":\"ImageObject\",\"inLanguage\":\"fr-FR\",\"@id\":\"https:\\\/\\\/www.bellunopress.it\\\/#\\\/schema\\\/logo\\\/image\\\/\",\"url\":\"https:\\\/\\\/www.bellunopress.it\\\/wp-content\\\/uploads\\\/2011\\\/05\\\/cropped-logo-bellunopress-.jpg\",\"contentUrl\":\"https:\\\/\\\/www.bellunopress.it\\\/wp-content\\\/uploads\\\/2011\\\/05\\\/cropped-logo-bellunopress-.jpg\",\"width\":512,\"height\":512,\"caption\":\"Bellunopress\"},\"image\":{\"@id\":\"https:\\\/\\\/www.bellunopress.it\\\/#\\\/schema\\\/logo\\\/image\\\/\"},\"sameAs\":[\"https:\\\/\\\/www.facebook.com\\\/profile.php?id=100008943462799\",\"https:\\\/\\\/x.com\\\/bellunopress\",\"https:\\\/\\\/www.linkedin.com\\\/hp\\\/?dnr=JBzUWaJfMUw8vbXJJ2tVW5-I3jZKvC4wsoxE&amp;amp;amp;amp;amp;amp;trk=nav_responsive_tab_home\",\"https:\\\/\\\/www.youtube.com\\\/channel\\\/UCxL0wu1uN0_3_7hGG0306cw\"]},{\"@type\":\"Person\",\"@id\":\"https:\\\/\\\/www.bellunopress.it\\\/#\\\/schema\\\/person\\\/79bb06722b37ece1c03d3e94beb30d73\",\"name\":\"redazione\",\"image\":{\"@type\":\"ImageObject\",\"inLanguage\":\"fr-FR\",\"@id\":\"https:\\\/\\\/secure.gravatar.com\\\/avatar\\\/37d968a2e67a6fd04c169c4bdef102d0bc5d31b2546345219e348575eb80e9a0?s=96&d=mm&r=g\",\"url\":\"https:\\\/\\\/secure.gravatar.com\\\/avatar\\\/37d968a2e67a6fd04c169c4bdef102d0bc5d31b2546345219e348575eb80e9a0?s=96&d=mm&r=g\",\"contentUrl\":\"https:\\\/\\\/secure.gravatar.com\\\/avatar\\\/37d968a2e67a6fd04c169c4bdef102d0bc5d31b2546345219e348575eb80e9a0?s=96&d=mm&r=g\",\"caption\":\"redazione\"},\"sameAs\":[\"http:\\\/\\\/www.bellunopress.it\",\"https:\\\/\\\/x.com\\\/bellunopress\"],\"url\":\"https:\\\/\\\/www.bellunopress.it\\\/fr\\\/author\\\/redazione\\\/\"}]}<\/script>\n<!-- \/ Yoast SEO plugin. -->","yoast_head_json":{"title":"Domenica alle 17 si accende la stella cometa sotto il Ponte della Vittoria, con esibizione dell'Associazione danza agordina - Bellunopress - Dolomiti","robots":{"index":"index","follow":"follow","max-snippet":"max-snippet:-1","max-image-preview":"max-image-preview:large","max-video-preview":"max-video-preview:-1"},"canonical":"https:\/\/www.bellunopress.it\/fr\/2011\/12\/17\/domenica-alle-17-si-accende-la-stella-cometa-sotto-il-ponte-della-vittoria-con-esibizione-dellassociazione-danza-agordina\/","og_locale":"fr_FR","og_type":"article","og_title":"Domenica alle 17 si accende la stella cometa sotto il Ponte della Vittoria, con esibizione dell'Associazione danza agordina - Bellunopress - Dolomiti","og_description":"Anche quest&#8217;anno sotto il Ponte della Vittoria si accender\u00e0 la stella cometa ad accogliere le festivit\u00e0 natalizie. Come sempre, l&#8217;iniziativa sar\u00e0 a cura del Club Subacqueo Belluno i cui associati si immergeranno nelle acque del Piave, punteggiandole di lumini galleggianti. La suggestiva cerimonia sar\u00e0 seguita da un&#8217;esibizione di ballo dell&#8217;Associazione Danza Agordina sul Ponte della [&hellip;]","og_url":"https:\/\/www.bellunopress.it\/fr\/2011\/12\/17\/domenica-alle-17-si-accende-la-stella-cometa-sotto-il-ponte-della-vittoria-con-esibizione-dellassociazione-danza-agordina\/","og_site_name":"Bellunopress - Dolomiti","article_publisher":"https:\/\/www.facebook.com\/profile.php?id=100008943462799","article_published_time":"2011-12-17T04:05:45+00:00","og_image":[{"url":"http:\/\/www.bellunopress.it\/wp-content\/uploads\/2009\/02\/piave-ponte-vittoria-270x178.jpg","type":"","width":"","height":""}],"author":"redazione","twitter_card":"summary_large_image","twitter_creator":"@bellunopress","twitter_site":"@bellunopress","twitter_misc":{"\u00c9crit par":"redazione","Dur\u00e9e de lecture estim\u00e9e":"1 minute"},"schema":{"@context":"https:\/\/schema.org","@graph":[{"@type":"Article","@id":"https:\/\/www.bellunopress.it\/2011\/12\/17\/domenica-alle-17-si-accende-la-stella-cometa-sotto-il-ponte-della-vittoria-con-esibizione-dellassociazione-danza-agordina\/#article","isPartOf":{"@id":"https:\/\/www.bellunopress.it\/2011\/12\/17\/domenica-alle-17-si-accende-la-stella-cometa-sotto-il-ponte-della-vittoria-con-esibizione-dellassociazione-danza-agordina\/"},"author":{"name":"redazione","@id":"https:\/\/www.bellunopress.it\/#\/schema\/person\/79bb06722b37ece1c03d3e94beb30d73"},"headline":"Domenica alle 17 si accende la stella cometa sotto il Ponte della Vittoria, con esibizione dell&#8217;Associazione danza agordina","datePublished":"2011-12-17T04:05:45+00:00","mainEntityOfPage":{"@id":"https:\/\/www.bellunopress.it\/2011\/12\/17\/domenica-alle-17-si-accende-la-stella-cometa-sotto-il-ponte-della-vittoria-con-esibizione-dellassociazione-danza-agordina\/"},"wordCount":148,"publisher":{"@id":"https:\/\/www.bellunopress.it\/#organization"},"image":{"@id":"https:\/\/www.bellunopress.it\/2011\/12\/17\/domenica-alle-17-si-accende-la-stella-cometa-sotto-il-ponte-della-vittoria-con-esibizione-dellassociazione-danza-agordina\/#primaryimage"},"thumbnailUrl":"http:\/\/www.bellunopress.it\/wp-content\/uploads\/2009\/02\/piave-ponte-vittoria-270x178.jpg","articleSection":["Appuntamenti, Eventi","Pausa Caff\u00e8"],"inLanguage":"fr-FR"},{"@type":"WebPage","@id":"https:\/\/www.bellunopress.it\/2011\/12\/17\/domenica-alle-17-si-accende-la-stella-cometa-sotto-il-ponte-della-vittoria-con-esibizione-dellassociazione-danza-agordina\/","url":"https:\/\/www.bellunopress.it\/2011\/12\/17\/domenica-alle-17-si-accende-la-stella-cometa-sotto-il-ponte-della-vittoria-con-esibizione-dellassociazione-danza-agordina\/","name":"Domenica alle 17 si accende la stella cometa sotto il Ponte della Vittoria, con esibizione dell'Associazione danza agordina - Bellunopress - Dolomiti","isPartOf":{"@id":"https:\/\/www.bellunopress.it\/#website"},"primaryImageOfPage":{"@id":"https:\/\/www.bellunopress.it\/2011\/12\/17\/domenica-alle-17-si-accende-la-stella-cometa-sotto-il-ponte-della-vittoria-con-esibizione-dellassociazione-danza-agordina\/#primaryimage"},"image":{"@id":"https:\/\/www.bellunopress.it\/2011\/12\/17\/domenica-alle-17-si-accende-la-stella-cometa-sotto-il-ponte-della-vittoria-con-esibizione-dellassociazione-danza-agordina\/#primaryimage"},"thumbnailUrl":"http:\/\/www.bellunopress.it\/wp-content\/uploads\/2009\/02\/piave-ponte-vittoria-270x178.jpg","datePublished":"2011-12-17T04:05:45+00:00","breadcrumb":{"@id":"https:\/\/www.bellunopress.it\/2011\/12\/17\/domenica-alle-17-si-accende-la-stella-cometa-sotto-il-ponte-della-vittoria-con-esibizione-dellassociazione-danza-agordina\/#breadcrumb"},"inLanguage":"fr-FR","potentialAction":[{"@type":"ReadAction","target":["https:\/\/www.bellunopress.it\/2011\/12\/17\/domenica-alle-17-si-accende-la-stella-cometa-sotto-il-ponte-della-vittoria-con-esibizione-dellassociazione-danza-agordina\/"]}]},{"@type":"ImageObject","inLanguage":"fr-FR","@id":"https:\/\/www.bellunopress.it\/2011\/12\/17\/domenica-alle-17-si-accende-la-stella-cometa-sotto-il-ponte-della-vittoria-con-esibizione-dellassociazione-danza-agordina\/#primaryimage","url":"http:\/\/www.bellunopress.it\/wp-content\/uploads\/2009\/02\/piave-ponte-vittoria-270x178.jpg","contentUrl":"http:\/\/www.bellunopress.it\/wp-content\/uploads\/2009\/02\/piave-ponte-vittoria-270x178.jpg"},{"@type":"BreadcrumbList","@id":"https:\/\/www.bellunopress.it\/2011\/12\/17\/domenica-alle-17-si-accende-la-stella-cometa-sotto-il-ponte-della-vittoria-con-esibizione-dellassociazione-danza-agordina\/#breadcrumb","itemListElement":[{"@type":"ListItem","position":1,"name":"Home","item":"https:\/\/www.bellunopress.it\/"},{"@type":"ListItem","position":2,"name":"Domenica alle 17 si accende la stella cometa sotto il Ponte della Vittoria, con esibizione dell&#8217;Associazione danza agordina"}]},{"@type":"WebSite","@id":"https:\/\/www.bellunopress.it\/#website","url":"https:\/\/www.bellunopress.it\/","name":"Bellunopress - Dolomiti","description":"e-mail: redazione@bellunopress.it","publisher":{"@id":"https:\/\/www.bellunopress.it\/#organization"},"potentialAction":[{"@type":"SearchAction","target":{"@type":"EntryPoint","urlTemplate":"https:\/\/www.bellunopress.it\/?s={search_term_string}"},"query-input":{"@type":"PropertyValueSpecification","valueRequired":true,"valueName":"search_term_string"}}],"inLanguage":"fr-FR"},{"@type":"Organization","@id":"https:\/\/www.bellunopress.it\/#organization","name":"Bellunopress","url":"https:\/\/www.bellunopress.it\/","logo":{"@type":"ImageObject","inLanguage":"fr-FR","@id":"https:\/\/www.bellunopress.it\/#\/schema\/logo\/image\/","url":"https:\/\/www.bellunopress.it\/wp-content\/uploads\/2011\/05\/cropped-logo-bellunopress-.jpg","contentUrl":"https:\/\/www.bellunopress.it\/wp-content\/uploads\/2011\/05\/cropped-logo-bellunopress-.jpg","width":512,"height":512,"caption":"Bellunopress"},"image":{"@id":"https:\/\/www.bellunopress.it\/#\/schema\/logo\/image\/"},"sameAs":["https:\/\/www.facebook.com\/profile.php?id=100008943462799","https:\/\/x.com\/bellunopress","https:\/\/www.linkedin.com\/hp\/?dnr=JBzUWaJfMUw8vbXJJ2tVW5-I3jZKvC4wsoxE&amp;amp;amp;amp;amp;amp;trk=nav_responsive_tab_home","https:\/\/www.youtube.com\/channel\/UCxL0wu1uN0_3_7hGG0306cw"]},{"@type":"Person","@id":"https:\/\/www.bellunopress.it\/#\/schema\/person\/79bb06722b37ece1c03d3e94beb30d73","name":"r\u00e9daction","image":{"@type":"ImageObject","inLanguage":"fr-FR","@id":"https:\/\/secure.gravatar.com\/avatar\/37d968a2e67a6fd04c169c4bdef102d0bc5d31b2546345219e348575eb80e9a0?s=96&d=mm&r=g","url":"https:\/\/secure.gravatar.com\/avatar\/37d968a2e67a6fd04c169c4bdef102d0bc5d31b2546345219e348575eb80e9a0?s=96&d=mm&r=g","contentUrl":"https:\/\/secure.gravatar.com\/avatar\/37d968a2e67a6fd04c169c4bdef102d0bc5d31b2546345219e348575eb80e9a0?s=96&d=mm&r=g","caption":"redazione"},"sameAs":["http:\/\/www.bellunopress.it","https:\/\/x.com\/bellunopress"],"url":"https:\/\/www.bellunopress.it\/fr\/author\/redazione\/"}]}},"_links":{"self":[{"href":"https:\/\/www.bellunopress.it\/fr\/wp-json\/wp\/v2\/posts\/33368","targetHints":{"allow":["GET"]}}],"collection":[{"href":"https:\/\/www.bellunopress.it\/fr\/wp-json\/wp\/v2\/posts"}],"about":[{"href":"https:\/\/www.bellunopress.it\/fr\/wp-json\/wp\/v2\/types\/post"}],"author":[{"embeddable":true,"href":"https:\/\/www.bellunopress.it\/fr\/wp-json\/wp\/v2\/users\/2"}],"replies":[{"embeddable":true,"href":"https:\/\/www.bellunopress.it\/fr\/wp-json\/wp\/v2\/comments?post=33368"}],"version-history":[{"count":1,"href":"https:\/\/www.bellunopress.it\/fr\/wp-json\/wp\/v2\/posts\/33368\/revisions"}],"predecessor-version":[{"id":33369,"href":"https:\/\/www.bellunopress.it\/fr\/wp-json\/wp\/v2\/posts\/33368\/revisions\/33369"}],"wp:attachment":[{"href":"https:\/\/www.bellunopress.it\/fr\/wp-json\/wp\/v2\/media?parent=33368"}],"wp:term":[{"taxonomy":"category","embeddable":true,"href":"https:\/\/www.bellunopress.it\/fr\/wp-json\/wp\/v2\/categories?post=33368"},{"taxonomy":"post_tag","embeddable":true,"href":"https:\/\/www.bellunopress.it\/fr\/wp-json\/wp\/v2\/tags?post=33368"}],"curies":[{"name":"wp","href":"https:\/\/api.w.org\/{rel}","templated":true}]}}