{"id":33337,"date":"2011-12-14T12:22:19","date_gmt":"2011-12-14T11:22:19","guid":{"rendered":"http:\/\/www.bellunopress.it\/?p=33337"},"modified":"2011-12-14T22:24:16","modified_gmt":"2011-12-14T21:24:16","slug":"padrin-e-bond-incontrano-gli-infermieri-del-veneto-ruolo-cruciale-nel-nuovo-piano-socio-sanitario","status":"publish","type":"post","link":"https:\/\/www.bellunopress.it\/fr\/2011\/12\/14\/padrin-e-bond-incontrano-gli-infermieri-del-veneto-ruolo-cruciale-nel-nuovo-piano-socio-sanitario\/","title":{"rendered":"Padrin e Bond incontrano gli infermieri del Veneto: \u201cRuolo cruciale nel nuovo Piano socio-sanitario\u201d"},"content":{"rendered":"<figure id=\"attachment_15529\" aria-describedby=\"caption-attachment-15529\" style=\"width: 130px\" class=\"wp-caption alignleft\"><a href=\"http:\/\/www.bellunopress.it\/wp-content\/uploads\/2010\/05\/bond-leggeriss.jpg\"><img loading=\"lazy\" decoding=\"async\" class=\"size-full wp-image-15529\" title=\"bond-leggeriss\" src=\"http:\/\/www.bellunopress.it\/wp-content\/uploads\/2010\/05\/bond-leggeriss.jpg\" alt=\"\" width=\"130\" height=\"130\" \/><\/a><figcaption id=\"caption-attachment-15529\" class=\"wp-caption-text\">Dario Bond<\/figcaption><\/figure>\n<p>\u201cGli infermieri avranno un ruolo strategico nel futuro piano socio-sanitario del Veneto\u201d.Questa la rassicurazione arrivata oggi pomeriggio dal presidente della Commissione Sanit\u00e0 a Venezia Leonardo Padrin e dal capogruppo del Pdl in Consiglio regionale Dario Bond, che hanno incontrato una delegazione di professionisti composta da Franco Vallicella (presidente del coordinamento dei collegi provinciali del Veneto), Luigino Schiavon (suo vice) e Luigi Pais (tesoriere). La delegazione ha chiesto ai due esponenti del Pdl un maggiore riconoscimento del ruolo professionale degli infermieri nel futuro piano socio-sanitario, attualmente all\u2019attenzione della Quinta Commissione. In Veneto gli infermieri sono circa 33 mila. \u201cIl ruolo dell\u2019infermiere in una regione che invecchia sempre di pi\u00f9 \u00e8 cruciale. Nei prossimi decenni la domanda di assistenza \u00e8 destinata ad aumentare\u201d, hanno spiegato gli operatori durante l\u2019incontro promosso dallo stesso capogruppo Bond. \u201cGli infermieri oggi sono figure professionali di alto profilo. Sono soggetti laureati e dalla forte esperienza sul campo. Riconoscere il loro ruolo significa responsabilizzarli, dando loro la dignit\u00e0 che meritano\u201d, afferma Padrin.<\/p>","protected":false},"excerpt":{"rendered":"<p>\u201cGli infermieri avranno un ruolo strategico nel futuro piano socio-sanitario del Veneto\u201d.Questa la rassicurazione arrivata oggi pomeriggio dal presidente della Commissione Sanit\u00e0 a Venezia Leonardo Padrin e dal capogruppo del Pdl in Consiglio regionale Dario Bond, che hanno incontrato una delegazione di professionisti composta da Franco Vallicella (presidente del coordinamento dei collegi provinciali del Veneto), [&hellip;]<\/p>\n","protected":false},"author":2,"featured_media":0,"comment_status":"closed","ping_status":"open","sticky":false,"template":"","format":"standard","meta":{"footnotes":""},"categories":[5,26],"tags":[],"class_list":["post-33337","post","type-post","status-publish","format-standard","category-cronaca","category-prima-pagina"],"yoast_head":"<!-- This site is optimized with the Yoast SEO plugin v28.4 - https:\/\/yoast.com\/product\/yoast-seo-wordpress\/ -->\n<title>Padrin e Bond incontrano gli infermieri del Veneto: \u201cRuolo cruciale nel nuovo Piano socio-sanitario\u201d - Bellunopress - Dolomiti<\/title>\n<meta name=\"robots\" content=\"index, follow, max-snippet:-1, max-image-preview:large, max-video-preview:-1\" \/>\n<link rel=\"canonical\" href=\"https:\/\/www.bellunopress.it\/fr\/2011\/12\/14\/padrin-e-bond-incontrano-gli-infermieri-del-veneto-ruolo-cruciale-nel-nuovo-piano-socio-sanitario\/\" \/>\n<meta property=\"og:locale\" content=\"fr_FR\" \/>\n<meta property=\"og:type\" content=\"article\" \/>\n<meta property=\"og:title\" content=\"Padrin e Bond incontrano gli infermieri del Veneto: \u201cRuolo cruciale nel nuovo Piano socio-sanitario\u201d - Bellunopress - Dolomiti\" \/>\n<meta property=\"og:description\" content=\"\u201cGli infermieri avranno un ruolo strategico nel futuro piano socio-sanitario del Veneto\u201d.Questa la rassicurazione arrivata oggi pomeriggio dal presidente della Commissione Sanit\u00e0 a Venezia Leonardo Padrin e dal capogruppo del Pdl in Consiglio regionale Dario Bond, che hanno incontrato una delegazione di professionisti composta da Franco Vallicella (presidente del coordinamento dei collegi provinciali del Veneto), [&hellip;]\" \/>\n<meta property=\"og:url\" content=\"https:\/\/www.bellunopress.it\/fr\/2011\/12\/14\/padrin-e-bond-incontrano-gli-infermieri-del-veneto-ruolo-cruciale-nel-nuovo-piano-socio-sanitario\/\" \/>\n<meta property=\"og:site_name\" content=\"Bellunopress - Dolomiti\" \/>\n<meta property=\"article:publisher\" content=\"https:\/\/www.facebook.com\/profile.php?id=100008943462799\" \/>\n<meta property=\"article:published_time\" content=\"2011-12-14T11:22:19+00:00\" \/>\n<meta property=\"article:modified_time\" content=\"2011-12-14T21:24:16+00:00\" \/>\n<meta property=\"og:image\" content=\"http:\/\/www.bellunopress.it\/wp-content\/uploads\/2010\/05\/bond-leggeriss.jpg\" \/>\n<meta name=\"author\" content=\"redazione\" \/>\n<meta name=\"twitter:card\" content=\"summary_large_image\" \/>\n<meta name=\"twitter:creator\" content=\"@bellunopress\" \/>\n<meta name=\"twitter:site\" content=\"@bellunopress\" \/>\n<meta name=\"twitter:label1\" content=\"\u00c9crit par\" \/>\n\t<meta name=\"twitter:data1\" content=\"redazione\" \/>\n\t<meta name=\"twitter:label2\" content=\"Dur\u00e9e de lecture estim\u00e9e\" \/>\n\t<meta name=\"twitter:data2\" content=\"1 minute\" \/>\n<script type=\"application\/ld+json\" class=\"yoast-schema-graph\">{\"@context\":\"https:\\\/\\\/schema.org\",\"@graph\":[{\"@type\":\"Article\",\"@id\":\"https:\\\/\\\/www.bellunopress.it\\\/2011\\\/12\\\/14\\\/padrin-e-bond-incontrano-gli-infermieri-del-veneto-ruolo-cruciale-nel-nuovo-piano-socio-sanitario\\\/#article\",\"isPartOf\":{\"@id\":\"https:\\\/\\\/www.bellunopress.it\\\/2011\\\/12\\\/14\\\/padrin-e-bond-incontrano-gli-infermieri-del-veneto-ruolo-cruciale-nel-nuovo-piano-socio-sanitario\\\/\"},\"author\":{\"name\":\"redazione\",\"@id\":\"https:\\\/\\\/www.bellunopress.it\\\/#\\\/schema\\\/person\\\/79bb06722b37ece1c03d3e94beb30d73\"},\"headline\":\"Padrin e Bond incontrano gli infermieri del Veneto: \u201cRuolo cruciale nel nuovo Piano socio-sanitario\u201d\",\"datePublished\":\"2011-12-14T11:22:19+00:00\",\"dateModified\":\"2011-12-14T21:24:16+00:00\",\"mainEntityOfPage\":{\"@id\":\"https:\\\/\\\/www.bellunopress.it\\\/2011\\\/12\\\/14\\\/padrin-e-bond-incontrano-gli-infermieri-del-veneto-ruolo-cruciale-nel-nuovo-piano-socio-sanitario\\\/\"},\"wordCount\":189,\"publisher\":{\"@id\":\"https:\\\/\\\/www.bellunopress.it\\\/#organization\"},\"image\":{\"@id\":\"https:\\\/\\\/www.bellunopress.it\\\/2011\\\/12\\\/14\\\/padrin-e-bond-incontrano-gli-infermieri-del-veneto-ruolo-cruciale-nel-nuovo-piano-socio-sanitario\\\/#primaryimage\"},\"thumbnailUrl\":\"http:\\\/\\\/www.bellunopress.it\\\/wp-content\\\/uploads\\\/2010\\\/05\\\/bond-leggeriss.jpg\",\"articleSection\":[\"Cronaca\\\/Politica\",\"Prima Pagina\"],\"inLanguage\":\"fr-FR\"},{\"@type\":\"WebPage\",\"@id\":\"https:\\\/\\\/www.bellunopress.it\\\/2011\\\/12\\\/14\\\/padrin-e-bond-incontrano-gli-infermieri-del-veneto-ruolo-cruciale-nel-nuovo-piano-socio-sanitario\\\/\",\"url\":\"https:\\\/\\\/www.bellunopress.it\\\/2011\\\/12\\\/14\\\/padrin-e-bond-incontrano-gli-infermieri-del-veneto-ruolo-cruciale-nel-nuovo-piano-socio-sanitario\\\/\",\"name\":\"Padrin e Bond incontrano gli infermieri del Veneto: \u201cRuolo cruciale nel nuovo Piano socio-sanitario\u201d - Bellunopress - Dolomiti\",\"isPartOf\":{\"@id\":\"https:\\\/\\\/www.bellunopress.it\\\/#website\"},\"primaryImageOfPage\":{\"@id\":\"https:\\\/\\\/www.bellunopress.it\\\/2011\\\/12\\\/14\\\/padrin-e-bond-incontrano-gli-infermieri-del-veneto-ruolo-cruciale-nel-nuovo-piano-socio-sanitario\\\/#primaryimage\"},\"image\":{\"@id\":\"https:\\\/\\\/www.bellunopress.it\\\/2011\\\/12\\\/14\\\/padrin-e-bond-incontrano-gli-infermieri-del-veneto-ruolo-cruciale-nel-nuovo-piano-socio-sanitario\\\/#primaryimage\"},\"thumbnailUrl\":\"http:\\\/\\\/www.bellunopress.it\\\/wp-content\\\/uploads\\\/2010\\\/05\\\/bond-leggeriss.jpg\",\"datePublished\":\"2011-12-14T11:22:19+00:00\",\"dateModified\":\"2011-12-14T21:24:16+00:00\",\"breadcrumb\":{\"@id\":\"https:\\\/\\\/www.bellunopress.it\\\/2011\\\/12\\\/14\\\/padrin-e-bond-incontrano-gli-infermieri-del-veneto-ruolo-cruciale-nel-nuovo-piano-socio-sanitario\\\/#breadcrumb\"},\"inLanguage\":\"fr-FR\",\"potentialAction\":[{\"@type\":\"ReadAction\",\"target\":[\"https:\\\/\\\/www.bellunopress.it\\\/2011\\\/12\\\/14\\\/padrin-e-bond-incontrano-gli-infermieri-del-veneto-ruolo-cruciale-nel-nuovo-piano-socio-sanitario\\\/\"]}]},{\"@type\":\"ImageObject\",\"inLanguage\":\"fr-FR\",\"@id\":\"https:\\\/\\\/www.bellunopress.it\\\/2011\\\/12\\\/14\\\/padrin-e-bond-incontrano-gli-infermieri-del-veneto-ruolo-cruciale-nel-nuovo-piano-socio-sanitario\\\/#primaryimage\",\"url\":\"http:\\\/\\\/www.bellunopress.it\\\/wp-content\\\/uploads\\\/2010\\\/05\\\/bond-leggeriss.jpg\",\"contentUrl\":\"http:\\\/\\\/www.bellunopress.it\\\/wp-content\\\/uploads\\\/2010\\\/05\\\/bond-leggeriss.jpg\"},{\"@type\":\"BreadcrumbList\",\"@id\":\"https:\\\/\\\/www.bellunopress.it\\\/2011\\\/12\\\/14\\\/padrin-e-bond-incontrano-gli-infermieri-del-veneto-ruolo-cruciale-nel-nuovo-piano-socio-sanitario\\\/#breadcrumb\",\"itemListElement\":[{\"@type\":\"ListItem\",\"position\":1,\"name\":\"Home\",\"item\":\"https:\\\/\\\/www.bellunopress.it\\\/\"},{\"@type\":\"ListItem\",\"position\":2,\"name\":\"Padrin e Bond incontrano gli infermieri del Veneto: \u201cRuolo cruciale nel nuovo Piano socio-sanitario\u201d\"}]},{\"@type\":\"WebSite\",\"@id\":\"https:\\\/\\\/www.bellunopress.it\\\/#website\",\"url\":\"https:\\\/\\\/www.bellunopress.it\\\/\",\"name\":\"Bellunopress - Dolomiti\",\"description\":\"e-mail: redazione@bellunopress.it\",\"publisher\":{\"@id\":\"https:\\\/\\\/www.bellunopress.it\\\/#organization\"},\"potentialAction\":[{\"@type\":\"SearchAction\",\"target\":{\"@type\":\"EntryPoint\",\"urlTemplate\":\"https:\\\/\\\/www.bellunopress.it\\\/?s={search_term_string}\"},\"query-input\":{\"@type\":\"PropertyValueSpecification\",\"valueRequired\":true,\"valueName\":\"search_term_string\"}}],\"inLanguage\":\"fr-FR\"},{\"@type\":\"Organization\",\"@id\":\"https:\\\/\\\/www.bellunopress.it\\\/#organization\",\"name\":\"Bellunopress\",\"url\":\"https:\\\/\\\/www.bellunopress.it\\\/\",\"logo\":{\"@type\":\"ImageObject\",\"inLanguage\":\"fr-FR\",\"@id\":\"https:\\\/\\\/www.bellunopress.it\\\/#\\\/schema\\\/logo\\\/image\\\/\",\"url\":\"https:\\\/\\\/www.bellunopress.it\\\/wp-content\\\/uploads\\\/2011\\\/05\\\/cropped-logo-bellunopress-.jpg\",\"contentUrl\":\"https:\\\/\\\/www.bellunopress.it\\\/wp-content\\\/uploads\\\/2011\\\/05\\\/cropped-logo-bellunopress-.jpg\",\"width\":512,\"height\":512,\"caption\":\"Bellunopress\"},\"image\":{\"@id\":\"https:\\\/\\\/www.bellunopress.it\\\/#\\\/schema\\\/logo\\\/image\\\/\"},\"sameAs\":[\"https:\\\/\\\/www.facebook.com\\\/profile.php?id=100008943462799\",\"https:\\\/\\\/x.com\\\/bellunopress\",\"https:\\\/\\\/www.linkedin.com\\\/hp\\\/?dnr=JBzUWaJfMUw8vbXJJ2tVW5-I3jZKvC4wsoxE&amp;amp;amp;amp;amp;amp;trk=nav_responsive_tab_home\",\"https:\\\/\\\/www.youtube.com\\\/channel\\\/UCxL0wu1uN0_3_7hGG0306cw\"]},{\"@type\":\"Person\",\"@id\":\"https:\\\/\\\/www.bellunopress.it\\\/#\\\/schema\\\/person\\\/79bb06722b37ece1c03d3e94beb30d73\",\"name\":\"redazione\",\"image\":{\"@type\":\"ImageObject\",\"inLanguage\":\"fr-FR\",\"@id\":\"https:\\\/\\\/secure.gravatar.com\\\/avatar\\\/37d968a2e67a6fd04c169c4bdef102d0bc5d31b2546345219e348575eb80e9a0?s=96&d=mm&r=g\",\"url\":\"https:\\\/\\\/secure.gravatar.com\\\/avatar\\\/37d968a2e67a6fd04c169c4bdef102d0bc5d31b2546345219e348575eb80e9a0?s=96&d=mm&r=g\",\"contentUrl\":\"https:\\\/\\\/secure.gravatar.com\\\/avatar\\\/37d968a2e67a6fd04c169c4bdef102d0bc5d31b2546345219e348575eb80e9a0?s=96&d=mm&r=g\",\"caption\":\"redazione\"},\"sameAs\":[\"http:\\\/\\\/www.bellunopress.it\",\"https:\\\/\\\/x.com\\\/bellunopress\"],\"url\":\"https:\\\/\\\/www.bellunopress.it\\\/fr\\\/author\\\/redazione\\\/\"}]}<\/script>\n<!-- \/ Yoast SEO plugin. -->","yoast_head_json":{"title":"Padrin e Bond incontrano gli infermieri del Veneto: \u201cRuolo cruciale nel nuovo Piano socio-sanitario\u201d - Bellunopress - Dolomiti","robots":{"index":"index","follow":"follow","max-snippet":"max-snippet:-1","max-image-preview":"max-image-preview:large","max-video-preview":"max-video-preview:-1"},"canonical":"https:\/\/www.bellunopress.it\/fr\/2011\/12\/14\/padrin-e-bond-incontrano-gli-infermieri-del-veneto-ruolo-cruciale-nel-nuovo-piano-socio-sanitario\/","og_locale":"fr_FR","og_type":"article","og_title":"Padrin e Bond incontrano gli infermieri del Veneto: \u201cRuolo cruciale nel nuovo Piano socio-sanitario\u201d - Bellunopress - Dolomiti","og_description":"\u201cGli infermieri avranno un ruolo strategico nel futuro piano socio-sanitario del Veneto\u201d.Questa la rassicurazione arrivata oggi pomeriggio dal presidente della Commissione Sanit\u00e0 a Venezia Leonardo Padrin e dal capogruppo del Pdl in Consiglio regionale Dario Bond, che hanno incontrato una delegazione di professionisti composta da Franco Vallicella (presidente del coordinamento dei collegi provinciali del Veneto), [&hellip;]","og_url":"https:\/\/www.bellunopress.it\/fr\/2011\/12\/14\/padrin-e-bond-incontrano-gli-infermieri-del-veneto-ruolo-cruciale-nel-nuovo-piano-socio-sanitario\/","og_site_name":"Bellunopress - Dolomiti","article_publisher":"https:\/\/www.facebook.com\/profile.php?id=100008943462799","article_published_time":"2011-12-14T11:22:19+00:00","article_modified_time":"2011-12-14T21:24:16+00:00","og_image":[{"url":"http:\/\/www.bellunopress.it\/wp-content\/uploads\/2010\/05\/bond-leggeriss.jpg","type":"","width":"","height":""}],"author":"redazione","twitter_card":"summary_large_image","twitter_creator":"@bellunopress","twitter_site":"@bellunopress","twitter_misc":{"\u00c9crit par":"redazione","Dur\u00e9e de lecture estim\u00e9e":"1 minute"},"schema":{"@context":"https:\/\/schema.org","@graph":[{"@type":"Article","@id":"https:\/\/www.bellunopress.it\/2011\/12\/14\/padrin-e-bond-incontrano-gli-infermieri-del-veneto-ruolo-cruciale-nel-nuovo-piano-socio-sanitario\/#article","isPartOf":{"@id":"https:\/\/www.bellunopress.it\/2011\/12\/14\/padrin-e-bond-incontrano-gli-infermieri-del-veneto-ruolo-cruciale-nel-nuovo-piano-socio-sanitario\/"},"author":{"name":"redazione","@id":"https:\/\/www.bellunopress.it\/#\/schema\/person\/79bb06722b37ece1c03d3e94beb30d73"},"headline":"Padrin e Bond incontrano gli infermieri del Veneto: \u201cRuolo cruciale nel nuovo Piano socio-sanitario\u201d","datePublished":"2011-12-14T11:22:19+00:00","dateModified":"2011-12-14T21:24:16+00:00","mainEntityOfPage":{"@id":"https:\/\/www.bellunopress.it\/2011\/12\/14\/padrin-e-bond-incontrano-gli-infermieri-del-veneto-ruolo-cruciale-nel-nuovo-piano-socio-sanitario\/"},"wordCount":189,"publisher":{"@id":"https:\/\/www.bellunopress.it\/#organization"},"image":{"@id":"https:\/\/www.bellunopress.it\/2011\/12\/14\/padrin-e-bond-incontrano-gli-infermieri-del-veneto-ruolo-cruciale-nel-nuovo-piano-socio-sanitario\/#primaryimage"},"thumbnailUrl":"http:\/\/www.bellunopress.it\/wp-content\/uploads\/2010\/05\/bond-leggeriss.jpg","articleSection":["Cronaca\/Politica","Prima Pagina"],"inLanguage":"fr-FR"},{"@type":"WebPage","@id":"https:\/\/www.bellunopress.it\/2011\/12\/14\/padrin-e-bond-incontrano-gli-infermieri-del-veneto-ruolo-cruciale-nel-nuovo-piano-socio-sanitario\/","url":"https:\/\/www.bellunopress.it\/2011\/12\/14\/padrin-e-bond-incontrano-gli-infermieri-del-veneto-ruolo-cruciale-nel-nuovo-piano-socio-sanitario\/","name":"Padrin e Bond incontrano gli infermieri del Veneto: \u201cRuolo cruciale nel nuovo Piano socio-sanitario\u201d - Bellunopress - Dolomiti","isPartOf":{"@id":"https:\/\/www.bellunopress.it\/#website"},"primaryImageOfPage":{"@id":"https:\/\/www.bellunopress.it\/2011\/12\/14\/padrin-e-bond-incontrano-gli-infermieri-del-veneto-ruolo-cruciale-nel-nuovo-piano-socio-sanitario\/#primaryimage"},"image":{"@id":"https:\/\/www.bellunopress.it\/2011\/12\/14\/padrin-e-bond-incontrano-gli-infermieri-del-veneto-ruolo-cruciale-nel-nuovo-piano-socio-sanitario\/#primaryimage"},"thumbnailUrl":"http:\/\/www.bellunopress.it\/wp-content\/uploads\/2010\/05\/bond-leggeriss.jpg","datePublished":"2011-12-14T11:22:19+00:00","dateModified":"2011-12-14T21:24:16+00:00","breadcrumb":{"@id":"https:\/\/www.bellunopress.it\/2011\/12\/14\/padrin-e-bond-incontrano-gli-infermieri-del-veneto-ruolo-cruciale-nel-nuovo-piano-socio-sanitario\/#breadcrumb"},"inLanguage":"fr-FR","potentialAction":[{"@type":"ReadAction","target":["https:\/\/www.bellunopress.it\/2011\/12\/14\/padrin-e-bond-incontrano-gli-infermieri-del-veneto-ruolo-cruciale-nel-nuovo-piano-socio-sanitario\/"]}]},{"@type":"ImageObject","inLanguage":"fr-FR","@id":"https:\/\/www.bellunopress.it\/2011\/12\/14\/padrin-e-bond-incontrano-gli-infermieri-del-veneto-ruolo-cruciale-nel-nuovo-piano-socio-sanitario\/#primaryimage","url":"http:\/\/www.bellunopress.it\/wp-content\/uploads\/2010\/05\/bond-leggeriss.jpg","contentUrl":"http:\/\/www.bellunopress.it\/wp-content\/uploads\/2010\/05\/bond-leggeriss.jpg"},{"@type":"BreadcrumbList","@id":"https:\/\/www.bellunopress.it\/2011\/12\/14\/padrin-e-bond-incontrano-gli-infermieri-del-veneto-ruolo-cruciale-nel-nuovo-piano-socio-sanitario\/#breadcrumb","itemListElement":[{"@type":"ListItem","position":1,"name":"Home","item":"https:\/\/www.bellunopress.it\/"},{"@type":"ListItem","position":2,"name":"Padrin e Bond incontrano gli infermieri del Veneto: \u201cRuolo cruciale nel nuovo Piano socio-sanitario\u201d"}]},{"@type":"WebSite","@id":"https:\/\/www.bellunopress.it\/#website","url":"https:\/\/www.bellunopress.it\/","name":"Bellunopress - Dolomiti","description":"e-mail: redazione@bellunopress.it","publisher":{"@id":"https:\/\/www.bellunopress.it\/#organization"},"potentialAction":[{"@type":"SearchAction","target":{"@type":"EntryPoint","urlTemplate":"https:\/\/www.bellunopress.it\/?s={search_term_string}"},"query-input":{"@type":"PropertyValueSpecification","valueRequired":true,"valueName":"search_term_string"}}],"inLanguage":"fr-FR"},{"@type":"Organization","@id":"https:\/\/www.bellunopress.it\/#organization","name":"Bellunopress","url":"https:\/\/www.bellunopress.it\/","logo":{"@type":"ImageObject","inLanguage":"fr-FR","@id":"https:\/\/www.bellunopress.it\/#\/schema\/logo\/image\/","url":"https:\/\/www.bellunopress.it\/wp-content\/uploads\/2011\/05\/cropped-logo-bellunopress-.jpg","contentUrl":"https:\/\/www.bellunopress.it\/wp-content\/uploads\/2011\/05\/cropped-logo-bellunopress-.jpg","width":512,"height":512,"caption":"Bellunopress"},"image":{"@id":"https:\/\/www.bellunopress.it\/#\/schema\/logo\/image\/"},"sameAs":["https:\/\/www.facebook.com\/profile.php?id=100008943462799","https:\/\/x.com\/bellunopress","https:\/\/www.linkedin.com\/hp\/?dnr=JBzUWaJfMUw8vbXJJ2tVW5-I3jZKvC4wsoxE&amp;amp;amp;amp;amp;amp;trk=nav_responsive_tab_home","https:\/\/www.youtube.com\/channel\/UCxL0wu1uN0_3_7hGG0306cw"]},{"@type":"Person","@id":"https:\/\/www.bellunopress.it\/#\/schema\/person\/79bb06722b37ece1c03d3e94beb30d73","name":"r\u00e9daction","image":{"@type":"ImageObject","inLanguage":"fr-FR","@id":"https:\/\/secure.gravatar.com\/avatar\/37d968a2e67a6fd04c169c4bdef102d0bc5d31b2546345219e348575eb80e9a0?s=96&d=mm&r=g","url":"https:\/\/secure.gravatar.com\/avatar\/37d968a2e67a6fd04c169c4bdef102d0bc5d31b2546345219e348575eb80e9a0?s=96&d=mm&r=g","contentUrl":"https:\/\/secure.gravatar.com\/avatar\/37d968a2e67a6fd04c169c4bdef102d0bc5d31b2546345219e348575eb80e9a0?s=96&d=mm&r=g","caption":"redazione"},"sameAs":["http:\/\/www.bellunopress.it","https:\/\/x.com\/bellunopress"],"url":"https:\/\/www.bellunopress.it\/fr\/author\/redazione\/"}]}},"_links":{"self":[{"href":"https:\/\/www.bellunopress.it\/fr\/wp-json\/wp\/v2\/posts\/33337","targetHints":{"allow":["GET"]}}],"collection":[{"href":"https:\/\/www.bellunopress.it\/fr\/wp-json\/wp\/v2\/posts"}],"about":[{"href":"https:\/\/www.bellunopress.it\/fr\/wp-json\/wp\/v2\/types\/post"}],"author":[{"embeddable":true,"href":"https:\/\/www.bellunopress.it\/fr\/wp-json\/wp\/v2\/users\/2"}],"replies":[{"embeddable":true,"href":"https:\/\/www.bellunopress.it\/fr\/wp-json\/wp\/v2\/comments?post=33337"}],"version-history":[{"count":1,"href":"https:\/\/www.bellunopress.it\/fr\/wp-json\/wp\/v2\/posts\/33337\/revisions"}],"predecessor-version":[{"id":33338,"href":"https:\/\/www.bellunopress.it\/fr\/wp-json\/wp\/v2\/posts\/33337\/revisions\/33338"}],"wp:attachment":[{"href":"https:\/\/www.bellunopress.it\/fr\/wp-json\/wp\/v2\/media?parent=33337"}],"wp:term":[{"taxonomy":"category","embeddable":true,"href":"https:\/\/www.bellunopress.it\/fr\/wp-json\/wp\/v2\/categories?post=33337"},{"taxonomy":"post_tag","embeddable":true,"href":"https:\/\/www.bellunopress.it\/fr\/wp-json\/wp\/v2\/tags?post=33337"}],"curies":[{"name":"wp","href":"https:\/\/api.w.org\/{rel}","templated":true}]}}