{"id":33326,"date":"2011-12-14T21:44:04","date_gmt":"2011-12-14T20:44:04","guid":{"rendered":"http:\/\/www.bellunopress.it\/?p=33326"},"modified":"2011-12-14T21:44:04","modified_gmt":"2011-12-14T20:44:04","slug":"tinnifoli-2011-la-storia-di-cyrano-sabato-ore-20-45-allauditorium-dellistituto-canossiano-di-feltre","status":"publish","type":"post","link":"https:\/\/www.bellunopress.it\/fr\/2011\/12\/14\/tinnifoli-2011-la-storia-di-cyrano-sabato-ore-20-45-allauditorium-dellistituto-canossiano-di-feltre\/","title":{"rendered":"Tinnifoli 2011: La storia di Cyrano. Sabato ore 20.45 all&#8217;Auditorium dell&#8217;Istituto Canossiano di Feltre"},"content":{"rendered":"<p>Sabato 17 dicembre\u00a0alle ore 20.45 all&#8217;auditorium dell&#8217;Istituto Canossiano di Feltre, va in scena La storia di Cyrano, a cura dell&#8217;Associazione culturale Bretelle Lasche. Il volto di Cirano \u00e8 quello di Eugenio Allegri, un Cirano che \u00e8 moderno, un futurista ante litteram, un poeta spadaccino, un amante disperato e fedele ed un generoso amico di un compagno d&#8217;armi rivale in amore. Per raccontare questa bellissima storia piena di personaggi e di situazioni ci vorrebbe di solito un&#8217;intera compagnia teatrale; Eugenio Allegri, invece, fa tutto da solo. Un attore che fa il lavoro di dieci, che recita un monologo facendolo sembrare una scena di massa e che, nonostante la fatica di uno sforzo del genere, non perde mai di vista l&#8217;essenza dell&#8217;opera che sta presentando e che fa di Cirano un eroe sfortunato e simpatico, geniale ed eroico, fantasioso e, soprattutto, libero. La modernit\u00e0 dello spettacolo sta nella complessit\u00e0 e nella ricchezza del suo protagonista, una figura interessante perch\u00e9 cosmopolita, un uomo dai molti interessi che eccelle nei campi pi\u00f9 disparati. Tutti aspetti che lo avvicinano molto al modo di sentire e di vivere dei moderni. In particolare alcuni aspetti sono chiari segni di tensione verso il futuro, ad esempio il viaggio che Cirano immagina di fare sulla luna, dove c&#8217;\u00e8 un grammofono per comunicare con la terra. Cirano si figura dei marchingegni moderni, che lo portino a viaggiare nello spazio fino al pianeta lunare.<\/p>\n<p>17 dicembre 2011\/ore 20.45 AUDITORIUM ISTITUTO CANOSSIANO DI FELTRE<\/p>\n<p><a href=\"http:\/\/www.eugenioallegri.it\">www.eugenioallegri.it<\/a><\/p>\n<p>INFO&amp;PRENOTAZIONI BIGLIETTI <a href=\"mailto:tinnifoli@gmail.com\">tinnifoli@gmail.com<\/a> Interi 10.00 euro <a href=\"http:\/\/tinnifoli.bretellelasche.it\">http:\/\/tinnifoli.bretellelasche.it<\/a> Ridotti soci COOP 9.00 euro (con esibizione tessera personale) 345.162 0856 Ridotti studenti 8.00 euro (fino a 25 anni) (tutti i giorni 18.00-21.00 eccetto giorno spettacolo 10-16) Abbonamenti 32.00 euro (posti riservati) Ritiro biglietti in cassa a partire dalle 19.30<\/p>","protected":false},"excerpt":{"rendered":"<p>Sabato 17 dicembre\u00a0alle ore 20.45 all&#8217;auditorium dell&#8217;Istituto Canossiano di Feltre, va in scena La storia di Cyrano, a cura dell&#8217;Associazione culturale Bretelle Lasche. Il volto di Cirano \u00e8 quello di Eugenio Allegri, un Cirano che \u00e8 moderno, un futurista ante litteram, un poeta spadaccino, un amante disperato e fedele ed un generoso amico di un [&hellip;]<\/p>\n","protected":false},"author":2,"featured_media":0,"comment_status":"closed","ping_status":"open","sticky":false,"template":"","format":"standard","meta":{"footnotes":""},"categories":[27,3,25],"tags":[],"class_list":["post-33326","post","type-post","status-publish","format-standard","category-appuntamenti","category-arte-cultura-spettacoli-scienza-archivi","category-pausa-caffe"],"yoast_head":"<!-- This site is optimized with the Yoast SEO plugin v28.4 - https:\/\/yoast.com\/product\/yoast-seo-wordpress\/ -->\n<title>Tinnifoli 2011: La storia di Cyrano. Sabato ore 20.45 all&#039;Auditorium dell&#039;Istituto Canossiano di Feltre - Bellunopress - Dolomiti<\/title>\n<meta name=\"robots\" content=\"index, follow, max-snippet:-1, max-image-preview:large, max-video-preview:-1\" \/>\n<link rel=\"canonical\" href=\"https:\/\/www.bellunopress.it\/fr\/2011\/12\/14\/tinnifoli-2011-la-storia-di-cyrano-sabato-ore-20-45-allauditorium-dellistituto-canossiano-di-feltre\/\" \/>\n<meta property=\"og:locale\" content=\"fr_FR\" \/>\n<meta property=\"og:type\" content=\"article\" \/>\n<meta property=\"og:title\" content=\"Tinnifoli 2011: La storia di Cyrano. Sabato ore 20.45 all&#039;Auditorium dell&#039;Istituto Canossiano di Feltre - Bellunopress - Dolomiti\" \/>\n<meta property=\"og:description\" content=\"Sabato 17 dicembre\u00a0alle ore 20.45 all&#8217;auditorium dell&#8217;Istituto Canossiano di Feltre, va in scena La storia di Cyrano, a cura dell&#8217;Associazione culturale Bretelle Lasche. Il volto di Cirano \u00e8 quello di Eugenio Allegri, un Cirano che \u00e8 moderno, un futurista ante litteram, un poeta spadaccino, un amante disperato e fedele ed un generoso amico di un [&hellip;]\" \/>\n<meta property=\"og:url\" content=\"https:\/\/www.bellunopress.it\/fr\/2011\/12\/14\/tinnifoli-2011-la-storia-di-cyrano-sabato-ore-20-45-allauditorium-dellistituto-canossiano-di-feltre\/\" \/>\n<meta property=\"og:site_name\" content=\"Bellunopress - Dolomiti\" \/>\n<meta property=\"article:publisher\" content=\"https:\/\/www.facebook.com\/profile.php?id=100008943462799\" \/>\n<meta property=\"article:published_time\" content=\"2011-12-14T20:44:04+00:00\" \/>\n<meta property=\"og:image\" content=\"http:\/\/www.bellunopress.it\/wp-content\/uploads\/2012\/07\/logo-bellunopress-250x250-2012.jpg\" \/>\n<meta name=\"author\" content=\"redazione\" \/>\n<meta name=\"twitter:card\" content=\"summary_large_image\" \/>\n<meta name=\"twitter:creator\" content=\"@bellunopress\" \/>\n<meta name=\"twitter:site\" content=\"@bellunopress\" \/>\n<meta name=\"twitter:label1\" content=\"\u00c9crit par\" \/>\n\t<meta name=\"twitter:data1\" content=\"redazione\" \/>\n\t<meta name=\"twitter:label2\" content=\"Dur\u00e9e de lecture estim\u00e9e\" \/>\n\t<meta name=\"twitter:data2\" content=\"1 minute\" \/>\n<script type=\"application\/ld+json\" class=\"yoast-schema-graph\">{\"@context\":\"https:\\\/\\\/schema.org\",\"@graph\":[{\"@type\":\"Article\",\"@id\":\"https:\\\/\\\/www.bellunopress.it\\\/2011\\\/12\\\/14\\\/tinnifoli-2011-la-storia-di-cyrano-sabato-ore-20-45-allauditorium-dellistituto-canossiano-di-feltre\\\/#article\",\"isPartOf\":{\"@id\":\"https:\\\/\\\/www.bellunopress.it\\\/2011\\\/12\\\/14\\\/tinnifoli-2011-la-storia-di-cyrano-sabato-ore-20-45-allauditorium-dellistituto-canossiano-di-feltre\\\/\"},\"author\":{\"name\":\"redazione\",\"@id\":\"https:\\\/\\\/www.bellunopress.it\\\/#\\\/schema\\\/person\\\/79bb06722b37ece1c03d3e94beb30d73\"},\"headline\":\"Tinnifoli 2011: La storia di Cyrano. Sabato ore 20.45 all&#8217;Auditorium dell&#8217;Istituto Canossiano di Feltre\",\"datePublished\":\"2011-12-14T20:44:04+00:00\",\"mainEntityOfPage\":{\"@id\":\"https:\\\/\\\/www.bellunopress.it\\\/2011\\\/12\\\/14\\\/tinnifoli-2011-la-storia-di-cyrano-sabato-ore-20-45-allauditorium-dellistituto-canossiano-di-feltre\\\/\"},\"wordCount\":307,\"publisher\":{\"@id\":\"https:\\\/\\\/www.bellunopress.it\\\/#organization\"},\"articleSection\":[\"Appuntamenti, Eventi\",\"Arte, Cultura, Spettacoli, Scienza\",\"Pausa Caff\u00e8\"],\"inLanguage\":\"fr-FR\"},{\"@type\":\"WebPage\",\"@id\":\"https:\\\/\\\/www.bellunopress.it\\\/2011\\\/12\\\/14\\\/tinnifoli-2011-la-storia-di-cyrano-sabato-ore-20-45-allauditorium-dellistituto-canossiano-di-feltre\\\/\",\"url\":\"https:\\\/\\\/www.bellunopress.it\\\/2011\\\/12\\\/14\\\/tinnifoli-2011-la-storia-di-cyrano-sabato-ore-20-45-allauditorium-dellistituto-canossiano-di-feltre\\\/\",\"name\":\"Tinnifoli 2011: La storia di Cyrano. Sabato ore 20.45 all'Auditorium dell'Istituto Canossiano di Feltre - Bellunopress - Dolomiti\",\"isPartOf\":{\"@id\":\"https:\\\/\\\/www.bellunopress.it\\\/#website\"},\"datePublished\":\"2011-12-14T20:44:04+00:00\",\"breadcrumb\":{\"@id\":\"https:\\\/\\\/www.bellunopress.it\\\/2011\\\/12\\\/14\\\/tinnifoli-2011-la-storia-di-cyrano-sabato-ore-20-45-allauditorium-dellistituto-canossiano-di-feltre\\\/#breadcrumb\"},\"inLanguage\":\"fr-FR\",\"potentialAction\":[{\"@type\":\"ReadAction\",\"target\":[\"https:\\\/\\\/www.bellunopress.it\\\/2011\\\/12\\\/14\\\/tinnifoli-2011-la-storia-di-cyrano-sabato-ore-20-45-allauditorium-dellistituto-canossiano-di-feltre\\\/\"]}]},{\"@type\":\"BreadcrumbList\",\"@id\":\"https:\\\/\\\/www.bellunopress.it\\\/2011\\\/12\\\/14\\\/tinnifoli-2011-la-storia-di-cyrano-sabato-ore-20-45-allauditorium-dellistituto-canossiano-di-feltre\\\/#breadcrumb\",\"itemListElement\":[{\"@type\":\"ListItem\",\"position\":1,\"name\":\"Home\",\"item\":\"https:\\\/\\\/www.bellunopress.it\\\/\"},{\"@type\":\"ListItem\",\"position\":2,\"name\":\"Tinnifoli 2011: La storia di Cyrano. Sabato ore 20.45 all&#8217;Auditorium dell&#8217;Istituto Canossiano di Feltre\"}]},{\"@type\":\"WebSite\",\"@id\":\"https:\\\/\\\/www.bellunopress.it\\\/#website\",\"url\":\"https:\\\/\\\/www.bellunopress.it\\\/\",\"name\":\"Bellunopress - Dolomiti\",\"description\":\"e-mail: redazione@bellunopress.it\",\"publisher\":{\"@id\":\"https:\\\/\\\/www.bellunopress.it\\\/#organization\"},\"potentialAction\":[{\"@type\":\"SearchAction\",\"target\":{\"@type\":\"EntryPoint\",\"urlTemplate\":\"https:\\\/\\\/www.bellunopress.it\\\/?s={search_term_string}\"},\"query-input\":{\"@type\":\"PropertyValueSpecification\",\"valueRequired\":true,\"valueName\":\"search_term_string\"}}],\"inLanguage\":\"fr-FR\"},{\"@type\":\"Organization\",\"@id\":\"https:\\\/\\\/www.bellunopress.it\\\/#organization\",\"name\":\"Bellunopress\",\"url\":\"https:\\\/\\\/www.bellunopress.it\\\/\",\"logo\":{\"@type\":\"ImageObject\",\"inLanguage\":\"fr-FR\",\"@id\":\"https:\\\/\\\/www.bellunopress.it\\\/#\\\/schema\\\/logo\\\/image\\\/\",\"url\":\"https:\\\/\\\/www.bellunopress.it\\\/wp-content\\\/uploads\\\/2011\\\/05\\\/cropped-logo-bellunopress-.jpg\",\"contentUrl\":\"https:\\\/\\\/www.bellunopress.it\\\/wp-content\\\/uploads\\\/2011\\\/05\\\/cropped-logo-bellunopress-.jpg\",\"width\":512,\"height\":512,\"caption\":\"Bellunopress\"},\"image\":{\"@id\":\"https:\\\/\\\/www.bellunopress.it\\\/#\\\/schema\\\/logo\\\/image\\\/\"},\"sameAs\":[\"https:\\\/\\\/www.facebook.com\\\/profile.php?id=100008943462799\",\"https:\\\/\\\/x.com\\\/bellunopress\",\"https:\\\/\\\/www.linkedin.com\\\/hp\\\/?dnr=JBzUWaJfMUw8vbXJJ2tVW5-I3jZKvC4wsoxE&amp;amp;amp;amp;amp;amp;trk=nav_responsive_tab_home\",\"https:\\\/\\\/www.youtube.com\\\/channel\\\/UCxL0wu1uN0_3_7hGG0306cw\"]},{\"@type\":\"Person\",\"@id\":\"https:\\\/\\\/www.bellunopress.it\\\/#\\\/schema\\\/person\\\/79bb06722b37ece1c03d3e94beb30d73\",\"name\":\"redazione\",\"image\":{\"@type\":\"ImageObject\",\"inLanguage\":\"fr-FR\",\"@id\":\"https:\\\/\\\/secure.gravatar.com\\\/avatar\\\/37d968a2e67a6fd04c169c4bdef102d0bc5d31b2546345219e348575eb80e9a0?s=96&d=mm&r=g\",\"url\":\"https:\\\/\\\/secure.gravatar.com\\\/avatar\\\/37d968a2e67a6fd04c169c4bdef102d0bc5d31b2546345219e348575eb80e9a0?s=96&d=mm&r=g\",\"contentUrl\":\"https:\\\/\\\/secure.gravatar.com\\\/avatar\\\/37d968a2e67a6fd04c169c4bdef102d0bc5d31b2546345219e348575eb80e9a0?s=96&d=mm&r=g\",\"caption\":\"redazione\"},\"sameAs\":[\"http:\\\/\\\/www.bellunopress.it\",\"https:\\\/\\\/x.com\\\/bellunopress\"],\"url\":\"https:\\\/\\\/www.bellunopress.it\\\/fr\\\/author\\\/redazione\\\/\"}]}<\/script>\n<!-- \/ Yoast SEO plugin. -->","yoast_head_json":{"title":"Tinnifoli 2011: La storia di Cyrano. Sabato ore 20.45 all'Auditorium dell'Istituto Canossiano di Feltre - Bellunopress - Dolomiti","robots":{"index":"index","follow":"follow","max-snippet":"max-snippet:-1","max-image-preview":"max-image-preview:large","max-video-preview":"max-video-preview:-1"},"canonical":"https:\/\/www.bellunopress.it\/fr\/2011\/12\/14\/tinnifoli-2011-la-storia-di-cyrano-sabato-ore-20-45-allauditorium-dellistituto-canossiano-di-feltre\/","og_locale":"fr_FR","og_type":"article","og_title":"Tinnifoli 2011: La storia di Cyrano. Sabato ore 20.45 all'Auditorium dell'Istituto Canossiano di Feltre - Bellunopress - Dolomiti","og_description":"Sabato 17 dicembre\u00a0alle ore 20.45 all&#8217;auditorium dell&#8217;Istituto Canossiano di Feltre, va in scena La storia di Cyrano, a cura dell&#8217;Associazione culturale Bretelle Lasche. Il volto di Cirano \u00e8 quello di Eugenio Allegri, un Cirano che \u00e8 moderno, un futurista ante litteram, un poeta spadaccino, un amante disperato e fedele ed un generoso amico di un [&hellip;]","og_url":"https:\/\/www.bellunopress.it\/fr\/2011\/12\/14\/tinnifoli-2011-la-storia-di-cyrano-sabato-ore-20-45-allauditorium-dellistituto-canossiano-di-feltre\/","og_site_name":"Bellunopress - Dolomiti","article_publisher":"https:\/\/www.facebook.com\/profile.php?id=100008943462799","article_published_time":"2011-12-14T20:44:04+00:00","og_image":[{"url":"http:\/\/www.bellunopress.it\/wp-content\/uploads\/2012\/07\/logo-bellunopress-250x250-2012.jpg","type":"","width":"","height":""}],"author":"redazione","twitter_card":"summary_large_image","twitter_creator":"@bellunopress","twitter_site":"@bellunopress","twitter_misc":{"\u00c9crit par":"redazione","Dur\u00e9e de lecture estim\u00e9e":"1 minute"},"schema":{"@context":"https:\/\/schema.org","@graph":[{"@type":"Article","@id":"https:\/\/www.bellunopress.it\/2011\/12\/14\/tinnifoli-2011-la-storia-di-cyrano-sabato-ore-20-45-allauditorium-dellistituto-canossiano-di-feltre\/#article","isPartOf":{"@id":"https:\/\/www.bellunopress.it\/2011\/12\/14\/tinnifoli-2011-la-storia-di-cyrano-sabato-ore-20-45-allauditorium-dellistituto-canossiano-di-feltre\/"},"author":{"name":"redazione","@id":"https:\/\/www.bellunopress.it\/#\/schema\/person\/79bb06722b37ece1c03d3e94beb30d73"},"headline":"Tinnifoli 2011: La storia di Cyrano. Sabato ore 20.45 all&#8217;Auditorium dell&#8217;Istituto Canossiano di Feltre","datePublished":"2011-12-14T20:44:04+00:00","mainEntityOfPage":{"@id":"https:\/\/www.bellunopress.it\/2011\/12\/14\/tinnifoli-2011-la-storia-di-cyrano-sabato-ore-20-45-allauditorium-dellistituto-canossiano-di-feltre\/"},"wordCount":307,"publisher":{"@id":"https:\/\/www.bellunopress.it\/#organization"},"articleSection":["Appuntamenti, Eventi","Arte, Cultura, Spettacoli, Scienza","Pausa Caff\u00e8"],"inLanguage":"fr-FR"},{"@type":"WebPage","@id":"https:\/\/www.bellunopress.it\/2011\/12\/14\/tinnifoli-2011-la-storia-di-cyrano-sabato-ore-20-45-allauditorium-dellistituto-canossiano-di-feltre\/","url":"https:\/\/www.bellunopress.it\/2011\/12\/14\/tinnifoli-2011-la-storia-di-cyrano-sabato-ore-20-45-allauditorium-dellistituto-canossiano-di-feltre\/","name":"Tinnifoli 2011: La storia di Cyrano. Sabato ore 20.45 all'Auditorium dell'Istituto Canossiano di Feltre - Bellunopress - Dolomiti","isPartOf":{"@id":"https:\/\/www.bellunopress.it\/#website"},"datePublished":"2011-12-14T20:44:04+00:00","breadcrumb":{"@id":"https:\/\/www.bellunopress.it\/2011\/12\/14\/tinnifoli-2011-la-storia-di-cyrano-sabato-ore-20-45-allauditorium-dellistituto-canossiano-di-feltre\/#breadcrumb"},"inLanguage":"fr-FR","potentialAction":[{"@type":"ReadAction","target":["https:\/\/www.bellunopress.it\/2011\/12\/14\/tinnifoli-2011-la-storia-di-cyrano-sabato-ore-20-45-allauditorium-dellistituto-canossiano-di-feltre\/"]}]},{"@type":"BreadcrumbList","@id":"https:\/\/www.bellunopress.it\/2011\/12\/14\/tinnifoli-2011-la-storia-di-cyrano-sabato-ore-20-45-allauditorium-dellistituto-canossiano-di-feltre\/#breadcrumb","itemListElement":[{"@type":"ListItem","position":1,"name":"Home","item":"https:\/\/www.bellunopress.it\/"},{"@type":"ListItem","position":2,"name":"Tinnifoli 2011: La storia di Cyrano. Sabato ore 20.45 all&#8217;Auditorium dell&#8217;Istituto Canossiano di Feltre"}]},{"@type":"WebSite","@id":"https:\/\/www.bellunopress.it\/#website","url":"https:\/\/www.bellunopress.it\/","name":"Bellunopress - Dolomiti","description":"e-mail: redazione@bellunopress.it","publisher":{"@id":"https:\/\/www.bellunopress.it\/#organization"},"potentialAction":[{"@type":"SearchAction","target":{"@type":"EntryPoint","urlTemplate":"https:\/\/www.bellunopress.it\/?s={search_term_string}"},"query-input":{"@type":"PropertyValueSpecification","valueRequired":true,"valueName":"search_term_string"}}],"inLanguage":"fr-FR"},{"@type":"Organization","@id":"https:\/\/www.bellunopress.it\/#organization","name":"Bellunopress","url":"https:\/\/www.bellunopress.it\/","logo":{"@type":"ImageObject","inLanguage":"fr-FR","@id":"https:\/\/www.bellunopress.it\/#\/schema\/logo\/image\/","url":"https:\/\/www.bellunopress.it\/wp-content\/uploads\/2011\/05\/cropped-logo-bellunopress-.jpg","contentUrl":"https:\/\/www.bellunopress.it\/wp-content\/uploads\/2011\/05\/cropped-logo-bellunopress-.jpg","width":512,"height":512,"caption":"Bellunopress"},"image":{"@id":"https:\/\/www.bellunopress.it\/#\/schema\/logo\/image\/"},"sameAs":["https:\/\/www.facebook.com\/profile.php?id=100008943462799","https:\/\/x.com\/bellunopress","https:\/\/www.linkedin.com\/hp\/?dnr=JBzUWaJfMUw8vbXJJ2tVW5-I3jZKvC4wsoxE&amp;amp;amp;amp;amp;amp;trk=nav_responsive_tab_home","https:\/\/www.youtube.com\/channel\/UCxL0wu1uN0_3_7hGG0306cw"]},{"@type":"Person","@id":"https:\/\/www.bellunopress.it\/#\/schema\/person\/79bb06722b37ece1c03d3e94beb30d73","name":"r\u00e9daction","image":{"@type":"ImageObject","inLanguage":"fr-FR","@id":"https:\/\/secure.gravatar.com\/avatar\/37d968a2e67a6fd04c169c4bdef102d0bc5d31b2546345219e348575eb80e9a0?s=96&d=mm&r=g","url":"https:\/\/secure.gravatar.com\/avatar\/37d968a2e67a6fd04c169c4bdef102d0bc5d31b2546345219e348575eb80e9a0?s=96&d=mm&r=g","contentUrl":"https:\/\/secure.gravatar.com\/avatar\/37d968a2e67a6fd04c169c4bdef102d0bc5d31b2546345219e348575eb80e9a0?s=96&d=mm&r=g","caption":"redazione"},"sameAs":["http:\/\/www.bellunopress.it","https:\/\/x.com\/bellunopress"],"url":"https:\/\/www.bellunopress.it\/fr\/author\/redazione\/"}]}},"_links":{"self":[{"href":"https:\/\/www.bellunopress.it\/fr\/wp-json\/wp\/v2\/posts\/33326","targetHints":{"allow":["GET"]}}],"collection":[{"href":"https:\/\/www.bellunopress.it\/fr\/wp-json\/wp\/v2\/posts"}],"about":[{"href":"https:\/\/www.bellunopress.it\/fr\/wp-json\/wp\/v2\/types\/post"}],"author":[{"embeddable":true,"href":"https:\/\/www.bellunopress.it\/fr\/wp-json\/wp\/v2\/users\/2"}],"replies":[{"embeddable":true,"href":"https:\/\/www.bellunopress.it\/fr\/wp-json\/wp\/v2\/comments?post=33326"}],"version-history":[{"count":1,"href":"https:\/\/www.bellunopress.it\/fr\/wp-json\/wp\/v2\/posts\/33326\/revisions"}],"predecessor-version":[{"id":33327,"href":"https:\/\/www.bellunopress.it\/fr\/wp-json\/wp\/v2\/posts\/33326\/revisions\/33327"}],"wp:attachment":[{"href":"https:\/\/www.bellunopress.it\/fr\/wp-json\/wp\/v2\/media?parent=33326"}],"wp:term":[{"taxonomy":"category","embeddable":true,"href":"https:\/\/www.bellunopress.it\/fr\/wp-json\/wp\/v2\/categories?post=33326"},{"taxonomy":"post_tag","embeddable":true,"href":"https:\/\/www.bellunopress.it\/fr\/wp-json\/wp\/v2\/tags?post=33326"}],"curies":[{"name":"wp","href":"https:\/\/api.w.org\/{rel}","templated":true}]}}