{"id":33320,"date":"2011-12-14T18:59:29","date_gmt":"2011-12-14T17:59:29","guid":{"rendered":"http:\/\/www.bellunopress.it\/?p=33320"},"modified":"2011-12-14T18:59:29","modified_gmt":"2011-12-14T17:59:29","slug":"la-santaklaus-running-di-belluno-chiude-con-il-botto-e-guarda-gia-al-2012","status":"publish","type":"post","link":"https:\/\/www.bellunopress.it\/fr\/2011\/12\/14\/la-santaklaus-running-di-belluno-chiude-con-il-botto-e-guarda-gia-al-2012\/","title":{"rendered":"La Santaklaus running di Belluno chiude con il botto e guarda gi\u00e0 al 2012"},"content":{"rendered":"<p>Grande successo per la 7maSantaklaus running di domenica che ha permesso a oltre 1547 persone di scoprire (e riscoprire) alcune delle zone pi\u00f9 suggestive di Belluno citt\u00e0 e periferia. Una partecipazione record che ha messo a dura prova la macchina organizzativa, basti pensare che domenica mattina i volontari hanno gestito 550 nuove iscrizioni e consegnato oltre 700 pacchi gara nella sola ora e mezza prima del via. <a href=\"http:\/\/www.bellunopress.it\/wp-content\/uploads\/2011\/12\/santa-klaus-running.jpg\"><img loading=\"lazy\" decoding=\"async\" class=\"alignleft size-full wp-image-33321\" title=\"santa klaus running\" src=\"http:\/\/www.bellunopress.it\/wp-content\/uploads\/2011\/12\/santa-klaus-running.jpg\" alt=\"\" width=\"290\" height=\"135\" \/><\/a>\u201cRafforzeremo ulteriormente la zona della segreteria (domenica mattina erano in oltre 20 persone\u2026.) ma ci auguriamo che il prossimo anno la gente si iscriva per tempo e non all\u2019ultimo momento\u201d commenta Stefano Giop, presidente di Dolomiti Psg, l\u2019associazione che ha organizzato l\u2019evento e al cui vertice siedono anche Gianpietro Slongo (presidente del Giro delle Mura di Feltre) e Ivan Piol (presidente della Sportful Dolomiti Race e della 24ore sempre di Feltre). Un successo confermato dal doppio passaggio sul Tg1 delle 20 e sul Tg3 delle 19.30 oltre che il luned\u00ec nella trasmissione del mattino \u201cBuongiorno Italia\u201d. \u201cSperiamo che i bellunesi abbiamo apprezzato i nostri sforzi e quelli dei 150 volontari che ci hanno aiutato e che ringrazio di cuore, proprio come facevano i partecipanti lungo il percorso \u2013 continua Giop \u2013 il prossimo anno cercheremo di arricchire ancora di pi\u00f9 l\u2019allestimento per rendere ancora pi\u00f9 suggestiva Piazza dei Martiri che si presta particolarmente come palcoscenico della manifestazione. Malgrado i vandalismi, che comunque riparati non hanno creato problemi ai partecipanti, noi siamo molto contenti, ringrazio il vicesindaco Leonardo Colle per il supporto, la Polizia Locale, la protezione civile, i vigili del fuoco e l\u2019Ail- Admo. Quest\u2019anno le cose sono filate lisce anche perch\u00e9 ormai la collaborazione \u00e8 rodata\u201d. Grande successo anche per la maglia tecnica che i partecipanti della mezza maratona ricevevano con l\u2019iscrizione, tanto che DolomitiPsg ha deciso di rifarne una piccola produzione per accontentare anche chi avrebbe voluto acquistarla ma erano finite. Baster\u00e0 segnalare all\u2019organizzazione (<a href=\"mailto:info@santaklausrunning.it\">info@santaklausrunning.it<\/a> oppure <a href=\"mailto:dolomitipsg@gmail.com\">dolomitipsg@gmail.com<\/a>) taglia e indirizzo e sar\u00e0 spedita a casa.<\/p>","protected":false},"excerpt":{"rendered":"<p>Grande successo per la 7maSantaklaus running di domenica che ha permesso a oltre 1547 persone di scoprire (e riscoprire) alcune delle zone pi\u00f9 suggestive di Belluno citt\u00e0 e periferia. Una partecipazione record che ha messo a dura prova la macchina organizzativa, basti pensare che domenica mattina i volontari hanno gestito 550 nuove iscrizioni e consegnato [&hellip;]<\/p>\n","protected":false},"author":2,"featured_media":0,"comment_status":"closed","ping_status":"open","sticky":false,"template":"","format":"standard","meta":{"footnotes":""},"categories":[5,26,4],"tags":[],"class_list":["post-33320","post","type-post","status-publish","format-standard","category-cronaca","category-prima-pagina","category-sport"],"yoast_head":"<!-- This site is optimized with the Yoast SEO plugin v28.4 - https:\/\/yoast.com\/product\/yoast-seo-wordpress\/ -->\n<title>La Santaklaus running di Belluno chiude con il botto e guarda gi\u00e0 al 2012 - Bellunopress - Dolomiti<\/title>\n<meta name=\"robots\" content=\"index, follow, max-snippet:-1, max-image-preview:large, max-video-preview:-1\" \/>\n<link rel=\"canonical\" href=\"https:\/\/www.bellunopress.it\/fr\/2011\/12\/14\/la-santaklaus-running-di-belluno-chiude-con-il-botto-e-guarda-gia-al-2012\/\" \/>\n<meta property=\"og:locale\" content=\"fr_FR\" \/>\n<meta property=\"og:type\" content=\"article\" \/>\n<meta property=\"og:title\" content=\"La Santaklaus running di Belluno chiude con il botto e guarda gi\u00e0 al 2012 - Bellunopress - Dolomiti\" \/>\n<meta property=\"og:description\" content=\"Grande successo per la 7maSantaklaus running di domenica che ha permesso a oltre 1547 persone di scoprire (e riscoprire) alcune delle zone pi\u00f9 suggestive di Belluno citt\u00e0 e periferia. Una partecipazione record che ha messo a dura prova la macchina organizzativa, basti pensare che domenica mattina i volontari hanno gestito 550 nuove iscrizioni e consegnato [&hellip;]\" \/>\n<meta property=\"og:url\" content=\"https:\/\/www.bellunopress.it\/fr\/2011\/12\/14\/la-santaklaus-running-di-belluno-chiude-con-il-botto-e-guarda-gia-al-2012\/\" \/>\n<meta property=\"og:site_name\" content=\"Bellunopress - Dolomiti\" \/>\n<meta property=\"article:publisher\" content=\"https:\/\/www.facebook.com\/profile.php?id=100008943462799\" \/>\n<meta property=\"article:published_time\" content=\"2011-12-14T17:59:29+00:00\" \/>\n<meta property=\"og:image\" content=\"http:\/\/www.bellunopress.it\/wp-content\/uploads\/2011\/12\/santa-klaus-running.jpg\" \/>\n<meta name=\"author\" content=\"redazione\" \/>\n<meta name=\"twitter:card\" content=\"summary_large_image\" \/>\n<meta name=\"twitter:creator\" content=\"@bellunopress\" \/>\n<meta name=\"twitter:site\" content=\"@bellunopress\" \/>\n<meta name=\"twitter:label1\" content=\"\u00c9crit par\" \/>\n\t<meta name=\"twitter:data1\" content=\"redazione\" \/>\n\t<meta name=\"twitter:label2\" content=\"Dur\u00e9e de lecture estim\u00e9e\" \/>\n\t<meta name=\"twitter:data2\" content=\"2 minutes\" \/>\n<script type=\"application\/ld+json\" class=\"yoast-schema-graph\">{\"@context\":\"https:\\\/\\\/schema.org\",\"@graph\":[{\"@type\":\"Article\",\"@id\":\"https:\\\/\\\/www.bellunopress.it\\\/2011\\\/12\\\/14\\\/la-santaklaus-running-di-belluno-chiude-con-il-botto-e-guarda-gia-al-2012\\\/#article\",\"isPartOf\":{\"@id\":\"https:\\\/\\\/www.bellunopress.it\\\/2011\\\/12\\\/14\\\/la-santaklaus-running-di-belluno-chiude-con-il-botto-e-guarda-gia-al-2012\\\/\"},\"author\":{\"name\":\"redazione\",\"@id\":\"https:\\\/\\\/www.bellunopress.it\\\/#\\\/schema\\\/person\\\/79bb06722b37ece1c03d3e94beb30d73\"},\"headline\":\"La Santaklaus running di Belluno chiude con il botto e guarda gi\u00e0 al 2012\",\"datePublished\":\"2011-12-14T17:59:29+00:00\",\"mainEntityOfPage\":{\"@id\":\"https:\\\/\\\/www.bellunopress.it\\\/2011\\\/12\\\/14\\\/la-santaklaus-running-di-belluno-chiude-con-il-botto-e-guarda-gia-al-2012\\\/\"},\"wordCount\":339,\"publisher\":{\"@id\":\"https:\\\/\\\/www.bellunopress.it\\\/#organization\"},\"image\":{\"@id\":\"https:\\\/\\\/www.bellunopress.it\\\/2011\\\/12\\\/14\\\/la-santaklaus-running-di-belluno-chiude-con-il-botto-e-guarda-gia-al-2012\\\/#primaryimage\"},\"thumbnailUrl\":\"http:\\\/\\\/www.bellunopress.it\\\/wp-content\\\/uploads\\\/2011\\\/12\\\/santa-klaus-running.jpg\",\"articleSection\":[\"Cronaca\\\/Politica\",\"Prima Pagina\",\"Sport, tempo libero\"],\"inLanguage\":\"fr-FR\"},{\"@type\":\"WebPage\",\"@id\":\"https:\\\/\\\/www.bellunopress.it\\\/2011\\\/12\\\/14\\\/la-santaklaus-running-di-belluno-chiude-con-il-botto-e-guarda-gia-al-2012\\\/\",\"url\":\"https:\\\/\\\/www.bellunopress.it\\\/2011\\\/12\\\/14\\\/la-santaklaus-running-di-belluno-chiude-con-il-botto-e-guarda-gia-al-2012\\\/\",\"name\":\"La Santaklaus running di Belluno chiude con il botto e guarda gi\u00e0 al 2012 - Bellunopress - Dolomiti\",\"isPartOf\":{\"@id\":\"https:\\\/\\\/www.bellunopress.it\\\/#website\"},\"primaryImageOfPage\":{\"@id\":\"https:\\\/\\\/www.bellunopress.it\\\/2011\\\/12\\\/14\\\/la-santaklaus-running-di-belluno-chiude-con-il-botto-e-guarda-gia-al-2012\\\/#primaryimage\"},\"image\":{\"@id\":\"https:\\\/\\\/www.bellunopress.it\\\/2011\\\/12\\\/14\\\/la-santaklaus-running-di-belluno-chiude-con-il-botto-e-guarda-gia-al-2012\\\/#primaryimage\"},\"thumbnailUrl\":\"http:\\\/\\\/www.bellunopress.it\\\/wp-content\\\/uploads\\\/2011\\\/12\\\/santa-klaus-running.jpg\",\"datePublished\":\"2011-12-14T17:59:29+00:00\",\"breadcrumb\":{\"@id\":\"https:\\\/\\\/www.bellunopress.it\\\/2011\\\/12\\\/14\\\/la-santaklaus-running-di-belluno-chiude-con-il-botto-e-guarda-gia-al-2012\\\/#breadcrumb\"},\"inLanguage\":\"fr-FR\",\"potentialAction\":[{\"@type\":\"ReadAction\",\"target\":[\"https:\\\/\\\/www.bellunopress.it\\\/2011\\\/12\\\/14\\\/la-santaklaus-running-di-belluno-chiude-con-il-botto-e-guarda-gia-al-2012\\\/\"]}]},{\"@type\":\"ImageObject\",\"inLanguage\":\"fr-FR\",\"@id\":\"https:\\\/\\\/www.bellunopress.it\\\/2011\\\/12\\\/14\\\/la-santaklaus-running-di-belluno-chiude-con-il-botto-e-guarda-gia-al-2012\\\/#primaryimage\",\"url\":\"http:\\\/\\\/www.bellunopress.it\\\/wp-content\\\/uploads\\\/2011\\\/12\\\/santa-klaus-running.jpg\",\"contentUrl\":\"http:\\\/\\\/www.bellunopress.it\\\/wp-content\\\/uploads\\\/2011\\\/12\\\/santa-klaus-running.jpg\"},{\"@type\":\"BreadcrumbList\",\"@id\":\"https:\\\/\\\/www.bellunopress.it\\\/2011\\\/12\\\/14\\\/la-santaklaus-running-di-belluno-chiude-con-il-botto-e-guarda-gia-al-2012\\\/#breadcrumb\",\"itemListElement\":[{\"@type\":\"ListItem\",\"position\":1,\"name\":\"Home\",\"item\":\"https:\\\/\\\/www.bellunopress.it\\\/\"},{\"@type\":\"ListItem\",\"position\":2,\"name\":\"La Santaklaus running di Belluno chiude con il botto e guarda gi\u00e0 al 2012\"}]},{\"@type\":\"WebSite\",\"@id\":\"https:\\\/\\\/www.bellunopress.it\\\/#website\",\"url\":\"https:\\\/\\\/www.bellunopress.it\\\/\",\"name\":\"Bellunopress - Dolomiti\",\"description\":\"e-mail: redazione@bellunopress.it\",\"publisher\":{\"@id\":\"https:\\\/\\\/www.bellunopress.it\\\/#organization\"},\"potentialAction\":[{\"@type\":\"SearchAction\",\"target\":{\"@type\":\"EntryPoint\",\"urlTemplate\":\"https:\\\/\\\/www.bellunopress.it\\\/?s={search_term_string}\"},\"query-input\":{\"@type\":\"PropertyValueSpecification\",\"valueRequired\":true,\"valueName\":\"search_term_string\"}}],\"inLanguage\":\"fr-FR\"},{\"@type\":\"Organization\",\"@id\":\"https:\\\/\\\/www.bellunopress.it\\\/#organization\",\"name\":\"Bellunopress\",\"url\":\"https:\\\/\\\/www.bellunopress.it\\\/\",\"logo\":{\"@type\":\"ImageObject\",\"inLanguage\":\"fr-FR\",\"@id\":\"https:\\\/\\\/www.bellunopress.it\\\/#\\\/schema\\\/logo\\\/image\\\/\",\"url\":\"https:\\\/\\\/www.bellunopress.it\\\/wp-content\\\/uploads\\\/2011\\\/05\\\/cropped-logo-bellunopress-.jpg\",\"contentUrl\":\"https:\\\/\\\/www.bellunopress.it\\\/wp-content\\\/uploads\\\/2011\\\/05\\\/cropped-logo-bellunopress-.jpg\",\"width\":512,\"height\":512,\"caption\":\"Bellunopress\"},\"image\":{\"@id\":\"https:\\\/\\\/www.bellunopress.it\\\/#\\\/schema\\\/logo\\\/image\\\/\"},\"sameAs\":[\"https:\\\/\\\/www.facebook.com\\\/profile.php?id=100008943462799\",\"https:\\\/\\\/x.com\\\/bellunopress\",\"https:\\\/\\\/www.linkedin.com\\\/hp\\\/?dnr=JBzUWaJfMUw8vbXJJ2tVW5-I3jZKvC4wsoxE&amp;amp;amp;amp;amp;amp;trk=nav_responsive_tab_home\",\"https:\\\/\\\/www.youtube.com\\\/channel\\\/UCxL0wu1uN0_3_7hGG0306cw\"]},{\"@type\":\"Person\",\"@id\":\"https:\\\/\\\/www.bellunopress.it\\\/#\\\/schema\\\/person\\\/79bb06722b37ece1c03d3e94beb30d73\",\"name\":\"redazione\",\"image\":{\"@type\":\"ImageObject\",\"inLanguage\":\"fr-FR\",\"@id\":\"https:\\\/\\\/secure.gravatar.com\\\/avatar\\\/37d968a2e67a6fd04c169c4bdef102d0bc5d31b2546345219e348575eb80e9a0?s=96&d=mm&r=g\",\"url\":\"https:\\\/\\\/secure.gravatar.com\\\/avatar\\\/37d968a2e67a6fd04c169c4bdef102d0bc5d31b2546345219e348575eb80e9a0?s=96&d=mm&r=g\",\"contentUrl\":\"https:\\\/\\\/secure.gravatar.com\\\/avatar\\\/37d968a2e67a6fd04c169c4bdef102d0bc5d31b2546345219e348575eb80e9a0?s=96&d=mm&r=g\",\"caption\":\"redazione\"},\"sameAs\":[\"http:\\\/\\\/www.bellunopress.it\",\"https:\\\/\\\/x.com\\\/bellunopress\"],\"url\":\"https:\\\/\\\/www.bellunopress.it\\\/fr\\\/author\\\/redazione\\\/\"}]}<\/script>\n<!-- \/ Yoast SEO plugin. -->","yoast_head_json":{"title":"La Santaklaus running di Belluno chiude con il botto e guarda gi\u00e0 al 2012 - Bellunopress - Dolomiti","robots":{"index":"index","follow":"follow","max-snippet":"max-snippet:-1","max-image-preview":"max-image-preview:large","max-video-preview":"max-video-preview:-1"},"canonical":"https:\/\/www.bellunopress.it\/fr\/2011\/12\/14\/la-santaklaus-running-di-belluno-chiude-con-il-botto-e-guarda-gia-al-2012\/","og_locale":"fr_FR","og_type":"article","og_title":"La Santaklaus running di Belluno chiude con il botto e guarda gi\u00e0 al 2012 - Bellunopress - Dolomiti","og_description":"Grande successo per la 7maSantaklaus running di domenica che ha permesso a oltre 1547 persone di scoprire (e riscoprire) alcune delle zone pi\u00f9 suggestive di Belluno citt\u00e0 e periferia. Una partecipazione record che ha messo a dura prova la macchina organizzativa, basti pensare che domenica mattina i volontari hanno gestito 550 nuove iscrizioni e consegnato [&hellip;]","og_url":"https:\/\/www.bellunopress.it\/fr\/2011\/12\/14\/la-santaklaus-running-di-belluno-chiude-con-il-botto-e-guarda-gia-al-2012\/","og_site_name":"Bellunopress - Dolomiti","article_publisher":"https:\/\/www.facebook.com\/profile.php?id=100008943462799","article_published_time":"2011-12-14T17:59:29+00:00","og_image":[{"url":"http:\/\/www.bellunopress.it\/wp-content\/uploads\/2011\/12\/santa-klaus-running.jpg","type":"","width":"","height":""}],"author":"redazione","twitter_card":"summary_large_image","twitter_creator":"@bellunopress","twitter_site":"@bellunopress","twitter_misc":{"\u00c9crit par":"redazione","Dur\u00e9e de lecture estim\u00e9e":"2 minutes"},"schema":{"@context":"https:\/\/schema.org","@graph":[{"@type":"Article","@id":"https:\/\/www.bellunopress.it\/2011\/12\/14\/la-santaklaus-running-di-belluno-chiude-con-il-botto-e-guarda-gia-al-2012\/#article","isPartOf":{"@id":"https:\/\/www.bellunopress.it\/2011\/12\/14\/la-santaklaus-running-di-belluno-chiude-con-il-botto-e-guarda-gia-al-2012\/"},"author":{"name":"redazione","@id":"https:\/\/www.bellunopress.it\/#\/schema\/person\/79bb06722b37ece1c03d3e94beb30d73"},"headline":"La Santaklaus running di Belluno chiude con il botto e guarda gi\u00e0 al 2012","datePublished":"2011-12-14T17:59:29+00:00","mainEntityOfPage":{"@id":"https:\/\/www.bellunopress.it\/2011\/12\/14\/la-santaklaus-running-di-belluno-chiude-con-il-botto-e-guarda-gia-al-2012\/"},"wordCount":339,"publisher":{"@id":"https:\/\/www.bellunopress.it\/#organization"},"image":{"@id":"https:\/\/www.bellunopress.it\/2011\/12\/14\/la-santaklaus-running-di-belluno-chiude-con-il-botto-e-guarda-gia-al-2012\/#primaryimage"},"thumbnailUrl":"http:\/\/www.bellunopress.it\/wp-content\/uploads\/2011\/12\/santa-klaus-running.jpg","articleSection":["Cronaca\/Politica","Prima Pagina","Sport, tempo libero"],"inLanguage":"fr-FR"},{"@type":"WebPage","@id":"https:\/\/www.bellunopress.it\/2011\/12\/14\/la-santaklaus-running-di-belluno-chiude-con-il-botto-e-guarda-gia-al-2012\/","url":"https:\/\/www.bellunopress.it\/2011\/12\/14\/la-santaklaus-running-di-belluno-chiude-con-il-botto-e-guarda-gia-al-2012\/","name":"La Santaklaus running di Belluno chiude con il botto e guarda gi\u00e0 al 2012 - Bellunopress - Dolomiti","isPartOf":{"@id":"https:\/\/www.bellunopress.it\/#website"},"primaryImageOfPage":{"@id":"https:\/\/www.bellunopress.it\/2011\/12\/14\/la-santaklaus-running-di-belluno-chiude-con-il-botto-e-guarda-gia-al-2012\/#primaryimage"},"image":{"@id":"https:\/\/www.bellunopress.it\/2011\/12\/14\/la-santaklaus-running-di-belluno-chiude-con-il-botto-e-guarda-gia-al-2012\/#primaryimage"},"thumbnailUrl":"http:\/\/www.bellunopress.it\/wp-content\/uploads\/2011\/12\/santa-klaus-running.jpg","datePublished":"2011-12-14T17:59:29+00:00","breadcrumb":{"@id":"https:\/\/www.bellunopress.it\/2011\/12\/14\/la-santaklaus-running-di-belluno-chiude-con-il-botto-e-guarda-gia-al-2012\/#breadcrumb"},"inLanguage":"fr-FR","potentialAction":[{"@type":"ReadAction","target":["https:\/\/www.bellunopress.it\/2011\/12\/14\/la-santaklaus-running-di-belluno-chiude-con-il-botto-e-guarda-gia-al-2012\/"]}]},{"@type":"ImageObject","inLanguage":"fr-FR","@id":"https:\/\/www.bellunopress.it\/2011\/12\/14\/la-santaklaus-running-di-belluno-chiude-con-il-botto-e-guarda-gia-al-2012\/#primaryimage","url":"http:\/\/www.bellunopress.it\/wp-content\/uploads\/2011\/12\/santa-klaus-running.jpg","contentUrl":"http:\/\/www.bellunopress.it\/wp-content\/uploads\/2011\/12\/santa-klaus-running.jpg"},{"@type":"BreadcrumbList","@id":"https:\/\/www.bellunopress.it\/2011\/12\/14\/la-santaklaus-running-di-belluno-chiude-con-il-botto-e-guarda-gia-al-2012\/#breadcrumb","itemListElement":[{"@type":"ListItem","position":1,"name":"Home","item":"https:\/\/www.bellunopress.it\/"},{"@type":"ListItem","position":2,"name":"La Santaklaus running di Belluno chiude con il botto e guarda gi\u00e0 al 2012"}]},{"@type":"WebSite","@id":"https:\/\/www.bellunopress.it\/#website","url":"https:\/\/www.bellunopress.it\/","name":"Bellunopress - Dolomiti","description":"e-mail: redazione@bellunopress.it","publisher":{"@id":"https:\/\/www.bellunopress.it\/#organization"},"potentialAction":[{"@type":"SearchAction","target":{"@type":"EntryPoint","urlTemplate":"https:\/\/www.bellunopress.it\/?s={search_term_string}"},"query-input":{"@type":"PropertyValueSpecification","valueRequired":true,"valueName":"search_term_string"}}],"inLanguage":"fr-FR"},{"@type":"Organization","@id":"https:\/\/www.bellunopress.it\/#organization","name":"Bellunopress","url":"https:\/\/www.bellunopress.it\/","logo":{"@type":"ImageObject","inLanguage":"fr-FR","@id":"https:\/\/www.bellunopress.it\/#\/schema\/logo\/image\/","url":"https:\/\/www.bellunopress.it\/wp-content\/uploads\/2011\/05\/cropped-logo-bellunopress-.jpg","contentUrl":"https:\/\/www.bellunopress.it\/wp-content\/uploads\/2011\/05\/cropped-logo-bellunopress-.jpg","width":512,"height":512,"caption":"Bellunopress"},"image":{"@id":"https:\/\/www.bellunopress.it\/#\/schema\/logo\/image\/"},"sameAs":["https:\/\/www.facebook.com\/profile.php?id=100008943462799","https:\/\/x.com\/bellunopress","https:\/\/www.linkedin.com\/hp\/?dnr=JBzUWaJfMUw8vbXJJ2tVW5-I3jZKvC4wsoxE&amp;amp;amp;amp;amp;amp;trk=nav_responsive_tab_home","https:\/\/www.youtube.com\/channel\/UCxL0wu1uN0_3_7hGG0306cw"]},{"@type":"Person","@id":"https:\/\/www.bellunopress.it\/#\/schema\/person\/79bb06722b37ece1c03d3e94beb30d73","name":"r\u00e9daction","image":{"@type":"ImageObject","inLanguage":"fr-FR","@id":"https:\/\/secure.gravatar.com\/avatar\/37d968a2e67a6fd04c169c4bdef102d0bc5d31b2546345219e348575eb80e9a0?s=96&d=mm&r=g","url":"https:\/\/secure.gravatar.com\/avatar\/37d968a2e67a6fd04c169c4bdef102d0bc5d31b2546345219e348575eb80e9a0?s=96&d=mm&r=g","contentUrl":"https:\/\/secure.gravatar.com\/avatar\/37d968a2e67a6fd04c169c4bdef102d0bc5d31b2546345219e348575eb80e9a0?s=96&d=mm&r=g","caption":"redazione"},"sameAs":["http:\/\/www.bellunopress.it","https:\/\/x.com\/bellunopress"],"url":"https:\/\/www.bellunopress.it\/fr\/author\/redazione\/"}]}},"_links":{"self":[{"href":"https:\/\/www.bellunopress.it\/fr\/wp-json\/wp\/v2\/posts\/33320","targetHints":{"allow":["GET"]}}],"collection":[{"href":"https:\/\/www.bellunopress.it\/fr\/wp-json\/wp\/v2\/posts"}],"about":[{"href":"https:\/\/www.bellunopress.it\/fr\/wp-json\/wp\/v2\/types\/post"}],"author":[{"embeddable":true,"href":"https:\/\/www.bellunopress.it\/fr\/wp-json\/wp\/v2\/users\/2"}],"replies":[{"embeddable":true,"href":"https:\/\/www.bellunopress.it\/fr\/wp-json\/wp\/v2\/comments?post=33320"}],"version-history":[{"count":2,"href":"https:\/\/www.bellunopress.it\/fr\/wp-json\/wp\/v2\/posts\/33320\/revisions"}],"predecessor-version":[{"id":33323,"href":"https:\/\/www.bellunopress.it\/fr\/wp-json\/wp\/v2\/posts\/33320\/revisions\/33323"}],"wp:attachment":[{"href":"https:\/\/www.bellunopress.it\/fr\/wp-json\/wp\/v2\/media?parent=33320"}],"wp:term":[{"taxonomy":"category","embeddable":true,"href":"https:\/\/www.bellunopress.it\/fr\/wp-json\/wp\/v2\/categories?post=33320"},{"taxonomy":"post_tag","embeddable":true,"href":"https:\/\/www.bellunopress.it\/fr\/wp-json\/wp\/v2\/tags?post=33320"}],"curies":[{"name":"wp","href":"https:\/\/api.w.org\/{rel}","templated":true}]}}