{"id":33318,"date":"2011-12-14T18:48:00","date_gmt":"2011-12-14T17:48:00","guid":{"rendered":"http:\/\/www.bellunopress.it\/?p=33318"},"modified":"2011-12-14T18:48:00","modified_gmt":"2011-12-14T17:48:00","slug":"bim-gsp-gianvittore-vaccari-ce-poca-trasparenza-nella-proposta-di-modifica-dello-statuto-che-andra-a-discutere-lunedi-prossimo-lassemblea","status":"publish","type":"post","link":"https:\/\/www.bellunopress.it\/fr\/2011\/12\/14\/bim-gsp-gianvittore-vaccari-ce-poca-trasparenza-nella-proposta-di-modifica-dello-statuto-che-andra-a-discutere-lunedi-prossimo-lassemblea\/","title":{"rendered":"Bim Gsp. Gianvittore Vaccari: &#8220;C&#8217;\u00e8 poca trasparenza nella proposta di modifica dello statuto che andr\u00e0 a discutere luned\u00ec prossimo l&#8217;assemblea&#8221;"},"content":{"rendered":"<p>Il sindaco di Feltre, senatore Gianvittore Vaccari, interviene con una nota per manifestare la sua preoccupazione\u00a0sulla proposta di modifica dello statuto della societ\u00e0 pubblica Bim Gsp.<\/p>\n<p><a href=\"http:\/\/www.bellunopress.it\/wp-content\/uploads\/2009\/07\/vaccari-sindaco-feltre-leggeriss.jpg\"><img loading=\"lazy\" decoding=\"async\" class=\"alignleft size-full wp-image-6475\" title=\"vaccari-sindaco-feltre-leggeriss\" src=\"http:\/\/www.bellunopress.it\/wp-content\/uploads\/2009\/07\/vaccari-sindaco-feltre-leggeriss.jpg\" alt=\"\" width=\"94\" height=\"130\" \/><\/a>&#8220;E&#8217; con sorpresa e preoccupazione che ho appreso della proposta di modifica \u00a0dell&#8217;articolo 13 comma 2, lettera c dello statuto sociale della Societ\u00e0 Bim Gsp spa, che \u00e8 all&#8217;ordine del giorno della seduta dell&#8217;Assemblea in sessione straordinaria convocata per luned\u00ec 19 dicembre. \u00a0 L&#8217;articolo 13 riguarda il Consiglio di Amministrazione; il punto 2, nello specifico recita: \u00a0 2. Non potranno ricoprire la carica di amministratore coloro che: \u00a0 a) si trovino nelle situazioni di incompatibilit\u00e0 previste dalla legge; \u00a0 b) abbiano svolto funzioni di amministrazione, direzione o controllo di enti \u00a0successivamente sottoposti a procedure concorsuali nei due esercizi precedenti \u00a0all&#8217;assoggettamento alle procedure. Il divieto avr\u00e0 durata di tre anni dalla \u00a0data di assoggettamento alle procedure; \u00a0 c) siano in lite con la societ\u00e0 o siano titolari, soci illimitatamente \u00a0responsabili, amministratori, dipendenti con poteri di rappresentanza o di \u00a0coordinamento di imprese esercenti attivit\u00e0 concorrenti o comunque connesse con \u00a0i servizi affidati alla societ\u00e0,<\/p>\n<p>La proposta di\u00a0 modifica riguarda il citato punto C) a cui viene proposta la seguente aggiunta: \u00a0&#8220;salvo autorizzazione da parte dell&#8217;Assemblea&#8221;. \u00a0 Ci\u00f2 implica che con la modifica proposta\u00a0 l&#8217;Assemblea potrebbe deliberare \u00a0ed assumere decisioni\u00a0 in netto contrasto con quanto disciplinato ed affermato nel medesimo punto. Questa proposta preoccupa perch\u00e9 crea scarsa trasparenza specialmente \u00a0per un ente pubblico.&#8221;<\/p>\n<p>IL SINDACO \u00a0Sen. Gianvittore Vaccari<\/p>","protected":false},"excerpt":{"rendered":"<p>Il sindaco di Feltre, senatore Gianvittore Vaccari, interviene con una nota per manifestare la sua preoccupazione\u00a0sulla proposta di modifica dello statuto della societ\u00e0 pubblica Bim Gsp. &#8220;E&#8217; con sorpresa e preoccupazione che ho appreso della proposta di modifica \u00a0dell&#8217;articolo 13 comma 2, lettera c dello statuto sociale della Societ\u00e0 Bim Gsp spa, che \u00e8 all&#8217;ordine [&hellip;]<\/p>\n","protected":false},"author":2,"featured_media":0,"comment_status":"closed","ping_status":"open","sticky":false,"template":"","format":"standard","meta":{"footnotes":""},"categories":[5,26],"tags":[],"class_list":["post-33318","post","type-post","status-publish","format-standard","category-cronaca","category-prima-pagina"],"yoast_head":"<!-- This site is optimized with the Yoast SEO plugin v28.4 - https:\/\/yoast.com\/product\/yoast-seo-wordpress\/ -->\n<title>Bim Gsp. Gianvittore Vaccari: &quot;C&#039;\u00e8 poca trasparenza nella proposta di modifica dello statuto che andr\u00e0 a discutere luned\u00ec prossimo l&#039;assemblea&quot; - Bellunopress - Dolomiti<\/title>\n<meta name=\"robots\" content=\"index, follow, max-snippet:-1, max-image-preview:large, max-video-preview:-1\" \/>\n<link rel=\"canonical\" href=\"https:\/\/www.bellunopress.it\/fr\/2011\/12\/14\/bim-gsp-gianvittore-vaccari-ce-poca-trasparenza-nella-proposta-di-modifica-dello-statuto-che-andra-a-discutere-lunedi-prossimo-lassemblea\/\" \/>\n<meta property=\"og:locale\" content=\"fr_FR\" \/>\n<meta property=\"og:type\" content=\"article\" \/>\n<meta property=\"og:title\" content=\"Bim Gsp. Gianvittore Vaccari: &quot;C&#039;\u00e8 poca trasparenza nella proposta di modifica dello statuto che andr\u00e0 a discutere luned\u00ec prossimo l&#039;assemblea&quot; - Bellunopress - Dolomiti\" \/>\n<meta property=\"og:description\" content=\"Il sindaco di Feltre, senatore Gianvittore Vaccari, interviene con una nota per manifestare la sua preoccupazione\u00a0sulla proposta di modifica dello statuto della societ\u00e0 pubblica Bim Gsp. &#8220;E&#8217; con sorpresa e preoccupazione che ho appreso della proposta di modifica \u00a0dell&#8217;articolo 13 comma 2, lettera c dello statuto sociale della Societ\u00e0 Bim Gsp spa, che \u00e8 all&#8217;ordine [&hellip;]\" \/>\n<meta property=\"og:url\" content=\"https:\/\/www.bellunopress.it\/fr\/2011\/12\/14\/bim-gsp-gianvittore-vaccari-ce-poca-trasparenza-nella-proposta-di-modifica-dello-statuto-che-andra-a-discutere-lunedi-prossimo-lassemblea\/\" \/>\n<meta property=\"og:site_name\" content=\"Bellunopress - Dolomiti\" \/>\n<meta property=\"article:publisher\" content=\"https:\/\/www.facebook.com\/profile.php?id=100008943462799\" \/>\n<meta property=\"article:published_time\" content=\"2011-12-14T17:48:00+00:00\" \/>\n<meta property=\"og:image\" content=\"http:\/\/www.bellunopress.it\/wp-content\/uploads\/2009\/07\/vaccari-sindaco-feltre-leggeriss.jpg\" \/>\n<meta name=\"author\" content=\"redazione\" \/>\n<meta name=\"twitter:card\" content=\"summary_large_image\" \/>\n<meta name=\"twitter:creator\" content=\"@bellunopress\" \/>\n<meta name=\"twitter:site\" content=\"@bellunopress\" \/>\n<meta name=\"twitter:label1\" content=\"\u00c9crit par\" \/>\n\t<meta name=\"twitter:data1\" content=\"redazione\" \/>\n\t<meta name=\"twitter:label2\" content=\"Dur\u00e9e de lecture estim\u00e9e\" \/>\n\t<meta name=\"twitter:data2\" content=\"1 minute\" \/>\n<script type=\"application\/ld+json\" class=\"yoast-schema-graph\">{\"@context\":\"https:\\\/\\\/schema.org\",\"@graph\":[{\"@type\":\"Article\",\"@id\":\"https:\\\/\\\/www.bellunopress.it\\\/2011\\\/12\\\/14\\\/bim-gsp-gianvittore-vaccari-ce-poca-trasparenza-nella-proposta-di-modifica-dello-statuto-che-andra-a-discutere-lunedi-prossimo-lassemblea\\\/#article\",\"isPartOf\":{\"@id\":\"https:\\\/\\\/www.bellunopress.it\\\/2011\\\/12\\\/14\\\/bim-gsp-gianvittore-vaccari-ce-poca-trasparenza-nella-proposta-di-modifica-dello-statuto-che-andra-a-discutere-lunedi-prossimo-lassemblea\\\/\"},\"author\":{\"name\":\"redazione\",\"@id\":\"https:\\\/\\\/www.bellunopress.it\\\/#\\\/schema\\\/person\\\/79bb06722b37ece1c03d3e94beb30d73\"},\"headline\":\"Bim Gsp. Gianvittore Vaccari: &#8220;C&#8217;\u00e8 poca trasparenza nella proposta di modifica dello statuto che andr\u00e0 a discutere luned\u00ec prossimo l&#8217;assemblea&#8221;\",\"datePublished\":\"2011-12-14T17:48:00+00:00\",\"mainEntityOfPage\":{\"@id\":\"https:\\\/\\\/www.bellunopress.it\\\/2011\\\/12\\\/14\\\/bim-gsp-gianvittore-vaccari-ce-poca-trasparenza-nella-proposta-di-modifica-dello-statuto-che-andra-a-discutere-lunedi-prossimo-lassemblea\\\/\"},\"wordCount\":257,\"publisher\":{\"@id\":\"https:\\\/\\\/www.bellunopress.it\\\/#organization\"},\"image\":{\"@id\":\"https:\\\/\\\/www.bellunopress.it\\\/2011\\\/12\\\/14\\\/bim-gsp-gianvittore-vaccari-ce-poca-trasparenza-nella-proposta-di-modifica-dello-statuto-che-andra-a-discutere-lunedi-prossimo-lassemblea\\\/#primaryimage\"},\"thumbnailUrl\":\"http:\\\/\\\/www.bellunopress.it\\\/wp-content\\\/uploads\\\/2009\\\/07\\\/vaccari-sindaco-feltre-leggeriss.jpg\",\"articleSection\":[\"Cronaca\\\/Politica\",\"Prima Pagina\"],\"inLanguage\":\"fr-FR\"},{\"@type\":\"WebPage\",\"@id\":\"https:\\\/\\\/www.bellunopress.it\\\/2011\\\/12\\\/14\\\/bim-gsp-gianvittore-vaccari-ce-poca-trasparenza-nella-proposta-di-modifica-dello-statuto-che-andra-a-discutere-lunedi-prossimo-lassemblea\\\/\",\"url\":\"https:\\\/\\\/www.bellunopress.it\\\/2011\\\/12\\\/14\\\/bim-gsp-gianvittore-vaccari-ce-poca-trasparenza-nella-proposta-di-modifica-dello-statuto-che-andra-a-discutere-lunedi-prossimo-lassemblea\\\/\",\"name\":\"Bim Gsp. Gianvittore Vaccari: \\\"C'\u00e8 poca trasparenza nella proposta di modifica dello statuto che andr\u00e0 a discutere luned\u00ec prossimo l'assemblea\\\" - Bellunopress - Dolomiti\",\"isPartOf\":{\"@id\":\"https:\\\/\\\/www.bellunopress.it\\\/#website\"},\"primaryImageOfPage\":{\"@id\":\"https:\\\/\\\/www.bellunopress.it\\\/2011\\\/12\\\/14\\\/bim-gsp-gianvittore-vaccari-ce-poca-trasparenza-nella-proposta-di-modifica-dello-statuto-che-andra-a-discutere-lunedi-prossimo-lassemblea\\\/#primaryimage\"},\"image\":{\"@id\":\"https:\\\/\\\/www.bellunopress.it\\\/2011\\\/12\\\/14\\\/bim-gsp-gianvittore-vaccari-ce-poca-trasparenza-nella-proposta-di-modifica-dello-statuto-che-andra-a-discutere-lunedi-prossimo-lassemblea\\\/#primaryimage\"},\"thumbnailUrl\":\"http:\\\/\\\/www.bellunopress.it\\\/wp-content\\\/uploads\\\/2009\\\/07\\\/vaccari-sindaco-feltre-leggeriss.jpg\",\"datePublished\":\"2011-12-14T17:48:00+00:00\",\"breadcrumb\":{\"@id\":\"https:\\\/\\\/www.bellunopress.it\\\/2011\\\/12\\\/14\\\/bim-gsp-gianvittore-vaccari-ce-poca-trasparenza-nella-proposta-di-modifica-dello-statuto-che-andra-a-discutere-lunedi-prossimo-lassemblea\\\/#breadcrumb\"},\"inLanguage\":\"fr-FR\",\"potentialAction\":[{\"@type\":\"ReadAction\",\"target\":[\"https:\\\/\\\/www.bellunopress.it\\\/2011\\\/12\\\/14\\\/bim-gsp-gianvittore-vaccari-ce-poca-trasparenza-nella-proposta-di-modifica-dello-statuto-che-andra-a-discutere-lunedi-prossimo-lassemblea\\\/\"]}]},{\"@type\":\"ImageObject\",\"inLanguage\":\"fr-FR\",\"@id\":\"https:\\\/\\\/www.bellunopress.it\\\/2011\\\/12\\\/14\\\/bim-gsp-gianvittore-vaccari-ce-poca-trasparenza-nella-proposta-di-modifica-dello-statuto-che-andra-a-discutere-lunedi-prossimo-lassemblea\\\/#primaryimage\",\"url\":\"http:\\\/\\\/www.bellunopress.it\\\/wp-content\\\/uploads\\\/2009\\\/07\\\/vaccari-sindaco-feltre-leggeriss.jpg\",\"contentUrl\":\"http:\\\/\\\/www.bellunopress.it\\\/wp-content\\\/uploads\\\/2009\\\/07\\\/vaccari-sindaco-feltre-leggeriss.jpg\"},{\"@type\":\"BreadcrumbList\",\"@id\":\"https:\\\/\\\/www.bellunopress.it\\\/2011\\\/12\\\/14\\\/bim-gsp-gianvittore-vaccari-ce-poca-trasparenza-nella-proposta-di-modifica-dello-statuto-che-andra-a-discutere-lunedi-prossimo-lassemblea\\\/#breadcrumb\",\"itemListElement\":[{\"@type\":\"ListItem\",\"position\":1,\"name\":\"Home\",\"item\":\"https:\\\/\\\/www.bellunopress.it\\\/\"},{\"@type\":\"ListItem\",\"position\":2,\"name\":\"Bim Gsp. Gianvittore Vaccari: &#8220;C&#8217;\u00e8 poca trasparenza nella proposta di modifica dello statuto che andr\u00e0 a discutere luned\u00ec prossimo l&#8217;assemblea&#8221;\"}]},{\"@type\":\"WebSite\",\"@id\":\"https:\\\/\\\/www.bellunopress.it\\\/#website\",\"url\":\"https:\\\/\\\/www.bellunopress.it\\\/\",\"name\":\"Bellunopress - Dolomiti\",\"description\":\"e-mail: redazione@bellunopress.it\",\"publisher\":{\"@id\":\"https:\\\/\\\/www.bellunopress.it\\\/#organization\"},\"potentialAction\":[{\"@type\":\"SearchAction\",\"target\":{\"@type\":\"EntryPoint\",\"urlTemplate\":\"https:\\\/\\\/www.bellunopress.it\\\/?s={search_term_string}\"},\"query-input\":{\"@type\":\"PropertyValueSpecification\",\"valueRequired\":true,\"valueName\":\"search_term_string\"}}],\"inLanguage\":\"fr-FR\"},{\"@type\":\"Organization\",\"@id\":\"https:\\\/\\\/www.bellunopress.it\\\/#organization\",\"name\":\"Bellunopress\",\"url\":\"https:\\\/\\\/www.bellunopress.it\\\/\",\"logo\":{\"@type\":\"ImageObject\",\"inLanguage\":\"fr-FR\",\"@id\":\"https:\\\/\\\/www.bellunopress.it\\\/#\\\/schema\\\/logo\\\/image\\\/\",\"url\":\"https:\\\/\\\/www.bellunopress.it\\\/wp-content\\\/uploads\\\/2011\\\/05\\\/cropped-logo-bellunopress-.jpg\",\"contentUrl\":\"https:\\\/\\\/www.bellunopress.it\\\/wp-content\\\/uploads\\\/2011\\\/05\\\/cropped-logo-bellunopress-.jpg\",\"width\":512,\"height\":512,\"caption\":\"Bellunopress\"},\"image\":{\"@id\":\"https:\\\/\\\/www.bellunopress.it\\\/#\\\/schema\\\/logo\\\/image\\\/\"},\"sameAs\":[\"https:\\\/\\\/www.facebook.com\\\/profile.php?id=100008943462799\",\"https:\\\/\\\/x.com\\\/bellunopress\",\"https:\\\/\\\/www.linkedin.com\\\/hp\\\/?dnr=JBzUWaJfMUw8vbXJJ2tVW5-I3jZKvC4wsoxE&amp;amp;amp;amp;amp;amp;trk=nav_responsive_tab_home\",\"https:\\\/\\\/www.youtube.com\\\/channel\\\/UCxL0wu1uN0_3_7hGG0306cw\"]},{\"@type\":\"Person\",\"@id\":\"https:\\\/\\\/www.bellunopress.it\\\/#\\\/schema\\\/person\\\/79bb06722b37ece1c03d3e94beb30d73\",\"name\":\"redazione\",\"image\":{\"@type\":\"ImageObject\",\"inLanguage\":\"fr-FR\",\"@id\":\"https:\\\/\\\/secure.gravatar.com\\\/avatar\\\/37d968a2e67a6fd04c169c4bdef102d0bc5d31b2546345219e348575eb80e9a0?s=96&d=mm&r=g\",\"url\":\"https:\\\/\\\/secure.gravatar.com\\\/avatar\\\/37d968a2e67a6fd04c169c4bdef102d0bc5d31b2546345219e348575eb80e9a0?s=96&d=mm&r=g\",\"contentUrl\":\"https:\\\/\\\/secure.gravatar.com\\\/avatar\\\/37d968a2e67a6fd04c169c4bdef102d0bc5d31b2546345219e348575eb80e9a0?s=96&d=mm&r=g\",\"caption\":\"redazione\"},\"sameAs\":[\"http:\\\/\\\/www.bellunopress.it\",\"https:\\\/\\\/x.com\\\/bellunopress\"],\"url\":\"https:\\\/\\\/www.bellunopress.it\\\/fr\\\/author\\\/redazione\\\/\"}]}<\/script>\n<!-- \/ Yoast SEO plugin. -->","yoast_head_json":{"title":"Bim Gsp. Gianvittore Vaccari: \"C'\u00e8 poca trasparenza nella proposta di modifica dello statuto che andr\u00e0 a discutere luned\u00ec prossimo l'assemblea\" - Bellunopress - Dolomiti","robots":{"index":"index","follow":"follow","max-snippet":"max-snippet:-1","max-image-preview":"max-image-preview:large","max-video-preview":"max-video-preview:-1"},"canonical":"https:\/\/www.bellunopress.it\/fr\/2011\/12\/14\/bim-gsp-gianvittore-vaccari-ce-poca-trasparenza-nella-proposta-di-modifica-dello-statuto-che-andra-a-discutere-lunedi-prossimo-lassemblea\/","og_locale":"fr_FR","og_type":"article","og_title":"Bim Gsp. Gianvittore Vaccari: \"C'\u00e8 poca trasparenza nella proposta di modifica dello statuto che andr\u00e0 a discutere luned\u00ec prossimo l'assemblea\" - Bellunopress - Dolomiti","og_description":"Il sindaco di Feltre, senatore Gianvittore Vaccari, interviene con una nota per manifestare la sua preoccupazione\u00a0sulla proposta di modifica dello statuto della societ\u00e0 pubblica Bim Gsp. &#8220;E&#8217; con sorpresa e preoccupazione che ho appreso della proposta di modifica \u00a0dell&#8217;articolo 13 comma 2, lettera c dello statuto sociale della Societ\u00e0 Bim Gsp spa, che \u00e8 all&#8217;ordine [&hellip;]","og_url":"https:\/\/www.bellunopress.it\/fr\/2011\/12\/14\/bim-gsp-gianvittore-vaccari-ce-poca-trasparenza-nella-proposta-di-modifica-dello-statuto-che-andra-a-discutere-lunedi-prossimo-lassemblea\/","og_site_name":"Bellunopress - Dolomiti","article_publisher":"https:\/\/www.facebook.com\/profile.php?id=100008943462799","article_published_time":"2011-12-14T17:48:00+00:00","og_image":[{"url":"http:\/\/www.bellunopress.it\/wp-content\/uploads\/2009\/07\/vaccari-sindaco-feltre-leggeriss.jpg","type":"","width":"","height":""}],"author":"redazione","twitter_card":"summary_large_image","twitter_creator":"@bellunopress","twitter_site":"@bellunopress","twitter_misc":{"\u00c9crit par":"redazione","Dur\u00e9e de lecture estim\u00e9e":"1 minute"},"schema":{"@context":"https:\/\/schema.org","@graph":[{"@type":"Article","@id":"https:\/\/www.bellunopress.it\/2011\/12\/14\/bim-gsp-gianvittore-vaccari-ce-poca-trasparenza-nella-proposta-di-modifica-dello-statuto-che-andra-a-discutere-lunedi-prossimo-lassemblea\/#article","isPartOf":{"@id":"https:\/\/www.bellunopress.it\/2011\/12\/14\/bim-gsp-gianvittore-vaccari-ce-poca-trasparenza-nella-proposta-di-modifica-dello-statuto-che-andra-a-discutere-lunedi-prossimo-lassemblea\/"},"author":{"name":"redazione","@id":"https:\/\/www.bellunopress.it\/#\/schema\/person\/79bb06722b37ece1c03d3e94beb30d73"},"headline":"Bim Gsp. Gianvittore Vaccari: &#8220;C&#8217;\u00e8 poca trasparenza nella proposta di modifica dello statuto che andr\u00e0 a discutere luned\u00ec prossimo l&#8217;assemblea&#8221;","datePublished":"2011-12-14T17:48:00+00:00","mainEntityOfPage":{"@id":"https:\/\/www.bellunopress.it\/2011\/12\/14\/bim-gsp-gianvittore-vaccari-ce-poca-trasparenza-nella-proposta-di-modifica-dello-statuto-che-andra-a-discutere-lunedi-prossimo-lassemblea\/"},"wordCount":257,"publisher":{"@id":"https:\/\/www.bellunopress.it\/#organization"},"image":{"@id":"https:\/\/www.bellunopress.it\/2011\/12\/14\/bim-gsp-gianvittore-vaccari-ce-poca-trasparenza-nella-proposta-di-modifica-dello-statuto-che-andra-a-discutere-lunedi-prossimo-lassemblea\/#primaryimage"},"thumbnailUrl":"http:\/\/www.bellunopress.it\/wp-content\/uploads\/2009\/07\/vaccari-sindaco-feltre-leggeriss.jpg","articleSection":["Cronaca\/Politica","Prima Pagina"],"inLanguage":"fr-FR"},{"@type":"WebPage","@id":"https:\/\/www.bellunopress.it\/2011\/12\/14\/bim-gsp-gianvittore-vaccari-ce-poca-trasparenza-nella-proposta-di-modifica-dello-statuto-che-andra-a-discutere-lunedi-prossimo-lassemblea\/","url":"https:\/\/www.bellunopress.it\/2011\/12\/14\/bim-gsp-gianvittore-vaccari-ce-poca-trasparenza-nella-proposta-di-modifica-dello-statuto-che-andra-a-discutere-lunedi-prossimo-lassemblea\/","name":"Bim Gsp. Gianvittore Vaccari: \"C'\u00e8 poca trasparenza nella proposta di modifica dello statuto che andr\u00e0 a discutere luned\u00ec prossimo l'assemblea\" - Bellunopress - Dolomiti","isPartOf":{"@id":"https:\/\/www.bellunopress.it\/#website"},"primaryImageOfPage":{"@id":"https:\/\/www.bellunopress.it\/2011\/12\/14\/bim-gsp-gianvittore-vaccari-ce-poca-trasparenza-nella-proposta-di-modifica-dello-statuto-che-andra-a-discutere-lunedi-prossimo-lassemblea\/#primaryimage"},"image":{"@id":"https:\/\/www.bellunopress.it\/2011\/12\/14\/bim-gsp-gianvittore-vaccari-ce-poca-trasparenza-nella-proposta-di-modifica-dello-statuto-che-andra-a-discutere-lunedi-prossimo-lassemblea\/#primaryimage"},"thumbnailUrl":"http:\/\/www.bellunopress.it\/wp-content\/uploads\/2009\/07\/vaccari-sindaco-feltre-leggeriss.jpg","datePublished":"2011-12-14T17:48:00+00:00","breadcrumb":{"@id":"https:\/\/www.bellunopress.it\/2011\/12\/14\/bim-gsp-gianvittore-vaccari-ce-poca-trasparenza-nella-proposta-di-modifica-dello-statuto-che-andra-a-discutere-lunedi-prossimo-lassemblea\/#breadcrumb"},"inLanguage":"fr-FR","potentialAction":[{"@type":"ReadAction","target":["https:\/\/www.bellunopress.it\/2011\/12\/14\/bim-gsp-gianvittore-vaccari-ce-poca-trasparenza-nella-proposta-di-modifica-dello-statuto-che-andra-a-discutere-lunedi-prossimo-lassemblea\/"]}]},{"@type":"ImageObject","inLanguage":"fr-FR","@id":"https:\/\/www.bellunopress.it\/2011\/12\/14\/bim-gsp-gianvittore-vaccari-ce-poca-trasparenza-nella-proposta-di-modifica-dello-statuto-che-andra-a-discutere-lunedi-prossimo-lassemblea\/#primaryimage","url":"http:\/\/www.bellunopress.it\/wp-content\/uploads\/2009\/07\/vaccari-sindaco-feltre-leggeriss.jpg","contentUrl":"http:\/\/www.bellunopress.it\/wp-content\/uploads\/2009\/07\/vaccari-sindaco-feltre-leggeriss.jpg"},{"@type":"BreadcrumbList","@id":"https:\/\/www.bellunopress.it\/2011\/12\/14\/bim-gsp-gianvittore-vaccari-ce-poca-trasparenza-nella-proposta-di-modifica-dello-statuto-che-andra-a-discutere-lunedi-prossimo-lassemblea\/#breadcrumb","itemListElement":[{"@type":"ListItem","position":1,"name":"Home","item":"https:\/\/www.bellunopress.it\/"},{"@type":"ListItem","position":2,"name":"Bim Gsp. Gianvittore Vaccari: &#8220;C&#8217;\u00e8 poca trasparenza nella proposta di modifica dello statuto che andr\u00e0 a discutere luned\u00ec prossimo l&#8217;assemblea&#8221;"}]},{"@type":"WebSite","@id":"https:\/\/www.bellunopress.it\/#website","url":"https:\/\/www.bellunopress.it\/","name":"Bellunopress - Dolomiti","description":"e-mail: redazione@bellunopress.it","publisher":{"@id":"https:\/\/www.bellunopress.it\/#organization"},"potentialAction":[{"@type":"SearchAction","target":{"@type":"EntryPoint","urlTemplate":"https:\/\/www.bellunopress.it\/?s={search_term_string}"},"query-input":{"@type":"PropertyValueSpecification","valueRequired":true,"valueName":"search_term_string"}}],"inLanguage":"fr-FR"},{"@type":"Organization","@id":"https:\/\/www.bellunopress.it\/#organization","name":"Bellunopress","url":"https:\/\/www.bellunopress.it\/","logo":{"@type":"ImageObject","inLanguage":"fr-FR","@id":"https:\/\/www.bellunopress.it\/#\/schema\/logo\/image\/","url":"https:\/\/www.bellunopress.it\/wp-content\/uploads\/2011\/05\/cropped-logo-bellunopress-.jpg","contentUrl":"https:\/\/www.bellunopress.it\/wp-content\/uploads\/2011\/05\/cropped-logo-bellunopress-.jpg","width":512,"height":512,"caption":"Bellunopress"},"image":{"@id":"https:\/\/www.bellunopress.it\/#\/schema\/logo\/image\/"},"sameAs":["https:\/\/www.facebook.com\/profile.php?id=100008943462799","https:\/\/x.com\/bellunopress","https:\/\/www.linkedin.com\/hp\/?dnr=JBzUWaJfMUw8vbXJJ2tVW5-I3jZKvC4wsoxE&amp;amp;amp;amp;amp;amp;trk=nav_responsive_tab_home","https:\/\/www.youtube.com\/channel\/UCxL0wu1uN0_3_7hGG0306cw"]},{"@type":"Person","@id":"https:\/\/www.bellunopress.it\/#\/schema\/person\/79bb06722b37ece1c03d3e94beb30d73","name":"r\u00e9daction","image":{"@type":"ImageObject","inLanguage":"fr-FR","@id":"https:\/\/secure.gravatar.com\/avatar\/37d968a2e67a6fd04c169c4bdef102d0bc5d31b2546345219e348575eb80e9a0?s=96&d=mm&r=g","url":"https:\/\/secure.gravatar.com\/avatar\/37d968a2e67a6fd04c169c4bdef102d0bc5d31b2546345219e348575eb80e9a0?s=96&d=mm&r=g","contentUrl":"https:\/\/secure.gravatar.com\/avatar\/37d968a2e67a6fd04c169c4bdef102d0bc5d31b2546345219e348575eb80e9a0?s=96&d=mm&r=g","caption":"redazione"},"sameAs":["http:\/\/www.bellunopress.it","https:\/\/x.com\/bellunopress"],"url":"https:\/\/www.bellunopress.it\/fr\/author\/redazione\/"}]}},"_links":{"self":[{"href":"https:\/\/www.bellunopress.it\/fr\/wp-json\/wp\/v2\/posts\/33318","targetHints":{"allow":["GET"]}}],"collection":[{"href":"https:\/\/www.bellunopress.it\/fr\/wp-json\/wp\/v2\/posts"}],"about":[{"href":"https:\/\/www.bellunopress.it\/fr\/wp-json\/wp\/v2\/types\/post"}],"author":[{"embeddable":true,"href":"https:\/\/www.bellunopress.it\/fr\/wp-json\/wp\/v2\/users\/2"}],"replies":[{"embeddable":true,"href":"https:\/\/www.bellunopress.it\/fr\/wp-json\/wp\/v2\/comments?post=33318"}],"version-history":[{"count":1,"href":"https:\/\/www.bellunopress.it\/fr\/wp-json\/wp\/v2\/posts\/33318\/revisions"}],"predecessor-version":[{"id":33319,"href":"https:\/\/www.bellunopress.it\/fr\/wp-json\/wp\/v2\/posts\/33318\/revisions\/33319"}],"wp:attachment":[{"href":"https:\/\/www.bellunopress.it\/fr\/wp-json\/wp\/v2\/media?parent=33318"}],"wp:term":[{"taxonomy":"category","embeddable":true,"href":"https:\/\/www.bellunopress.it\/fr\/wp-json\/wp\/v2\/categories?post=33318"},{"taxonomy":"post_tag","embeddable":true,"href":"https:\/\/www.bellunopress.it\/fr\/wp-json\/wp\/v2\/tags?post=33318"}],"curies":[{"name":"wp","href":"https:\/\/api.w.org\/{rel}","templated":true}]}}