{"id":33314,"date":"2011-12-14T18:31:17","date_gmt":"2011-12-14T17:31:17","guid":{"rendered":"http:\/\/www.bellunopress.it\/?p=33314"},"modified":"2011-12-14T18:32:12","modified_gmt":"2011-12-14T17:32:12","slug":"ecco-perche-partecipero-alla-manifestazionedel-comitato-acqua-bene-comune-sabato-a-belluno","status":"publish","type":"post","link":"https:\/\/www.bellunopress.it\/fr\/2011\/12\/14\/ecco-perche-partecipero-alla-manifestazionedel-comitato-acqua-bene-comune-sabato-a-belluno\/","title":{"rendered":"Ecco perch\u00e9 parteciper\u00f2 alla manifestazione del Comitato acqua bene comune sabato a Belluno"},"content":{"rendered":"<p>Nella nostra provincia, nel silenzio generale, aumentano a dismisura i progetti di centraline e grandi centrali di derivazione per uso idroelettrico in attesa di approvazione. Si contano oggi pi\u00f9 di un centinaio di progetti. La prima riflessione \u00e8 inerente al bacino del fiume Piave che \u00e8 tra i pi\u00f9 artificializzati d\u2019Europa: meno del 15% dei corsi d\u2019acqua dei nostri territori di montagna pu\u00f2 essere oggi classificato come naturale. Nonostante questo si continua ancora a vendere e concedere pi\u00f9 acqua di quella realmente disponibile. Tra le conseguenze di tutto ci\u00f2 va indicato, l\u2019incremento dei rischi idrogeologici, la perdita di diversit\u00e0 naturali e di paesaggio, lo svuotamento dei corsi d\u2019acqua e dei laghi di montagna, l\u2019aumento dell\u2019inquinamento dei corpi idrici e la difficolt\u00e0 di vita della fauna ittica. La seconda riflessione \u00e8 inerente alla completa assenza di un quadro generale aggiornato che individui le risorse idriche della provincia, di quali bacini siano utilizzabili, di quali invece vadano preservati e con quali criteri si debbano operare queste scelte. Non \u00e8 dato di sapere quante grandi e piccole centrali siano presenti oggi e soprattutto quante saranno fra 2\/3 anni e quale impatto avranno sul territorio una volta realizzate. Manca un serio controllo sulla adeguatezza tecnica dei progetti, non c\u2019\u00e8 un organo predisposto che controlli il deflusso minimo vitale e per il suo calcolo non si hanno quasi mai misure dirette per una valutazione realistica delle portate. Perch\u00e9 il nostro territorio non diventi una terra di conquista per facili profitti sull\u2019acqua, perch\u00e9 le istituzioni che operano nel settore sappiano coordinare gli sforzi per un quadro regolamentato e trasparente, che guardi al futuro, alla salvaguardia del nostro territorio e non all\u2019immediato profitto, sabato 17 dicembre parteciper\u00f2 alla manifestazione del\u00a0 Comitato acqua bene comune. Anche se la nostra provincia conta ben poco (200000 voti valgono ben poco rispetto ai 4 milioni di elettori del Veneto), non pu\u00f2 tacere: i fiumi sono ecosistemi essenziali alla vita ed arterie della nostra storia ed in quanto tali, vanno difesi e governati attraverso processi trasparenti e non consegnatii nelle mani di coloro che sono solo interessati ad immediati e facili profitti.<\/p>\n<p>Francesco Masut &#8211; Belluno<\/p>","protected":false},"excerpt":{"rendered":"<p>Nella nostra provincia, nel silenzio generale, aumentano a dismisura i progetti di centraline e grandi centrali di derivazione per uso idroelettrico in attesa di approvazione. Si contano oggi pi\u00f9 di un centinaio di progetti. La prima riflessione \u00e8 inerente al bacino del fiume Piave che \u00e8 tra i pi\u00f9 artificializzati d\u2019Europa: meno del 15% dei [&hellip;]<\/p>\n","protected":false},"author":2,"featured_media":0,"comment_status":"closed","ping_status":"open","sticky":false,"template":"","format":"standard","meta":{"footnotes":""},"categories":[1,26],"tags":[],"class_list":["post-33314","post","type-post","status-publish","format-standard","category-leo","category-prima-pagina"],"yoast_head":"<!-- This site is optimized with the Yoast SEO plugin v28.4 - https:\/\/yoast.com\/product\/yoast-seo-wordpress\/ -->\n<title>Ecco perch\u00e9 parteciper\u00f2 alla manifestazione del Comitato acqua bene comune sabato a Belluno - Bellunopress - Dolomiti<\/title>\n<meta name=\"robots\" content=\"index, follow, max-snippet:-1, max-image-preview:large, max-video-preview:-1\" \/>\n<link rel=\"canonical\" href=\"https:\/\/www.bellunopress.it\/fr\/2011\/12\/14\/ecco-perche-partecipero-alla-manifestazionedel-comitato-acqua-bene-comune-sabato-a-belluno\/\" \/>\n<meta property=\"og:locale\" content=\"fr_FR\" \/>\n<meta property=\"og:type\" content=\"article\" \/>\n<meta property=\"og:title\" content=\"Ecco perch\u00e9 parteciper\u00f2 alla manifestazione del Comitato acqua bene comune sabato a Belluno - Bellunopress - Dolomiti\" \/>\n<meta property=\"og:description\" content=\"Nella nostra provincia, nel silenzio generale, aumentano a dismisura i progetti di centraline e grandi centrali di derivazione per uso idroelettrico in attesa di approvazione. Si contano oggi pi\u00f9 di un centinaio di progetti. La prima riflessione \u00e8 inerente al bacino del fiume Piave che \u00e8 tra i pi\u00f9 artificializzati d\u2019Europa: meno del 15% dei [&hellip;]\" \/>\n<meta property=\"og:url\" content=\"https:\/\/www.bellunopress.it\/fr\/2011\/12\/14\/ecco-perche-partecipero-alla-manifestazionedel-comitato-acqua-bene-comune-sabato-a-belluno\/\" \/>\n<meta property=\"og:site_name\" content=\"Bellunopress - Dolomiti\" \/>\n<meta property=\"article:publisher\" content=\"https:\/\/www.facebook.com\/profile.php?id=100008943462799\" \/>\n<meta property=\"article:published_time\" content=\"2011-12-14T17:31:17+00:00\" \/>\n<meta property=\"article:modified_time\" content=\"2011-12-14T17:32:12+00:00\" \/>\n<meta property=\"og:image\" content=\"http:\/\/www.bellunopress.it\/wp-content\/uploads\/2012\/07\/logo-bellunopress-250x250-2012.jpg\" \/>\n<meta name=\"author\" content=\"redazione\" \/>\n<meta name=\"twitter:card\" content=\"summary_large_image\" \/>\n<meta name=\"twitter:creator\" content=\"@bellunopress\" \/>\n<meta name=\"twitter:site\" content=\"@bellunopress\" \/>\n<meta name=\"twitter:label1\" content=\"\u00c9crit par\" \/>\n\t<meta name=\"twitter:data1\" content=\"redazione\" \/>\n\t<meta name=\"twitter:label2\" content=\"Dur\u00e9e de lecture estim\u00e9e\" \/>\n\t<meta name=\"twitter:data2\" content=\"2 minutes\" \/>\n<script type=\"application\/ld+json\" class=\"yoast-schema-graph\">{\"@context\":\"https:\\\/\\\/schema.org\",\"@graph\":[{\"@type\":\"Article\",\"@id\":\"https:\\\/\\\/www.bellunopress.it\\\/2011\\\/12\\\/14\\\/ecco-perche-partecipero-alla-manifestazionedel-comitato-acqua-bene-comune-sabato-a-belluno\\\/#article\",\"isPartOf\":{\"@id\":\"https:\\\/\\\/www.bellunopress.it\\\/2011\\\/12\\\/14\\\/ecco-perche-partecipero-alla-manifestazionedel-comitato-acqua-bene-comune-sabato-a-belluno\\\/\"},\"author\":{\"name\":\"redazione\",\"@id\":\"https:\\\/\\\/www.bellunopress.it\\\/#\\\/schema\\\/person\\\/79bb06722b37ece1c03d3e94beb30d73\"},\"headline\":\"Ecco perch\u00e9 parteciper\u00f2 alla manifestazione del Comitato acqua bene comune sabato a Belluno\",\"datePublished\":\"2011-12-14T17:31:17+00:00\",\"dateModified\":\"2011-12-14T17:32:12+00:00\",\"mainEntityOfPage\":{\"@id\":\"https:\\\/\\\/www.bellunopress.it\\\/2011\\\/12\\\/14\\\/ecco-perche-partecipero-alla-manifestazionedel-comitato-acqua-bene-comune-sabato-a-belluno\\\/\"},\"wordCount\":366,\"publisher\":{\"@id\":\"https:\\\/\\\/www.bellunopress.it\\\/#organization\"},\"articleSection\":[\"Lettere Opinioni\",\"Prima Pagina\"],\"inLanguage\":\"fr-FR\"},{\"@type\":\"WebPage\",\"@id\":\"https:\\\/\\\/www.bellunopress.it\\\/2011\\\/12\\\/14\\\/ecco-perche-partecipero-alla-manifestazionedel-comitato-acqua-bene-comune-sabato-a-belluno\\\/\",\"url\":\"https:\\\/\\\/www.bellunopress.it\\\/2011\\\/12\\\/14\\\/ecco-perche-partecipero-alla-manifestazionedel-comitato-acqua-bene-comune-sabato-a-belluno\\\/\",\"name\":\"Ecco perch\u00e9 parteciper\u00f2 alla manifestazione del Comitato acqua bene comune sabato a Belluno - Bellunopress - Dolomiti\",\"isPartOf\":{\"@id\":\"https:\\\/\\\/www.bellunopress.it\\\/#website\"},\"datePublished\":\"2011-12-14T17:31:17+00:00\",\"dateModified\":\"2011-12-14T17:32:12+00:00\",\"breadcrumb\":{\"@id\":\"https:\\\/\\\/www.bellunopress.it\\\/2011\\\/12\\\/14\\\/ecco-perche-partecipero-alla-manifestazionedel-comitato-acqua-bene-comune-sabato-a-belluno\\\/#breadcrumb\"},\"inLanguage\":\"fr-FR\",\"potentialAction\":[{\"@type\":\"ReadAction\",\"target\":[\"https:\\\/\\\/www.bellunopress.it\\\/2011\\\/12\\\/14\\\/ecco-perche-partecipero-alla-manifestazionedel-comitato-acqua-bene-comune-sabato-a-belluno\\\/\"]}]},{\"@type\":\"BreadcrumbList\",\"@id\":\"https:\\\/\\\/www.bellunopress.it\\\/2011\\\/12\\\/14\\\/ecco-perche-partecipero-alla-manifestazionedel-comitato-acqua-bene-comune-sabato-a-belluno\\\/#breadcrumb\",\"itemListElement\":[{\"@type\":\"ListItem\",\"position\":1,\"name\":\"Home\",\"item\":\"https:\\\/\\\/www.bellunopress.it\\\/\"},{\"@type\":\"ListItem\",\"position\":2,\"name\":\"Ecco perch\u00e9 parteciper\u00f2 alla manifestazione del Comitato acqua bene comune sabato a Belluno\"}]},{\"@type\":\"WebSite\",\"@id\":\"https:\\\/\\\/www.bellunopress.it\\\/#website\",\"url\":\"https:\\\/\\\/www.bellunopress.it\\\/\",\"name\":\"Bellunopress - Dolomiti\",\"description\":\"e-mail: redazione@bellunopress.it\",\"publisher\":{\"@id\":\"https:\\\/\\\/www.bellunopress.it\\\/#organization\"},\"potentialAction\":[{\"@type\":\"SearchAction\",\"target\":{\"@type\":\"EntryPoint\",\"urlTemplate\":\"https:\\\/\\\/www.bellunopress.it\\\/?s={search_term_string}\"},\"query-input\":{\"@type\":\"PropertyValueSpecification\",\"valueRequired\":true,\"valueName\":\"search_term_string\"}}],\"inLanguage\":\"fr-FR\"},{\"@type\":\"Organization\",\"@id\":\"https:\\\/\\\/www.bellunopress.it\\\/#organization\",\"name\":\"Bellunopress\",\"url\":\"https:\\\/\\\/www.bellunopress.it\\\/\",\"logo\":{\"@type\":\"ImageObject\",\"inLanguage\":\"fr-FR\",\"@id\":\"https:\\\/\\\/www.bellunopress.it\\\/#\\\/schema\\\/logo\\\/image\\\/\",\"url\":\"https:\\\/\\\/www.bellunopress.it\\\/wp-content\\\/uploads\\\/2011\\\/05\\\/cropped-logo-bellunopress-.jpg\",\"contentUrl\":\"https:\\\/\\\/www.bellunopress.it\\\/wp-content\\\/uploads\\\/2011\\\/05\\\/cropped-logo-bellunopress-.jpg\",\"width\":512,\"height\":512,\"caption\":\"Bellunopress\"},\"image\":{\"@id\":\"https:\\\/\\\/www.bellunopress.it\\\/#\\\/schema\\\/logo\\\/image\\\/\"},\"sameAs\":[\"https:\\\/\\\/www.facebook.com\\\/profile.php?id=100008943462799\",\"https:\\\/\\\/x.com\\\/bellunopress\",\"https:\\\/\\\/www.linkedin.com\\\/hp\\\/?dnr=JBzUWaJfMUw8vbXJJ2tVW5-I3jZKvC4wsoxE&amp;amp;amp;amp;amp;amp;trk=nav_responsive_tab_home\",\"https:\\\/\\\/www.youtube.com\\\/channel\\\/UCxL0wu1uN0_3_7hGG0306cw\"]},{\"@type\":\"Person\",\"@id\":\"https:\\\/\\\/www.bellunopress.it\\\/#\\\/schema\\\/person\\\/79bb06722b37ece1c03d3e94beb30d73\",\"name\":\"redazione\",\"image\":{\"@type\":\"ImageObject\",\"inLanguage\":\"fr-FR\",\"@id\":\"https:\\\/\\\/secure.gravatar.com\\\/avatar\\\/37d968a2e67a6fd04c169c4bdef102d0bc5d31b2546345219e348575eb80e9a0?s=96&d=mm&r=g\",\"url\":\"https:\\\/\\\/secure.gravatar.com\\\/avatar\\\/37d968a2e67a6fd04c169c4bdef102d0bc5d31b2546345219e348575eb80e9a0?s=96&d=mm&r=g\",\"contentUrl\":\"https:\\\/\\\/secure.gravatar.com\\\/avatar\\\/37d968a2e67a6fd04c169c4bdef102d0bc5d31b2546345219e348575eb80e9a0?s=96&d=mm&r=g\",\"caption\":\"redazione\"},\"sameAs\":[\"http:\\\/\\\/www.bellunopress.it\",\"https:\\\/\\\/x.com\\\/bellunopress\"],\"url\":\"https:\\\/\\\/www.bellunopress.it\\\/fr\\\/author\\\/redazione\\\/\"}]}<\/script>\n<!-- \/ Yoast SEO plugin. -->","yoast_head_json":{"title":"Ecco perch\u00e9 parteciper\u00f2 alla manifestazione del Comitato acqua bene comune sabato a Belluno - Bellunopress - Dolomiti","robots":{"index":"index","follow":"follow","max-snippet":"max-snippet:-1","max-image-preview":"max-image-preview:large","max-video-preview":"max-video-preview:-1"},"canonical":"https:\/\/www.bellunopress.it\/fr\/2011\/12\/14\/ecco-perche-partecipero-alla-manifestazionedel-comitato-acqua-bene-comune-sabato-a-belluno\/","og_locale":"fr_FR","og_type":"article","og_title":"Ecco perch\u00e9 parteciper\u00f2 alla manifestazione del Comitato acqua bene comune sabato a Belluno - Bellunopress - Dolomiti","og_description":"Nella nostra provincia, nel silenzio generale, aumentano a dismisura i progetti di centraline e grandi centrali di derivazione per uso idroelettrico in attesa di approvazione. Si contano oggi pi\u00f9 di un centinaio di progetti. La prima riflessione \u00e8 inerente al bacino del fiume Piave che \u00e8 tra i pi\u00f9 artificializzati d\u2019Europa: meno del 15% dei [&hellip;]","og_url":"https:\/\/www.bellunopress.it\/fr\/2011\/12\/14\/ecco-perche-partecipero-alla-manifestazionedel-comitato-acqua-bene-comune-sabato-a-belluno\/","og_site_name":"Bellunopress - Dolomiti","article_publisher":"https:\/\/www.facebook.com\/profile.php?id=100008943462799","article_published_time":"2011-12-14T17:31:17+00:00","article_modified_time":"2011-12-14T17:32:12+00:00","og_image":[{"url":"http:\/\/www.bellunopress.it\/wp-content\/uploads\/2012\/07\/logo-bellunopress-250x250-2012.jpg","type":"","width":"","height":""}],"author":"redazione","twitter_card":"summary_large_image","twitter_creator":"@bellunopress","twitter_site":"@bellunopress","twitter_misc":{"\u00c9crit par":"redazione","Dur\u00e9e de lecture estim\u00e9e":"2 minutes"},"schema":{"@context":"https:\/\/schema.org","@graph":[{"@type":"Article","@id":"https:\/\/www.bellunopress.it\/2011\/12\/14\/ecco-perche-partecipero-alla-manifestazionedel-comitato-acqua-bene-comune-sabato-a-belluno\/#article","isPartOf":{"@id":"https:\/\/www.bellunopress.it\/2011\/12\/14\/ecco-perche-partecipero-alla-manifestazionedel-comitato-acqua-bene-comune-sabato-a-belluno\/"},"author":{"name":"redazione","@id":"https:\/\/www.bellunopress.it\/#\/schema\/person\/79bb06722b37ece1c03d3e94beb30d73"},"headline":"Ecco perch\u00e9 parteciper\u00f2 alla manifestazione del Comitato acqua bene comune sabato a Belluno","datePublished":"2011-12-14T17:31:17+00:00","dateModified":"2011-12-14T17:32:12+00:00","mainEntityOfPage":{"@id":"https:\/\/www.bellunopress.it\/2011\/12\/14\/ecco-perche-partecipero-alla-manifestazionedel-comitato-acqua-bene-comune-sabato-a-belluno\/"},"wordCount":366,"publisher":{"@id":"https:\/\/www.bellunopress.it\/#organization"},"articleSection":["Lettere Opinioni","Prima Pagina"],"inLanguage":"fr-FR"},{"@type":"WebPage","@id":"https:\/\/www.bellunopress.it\/2011\/12\/14\/ecco-perche-partecipero-alla-manifestazionedel-comitato-acqua-bene-comune-sabato-a-belluno\/","url":"https:\/\/www.bellunopress.it\/2011\/12\/14\/ecco-perche-partecipero-alla-manifestazionedel-comitato-acqua-bene-comune-sabato-a-belluno\/","name":"Ecco perch\u00e9 parteciper\u00f2 alla manifestazione del Comitato acqua bene comune sabato a Belluno - Bellunopress - Dolomiti","isPartOf":{"@id":"https:\/\/www.bellunopress.it\/#website"},"datePublished":"2011-12-14T17:31:17+00:00","dateModified":"2011-12-14T17:32:12+00:00","breadcrumb":{"@id":"https:\/\/www.bellunopress.it\/2011\/12\/14\/ecco-perche-partecipero-alla-manifestazionedel-comitato-acqua-bene-comune-sabato-a-belluno\/#breadcrumb"},"inLanguage":"fr-FR","potentialAction":[{"@type":"ReadAction","target":["https:\/\/www.bellunopress.it\/2011\/12\/14\/ecco-perche-partecipero-alla-manifestazionedel-comitato-acqua-bene-comune-sabato-a-belluno\/"]}]},{"@type":"BreadcrumbList","@id":"https:\/\/www.bellunopress.it\/2011\/12\/14\/ecco-perche-partecipero-alla-manifestazionedel-comitato-acqua-bene-comune-sabato-a-belluno\/#breadcrumb","itemListElement":[{"@type":"ListItem","position":1,"name":"Home","item":"https:\/\/www.bellunopress.it\/"},{"@type":"ListItem","position":2,"name":"Ecco perch\u00e9 parteciper\u00f2 alla manifestazione del Comitato acqua bene comune sabato a Belluno"}]},{"@type":"WebSite","@id":"https:\/\/www.bellunopress.it\/#website","url":"https:\/\/www.bellunopress.it\/","name":"Bellunopress - Dolomiti","description":"e-mail: redazione@bellunopress.it","publisher":{"@id":"https:\/\/www.bellunopress.it\/#organization"},"potentialAction":[{"@type":"SearchAction","target":{"@type":"EntryPoint","urlTemplate":"https:\/\/www.bellunopress.it\/?s={search_term_string}"},"query-input":{"@type":"PropertyValueSpecification","valueRequired":true,"valueName":"search_term_string"}}],"inLanguage":"fr-FR"},{"@type":"Organization","@id":"https:\/\/www.bellunopress.it\/#organization","name":"Bellunopress","url":"https:\/\/www.bellunopress.it\/","logo":{"@type":"ImageObject","inLanguage":"fr-FR","@id":"https:\/\/www.bellunopress.it\/#\/schema\/logo\/image\/","url":"https:\/\/www.bellunopress.it\/wp-content\/uploads\/2011\/05\/cropped-logo-bellunopress-.jpg","contentUrl":"https:\/\/www.bellunopress.it\/wp-content\/uploads\/2011\/05\/cropped-logo-bellunopress-.jpg","width":512,"height":512,"caption":"Bellunopress"},"image":{"@id":"https:\/\/www.bellunopress.it\/#\/schema\/logo\/image\/"},"sameAs":["https:\/\/www.facebook.com\/profile.php?id=100008943462799","https:\/\/x.com\/bellunopress","https:\/\/www.linkedin.com\/hp\/?dnr=JBzUWaJfMUw8vbXJJ2tVW5-I3jZKvC4wsoxE&amp;amp;amp;amp;amp;amp;trk=nav_responsive_tab_home","https:\/\/www.youtube.com\/channel\/UCxL0wu1uN0_3_7hGG0306cw"]},{"@type":"Person","@id":"https:\/\/www.bellunopress.it\/#\/schema\/person\/79bb06722b37ece1c03d3e94beb30d73","name":"r\u00e9daction","image":{"@type":"ImageObject","inLanguage":"fr-FR","@id":"https:\/\/secure.gravatar.com\/avatar\/37d968a2e67a6fd04c169c4bdef102d0bc5d31b2546345219e348575eb80e9a0?s=96&d=mm&r=g","url":"https:\/\/secure.gravatar.com\/avatar\/37d968a2e67a6fd04c169c4bdef102d0bc5d31b2546345219e348575eb80e9a0?s=96&d=mm&r=g","contentUrl":"https:\/\/secure.gravatar.com\/avatar\/37d968a2e67a6fd04c169c4bdef102d0bc5d31b2546345219e348575eb80e9a0?s=96&d=mm&r=g","caption":"redazione"},"sameAs":["http:\/\/www.bellunopress.it","https:\/\/x.com\/bellunopress"],"url":"https:\/\/www.bellunopress.it\/fr\/author\/redazione\/"}]}},"_links":{"self":[{"href":"https:\/\/www.bellunopress.it\/fr\/wp-json\/wp\/v2\/posts\/33314","targetHints":{"allow":["GET"]}}],"collection":[{"href":"https:\/\/www.bellunopress.it\/fr\/wp-json\/wp\/v2\/posts"}],"about":[{"href":"https:\/\/www.bellunopress.it\/fr\/wp-json\/wp\/v2\/types\/post"}],"author":[{"embeddable":true,"href":"https:\/\/www.bellunopress.it\/fr\/wp-json\/wp\/v2\/users\/2"}],"replies":[{"embeddable":true,"href":"https:\/\/www.bellunopress.it\/fr\/wp-json\/wp\/v2\/comments?post=33314"}],"version-history":[{"count":3,"href":"https:\/\/www.bellunopress.it\/fr\/wp-json\/wp\/v2\/posts\/33314\/revisions"}],"predecessor-version":[{"id":33317,"href":"https:\/\/www.bellunopress.it\/fr\/wp-json\/wp\/v2\/posts\/33314\/revisions\/33317"}],"wp:attachment":[{"href":"https:\/\/www.bellunopress.it\/fr\/wp-json\/wp\/v2\/media?parent=33314"}],"wp:term":[{"taxonomy":"category","embeddable":true,"href":"https:\/\/www.bellunopress.it\/fr\/wp-json\/wp\/v2\/categories?post=33314"},{"taxonomy":"post_tag","embeddable":true,"href":"https:\/\/www.bellunopress.it\/fr\/wp-json\/wp\/v2\/tags?post=33314"}],"curies":[{"name":"wp","href":"https:\/\/api.w.org\/{rel}","templated":true}]}}