{"id":33311,"date":"2011-12-14T18:22:47","date_gmt":"2011-12-14T17:22:47","guid":{"rendered":"http:\/\/www.bellunopress.it\/?p=33311"},"modified":"2011-12-14T18:22:47","modified_gmt":"2011-12-14T17:22:47","slug":"ultima-chiamata-per-il-partito-bellunese-di-paolo-bampo","status":"publish","type":"post","link":"https:\/\/www.bellunopress.it\/fr\/2011\/12\/14\/ultima-chiamata-per-il-partito-bellunese-di-paolo-bampo\/","title":{"rendered":"Ultima chiamata per il Partito bellunese    * di Paolo Bampo"},"content":{"rendered":"<figure id=\"attachment_11353\" aria-describedby=\"caption-attachment-11353\" style=\"width: 243px\" class=\"wp-caption alignleft\"><a href=\"http:\/\/www.bellunopress.it\/wp-content\/uploads\/2010\/01\/paolo-bampo.jpg\"><img loading=\"lazy\" decoding=\"async\" class=\"size-full wp-image-11353\" title=\"paolo-bampo\" src=\"http:\/\/www.bellunopress.it\/wp-content\/uploads\/2010\/01\/paolo-bampo.jpg\" alt=\"\" width=\"243\" height=\"280\" \/><\/a><figcaption id=\"caption-attachment-11353\" class=\"wp-caption-text\">Paolo Bampo<\/figcaption><\/figure>\n<p>\u00abIl tiro mancino all&#8217;autonomismo compiuto dal governo Monti, con la cancellazione delle Province, ha fatto compiere due passi indietro al processo di affrancamento del nostro territorio\u00bb. Lo afferma Paolo Bampo, fondatore del Movimento autonomista bellunese PAB in una nota. \u00abNel passato avevamo pi\u00f9 volte fatto riferimento alla necessit\u00e0 di cancellare le Prefetture (stretta emanazione del governo centrale) per spostarne ruolo e mansioni alle Province &#8211; prosegue il leader storico dell&#8217;autonomia bellunese, gi\u00e0 parlamentare per tre mandati con la Lega Nord &#8211; . Oggi assistiamo invece ad un ulteriore allontanamento del livello di gestione del territorio, dai cittadini che lo vivono.\u00a0 Con la cancellazione delle Province i cittadini perdono l&#8217;ultimo baluardo utile a tenere sotto controllo la politica dei fatti locali. Adesso pi\u00f9 mai \u00e8 necessario, pertanto, dar vita ad un partito bellunese che raccolga gente da destra a sinistra, dal centro agli autonomisti, dai credenti agli atei, dai padroni ai lavoratori, dai giovani agli anziani, dai disoccupati ai pensionati. Tutti con un&#8217;unica matrice: la \u201cBellunesit\u00e0\u201d. Per l&#8217;ennesima volta facciamo appello alla societ\u00e0 bellunese (sui partiti abbiamo capito che non si pu\u00f2 far affidamento) perch\u00e9 si dia vita ad un partito territoriale\u00a0 come lo \u00e8 la Volkspartei a Bolzano o l&#8217;Union Valdotain ad Aosta, che rappresenti l&#8217;unione e l&#8217;identit\u00e0 degli abitanti della nostra montagna.. Divisi tra le varie anime ideologiche non andremo mai da nessuna parte. Facendo il tifo per Berlusconi, per Bersani, Casini, Di Pietro, &amp; co. resteremo sempre divisi tra di noi e faremo solo i loro interessi. Per il PAB, primo e storico movimento autonomista bellunese, la Regione Dolomitica resta ora l&#8217;unica possibilit\u00e0 per eludere la cancellazione delle Province, nel caso in cui la politica non receda dai suoi insani propositi. Ma questo \u00e8 l&#8217;ultimo appello che facciamo per verificare se veramente i bellunesi vogliano liberarsi da Roma, da Milano e da Venezia e costituire, quindi, il \u201cPartito bellunese\u201d. Inascoltata anche questa chiamata, non ci rester\u00e0 altro da fare che adeguarci ad una volont\u00e0 ideologica e post ideologica di una eventuale maggioranza dei nostri conterranei, ma che sinora non era mai appartenuta al movimento politico che rappresentiamo. Per chi volesse dimostrarci condivisione,\u00a0 o desiderasse contattarci &#8211; conclude Bampo -, il nostro indirizzo mail \u00e8:\u00a0 <a href=\"mailto:pab.mov@libero.it\">pab.mov@libero.it<\/a><\/p>\n<p>Paolo Bampo &#8211; Movimento autonomista bellunese PAB<\/p>","protected":false},"excerpt":{"rendered":"<p>\u00abIl tiro mancino all&#8217;autonomismo compiuto dal governo Monti, con la cancellazione delle Province, ha fatto compiere due passi indietro al processo di affrancamento del nostro territorio\u00bb. Lo afferma Paolo Bampo, fondatore del Movimento autonomista bellunese PAB in una nota. \u00abNel passato avevamo pi\u00f9 volte fatto riferimento alla necessit\u00e0 di cancellare le Prefetture (stretta emanazione del [&hellip;]<\/p>\n","protected":false},"author":2,"featured_media":0,"comment_status":"closed","ping_status":"open","sticky":false,"template":"","format":"standard","meta":{"footnotes":""},"categories":[5,26],"tags":[],"class_list":["post-33311","post","type-post","status-publish","format-standard","category-cronaca","category-prima-pagina"],"yoast_head":"<!-- This site is optimized with the Yoast SEO plugin v28.4 - https:\/\/yoast.com\/product\/yoast-seo-wordpress\/ -->\n<title>Ultima chiamata per il Partito bellunese  * di Paolo Bampo - Bellunopress - Dolomiti<\/title>\n<meta name=\"robots\" content=\"index, follow, max-snippet:-1, max-image-preview:large, max-video-preview:-1\" \/>\n<link rel=\"canonical\" href=\"https:\/\/www.bellunopress.it\/fr\/2011\/12\/14\/ultima-chiamata-per-il-partito-bellunese-di-paolo-bampo\/\" \/>\n<meta property=\"og:locale\" content=\"fr_FR\" \/>\n<meta property=\"og:type\" content=\"article\" \/>\n<meta property=\"og:title\" content=\"Ultima chiamata per il Partito bellunese  * di Paolo Bampo - Bellunopress - Dolomiti\" \/>\n<meta property=\"og:description\" content=\"\u00abIl tiro mancino all&#8217;autonomismo compiuto dal governo Monti, con la cancellazione delle Province, ha fatto compiere due passi indietro al processo di affrancamento del nostro territorio\u00bb. Lo afferma Paolo Bampo, fondatore del Movimento autonomista bellunese PAB in una nota. \u00abNel passato avevamo pi\u00f9 volte fatto riferimento alla necessit\u00e0 di cancellare le Prefetture (stretta emanazione del [&hellip;]\" \/>\n<meta property=\"og:url\" content=\"https:\/\/www.bellunopress.it\/fr\/2011\/12\/14\/ultima-chiamata-per-il-partito-bellunese-di-paolo-bampo\/\" \/>\n<meta property=\"og:site_name\" content=\"Bellunopress - Dolomiti\" \/>\n<meta property=\"article:publisher\" content=\"https:\/\/www.facebook.com\/profile.php?id=100008943462799\" \/>\n<meta property=\"article:published_time\" content=\"2011-12-14T17:22:47+00:00\" \/>\n<meta property=\"og:image\" content=\"http:\/\/www.bellunopress.it\/wp-content\/uploads\/2010\/01\/paolo-bampo.jpg\" \/>\n<meta name=\"author\" content=\"redazione\" \/>\n<meta name=\"twitter:card\" content=\"summary_large_image\" \/>\n<meta name=\"twitter:creator\" content=\"@bellunopress\" \/>\n<meta name=\"twitter:site\" content=\"@bellunopress\" \/>\n<meta name=\"twitter:label1\" content=\"\u00c9crit par\" \/>\n\t<meta name=\"twitter:data1\" content=\"redazione\" \/>\n\t<meta name=\"twitter:label2\" content=\"Dur\u00e9e de lecture estim\u00e9e\" \/>\n\t<meta name=\"twitter:data2\" content=\"2 minutes\" \/>\n<script type=\"application\/ld+json\" class=\"yoast-schema-graph\">{\"@context\":\"https:\\\/\\\/schema.org\",\"@graph\":[{\"@type\":\"Article\",\"@id\":\"https:\\\/\\\/www.bellunopress.it\\\/2011\\\/12\\\/14\\\/ultima-chiamata-per-il-partito-bellunese-di-paolo-bampo\\\/#article\",\"isPartOf\":{\"@id\":\"https:\\\/\\\/www.bellunopress.it\\\/2011\\\/12\\\/14\\\/ultima-chiamata-per-il-partito-bellunese-di-paolo-bampo\\\/\"},\"author\":{\"name\":\"redazione\",\"@id\":\"https:\\\/\\\/www.bellunopress.it\\\/#\\\/schema\\\/person\\\/79bb06722b37ece1c03d3e94beb30d73\"},\"headline\":\"Ultima chiamata per il Partito bellunese * di Paolo Bampo\",\"datePublished\":\"2011-12-14T17:22:47+00:00\",\"mainEntityOfPage\":{\"@id\":\"https:\\\/\\\/www.bellunopress.it\\\/2011\\\/12\\\/14\\\/ultima-chiamata-per-il-partito-bellunese-di-paolo-bampo\\\/\"},\"wordCount\":401,\"publisher\":{\"@id\":\"https:\\\/\\\/www.bellunopress.it\\\/#organization\"},\"image\":{\"@id\":\"https:\\\/\\\/www.bellunopress.it\\\/2011\\\/12\\\/14\\\/ultima-chiamata-per-il-partito-bellunese-di-paolo-bampo\\\/#primaryimage\"},\"thumbnailUrl\":\"http:\\\/\\\/www.bellunopress.it\\\/wp-content\\\/uploads\\\/2010\\\/01\\\/paolo-bampo.jpg\",\"articleSection\":[\"Cronaca\\\/Politica\",\"Prima Pagina\"],\"inLanguage\":\"fr-FR\"},{\"@type\":\"WebPage\",\"@id\":\"https:\\\/\\\/www.bellunopress.it\\\/2011\\\/12\\\/14\\\/ultima-chiamata-per-il-partito-bellunese-di-paolo-bampo\\\/\",\"url\":\"https:\\\/\\\/www.bellunopress.it\\\/2011\\\/12\\\/14\\\/ultima-chiamata-per-il-partito-bellunese-di-paolo-bampo\\\/\",\"name\":\"Ultima chiamata per il Partito bellunese * di Paolo Bampo - Bellunopress - Dolomiti\",\"isPartOf\":{\"@id\":\"https:\\\/\\\/www.bellunopress.it\\\/#website\"},\"primaryImageOfPage\":{\"@id\":\"https:\\\/\\\/www.bellunopress.it\\\/2011\\\/12\\\/14\\\/ultima-chiamata-per-il-partito-bellunese-di-paolo-bampo\\\/#primaryimage\"},\"image\":{\"@id\":\"https:\\\/\\\/www.bellunopress.it\\\/2011\\\/12\\\/14\\\/ultima-chiamata-per-il-partito-bellunese-di-paolo-bampo\\\/#primaryimage\"},\"thumbnailUrl\":\"http:\\\/\\\/www.bellunopress.it\\\/wp-content\\\/uploads\\\/2010\\\/01\\\/paolo-bampo.jpg\",\"datePublished\":\"2011-12-14T17:22:47+00:00\",\"breadcrumb\":{\"@id\":\"https:\\\/\\\/www.bellunopress.it\\\/2011\\\/12\\\/14\\\/ultima-chiamata-per-il-partito-bellunese-di-paolo-bampo\\\/#breadcrumb\"},\"inLanguage\":\"fr-FR\",\"potentialAction\":[{\"@type\":\"ReadAction\",\"target\":[\"https:\\\/\\\/www.bellunopress.it\\\/2011\\\/12\\\/14\\\/ultima-chiamata-per-il-partito-bellunese-di-paolo-bampo\\\/\"]}]},{\"@type\":\"ImageObject\",\"inLanguage\":\"fr-FR\",\"@id\":\"https:\\\/\\\/www.bellunopress.it\\\/2011\\\/12\\\/14\\\/ultima-chiamata-per-il-partito-bellunese-di-paolo-bampo\\\/#primaryimage\",\"url\":\"http:\\\/\\\/www.bellunopress.it\\\/wp-content\\\/uploads\\\/2010\\\/01\\\/paolo-bampo.jpg\",\"contentUrl\":\"http:\\\/\\\/www.bellunopress.it\\\/wp-content\\\/uploads\\\/2010\\\/01\\\/paolo-bampo.jpg\"},{\"@type\":\"BreadcrumbList\",\"@id\":\"https:\\\/\\\/www.bellunopress.it\\\/2011\\\/12\\\/14\\\/ultima-chiamata-per-il-partito-bellunese-di-paolo-bampo\\\/#breadcrumb\",\"itemListElement\":[{\"@type\":\"ListItem\",\"position\":1,\"name\":\"Home\",\"item\":\"https:\\\/\\\/www.bellunopress.it\\\/\"},{\"@type\":\"ListItem\",\"position\":2,\"name\":\"Ultima chiamata per il Partito bellunese * di Paolo Bampo\"}]},{\"@type\":\"WebSite\",\"@id\":\"https:\\\/\\\/www.bellunopress.it\\\/#website\",\"url\":\"https:\\\/\\\/www.bellunopress.it\\\/\",\"name\":\"Bellunopress - Dolomiti\",\"description\":\"e-mail: redazione@bellunopress.it\",\"publisher\":{\"@id\":\"https:\\\/\\\/www.bellunopress.it\\\/#organization\"},\"potentialAction\":[{\"@type\":\"SearchAction\",\"target\":{\"@type\":\"EntryPoint\",\"urlTemplate\":\"https:\\\/\\\/www.bellunopress.it\\\/?s={search_term_string}\"},\"query-input\":{\"@type\":\"PropertyValueSpecification\",\"valueRequired\":true,\"valueName\":\"search_term_string\"}}],\"inLanguage\":\"fr-FR\"},{\"@type\":\"Organization\",\"@id\":\"https:\\\/\\\/www.bellunopress.it\\\/#organization\",\"name\":\"Bellunopress\",\"url\":\"https:\\\/\\\/www.bellunopress.it\\\/\",\"logo\":{\"@type\":\"ImageObject\",\"inLanguage\":\"fr-FR\",\"@id\":\"https:\\\/\\\/www.bellunopress.it\\\/#\\\/schema\\\/logo\\\/image\\\/\",\"url\":\"https:\\\/\\\/www.bellunopress.it\\\/wp-content\\\/uploads\\\/2011\\\/05\\\/cropped-logo-bellunopress-.jpg\",\"contentUrl\":\"https:\\\/\\\/www.bellunopress.it\\\/wp-content\\\/uploads\\\/2011\\\/05\\\/cropped-logo-bellunopress-.jpg\",\"width\":512,\"height\":512,\"caption\":\"Bellunopress\"},\"image\":{\"@id\":\"https:\\\/\\\/www.bellunopress.it\\\/#\\\/schema\\\/logo\\\/image\\\/\"},\"sameAs\":[\"https:\\\/\\\/www.facebook.com\\\/profile.php?id=100008943462799\",\"https:\\\/\\\/x.com\\\/bellunopress\",\"https:\\\/\\\/www.linkedin.com\\\/hp\\\/?dnr=JBzUWaJfMUw8vbXJJ2tVW5-I3jZKvC4wsoxE&amp;amp;amp;amp;amp;amp;trk=nav_responsive_tab_home\",\"https:\\\/\\\/www.youtube.com\\\/channel\\\/UCxL0wu1uN0_3_7hGG0306cw\"]},{\"@type\":\"Person\",\"@id\":\"https:\\\/\\\/www.bellunopress.it\\\/#\\\/schema\\\/person\\\/79bb06722b37ece1c03d3e94beb30d73\",\"name\":\"redazione\",\"image\":{\"@type\":\"ImageObject\",\"inLanguage\":\"fr-FR\",\"@id\":\"https:\\\/\\\/secure.gravatar.com\\\/avatar\\\/37d968a2e67a6fd04c169c4bdef102d0bc5d31b2546345219e348575eb80e9a0?s=96&d=mm&r=g\",\"url\":\"https:\\\/\\\/secure.gravatar.com\\\/avatar\\\/37d968a2e67a6fd04c169c4bdef102d0bc5d31b2546345219e348575eb80e9a0?s=96&d=mm&r=g\",\"contentUrl\":\"https:\\\/\\\/secure.gravatar.com\\\/avatar\\\/37d968a2e67a6fd04c169c4bdef102d0bc5d31b2546345219e348575eb80e9a0?s=96&d=mm&r=g\",\"caption\":\"redazione\"},\"sameAs\":[\"http:\\\/\\\/www.bellunopress.it\",\"https:\\\/\\\/x.com\\\/bellunopress\"],\"url\":\"https:\\\/\\\/www.bellunopress.it\\\/fr\\\/author\\\/redazione\\\/\"}]}<\/script>\n<!-- \/ Yoast SEO plugin. -->","yoast_head_json":{"title":"Ultima chiamata per il Partito bellunese  * di Paolo Bampo - Bellunopress - Dolomiti","robots":{"index":"index","follow":"follow","max-snippet":"max-snippet:-1","max-image-preview":"max-image-preview:large","max-video-preview":"max-video-preview:-1"},"canonical":"https:\/\/www.bellunopress.it\/fr\/2011\/12\/14\/ultima-chiamata-per-il-partito-bellunese-di-paolo-bampo\/","og_locale":"fr_FR","og_type":"article","og_title":"Ultima chiamata per il Partito bellunese  * di Paolo Bampo - Bellunopress - Dolomiti","og_description":"\u00abIl tiro mancino all&#8217;autonomismo compiuto dal governo Monti, con la cancellazione delle Province, ha fatto compiere due passi indietro al processo di affrancamento del nostro territorio\u00bb. Lo afferma Paolo Bampo, fondatore del Movimento autonomista bellunese PAB in una nota. \u00abNel passato avevamo pi\u00f9 volte fatto riferimento alla necessit\u00e0 di cancellare le Prefetture (stretta emanazione del [&hellip;]","og_url":"https:\/\/www.bellunopress.it\/fr\/2011\/12\/14\/ultima-chiamata-per-il-partito-bellunese-di-paolo-bampo\/","og_site_name":"Bellunopress - Dolomiti","article_publisher":"https:\/\/www.facebook.com\/profile.php?id=100008943462799","article_published_time":"2011-12-14T17:22:47+00:00","og_image":[{"url":"http:\/\/www.bellunopress.it\/wp-content\/uploads\/2010\/01\/paolo-bampo.jpg","type":"","width":"","height":""}],"author":"redazione","twitter_card":"summary_large_image","twitter_creator":"@bellunopress","twitter_site":"@bellunopress","twitter_misc":{"\u00c9crit par":"redazione","Dur\u00e9e de lecture estim\u00e9e":"2 minutes"},"schema":{"@context":"https:\/\/schema.org","@graph":[{"@type":"Article","@id":"https:\/\/www.bellunopress.it\/2011\/12\/14\/ultima-chiamata-per-il-partito-bellunese-di-paolo-bampo\/#article","isPartOf":{"@id":"https:\/\/www.bellunopress.it\/2011\/12\/14\/ultima-chiamata-per-il-partito-bellunese-di-paolo-bampo\/"},"author":{"name":"redazione","@id":"https:\/\/www.bellunopress.it\/#\/schema\/person\/79bb06722b37ece1c03d3e94beb30d73"},"headline":"Ultima chiamata per il Partito bellunese * di Paolo Bampo","datePublished":"2011-12-14T17:22:47+00:00","mainEntityOfPage":{"@id":"https:\/\/www.bellunopress.it\/2011\/12\/14\/ultima-chiamata-per-il-partito-bellunese-di-paolo-bampo\/"},"wordCount":401,"publisher":{"@id":"https:\/\/www.bellunopress.it\/#organization"},"image":{"@id":"https:\/\/www.bellunopress.it\/2011\/12\/14\/ultima-chiamata-per-il-partito-bellunese-di-paolo-bampo\/#primaryimage"},"thumbnailUrl":"http:\/\/www.bellunopress.it\/wp-content\/uploads\/2010\/01\/paolo-bampo.jpg","articleSection":["Cronaca\/Politica","Prima Pagina"],"inLanguage":"fr-FR"},{"@type":"WebPage","@id":"https:\/\/www.bellunopress.it\/2011\/12\/14\/ultima-chiamata-per-il-partito-bellunese-di-paolo-bampo\/","url":"https:\/\/www.bellunopress.it\/2011\/12\/14\/ultima-chiamata-per-il-partito-bellunese-di-paolo-bampo\/","name":"Ultima chiamata per il Partito bellunese * di Paolo Bampo - Bellunopress - Dolomiti","isPartOf":{"@id":"https:\/\/www.bellunopress.it\/#website"},"primaryImageOfPage":{"@id":"https:\/\/www.bellunopress.it\/2011\/12\/14\/ultima-chiamata-per-il-partito-bellunese-di-paolo-bampo\/#primaryimage"},"image":{"@id":"https:\/\/www.bellunopress.it\/2011\/12\/14\/ultima-chiamata-per-il-partito-bellunese-di-paolo-bampo\/#primaryimage"},"thumbnailUrl":"http:\/\/www.bellunopress.it\/wp-content\/uploads\/2010\/01\/paolo-bampo.jpg","datePublished":"2011-12-14T17:22:47+00:00","breadcrumb":{"@id":"https:\/\/www.bellunopress.it\/2011\/12\/14\/ultima-chiamata-per-il-partito-bellunese-di-paolo-bampo\/#breadcrumb"},"inLanguage":"fr-FR","potentialAction":[{"@type":"ReadAction","target":["https:\/\/www.bellunopress.it\/2011\/12\/14\/ultima-chiamata-per-il-partito-bellunese-di-paolo-bampo\/"]}]},{"@type":"ImageObject","inLanguage":"fr-FR","@id":"https:\/\/www.bellunopress.it\/2011\/12\/14\/ultima-chiamata-per-il-partito-bellunese-di-paolo-bampo\/#primaryimage","url":"http:\/\/www.bellunopress.it\/wp-content\/uploads\/2010\/01\/paolo-bampo.jpg","contentUrl":"http:\/\/www.bellunopress.it\/wp-content\/uploads\/2010\/01\/paolo-bampo.jpg"},{"@type":"BreadcrumbList","@id":"https:\/\/www.bellunopress.it\/2011\/12\/14\/ultima-chiamata-per-il-partito-bellunese-di-paolo-bampo\/#breadcrumb","itemListElement":[{"@type":"ListItem","position":1,"name":"Home","item":"https:\/\/www.bellunopress.it\/"},{"@type":"ListItem","position":2,"name":"Ultima chiamata per il Partito bellunese * di Paolo Bampo"}]},{"@type":"WebSite","@id":"https:\/\/www.bellunopress.it\/#website","url":"https:\/\/www.bellunopress.it\/","name":"Bellunopress - Dolomiti","description":"e-mail: redazione@bellunopress.it","publisher":{"@id":"https:\/\/www.bellunopress.it\/#organization"},"potentialAction":[{"@type":"SearchAction","target":{"@type":"EntryPoint","urlTemplate":"https:\/\/www.bellunopress.it\/?s={search_term_string}"},"query-input":{"@type":"PropertyValueSpecification","valueRequired":true,"valueName":"search_term_string"}}],"inLanguage":"fr-FR"},{"@type":"Organization","@id":"https:\/\/www.bellunopress.it\/#organization","name":"Bellunopress","url":"https:\/\/www.bellunopress.it\/","logo":{"@type":"ImageObject","inLanguage":"fr-FR","@id":"https:\/\/www.bellunopress.it\/#\/schema\/logo\/image\/","url":"https:\/\/www.bellunopress.it\/wp-content\/uploads\/2011\/05\/cropped-logo-bellunopress-.jpg","contentUrl":"https:\/\/www.bellunopress.it\/wp-content\/uploads\/2011\/05\/cropped-logo-bellunopress-.jpg","width":512,"height":512,"caption":"Bellunopress"},"image":{"@id":"https:\/\/www.bellunopress.it\/#\/schema\/logo\/image\/"},"sameAs":["https:\/\/www.facebook.com\/profile.php?id=100008943462799","https:\/\/x.com\/bellunopress","https:\/\/www.linkedin.com\/hp\/?dnr=JBzUWaJfMUw8vbXJJ2tVW5-I3jZKvC4wsoxE&amp;amp;amp;amp;amp;amp;trk=nav_responsive_tab_home","https:\/\/www.youtube.com\/channel\/UCxL0wu1uN0_3_7hGG0306cw"]},{"@type":"Person","@id":"https:\/\/www.bellunopress.it\/#\/schema\/person\/79bb06722b37ece1c03d3e94beb30d73","name":"r\u00e9daction","image":{"@type":"ImageObject","inLanguage":"fr-FR","@id":"https:\/\/secure.gravatar.com\/avatar\/37d968a2e67a6fd04c169c4bdef102d0bc5d31b2546345219e348575eb80e9a0?s=96&d=mm&r=g","url":"https:\/\/secure.gravatar.com\/avatar\/37d968a2e67a6fd04c169c4bdef102d0bc5d31b2546345219e348575eb80e9a0?s=96&d=mm&r=g","contentUrl":"https:\/\/secure.gravatar.com\/avatar\/37d968a2e67a6fd04c169c4bdef102d0bc5d31b2546345219e348575eb80e9a0?s=96&d=mm&r=g","caption":"redazione"},"sameAs":["http:\/\/www.bellunopress.it","https:\/\/x.com\/bellunopress"],"url":"https:\/\/www.bellunopress.it\/fr\/author\/redazione\/"}]}},"_links":{"self":[{"href":"https:\/\/www.bellunopress.it\/fr\/wp-json\/wp\/v2\/posts\/33311","targetHints":{"allow":["GET"]}}],"collection":[{"href":"https:\/\/www.bellunopress.it\/fr\/wp-json\/wp\/v2\/posts"}],"about":[{"href":"https:\/\/www.bellunopress.it\/fr\/wp-json\/wp\/v2\/types\/post"}],"author":[{"embeddable":true,"href":"https:\/\/www.bellunopress.it\/fr\/wp-json\/wp\/v2\/users\/2"}],"replies":[{"embeddable":true,"href":"https:\/\/www.bellunopress.it\/fr\/wp-json\/wp\/v2\/comments?post=33311"}],"version-history":[{"count":1,"href":"https:\/\/www.bellunopress.it\/fr\/wp-json\/wp\/v2\/posts\/33311\/revisions"}],"predecessor-version":[{"id":33312,"href":"https:\/\/www.bellunopress.it\/fr\/wp-json\/wp\/v2\/posts\/33311\/revisions\/33312"}],"wp:attachment":[{"href":"https:\/\/www.bellunopress.it\/fr\/wp-json\/wp\/v2\/media?parent=33311"}],"wp:term":[{"taxonomy":"category","embeddable":true,"href":"https:\/\/www.bellunopress.it\/fr\/wp-json\/wp\/v2\/categories?post=33311"},{"taxonomy":"post_tag","embeddable":true,"href":"https:\/\/www.bellunopress.it\/fr\/wp-json\/wp\/v2\/tags?post=33311"}],"curies":[{"name":"wp","href":"https:\/\/api.w.org\/{rel}","templated":true}]}}