{"id":33308,"date":"2011-12-14T17:51:07","date_gmt":"2011-12-14T16:51:07","guid":{"rendered":"http:\/\/www.bellunopress.it\/?p=33308"},"modified":"2011-12-14T17:51:07","modified_gmt":"2011-12-14T16:51:07","slug":"il-comune-di-calalzo-lancia-la-campagna-local-a-tutela-dei-commercianti-con-nuove-luminarie-e-un-ricco-cartellone-di-eventi-de-carlouna-iniziativa-che-punta-alla-tutela-d","status":"publish","type":"post","link":"https:\/\/www.bellunopress.it\/fr\/2011\/12\/14\/il-comune-di-calalzo-lancia-la-campagna-local-a-tutela-dei-commercianti-con-nuove-luminarie-e-un-ricco-cartellone-di-eventi-de-carlouna-iniziativa-che-punta-alla-tutela-d\/","title":{"rendered":"Il Comune di Calalzo lancia la Campagna \u201clocal\u201d a tutela dei commercianti, con nuove luminarie e un ricco cartellone di eventi. De Carlo:\u201cUna iniziativa che punta alla tutela dei nostri negozi, invitando i cittadini e i turisti a servirsi da loro&#8221;"},"content":{"rendered":"<p><a href=\"http:\/\/www.bellunopress.it\/wp-content\/uploads\/2011\/10\/luca-de-carlo-sindaco-di-calalzo.jpg\"><img loading=\"lazy\" decoding=\"async\" class=\"alignleft size-full wp-image-31942\" title=\"luca de carlo sindaco di calalzo\" src=\"http:\/\/www.bellunopress.it\/wp-content\/uploads\/2011\/10\/luca-de-carlo-sindaco-di-calalzo.jpg\" alt=\"\" width=\"230\" height=\"280\" \/><\/a>Il Comune di Calalzo rilancia la campagna natalizia a tutela degli esercizi commerciali del paese. \u201cBabbo Natale compra a Calalzo\u2026 facciamolo anche noi!\u201d \u00e8 il messaggio contenuto nei manifesti che l\u2019Amministrazione chieder\u00e0 di affiggere nei prossimi giorni all\u2019esterno dei negozi, esponendoli anche negli spazi pubblici del territorio. In essi spicca l\u2019immagine di un Babbo Natale iscritto in un addobbo per l\u2019albero, su campo rosso. \u201cUna iniziativa che punta alla tutela dei nostri negozi, invitando i cittadini e i turisti a servirsi da loro per gli acquisti e i pranzi delle feste \u2013 spiega il sindaco Luca De Carlo -. Dopo il bando estivo a favore degli esercizi commerciali che ci hanno supportato nell\u2019organizzazione di eventi per tenere vivo il paese, oggi chiediamo ai cittadini uno sforzo uguale e contrario: acquistare dai nostri negozi e pranzare nei nostri ristoranti o alberghi, per sostenere chi in un momento di crisi si sforza di mantenere Calalzo accogliente e vivace offrendo un servizio fondamentale\u201d. Una specie, insomma, di \u201cprotezionismo local\u201d: \u201cNon ho paura ad usare questa espressione \u2013 dichiara De Carlo -, perch\u00e9 una amministrazione deve proteggere e tutelare il proprio tessuto sociale specialmente in un periodo di difficolt\u00e0 come il presente. Per quanto di propria competenza, anche attraverso questa campagna il Comune d\u00e0 un ulteriore segnale in tal senso\u201d. Il \u201cNatale calaltino\u201d Calalzo si arricchisce in questi giorni anche di nuove luminarie, acquistate dall\u2019amministrazione in aggiunta a quelle gi\u00e0 in possesso per dare la suggestione delle festivit\u00e0 a residenti e turisti, \u201ccome gi\u00e0 fatto in estate \u2013 aggiunge De Carlo \u2013 con le decorazioni floreali in tutto il paese. Inoltre abbiamo stilato un cartellone di eventi per tutti i gusti ed et\u00e0, dopo l\u2019arrivo di San Nicol\u00f2 in piazza il 5 dicembre e la Fiera dell\u2019Immacolata. Venerd\u00ec 16 alle 21 in sala consiliare, Alex Pivirotto dar\u00e0 vita ad una serata, organizzata dal Cai e patrocinata dal Comune, sull\u2019esperienza dello sci escursionismo tra Marmarole, Antelao e Sorapiss. Sabato 17 in giornata avr\u00e0 luogo il mercatino di Natale riservato ad hobbisti e piccoli produttori, mentre la sera presso il rifugio Chiggiato si svolger\u00e0 l\u2019affascinante appuntamento \u201cG-astronomico\u201d in alta quota (organizzato sempre dal Cai Calalzo col patrocinio del Comune) con possibilit\u00e0 di pernottamento. Marted\u00ec 20 nella Chiesa di San Biagio il tradizionale Concerto natalizio dei bambini del Coro della scuola Primaria. A queste iniziative se ne aggiungeranno altre che sono in via di definizione.\u00a0 E non appena il tempo ce ne dar\u00e0 la possibilit\u00e0, apriremo come l\u2019anno scorso la pista da pattinaggio all\u2019Arena, dopo il bando per la gestione esteso a tutte le associazioni del paese.\u201d.<\/p>","protected":false},"excerpt":{"rendered":"<p>Il Comune di Calalzo rilancia la campagna natalizia a tutela degli esercizi commerciali del paese. \u201cBabbo Natale compra a Calalzo\u2026 facciamolo anche noi!\u201d \u00e8 il messaggio contenuto nei manifesti che l\u2019Amministrazione chieder\u00e0 di affiggere nei prossimi giorni all\u2019esterno dei negozi, esponendoli anche negli spazi pubblici del territorio. In essi spicca l\u2019immagine di un Babbo Natale [&hellip;]<\/p>\n","protected":false},"author":2,"featured_media":0,"comment_status":"closed","ping_status":"open","sticky":false,"template":"","format":"standard","meta":{"footnotes":""},"categories":[1],"tags":[],"class_list":["post-33308","post","type-post","status-publish","format-standard","category-leo"],"yoast_head":"<!-- This site is optimized with the Yoast SEO plugin v28.4 - https:\/\/yoast.com\/product\/yoast-seo-wordpress\/ -->\n<title>Il Comune di Calalzo lancia la Campagna \u201clocal\u201d a tutela dei commercianti, con nuove luminarie e un ricco cartellone di eventi. De Carlo:\u201cUna iniziativa che punta alla tutela dei nostri negozi, invitando i cittadini e i turisti a servirsi da loro&quot;   - Bellunopress - Dolomiti<\/title>\n<meta name=\"robots\" content=\"index, follow, max-snippet:-1, max-image-preview:large, max-video-preview:-1\" \/>\n<link rel=\"canonical\" href=\"https:\/\/www.bellunopress.it\/fr\/2011\/12\/14\/il-comune-di-calalzo-lancia-la-campagna-local-a-tutela-dei-commercianti-con-nuove-luminarie-e-un-ricco-cartellone-di-eventi-de-carlouna-iniziativa-che-punta-alla-tutela-d\/\" \/>\n<meta property=\"og:locale\" content=\"fr_FR\" \/>\n<meta property=\"og:type\" content=\"article\" \/>\n<meta property=\"og:title\" content=\"Il Comune di Calalzo lancia la Campagna \u201clocal\u201d a tutela dei commercianti, con nuove luminarie e un ricco cartellone di eventi. De Carlo:\u201cUna iniziativa che punta alla tutela dei nostri negozi, invitando i cittadini e i turisti a servirsi da loro&quot;   - Bellunopress - Dolomiti\" \/>\n<meta property=\"og:description\" content=\"Il Comune di Calalzo rilancia la campagna natalizia a tutela degli esercizi commerciali del paese. \u201cBabbo Natale compra a Calalzo\u2026 facciamolo anche noi!\u201d \u00e8 il messaggio contenuto nei manifesti che l\u2019Amministrazione chieder\u00e0 di affiggere nei prossimi giorni all\u2019esterno dei negozi, esponendoli anche negli spazi pubblici del territorio. In essi spicca l\u2019immagine di un Babbo Natale [&hellip;]\" \/>\n<meta property=\"og:url\" content=\"https:\/\/www.bellunopress.it\/fr\/2011\/12\/14\/il-comune-di-calalzo-lancia-la-campagna-local-a-tutela-dei-commercianti-con-nuove-luminarie-e-un-ricco-cartellone-di-eventi-de-carlouna-iniziativa-che-punta-alla-tutela-d\/\" \/>\n<meta property=\"og:site_name\" content=\"Bellunopress - Dolomiti\" \/>\n<meta property=\"article:publisher\" content=\"https:\/\/www.facebook.com\/profile.php?id=100008943462799\" \/>\n<meta property=\"article:published_time\" content=\"2011-12-14T16:51:07+00:00\" \/>\n<meta property=\"og:image\" content=\"http:\/\/www.bellunopress.it\/wp-content\/uploads\/2011\/10\/luca-de-carlo-sindaco-di-calalzo.jpg\" \/>\n<meta name=\"author\" content=\"redazione\" \/>\n<meta name=\"twitter:card\" content=\"summary_large_image\" \/>\n<meta name=\"twitter:creator\" content=\"@bellunopress\" \/>\n<meta name=\"twitter:site\" content=\"@bellunopress\" \/>\n<meta name=\"twitter:label1\" content=\"\u00c9crit par\" \/>\n\t<meta name=\"twitter:data1\" content=\"redazione\" \/>\n\t<meta name=\"twitter:label2\" content=\"Dur\u00e9e de lecture estim\u00e9e\" \/>\n\t<meta name=\"twitter:data2\" content=\"2 minutes\" \/>\n<script type=\"application\/ld+json\" class=\"yoast-schema-graph\">{\"@context\":\"https:\\\/\\\/schema.org\",\"@graph\":[{\"@type\":\"Article\",\"@id\":\"https:\\\/\\\/www.bellunopress.it\\\/2011\\\/12\\\/14\\\/il-comune-di-calalzo-lancia-la-campagna-local-a-tutela-dei-commercianti-con-nuove-luminarie-e-un-ricco-cartellone-di-eventi-de-carlouna-iniziativa-che-punta-alla-tutela-d\\\/#article\",\"isPartOf\":{\"@id\":\"https:\\\/\\\/www.bellunopress.it\\\/2011\\\/12\\\/14\\\/il-comune-di-calalzo-lancia-la-campagna-local-a-tutela-dei-commercianti-con-nuove-luminarie-e-un-ricco-cartellone-di-eventi-de-carlouna-iniziativa-che-punta-alla-tutela-d\\\/\"},\"author\":{\"name\":\"redazione\",\"@id\":\"https:\\\/\\\/www.bellunopress.it\\\/#\\\/schema\\\/person\\\/79bb06722b37ece1c03d3e94beb30d73\"},\"headline\":\"Il Comune di Calalzo lancia la Campagna \u201clocal\u201d a tutela dei commercianti, con nuove luminarie e un ricco cartellone di eventi. De Carlo:\u201cUna iniziativa che punta alla tutela dei nostri negozi, invitando i cittadini e i turisti a servirsi da loro&#8221;\",\"datePublished\":\"2011-12-14T16:51:07+00:00\",\"mainEntityOfPage\":{\"@id\":\"https:\\\/\\\/www.bellunopress.it\\\/2011\\\/12\\\/14\\\/il-comune-di-calalzo-lancia-la-campagna-local-a-tutela-dei-commercianti-con-nuove-luminarie-e-un-ricco-cartellone-di-eventi-de-carlouna-iniziativa-che-punta-alla-tutela-d\\\/\"},\"wordCount\":474,\"publisher\":{\"@id\":\"https:\\\/\\\/www.bellunopress.it\\\/#organization\"},\"image\":{\"@id\":\"https:\\\/\\\/www.bellunopress.it\\\/2011\\\/12\\\/14\\\/il-comune-di-calalzo-lancia-la-campagna-local-a-tutela-dei-commercianti-con-nuove-luminarie-e-un-ricco-cartellone-di-eventi-de-carlouna-iniziativa-che-punta-alla-tutela-d\\\/#primaryimage\"},\"thumbnailUrl\":\"http:\\\/\\\/www.bellunopress.it\\\/wp-content\\\/uploads\\\/2011\\\/10\\\/luca-de-carlo-sindaco-di-calalzo.jpg\",\"articleSection\":[\"Lettere Opinioni\"],\"inLanguage\":\"fr-FR\"},{\"@type\":\"WebPage\",\"@id\":\"https:\\\/\\\/www.bellunopress.it\\\/2011\\\/12\\\/14\\\/il-comune-di-calalzo-lancia-la-campagna-local-a-tutela-dei-commercianti-con-nuove-luminarie-e-un-ricco-cartellone-di-eventi-de-carlouna-iniziativa-che-punta-alla-tutela-d\\\/\",\"url\":\"https:\\\/\\\/www.bellunopress.it\\\/2011\\\/12\\\/14\\\/il-comune-di-calalzo-lancia-la-campagna-local-a-tutela-dei-commercianti-con-nuove-luminarie-e-un-ricco-cartellone-di-eventi-de-carlouna-iniziativa-che-punta-alla-tutela-d\\\/\",\"name\":\"Il Comune di Calalzo lancia la Campagna \u201clocal\u201d a tutela dei commercianti, con nuove luminarie e un ricco cartellone di eventi. De Carlo:\u201cUna iniziativa che punta alla tutela dei nostri negozi, invitando i cittadini e i turisti a servirsi da loro\\\" - Bellunopress - Dolomiti\",\"isPartOf\":{\"@id\":\"https:\\\/\\\/www.bellunopress.it\\\/#website\"},\"primaryImageOfPage\":{\"@id\":\"https:\\\/\\\/www.bellunopress.it\\\/2011\\\/12\\\/14\\\/il-comune-di-calalzo-lancia-la-campagna-local-a-tutela-dei-commercianti-con-nuove-luminarie-e-un-ricco-cartellone-di-eventi-de-carlouna-iniziativa-che-punta-alla-tutela-d\\\/#primaryimage\"},\"image\":{\"@id\":\"https:\\\/\\\/www.bellunopress.it\\\/2011\\\/12\\\/14\\\/il-comune-di-calalzo-lancia-la-campagna-local-a-tutela-dei-commercianti-con-nuove-luminarie-e-un-ricco-cartellone-di-eventi-de-carlouna-iniziativa-che-punta-alla-tutela-d\\\/#primaryimage\"},\"thumbnailUrl\":\"http:\\\/\\\/www.bellunopress.it\\\/wp-content\\\/uploads\\\/2011\\\/10\\\/luca-de-carlo-sindaco-di-calalzo.jpg\",\"datePublished\":\"2011-12-14T16:51:07+00:00\",\"breadcrumb\":{\"@id\":\"https:\\\/\\\/www.bellunopress.it\\\/2011\\\/12\\\/14\\\/il-comune-di-calalzo-lancia-la-campagna-local-a-tutela-dei-commercianti-con-nuove-luminarie-e-un-ricco-cartellone-di-eventi-de-carlouna-iniziativa-che-punta-alla-tutela-d\\\/#breadcrumb\"},\"inLanguage\":\"fr-FR\",\"potentialAction\":[{\"@type\":\"ReadAction\",\"target\":[\"https:\\\/\\\/www.bellunopress.it\\\/2011\\\/12\\\/14\\\/il-comune-di-calalzo-lancia-la-campagna-local-a-tutela-dei-commercianti-con-nuove-luminarie-e-un-ricco-cartellone-di-eventi-de-carlouna-iniziativa-che-punta-alla-tutela-d\\\/\"]}]},{\"@type\":\"ImageObject\",\"inLanguage\":\"fr-FR\",\"@id\":\"https:\\\/\\\/www.bellunopress.it\\\/2011\\\/12\\\/14\\\/il-comune-di-calalzo-lancia-la-campagna-local-a-tutela-dei-commercianti-con-nuove-luminarie-e-un-ricco-cartellone-di-eventi-de-carlouna-iniziativa-che-punta-alla-tutela-d\\\/#primaryimage\",\"url\":\"http:\\\/\\\/www.bellunopress.it\\\/wp-content\\\/uploads\\\/2011\\\/10\\\/luca-de-carlo-sindaco-di-calalzo.jpg\",\"contentUrl\":\"http:\\\/\\\/www.bellunopress.it\\\/wp-content\\\/uploads\\\/2011\\\/10\\\/luca-de-carlo-sindaco-di-calalzo.jpg\"},{\"@type\":\"BreadcrumbList\",\"@id\":\"https:\\\/\\\/www.bellunopress.it\\\/2011\\\/12\\\/14\\\/il-comune-di-calalzo-lancia-la-campagna-local-a-tutela-dei-commercianti-con-nuove-luminarie-e-un-ricco-cartellone-di-eventi-de-carlouna-iniziativa-che-punta-alla-tutela-d\\\/#breadcrumb\",\"itemListElement\":[{\"@type\":\"ListItem\",\"position\":1,\"name\":\"Home\",\"item\":\"https:\\\/\\\/www.bellunopress.it\\\/\"},{\"@type\":\"ListItem\",\"position\":2,\"name\":\"Il Comune di Calalzo lancia la Campagna \u201clocal\u201d a tutela dei commercianti, con nuove luminarie e un ricco cartellone di eventi. De Carlo:\u201cUna iniziativa che punta alla tutela dei nostri negozi, invitando i cittadini e i turisti a servirsi da loro&#8221;\"}]},{\"@type\":\"WebSite\",\"@id\":\"https:\\\/\\\/www.bellunopress.it\\\/#website\",\"url\":\"https:\\\/\\\/www.bellunopress.it\\\/\",\"name\":\"Bellunopress - Dolomiti\",\"description\":\"e-mail: redazione@bellunopress.it\",\"publisher\":{\"@id\":\"https:\\\/\\\/www.bellunopress.it\\\/#organization\"},\"potentialAction\":[{\"@type\":\"SearchAction\",\"target\":{\"@type\":\"EntryPoint\",\"urlTemplate\":\"https:\\\/\\\/www.bellunopress.it\\\/?s={search_term_string}\"},\"query-input\":{\"@type\":\"PropertyValueSpecification\",\"valueRequired\":true,\"valueName\":\"search_term_string\"}}],\"inLanguage\":\"fr-FR\"},{\"@type\":\"Organization\",\"@id\":\"https:\\\/\\\/www.bellunopress.it\\\/#organization\",\"name\":\"Bellunopress\",\"url\":\"https:\\\/\\\/www.bellunopress.it\\\/\",\"logo\":{\"@type\":\"ImageObject\",\"inLanguage\":\"fr-FR\",\"@id\":\"https:\\\/\\\/www.bellunopress.it\\\/#\\\/schema\\\/logo\\\/image\\\/\",\"url\":\"https:\\\/\\\/www.bellunopress.it\\\/wp-content\\\/uploads\\\/2011\\\/05\\\/cropped-logo-bellunopress-.jpg\",\"contentUrl\":\"https:\\\/\\\/www.bellunopress.it\\\/wp-content\\\/uploads\\\/2011\\\/05\\\/cropped-logo-bellunopress-.jpg\",\"width\":512,\"height\":512,\"caption\":\"Bellunopress\"},\"image\":{\"@id\":\"https:\\\/\\\/www.bellunopress.it\\\/#\\\/schema\\\/logo\\\/image\\\/\"},\"sameAs\":[\"https:\\\/\\\/www.facebook.com\\\/profile.php?id=100008943462799\",\"https:\\\/\\\/x.com\\\/bellunopress\",\"https:\\\/\\\/www.linkedin.com\\\/hp\\\/?dnr=JBzUWaJfMUw8vbXJJ2tVW5-I3jZKvC4wsoxE&amp;amp;amp;amp;amp;amp;trk=nav_responsive_tab_home\",\"https:\\\/\\\/www.youtube.com\\\/channel\\\/UCxL0wu1uN0_3_7hGG0306cw\"]},{\"@type\":\"Person\",\"@id\":\"https:\\\/\\\/www.bellunopress.it\\\/#\\\/schema\\\/person\\\/79bb06722b37ece1c03d3e94beb30d73\",\"name\":\"redazione\",\"image\":{\"@type\":\"ImageObject\",\"inLanguage\":\"fr-FR\",\"@id\":\"https:\\\/\\\/secure.gravatar.com\\\/avatar\\\/37d968a2e67a6fd04c169c4bdef102d0bc5d31b2546345219e348575eb80e9a0?s=96&d=mm&r=g\",\"url\":\"https:\\\/\\\/secure.gravatar.com\\\/avatar\\\/37d968a2e67a6fd04c169c4bdef102d0bc5d31b2546345219e348575eb80e9a0?s=96&d=mm&r=g\",\"contentUrl\":\"https:\\\/\\\/secure.gravatar.com\\\/avatar\\\/37d968a2e67a6fd04c169c4bdef102d0bc5d31b2546345219e348575eb80e9a0?s=96&d=mm&r=g\",\"caption\":\"redazione\"},\"sameAs\":[\"http:\\\/\\\/www.bellunopress.it\",\"https:\\\/\\\/x.com\\\/bellunopress\"],\"url\":\"https:\\\/\\\/www.bellunopress.it\\\/fr\\\/author\\\/redazione\\\/\"}]}<\/script>\n<!-- \/ Yoast SEO plugin. -->","yoast_head_json":{"title":"Il Comune di Calalzo lancia la Campagna \u201clocal\u201d a tutela dei commercianti, con nuove luminarie e un ricco cartellone di eventi. De Carlo:\u201cUna iniziativa che punta alla tutela dei nostri negozi, invitando i cittadini e i turisti a servirsi da loro\"   - Bellunopress - Dolomiti","robots":{"index":"index","follow":"follow","max-snippet":"max-snippet:-1","max-image-preview":"max-image-preview:large","max-video-preview":"max-video-preview:-1"},"canonical":"https:\/\/www.bellunopress.it\/fr\/2011\/12\/14\/il-comune-di-calalzo-lancia-la-campagna-local-a-tutela-dei-commercianti-con-nuove-luminarie-e-un-ricco-cartellone-di-eventi-de-carlouna-iniziativa-che-punta-alla-tutela-d\/","og_locale":"fr_FR","og_type":"article","og_title":"Il Comune di Calalzo lancia la Campagna \u201clocal\u201d a tutela dei commercianti, con nuove luminarie e un ricco cartellone di eventi. De Carlo:\u201cUna iniziativa che punta alla tutela dei nostri negozi, invitando i cittadini e i turisti a servirsi da loro\"   - Bellunopress - Dolomiti","og_description":"Il Comune di Calalzo rilancia la campagna natalizia a tutela degli esercizi commerciali del paese. \u201cBabbo Natale compra a Calalzo\u2026 facciamolo anche noi!\u201d \u00e8 il messaggio contenuto nei manifesti che l\u2019Amministrazione chieder\u00e0 di affiggere nei prossimi giorni all\u2019esterno dei negozi, esponendoli anche negli spazi pubblici del territorio. In essi spicca l\u2019immagine di un Babbo Natale [&hellip;]","og_url":"https:\/\/www.bellunopress.it\/fr\/2011\/12\/14\/il-comune-di-calalzo-lancia-la-campagna-local-a-tutela-dei-commercianti-con-nuove-luminarie-e-un-ricco-cartellone-di-eventi-de-carlouna-iniziativa-che-punta-alla-tutela-d\/","og_site_name":"Bellunopress - Dolomiti","article_publisher":"https:\/\/www.facebook.com\/profile.php?id=100008943462799","article_published_time":"2011-12-14T16:51:07+00:00","og_image":[{"url":"http:\/\/www.bellunopress.it\/wp-content\/uploads\/2011\/10\/luca-de-carlo-sindaco-di-calalzo.jpg","type":"","width":"","height":""}],"author":"redazione","twitter_card":"summary_large_image","twitter_creator":"@bellunopress","twitter_site":"@bellunopress","twitter_misc":{"\u00c9crit par":"redazione","Dur\u00e9e de lecture estim\u00e9e":"2 minutes"},"schema":{"@context":"https:\/\/schema.org","@graph":[{"@type":"Article","@id":"https:\/\/www.bellunopress.it\/2011\/12\/14\/il-comune-di-calalzo-lancia-la-campagna-local-a-tutela-dei-commercianti-con-nuove-luminarie-e-un-ricco-cartellone-di-eventi-de-carlouna-iniziativa-che-punta-alla-tutela-d\/#article","isPartOf":{"@id":"https:\/\/www.bellunopress.it\/2011\/12\/14\/il-comune-di-calalzo-lancia-la-campagna-local-a-tutela-dei-commercianti-con-nuove-luminarie-e-un-ricco-cartellone-di-eventi-de-carlouna-iniziativa-che-punta-alla-tutela-d\/"},"author":{"name":"redazione","@id":"https:\/\/www.bellunopress.it\/#\/schema\/person\/79bb06722b37ece1c03d3e94beb30d73"},"headline":"Il Comune di Calalzo lancia la Campagna \u201clocal\u201d a tutela dei commercianti, con nuove luminarie e un ricco cartellone di eventi. De Carlo:\u201cUna iniziativa che punta alla tutela dei nostri negozi, invitando i cittadini e i turisti a servirsi da loro&#8221;","datePublished":"2011-12-14T16:51:07+00:00","mainEntityOfPage":{"@id":"https:\/\/www.bellunopress.it\/2011\/12\/14\/il-comune-di-calalzo-lancia-la-campagna-local-a-tutela-dei-commercianti-con-nuove-luminarie-e-un-ricco-cartellone-di-eventi-de-carlouna-iniziativa-che-punta-alla-tutela-d\/"},"wordCount":474,"publisher":{"@id":"https:\/\/www.bellunopress.it\/#organization"},"image":{"@id":"https:\/\/www.bellunopress.it\/2011\/12\/14\/il-comune-di-calalzo-lancia-la-campagna-local-a-tutela-dei-commercianti-con-nuove-luminarie-e-un-ricco-cartellone-di-eventi-de-carlouna-iniziativa-che-punta-alla-tutela-d\/#primaryimage"},"thumbnailUrl":"http:\/\/www.bellunopress.it\/wp-content\/uploads\/2011\/10\/luca-de-carlo-sindaco-di-calalzo.jpg","articleSection":["Lettere Opinioni"],"inLanguage":"fr-FR"},{"@type":"WebPage","@id":"https:\/\/www.bellunopress.it\/2011\/12\/14\/il-comune-di-calalzo-lancia-la-campagna-local-a-tutela-dei-commercianti-con-nuove-luminarie-e-un-ricco-cartellone-di-eventi-de-carlouna-iniziativa-che-punta-alla-tutela-d\/","url":"https:\/\/www.bellunopress.it\/2011\/12\/14\/il-comune-di-calalzo-lancia-la-campagna-local-a-tutela-dei-commercianti-con-nuove-luminarie-e-un-ricco-cartellone-di-eventi-de-carlouna-iniziativa-che-punta-alla-tutela-d\/","name":"Il Comune di Calalzo lancia la Campagna \u201clocal\u201d a tutela dei commercianti, con nuove luminarie e un ricco cartellone di eventi. De Carlo:\u201cUna iniziativa che punta alla tutela dei nostri negozi, invitando i cittadini e i turisti a servirsi da loro\" - Bellunopress - Dolomiti","isPartOf":{"@id":"https:\/\/www.bellunopress.it\/#website"},"primaryImageOfPage":{"@id":"https:\/\/www.bellunopress.it\/2011\/12\/14\/il-comune-di-calalzo-lancia-la-campagna-local-a-tutela-dei-commercianti-con-nuove-luminarie-e-un-ricco-cartellone-di-eventi-de-carlouna-iniziativa-che-punta-alla-tutela-d\/#primaryimage"},"image":{"@id":"https:\/\/www.bellunopress.it\/2011\/12\/14\/il-comune-di-calalzo-lancia-la-campagna-local-a-tutela-dei-commercianti-con-nuove-luminarie-e-un-ricco-cartellone-di-eventi-de-carlouna-iniziativa-che-punta-alla-tutela-d\/#primaryimage"},"thumbnailUrl":"http:\/\/www.bellunopress.it\/wp-content\/uploads\/2011\/10\/luca-de-carlo-sindaco-di-calalzo.jpg","datePublished":"2011-12-14T16:51:07+00:00","breadcrumb":{"@id":"https:\/\/www.bellunopress.it\/2011\/12\/14\/il-comune-di-calalzo-lancia-la-campagna-local-a-tutela-dei-commercianti-con-nuove-luminarie-e-un-ricco-cartellone-di-eventi-de-carlouna-iniziativa-che-punta-alla-tutela-d\/#breadcrumb"},"inLanguage":"fr-FR","potentialAction":[{"@type":"ReadAction","target":["https:\/\/www.bellunopress.it\/2011\/12\/14\/il-comune-di-calalzo-lancia-la-campagna-local-a-tutela-dei-commercianti-con-nuove-luminarie-e-un-ricco-cartellone-di-eventi-de-carlouna-iniziativa-che-punta-alla-tutela-d\/"]}]},{"@type":"ImageObject","inLanguage":"fr-FR","@id":"https:\/\/www.bellunopress.it\/2011\/12\/14\/il-comune-di-calalzo-lancia-la-campagna-local-a-tutela-dei-commercianti-con-nuove-luminarie-e-un-ricco-cartellone-di-eventi-de-carlouna-iniziativa-che-punta-alla-tutela-d\/#primaryimage","url":"http:\/\/www.bellunopress.it\/wp-content\/uploads\/2011\/10\/luca-de-carlo-sindaco-di-calalzo.jpg","contentUrl":"http:\/\/www.bellunopress.it\/wp-content\/uploads\/2011\/10\/luca-de-carlo-sindaco-di-calalzo.jpg"},{"@type":"BreadcrumbList","@id":"https:\/\/www.bellunopress.it\/2011\/12\/14\/il-comune-di-calalzo-lancia-la-campagna-local-a-tutela-dei-commercianti-con-nuove-luminarie-e-un-ricco-cartellone-di-eventi-de-carlouna-iniziativa-che-punta-alla-tutela-d\/#breadcrumb","itemListElement":[{"@type":"ListItem","position":1,"name":"Home","item":"https:\/\/www.bellunopress.it\/"},{"@type":"ListItem","position":2,"name":"Il Comune di Calalzo lancia la Campagna \u201clocal\u201d a tutela dei commercianti, con nuove luminarie e un ricco cartellone di eventi. De Carlo:\u201cUna iniziativa che punta alla tutela dei nostri negozi, invitando i cittadini e i turisti a servirsi da loro&#8221;"}]},{"@type":"WebSite","@id":"https:\/\/www.bellunopress.it\/#website","url":"https:\/\/www.bellunopress.it\/","name":"Bellunopress - Dolomiti","description":"e-mail: redazione@bellunopress.it","publisher":{"@id":"https:\/\/www.bellunopress.it\/#organization"},"potentialAction":[{"@type":"SearchAction","target":{"@type":"EntryPoint","urlTemplate":"https:\/\/www.bellunopress.it\/?s={search_term_string}"},"query-input":{"@type":"PropertyValueSpecification","valueRequired":true,"valueName":"search_term_string"}}],"inLanguage":"fr-FR"},{"@type":"Organization","@id":"https:\/\/www.bellunopress.it\/#organization","name":"Bellunopress","url":"https:\/\/www.bellunopress.it\/","logo":{"@type":"ImageObject","inLanguage":"fr-FR","@id":"https:\/\/www.bellunopress.it\/#\/schema\/logo\/image\/","url":"https:\/\/www.bellunopress.it\/wp-content\/uploads\/2011\/05\/cropped-logo-bellunopress-.jpg","contentUrl":"https:\/\/www.bellunopress.it\/wp-content\/uploads\/2011\/05\/cropped-logo-bellunopress-.jpg","width":512,"height":512,"caption":"Bellunopress"},"image":{"@id":"https:\/\/www.bellunopress.it\/#\/schema\/logo\/image\/"},"sameAs":["https:\/\/www.facebook.com\/profile.php?id=100008943462799","https:\/\/x.com\/bellunopress","https:\/\/www.linkedin.com\/hp\/?dnr=JBzUWaJfMUw8vbXJJ2tVW5-I3jZKvC4wsoxE&amp;amp;amp;amp;amp;amp;trk=nav_responsive_tab_home","https:\/\/www.youtube.com\/channel\/UCxL0wu1uN0_3_7hGG0306cw"]},{"@type":"Person","@id":"https:\/\/www.bellunopress.it\/#\/schema\/person\/79bb06722b37ece1c03d3e94beb30d73","name":"r\u00e9daction","image":{"@type":"ImageObject","inLanguage":"fr-FR","@id":"https:\/\/secure.gravatar.com\/avatar\/37d968a2e67a6fd04c169c4bdef102d0bc5d31b2546345219e348575eb80e9a0?s=96&d=mm&r=g","url":"https:\/\/secure.gravatar.com\/avatar\/37d968a2e67a6fd04c169c4bdef102d0bc5d31b2546345219e348575eb80e9a0?s=96&d=mm&r=g","contentUrl":"https:\/\/secure.gravatar.com\/avatar\/37d968a2e67a6fd04c169c4bdef102d0bc5d31b2546345219e348575eb80e9a0?s=96&d=mm&r=g","caption":"redazione"},"sameAs":["http:\/\/www.bellunopress.it","https:\/\/x.com\/bellunopress"],"url":"https:\/\/www.bellunopress.it\/fr\/author\/redazione\/"}]}},"_links":{"self":[{"href":"https:\/\/www.bellunopress.it\/fr\/wp-json\/wp\/v2\/posts\/33308","targetHints":{"allow":["GET"]}}],"collection":[{"href":"https:\/\/www.bellunopress.it\/fr\/wp-json\/wp\/v2\/posts"}],"about":[{"href":"https:\/\/www.bellunopress.it\/fr\/wp-json\/wp\/v2\/types\/post"}],"author":[{"embeddable":true,"href":"https:\/\/www.bellunopress.it\/fr\/wp-json\/wp\/v2\/users\/2"}],"replies":[{"embeddable":true,"href":"https:\/\/www.bellunopress.it\/fr\/wp-json\/wp\/v2\/comments?post=33308"}],"version-history":[{"count":2,"href":"https:\/\/www.bellunopress.it\/fr\/wp-json\/wp\/v2\/posts\/33308\/revisions"}],"predecessor-version":[{"id":33310,"href":"https:\/\/www.bellunopress.it\/fr\/wp-json\/wp\/v2\/posts\/33308\/revisions\/33310"}],"wp:attachment":[{"href":"https:\/\/www.bellunopress.it\/fr\/wp-json\/wp\/v2\/media?parent=33308"}],"wp:term":[{"taxonomy":"category","embeddable":true,"href":"https:\/\/www.bellunopress.it\/fr\/wp-json\/wp\/v2\/categories?post=33308"},{"taxonomy":"post_tag","embeddable":true,"href":"https:\/\/www.bellunopress.it\/fr\/wp-json\/wp\/v2\/tags?post=33308"}],"curies":[{"name":"wp","href":"https:\/\/api.w.org\/{rel}","templated":true}]}}