{"id":33290,"date":"2011-12-13T21:50:15","date_gmt":"2011-12-13T20:50:15","guid":{"rendered":"http:\/\/www.bellunopress.it\/?p=33290"},"modified":"2011-12-13T21:50:15","modified_gmt":"2011-12-13T20:50:15","slug":"giovedi-al-comunale-si-inaugura-la-stagione-di-danza-con-varietas-delectat","status":"publish","type":"post","link":"https:\/\/www.bellunopress.it\/fr\/2011\/12\/13\/giovedi-al-comunale-si-inaugura-la-stagione-di-danza-con-varietas-delectat\/","title":{"rendered":"Gioved\u00ec al Comunale si inaugura la stagione di danza con Varietas Delectat"},"content":{"rendered":"<p>Debutta la nuova Stagione di Danza 2011-2012 del Teatro Comunale di Belluno gioved\u00ec 15 dicembre (inizio spettacolo ore 20:45) con Varietas Delectat. <a href=\"http:\/\/www.bellunopress.it\/wp-content\/uploads\/2011\/12\/Varietas-Delectat.jpg\"><img loading=\"lazy\" decoding=\"async\" class=\"alignleft size-full wp-image-33291\" title=\"Varietas Delectat\" src=\"http:\/\/www.bellunopress.it\/wp-content\/uploads\/2011\/12\/Varietas-Delectat.jpg\" alt=\"\" width=\"169\" height=\"270\" \/><\/a>Questo omaggio al genio di Antonio Salieri si pregia di ispirate coreografie pensate per riprendere nel movimento la struttura musicale e l\u2019andamento del suono delle varie partiture che declinano reminiscenze iconiche esotiche e classiche, procedendo per linee rigide e spezzate che sposano ad un tempo grazia ed energia, in composizioni fortemente plastiche e figurative; talora acrobatiche, talora leggiadre, talora semplici, talora complesse, spesso giocose; articolate in gruppi e coppie accostate in armoniosa diversit\u00e0, con rari passi a due o solistici. Il ritmo \u00e8 incalzante e coinvolgente, con qualche cammeo di lirico abbandono. Il titolo \u00e8, appunto, una citazione latina scritta da Antonio Salieri a commento del suo dramma per musica Armida del 1771, definito dal compositore legnaghese \u201cdi stile magico-eroico-amoroso toccante il tragico\u201d. Non a caso lo spettacolo inizia con l\u2019ouverture di quest\u2019opera. Salieri ha scritto pi\u00f9 volte di essere ricorso alla commistione di stili musicali nel comporre le sue opere e il regista Antonio Giarola si e appunto domandato \u00ab\u2026 perch\u00e9 non dovesse essere stimolante \u201cgiocare\u201d proprio sul diletto che Salieri trovava nell\u2019unione dei generi musicali, magari amplificandone la portata attraverso tecniche di racconto poetico-visivo che basino primariamente la propria capacita drammaturgica sul movimento del corpo\u00bb. Lo spettacolo nasce dunque con questa visione e dalle parole del compositore stesso, ma cercando di restituire il repertorio attraverso un contrappunto visivo tecnologicamente all\u2019avanguardia ma volutamente classico poich\u00e9 ispirato a un altro grandissimo veneto: Antonio Canova. \u00a0 Lo spettacolo \u00e8 una produzione RBR Dance Company; regia di Antonio Giarola, coreografie Cristiano Fagioli e Cristina Ledri; musiche di Antonio Salieri; motion &amp; graphic video Angelo Mariano; disegno luci Andrea Grussu; costumi Renato Gastaldelli e Cristina Ledri. Per la Stagione di Danza \u00e8 ancora possibile acquistare una tessera di abbonamento che prevede altri due appuntamenti: sabato 28 gennaio 2012 Giselle del Teatro Classico Russo, una delle pi\u00f9 prestigiose Compagnie di balletto esistenti oggi in Russia che ha entusiasmato gli amanti della danza di tutto il mondo, con tour di successo in Gran Bretagna, Irlanda, Australia, Nuova Zelanda e Cina, ecc. Sabato 14 aprile 2012, l\u2019attesissimo ritorno dell\u2019apprezzatissimo Aterballetto, che questa volta ci accompagner\u00e0\u00a0 in un viaggio stimolante ed immaginifico nel mondo di Alice nel paese delle meraviglie. La Stagione \u00e8 organizzata da Arteven Circuito Teatrale Regionale, con Fondazione Teatri delle Dolomiti, in collaborazione con Tib Teatro, Ministero per i Beni e le Attivit\u00e0 Culturali e Regione del Veneto.<\/p>\n<p>INFO E PRENOTAZIONI Teatro Comunale 0437-940349 mercoled\u00ec 14 e gioved\u00ec 15 dicembre dalle 11.00 alle 13.00 e dalle 17.00 alle 20.00 \u00a0 ABBONAMENTI RITIRO: presso la biglietteria del Teatro Comunale 0437-940349 mercoled\u00ec 14 e gioved\u00ec 15 dicembre dalle 11.00 alle 13.00 e dalle 17.00 alle 20.00<\/p>\n<p>PREZZI: intero 50,00 euro | ridotto 40,00 euro L\u2019abbonamento danza ridotto \u00e8 valido per gli abbonati alla Stagione di Prosa di Tib Teatro \u00a0 BIGLIETTI Teatro Comunale 0437-940349 mercoled\u00ec 14 e gioved\u00ec 15 dicembre dalle 11.00 alle 13.00 e dalle 17.00 alle 20.00 PREZZI: BIGLIETTO UNICO 20,00 euro I BIGLIETTO GRUPPI SCUOLA 10,00 euro (valido anche per allievi delle scuole di danza)<\/p>","protected":false},"excerpt":{"rendered":"<p>Debutta la nuova Stagione di Danza 2011-2012 del Teatro Comunale di Belluno gioved\u00ec 15 dicembre (inizio spettacolo ore 20:45) con Varietas Delectat. Questo omaggio al genio di Antonio Salieri si pregia di ispirate coreografie pensate per riprendere nel movimento la struttura musicale e l\u2019andamento del suono delle varie partiture che declinano reminiscenze iconiche esotiche e [&hellip;]<\/p>\n","protected":false},"author":2,"featured_media":0,"comment_status":"closed","ping_status":"open","sticky":false,"template":"","format":"standard","meta":{"footnotes":""},"categories":[27,3,25],"tags":[],"class_list":["post-33290","post","type-post","status-publish","format-standard","category-appuntamenti","category-arte-cultura-spettacoli-scienza-archivi","category-pausa-caffe"],"yoast_head":"<!-- This site is optimized with the Yoast SEO plugin v28.4 - https:\/\/yoast.com\/product\/yoast-seo-wordpress\/ -->\n<title>Gioved\u00ec al Comunale si inaugura la stagione di danza con Varietas Delectat    - Bellunopress - Dolomiti<\/title>\n<meta name=\"robots\" content=\"index, follow, max-snippet:-1, max-image-preview:large, max-video-preview:-1\" \/>\n<link rel=\"canonical\" href=\"https:\/\/www.bellunopress.it\/fr\/2011\/12\/13\/giovedi-al-comunale-si-inaugura-la-stagione-di-danza-con-varietas-delectat\/\" \/>\n<meta property=\"og:locale\" content=\"fr_FR\" \/>\n<meta property=\"og:type\" content=\"article\" \/>\n<meta property=\"og:title\" content=\"Gioved\u00ec al Comunale si inaugura la stagione di danza con Varietas Delectat    - Bellunopress - Dolomiti\" \/>\n<meta property=\"og:description\" content=\"Debutta la nuova Stagione di Danza 2011-2012 del Teatro Comunale di Belluno gioved\u00ec 15 dicembre (inizio spettacolo ore 20:45) con Varietas Delectat. Questo omaggio al genio di Antonio Salieri si pregia di ispirate coreografie pensate per riprendere nel movimento la struttura musicale e l\u2019andamento del suono delle varie partiture che declinano reminiscenze iconiche esotiche e [&hellip;]\" \/>\n<meta property=\"og:url\" content=\"https:\/\/www.bellunopress.it\/fr\/2011\/12\/13\/giovedi-al-comunale-si-inaugura-la-stagione-di-danza-con-varietas-delectat\/\" \/>\n<meta property=\"og:site_name\" content=\"Bellunopress - Dolomiti\" \/>\n<meta property=\"article:publisher\" content=\"https:\/\/www.facebook.com\/profile.php?id=100008943462799\" \/>\n<meta property=\"article:published_time\" content=\"2011-12-13T20:50:15+00:00\" \/>\n<meta property=\"og:image\" content=\"http:\/\/www.bellunopress.it\/wp-content\/uploads\/2011\/12\/Varietas-Delectat.jpg\" \/>\n<meta name=\"author\" content=\"redazione\" \/>\n<meta name=\"twitter:card\" content=\"summary_large_image\" \/>\n<meta name=\"twitter:creator\" content=\"@bellunopress\" \/>\n<meta name=\"twitter:site\" content=\"@bellunopress\" \/>\n<meta name=\"twitter:label1\" content=\"Written by\" \/>\n\t<meta name=\"twitter:data1\" content=\"redazione\" \/>\n\t<meta name=\"twitter:label2\" content=\"Est. reading time\" \/>\n\t<meta name=\"twitter:data2\" content=\"2 minutes\" \/>\n<script type=\"application\/ld+json\" class=\"yoast-schema-graph\">{\"@context\":\"https:\\\/\\\/schema.org\",\"@graph\":[{\"@type\":\"Article\",\"@id\":\"https:\\\/\\\/www.bellunopress.it\\\/2011\\\/12\\\/13\\\/giovedi-al-comunale-si-inaugura-la-stagione-di-danza-con-varietas-delectat\\\/#article\",\"isPartOf\":{\"@id\":\"https:\\\/\\\/www.bellunopress.it\\\/2011\\\/12\\\/13\\\/giovedi-al-comunale-si-inaugura-la-stagione-di-danza-con-varietas-delectat\\\/\"},\"author\":{\"name\":\"redazione\",\"@id\":\"https:\\\/\\\/www.bellunopress.it\\\/#\\\/schema\\\/person\\\/79bb06722b37ece1c03d3e94beb30d73\"},\"headline\":\"Gioved\u00ec al Comunale si inaugura la stagione di danza con Varietas Delectat\",\"datePublished\":\"2011-12-13T20:50:15+00:00\",\"mainEntityOfPage\":{\"@id\":\"https:\\\/\\\/www.bellunopress.it\\\/2011\\\/12\\\/13\\\/giovedi-al-comunale-si-inaugura-la-stagione-di-danza-con-varietas-delectat\\\/\"},\"wordCount\":504,\"publisher\":{\"@id\":\"https:\\\/\\\/www.bellunopress.it\\\/#organization\"},\"image\":{\"@id\":\"https:\\\/\\\/www.bellunopress.it\\\/2011\\\/12\\\/13\\\/giovedi-al-comunale-si-inaugura-la-stagione-di-danza-con-varietas-delectat\\\/#primaryimage\"},\"thumbnailUrl\":\"http:\\\/\\\/www.bellunopress.it\\\/wp-content\\\/uploads\\\/2011\\\/12\\\/Varietas-Delectat.jpg\",\"articleSection\":[\"Appuntamenti, Eventi\",\"Arte, Cultura, Spettacoli, Scienza\",\"Pausa Caff\u00e8\"],\"inLanguage\":\"fr-FR\"},{\"@type\":\"WebPage\",\"@id\":\"https:\\\/\\\/www.bellunopress.it\\\/2011\\\/12\\\/13\\\/giovedi-al-comunale-si-inaugura-la-stagione-di-danza-con-varietas-delectat\\\/\",\"url\":\"https:\\\/\\\/www.bellunopress.it\\\/2011\\\/12\\\/13\\\/giovedi-al-comunale-si-inaugura-la-stagione-di-danza-con-varietas-delectat\\\/\",\"name\":\"Gioved\u00ec al Comunale si inaugura la stagione di danza con Varietas Delectat - Bellunopress - Dolomiti\",\"isPartOf\":{\"@id\":\"https:\\\/\\\/www.bellunopress.it\\\/#website\"},\"primaryImageOfPage\":{\"@id\":\"https:\\\/\\\/www.bellunopress.it\\\/2011\\\/12\\\/13\\\/giovedi-al-comunale-si-inaugura-la-stagione-di-danza-con-varietas-delectat\\\/#primaryimage\"},\"image\":{\"@id\":\"https:\\\/\\\/www.bellunopress.it\\\/2011\\\/12\\\/13\\\/giovedi-al-comunale-si-inaugura-la-stagione-di-danza-con-varietas-delectat\\\/#primaryimage\"},\"thumbnailUrl\":\"http:\\\/\\\/www.bellunopress.it\\\/wp-content\\\/uploads\\\/2011\\\/12\\\/Varietas-Delectat.jpg\",\"datePublished\":\"2011-12-13T20:50:15+00:00\",\"breadcrumb\":{\"@id\":\"https:\\\/\\\/www.bellunopress.it\\\/2011\\\/12\\\/13\\\/giovedi-al-comunale-si-inaugura-la-stagione-di-danza-con-varietas-delectat\\\/#breadcrumb\"},\"inLanguage\":\"fr-FR\",\"potentialAction\":[{\"@type\":\"ReadAction\",\"target\":[\"https:\\\/\\\/www.bellunopress.it\\\/2011\\\/12\\\/13\\\/giovedi-al-comunale-si-inaugura-la-stagione-di-danza-con-varietas-delectat\\\/\"]}]},{\"@type\":\"ImageObject\",\"inLanguage\":\"fr-FR\",\"@id\":\"https:\\\/\\\/www.bellunopress.it\\\/2011\\\/12\\\/13\\\/giovedi-al-comunale-si-inaugura-la-stagione-di-danza-con-varietas-delectat\\\/#primaryimage\",\"url\":\"http:\\\/\\\/www.bellunopress.it\\\/wp-content\\\/uploads\\\/2011\\\/12\\\/Varietas-Delectat.jpg\",\"contentUrl\":\"http:\\\/\\\/www.bellunopress.it\\\/wp-content\\\/uploads\\\/2011\\\/12\\\/Varietas-Delectat.jpg\"},{\"@type\":\"BreadcrumbList\",\"@id\":\"https:\\\/\\\/www.bellunopress.it\\\/2011\\\/12\\\/13\\\/giovedi-al-comunale-si-inaugura-la-stagione-di-danza-con-varietas-delectat\\\/#breadcrumb\",\"itemListElement\":[{\"@type\":\"ListItem\",\"position\":1,\"name\":\"Home\",\"item\":\"https:\\\/\\\/www.bellunopress.it\\\/\"},{\"@type\":\"ListItem\",\"position\":2,\"name\":\"Gioved\u00ec al Comunale si inaugura la stagione di danza con Varietas Delectat\"}]},{\"@type\":\"WebSite\",\"@id\":\"https:\\\/\\\/www.bellunopress.it\\\/#website\",\"url\":\"https:\\\/\\\/www.bellunopress.it\\\/\",\"name\":\"Bellunopress - Dolomiti\",\"description\":\"e-mail: redazione@bellunopress.it\",\"publisher\":{\"@id\":\"https:\\\/\\\/www.bellunopress.it\\\/#organization\"},\"potentialAction\":[{\"@type\":\"SearchAction\",\"target\":{\"@type\":\"EntryPoint\",\"urlTemplate\":\"https:\\\/\\\/www.bellunopress.it\\\/?s={search_term_string}\"},\"query-input\":{\"@type\":\"PropertyValueSpecification\",\"valueRequired\":true,\"valueName\":\"search_term_string\"}}],\"inLanguage\":\"fr-FR\"},{\"@type\":\"Organization\",\"@id\":\"https:\\\/\\\/www.bellunopress.it\\\/#organization\",\"name\":\"Bellunopress\",\"url\":\"https:\\\/\\\/www.bellunopress.it\\\/\",\"logo\":{\"@type\":\"ImageObject\",\"inLanguage\":\"fr-FR\",\"@id\":\"https:\\\/\\\/www.bellunopress.it\\\/#\\\/schema\\\/logo\\\/image\\\/\",\"url\":\"https:\\\/\\\/www.bellunopress.it\\\/wp-content\\\/uploads\\\/2011\\\/05\\\/cropped-logo-bellunopress-.jpg\",\"contentUrl\":\"https:\\\/\\\/www.bellunopress.it\\\/wp-content\\\/uploads\\\/2011\\\/05\\\/cropped-logo-bellunopress-.jpg\",\"width\":512,\"height\":512,\"caption\":\"Bellunopress\"},\"image\":{\"@id\":\"https:\\\/\\\/www.bellunopress.it\\\/#\\\/schema\\\/logo\\\/image\\\/\"},\"sameAs\":[\"https:\\\/\\\/www.facebook.com\\\/profile.php?id=100008943462799\",\"https:\\\/\\\/x.com\\\/bellunopress\",\"https:\\\/\\\/www.linkedin.com\\\/hp\\\/?dnr=JBzUWaJfMUw8vbXJJ2tVW5-I3jZKvC4wsoxE&amp;amp;amp;amp;amp;amp;trk=nav_responsive_tab_home\",\"https:\\\/\\\/www.youtube.com\\\/channel\\\/UCxL0wu1uN0_3_7hGG0306cw\"]},{\"@type\":\"Person\",\"@id\":\"https:\\\/\\\/www.bellunopress.it\\\/#\\\/schema\\\/person\\\/79bb06722b37ece1c03d3e94beb30d73\",\"name\":\"redazione\",\"image\":{\"@type\":\"ImageObject\",\"inLanguage\":\"fr-FR\",\"@id\":\"https:\\\/\\\/secure.gravatar.com\\\/avatar\\\/37d968a2e67a6fd04c169c4bdef102d0bc5d31b2546345219e348575eb80e9a0?s=96&d=mm&r=g\",\"url\":\"https:\\\/\\\/secure.gravatar.com\\\/avatar\\\/37d968a2e67a6fd04c169c4bdef102d0bc5d31b2546345219e348575eb80e9a0?s=96&d=mm&r=g\",\"contentUrl\":\"https:\\\/\\\/secure.gravatar.com\\\/avatar\\\/37d968a2e67a6fd04c169c4bdef102d0bc5d31b2546345219e348575eb80e9a0?s=96&d=mm&r=g\",\"caption\":\"redazione\"},\"sameAs\":[\"http:\\\/\\\/www.bellunopress.it\",\"https:\\\/\\\/x.com\\\/bellunopress\"],\"url\":\"https:\\\/\\\/www.bellunopress.it\\\/fr\\\/author\\\/redazione\\\/\"}]}<\/script>\n<!-- \/ Yoast SEO plugin. -->","yoast_head_json":{"title":"Gioved\u00ec al Comunale si inaugura la stagione di danza con Varietas Delectat    - Bellunopress - Dolomiti","robots":{"index":"index","follow":"follow","max-snippet":"max-snippet:-1","max-image-preview":"max-image-preview:large","max-video-preview":"max-video-preview:-1"},"canonical":"https:\/\/www.bellunopress.it\/fr\/2011\/12\/13\/giovedi-al-comunale-si-inaugura-la-stagione-di-danza-con-varietas-delectat\/","og_locale":"fr_FR","og_type":"article","og_title":"Gioved\u00ec al Comunale si inaugura la stagione di danza con Varietas Delectat    - Bellunopress - Dolomiti","og_description":"Debutta la nuova Stagione di Danza 2011-2012 del Teatro Comunale di Belluno gioved\u00ec 15 dicembre (inizio spettacolo ore 20:45) con Varietas Delectat. Questo omaggio al genio di Antonio Salieri si pregia di ispirate coreografie pensate per riprendere nel movimento la struttura musicale e l\u2019andamento del suono delle varie partiture che declinano reminiscenze iconiche esotiche e [&hellip;]","og_url":"https:\/\/www.bellunopress.it\/fr\/2011\/12\/13\/giovedi-al-comunale-si-inaugura-la-stagione-di-danza-con-varietas-delectat\/","og_site_name":"Bellunopress - Dolomiti","article_publisher":"https:\/\/www.facebook.com\/profile.php?id=100008943462799","article_published_time":"2011-12-13T20:50:15+00:00","og_image":[{"url":"http:\/\/www.bellunopress.it\/wp-content\/uploads\/2011\/12\/Varietas-Delectat.jpg","type":"","width":"","height":""}],"author":"redazione","twitter_card":"summary_large_image","twitter_creator":"@bellunopress","twitter_site":"@bellunopress","twitter_misc":{"Written by":"redazione","Est. reading time":"2 minutes"},"schema":{"@context":"https:\/\/schema.org","@graph":[{"@type":"Article","@id":"https:\/\/www.bellunopress.it\/2011\/12\/13\/giovedi-al-comunale-si-inaugura-la-stagione-di-danza-con-varietas-delectat\/#article","isPartOf":{"@id":"https:\/\/www.bellunopress.it\/2011\/12\/13\/giovedi-al-comunale-si-inaugura-la-stagione-di-danza-con-varietas-delectat\/"},"author":{"name":"redazione","@id":"https:\/\/www.bellunopress.it\/#\/schema\/person\/79bb06722b37ece1c03d3e94beb30d73"},"headline":"Gioved\u00ec al Comunale si inaugura la stagione di danza con Varietas Delectat","datePublished":"2011-12-13T20:50:15+00:00","mainEntityOfPage":{"@id":"https:\/\/www.bellunopress.it\/2011\/12\/13\/giovedi-al-comunale-si-inaugura-la-stagione-di-danza-con-varietas-delectat\/"},"wordCount":504,"publisher":{"@id":"https:\/\/www.bellunopress.it\/#organization"},"image":{"@id":"https:\/\/www.bellunopress.it\/2011\/12\/13\/giovedi-al-comunale-si-inaugura-la-stagione-di-danza-con-varietas-delectat\/#primaryimage"},"thumbnailUrl":"http:\/\/www.bellunopress.it\/wp-content\/uploads\/2011\/12\/Varietas-Delectat.jpg","articleSection":["Appuntamenti, Eventi","Arte, Cultura, Spettacoli, Scienza","Pausa Caff\u00e8"],"inLanguage":"fr-FR"},{"@type":"WebPage","@id":"https:\/\/www.bellunopress.it\/2011\/12\/13\/giovedi-al-comunale-si-inaugura-la-stagione-di-danza-con-varietas-delectat\/","url":"https:\/\/www.bellunopress.it\/2011\/12\/13\/giovedi-al-comunale-si-inaugura-la-stagione-di-danza-con-varietas-delectat\/","name":"Gioved\u00ec al Comunale si inaugura la stagione di danza con Varietas Delectat - Bellunopress - Dolomiti","isPartOf":{"@id":"https:\/\/www.bellunopress.it\/#website"},"primaryImageOfPage":{"@id":"https:\/\/www.bellunopress.it\/2011\/12\/13\/giovedi-al-comunale-si-inaugura-la-stagione-di-danza-con-varietas-delectat\/#primaryimage"},"image":{"@id":"https:\/\/www.bellunopress.it\/2011\/12\/13\/giovedi-al-comunale-si-inaugura-la-stagione-di-danza-con-varietas-delectat\/#primaryimage"},"thumbnailUrl":"http:\/\/www.bellunopress.it\/wp-content\/uploads\/2011\/12\/Varietas-Delectat.jpg","datePublished":"2011-12-13T20:50:15+00:00","breadcrumb":{"@id":"https:\/\/www.bellunopress.it\/2011\/12\/13\/giovedi-al-comunale-si-inaugura-la-stagione-di-danza-con-varietas-delectat\/#breadcrumb"},"inLanguage":"fr-FR","potentialAction":[{"@type":"ReadAction","target":["https:\/\/www.bellunopress.it\/2011\/12\/13\/giovedi-al-comunale-si-inaugura-la-stagione-di-danza-con-varietas-delectat\/"]}]},{"@type":"ImageObject","inLanguage":"fr-FR","@id":"https:\/\/www.bellunopress.it\/2011\/12\/13\/giovedi-al-comunale-si-inaugura-la-stagione-di-danza-con-varietas-delectat\/#primaryimage","url":"http:\/\/www.bellunopress.it\/wp-content\/uploads\/2011\/12\/Varietas-Delectat.jpg","contentUrl":"http:\/\/www.bellunopress.it\/wp-content\/uploads\/2011\/12\/Varietas-Delectat.jpg"},{"@type":"BreadcrumbList","@id":"https:\/\/www.bellunopress.it\/2011\/12\/13\/giovedi-al-comunale-si-inaugura-la-stagione-di-danza-con-varietas-delectat\/#breadcrumb","itemListElement":[{"@type":"ListItem","position":1,"name":"Home","item":"https:\/\/www.bellunopress.it\/"},{"@type":"ListItem","position":2,"name":"Gioved\u00ec al Comunale si inaugura la stagione di danza con Varietas Delectat"}]},{"@type":"WebSite","@id":"https:\/\/www.bellunopress.it\/#website","url":"https:\/\/www.bellunopress.it\/","name":"Bellunopress - Dolomiti","description":"e-mail: redazione@bellunopress.it","publisher":{"@id":"https:\/\/www.bellunopress.it\/#organization"},"potentialAction":[{"@type":"SearchAction","target":{"@type":"EntryPoint","urlTemplate":"https:\/\/www.bellunopress.it\/?s={search_term_string}"},"query-input":{"@type":"PropertyValueSpecification","valueRequired":true,"valueName":"search_term_string"}}],"inLanguage":"fr-FR"},{"@type":"Organization","@id":"https:\/\/www.bellunopress.it\/#organization","name":"Bellunopress","url":"https:\/\/www.bellunopress.it\/","logo":{"@type":"ImageObject","inLanguage":"fr-FR","@id":"https:\/\/www.bellunopress.it\/#\/schema\/logo\/image\/","url":"https:\/\/www.bellunopress.it\/wp-content\/uploads\/2011\/05\/cropped-logo-bellunopress-.jpg","contentUrl":"https:\/\/www.bellunopress.it\/wp-content\/uploads\/2011\/05\/cropped-logo-bellunopress-.jpg","width":512,"height":512,"caption":"Bellunopress"},"image":{"@id":"https:\/\/www.bellunopress.it\/#\/schema\/logo\/image\/"},"sameAs":["https:\/\/www.facebook.com\/profile.php?id=100008943462799","https:\/\/x.com\/bellunopress","https:\/\/www.linkedin.com\/hp\/?dnr=JBzUWaJfMUw8vbXJJ2tVW5-I3jZKvC4wsoxE&amp;amp;amp;amp;amp;amp;trk=nav_responsive_tab_home","https:\/\/www.youtube.com\/channel\/UCxL0wu1uN0_3_7hGG0306cw"]},{"@type":"Person","@id":"https:\/\/www.bellunopress.it\/#\/schema\/person\/79bb06722b37ece1c03d3e94beb30d73","name":"r\u00e9daction","image":{"@type":"ImageObject","inLanguage":"fr-FR","@id":"https:\/\/secure.gravatar.com\/avatar\/37d968a2e67a6fd04c169c4bdef102d0bc5d31b2546345219e348575eb80e9a0?s=96&d=mm&r=g","url":"https:\/\/secure.gravatar.com\/avatar\/37d968a2e67a6fd04c169c4bdef102d0bc5d31b2546345219e348575eb80e9a0?s=96&d=mm&r=g","contentUrl":"https:\/\/secure.gravatar.com\/avatar\/37d968a2e67a6fd04c169c4bdef102d0bc5d31b2546345219e348575eb80e9a0?s=96&d=mm&r=g","caption":"redazione"},"sameAs":["http:\/\/www.bellunopress.it","https:\/\/x.com\/bellunopress"],"url":"https:\/\/www.bellunopress.it\/fr\/author\/redazione\/"}]}},"_links":{"self":[{"href":"https:\/\/www.bellunopress.it\/fr\/wp-json\/wp\/v2\/posts\/33290","targetHints":{"allow":["GET"]}}],"collection":[{"href":"https:\/\/www.bellunopress.it\/fr\/wp-json\/wp\/v2\/posts"}],"about":[{"href":"https:\/\/www.bellunopress.it\/fr\/wp-json\/wp\/v2\/types\/post"}],"author":[{"embeddable":true,"href":"https:\/\/www.bellunopress.it\/fr\/wp-json\/wp\/v2\/users\/2"}],"replies":[{"embeddable":true,"href":"https:\/\/www.bellunopress.it\/fr\/wp-json\/wp\/v2\/comments?post=33290"}],"version-history":[{"count":2,"href":"https:\/\/www.bellunopress.it\/fr\/wp-json\/wp\/v2\/posts\/33290\/revisions"}],"predecessor-version":[{"id":33293,"href":"https:\/\/www.bellunopress.it\/fr\/wp-json\/wp\/v2\/posts\/33290\/revisions\/33293"}],"wp:attachment":[{"href":"https:\/\/www.bellunopress.it\/fr\/wp-json\/wp\/v2\/media?parent=33290"}],"wp:term":[{"taxonomy":"category","embeddable":true,"href":"https:\/\/www.bellunopress.it\/fr\/wp-json\/wp\/v2\/categories?post=33290"},{"taxonomy":"post_tag","embeddable":true,"href":"https:\/\/www.bellunopress.it\/fr\/wp-json\/wp\/v2\/tags?post=33290"}],"curies":[{"name":"wp","href":"https:\/\/api.w.org\/{rel}","templated":true}]}}