{"id":33287,"date":"2011-12-13T21:38:13","date_gmt":"2011-12-13T20:38:13","guid":{"rendered":"http:\/\/www.bellunopress.it\/?p=33287"},"modified":"2011-12-13T21:38:13","modified_gmt":"2011-12-13T20:38:13","slug":"il-blues-scalda-linverno-papa-george-mercoledi-sera-allosteria-al-ponte","status":"publish","type":"post","link":"https:\/\/www.bellunopress.it\/fr\/2011\/12\/13\/il-blues-scalda-linverno-papa-george-mercoledi-sera-allosteria-al-ponte\/","title":{"rendered":"Il blues scalda l&#8217;inverno: Papa George mercoled\u00ec sera all&#8217;Osteria al Ponte"},"content":{"rendered":"<p>Degustandomusica. Mercoled\u00ec 14 dicembre dalle ore 21 all&#8217;Osteria Al Ponte di Belluno (Borgo Pra) appuntamento con il blues di Papa George. <a href=\"http:\/\/www.bellunopress.it\/wp-content\/uploads\/2011\/12\/Papa_George.jpg\"><img loading=\"lazy\" decoding=\"async\" class=\"alignleft size-full wp-image-33288\" title=\"Papa_George\" src=\"http:\/\/www.bellunopress.it\/wp-content\/uploads\/2011\/12\/Papa_George.jpg\" alt=\"\" width=\"187\" height=\"280\" \/><\/a>Che \u00e8 stato definito dalla stampa britannica uno dei pi\u00fa importanti artisti blues inglesi e per questo gli sono state dedicate numerose copertine su prestigiosi rotocalchi musicali inglesi. Il suo sound \u00e8 imbottito di tutto lo spirito del profondo Sud americano ma, allo stesso tempo, comunica un tono fresco e contemporaneo. Lo straordinario risultato di questa &#8220;miscela&#8221; l&#8217;ha portato nei clubs e festivals pi\u00f9 importanti d&#8217;Europa e degli USA. Per Papa George il blues \u00e8 &#8220;un&#8217;espressione spirituale&#8221;. Dopo oltre trent&#8217;anni di carriera e numerosi dischi e dvd all&#8217;attivo la sua passione di suonare e cantare in concerto in diretto contatto con i suoi ascoltatori non \u00e8 mai diminuita. Di recente \u00e8 stato proposto per farlo entrare nella prestigiosa &#8221; Blues Hall of Fame&#8221;. Si esibir\u00e0 con due grandi musicisti italiani Vincenzo Barattin alla batteria e Gigi Todesca al basso. Mercoled\u00ec sera all&#8217;Osteria al Ponte, per ascoltare, come di tradizione, del buon blues e degustare ottimi vini.<\/p>\n<p>&nbsp;<\/p>","protected":false},"excerpt":{"rendered":"<p>Degustandomusica. Mercoled\u00ec 14 dicembre dalle ore 21 all&#8217;Osteria Al Ponte di Belluno (Borgo Pra) appuntamento con il blues di Papa George. Che \u00e8 stato definito dalla stampa britannica uno dei pi\u00fa importanti artisti blues inglesi e per questo gli sono state dedicate numerose copertine su prestigiosi rotocalchi musicali inglesi. Il suo sound \u00e8 imbottito di [&hellip;]<\/p>\n","protected":false},"author":2,"featured_media":0,"comment_status":"closed","ping_status":"open","sticky":false,"template":"","format":"standard","meta":{"footnotes":""},"categories":[3,25],"tags":[],"class_list":["post-33287","post","type-post","status-publish","format-standard","category-arte-cultura-spettacoli-scienza-archivi","category-pausa-caffe"],"yoast_head":"<!-- This site is optimized with the Yoast SEO plugin v28.4 - https:\/\/yoast.com\/product\/yoast-seo-wordpress\/ -->\n<title>Il blues scalda l&#039;inverno: Papa George mercoled\u00ec sera all&#039;Osteria al Ponte - Bellunopress - Dolomiti<\/title>\n<meta name=\"robots\" content=\"index, follow, max-snippet:-1, max-image-preview:large, max-video-preview:-1\" \/>\n<link rel=\"canonical\" href=\"https:\/\/www.bellunopress.it\/fr\/2011\/12\/13\/il-blues-scalda-linverno-papa-george-mercoledi-sera-allosteria-al-ponte\/\" \/>\n<meta property=\"og:locale\" content=\"fr_FR\" \/>\n<meta property=\"og:type\" content=\"article\" \/>\n<meta property=\"og:title\" content=\"Il blues scalda l&#039;inverno: Papa George mercoled\u00ec sera all&#039;Osteria al Ponte - Bellunopress - Dolomiti\" \/>\n<meta property=\"og:description\" content=\"Degustandomusica. Mercoled\u00ec 14 dicembre dalle ore 21 all&#8217;Osteria Al Ponte di Belluno (Borgo Pra) appuntamento con il blues di Papa George. Che \u00e8 stato definito dalla stampa britannica uno dei pi\u00fa importanti artisti blues inglesi e per questo gli sono state dedicate numerose copertine su prestigiosi rotocalchi musicali inglesi. Il suo sound \u00e8 imbottito di [&hellip;]\" \/>\n<meta property=\"og:url\" content=\"https:\/\/www.bellunopress.it\/fr\/2011\/12\/13\/il-blues-scalda-linverno-papa-george-mercoledi-sera-allosteria-al-ponte\/\" \/>\n<meta property=\"og:site_name\" content=\"Bellunopress - Dolomiti\" \/>\n<meta property=\"article:publisher\" content=\"https:\/\/www.facebook.com\/profile.php?id=100008943462799\" \/>\n<meta property=\"article:published_time\" content=\"2011-12-13T20:38:13+00:00\" \/>\n<meta property=\"og:image\" content=\"http:\/\/www.bellunopress.it\/wp-content\/uploads\/2011\/12\/Papa_George.jpg\" \/>\n<meta name=\"author\" content=\"redazione\" \/>\n<meta name=\"twitter:card\" content=\"summary_large_image\" \/>\n<meta name=\"twitter:creator\" content=\"@bellunopress\" \/>\n<meta name=\"twitter:site\" content=\"@bellunopress\" \/>\n<meta name=\"twitter:label1\" content=\"\u00c9crit par\" \/>\n\t<meta name=\"twitter:data1\" content=\"redazione\" \/>\n\t<meta name=\"twitter:label2\" content=\"Dur\u00e9e de lecture estim\u00e9e\" \/>\n\t<meta name=\"twitter:data2\" content=\"1 minute\" \/>\n<script type=\"application\/ld+json\" class=\"yoast-schema-graph\">{\"@context\":\"https:\\\/\\\/schema.org\",\"@graph\":[{\"@type\":\"Article\",\"@id\":\"https:\\\/\\\/www.bellunopress.it\\\/2011\\\/12\\\/13\\\/il-blues-scalda-linverno-papa-george-mercoledi-sera-allosteria-al-ponte\\\/#article\",\"isPartOf\":{\"@id\":\"https:\\\/\\\/www.bellunopress.it\\\/2011\\\/12\\\/13\\\/il-blues-scalda-linverno-papa-george-mercoledi-sera-allosteria-al-ponte\\\/\"},\"author\":{\"name\":\"redazione\",\"@id\":\"https:\\\/\\\/www.bellunopress.it\\\/#\\\/schema\\\/person\\\/79bb06722b37ece1c03d3e94beb30d73\"},\"headline\":\"Il blues scalda l&#8217;inverno: Papa George mercoled\u00ec sera all&#8217;Osteria al Ponte\",\"datePublished\":\"2011-12-13T20:38:13+00:00\",\"mainEntityOfPage\":{\"@id\":\"https:\\\/\\\/www.bellunopress.it\\\/2011\\\/12\\\/13\\\/il-blues-scalda-linverno-papa-george-mercoledi-sera-allosteria-al-ponte\\\/\"},\"wordCount\":190,\"publisher\":{\"@id\":\"https:\\\/\\\/www.bellunopress.it\\\/#organization\"},\"image\":{\"@id\":\"https:\\\/\\\/www.bellunopress.it\\\/2011\\\/12\\\/13\\\/il-blues-scalda-linverno-papa-george-mercoledi-sera-allosteria-al-ponte\\\/#primaryimage\"},\"thumbnailUrl\":\"http:\\\/\\\/www.bellunopress.it\\\/wp-content\\\/uploads\\\/2011\\\/12\\\/Papa_George.jpg\",\"articleSection\":[\"Arte, Cultura, Spettacoli, Scienza\",\"Pausa Caff\u00e8\"],\"inLanguage\":\"fr-FR\"},{\"@type\":\"WebPage\",\"@id\":\"https:\\\/\\\/www.bellunopress.it\\\/2011\\\/12\\\/13\\\/il-blues-scalda-linverno-papa-george-mercoledi-sera-allosteria-al-ponte\\\/\",\"url\":\"https:\\\/\\\/www.bellunopress.it\\\/2011\\\/12\\\/13\\\/il-blues-scalda-linverno-papa-george-mercoledi-sera-allosteria-al-ponte\\\/\",\"name\":\"Il blues scalda l'inverno: Papa George mercoled\u00ec sera all'Osteria al Ponte - Bellunopress - Dolomiti\",\"isPartOf\":{\"@id\":\"https:\\\/\\\/www.bellunopress.it\\\/#website\"},\"primaryImageOfPage\":{\"@id\":\"https:\\\/\\\/www.bellunopress.it\\\/2011\\\/12\\\/13\\\/il-blues-scalda-linverno-papa-george-mercoledi-sera-allosteria-al-ponte\\\/#primaryimage\"},\"image\":{\"@id\":\"https:\\\/\\\/www.bellunopress.it\\\/2011\\\/12\\\/13\\\/il-blues-scalda-linverno-papa-george-mercoledi-sera-allosteria-al-ponte\\\/#primaryimage\"},\"thumbnailUrl\":\"http:\\\/\\\/www.bellunopress.it\\\/wp-content\\\/uploads\\\/2011\\\/12\\\/Papa_George.jpg\",\"datePublished\":\"2011-12-13T20:38:13+00:00\",\"breadcrumb\":{\"@id\":\"https:\\\/\\\/www.bellunopress.it\\\/2011\\\/12\\\/13\\\/il-blues-scalda-linverno-papa-george-mercoledi-sera-allosteria-al-ponte\\\/#breadcrumb\"},\"inLanguage\":\"fr-FR\",\"potentialAction\":[{\"@type\":\"ReadAction\",\"target\":[\"https:\\\/\\\/www.bellunopress.it\\\/2011\\\/12\\\/13\\\/il-blues-scalda-linverno-papa-george-mercoledi-sera-allosteria-al-ponte\\\/\"]}]},{\"@type\":\"ImageObject\",\"inLanguage\":\"fr-FR\",\"@id\":\"https:\\\/\\\/www.bellunopress.it\\\/2011\\\/12\\\/13\\\/il-blues-scalda-linverno-papa-george-mercoledi-sera-allosteria-al-ponte\\\/#primaryimage\",\"url\":\"http:\\\/\\\/www.bellunopress.it\\\/wp-content\\\/uploads\\\/2011\\\/12\\\/Papa_George.jpg\",\"contentUrl\":\"http:\\\/\\\/www.bellunopress.it\\\/wp-content\\\/uploads\\\/2011\\\/12\\\/Papa_George.jpg\"},{\"@type\":\"BreadcrumbList\",\"@id\":\"https:\\\/\\\/www.bellunopress.it\\\/2011\\\/12\\\/13\\\/il-blues-scalda-linverno-papa-george-mercoledi-sera-allosteria-al-ponte\\\/#breadcrumb\",\"itemListElement\":[{\"@type\":\"ListItem\",\"position\":1,\"name\":\"Home\",\"item\":\"https:\\\/\\\/www.bellunopress.it\\\/\"},{\"@type\":\"ListItem\",\"position\":2,\"name\":\"Il blues scalda l&#8217;inverno: Papa George mercoled\u00ec sera all&#8217;Osteria al Ponte\"}]},{\"@type\":\"WebSite\",\"@id\":\"https:\\\/\\\/www.bellunopress.it\\\/#website\",\"url\":\"https:\\\/\\\/www.bellunopress.it\\\/\",\"name\":\"Bellunopress - Dolomiti\",\"description\":\"e-mail: redazione@bellunopress.it\",\"publisher\":{\"@id\":\"https:\\\/\\\/www.bellunopress.it\\\/#organization\"},\"potentialAction\":[{\"@type\":\"SearchAction\",\"target\":{\"@type\":\"EntryPoint\",\"urlTemplate\":\"https:\\\/\\\/www.bellunopress.it\\\/?s={search_term_string}\"},\"query-input\":{\"@type\":\"PropertyValueSpecification\",\"valueRequired\":true,\"valueName\":\"search_term_string\"}}],\"inLanguage\":\"fr-FR\"},{\"@type\":\"Organization\",\"@id\":\"https:\\\/\\\/www.bellunopress.it\\\/#organization\",\"name\":\"Bellunopress\",\"url\":\"https:\\\/\\\/www.bellunopress.it\\\/\",\"logo\":{\"@type\":\"ImageObject\",\"inLanguage\":\"fr-FR\",\"@id\":\"https:\\\/\\\/www.bellunopress.it\\\/#\\\/schema\\\/logo\\\/image\\\/\",\"url\":\"https:\\\/\\\/www.bellunopress.it\\\/wp-content\\\/uploads\\\/2011\\\/05\\\/cropped-logo-bellunopress-.jpg\",\"contentUrl\":\"https:\\\/\\\/www.bellunopress.it\\\/wp-content\\\/uploads\\\/2011\\\/05\\\/cropped-logo-bellunopress-.jpg\",\"width\":512,\"height\":512,\"caption\":\"Bellunopress\"},\"image\":{\"@id\":\"https:\\\/\\\/www.bellunopress.it\\\/#\\\/schema\\\/logo\\\/image\\\/\"},\"sameAs\":[\"https:\\\/\\\/www.facebook.com\\\/profile.php?id=100008943462799\",\"https:\\\/\\\/x.com\\\/bellunopress\",\"https:\\\/\\\/www.linkedin.com\\\/hp\\\/?dnr=JBzUWaJfMUw8vbXJJ2tVW5-I3jZKvC4wsoxE&amp;amp;amp;amp;amp;amp;trk=nav_responsive_tab_home\",\"https:\\\/\\\/www.youtube.com\\\/channel\\\/UCxL0wu1uN0_3_7hGG0306cw\"]},{\"@type\":\"Person\",\"@id\":\"https:\\\/\\\/www.bellunopress.it\\\/#\\\/schema\\\/person\\\/79bb06722b37ece1c03d3e94beb30d73\",\"name\":\"redazione\",\"image\":{\"@type\":\"ImageObject\",\"inLanguage\":\"fr-FR\",\"@id\":\"https:\\\/\\\/secure.gravatar.com\\\/avatar\\\/37d968a2e67a6fd04c169c4bdef102d0bc5d31b2546345219e348575eb80e9a0?s=96&d=mm&r=g\",\"url\":\"https:\\\/\\\/secure.gravatar.com\\\/avatar\\\/37d968a2e67a6fd04c169c4bdef102d0bc5d31b2546345219e348575eb80e9a0?s=96&d=mm&r=g\",\"contentUrl\":\"https:\\\/\\\/secure.gravatar.com\\\/avatar\\\/37d968a2e67a6fd04c169c4bdef102d0bc5d31b2546345219e348575eb80e9a0?s=96&d=mm&r=g\",\"caption\":\"redazione\"},\"sameAs\":[\"http:\\\/\\\/www.bellunopress.it\",\"https:\\\/\\\/x.com\\\/bellunopress\"],\"url\":\"https:\\\/\\\/www.bellunopress.it\\\/fr\\\/author\\\/redazione\\\/\"}]}<\/script>\n<!-- \/ Yoast SEO plugin. -->","yoast_head_json":{"title":"Il blues scalda l'inverno: Papa George mercoled\u00ec sera all'Osteria al Ponte - Bellunopress - Dolomiti","robots":{"index":"index","follow":"follow","max-snippet":"max-snippet:-1","max-image-preview":"max-image-preview:large","max-video-preview":"max-video-preview:-1"},"canonical":"https:\/\/www.bellunopress.it\/fr\/2011\/12\/13\/il-blues-scalda-linverno-papa-george-mercoledi-sera-allosteria-al-ponte\/","og_locale":"fr_FR","og_type":"article","og_title":"Il blues scalda l'inverno: Papa George mercoled\u00ec sera all'Osteria al Ponte - Bellunopress - Dolomiti","og_description":"Degustandomusica. Mercoled\u00ec 14 dicembre dalle ore 21 all&#8217;Osteria Al Ponte di Belluno (Borgo Pra) appuntamento con il blues di Papa George. Che \u00e8 stato definito dalla stampa britannica uno dei pi\u00fa importanti artisti blues inglesi e per questo gli sono state dedicate numerose copertine su prestigiosi rotocalchi musicali inglesi. Il suo sound \u00e8 imbottito di [&hellip;]","og_url":"https:\/\/www.bellunopress.it\/fr\/2011\/12\/13\/il-blues-scalda-linverno-papa-george-mercoledi-sera-allosteria-al-ponte\/","og_site_name":"Bellunopress - Dolomiti","article_publisher":"https:\/\/www.facebook.com\/profile.php?id=100008943462799","article_published_time":"2011-12-13T20:38:13+00:00","og_image":[{"url":"http:\/\/www.bellunopress.it\/wp-content\/uploads\/2011\/12\/Papa_George.jpg","type":"","width":"","height":""}],"author":"redazione","twitter_card":"summary_large_image","twitter_creator":"@bellunopress","twitter_site":"@bellunopress","twitter_misc":{"\u00c9crit par":"redazione","Dur\u00e9e de lecture estim\u00e9e":"1 minute"},"schema":{"@context":"https:\/\/schema.org","@graph":[{"@type":"Article","@id":"https:\/\/www.bellunopress.it\/2011\/12\/13\/il-blues-scalda-linverno-papa-george-mercoledi-sera-allosteria-al-ponte\/#article","isPartOf":{"@id":"https:\/\/www.bellunopress.it\/2011\/12\/13\/il-blues-scalda-linverno-papa-george-mercoledi-sera-allosteria-al-ponte\/"},"author":{"name":"redazione","@id":"https:\/\/www.bellunopress.it\/#\/schema\/person\/79bb06722b37ece1c03d3e94beb30d73"},"headline":"Il blues scalda l&#8217;inverno: Papa George mercoled\u00ec sera all&#8217;Osteria al Ponte","datePublished":"2011-12-13T20:38:13+00:00","mainEntityOfPage":{"@id":"https:\/\/www.bellunopress.it\/2011\/12\/13\/il-blues-scalda-linverno-papa-george-mercoledi-sera-allosteria-al-ponte\/"},"wordCount":190,"publisher":{"@id":"https:\/\/www.bellunopress.it\/#organization"},"image":{"@id":"https:\/\/www.bellunopress.it\/2011\/12\/13\/il-blues-scalda-linverno-papa-george-mercoledi-sera-allosteria-al-ponte\/#primaryimage"},"thumbnailUrl":"http:\/\/www.bellunopress.it\/wp-content\/uploads\/2011\/12\/Papa_George.jpg","articleSection":["Arte, Cultura, Spettacoli, Scienza","Pausa Caff\u00e8"],"inLanguage":"fr-FR"},{"@type":"WebPage","@id":"https:\/\/www.bellunopress.it\/2011\/12\/13\/il-blues-scalda-linverno-papa-george-mercoledi-sera-allosteria-al-ponte\/","url":"https:\/\/www.bellunopress.it\/2011\/12\/13\/il-blues-scalda-linverno-papa-george-mercoledi-sera-allosteria-al-ponte\/","name":"Il blues scalda l'inverno: Papa George mercoled\u00ec sera all'Osteria al Ponte - Bellunopress - Dolomiti","isPartOf":{"@id":"https:\/\/www.bellunopress.it\/#website"},"primaryImageOfPage":{"@id":"https:\/\/www.bellunopress.it\/2011\/12\/13\/il-blues-scalda-linverno-papa-george-mercoledi-sera-allosteria-al-ponte\/#primaryimage"},"image":{"@id":"https:\/\/www.bellunopress.it\/2011\/12\/13\/il-blues-scalda-linverno-papa-george-mercoledi-sera-allosteria-al-ponte\/#primaryimage"},"thumbnailUrl":"http:\/\/www.bellunopress.it\/wp-content\/uploads\/2011\/12\/Papa_George.jpg","datePublished":"2011-12-13T20:38:13+00:00","breadcrumb":{"@id":"https:\/\/www.bellunopress.it\/2011\/12\/13\/il-blues-scalda-linverno-papa-george-mercoledi-sera-allosteria-al-ponte\/#breadcrumb"},"inLanguage":"fr-FR","potentialAction":[{"@type":"ReadAction","target":["https:\/\/www.bellunopress.it\/2011\/12\/13\/il-blues-scalda-linverno-papa-george-mercoledi-sera-allosteria-al-ponte\/"]}]},{"@type":"ImageObject","inLanguage":"fr-FR","@id":"https:\/\/www.bellunopress.it\/2011\/12\/13\/il-blues-scalda-linverno-papa-george-mercoledi-sera-allosteria-al-ponte\/#primaryimage","url":"http:\/\/www.bellunopress.it\/wp-content\/uploads\/2011\/12\/Papa_George.jpg","contentUrl":"http:\/\/www.bellunopress.it\/wp-content\/uploads\/2011\/12\/Papa_George.jpg"},{"@type":"BreadcrumbList","@id":"https:\/\/www.bellunopress.it\/2011\/12\/13\/il-blues-scalda-linverno-papa-george-mercoledi-sera-allosteria-al-ponte\/#breadcrumb","itemListElement":[{"@type":"ListItem","position":1,"name":"Home","item":"https:\/\/www.bellunopress.it\/"},{"@type":"ListItem","position":2,"name":"Il blues scalda l&#8217;inverno: Papa George mercoled\u00ec sera all&#8217;Osteria al Ponte"}]},{"@type":"WebSite","@id":"https:\/\/www.bellunopress.it\/#website","url":"https:\/\/www.bellunopress.it\/","name":"Bellunopress - Dolomiti","description":"e-mail: redazione@bellunopress.it","publisher":{"@id":"https:\/\/www.bellunopress.it\/#organization"},"potentialAction":[{"@type":"SearchAction","target":{"@type":"EntryPoint","urlTemplate":"https:\/\/www.bellunopress.it\/?s={search_term_string}"},"query-input":{"@type":"PropertyValueSpecification","valueRequired":true,"valueName":"search_term_string"}}],"inLanguage":"fr-FR"},{"@type":"Organization","@id":"https:\/\/www.bellunopress.it\/#organization","name":"Bellunopress","url":"https:\/\/www.bellunopress.it\/","logo":{"@type":"ImageObject","inLanguage":"fr-FR","@id":"https:\/\/www.bellunopress.it\/#\/schema\/logo\/image\/","url":"https:\/\/www.bellunopress.it\/wp-content\/uploads\/2011\/05\/cropped-logo-bellunopress-.jpg","contentUrl":"https:\/\/www.bellunopress.it\/wp-content\/uploads\/2011\/05\/cropped-logo-bellunopress-.jpg","width":512,"height":512,"caption":"Bellunopress"},"image":{"@id":"https:\/\/www.bellunopress.it\/#\/schema\/logo\/image\/"},"sameAs":["https:\/\/www.facebook.com\/profile.php?id=100008943462799","https:\/\/x.com\/bellunopress","https:\/\/www.linkedin.com\/hp\/?dnr=JBzUWaJfMUw8vbXJJ2tVW5-I3jZKvC4wsoxE&amp;amp;amp;amp;amp;amp;trk=nav_responsive_tab_home","https:\/\/www.youtube.com\/channel\/UCxL0wu1uN0_3_7hGG0306cw"]},{"@type":"Person","@id":"https:\/\/www.bellunopress.it\/#\/schema\/person\/79bb06722b37ece1c03d3e94beb30d73","name":"r\u00e9daction","image":{"@type":"ImageObject","inLanguage":"fr-FR","@id":"https:\/\/secure.gravatar.com\/avatar\/37d968a2e67a6fd04c169c4bdef102d0bc5d31b2546345219e348575eb80e9a0?s=96&d=mm&r=g","url":"https:\/\/secure.gravatar.com\/avatar\/37d968a2e67a6fd04c169c4bdef102d0bc5d31b2546345219e348575eb80e9a0?s=96&d=mm&r=g","contentUrl":"https:\/\/secure.gravatar.com\/avatar\/37d968a2e67a6fd04c169c4bdef102d0bc5d31b2546345219e348575eb80e9a0?s=96&d=mm&r=g","caption":"redazione"},"sameAs":["http:\/\/www.bellunopress.it","https:\/\/x.com\/bellunopress"],"url":"https:\/\/www.bellunopress.it\/fr\/author\/redazione\/"}]}},"_links":{"self":[{"href":"https:\/\/www.bellunopress.it\/fr\/wp-json\/wp\/v2\/posts\/33287","targetHints":{"allow":["GET"]}}],"collection":[{"href":"https:\/\/www.bellunopress.it\/fr\/wp-json\/wp\/v2\/posts"}],"about":[{"href":"https:\/\/www.bellunopress.it\/fr\/wp-json\/wp\/v2\/types\/post"}],"author":[{"embeddable":true,"href":"https:\/\/www.bellunopress.it\/fr\/wp-json\/wp\/v2\/users\/2"}],"replies":[{"embeddable":true,"href":"https:\/\/www.bellunopress.it\/fr\/wp-json\/wp\/v2\/comments?post=33287"}],"version-history":[{"count":1,"href":"https:\/\/www.bellunopress.it\/fr\/wp-json\/wp\/v2\/posts\/33287\/revisions"}],"predecessor-version":[{"id":33289,"href":"https:\/\/www.bellunopress.it\/fr\/wp-json\/wp\/v2\/posts\/33287\/revisions\/33289"}],"wp:attachment":[{"href":"https:\/\/www.bellunopress.it\/fr\/wp-json\/wp\/v2\/media?parent=33287"}],"wp:term":[{"taxonomy":"category","embeddable":true,"href":"https:\/\/www.bellunopress.it\/fr\/wp-json\/wp\/v2\/categories?post=33287"},{"taxonomy":"post_tag","embeddable":true,"href":"https:\/\/www.bellunopress.it\/fr\/wp-json\/wp\/v2\/tags?post=33287"}],"curies":[{"name":"wp","href":"https:\/\/api.w.org\/{rel}","templated":true}]}}