{"id":33284,"date":"2011-12-13T21:11:16","date_gmt":"2011-12-13T20:11:16","guid":{"rendered":"http:\/\/www.bellunopress.it\/?p=33284"},"modified":"2011-12-13T21:11:20","modified_gmt":"2011-12-13T20:11:20","slug":"attivita-zootecnica-di-montagna-sergio-reolon-nessuna-delle-mie-richieste-e-stata-accolta","status":"publish","type":"post","link":"https:\/\/www.bellunopress.it\/fr\/2011\/12\/13\/attivita-zootecnica-di-montagna-sergio-reolon-nessuna-delle-mie-richieste-e-stata-accolta\/","title":{"rendered":"Attivit\u00e0 zootecnica di montagna. Sergio Reolon: &#8220;Nessuna delle mie richieste \u00e8 stata accolta&#8221;"},"content":{"rendered":"<p>&nbsp;<\/p>\n<figure id=\"attachment_13009\" aria-describedby=\"caption-attachment-13009\" style=\"width: 270px\" class=\"wp-caption alignleft\"><a href=\"http:\/\/www.bellunopress.it\/wp-content\/uploads\/2010\/02\/sergio-reolon-270x270.jpg\"><img loading=\"lazy\" decoding=\"async\" class=\"size-full wp-image-13009\" title=\"sergio-reolon-270x270\" src=\"http:\/\/www.bellunopress.it\/wp-content\/uploads\/2010\/02\/sergio-reolon-270x270.jpg\" alt=\"\" width=\"270\" height=\"269\" srcset=\"https:\/\/www.bellunopress.it\/wp-content\/uploads\/2010\/02\/sergio-reolon-270x270.jpg 270w, https:\/\/www.bellunopress.it\/wp-content\/uploads\/2010\/02\/sergio-reolon-270x270-150x150.jpg 150w\" sizes=\"auto, (max-width: 270px) 100vw, 270px\" \/><\/a><figcaption id=\"caption-attachment-13009\" class=\"wp-caption-text\">Sergio Reolon<\/figcaption><\/figure>\n<p>\u201cLa commissione non ha recepito i rilievi da me sollevati volti a tutelare l\u2019attivit\u00e0 zootecnica in montagna&#8221;. Questa la presa di posizione del consigliere regionale del PD, Sergio Reolon, dopo la seduta della commissione agricoltura che aveva all\u2019ordine del giorno le Condizioni e le priorit\u00e0 di assegnazione dei contributi nell\u2019ambito del Programma di sviluppo rurale per il Veneto 2007-2013.&#8221;In particolare ho chiesto che si predisponessero due graduatorie: una specifica per il settore lattiero-caseario ed una per le altre aziende, in modo da consentire di elevare ad un milione di euro la spesa ammissibile per il settore. Avevo poi proposto di togliere i punteggi a favore delle zone vulnerabili e ai nitrati visto che erano state agevolate con un precedente bando: con i 4 punti loro assegnati andranno a sottrarre fondi alla montagna\u201d. L\u2019esponente democratico bellunese ricorda quindi gli altri nodi da lui messi sul tavolo: \u201cl\u2019innalzamento da 20 a 25 punti per gli interventi classificati \u2018alta priorit\u00e0\u2019 ovvero quelli che riguardano le strutture in modo da impedire che venissero esclusi dall\u2019accesso ai fondi; l\u2019assegnazione di 5 punti alle aziende che nel periodo 2006-2013 non avevano beneficiato di alcun contributo. Ed infine ho proposto che fosse consentito alle aziende che hanno fatto domanda sull\u2019ultimo bando, ma che non saranno finanziate, di poterla ripresentare su questo bando. Di fronte alle bocciature ripetute ho deciso, unico commissario, di esprimere il mio voto contrario\u201d.<\/p>","protected":false},"excerpt":{"rendered":"<p>&nbsp; \u201cLa commissione non ha recepito i rilievi da me sollevati volti a tutelare l\u2019attivit\u00e0 zootecnica in montagna&#8221;. Questa la presa di posizione del consigliere regionale del PD, Sergio Reolon, dopo la seduta della commissione agricoltura che aveva all\u2019ordine del giorno le Condizioni e le priorit\u00e0 di assegnazione dei contributi nell\u2019ambito del Programma di sviluppo [&hellip;]<\/p>\n","protected":false},"author":2,"featured_media":0,"comment_status":"closed","ping_status":"open","sticky":false,"template":"","format":"standard","meta":{"footnotes":""},"categories":[5,26],"tags":[],"class_list":["post-33284","post","type-post","status-publish","format-standard","category-cronaca","category-prima-pagina"],"yoast_head":"<!-- This site is optimized with the Yoast SEO plugin v28.4 - https:\/\/yoast.com\/product\/yoast-seo-wordpress\/ -->\n<title>Attivit\u00e0 zootecnica di montagna. Sergio Reolon: &quot;Nessuna delle mie richieste \u00e8 stata accolta&quot;  - Bellunopress - Dolomiti<\/title>\n<meta name=\"robots\" content=\"index, follow, max-snippet:-1, max-image-preview:large, max-video-preview:-1\" \/>\n<link rel=\"canonical\" href=\"https:\/\/www.bellunopress.it\/fr\/2011\/12\/13\/attivita-zootecnica-di-montagna-sergio-reolon-nessuna-delle-mie-richieste-e-stata-accolta\/\" \/>\n<meta property=\"og:locale\" content=\"fr_FR\" \/>\n<meta property=\"og:type\" content=\"article\" \/>\n<meta property=\"og:title\" content=\"Attivit\u00e0 zootecnica di montagna. Sergio Reolon: &quot;Nessuna delle mie richieste \u00e8 stata accolta&quot;  - Bellunopress - Dolomiti\" \/>\n<meta property=\"og:description\" content=\"&nbsp; \u201cLa commissione non ha recepito i rilievi da me sollevati volti a tutelare l\u2019attivit\u00e0 zootecnica in montagna&#8221;. Questa la presa di posizione del consigliere regionale del PD, Sergio Reolon, dopo la seduta della commissione agricoltura che aveva all\u2019ordine del giorno le Condizioni e le priorit\u00e0 di assegnazione dei contributi nell\u2019ambito del Programma di sviluppo [&hellip;]\" \/>\n<meta property=\"og:url\" content=\"https:\/\/www.bellunopress.it\/fr\/2011\/12\/13\/attivita-zootecnica-di-montagna-sergio-reolon-nessuna-delle-mie-richieste-e-stata-accolta\/\" \/>\n<meta property=\"og:site_name\" content=\"Bellunopress - Dolomiti\" \/>\n<meta property=\"article:publisher\" content=\"https:\/\/www.facebook.com\/profile.php?id=100008943462799\" \/>\n<meta property=\"article:published_time\" content=\"2011-12-13T20:11:16+00:00\" \/>\n<meta property=\"article:modified_time\" content=\"2011-12-13T20:11:20+00:00\" \/>\n<meta property=\"og:image\" content=\"http:\/\/www.bellunopress.it\/wp-content\/uploads\/2010\/02\/sergio-reolon-270x270.jpg\" \/>\n<meta name=\"author\" content=\"redazione\" \/>\n<meta name=\"twitter:card\" content=\"summary_large_image\" \/>\n<meta name=\"twitter:creator\" content=\"@bellunopress\" \/>\n<meta name=\"twitter:site\" content=\"@bellunopress\" \/>\n<meta name=\"twitter:label1\" content=\"\u00c9crit par\" \/>\n\t<meta name=\"twitter:data1\" content=\"redazione\" \/>\n\t<meta name=\"twitter:label2\" content=\"Dur\u00e9e de lecture estim\u00e9e\" \/>\n\t<meta name=\"twitter:data2\" content=\"1 minute\" \/>\n<script type=\"application\/ld+json\" class=\"yoast-schema-graph\">{\"@context\":\"https:\\\/\\\/schema.org\",\"@graph\":[{\"@type\":\"Article\",\"@id\":\"https:\\\/\\\/www.bellunopress.it\\\/2011\\\/12\\\/13\\\/attivita-zootecnica-di-montagna-sergio-reolon-nessuna-delle-mie-richieste-e-stata-accolta\\\/#article\",\"isPartOf\":{\"@id\":\"https:\\\/\\\/www.bellunopress.it\\\/2011\\\/12\\\/13\\\/attivita-zootecnica-di-montagna-sergio-reolon-nessuna-delle-mie-richieste-e-stata-accolta\\\/\"},\"author\":{\"name\":\"redazione\",\"@id\":\"https:\\\/\\\/www.bellunopress.it\\\/#\\\/schema\\\/person\\\/79bb06722b37ece1c03d3e94beb30d73\"},\"headline\":\"Attivit\u00e0 zootecnica di montagna. Sergio Reolon: &#8220;Nessuna delle mie richieste \u00e8 stata accolta&#8221;\",\"datePublished\":\"2011-12-13T20:11:16+00:00\",\"dateModified\":\"2011-12-13T20:11:20+00:00\",\"mainEntityOfPage\":{\"@id\":\"https:\\\/\\\/www.bellunopress.it\\\/2011\\\/12\\\/13\\\/attivita-zootecnica-di-montagna-sergio-reolon-nessuna-delle-mie-richieste-e-stata-accolta\\\/\"},\"wordCount\":258,\"publisher\":{\"@id\":\"https:\\\/\\\/www.bellunopress.it\\\/#organization\"},\"image\":{\"@id\":\"https:\\\/\\\/www.bellunopress.it\\\/2011\\\/12\\\/13\\\/attivita-zootecnica-di-montagna-sergio-reolon-nessuna-delle-mie-richieste-e-stata-accolta\\\/#primaryimage\"},\"thumbnailUrl\":\"http:\\\/\\\/www.bellunopress.it\\\/wp-content\\\/uploads\\\/2010\\\/02\\\/sergio-reolon-270x270.jpg\",\"articleSection\":[\"Cronaca\\\/Politica\",\"Prima Pagina\"],\"inLanguage\":\"fr-FR\"},{\"@type\":\"WebPage\",\"@id\":\"https:\\\/\\\/www.bellunopress.it\\\/2011\\\/12\\\/13\\\/attivita-zootecnica-di-montagna-sergio-reolon-nessuna-delle-mie-richieste-e-stata-accolta\\\/\",\"url\":\"https:\\\/\\\/www.bellunopress.it\\\/2011\\\/12\\\/13\\\/attivita-zootecnica-di-montagna-sergio-reolon-nessuna-delle-mie-richieste-e-stata-accolta\\\/\",\"name\":\"Attivit\u00e0 zootecnica di montagna. Sergio Reolon: \\\"Nessuna delle mie richieste \u00e8 stata accolta\\\" - Bellunopress - Dolomiti\",\"isPartOf\":{\"@id\":\"https:\\\/\\\/www.bellunopress.it\\\/#website\"},\"primaryImageOfPage\":{\"@id\":\"https:\\\/\\\/www.bellunopress.it\\\/2011\\\/12\\\/13\\\/attivita-zootecnica-di-montagna-sergio-reolon-nessuna-delle-mie-richieste-e-stata-accolta\\\/#primaryimage\"},\"image\":{\"@id\":\"https:\\\/\\\/www.bellunopress.it\\\/2011\\\/12\\\/13\\\/attivita-zootecnica-di-montagna-sergio-reolon-nessuna-delle-mie-richieste-e-stata-accolta\\\/#primaryimage\"},\"thumbnailUrl\":\"http:\\\/\\\/www.bellunopress.it\\\/wp-content\\\/uploads\\\/2010\\\/02\\\/sergio-reolon-270x270.jpg\",\"datePublished\":\"2011-12-13T20:11:16+00:00\",\"dateModified\":\"2011-12-13T20:11:20+00:00\",\"breadcrumb\":{\"@id\":\"https:\\\/\\\/www.bellunopress.it\\\/2011\\\/12\\\/13\\\/attivita-zootecnica-di-montagna-sergio-reolon-nessuna-delle-mie-richieste-e-stata-accolta\\\/#breadcrumb\"},\"inLanguage\":\"fr-FR\",\"potentialAction\":[{\"@type\":\"ReadAction\",\"target\":[\"https:\\\/\\\/www.bellunopress.it\\\/2011\\\/12\\\/13\\\/attivita-zootecnica-di-montagna-sergio-reolon-nessuna-delle-mie-richieste-e-stata-accolta\\\/\"]}]},{\"@type\":\"ImageObject\",\"inLanguage\":\"fr-FR\",\"@id\":\"https:\\\/\\\/www.bellunopress.it\\\/2011\\\/12\\\/13\\\/attivita-zootecnica-di-montagna-sergio-reolon-nessuna-delle-mie-richieste-e-stata-accolta\\\/#primaryimage\",\"url\":\"http:\\\/\\\/www.bellunopress.it\\\/wp-content\\\/uploads\\\/2010\\\/02\\\/sergio-reolon-270x270.jpg\",\"contentUrl\":\"http:\\\/\\\/www.bellunopress.it\\\/wp-content\\\/uploads\\\/2010\\\/02\\\/sergio-reolon-270x270.jpg\"},{\"@type\":\"BreadcrumbList\",\"@id\":\"https:\\\/\\\/www.bellunopress.it\\\/2011\\\/12\\\/13\\\/attivita-zootecnica-di-montagna-sergio-reolon-nessuna-delle-mie-richieste-e-stata-accolta\\\/#breadcrumb\",\"itemListElement\":[{\"@type\":\"ListItem\",\"position\":1,\"name\":\"Home\",\"item\":\"https:\\\/\\\/www.bellunopress.it\\\/\"},{\"@type\":\"ListItem\",\"position\":2,\"name\":\"Attivit\u00e0 zootecnica di montagna. Sergio Reolon: &#8220;Nessuna delle mie richieste \u00e8 stata accolta&#8221;\"}]},{\"@type\":\"WebSite\",\"@id\":\"https:\\\/\\\/www.bellunopress.it\\\/#website\",\"url\":\"https:\\\/\\\/www.bellunopress.it\\\/\",\"name\":\"Bellunopress - Dolomiti\",\"description\":\"e-mail: redazione@bellunopress.it\",\"publisher\":{\"@id\":\"https:\\\/\\\/www.bellunopress.it\\\/#organization\"},\"potentialAction\":[{\"@type\":\"SearchAction\",\"target\":{\"@type\":\"EntryPoint\",\"urlTemplate\":\"https:\\\/\\\/www.bellunopress.it\\\/?s={search_term_string}\"},\"query-input\":{\"@type\":\"PropertyValueSpecification\",\"valueRequired\":true,\"valueName\":\"search_term_string\"}}],\"inLanguage\":\"fr-FR\"},{\"@type\":\"Organization\",\"@id\":\"https:\\\/\\\/www.bellunopress.it\\\/#organization\",\"name\":\"Bellunopress\",\"url\":\"https:\\\/\\\/www.bellunopress.it\\\/\",\"logo\":{\"@type\":\"ImageObject\",\"inLanguage\":\"fr-FR\",\"@id\":\"https:\\\/\\\/www.bellunopress.it\\\/#\\\/schema\\\/logo\\\/image\\\/\",\"url\":\"https:\\\/\\\/www.bellunopress.it\\\/wp-content\\\/uploads\\\/2011\\\/05\\\/cropped-logo-bellunopress-.jpg\",\"contentUrl\":\"https:\\\/\\\/www.bellunopress.it\\\/wp-content\\\/uploads\\\/2011\\\/05\\\/cropped-logo-bellunopress-.jpg\",\"width\":512,\"height\":512,\"caption\":\"Bellunopress\"},\"image\":{\"@id\":\"https:\\\/\\\/www.bellunopress.it\\\/#\\\/schema\\\/logo\\\/image\\\/\"},\"sameAs\":[\"https:\\\/\\\/www.facebook.com\\\/profile.php?id=100008943462799\",\"https:\\\/\\\/x.com\\\/bellunopress\",\"https:\\\/\\\/www.linkedin.com\\\/hp\\\/?dnr=JBzUWaJfMUw8vbXJJ2tVW5-I3jZKvC4wsoxE&amp;amp;amp;amp;amp;amp;trk=nav_responsive_tab_home\",\"https:\\\/\\\/www.youtube.com\\\/channel\\\/UCxL0wu1uN0_3_7hGG0306cw\"]},{\"@type\":\"Person\",\"@id\":\"https:\\\/\\\/www.bellunopress.it\\\/#\\\/schema\\\/person\\\/79bb06722b37ece1c03d3e94beb30d73\",\"name\":\"redazione\",\"image\":{\"@type\":\"ImageObject\",\"inLanguage\":\"fr-FR\",\"@id\":\"https:\\\/\\\/secure.gravatar.com\\\/avatar\\\/37d968a2e67a6fd04c169c4bdef102d0bc5d31b2546345219e348575eb80e9a0?s=96&d=mm&r=g\",\"url\":\"https:\\\/\\\/secure.gravatar.com\\\/avatar\\\/37d968a2e67a6fd04c169c4bdef102d0bc5d31b2546345219e348575eb80e9a0?s=96&d=mm&r=g\",\"contentUrl\":\"https:\\\/\\\/secure.gravatar.com\\\/avatar\\\/37d968a2e67a6fd04c169c4bdef102d0bc5d31b2546345219e348575eb80e9a0?s=96&d=mm&r=g\",\"caption\":\"redazione\"},\"sameAs\":[\"http:\\\/\\\/www.bellunopress.it\",\"https:\\\/\\\/x.com\\\/bellunopress\"],\"url\":\"https:\\\/\\\/www.bellunopress.it\\\/fr\\\/author\\\/redazione\\\/\"}]}<\/script>\n<!-- \/ Yoast SEO plugin. -->","yoast_head_json":{"title":"Attivit\u00e0 zootecnica di montagna. Sergio Reolon: \"Nessuna delle mie richieste \u00e8 stata accolta\"  - Bellunopress - Dolomiti","robots":{"index":"index","follow":"follow","max-snippet":"max-snippet:-1","max-image-preview":"max-image-preview:large","max-video-preview":"max-video-preview:-1"},"canonical":"https:\/\/www.bellunopress.it\/fr\/2011\/12\/13\/attivita-zootecnica-di-montagna-sergio-reolon-nessuna-delle-mie-richieste-e-stata-accolta\/","og_locale":"fr_FR","og_type":"article","og_title":"Attivit\u00e0 zootecnica di montagna. Sergio Reolon: \"Nessuna delle mie richieste \u00e8 stata accolta\"  - Bellunopress - Dolomiti","og_description":"&nbsp; \u201cLa commissione non ha recepito i rilievi da me sollevati volti a tutelare l\u2019attivit\u00e0 zootecnica in montagna&#8221;. Questa la presa di posizione del consigliere regionale del PD, Sergio Reolon, dopo la seduta della commissione agricoltura che aveva all\u2019ordine del giorno le Condizioni e le priorit\u00e0 di assegnazione dei contributi nell\u2019ambito del Programma di sviluppo [&hellip;]","og_url":"https:\/\/www.bellunopress.it\/fr\/2011\/12\/13\/attivita-zootecnica-di-montagna-sergio-reolon-nessuna-delle-mie-richieste-e-stata-accolta\/","og_site_name":"Bellunopress - Dolomiti","article_publisher":"https:\/\/www.facebook.com\/profile.php?id=100008943462799","article_published_time":"2011-12-13T20:11:16+00:00","article_modified_time":"2011-12-13T20:11:20+00:00","og_image":[{"url":"http:\/\/www.bellunopress.it\/wp-content\/uploads\/2010\/02\/sergio-reolon-270x270.jpg","type":"","width":"","height":""}],"author":"redazione","twitter_card":"summary_large_image","twitter_creator":"@bellunopress","twitter_site":"@bellunopress","twitter_misc":{"\u00c9crit par":"redazione","Dur\u00e9e de lecture estim\u00e9e":"1 minute"},"schema":{"@context":"https:\/\/schema.org","@graph":[{"@type":"Article","@id":"https:\/\/www.bellunopress.it\/2011\/12\/13\/attivita-zootecnica-di-montagna-sergio-reolon-nessuna-delle-mie-richieste-e-stata-accolta\/#article","isPartOf":{"@id":"https:\/\/www.bellunopress.it\/2011\/12\/13\/attivita-zootecnica-di-montagna-sergio-reolon-nessuna-delle-mie-richieste-e-stata-accolta\/"},"author":{"name":"redazione","@id":"https:\/\/www.bellunopress.it\/#\/schema\/person\/79bb06722b37ece1c03d3e94beb30d73"},"headline":"Attivit\u00e0 zootecnica di montagna. Sergio Reolon: &#8220;Nessuna delle mie richieste \u00e8 stata accolta&#8221;","datePublished":"2011-12-13T20:11:16+00:00","dateModified":"2011-12-13T20:11:20+00:00","mainEntityOfPage":{"@id":"https:\/\/www.bellunopress.it\/2011\/12\/13\/attivita-zootecnica-di-montagna-sergio-reolon-nessuna-delle-mie-richieste-e-stata-accolta\/"},"wordCount":258,"publisher":{"@id":"https:\/\/www.bellunopress.it\/#organization"},"image":{"@id":"https:\/\/www.bellunopress.it\/2011\/12\/13\/attivita-zootecnica-di-montagna-sergio-reolon-nessuna-delle-mie-richieste-e-stata-accolta\/#primaryimage"},"thumbnailUrl":"http:\/\/www.bellunopress.it\/wp-content\/uploads\/2010\/02\/sergio-reolon-270x270.jpg","articleSection":["Cronaca\/Politica","Prima Pagina"],"inLanguage":"fr-FR"},{"@type":"WebPage","@id":"https:\/\/www.bellunopress.it\/2011\/12\/13\/attivita-zootecnica-di-montagna-sergio-reolon-nessuna-delle-mie-richieste-e-stata-accolta\/","url":"https:\/\/www.bellunopress.it\/2011\/12\/13\/attivita-zootecnica-di-montagna-sergio-reolon-nessuna-delle-mie-richieste-e-stata-accolta\/","name":"Attivit\u00e0 zootecnica di montagna. Sergio Reolon: \"Nessuna delle mie richieste \u00e8 stata accolta\" - Bellunopress - Dolomiti","isPartOf":{"@id":"https:\/\/www.bellunopress.it\/#website"},"primaryImageOfPage":{"@id":"https:\/\/www.bellunopress.it\/2011\/12\/13\/attivita-zootecnica-di-montagna-sergio-reolon-nessuna-delle-mie-richieste-e-stata-accolta\/#primaryimage"},"image":{"@id":"https:\/\/www.bellunopress.it\/2011\/12\/13\/attivita-zootecnica-di-montagna-sergio-reolon-nessuna-delle-mie-richieste-e-stata-accolta\/#primaryimage"},"thumbnailUrl":"http:\/\/www.bellunopress.it\/wp-content\/uploads\/2010\/02\/sergio-reolon-270x270.jpg","datePublished":"2011-12-13T20:11:16+00:00","dateModified":"2011-12-13T20:11:20+00:00","breadcrumb":{"@id":"https:\/\/www.bellunopress.it\/2011\/12\/13\/attivita-zootecnica-di-montagna-sergio-reolon-nessuna-delle-mie-richieste-e-stata-accolta\/#breadcrumb"},"inLanguage":"fr-FR","potentialAction":[{"@type":"ReadAction","target":["https:\/\/www.bellunopress.it\/2011\/12\/13\/attivita-zootecnica-di-montagna-sergio-reolon-nessuna-delle-mie-richieste-e-stata-accolta\/"]}]},{"@type":"ImageObject","inLanguage":"fr-FR","@id":"https:\/\/www.bellunopress.it\/2011\/12\/13\/attivita-zootecnica-di-montagna-sergio-reolon-nessuna-delle-mie-richieste-e-stata-accolta\/#primaryimage","url":"http:\/\/www.bellunopress.it\/wp-content\/uploads\/2010\/02\/sergio-reolon-270x270.jpg","contentUrl":"http:\/\/www.bellunopress.it\/wp-content\/uploads\/2010\/02\/sergio-reolon-270x270.jpg"},{"@type":"BreadcrumbList","@id":"https:\/\/www.bellunopress.it\/2011\/12\/13\/attivita-zootecnica-di-montagna-sergio-reolon-nessuna-delle-mie-richieste-e-stata-accolta\/#breadcrumb","itemListElement":[{"@type":"ListItem","position":1,"name":"Home","item":"https:\/\/www.bellunopress.it\/"},{"@type":"ListItem","position":2,"name":"Attivit\u00e0 zootecnica di montagna. Sergio Reolon: &#8220;Nessuna delle mie richieste \u00e8 stata accolta&#8221;"}]},{"@type":"WebSite","@id":"https:\/\/www.bellunopress.it\/#website","url":"https:\/\/www.bellunopress.it\/","name":"Bellunopress - Dolomiti","description":"e-mail: redazione@bellunopress.it","publisher":{"@id":"https:\/\/www.bellunopress.it\/#organization"},"potentialAction":[{"@type":"SearchAction","target":{"@type":"EntryPoint","urlTemplate":"https:\/\/www.bellunopress.it\/?s={search_term_string}"},"query-input":{"@type":"PropertyValueSpecification","valueRequired":true,"valueName":"search_term_string"}}],"inLanguage":"fr-FR"},{"@type":"Organization","@id":"https:\/\/www.bellunopress.it\/#organization","name":"Bellunopress","url":"https:\/\/www.bellunopress.it\/","logo":{"@type":"ImageObject","inLanguage":"fr-FR","@id":"https:\/\/www.bellunopress.it\/#\/schema\/logo\/image\/","url":"https:\/\/www.bellunopress.it\/wp-content\/uploads\/2011\/05\/cropped-logo-bellunopress-.jpg","contentUrl":"https:\/\/www.bellunopress.it\/wp-content\/uploads\/2011\/05\/cropped-logo-bellunopress-.jpg","width":512,"height":512,"caption":"Bellunopress"},"image":{"@id":"https:\/\/www.bellunopress.it\/#\/schema\/logo\/image\/"},"sameAs":["https:\/\/www.facebook.com\/profile.php?id=100008943462799","https:\/\/x.com\/bellunopress","https:\/\/www.linkedin.com\/hp\/?dnr=JBzUWaJfMUw8vbXJJ2tVW5-I3jZKvC4wsoxE&amp;amp;amp;amp;amp;amp;trk=nav_responsive_tab_home","https:\/\/www.youtube.com\/channel\/UCxL0wu1uN0_3_7hGG0306cw"]},{"@type":"Person","@id":"https:\/\/www.bellunopress.it\/#\/schema\/person\/79bb06722b37ece1c03d3e94beb30d73","name":"r\u00e9daction","image":{"@type":"ImageObject","inLanguage":"fr-FR","@id":"https:\/\/secure.gravatar.com\/avatar\/37d968a2e67a6fd04c169c4bdef102d0bc5d31b2546345219e348575eb80e9a0?s=96&d=mm&r=g","url":"https:\/\/secure.gravatar.com\/avatar\/37d968a2e67a6fd04c169c4bdef102d0bc5d31b2546345219e348575eb80e9a0?s=96&d=mm&r=g","contentUrl":"https:\/\/secure.gravatar.com\/avatar\/37d968a2e67a6fd04c169c4bdef102d0bc5d31b2546345219e348575eb80e9a0?s=96&d=mm&r=g","caption":"redazione"},"sameAs":["http:\/\/www.bellunopress.it","https:\/\/x.com\/bellunopress"],"url":"https:\/\/www.bellunopress.it\/fr\/author\/redazione\/"}]}},"_links":{"self":[{"href":"https:\/\/www.bellunopress.it\/fr\/wp-json\/wp\/v2\/posts\/33284","targetHints":{"allow":["GET"]}}],"collection":[{"href":"https:\/\/www.bellunopress.it\/fr\/wp-json\/wp\/v2\/posts"}],"about":[{"href":"https:\/\/www.bellunopress.it\/fr\/wp-json\/wp\/v2\/types\/post"}],"author":[{"embeddable":true,"href":"https:\/\/www.bellunopress.it\/fr\/wp-json\/wp\/v2\/users\/2"}],"replies":[{"embeddable":true,"href":"https:\/\/www.bellunopress.it\/fr\/wp-json\/wp\/v2\/comments?post=33284"}],"version-history":[{"count":2,"href":"https:\/\/www.bellunopress.it\/fr\/wp-json\/wp\/v2\/posts\/33284\/revisions"}],"predecessor-version":[{"id":33286,"href":"https:\/\/www.bellunopress.it\/fr\/wp-json\/wp\/v2\/posts\/33284\/revisions\/33286"}],"wp:attachment":[{"href":"https:\/\/www.bellunopress.it\/fr\/wp-json\/wp\/v2\/media?parent=33284"}],"wp:term":[{"taxonomy":"category","embeddable":true,"href":"https:\/\/www.bellunopress.it\/fr\/wp-json\/wp\/v2\/categories?post=33284"},{"taxonomy":"post_tag","embeddable":true,"href":"https:\/\/www.bellunopress.it\/fr\/wp-json\/wp\/v2\/tags?post=33284"}],"curies":[{"name":"wp","href":"https:\/\/api.w.org\/{rel}","templated":true}]}}