{"id":33276,"date":"2011-12-13T18:52:42","date_gmt":"2011-12-13T17:52:42","guid":{"rendered":"http:\/\/www.bellunopress.it\/?p=33276"},"modified":"2011-12-13T18:52:42","modified_gmt":"2011-12-13T17:52:42","slug":"zaia-appoggia-il-ricorso-delle-province-alla-corte-costituzionale-contro-la-manovra-monti","status":"publish","type":"post","link":"https:\/\/www.bellunopress.it\/fr\/2011\/12\/13\/zaia-appoggia-il-ricorso-delle-province-alla-corte-costituzionale-contro-la-manovra-monti\/","title":{"rendered":"Zaia appoggia il ricorso delle province alla Corte costituzionale contro la manovra Monti"},"content":{"rendered":"<figure id=\"attachment_21185\" aria-describedby=\"caption-attachment-21185\" style=\"width: 233px\" class=\"wp-caption alignleft\"><a href=\"http:\/\/www.bellunopress.it\/wp-content\/uploads\/2010\/11\/zaia-300x220.jpg\"><img loading=\"lazy\" decoding=\"async\" class=\"size-full wp-image-21185\" title=\"zaia-300x220\" src=\"http:\/\/www.bellunopress.it\/wp-content\/uploads\/2010\/11\/zaia-300x220.jpg\" alt=\"\" width=\"233\" height=\"300\" \/><\/a><figcaption id=\"caption-attachment-21185\" class=\"wp-caption-text\">Luca Zaia<\/figcaption><\/figure>\n<p>La Regione del Veneto presenter\u00e0 ricorso alla Corte Costituzionale, anche per conto delle Province del Veneto che non hanno titolo per farlo, contro la manovra del Governo Monti per la parte relativa allo svuotamento delle funzioni istituzionali delle Province e alla decadenza degli organi elettivi provinciali, prevista per il 31 marzo 2013. La Regione, inoltre, costituir\u00e0 un tavolo di lavoro con gli Enti Locali per esaminare complessivamente le ricadute della manovra in discussione in questi giorni in Parlamento. Sono questi gli impegni che il presidente Luca Zaia ha assunto nei confronti dei presidenti delle Province venete, giunti oggi pomeriggio a Palazzo Balbi per ottenere dalla Regione sostegno in quella che considerano pi\u00f9 che una battaglia per la sopravvivenza degli Enti da loro rappresentati, una irrinunciabile azione per dire di no a un provvedimento antidemocratico e incostituzionale.\u00a0\u00a0\u00a0\u00a0\u00a0\u00a0 I presidenti Leonardo Muraro (provincia di Treviso e dell\u2019Unione delle Province Venete), Francesca Zaccariotto (Venezia), Giovanni Miozzi (Verona), Barbara Degani (Padova) e Tiziana Michela Virgili (Rovigo), hanno rappresentato inoltre al presidente Zaia un quadro di grande incertezza sul futuro degli enti provinciali, in termini di\u00a0 programmazione, di risorse economiche e umane, che avr\u00e0 una grave ricaduta sui cittadini amministrati. \u201cLa verit\u00e0 \u2013 ha sottolineato il Presidente Zaia \u2013 \u00e8 che se si voleva cancellare le Province, le si cancellavano punto e basta. Ma il Governo questo non lo sta facendo, si limita a mandare a casa gli amministratori di oggi, democraticamente eletti dai veneti, per sostituirli con altri nominati dai Comuni. Per questo abbiamo dato la disponibilit\u00e0 a patrocinare il ricorso, che pu\u00f2 essere presentato solo la Regione. Inoltre, abbiamo previsto la creazione di un tavolo, perch\u00e9 se la manovra venisse approvata cos\u00ec come la si conosce oggi, \u00e8 necessario che la Regione e gli Enti Locali cerchino quantomeno di chiarire chi fa cosa, considerato che spariranno risorse e cambieranno le competenze, il tutto in una situazione di totale incertezza e imbarazzo\u201d. \u201cInsomma \u2013 ha concluso Zaia \u2013, \u00e8 un caos. Se volevano creare il caos ci sono riusciti\u201d.<\/p>","protected":false},"excerpt":{"rendered":"<p>La Regione del Veneto presenter\u00e0 ricorso alla Corte Costituzionale, anche per conto delle Province del Veneto che non hanno titolo per farlo, contro la manovra del Governo Monti per la parte relativa allo svuotamento delle funzioni istituzionali delle Province e alla decadenza degli organi elettivi provinciali, prevista per il 31 marzo 2013. La Regione, inoltre, [&hellip;]<\/p>\n","protected":false},"author":2,"featured_media":0,"comment_status":"closed","ping_status":"open","sticky":false,"template":"","format":"standard","meta":{"footnotes":""},"categories":[5,26],"tags":[],"class_list":["post-33276","post","type-post","status-publish","format-standard","category-cronaca","category-prima-pagina"],"yoast_head":"<!-- This site is optimized with the Yoast SEO plugin v28.4 - https:\/\/yoast.com\/product\/yoast-seo-wordpress\/ -->\n<title>Zaia appoggia il ricorso delle province alla Corte costituzionale contro la manovra Monti - Bellunopress - Dolomiti<\/title>\n<meta name=\"robots\" content=\"index, follow, max-snippet:-1, max-image-preview:large, max-video-preview:-1\" \/>\n<link rel=\"canonical\" href=\"https:\/\/www.bellunopress.it\/fr\/2011\/12\/13\/zaia-appoggia-il-ricorso-delle-province-alla-corte-costituzionale-contro-la-manovra-monti\/\" \/>\n<meta property=\"og:locale\" content=\"fr_FR\" \/>\n<meta property=\"og:type\" content=\"article\" \/>\n<meta property=\"og:title\" content=\"Zaia appoggia il ricorso delle province alla Corte costituzionale contro la manovra Monti - Bellunopress - Dolomiti\" \/>\n<meta property=\"og:description\" content=\"La Regione del Veneto presenter\u00e0 ricorso alla Corte Costituzionale, anche per conto delle Province del Veneto che non hanno titolo per farlo, contro la manovra del Governo Monti per la parte relativa allo svuotamento delle funzioni istituzionali delle Province e alla decadenza degli organi elettivi provinciali, prevista per il 31 marzo 2013. La Regione, inoltre, [&hellip;]\" \/>\n<meta property=\"og:url\" content=\"https:\/\/www.bellunopress.it\/fr\/2011\/12\/13\/zaia-appoggia-il-ricorso-delle-province-alla-corte-costituzionale-contro-la-manovra-monti\/\" \/>\n<meta property=\"og:site_name\" content=\"Bellunopress - Dolomiti\" \/>\n<meta property=\"article:publisher\" content=\"https:\/\/www.facebook.com\/profile.php?id=100008943462799\" \/>\n<meta property=\"article:published_time\" content=\"2011-12-13T17:52:42+00:00\" \/>\n<meta property=\"og:image\" content=\"http:\/\/www.bellunopress.it\/wp-content\/uploads\/2010\/11\/zaia-300x220.jpg\" \/>\n<meta name=\"author\" content=\"redazione\" \/>\n<meta name=\"twitter:card\" content=\"summary_large_image\" \/>\n<meta name=\"twitter:creator\" content=\"@bellunopress\" \/>\n<meta name=\"twitter:site\" content=\"@bellunopress\" \/>\n<meta name=\"twitter:label1\" content=\"\u00c9crit par\" \/>\n\t<meta name=\"twitter:data1\" content=\"redazione\" \/>\n\t<meta name=\"twitter:label2\" content=\"Dur\u00e9e de lecture estim\u00e9e\" \/>\n\t<meta name=\"twitter:data2\" content=\"2 minutes\" \/>\n<script type=\"application\/ld+json\" class=\"yoast-schema-graph\">{\"@context\":\"https:\\\/\\\/schema.org\",\"@graph\":[{\"@type\":\"Article\",\"@id\":\"https:\\\/\\\/www.bellunopress.it\\\/2011\\\/12\\\/13\\\/zaia-appoggia-il-ricorso-delle-province-alla-corte-costituzionale-contro-la-manovra-monti\\\/#article\",\"isPartOf\":{\"@id\":\"https:\\\/\\\/www.bellunopress.it\\\/2011\\\/12\\\/13\\\/zaia-appoggia-il-ricorso-delle-province-alla-corte-costituzionale-contro-la-manovra-monti\\\/\"},\"author\":{\"name\":\"redazione\",\"@id\":\"https:\\\/\\\/www.bellunopress.it\\\/#\\\/schema\\\/person\\\/79bb06722b37ece1c03d3e94beb30d73\"},\"headline\":\"Zaia appoggia il ricorso delle province alla Corte costituzionale contro la manovra Monti\",\"datePublished\":\"2011-12-13T17:52:42+00:00\",\"mainEntityOfPage\":{\"@id\":\"https:\\\/\\\/www.bellunopress.it\\\/2011\\\/12\\\/13\\\/zaia-appoggia-il-ricorso-delle-province-alla-corte-costituzionale-contro-la-manovra-monti\\\/\"},\"wordCount\":350,\"publisher\":{\"@id\":\"https:\\\/\\\/www.bellunopress.it\\\/#organization\"},\"image\":{\"@id\":\"https:\\\/\\\/www.bellunopress.it\\\/2011\\\/12\\\/13\\\/zaia-appoggia-il-ricorso-delle-province-alla-corte-costituzionale-contro-la-manovra-monti\\\/#primaryimage\"},\"thumbnailUrl\":\"http:\\\/\\\/www.bellunopress.it\\\/wp-content\\\/uploads\\\/2010\\\/11\\\/zaia-300x220.jpg\",\"articleSection\":[\"Cronaca\\\/Politica\",\"Prima Pagina\"],\"inLanguage\":\"fr-FR\"},{\"@type\":\"WebPage\",\"@id\":\"https:\\\/\\\/www.bellunopress.it\\\/2011\\\/12\\\/13\\\/zaia-appoggia-il-ricorso-delle-province-alla-corte-costituzionale-contro-la-manovra-monti\\\/\",\"url\":\"https:\\\/\\\/www.bellunopress.it\\\/2011\\\/12\\\/13\\\/zaia-appoggia-il-ricorso-delle-province-alla-corte-costituzionale-contro-la-manovra-monti\\\/\",\"name\":\"Zaia appoggia il ricorso delle province alla Corte costituzionale contro la manovra Monti - Bellunopress - Dolomiti\",\"isPartOf\":{\"@id\":\"https:\\\/\\\/www.bellunopress.it\\\/#website\"},\"primaryImageOfPage\":{\"@id\":\"https:\\\/\\\/www.bellunopress.it\\\/2011\\\/12\\\/13\\\/zaia-appoggia-il-ricorso-delle-province-alla-corte-costituzionale-contro-la-manovra-monti\\\/#primaryimage\"},\"image\":{\"@id\":\"https:\\\/\\\/www.bellunopress.it\\\/2011\\\/12\\\/13\\\/zaia-appoggia-il-ricorso-delle-province-alla-corte-costituzionale-contro-la-manovra-monti\\\/#primaryimage\"},\"thumbnailUrl\":\"http:\\\/\\\/www.bellunopress.it\\\/wp-content\\\/uploads\\\/2010\\\/11\\\/zaia-300x220.jpg\",\"datePublished\":\"2011-12-13T17:52:42+00:00\",\"breadcrumb\":{\"@id\":\"https:\\\/\\\/www.bellunopress.it\\\/2011\\\/12\\\/13\\\/zaia-appoggia-il-ricorso-delle-province-alla-corte-costituzionale-contro-la-manovra-monti\\\/#breadcrumb\"},\"inLanguage\":\"fr-FR\",\"potentialAction\":[{\"@type\":\"ReadAction\",\"target\":[\"https:\\\/\\\/www.bellunopress.it\\\/2011\\\/12\\\/13\\\/zaia-appoggia-il-ricorso-delle-province-alla-corte-costituzionale-contro-la-manovra-monti\\\/\"]}]},{\"@type\":\"ImageObject\",\"inLanguage\":\"fr-FR\",\"@id\":\"https:\\\/\\\/www.bellunopress.it\\\/2011\\\/12\\\/13\\\/zaia-appoggia-il-ricorso-delle-province-alla-corte-costituzionale-contro-la-manovra-monti\\\/#primaryimage\",\"url\":\"http:\\\/\\\/www.bellunopress.it\\\/wp-content\\\/uploads\\\/2010\\\/11\\\/zaia-300x220.jpg\",\"contentUrl\":\"http:\\\/\\\/www.bellunopress.it\\\/wp-content\\\/uploads\\\/2010\\\/11\\\/zaia-300x220.jpg\"},{\"@type\":\"BreadcrumbList\",\"@id\":\"https:\\\/\\\/www.bellunopress.it\\\/2011\\\/12\\\/13\\\/zaia-appoggia-il-ricorso-delle-province-alla-corte-costituzionale-contro-la-manovra-monti\\\/#breadcrumb\",\"itemListElement\":[{\"@type\":\"ListItem\",\"position\":1,\"name\":\"Home\",\"item\":\"https:\\\/\\\/www.bellunopress.it\\\/\"},{\"@type\":\"ListItem\",\"position\":2,\"name\":\"Zaia appoggia il ricorso delle province alla Corte costituzionale contro la manovra Monti\"}]},{\"@type\":\"WebSite\",\"@id\":\"https:\\\/\\\/www.bellunopress.it\\\/#website\",\"url\":\"https:\\\/\\\/www.bellunopress.it\\\/\",\"name\":\"Bellunopress - Dolomiti\",\"description\":\"e-mail: redazione@bellunopress.it\",\"publisher\":{\"@id\":\"https:\\\/\\\/www.bellunopress.it\\\/#organization\"},\"potentialAction\":[{\"@type\":\"SearchAction\",\"target\":{\"@type\":\"EntryPoint\",\"urlTemplate\":\"https:\\\/\\\/www.bellunopress.it\\\/?s={search_term_string}\"},\"query-input\":{\"@type\":\"PropertyValueSpecification\",\"valueRequired\":true,\"valueName\":\"search_term_string\"}}],\"inLanguage\":\"fr-FR\"},{\"@type\":\"Organization\",\"@id\":\"https:\\\/\\\/www.bellunopress.it\\\/#organization\",\"name\":\"Bellunopress\",\"url\":\"https:\\\/\\\/www.bellunopress.it\\\/\",\"logo\":{\"@type\":\"ImageObject\",\"inLanguage\":\"fr-FR\",\"@id\":\"https:\\\/\\\/www.bellunopress.it\\\/#\\\/schema\\\/logo\\\/image\\\/\",\"url\":\"https:\\\/\\\/www.bellunopress.it\\\/wp-content\\\/uploads\\\/2011\\\/05\\\/cropped-logo-bellunopress-.jpg\",\"contentUrl\":\"https:\\\/\\\/www.bellunopress.it\\\/wp-content\\\/uploads\\\/2011\\\/05\\\/cropped-logo-bellunopress-.jpg\",\"width\":512,\"height\":512,\"caption\":\"Bellunopress\"},\"image\":{\"@id\":\"https:\\\/\\\/www.bellunopress.it\\\/#\\\/schema\\\/logo\\\/image\\\/\"},\"sameAs\":[\"https:\\\/\\\/www.facebook.com\\\/profile.php?id=100008943462799\",\"https:\\\/\\\/x.com\\\/bellunopress\",\"https:\\\/\\\/www.linkedin.com\\\/hp\\\/?dnr=JBzUWaJfMUw8vbXJJ2tVW5-I3jZKvC4wsoxE&amp;amp;amp;amp;amp;amp;trk=nav_responsive_tab_home\",\"https:\\\/\\\/www.youtube.com\\\/channel\\\/UCxL0wu1uN0_3_7hGG0306cw\"]},{\"@type\":\"Person\",\"@id\":\"https:\\\/\\\/www.bellunopress.it\\\/#\\\/schema\\\/person\\\/79bb06722b37ece1c03d3e94beb30d73\",\"name\":\"redazione\",\"image\":{\"@type\":\"ImageObject\",\"inLanguage\":\"fr-FR\",\"@id\":\"https:\\\/\\\/secure.gravatar.com\\\/avatar\\\/37d968a2e67a6fd04c169c4bdef102d0bc5d31b2546345219e348575eb80e9a0?s=96&d=mm&r=g\",\"url\":\"https:\\\/\\\/secure.gravatar.com\\\/avatar\\\/37d968a2e67a6fd04c169c4bdef102d0bc5d31b2546345219e348575eb80e9a0?s=96&d=mm&r=g\",\"contentUrl\":\"https:\\\/\\\/secure.gravatar.com\\\/avatar\\\/37d968a2e67a6fd04c169c4bdef102d0bc5d31b2546345219e348575eb80e9a0?s=96&d=mm&r=g\",\"caption\":\"redazione\"},\"sameAs\":[\"http:\\\/\\\/www.bellunopress.it\",\"https:\\\/\\\/x.com\\\/bellunopress\"],\"url\":\"https:\\\/\\\/www.bellunopress.it\\\/fr\\\/author\\\/redazione\\\/\"}]}<\/script>\n<!-- \/ Yoast SEO plugin. -->","yoast_head_json":{"title":"Zaia appoggia il ricorso delle province alla Corte costituzionale contro la manovra Monti - Bellunopress - Dolomiti","robots":{"index":"index","follow":"follow","max-snippet":"max-snippet:-1","max-image-preview":"max-image-preview:large","max-video-preview":"max-video-preview:-1"},"canonical":"https:\/\/www.bellunopress.it\/fr\/2011\/12\/13\/zaia-appoggia-il-ricorso-delle-province-alla-corte-costituzionale-contro-la-manovra-monti\/","og_locale":"fr_FR","og_type":"article","og_title":"Zaia appoggia il ricorso delle province alla Corte costituzionale contro la manovra Monti - Bellunopress - Dolomiti","og_description":"La Regione del Veneto presenter\u00e0 ricorso alla Corte Costituzionale, anche per conto delle Province del Veneto che non hanno titolo per farlo, contro la manovra del Governo Monti per la parte relativa allo svuotamento delle funzioni istituzionali delle Province e alla decadenza degli organi elettivi provinciali, prevista per il 31 marzo 2013. La Regione, inoltre, [&hellip;]","og_url":"https:\/\/www.bellunopress.it\/fr\/2011\/12\/13\/zaia-appoggia-il-ricorso-delle-province-alla-corte-costituzionale-contro-la-manovra-monti\/","og_site_name":"Bellunopress - Dolomiti","article_publisher":"https:\/\/www.facebook.com\/profile.php?id=100008943462799","article_published_time":"2011-12-13T17:52:42+00:00","og_image":[{"url":"http:\/\/www.bellunopress.it\/wp-content\/uploads\/2010\/11\/zaia-300x220.jpg","type":"","width":"","height":""}],"author":"redazione","twitter_card":"summary_large_image","twitter_creator":"@bellunopress","twitter_site":"@bellunopress","twitter_misc":{"\u00c9crit par":"redazione","Dur\u00e9e de lecture estim\u00e9e":"2 minutes"},"schema":{"@context":"https:\/\/schema.org","@graph":[{"@type":"Article","@id":"https:\/\/www.bellunopress.it\/2011\/12\/13\/zaia-appoggia-il-ricorso-delle-province-alla-corte-costituzionale-contro-la-manovra-monti\/#article","isPartOf":{"@id":"https:\/\/www.bellunopress.it\/2011\/12\/13\/zaia-appoggia-il-ricorso-delle-province-alla-corte-costituzionale-contro-la-manovra-monti\/"},"author":{"name":"redazione","@id":"https:\/\/www.bellunopress.it\/#\/schema\/person\/79bb06722b37ece1c03d3e94beb30d73"},"headline":"Zaia appoggia il ricorso delle province alla Corte costituzionale contro la manovra Monti","datePublished":"2011-12-13T17:52:42+00:00","mainEntityOfPage":{"@id":"https:\/\/www.bellunopress.it\/2011\/12\/13\/zaia-appoggia-il-ricorso-delle-province-alla-corte-costituzionale-contro-la-manovra-monti\/"},"wordCount":350,"publisher":{"@id":"https:\/\/www.bellunopress.it\/#organization"},"image":{"@id":"https:\/\/www.bellunopress.it\/2011\/12\/13\/zaia-appoggia-il-ricorso-delle-province-alla-corte-costituzionale-contro-la-manovra-monti\/#primaryimage"},"thumbnailUrl":"http:\/\/www.bellunopress.it\/wp-content\/uploads\/2010\/11\/zaia-300x220.jpg","articleSection":["Cronaca\/Politica","Prima Pagina"],"inLanguage":"fr-FR"},{"@type":"WebPage","@id":"https:\/\/www.bellunopress.it\/2011\/12\/13\/zaia-appoggia-il-ricorso-delle-province-alla-corte-costituzionale-contro-la-manovra-monti\/","url":"https:\/\/www.bellunopress.it\/2011\/12\/13\/zaia-appoggia-il-ricorso-delle-province-alla-corte-costituzionale-contro-la-manovra-monti\/","name":"Zaia appoggia il ricorso delle province alla Corte costituzionale contro la manovra Monti - Bellunopress - Dolomiti","isPartOf":{"@id":"https:\/\/www.bellunopress.it\/#website"},"primaryImageOfPage":{"@id":"https:\/\/www.bellunopress.it\/2011\/12\/13\/zaia-appoggia-il-ricorso-delle-province-alla-corte-costituzionale-contro-la-manovra-monti\/#primaryimage"},"image":{"@id":"https:\/\/www.bellunopress.it\/2011\/12\/13\/zaia-appoggia-il-ricorso-delle-province-alla-corte-costituzionale-contro-la-manovra-monti\/#primaryimage"},"thumbnailUrl":"http:\/\/www.bellunopress.it\/wp-content\/uploads\/2010\/11\/zaia-300x220.jpg","datePublished":"2011-12-13T17:52:42+00:00","breadcrumb":{"@id":"https:\/\/www.bellunopress.it\/2011\/12\/13\/zaia-appoggia-il-ricorso-delle-province-alla-corte-costituzionale-contro-la-manovra-monti\/#breadcrumb"},"inLanguage":"fr-FR","potentialAction":[{"@type":"ReadAction","target":["https:\/\/www.bellunopress.it\/2011\/12\/13\/zaia-appoggia-il-ricorso-delle-province-alla-corte-costituzionale-contro-la-manovra-monti\/"]}]},{"@type":"ImageObject","inLanguage":"fr-FR","@id":"https:\/\/www.bellunopress.it\/2011\/12\/13\/zaia-appoggia-il-ricorso-delle-province-alla-corte-costituzionale-contro-la-manovra-monti\/#primaryimage","url":"http:\/\/www.bellunopress.it\/wp-content\/uploads\/2010\/11\/zaia-300x220.jpg","contentUrl":"http:\/\/www.bellunopress.it\/wp-content\/uploads\/2010\/11\/zaia-300x220.jpg"},{"@type":"BreadcrumbList","@id":"https:\/\/www.bellunopress.it\/2011\/12\/13\/zaia-appoggia-il-ricorso-delle-province-alla-corte-costituzionale-contro-la-manovra-monti\/#breadcrumb","itemListElement":[{"@type":"ListItem","position":1,"name":"Home","item":"https:\/\/www.bellunopress.it\/"},{"@type":"ListItem","position":2,"name":"Zaia appoggia il ricorso delle province alla Corte costituzionale contro la manovra Monti"}]},{"@type":"WebSite","@id":"https:\/\/www.bellunopress.it\/#website","url":"https:\/\/www.bellunopress.it\/","name":"Bellunopress - Dolomiti","description":"e-mail: redazione@bellunopress.it","publisher":{"@id":"https:\/\/www.bellunopress.it\/#organization"},"potentialAction":[{"@type":"SearchAction","target":{"@type":"EntryPoint","urlTemplate":"https:\/\/www.bellunopress.it\/?s={search_term_string}"},"query-input":{"@type":"PropertyValueSpecification","valueRequired":true,"valueName":"search_term_string"}}],"inLanguage":"fr-FR"},{"@type":"Organization","@id":"https:\/\/www.bellunopress.it\/#organization","name":"Bellunopress","url":"https:\/\/www.bellunopress.it\/","logo":{"@type":"ImageObject","inLanguage":"fr-FR","@id":"https:\/\/www.bellunopress.it\/#\/schema\/logo\/image\/","url":"https:\/\/www.bellunopress.it\/wp-content\/uploads\/2011\/05\/cropped-logo-bellunopress-.jpg","contentUrl":"https:\/\/www.bellunopress.it\/wp-content\/uploads\/2011\/05\/cropped-logo-bellunopress-.jpg","width":512,"height":512,"caption":"Bellunopress"},"image":{"@id":"https:\/\/www.bellunopress.it\/#\/schema\/logo\/image\/"},"sameAs":["https:\/\/www.facebook.com\/profile.php?id=100008943462799","https:\/\/x.com\/bellunopress","https:\/\/www.linkedin.com\/hp\/?dnr=JBzUWaJfMUw8vbXJJ2tVW5-I3jZKvC4wsoxE&amp;amp;amp;amp;amp;amp;trk=nav_responsive_tab_home","https:\/\/www.youtube.com\/channel\/UCxL0wu1uN0_3_7hGG0306cw"]},{"@type":"Person","@id":"https:\/\/www.bellunopress.it\/#\/schema\/person\/79bb06722b37ece1c03d3e94beb30d73","name":"r\u00e9daction","image":{"@type":"ImageObject","inLanguage":"fr-FR","@id":"https:\/\/secure.gravatar.com\/avatar\/37d968a2e67a6fd04c169c4bdef102d0bc5d31b2546345219e348575eb80e9a0?s=96&d=mm&r=g","url":"https:\/\/secure.gravatar.com\/avatar\/37d968a2e67a6fd04c169c4bdef102d0bc5d31b2546345219e348575eb80e9a0?s=96&d=mm&r=g","contentUrl":"https:\/\/secure.gravatar.com\/avatar\/37d968a2e67a6fd04c169c4bdef102d0bc5d31b2546345219e348575eb80e9a0?s=96&d=mm&r=g","caption":"redazione"},"sameAs":["http:\/\/www.bellunopress.it","https:\/\/x.com\/bellunopress"],"url":"https:\/\/www.bellunopress.it\/fr\/author\/redazione\/"}]}},"_links":{"self":[{"href":"https:\/\/www.bellunopress.it\/fr\/wp-json\/wp\/v2\/posts\/33276","targetHints":{"allow":["GET"]}}],"collection":[{"href":"https:\/\/www.bellunopress.it\/fr\/wp-json\/wp\/v2\/posts"}],"about":[{"href":"https:\/\/www.bellunopress.it\/fr\/wp-json\/wp\/v2\/types\/post"}],"author":[{"embeddable":true,"href":"https:\/\/www.bellunopress.it\/fr\/wp-json\/wp\/v2\/users\/2"}],"replies":[{"embeddable":true,"href":"https:\/\/www.bellunopress.it\/fr\/wp-json\/wp\/v2\/comments?post=33276"}],"version-history":[{"count":1,"href":"https:\/\/www.bellunopress.it\/fr\/wp-json\/wp\/v2\/posts\/33276\/revisions"}],"predecessor-version":[{"id":33277,"href":"https:\/\/www.bellunopress.it\/fr\/wp-json\/wp\/v2\/posts\/33276\/revisions\/33277"}],"wp:attachment":[{"href":"https:\/\/www.bellunopress.it\/fr\/wp-json\/wp\/v2\/media?parent=33276"}],"wp:term":[{"taxonomy":"category","embeddable":true,"href":"https:\/\/www.bellunopress.it\/fr\/wp-json\/wp\/v2\/categories?post=33276"},{"taxonomy":"post_tag","embeddable":true,"href":"https:\/\/www.bellunopress.it\/fr\/wp-json\/wp\/v2\/tags?post=33276"}],"curies":[{"name":"wp","href":"https:\/\/api.w.org\/{rel}","templated":true}]}}