{"id":33273,"date":"2011-12-13T18:41:32","date_gmt":"2011-12-13T17:41:32","guid":{"rendered":"http:\/\/www.bellunopress.it\/?p=33273"},"modified":"2011-12-13T18:42:37","modified_gmt":"2011-12-13T17:42:37","slug":"monti-cancella-le-province-e-bond-fa-la-faccia-feroce-promette-di-scrivere-ad-alfano-che-oramai-conta-come-il-2-spade-quando-in-tavola-ce-bastoni","status":"publish","type":"post","link":"https:\/\/www.bellunopress.it\/fr\/2011\/12\/13\/monti-cancella-le-province-e-bond-fa-la-faccia-feroce-promette-di-scrivere-ad-alfano-che-oramai-conta-come-il-2-spade-quando-in-tavola-ce-bastoni\/","title":{"rendered":"Monti cancella le province. E Bond fa la faccia feroce, promette di scrivere ad Alfano, che oramai conta come il 2 di spade, quando in tavola c&#8217;\u00e8 bastoni"},"content":{"rendered":"<p><a href=\"http:\/\/www.bellunopress.it\/wp-content\/uploads\/2011\/08\/palazzo-piloni-notte.jpg\"><img loading=\"lazy\" decoding=\"async\" class=\"alignleft size-full wp-image-29562\" title=\"palazzo piloni notte\" src=\"http:\/\/www.bellunopress.it\/wp-content\/uploads\/2011\/08\/palazzo-piloni-notte.jpg\" alt=\"\" width=\"300\" height=\"236\" \/><\/a>Con un emendamento alla manovra, il governo Monti ha fissato al 31 marzo 2013 il termine entro il quale gli organi in carica delle Province decadono. Entro il 31 dicembre 2012, inoltre, le funzioni delle province dovranno essere trasferite ai Comuni o alle Regioni. Per quelle province, come Belluno, che avrebbero dovuto andare al voto prima del 31 marzo 2013, la norma stabilisce che vengano commissariate. E quindi non si andr\u00e0 pi\u00f9 a votare per il consiglio provinciale e il presidente della Provincia.\u00a0\u00a0 Le Regioni a statuto speciale hanno 6 mesi per adeguarsi. Tutto come prima, invece, per le province autonome di Trento e Bolzano, protette da quel famoso trattato internazionale De Gasperi \u2013 Gruber oramai anacronistico.\u00a0\u00a0 \u201cMander\u00f2 una lettera ad Angelino Alfano perch\u00e8 dica basta a quelle riserve indiane che sono le province autonome di Trento e di Bolzano\u201d ha detto il capogruppo del Pdl in Consiglio regionale Dario Bond. Ma considerato che nulla ha fatto Alfano quando era ministro, siamo certi che nulla far\u00e0 n\u00e9 vorr\u00e0 fare ora, che il delfino di Berlusconi non fa pi\u00f9 parte dell&#8217;esecutivo. \u201cAd Alfano chieder\u00f2 di farsi promotore di una verifica sui presupposti costituzionali che stanno alla base di queste autonomie &#8211; insiste Bond &#8211; autonomie che a mio avviso non hanno pi\u00f9 senso di essere\u201d. Oltre a chiedere il sostegno delle altre forze politiche Bond auspica un coinvolgimento anche di tutti i consigli regionali di regioni \u201cordinarie\u201d: \u201cDobbiamo fare massa critica &#8211; conclude Bond &#8211; e dire che i sacrifici devono valere per tutti\u201d. Insomma, il solito ritornello, la faccia feroce, e tutto rimarr\u00e0 come prima, con Trento e Bolzano che se la ridono. Perch\u00e9 i trattati internazionali si possono modificare, per\u00f2 occorre porre il problema all&#8217;Unione europea, non gli slogan sui giornali. Dove sono i parlamentari europei? Qualcuno di loro ha mai inoltrato una iniziativa in questo senso? A che servono i parlamentari europei?<\/p>","protected":false},"excerpt":{"rendered":"<p>Con un emendamento alla manovra, il governo Monti ha fissato al 31 marzo 2013 il termine entro il quale gli organi in carica delle Province decadono. Entro il 31 dicembre 2012, inoltre, le funzioni delle province dovranno essere trasferite ai Comuni o alle Regioni. Per quelle province, come Belluno, che avrebbero dovuto andare al voto [&hellip;]<\/p>\n","protected":false},"author":2,"featured_media":0,"comment_status":"closed","ping_status":"open","sticky":false,"template":"","format":"standard","meta":{"footnotes":""},"categories":[1],"tags":[],"class_list":["post-33273","post","type-post","status-publish","format-standard","category-leo"],"yoast_head":"<!-- This site is optimized with the Yoast SEO plugin v28.4 - https:\/\/yoast.com\/product\/yoast-seo-wordpress\/ -->\n<title>Monti cancella le province. E Bond fa la faccia feroce, promette di scrivere ad Alfano, che oramai conta come il 2 di spade, quando in tavola c&#039;\u00e8 bastoni - Bellunopress - Dolomiti<\/title>\n<meta name=\"robots\" content=\"index, follow, max-snippet:-1, max-image-preview:large, max-video-preview:-1\" \/>\n<link rel=\"canonical\" href=\"https:\/\/www.bellunopress.it\/fr\/2011\/12\/13\/monti-cancella-le-province-e-bond-fa-la-faccia-feroce-promette-di-scrivere-ad-alfano-che-oramai-conta-come-il-2-spade-quando-in-tavola-ce-bastoni\/\" \/>\n<meta property=\"og:locale\" content=\"fr_FR\" \/>\n<meta property=\"og:type\" content=\"article\" \/>\n<meta property=\"og:title\" content=\"Monti cancella le province. E Bond fa la faccia feroce, promette di scrivere ad Alfano, che oramai conta come il 2 di spade, quando in tavola c&#039;\u00e8 bastoni - Bellunopress - Dolomiti\" \/>\n<meta property=\"og:description\" content=\"Con un emendamento alla manovra, il governo Monti ha fissato al 31 marzo 2013 il termine entro il quale gli organi in carica delle Province decadono. Entro il 31 dicembre 2012, inoltre, le funzioni delle province dovranno essere trasferite ai Comuni o alle Regioni. Per quelle province, come Belluno, che avrebbero dovuto andare al voto [&hellip;]\" \/>\n<meta property=\"og:url\" content=\"https:\/\/www.bellunopress.it\/fr\/2011\/12\/13\/monti-cancella-le-province-e-bond-fa-la-faccia-feroce-promette-di-scrivere-ad-alfano-che-oramai-conta-come-il-2-spade-quando-in-tavola-ce-bastoni\/\" \/>\n<meta property=\"og:site_name\" content=\"Bellunopress - Dolomiti\" \/>\n<meta property=\"article:publisher\" content=\"https:\/\/www.facebook.com\/profile.php?id=100008943462799\" \/>\n<meta property=\"article:published_time\" content=\"2011-12-13T17:41:32+00:00\" \/>\n<meta property=\"article:modified_time\" content=\"2011-12-13T17:42:37+00:00\" \/>\n<meta property=\"og:image\" content=\"http:\/\/www.bellunopress.it\/wp-content\/uploads\/2011\/08\/palazzo-piloni-notte.jpg\" \/>\n<meta name=\"author\" content=\"redazione\" \/>\n<meta name=\"twitter:card\" content=\"summary_large_image\" \/>\n<meta name=\"twitter:creator\" content=\"@bellunopress\" \/>\n<meta name=\"twitter:site\" content=\"@bellunopress\" \/>\n<meta name=\"twitter:label1\" content=\"\u00c9crit par\" \/>\n\t<meta name=\"twitter:data1\" content=\"redazione\" \/>\n\t<meta name=\"twitter:label2\" content=\"Dur\u00e9e de lecture estim\u00e9e\" \/>\n\t<meta name=\"twitter:data2\" content=\"2 minutes\" \/>\n<script type=\"application\/ld+json\" class=\"yoast-schema-graph\">{\"@context\":\"https:\\\/\\\/schema.org\",\"@graph\":[{\"@type\":\"Article\",\"@id\":\"https:\\\/\\\/www.bellunopress.it\\\/2011\\\/12\\\/13\\\/monti-cancella-le-province-e-bond-fa-la-faccia-feroce-promette-di-scrivere-ad-alfano-che-oramai-conta-come-il-2-spade-quando-in-tavola-ce-bastoni\\\/#article\",\"isPartOf\":{\"@id\":\"https:\\\/\\\/www.bellunopress.it\\\/2011\\\/12\\\/13\\\/monti-cancella-le-province-e-bond-fa-la-faccia-feroce-promette-di-scrivere-ad-alfano-che-oramai-conta-come-il-2-spade-quando-in-tavola-ce-bastoni\\\/\"},\"author\":{\"name\":\"redazione\",\"@id\":\"https:\\\/\\\/www.bellunopress.it\\\/#\\\/schema\\\/person\\\/79bb06722b37ece1c03d3e94beb30d73\"},\"headline\":\"Monti cancella le province. E Bond fa la faccia feroce, promette di scrivere ad Alfano, che oramai conta come il 2 di spade, quando in tavola c&#8217;\u00e8 bastoni\",\"datePublished\":\"2011-12-13T17:41:32+00:00\",\"dateModified\":\"2011-12-13T17:42:37+00:00\",\"mainEntityOfPage\":{\"@id\":\"https:\\\/\\\/www.bellunopress.it\\\/2011\\\/12\\\/13\\\/monti-cancella-le-province-e-bond-fa-la-faccia-feroce-promette-di-scrivere-ad-alfano-che-oramai-conta-come-il-2-spade-quando-in-tavola-ce-bastoni\\\/\"},\"wordCount\":335,\"publisher\":{\"@id\":\"https:\\\/\\\/www.bellunopress.it\\\/#organization\"},\"image\":{\"@id\":\"https:\\\/\\\/www.bellunopress.it\\\/2011\\\/12\\\/13\\\/monti-cancella-le-province-e-bond-fa-la-faccia-feroce-promette-di-scrivere-ad-alfano-che-oramai-conta-come-il-2-spade-quando-in-tavola-ce-bastoni\\\/#primaryimage\"},\"thumbnailUrl\":\"http:\\\/\\\/www.bellunopress.it\\\/wp-content\\\/uploads\\\/2011\\\/08\\\/palazzo-piloni-notte.jpg\",\"articleSection\":[\"Lettere Opinioni\"],\"inLanguage\":\"fr-FR\"},{\"@type\":\"WebPage\",\"@id\":\"https:\\\/\\\/www.bellunopress.it\\\/2011\\\/12\\\/13\\\/monti-cancella-le-province-e-bond-fa-la-faccia-feroce-promette-di-scrivere-ad-alfano-che-oramai-conta-come-il-2-spade-quando-in-tavola-ce-bastoni\\\/\",\"url\":\"https:\\\/\\\/www.bellunopress.it\\\/2011\\\/12\\\/13\\\/monti-cancella-le-province-e-bond-fa-la-faccia-feroce-promette-di-scrivere-ad-alfano-che-oramai-conta-come-il-2-spade-quando-in-tavola-ce-bastoni\\\/\",\"name\":\"Monti cancella le province. E Bond fa la faccia feroce, promette di scrivere ad Alfano, che oramai conta come il 2 di spade, quando in tavola c'\u00e8 bastoni - Bellunopress - Dolomiti\",\"isPartOf\":{\"@id\":\"https:\\\/\\\/www.bellunopress.it\\\/#website\"},\"primaryImageOfPage\":{\"@id\":\"https:\\\/\\\/www.bellunopress.it\\\/2011\\\/12\\\/13\\\/monti-cancella-le-province-e-bond-fa-la-faccia-feroce-promette-di-scrivere-ad-alfano-che-oramai-conta-come-il-2-spade-quando-in-tavola-ce-bastoni\\\/#primaryimage\"},\"image\":{\"@id\":\"https:\\\/\\\/www.bellunopress.it\\\/2011\\\/12\\\/13\\\/monti-cancella-le-province-e-bond-fa-la-faccia-feroce-promette-di-scrivere-ad-alfano-che-oramai-conta-come-il-2-spade-quando-in-tavola-ce-bastoni\\\/#primaryimage\"},\"thumbnailUrl\":\"http:\\\/\\\/www.bellunopress.it\\\/wp-content\\\/uploads\\\/2011\\\/08\\\/palazzo-piloni-notte.jpg\",\"datePublished\":\"2011-12-13T17:41:32+00:00\",\"dateModified\":\"2011-12-13T17:42:37+00:00\",\"breadcrumb\":{\"@id\":\"https:\\\/\\\/www.bellunopress.it\\\/2011\\\/12\\\/13\\\/monti-cancella-le-province-e-bond-fa-la-faccia-feroce-promette-di-scrivere-ad-alfano-che-oramai-conta-come-il-2-spade-quando-in-tavola-ce-bastoni\\\/#breadcrumb\"},\"inLanguage\":\"fr-FR\",\"potentialAction\":[{\"@type\":\"ReadAction\",\"target\":[\"https:\\\/\\\/www.bellunopress.it\\\/2011\\\/12\\\/13\\\/monti-cancella-le-province-e-bond-fa-la-faccia-feroce-promette-di-scrivere-ad-alfano-che-oramai-conta-come-il-2-spade-quando-in-tavola-ce-bastoni\\\/\"]}]},{\"@type\":\"ImageObject\",\"inLanguage\":\"fr-FR\",\"@id\":\"https:\\\/\\\/www.bellunopress.it\\\/2011\\\/12\\\/13\\\/monti-cancella-le-province-e-bond-fa-la-faccia-feroce-promette-di-scrivere-ad-alfano-che-oramai-conta-come-il-2-spade-quando-in-tavola-ce-bastoni\\\/#primaryimage\",\"url\":\"http:\\\/\\\/www.bellunopress.it\\\/wp-content\\\/uploads\\\/2011\\\/08\\\/palazzo-piloni-notte.jpg\",\"contentUrl\":\"http:\\\/\\\/www.bellunopress.it\\\/wp-content\\\/uploads\\\/2011\\\/08\\\/palazzo-piloni-notte.jpg\"},{\"@type\":\"BreadcrumbList\",\"@id\":\"https:\\\/\\\/www.bellunopress.it\\\/2011\\\/12\\\/13\\\/monti-cancella-le-province-e-bond-fa-la-faccia-feroce-promette-di-scrivere-ad-alfano-che-oramai-conta-come-il-2-spade-quando-in-tavola-ce-bastoni\\\/#breadcrumb\",\"itemListElement\":[{\"@type\":\"ListItem\",\"position\":1,\"name\":\"Home\",\"item\":\"https:\\\/\\\/www.bellunopress.it\\\/\"},{\"@type\":\"ListItem\",\"position\":2,\"name\":\"Monti cancella le province. E Bond fa la faccia feroce, promette di scrivere ad Alfano, che oramai conta come il 2 di spade, quando in tavola c&#8217;\u00e8 bastoni\"}]},{\"@type\":\"WebSite\",\"@id\":\"https:\\\/\\\/www.bellunopress.it\\\/#website\",\"url\":\"https:\\\/\\\/www.bellunopress.it\\\/\",\"name\":\"Bellunopress - Dolomiti\",\"description\":\"e-mail: redazione@bellunopress.it\",\"publisher\":{\"@id\":\"https:\\\/\\\/www.bellunopress.it\\\/#organization\"},\"potentialAction\":[{\"@type\":\"SearchAction\",\"target\":{\"@type\":\"EntryPoint\",\"urlTemplate\":\"https:\\\/\\\/www.bellunopress.it\\\/?s={search_term_string}\"},\"query-input\":{\"@type\":\"PropertyValueSpecification\",\"valueRequired\":true,\"valueName\":\"search_term_string\"}}],\"inLanguage\":\"fr-FR\"},{\"@type\":\"Organization\",\"@id\":\"https:\\\/\\\/www.bellunopress.it\\\/#organization\",\"name\":\"Bellunopress\",\"url\":\"https:\\\/\\\/www.bellunopress.it\\\/\",\"logo\":{\"@type\":\"ImageObject\",\"inLanguage\":\"fr-FR\",\"@id\":\"https:\\\/\\\/www.bellunopress.it\\\/#\\\/schema\\\/logo\\\/image\\\/\",\"url\":\"https:\\\/\\\/www.bellunopress.it\\\/wp-content\\\/uploads\\\/2011\\\/05\\\/cropped-logo-bellunopress-.jpg\",\"contentUrl\":\"https:\\\/\\\/www.bellunopress.it\\\/wp-content\\\/uploads\\\/2011\\\/05\\\/cropped-logo-bellunopress-.jpg\",\"width\":512,\"height\":512,\"caption\":\"Bellunopress\"},\"image\":{\"@id\":\"https:\\\/\\\/www.bellunopress.it\\\/#\\\/schema\\\/logo\\\/image\\\/\"},\"sameAs\":[\"https:\\\/\\\/www.facebook.com\\\/profile.php?id=100008943462799\",\"https:\\\/\\\/x.com\\\/bellunopress\",\"https:\\\/\\\/www.linkedin.com\\\/hp\\\/?dnr=JBzUWaJfMUw8vbXJJ2tVW5-I3jZKvC4wsoxE&amp;amp;amp;amp;amp;amp;trk=nav_responsive_tab_home\",\"https:\\\/\\\/www.youtube.com\\\/channel\\\/UCxL0wu1uN0_3_7hGG0306cw\"]},{\"@type\":\"Person\",\"@id\":\"https:\\\/\\\/www.bellunopress.it\\\/#\\\/schema\\\/person\\\/79bb06722b37ece1c03d3e94beb30d73\",\"name\":\"redazione\",\"image\":{\"@type\":\"ImageObject\",\"inLanguage\":\"fr-FR\",\"@id\":\"https:\\\/\\\/secure.gravatar.com\\\/avatar\\\/37d968a2e67a6fd04c169c4bdef102d0bc5d31b2546345219e348575eb80e9a0?s=96&d=mm&r=g\",\"url\":\"https:\\\/\\\/secure.gravatar.com\\\/avatar\\\/37d968a2e67a6fd04c169c4bdef102d0bc5d31b2546345219e348575eb80e9a0?s=96&d=mm&r=g\",\"contentUrl\":\"https:\\\/\\\/secure.gravatar.com\\\/avatar\\\/37d968a2e67a6fd04c169c4bdef102d0bc5d31b2546345219e348575eb80e9a0?s=96&d=mm&r=g\",\"caption\":\"redazione\"},\"sameAs\":[\"http:\\\/\\\/www.bellunopress.it\",\"https:\\\/\\\/x.com\\\/bellunopress\"],\"url\":\"https:\\\/\\\/www.bellunopress.it\\\/fr\\\/author\\\/redazione\\\/\"}]}<\/script>\n<!-- \/ Yoast SEO plugin. -->","yoast_head_json":{"title":"Monti cancella le province. E Bond fa la faccia feroce, promette di scrivere ad Alfano, che oramai conta come il 2 di spade, quando in tavola c'\u00e8 bastoni - Bellunopress - Dolomiti","robots":{"index":"index","follow":"follow","max-snippet":"max-snippet:-1","max-image-preview":"max-image-preview:large","max-video-preview":"max-video-preview:-1"},"canonical":"https:\/\/www.bellunopress.it\/fr\/2011\/12\/13\/monti-cancella-le-province-e-bond-fa-la-faccia-feroce-promette-di-scrivere-ad-alfano-che-oramai-conta-come-il-2-spade-quando-in-tavola-ce-bastoni\/","og_locale":"fr_FR","og_type":"article","og_title":"Monti cancella le province. E Bond fa la faccia feroce, promette di scrivere ad Alfano, che oramai conta come il 2 di spade, quando in tavola c'\u00e8 bastoni - Bellunopress - Dolomiti","og_description":"Con un emendamento alla manovra, il governo Monti ha fissato al 31 marzo 2013 il termine entro il quale gli organi in carica delle Province decadono. Entro il 31 dicembre 2012, inoltre, le funzioni delle province dovranno essere trasferite ai Comuni o alle Regioni. Per quelle province, come Belluno, che avrebbero dovuto andare al voto [&hellip;]","og_url":"https:\/\/www.bellunopress.it\/fr\/2011\/12\/13\/monti-cancella-le-province-e-bond-fa-la-faccia-feroce-promette-di-scrivere-ad-alfano-che-oramai-conta-come-il-2-spade-quando-in-tavola-ce-bastoni\/","og_site_name":"Bellunopress - Dolomiti","article_publisher":"https:\/\/www.facebook.com\/profile.php?id=100008943462799","article_published_time":"2011-12-13T17:41:32+00:00","article_modified_time":"2011-12-13T17:42:37+00:00","og_image":[{"url":"http:\/\/www.bellunopress.it\/wp-content\/uploads\/2011\/08\/palazzo-piloni-notte.jpg","type":"","width":"","height":""}],"author":"redazione","twitter_card":"summary_large_image","twitter_creator":"@bellunopress","twitter_site":"@bellunopress","twitter_misc":{"\u00c9crit par":"redazione","Dur\u00e9e de lecture estim\u00e9e":"2 minutes"},"schema":{"@context":"https:\/\/schema.org","@graph":[{"@type":"Article","@id":"https:\/\/www.bellunopress.it\/2011\/12\/13\/monti-cancella-le-province-e-bond-fa-la-faccia-feroce-promette-di-scrivere-ad-alfano-che-oramai-conta-come-il-2-spade-quando-in-tavola-ce-bastoni\/#article","isPartOf":{"@id":"https:\/\/www.bellunopress.it\/2011\/12\/13\/monti-cancella-le-province-e-bond-fa-la-faccia-feroce-promette-di-scrivere-ad-alfano-che-oramai-conta-come-il-2-spade-quando-in-tavola-ce-bastoni\/"},"author":{"name":"redazione","@id":"https:\/\/www.bellunopress.it\/#\/schema\/person\/79bb06722b37ece1c03d3e94beb30d73"},"headline":"Monti cancella le province. E Bond fa la faccia feroce, promette di scrivere ad Alfano, che oramai conta come il 2 di spade, quando in tavola c&#8217;\u00e8 bastoni","datePublished":"2011-12-13T17:41:32+00:00","dateModified":"2011-12-13T17:42:37+00:00","mainEntityOfPage":{"@id":"https:\/\/www.bellunopress.it\/2011\/12\/13\/monti-cancella-le-province-e-bond-fa-la-faccia-feroce-promette-di-scrivere-ad-alfano-che-oramai-conta-come-il-2-spade-quando-in-tavola-ce-bastoni\/"},"wordCount":335,"publisher":{"@id":"https:\/\/www.bellunopress.it\/#organization"},"image":{"@id":"https:\/\/www.bellunopress.it\/2011\/12\/13\/monti-cancella-le-province-e-bond-fa-la-faccia-feroce-promette-di-scrivere-ad-alfano-che-oramai-conta-come-il-2-spade-quando-in-tavola-ce-bastoni\/#primaryimage"},"thumbnailUrl":"http:\/\/www.bellunopress.it\/wp-content\/uploads\/2011\/08\/palazzo-piloni-notte.jpg","articleSection":["Lettere Opinioni"],"inLanguage":"fr-FR"},{"@type":"WebPage","@id":"https:\/\/www.bellunopress.it\/2011\/12\/13\/monti-cancella-le-province-e-bond-fa-la-faccia-feroce-promette-di-scrivere-ad-alfano-che-oramai-conta-come-il-2-spade-quando-in-tavola-ce-bastoni\/","url":"https:\/\/www.bellunopress.it\/2011\/12\/13\/monti-cancella-le-province-e-bond-fa-la-faccia-feroce-promette-di-scrivere-ad-alfano-che-oramai-conta-come-il-2-spade-quando-in-tavola-ce-bastoni\/","name":"Monti cancella le province. E Bond fa la faccia feroce, promette di scrivere ad Alfano, che oramai conta come il 2 di spade, quando in tavola c'\u00e8 bastoni - Bellunopress - Dolomiti","isPartOf":{"@id":"https:\/\/www.bellunopress.it\/#website"},"primaryImageOfPage":{"@id":"https:\/\/www.bellunopress.it\/2011\/12\/13\/monti-cancella-le-province-e-bond-fa-la-faccia-feroce-promette-di-scrivere-ad-alfano-che-oramai-conta-come-il-2-spade-quando-in-tavola-ce-bastoni\/#primaryimage"},"image":{"@id":"https:\/\/www.bellunopress.it\/2011\/12\/13\/monti-cancella-le-province-e-bond-fa-la-faccia-feroce-promette-di-scrivere-ad-alfano-che-oramai-conta-come-il-2-spade-quando-in-tavola-ce-bastoni\/#primaryimage"},"thumbnailUrl":"http:\/\/www.bellunopress.it\/wp-content\/uploads\/2011\/08\/palazzo-piloni-notte.jpg","datePublished":"2011-12-13T17:41:32+00:00","dateModified":"2011-12-13T17:42:37+00:00","breadcrumb":{"@id":"https:\/\/www.bellunopress.it\/2011\/12\/13\/monti-cancella-le-province-e-bond-fa-la-faccia-feroce-promette-di-scrivere-ad-alfano-che-oramai-conta-come-il-2-spade-quando-in-tavola-ce-bastoni\/#breadcrumb"},"inLanguage":"fr-FR","potentialAction":[{"@type":"ReadAction","target":["https:\/\/www.bellunopress.it\/2011\/12\/13\/monti-cancella-le-province-e-bond-fa-la-faccia-feroce-promette-di-scrivere-ad-alfano-che-oramai-conta-come-il-2-spade-quando-in-tavola-ce-bastoni\/"]}]},{"@type":"ImageObject","inLanguage":"fr-FR","@id":"https:\/\/www.bellunopress.it\/2011\/12\/13\/monti-cancella-le-province-e-bond-fa-la-faccia-feroce-promette-di-scrivere-ad-alfano-che-oramai-conta-come-il-2-spade-quando-in-tavola-ce-bastoni\/#primaryimage","url":"http:\/\/www.bellunopress.it\/wp-content\/uploads\/2011\/08\/palazzo-piloni-notte.jpg","contentUrl":"http:\/\/www.bellunopress.it\/wp-content\/uploads\/2011\/08\/palazzo-piloni-notte.jpg"},{"@type":"BreadcrumbList","@id":"https:\/\/www.bellunopress.it\/2011\/12\/13\/monti-cancella-le-province-e-bond-fa-la-faccia-feroce-promette-di-scrivere-ad-alfano-che-oramai-conta-come-il-2-spade-quando-in-tavola-ce-bastoni\/#breadcrumb","itemListElement":[{"@type":"ListItem","position":1,"name":"Home","item":"https:\/\/www.bellunopress.it\/"},{"@type":"ListItem","position":2,"name":"Monti cancella le province. E Bond fa la faccia feroce, promette di scrivere ad Alfano, che oramai conta come il 2 di spade, quando in tavola c&#8217;\u00e8 bastoni"}]},{"@type":"WebSite","@id":"https:\/\/www.bellunopress.it\/#website","url":"https:\/\/www.bellunopress.it\/","name":"Bellunopress - Dolomiti","description":"e-mail: redazione@bellunopress.it","publisher":{"@id":"https:\/\/www.bellunopress.it\/#organization"},"potentialAction":[{"@type":"SearchAction","target":{"@type":"EntryPoint","urlTemplate":"https:\/\/www.bellunopress.it\/?s={search_term_string}"},"query-input":{"@type":"PropertyValueSpecification","valueRequired":true,"valueName":"search_term_string"}}],"inLanguage":"fr-FR"},{"@type":"Organization","@id":"https:\/\/www.bellunopress.it\/#organization","name":"Bellunopress","url":"https:\/\/www.bellunopress.it\/","logo":{"@type":"ImageObject","inLanguage":"fr-FR","@id":"https:\/\/www.bellunopress.it\/#\/schema\/logo\/image\/","url":"https:\/\/www.bellunopress.it\/wp-content\/uploads\/2011\/05\/cropped-logo-bellunopress-.jpg","contentUrl":"https:\/\/www.bellunopress.it\/wp-content\/uploads\/2011\/05\/cropped-logo-bellunopress-.jpg","width":512,"height":512,"caption":"Bellunopress"},"image":{"@id":"https:\/\/www.bellunopress.it\/#\/schema\/logo\/image\/"},"sameAs":["https:\/\/www.facebook.com\/profile.php?id=100008943462799","https:\/\/x.com\/bellunopress","https:\/\/www.linkedin.com\/hp\/?dnr=JBzUWaJfMUw8vbXJJ2tVW5-I3jZKvC4wsoxE&amp;amp;amp;amp;amp;amp;trk=nav_responsive_tab_home","https:\/\/www.youtube.com\/channel\/UCxL0wu1uN0_3_7hGG0306cw"]},{"@type":"Person","@id":"https:\/\/www.bellunopress.it\/#\/schema\/person\/79bb06722b37ece1c03d3e94beb30d73","name":"r\u00e9daction","image":{"@type":"ImageObject","inLanguage":"fr-FR","@id":"https:\/\/secure.gravatar.com\/avatar\/37d968a2e67a6fd04c169c4bdef102d0bc5d31b2546345219e348575eb80e9a0?s=96&d=mm&r=g","url":"https:\/\/secure.gravatar.com\/avatar\/37d968a2e67a6fd04c169c4bdef102d0bc5d31b2546345219e348575eb80e9a0?s=96&d=mm&r=g","contentUrl":"https:\/\/secure.gravatar.com\/avatar\/37d968a2e67a6fd04c169c4bdef102d0bc5d31b2546345219e348575eb80e9a0?s=96&d=mm&r=g","caption":"redazione"},"sameAs":["http:\/\/www.bellunopress.it","https:\/\/x.com\/bellunopress"],"url":"https:\/\/www.bellunopress.it\/fr\/author\/redazione\/"}]}},"_links":{"self":[{"href":"https:\/\/www.bellunopress.it\/fr\/wp-json\/wp\/v2\/posts\/33273","targetHints":{"allow":["GET"]}}],"collection":[{"href":"https:\/\/www.bellunopress.it\/fr\/wp-json\/wp\/v2\/posts"}],"about":[{"href":"https:\/\/www.bellunopress.it\/fr\/wp-json\/wp\/v2\/types\/post"}],"author":[{"embeddable":true,"href":"https:\/\/www.bellunopress.it\/fr\/wp-json\/wp\/v2\/users\/2"}],"replies":[{"embeddable":true,"href":"https:\/\/www.bellunopress.it\/fr\/wp-json\/wp\/v2\/comments?post=33273"}],"version-history":[{"count":2,"href":"https:\/\/www.bellunopress.it\/fr\/wp-json\/wp\/v2\/posts\/33273\/revisions"}],"predecessor-version":[{"id":33275,"href":"https:\/\/www.bellunopress.it\/fr\/wp-json\/wp\/v2\/posts\/33273\/revisions\/33275"}],"wp:attachment":[{"href":"https:\/\/www.bellunopress.it\/fr\/wp-json\/wp\/v2\/media?parent=33273"}],"wp:term":[{"taxonomy":"category","embeddable":true,"href":"https:\/\/www.bellunopress.it\/fr\/wp-json\/wp\/v2\/categories?post=33273"},{"taxonomy":"post_tag","embeddable":true,"href":"https:\/\/www.bellunopress.it\/fr\/wp-json\/wp\/v2\/tags?post=33273"}],"curies":[{"name":"wp","href":"https:\/\/api.w.org\/{rel}","templated":true}]}}