{"id":33268,"date":"2011-12-13T17:34:56","date_gmt":"2011-12-13T16:34:56","guid":{"rendered":"http:\/\/www.bellunopress.it\/?p=33268"},"modified":"2011-12-13T17:36:25","modified_gmt":"2011-12-13T16:36:25","slug":"la-nuova-primavera-del-giornalismo-critico","status":"publish","type":"post","link":"https:\/\/www.bellunopress.it\/fr\/2011\/12\/13\/la-nuova-primavera-del-giornalismo-critico\/","title":{"rendered":"La nuova primavera del giornalismo critico"},"content":{"rendered":"<p><a href=\"http:\/\/www.bellunopress.it\/wp-content\/uploads\/2011\/12\/sala-stampa.jpg\"><img loading=\"lazy\" decoding=\"async\" class=\"alignleft size-full wp-image-33270\" title=\"sala stampa\" src=\"http:\/\/www.bellunopress.it\/wp-content\/uploads\/2011\/12\/sala-stampa.jpg\" alt=\"\" width=\"280\" height=\"210\" \/><\/a>Si parla spesso della crisi della critica, del problema dello scarso spazio in cui \u00e8 relegata sui giornali, e dell\u2019assenza di\u00a0 prospettive. Eppure ogni giorno nascono nuove testate che osservano con interesse e passione il teatro, il cinema, la musica e le arti in genere, specie sul web.\u00a0 Si assiste ad un grande fermento non solo sulla stampa online, ma anche nel proliferare di laboratori e festival che regalano sempre maggior spazio alle riflessioni e agli approfondimenti culturali. Il nuovo panorama induce a pensare che il lavoro del critico, illustre per gran parte del Novecento, stia vivendo una nuova primavera, germogliata con l\u2019avvento delle nuove tecnologie e incoraggiata dai molteplici canali d\u2019informazione, che ha bisogno di figure preparate e non improvvisate, all\u2019altezza di questi continui cambiamenti. Formarsi come critico, oggi, significa dunque non solo saper leggere il cinema, il teatro o la musica e saperne scrivere, ma anche essere in grado di capire i mutamenti in atto nell\u2019universo dei linguaggi audiovisivi per poter svolgere un \u00a0ruolo di vero e democratico divulgatore culturale in grado di mantenere vivo il rapporto tra arte e pubblico.<\/p>\n<p>Tenuto conto di queste trasformazioni e delle diverse esigenze formative, l\u2019Accademia Nazionale d\u2019Arte Drammatica \u201cSilvio D\u2019Amico\u201d ha indetto il nuovo bando pubblico per l\u2019ammissione al 7\u00b0 Master di Primo Livello in Critica Giornalistica di Teatro, Cinema, Televisione e Musica, istituito dal Ministero dell\u2019Istruzione, dell\u2019Universit\u00e0 e della Ricerca e patrocinato dal Consiglio Internazionale dell&#8217;UNESCO per il Cinema, la Televisione e la Comunicazione Audiovisiva e dal Sindacato Nazionale Critici Cinematografici Italiani. Il Master, volto a creare i giornalisti critici del futuro e gli addetti agli uffici stampa del mondo dello spettacolo, \u00e8 giunto alla sua settima edizione, rinnovando il carattere prettamente pratico del progetto didattico.<\/p>\n<p>L\u2019Accademia ha gi\u00e0 siglato accordi di partnership, che consentiranno di offrire opportunit\u00e0 di stage agli allievi, con: RAI, Adnkronos, Agis-Anec Lazio, Film Commission Torino-Piemonte, Cinecitt\u00e0-Luce, Gruppo Editoriale SitCom, DocLab Productions, Teatro Eliseo e Sistina, Il Piccolo Teatro di Milano e l\u2019Elfo Puccini, il Teatro San Carlo di Napoli, il Teatro Massimo e il Biondo di Palermo, lo Stabile di Torino, Radio Citt\u00e0 Futura, Tiziana Rocca Comunicazione, numerosi uffici stampa della Capitale e varie testate giornalistiche (come Musica Jazz, Roma C\u2019\u00e8, Europa e Cultframe). Con il supporto della testata Recensito, inoltre, a tutti gli allievi del master \u00e8 riservato un tirocinio giornalistico che consentir\u00e0 loro di sperimentarsi nell&#8217;attivit\u00e0 giornalistica e nel ruolo di critico teatrale, cinematografico, televisivo e musicale seguendo in anteprima stampa, eventi e manifestazioni nei maggiori teatri e nelle sale cinematografiche italiane. Sar\u00e0 poi possibile assistere alle conferenze stampa di Rai e Mediaset, nonch\u00e9 presenziare ad eventi internazionali come la Biennale di Venezia, il Festival del Cinema di Roma, l\u2019Umbria Jazz Festival, il Napoli Teatro Festival, il tutto in perfetta sintonia con la nostra convinzione che un mestiere lo si impara sul campo, vivendolo e sperimentandolo quotidianamente.<\/p>","protected":false},"excerpt":{"rendered":"<p>Si parla spesso della crisi della critica, del problema dello scarso spazio in cui \u00e8 relegata sui giornali, e dell\u2019assenza di\u00a0 prospettive. Eppure ogni giorno nascono nuove testate che osservano con interesse e passione il teatro, il cinema, la musica e le arti in genere, specie sul web.\u00a0 Si assiste ad un grande fermento non [&hellip;]<\/p>\n","protected":false},"author":2,"featured_media":0,"comment_status":"closed","ping_status":"open","sticky":false,"template":"","format":"standard","meta":{"footnotes":""},"categories":[5,36,26],"tags":[],"class_list":["post-33268","post","type-post","status-publish","format-standard","category-cronaca","category-lavoro-economia","category-prima-pagina"],"yoast_head":"<!-- This site is optimized with the Yoast SEO plugin v28.4 - https:\/\/yoast.com\/product\/yoast-seo-wordpress\/ -->\n<title>La nuova primavera del giornalismo critico - Bellunopress - Dolomiti<\/title>\n<meta name=\"robots\" content=\"index, follow, max-snippet:-1, max-image-preview:large, max-video-preview:-1\" \/>\n<link rel=\"canonical\" href=\"https:\/\/www.bellunopress.it\/fr\/2011\/12\/13\/la-nuova-primavera-del-giornalismo-critico\/\" \/>\n<meta property=\"og:locale\" content=\"fr_FR\" \/>\n<meta property=\"og:type\" content=\"article\" \/>\n<meta property=\"og:title\" content=\"La nuova primavera del giornalismo critico - Bellunopress - Dolomiti\" \/>\n<meta property=\"og:description\" content=\"Si parla spesso della crisi della critica, del problema dello scarso spazio in cui \u00e8 relegata sui giornali, e dell\u2019assenza di\u00a0 prospettive. Eppure ogni giorno nascono nuove testate che osservano con interesse e passione il teatro, il cinema, la musica e le arti in genere, specie sul web.\u00a0 Si assiste ad un grande fermento non [&hellip;]\" \/>\n<meta property=\"og:url\" content=\"https:\/\/www.bellunopress.it\/fr\/2011\/12\/13\/la-nuova-primavera-del-giornalismo-critico\/\" \/>\n<meta property=\"og:site_name\" content=\"Bellunopress - Dolomiti\" \/>\n<meta property=\"article:publisher\" content=\"https:\/\/www.facebook.com\/profile.php?id=100008943462799\" \/>\n<meta property=\"article:published_time\" content=\"2011-12-13T16:34:56+00:00\" \/>\n<meta property=\"article:modified_time\" content=\"2011-12-13T16:36:25+00:00\" \/>\n<meta property=\"og:image\" content=\"http:\/\/www.bellunopress.it\/wp-content\/uploads\/2011\/12\/sala-stampa.jpg\" \/>\n<meta name=\"author\" content=\"redazione\" \/>\n<meta name=\"twitter:card\" content=\"summary_large_image\" \/>\n<meta name=\"twitter:creator\" content=\"@bellunopress\" \/>\n<meta name=\"twitter:site\" content=\"@bellunopress\" \/>\n<meta name=\"twitter:label1\" content=\"Written by\" \/>\n\t<meta name=\"twitter:data1\" content=\"redazione\" \/>\n\t<meta name=\"twitter:label2\" content=\"Est. reading time\" \/>\n\t<meta name=\"twitter:data2\" content=\"2 minutes\" \/>\n<script type=\"application\/ld+json\" class=\"yoast-schema-graph\">{\"@context\":\"https:\\\/\\\/schema.org\",\"@graph\":[{\"@type\":\"Article\",\"@id\":\"https:\\\/\\\/www.bellunopress.it\\\/2011\\\/12\\\/13\\\/la-nuova-primavera-del-giornalismo-critico\\\/#article\",\"isPartOf\":{\"@id\":\"https:\\\/\\\/www.bellunopress.it\\\/2011\\\/12\\\/13\\\/la-nuova-primavera-del-giornalismo-critico\\\/\"},\"author\":{\"name\":\"redazione\",\"@id\":\"https:\\\/\\\/www.bellunopress.it\\\/#\\\/schema\\\/person\\\/79bb06722b37ece1c03d3e94beb30d73\"},\"headline\":\"La nuova primavera del giornalismo critico\",\"datePublished\":\"2011-12-13T16:34:56+00:00\",\"dateModified\":\"2011-12-13T16:36:25+00:00\",\"mainEntityOfPage\":{\"@id\":\"https:\\\/\\\/www.bellunopress.it\\\/2011\\\/12\\\/13\\\/la-nuova-primavera-del-giornalismo-critico\\\/\"},\"wordCount\":493,\"publisher\":{\"@id\":\"https:\\\/\\\/www.bellunopress.it\\\/#organization\"},\"image\":{\"@id\":\"https:\\\/\\\/www.bellunopress.it\\\/2011\\\/12\\\/13\\\/la-nuova-primavera-del-giornalismo-critico\\\/#primaryimage\"},\"thumbnailUrl\":\"http:\\\/\\\/www.bellunopress.it\\\/wp-content\\\/uploads\\\/2011\\\/12\\\/sala-stampa.jpg\",\"articleSection\":[\"Cronaca\\\/Politica\",\"Lavoro, Economia, Turismo\",\"Prima Pagina\"],\"inLanguage\":\"fr-FR\"},{\"@type\":\"WebPage\",\"@id\":\"https:\\\/\\\/www.bellunopress.it\\\/2011\\\/12\\\/13\\\/la-nuova-primavera-del-giornalismo-critico\\\/\",\"url\":\"https:\\\/\\\/www.bellunopress.it\\\/2011\\\/12\\\/13\\\/la-nuova-primavera-del-giornalismo-critico\\\/\",\"name\":\"La nuova primavera del giornalismo critico - Bellunopress - Dolomiti\",\"isPartOf\":{\"@id\":\"https:\\\/\\\/www.bellunopress.it\\\/#website\"},\"primaryImageOfPage\":{\"@id\":\"https:\\\/\\\/www.bellunopress.it\\\/2011\\\/12\\\/13\\\/la-nuova-primavera-del-giornalismo-critico\\\/#primaryimage\"},\"image\":{\"@id\":\"https:\\\/\\\/www.bellunopress.it\\\/2011\\\/12\\\/13\\\/la-nuova-primavera-del-giornalismo-critico\\\/#primaryimage\"},\"thumbnailUrl\":\"http:\\\/\\\/www.bellunopress.it\\\/wp-content\\\/uploads\\\/2011\\\/12\\\/sala-stampa.jpg\",\"datePublished\":\"2011-12-13T16:34:56+00:00\",\"dateModified\":\"2011-12-13T16:36:25+00:00\",\"breadcrumb\":{\"@id\":\"https:\\\/\\\/www.bellunopress.it\\\/2011\\\/12\\\/13\\\/la-nuova-primavera-del-giornalismo-critico\\\/#breadcrumb\"},\"inLanguage\":\"fr-FR\",\"potentialAction\":[{\"@type\":\"ReadAction\",\"target\":[\"https:\\\/\\\/www.bellunopress.it\\\/2011\\\/12\\\/13\\\/la-nuova-primavera-del-giornalismo-critico\\\/\"]}]},{\"@type\":\"ImageObject\",\"inLanguage\":\"fr-FR\",\"@id\":\"https:\\\/\\\/www.bellunopress.it\\\/2011\\\/12\\\/13\\\/la-nuova-primavera-del-giornalismo-critico\\\/#primaryimage\",\"url\":\"http:\\\/\\\/www.bellunopress.it\\\/wp-content\\\/uploads\\\/2011\\\/12\\\/sala-stampa.jpg\",\"contentUrl\":\"http:\\\/\\\/www.bellunopress.it\\\/wp-content\\\/uploads\\\/2011\\\/12\\\/sala-stampa.jpg\"},{\"@type\":\"BreadcrumbList\",\"@id\":\"https:\\\/\\\/www.bellunopress.it\\\/2011\\\/12\\\/13\\\/la-nuova-primavera-del-giornalismo-critico\\\/#breadcrumb\",\"itemListElement\":[{\"@type\":\"ListItem\",\"position\":1,\"name\":\"Home\",\"item\":\"https:\\\/\\\/www.bellunopress.it\\\/\"},{\"@type\":\"ListItem\",\"position\":2,\"name\":\"La nuova primavera del giornalismo critico\"}]},{\"@type\":\"WebSite\",\"@id\":\"https:\\\/\\\/www.bellunopress.it\\\/#website\",\"url\":\"https:\\\/\\\/www.bellunopress.it\\\/\",\"name\":\"Bellunopress - Dolomiti\",\"description\":\"e-mail: redazione@bellunopress.it\",\"publisher\":{\"@id\":\"https:\\\/\\\/www.bellunopress.it\\\/#organization\"},\"potentialAction\":[{\"@type\":\"SearchAction\",\"target\":{\"@type\":\"EntryPoint\",\"urlTemplate\":\"https:\\\/\\\/www.bellunopress.it\\\/?s={search_term_string}\"},\"query-input\":{\"@type\":\"PropertyValueSpecification\",\"valueRequired\":true,\"valueName\":\"search_term_string\"}}],\"inLanguage\":\"fr-FR\"},{\"@type\":\"Organization\",\"@id\":\"https:\\\/\\\/www.bellunopress.it\\\/#organization\",\"name\":\"Bellunopress\",\"url\":\"https:\\\/\\\/www.bellunopress.it\\\/\",\"logo\":{\"@type\":\"ImageObject\",\"inLanguage\":\"fr-FR\",\"@id\":\"https:\\\/\\\/www.bellunopress.it\\\/#\\\/schema\\\/logo\\\/image\\\/\",\"url\":\"https:\\\/\\\/www.bellunopress.it\\\/wp-content\\\/uploads\\\/2011\\\/05\\\/cropped-logo-bellunopress-.jpg\",\"contentUrl\":\"https:\\\/\\\/www.bellunopress.it\\\/wp-content\\\/uploads\\\/2011\\\/05\\\/cropped-logo-bellunopress-.jpg\",\"width\":512,\"height\":512,\"caption\":\"Bellunopress\"},\"image\":{\"@id\":\"https:\\\/\\\/www.bellunopress.it\\\/#\\\/schema\\\/logo\\\/image\\\/\"},\"sameAs\":[\"https:\\\/\\\/www.facebook.com\\\/profile.php?id=100008943462799\",\"https:\\\/\\\/x.com\\\/bellunopress\",\"https:\\\/\\\/www.linkedin.com\\\/hp\\\/?dnr=JBzUWaJfMUw8vbXJJ2tVW5-I3jZKvC4wsoxE&amp;amp;amp;amp;amp;amp;trk=nav_responsive_tab_home\",\"https:\\\/\\\/www.youtube.com\\\/channel\\\/UCxL0wu1uN0_3_7hGG0306cw\"]},{\"@type\":\"Person\",\"@id\":\"https:\\\/\\\/www.bellunopress.it\\\/#\\\/schema\\\/person\\\/79bb06722b37ece1c03d3e94beb30d73\",\"name\":\"redazione\",\"image\":{\"@type\":\"ImageObject\",\"inLanguage\":\"fr-FR\",\"@id\":\"https:\\\/\\\/secure.gravatar.com\\\/avatar\\\/37d968a2e67a6fd04c169c4bdef102d0bc5d31b2546345219e348575eb80e9a0?s=96&d=mm&r=g\",\"url\":\"https:\\\/\\\/secure.gravatar.com\\\/avatar\\\/37d968a2e67a6fd04c169c4bdef102d0bc5d31b2546345219e348575eb80e9a0?s=96&d=mm&r=g\",\"contentUrl\":\"https:\\\/\\\/secure.gravatar.com\\\/avatar\\\/37d968a2e67a6fd04c169c4bdef102d0bc5d31b2546345219e348575eb80e9a0?s=96&d=mm&r=g\",\"caption\":\"redazione\"},\"sameAs\":[\"http:\\\/\\\/www.bellunopress.it\",\"https:\\\/\\\/x.com\\\/bellunopress\"],\"url\":\"https:\\\/\\\/www.bellunopress.it\\\/fr\\\/author\\\/redazione\\\/\"}]}<\/script>\n<!-- \/ Yoast SEO plugin. -->","yoast_head_json":{"title":"La nuova primavera del giornalismo critico - Bellunopress - Dolomiti","robots":{"index":"index","follow":"follow","max-snippet":"max-snippet:-1","max-image-preview":"max-image-preview:large","max-video-preview":"max-video-preview:-1"},"canonical":"https:\/\/www.bellunopress.it\/fr\/2011\/12\/13\/la-nuova-primavera-del-giornalismo-critico\/","og_locale":"fr_FR","og_type":"article","og_title":"La nuova primavera del giornalismo critico - Bellunopress - Dolomiti","og_description":"Si parla spesso della crisi della critica, del problema dello scarso spazio in cui \u00e8 relegata sui giornali, e dell\u2019assenza di\u00a0 prospettive. Eppure ogni giorno nascono nuove testate che osservano con interesse e passione il teatro, il cinema, la musica e le arti in genere, specie sul web.\u00a0 Si assiste ad un grande fermento non [&hellip;]","og_url":"https:\/\/www.bellunopress.it\/fr\/2011\/12\/13\/la-nuova-primavera-del-giornalismo-critico\/","og_site_name":"Bellunopress - Dolomiti","article_publisher":"https:\/\/www.facebook.com\/profile.php?id=100008943462799","article_published_time":"2011-12-13T16:34:56+00:00","article_modified_time":"2011-12-13T16:36:25+00:00","og_image":[{"url":"http:\/\/www.bellunopress.it\/wp-content\/uploads\/2011\/12\/sala-stampa.jpg","type":"","width":"","height":""}],"author":"redazione","twitter_card":"summary_large_image","twitter_creator":"@bellunopress","twitter_site":"@bellunopress","twitter_misc":{"Written by":"redazione","Est. reading time":"2 minutes"},"schema":{"@context":"https:\/\/schema.org","@graph":[{"@type":"Article","@id":"https:\/\/www.bellunopress.it\/2011\/12\/13\/la-nuova-primavera-del-giornalismo-critico\/#article","isPartOf":{"@id":"https:\/\/www.bellunopress.it\/2011\/12\/13\/la-nuova-primavera-del-giornalismo-critico\/"},"author":{"name":"redazione","@id":"https:\/\/www.bellunopress.it\/#\/schema\/person\/79bb06722b37ece1c03d3e94beb30d73"},"headline":"La nuova primavera del giornalismo critico","datePublished":"2011-12-13T16:34:56+00:00","dateModified":"2011-12-13T16:36:25+00:00","mainEntityOfPage":{"@id":"https:\/\/www.bellunopress.it\/2011\/12\/13\/la-nuova-primavera-del-giornalismo-critico\/"},"wordCount":493,"publisher":{"@id":"https:\/\/www.bellunopress.it\/#organization"},"image":{"@id":"https:\/\/www.bellunopress.it\/2011\/12\/13\/la-nuova-primavera-del-giornalismo-critico\/#primaryimage"},"thumbnailUrl":"http:\/\/www.bellunopress.it\/wp-content\/uploads\/2011\/12\/sala-stampa.jpg","articleSection":["Cronaca\/Politica","Lavoro, Economia, Turismo","Prima Pagina"],"inLanguage":"fr-FR"},{"@type":"WebPage","@id":"https:\/\/www.bellunopress.it\/2011\/12\/13\/la-nuova-primavera-del-giornalismo-critico\/","url":"https:\/\/www.bellunopress.it\/2011\/12\/13\/la-nuova-primavera-del-giornalismo-critico\/","name":"La nuova primavera del giornalismo critico - Bellunopress - Dolomiti","isPartOf":{"@id":"https:\/\/www.bellunopress.it\/#website"},"primaryImageOfPage":{"@id":"https:\/\/www.bellunopress.it\/2011\/12\/13\/la-nuova-primavera-del-giornalismo-critico\/#primaryimage"},"image":{"@id":"https:\/\/www.bellunopress.it\/2011\/12\/13\/la-nuova-primavera-del-giornalismo-critico\/#primaryimage"},"thumbnailUrl":"http:\/\/www.bellunopress.it\/wp-content\/uploads\/2011\/12\/sala-stampa.jpg","datePublished":"2011-12-13T16:34:56+00:00","dateModified":"2011-12-13T16:36:25+00:00","breadcrumb":{"@id":"https:\/\/www.bellunopress.it\/2011\/12\/13\/la-nuova-primavera-del-giornalismo-critico\/#breadcrumb"},"inLanguage":"fr-FR","potentialAction":[{"@type":"ReadAction","target":["https:\/\/www.bellunopress.it\/2011\/12\/13\/la-nuova-primavera-del-giornalismo-critico\/"]}]},{"@type":"ImageObject","inLanguage":"fr-FR","@id":"https:\/\/www.bellunopress.it\/2011\/12\/13\/la-nuova-primavera-del-giornalismo-critico\/#primaryimage","url":"http:\/\/www.bellunopress.it\/wp-content\/uploads\/2011\/12\/sala-stampa.jpg","contentUrl":"http:\/\/www.bellunopress.it\/wp-content\/uploads\/2011\/12\/sala-stampa.jpg"},{"@type":"BreadcrumbList","@id":"https:\/\/www.bellunopress.it\/2011\/12\/13\/la-nuova-primavera-del-giornalismo-critico\/#breadcrumb","itemListElement":[{"@type":"ListItem","position":1,"name":"Home","item":"https:\/\/www.bellunopress.it\/"},{"@type":"ListItem","position":2,"name":"La nuova primavera del giornalismo critico"}]},{"@type":"WebSite","@id":"https:\/\/www.bellunopress.it\/#website","url":"https:\/\/www.bellunopress.it\/","name":"Bellunopress - Dolomiti","description":"e-mail: redazione@bellunopress.it","publisher":{"@id":"https:\/\/www.bellunopress.it\/#organization"},"potentialAction":[{"@type":"SearchAction","target":{"@type":"EntryPoint","urlTemplate":"https:\/\/www.bellunopress.it\/?s={search_term_string}"},"query-input":{"@type":"PropertyValueSpecification","valueRequired":true,"valueName":"search_term_string"}}],"inLanguage":"fr-FR"},{"@type":"Organization","@id":"https:\/\/www.bellunopress.it\/#organization","name":"Bellunopress","url":"https:\/\/www.bellunopress.it\/","logo":{"@type":"ImageObject","inLanguage":"fr-FR","@id":"https:\/\/www.bellunopress.it\/#\/schema\/logo\/image\/","url":"https:\/\/www.bellunopress.it\/wp-content\/uploads\/2011\/05\/cropped-logo-bellunopress-.jpg","contentUrl":"https:\/\/www.bellunopress.it\/wp-content\/uploads\/2011\/05\/cropped-logo-bellunopress-.jpg","width":512,"height":512,"caption":"Bellunopress"},"image":{"@id":"https:\/\/www.bellunopress.it\/#\/schema\/logo\/image\/"},"sameAs":["https:\/\/www.facebook.com\/profile.php?id=100008943462799","https:\/\/x.com\/bellunopress","https:\/\/www.linkedin.com\/hp\/?dnr=JBzUWaJfMUw8vbXJJ2tVW5-I3jZKvC4wsoxE&amp;amp;amp;amp;amp;amp;trk=nav_responsive_tab_home","https:\/\/www.youtube.com\/channel\/UCxL0wu1uN0_3_7hGG0306cw"]},{"@type":"Person","@id":"https:\/\/www.bellunopress.it\/#\/schema\/person\/79bb06722b37ece1c03d3e94beb30d73","name":"r\u00e9daction","image":{"@type":"ImageObject","inLanguage":"fr-FR","@id":"https:\/\/secure.gravatar.com\/avatar\/37d968a2e67a6fd04c169c4bdef102d0bc5d31b2546345219e348575eb80e9a0?s=96&d=mm&r=g","url":"https:\/\/secure.gravatar.com\/avatar\/37d968a2e67a6fd04c169c4bdef102d0bc5d31b2546345219e348575eb80e9a0?s=96&d=mm&r=g","contentUrl":"https:\/\/secure.gravatar.com\/avatar\/37d968a2e67a6fd04c169c4bdef102d0bc5d31b2546345219e348575eb80e9a0?s=96&d=mm&r=g","caption":"redazione"},"sameAs":["http:\/\/www.bellunopress.it","https:\/\/x.com\/bellunopress"],"url":"https:\/\/www.bellunopress.it\/fr\/author\/redazione\/"}]}},"_links":{"self":[{"href":"https:\/\/www.bellunopress.it\/fr\/wp-json\/wp\/v2\/posts\/33268","targetHints":{"allow":["GET"]}}],"collection":[{"href":"https:\/\/www.bellunopress.it\/fr\/wp-json\/wp\/v2\/posts"}],"about":[{"href":"https:\/\/www.bellunopress.it\/fr\/wp-json\/wp\/v2\/types\/post"}],"author":[{"embeddable":true,"href":"https:\/\/www.bellunopress.it\/fr\/wp-json\/wp\/v2\/users\/2"}],"replies":[{"embeddable":true,"href":"https:\/\/www.bellunopress.it\/fr\/wp-json\/wp\/v2\/comments?post=33268"}],"version-history":[{"count":2,"href":"https:\/\/www.bellunopress.it\/fr\/wp-json\/wp\/v2\/posts\/33268\/revisions"}],"predecessor-version":[{"id":33272,"href":"https:\/\/www.bellunopress.it\/fr\/wp-json\/wp\/v2\/posts\/33268\/revisions\/33272"}],"wp:attachment":[{"href":"https:\/\/www.bellunopress.it\/fr\/wp-json\/wp\/v2\/media?parent=33268"}],"wp:term":[{"taxonomy":"category","embeddable":true,"href":"https:\/\/www.bellunopress.it\/fr\/wp-json\/wp\/v2\/categories?post=33268"},{"taxonomy":"post_tag","embeddable":true,"href":"https:\/\/www.bellunopress.it\/fr\/wp-json\/wp\/v2\/tags?post=33268"}],"curies":[{"name":"wp","href":"https:\/\/api.w.org\/{rel}","templated":true}]}}