{"id":33266,"date":"2011-12-13T12:22:08","date_gmt":"2011-12-13T11:22:08","guid":{"rendered":"http:\/\/www.bellunopress.it\/?p=33266"},"modified":"2011-12-13T12:22:08","modified_gmt":"2011-12-13T11:22:08","slug":"tassiati-e-mazziati-giovedi-giuseppe-bortolussi-presenta-il-suo-ultimo-libro-al-centro-giovanni-23mo","status":"publish","type":"post","link":"https:\/\/www.bellunopress.it\/fr\/2011\/12\/13\/tassiati-e-mazziati-giovedi-giuseppe-bortolussi-presenta-il-suo-ultimo-libro-al-centro-giovanni-23mo\/","title":{"rendered":"&#8220;Tassiati e mazziati&#8221;, gioved\u00ec Giuseppe Bortolussi presenta il suo ultimo libro al centro Giovanni 23mo"},"content":{"rendered":"<p>Tassati e mazziati \u00e8 l\u2019ultimo libro di Giuseppe Bortolussi, segretario della Cgia di Mestre e fra i pi\u00f9 autorevoli esperti di finanza pubblica e del sistema fiscale italiano, che mette in evidenza le molte tasse pagate dai cittadini, molte di queste nascoste, ma anche i servizi spesso scadenti che costringono a comprare gli stessi servizi nel mercato privato. Con il titolo \u201cTassati e mazziati\u201d il libro (edizioni Sperling &amp; Kupfer, 180 pagine) affronta la questione del numero di tasse che il cittadino paga su ogni azione quotidiana fatta (dalla colazione a quando guarda la Tv), anzi spesso paga due volte senza saperlo. Il libro punta il dito anche contro la spesa pubblica e pure contro l\u2019evasione. Insomma, Bortolussi racconta \u201ci giochi di prestigio del mago Stato, abile illusionista\u201d. Il libro si chiude con un capitolo dedicato al federalismo. Una fiscalit\u00e0 che pu\u00f2 porre rimedio ? Lo sentiremo gioved\u00ec 15 dicembre alle ore 18.00 presso la sala Muccin del Centro Giovanni XXIII, quando l\u2019autore \u2013 invitato dall\u2019Unione Artigiani e Piccola Industria di Belluno &#8211; illustrer\u00e0 i contenuti del libro rispondendo alle domande di Omar Monestier, direttore del Corriere delle Alpi. L\u2019iniziativa \u00e8 aperta al pubblico.<\/p>","protected":false},"excerpt":{"rendered":"<p>Tassati e mazziati \u00e8 l\u2019ultimo libro di Giuseppe Bortolussi, segretario della Cgia di Mestre e fra i pi\u00f9 autorevoli esperti di finanza pubblica e del sistema fiscale italiano, che mette in evidenza le molte tasse pagate dai cittadini, molte di queste nascoste, ma anche i servizi spesso scadenti che costringono a comprare gli stessi servizi [&hellip;]<\/p>\n","protected":false},"author":2,"featured_media":0,"comment_status":"closed","ping_status":"open","sticky":false,"template":"","format":"standard","meta":{"footnotes":""},"categories":[27,25],"tags":[],"class_list":["post-33266","post","type-post","status-publish","format-standard","category-appuntamenti","category-pausa-caffe"],"yoast_head":"<!-- This site is optimized with the Yoast SEO plugin v28.4 - https:\/\/yoast.com\/product\/yoast-seo-wordpress\/ -->\n<title>&quot;Tassiati e mazziati&quot;, gioved\u00ec Giuseppe Bortolussi presenta il suo ultimo libro al centro Giovanni 23mo - Bellunopress - Dolomiti<\/title>\n<meta name=\"robots\" content=\"index, follow, max-snippet:-1, max-image-preview:large, max-video-preview:-1\" \/>\n<link rel=\"canonical\" href=\"https:\/\/www.bellunopress.it\/fr\/2011\/12\/13\/tassiati-e-mazziati-giovedi-giuseppe-bortolussi-presenta-il-suo-ultimo-libro-al-centro-giovanni-23mo\/\" \/>\n<meta property=\"og:locale\" content=\"fr_FR\" \/>\n<meta property=\"og:type\" content=\"article\" \/>\n<meta property=\"og:title\" content=\"&quot;Tassiati e mazziati&quot;, gioved\u00ec Giuseppe Bortolussi presenta il suo ultimo libro al centro Giovanni 23mo - Bellunopress - Dolomiti\" \/>\n<meta property=\"og:description\" content=\"Tassati e mazziati \u00e8 l\u2019ultimo libro di Giuseppe Bortolussi, segretario della Cgia di Mestre e fra i pi\u00f9 autorevoli esperti di finanza pubblica e del sistema fiscale italiano, che mette in evidenza le molte tasse pagate dai cittadini, molte di queste nascoste, ma anche i servizi spesso scadenti che costringono a comprare gli stessi servizi [&hellip;]\" \/>\n<meta property=\"og:url\" content=\"https:\/\/www.bellunopress.it\/fr\/2011\/12\/13\/tassiati-e-mazziati-giovedi-giuseppe-bortolussi-presenta-il-suo-ultimo-libro-al-centro-giovanni-23mo\/\" \/>\n<meta property=\"og:site_name\" content=\"Bellunopress - Dolomiti\" \/>\n<meta property=\"article:publisher\" content=\"https:\/\/www.facebook.com\/profile.php?id=100008943462799\" \/>\n<meta property=\"article:published_time\" content=\"2011-12-13T11:22:08+00:00\" \/>\n<meta property=\"og:image\" content=\"http:\/\/www.bellunopress.it\/wp-content\/uploads\/2012\/07\/logo-bellunopress-250x250-2012.jpg\" \/>\n<meta name=\"author\" content=\"redazione\" \/>\n<meta name=\"twitter:card\" content=\"summary_large_image\" \/>\n<meta name=\"twitter:creator\" content=\"@bellunopress\" \/>\n<meta name=\"twitter:site\" content=\"@bellunopress\" \/>\n<meta name=\"twitter:label1\" content=\"Written by\" \/>\n\t<meta name=\"twitter:data1\" content=\"redazione\" \/>\n\t<meta name=\"twitter:label2\" content=\"Est. reading time\" \/>\n\t<meta name=\"twitter:data2\" content=\"1 minute\" \/>\n<script type=\"application\/ld+json\" class=\"yoast-schema-graph\">{\"@context\":\"https:\\\/\\\/schema.org\",\"@graph\":[{\"@type\":\"Article\",\"@id\":\"https:\\\/\\\/www.bellunopress.it\\\/2011\\\/12\\\/13\\\/tassiati-e-mazziati-giovedi-giuseppe-bortolussi-presenta-il-suo-ultimo-libro-al-centro-giovanni-23mo\\\/#article\",\"isPartOf\":{\"@id\":\"https:\\\/\\\/www.bellunopress.it\\\/2011\\\/12\\\/13\\\/tassiati-e-mazziati-giovedi-giuseppe-bortolussi-presenta-il-suo-ultimo-libro-al-centro-giovanni-23mo\\\/\"},\"author\":{\"name\":\"redazione\",\"@id\":\"https:\\\/\\\/www.bellunopress.it\\\/#\\\/schema\\\/person\\\/79bb06722b37ece1c03d3e94beb30d73\"},\"headline\":\"&#8220;Tassiati e mazziati&#8221;, gioved\u00ec Giuseppe Bortolussi presenta il suo ultimo libro al centro Giovanni 23mo\",\"datePublished\":\"2011-12-13T11:22:08+00:00\",\"mainEntityOfPage\":{\"@id\":\"https:\\\/\\\/www.bellunopress.it\\\/2011\\\/12\\\/13\\\/tassiati-e-mazziati-giovedi-giuseppe-bortolussi-presenta-il-suo-ultimo-libro-al-centro-giovanni-23mo\\\/\"},\"wordCount\":207,\"publisher\":{\"@id\":\"https:\\\/\\\/www.bellunopress.it\\\/#organization\"},\"articleSection\":[\"Appuntamenti, Eventi\",\"Pausa Caff\u00e8\"],\"inLanguage\":\"fr-FR\"},{\"@type\":\"WebPage\",\"@id\":\"https:\\\/\\\/www.bellunopress.it\\\/2011\\\/12\\\/13\\\/tassiati-e-mazziati-giovedi-giuseppe-bortolussi-presenta-il-suo-ultimo-libro-al-centro-giovanni-23mo\\\/\",\"url\":\"https:\\\/\\\/www.bellunopress.it\\\/2011\\\/12\\\/13\\\/tassiati-e-mazziati-giovedi-giuseppe-bortolussi-presenta-il-suo-ultimo-libro-al-centro-giovanni-23mo\\\/\",\"name\":\"\\\"Tassiati e mazziati\\\", gioved\u00ec Giuseppe Bortolussi presenta il suo ultimo libro al centro Giovanni 23mo - Bellunopress - Dolomiti\",\"isPartOf\":{\"@id\":\"https:\\\/\\\/www.bellunopress.it\\\/#website\"},\"datePublished\":\"2011-12-13T11:22:08+00:00\",\"breadcrumb\":{\"@id\":\"https:\\\/\\\/www.bellunopress.it\\\/2011\\\/12\\\/13\\\/tassiati-e-mazziati-giovedi-giuseppe-bortolussi-presenta-il-suo-ultimo-libro-al-centro-giovanni-23mo\\\/#breadcrumb\"},\"inLanguage\":\"fr-FR\",\"potentialAction\":[{\"@type\":\"ReadAction\",\"target\":[\"https:\\\/\\\/www.bellunopress.it\\\/2011\\\/12\\\/13\\\/tassiati-e-mazziati-giovedi-giuseppe-bortolussi-presenta-il-suo-ultimo-libro-al-centro-giovanni-23mo\\\/\"]}]},{\"@type\":\"BreadcrumbList\",\"@id\":\"https:\\\/\\\/www.bellunopress.it\\\/2011\\\/12\\\/13\\\/tassiati-e-mazziati-giovedi-giuseppe-bortolussi-presenta-il-suo-ultimo-libro-al-centro-giovanni-23mo\\\/#breadcrumb\",\"itemListElement\":[{\"@type\":\"ListItem\",\"position\":1,\"name\":\"Home\",\"item\":\"https:\\\/\\\/www.bellunopress.it\\\/\"},{\"@type\":\"ListItem\",\"position\":2,\"name\":\"&#8220;Tassiati e mazziati&#8221;, gioved\u00ec Giuseppe Bortolussi presenta il suo ultimo libro al centro Giovanni 23mo\"}]},{\"@type\":\"WebSite\",\"@id\":\"https:\\\/\\\/www.bellunopress.it\\\/#website\",\"url\":\"https:\\\/\\\/www.bellunopress.it\\\/\",\"name\":\"Bellunopress - Dolomiti\",\"description\":\"e-mail: redazione@bellunopress.it\",\"publisher\":{\"@id\":\"https:\\\/\\\/www.bellunopress.it\\\/#organization\"},\"potentialAction\":[{\"@type\":\"SearchAction\",\"target\":{\"@type\":\"EntryPoint\",\"urlTemplate\":\"https:\\\/\\\/www.bellunopress.it\\\/?s={search_term_string}\"},\"query-input\":{\"@type\":\"PropertyValueSpecification\",\"valueRequired\":true,\"valueName\":\"search_term_string\"}}],\"inLanguage\":\"fr-FR\"},{\"@type\":\"Organization\",\"@id\":\"https:\\\/\\\/www.bellunopress.it\\\/#organization\",\"name\":\"Bellunopress\",\"url\":\"https:\\\/\\\/www.bellunopress.it\\\/\",\"logo\":{\"@type\":\"ImageObject\",\"inLanguage\":\"fr-FR\",\"@id\":\"https:\\\/\\\/www.bellunopress.it\\\/#\\\/schema\\\/logo\\\/image\\\/\",\"url\":\"https:\\\/\\\/www.bellunopress.it\\\/wp-content\\\/uploads\\\/2011\\\/05\\\/cropped-logo-bellunopress-.jpg\",\"contentUrl\":\"https:\\\/\\\/www.bellunopress.it\\\/wp-content\\\/uploads\\\/2011\\\/05\\\/cropped-logo-bellunopress-.jpg\",\"width\":512,\"height\":512,\"caption\":\"Bellunopress\"},\"image\":{\"@id\":\"https:\\\/\\\/www.bellunopress.it\\\/#\\\/schema\\\/logo\\\/image\\\/\"},\"sameAs\":[\"https:\\\/\\\/www.facebook.com\\\/profile.php?id=100008943462799\",\"https:\\\/\\\/x.com\\\/bellunopress\",\"https:\\\/\\\/www.linkedin.com\\\/hp\\\/?dnr=JBzUWaJfMUw8vbXJJ2tVW5-I3jZKvC4wsoxE&amp;amp;amp;amp;amp;amp;trk=nav_responsive_tab_home\",\"https:\\\/\\\/www.youtube.com\\\/channel\\\/UCxL0wu1uN0_3_7hGG0306cw\"]},{\"@type\":\"Person\",\"@id\":\"https:\\\/\\\/www.bellunopress.it\\\/#\\\/schema\\\/person\\\/79bb06722b37ece1c03d3e94beb30d73\",\"name\":\"redazione\",\"image\":{\"@type\":\"ImageObject\",\"inLanguage\":\"fr-FR\",\"@id\":\"https:\\\/\\\/secure.gravatar.com\\\/avatar\\\/37d968a2e67a6fd04c169c4bdef102d0bc5d31b2546345219e348575eb80e9a0?s=96&d=mm&r=g\",\"url\":\"https:\\\/\\\/secure.gravatar.com\\\/avatar\\\/37d968a2e67a6fd04c169c4bdef102d0bc5d31b2546345219e348575eb80e9a0?s=96&d=mm&r=g\",\"contentUrl\":\"https:\\\/\\\/secure.gravatar.com\\\/avatar\\\/37d968a2e67a6fd04c169c4bdef102d0bc5d31b2546345219e348575eb80e9a0?s=96&d=mm&r=g\",\"caption\":\"redazione\"},\"sameAs\":[\"http:\\\/\\\/www.bellunopress.it\",\"https:\\\/\\\/x.com\\\/bellunopress\"],\"url\":\"https:\\\/\\\/www.bellunopress.it\\\/fr\\\/author\\\/redazione\\\/\"}]}<\/script>\n<!-- \/ Yoast SEO plugin. -->","yoast_head_json":{"title":"\"Tassiati e mazziati\", gioved\u00ec Giuseppe Bortolussi presenta il suo ultimo libro al centro Giovanni 23mo - Bellunopress - Dolomiti","robots":{"index":"index","follow":"follow","max-snippet":"max-snippet:-1","max-image-preview":"max-image-preview:large","max-video-preview":"max-video-preview:-1"},"canonical":"https:\/\/www.bellunopress.it\/fr\/2011\/12\/13\/tassiati-e-mazziati-giovedi-giuseppe-bortolussi-presenta-il-suo-ultimo-libro-al-centro-giovanni-23mo\/","og_locale":"fr_FR","og_type":"article","og_title":"\"Tassiati e mazziati\", gioved\u00ec Giuseppe Bortolussi presenta il suo ultimo libro al centro Giovanni 23mo - Bellunopress - Dolomiti","og_description":"Tassati e mazziati \u00e8 l\u2019ultimo libro di Giuseppe Bortolussi, segretario della Cgia di Mestre e fra i pi\u00f9 autorevoli esperti di finanza pubblica e del sistema fiscale italiano, che mette in evidenza le molte tasse pagate dai cittadini, molte di queste nascoste, ma anche i servizi spesso scadenti che costringono a comprare gli stessi servizi [&hellip;]","og_url":"https:\/\/www.bellunopress.it\/fr\/2011\/12\/13\/tassiati-e-mazziati-giovedi-giuseppe-bortolussi-presenta-il-suo-ultimo-libro-al-centro-giovanni-23mo\/","og_site_name":"Bellunopress - Dolomiti","article_publisher":"https:\/\/www.facebook.com\/profile.php?id=100008943462799","article_published_time":"2011-12-13T11:22:08+00:00","og_image":[{"url":"http:\/\/www.bellunopress.it\/wp-content\/uploads\/2012\/07\/logo-bellunopress-250x250-2012.jpg","type":"","width":"","height":""}],"author":"redazione","twitter_card":"summary_large_image","twitter_creator":"@bellunopress","twitter_site":"@bellunopress","twitter_misc":{"Written by":"redazione","Est. reading time":"1 minute"},"schema":{"@context":"https:\/\/schema.org","@graph":[{"@type":"Article","@id":"https:\/\/www.bellunopress.it\/2011\/12\/13\/tassiati-e-mazziati-giovedi-giuseppe-bortolussi-presenta-il-suo-ultimo-libro-al-centro-giovanni-23mo\/#article","isPartOf":{"@id":"https:\/\/www.bellunopress.it\/2011\/12\/13\/tassiati-e-mazziati-giovedi-giuseppe-bortolussi-presenta-il-suo-ultimo-libro-al-centro-giovanni-23mo\/"},"author":{"name":"redazione","@id":"https:\/\/www.bellunopress.it\/#\/schema\/person\/79bb06722b37ece1c03d3e94beb30d73"},"headline":"&#8220;Tassiati e mazziati&#8221;, gioved\u00ec Giuseppe Bortolussi presenta il suo ultimo libro al centro Giovanni 23mo","datePublished":"2011-12-13T11:22:08+00:00","mainEntityOfPage":{"@id":"https:\/\/www.bellunopress.it\/2011\/12\/13\/tassiati-e-mazziati-giovedi-giuseppe-bortolussi-presenta-il-suo-ultimo-libro-al-centro-giovanni-23mo\/"},"wordCount":207,"publisher":{"@id":"https:\/\/www.bellunopress.it\/#organization"},"articleSection":["Appuntamenti, Eventi","Pausa Caff\u00e8"],"inLanguage":"fr-FR"},{"@type":"WebPage","@id":"https:\/\/www.bellunopress.it\/2011\/12\/13\/tassiati-e-mazziati-giovedi-giuseppe-bortolussi-presenta-il-suo-ultimo-libro-al-centro-giovanni-23mo\/","url":"https:\/\/www.bellunopress.it\/2011\/12\/13\/tassiati-e-mazziati-giovedi-giuseppe-bortolussi-presenta-il-suo-ultimo-libro-al-centro-giovanni-23mo\/","name":"\"Tassiati e mazziati\", gioved\u00ec Giuseppe Bortolussi presenta il suo ultimo libro al centro Giovanni 23mo - Bellunopress - Dolomiti","isPartOf":{"@id":"https:\/\/www.bellunopress.it\/#website"},"datePublished":"2011-12-13T11:22:08+00:00","breadcrumb":{"@id":"https:\/\/www.bellunopress.it\/2011\/12\/13\/tassiati-e-mazziati-giovedi-giuseppe-bortolussi-presenta-il-suo-ultimo-libro-al-centro-giovanni-23mo\/#breadcrumb"},"inLanguage":"fr-FR","potentialAction":[{"@type":"ReadAction","target":["https:\/\/www.bellunopress.it\/2011\/12\/13\/tassiati-e-mazziati-giovedi-giuseppe-bortolussi-presenta-il-suo-ultimo-libro-al-centro-giovanni-23mo\/"]}]},{"@type":"BreadcrumbList","@id":"https:\/\/www.bellunopress.it\/2011\/12\/13\/tassiati-e-mazziati-giovedi-giuseppe-bortolussi-presenta-il-suo-ultimo-libro-al-centro-giovanni-23mo\/#breadcrumb","itemListElement":[{"@type":"ListItem","position":1,"name":"Home","item":"https:\/\/www.bellunopress.it\/"},{"@type":"ListItem","position":2,"name":"&#8220;Tassiati e mazziati&#8221;, gioved\u00ec Giuseppe Bortolussi presenta il suo ultimo libro al centro Giovanni 23mo"}]},{"@type":"WebSite","@id":"https:\/\/www.bellunopress.it\/#website","url":"https:\/\/www.bellunopress.it\/","name":"Bellunopress - Dolomiti","description":"e-mail: redazione@bellunopress.it","publisher":{"@id":"https:\/\/www.bellunopress.it\/#organization"},"potentialAction":[{"@type":"SearchAction","target":{"@type":"EntryPoint","urlTemplate":"https:\/\/www.bellunopress.it\/?s={search_term_string}"},"query-input":{"@type":"PropertyValueSpecification","valueRequired":true,"valueName":"search_term_string"}}],"inLanguage":"fr-FR"},{"@type":"Organization","@id":"https:\/\/www.bellunopress.it\/#organization","name":"Bellunopress","url":"https:\/\/www.bellunopress.it\/","logo":{"@type":"ImageObject","inLanguage":"fr-FR","@id":"https:\/\/www.bellunopress.it\/#\/schema\/logo\/image\/","url":"https:\/\/www.bellunopress.it\/wp-content\/uploads\/2011\/05\/cropped-logo-bellunopress-.jpg","contentUrl":"https:\/\/www.bellunopress.it\/wp-content\/uploads\/2011\/05\/cropped-logo-bellunopress-.jpg","width":512,"height":512,"caption":"Bellunopress"},"image":{"@id":"https:\/\/www.bellunopress.it\/#\/schema\/logo\/image\/"},"sameAs":["https:\/\/www.facebook.com\/profile.php?id=100008943462799","https:\/\/x.com\/bellunopress","https:\/\/www.linkedin.com\/hp\/?dnr=JBzUWaJfMUw8vbXJJ2tVW5-I3jZKvC4wsoxE&amp;amp;amp;amp;amp;amp;trk=nav_responsive_tab_home","https:\/\/www.youtube.com\/channel\/UCxL0wu1uN0_3_7hGG0306cw"]},{"@type":"Person","@id":"https:\/\/www.bellunopress.it\/#\/schema\/person\/79bb06722b37ece1c03d3e94beb30d73","name":"r\u00e9daction","image":{"@type":"ImageObject","inLanguage":"fr-FR","@id":"https:\/\/secure.gravatar.com\/avatar\/37d968a2e67a6fd04c169c4bdef102d0bc5d31b2546345219e348575eb80e9a0?s=96&d=mm&r=g","url":"https:\/\/secure.gravatar.com\/avatar\/37d968a2e67a6fd04c169c4bdef102d0bc5d31b2546345219e348575eb80e9a0?s=96&d=mm&r=g","contentUrl":"https:\/\/secure.gravatar.com\/avatar\/37d968a2e67a6fd04c169c4bdef102d0bc5d31b2546345219e348575eb80e9a0?s=96&d=mm&r=g","caption":"redazione"},"sameAs":["http:\/\/www.bellunopress.it","https:\/\/x.com\/bellunopress"],"url":"https:\/\/www.bellunopress.it\/fr\/author\/redazione\/"}]}},"_links":{"self":[{"href":"https:\/\/www.bellunopress.it\/fr\/wp-json\/wp\/v2\/posts\/33266","targetHints":{"allow":["GET"]}}],"collection":[{"href":"https:\/\/www.bellunopress.it\/fr\/wp-json\/wp\/v2\/posts"}],"about":[{"href":"https:\/\/www.bellunopress.it\/fr\/wp-json\/wp\/v2\/types\/post"}],"author":[{"embeddable":true,"href":"https:\/\/www.bellunopress.it\/fr\/wp-json\/wp\/v2\/users\/2"}],"replies":[{"embeddable":true,"href":"https:\/\/www.bellunopress.it\/fr\/wp-json\/wp\/v2\/comments?post=33266"}],"version-history":[{"count":1,"href":"https:\/\/www.bellunopress.it\/fr\/wp-json\/wp\/v2\/posts\/33266\/revisions"}],"predecessor-version":[{"id":33267,"href":"https:\/\/www.bellunopress.it\/fr\/wp-json\/wp\/v2\/posts\/33266\/revisions\/33267"}],"wp:attachment":[{"href":"https:\/\/www.bellunopress.it\/fr\/wp-json\/wp\/v2\/media?parent=33266"}],"wp:term":[{"taxonomy":"category","embeddable":true,"href":"https:\/\/www.bellunopress.it\/fr\/wp-json\/wp\/v2\/categories?post=33266"},{"taxonomy":"post_tag","embeddable":true,"href":"https:\/\/www.bellunopress.it\/fr\/wp-json\/wp\/v2\/tags?post=33266"}],"curies":[{"name":"wp","href":"https:\/\/api.w.org\/{rel}","templated":true}]}}