{"id":33258,"date":"2011-12-12T22:32:01","date_gmt":"2011-12-12T21:32:01","guid":{"rendered":"http:\/\/www.bellunopress.it\/?p=33258"},"modified":"2011-12-12T22:32:48","modified_gmt":"2011-12-12T21:32:48","slug":"anche-belluno-dice-no-alla-manovra-monti-in-piazza-duomo-la-protesta-di-cgil-cisl-uil","status":"publish","type":"post","link":"https:\/\/www.bellunopress.it\/fr\/2011\/12\/12\/anche-belluno-dice-no-alla-manovra-monti-in-piazza-duomo-la-protesta-di-cgil-cisl-uil\/","title":{"rendered":"Anche Belluno dice no alla manovra Monti. In Piazza Duomo la protesta di Cgil-Cisl-Uil"},"content":{"rendered":"<p><a href=\"http:\/\/www.bellunopress.it\/wp-content\/uploads\/2011\/12\/cgil-prefettura.jpg\"><img loading=\"lazy\" decoding=\"async\" class=\"alignleft size-full wp-image-33259\" title=\"cgil prefettura\" src=\"http:\/\/www.bellunopress.it\/wp-content\/uploads\/2011\/12\/cgil-prefettura.jpg\" alt=\"\" width=\"290\" height=\"193\" \/><\/a>Il sindacato ritrova la sua unit\u00e0 nel contestare la manovra Monti, ritenuta iniqua. La pioggia e il freddo non hanno fermato i lavoratori chiamati a manifestare dai sindacati Cgil Cisl e Uil contro i provvedimenti che sta per varare il governo Monti.<br \/>\nRenato Bressan, segretario provinciale della Cgil, ha parlato di manovra iniqua, &#8220;nonn c\u2019\u00e8 una patrimoniale sulle grandi ricchezze n\u00e8 l\u2019aumento Irpef sui redditi alti e poco o nulla contro l\u2019evasione&#8221;. Dopo di lui gli altri esponenti locali del sindacato, Anna Orsini segretario provinciale della Cisl, Paolo Da Lan segretario provinciale della Uilm, i sindacalisti delle categorie pensionati, funzione pubblica e il delegato dell&#8217;Ideal standard di Trichiana. I rappresentanti dei lavoratori si sono dichiarati disposti a dei sacrifici, a condizione che siano estesi a tutti gli italiani. Evidente il riferimento al rinvio dei tagli operato dal Parlamento. La casta, insomma, ordina i sacrifici al popolo, ma non rinuncia a nulla. E questo potrebbe diventare il detonatore per una nuova &#8220;notte della Repubblica&#8221;, di cui si avvertono gi\u00e0 i primi sintomi.<\/p>","protected":false},"excerpt":{"rendered":"<p>Il sindacato ritrova la sua unit\u00e0 nel contestare la manovra Monti, ritenuta iniqua. La pioggia e il freddo non hanno fermato i lavoratori chiamati a manifestare dai sindacati Cgil Cisl e Uil contro i provvedimenti che sta per varare il governo Monti. Renato Bressan, segretario provinciale della Cgil, ha parlato di manovra iniqua, &#8220;nonn c\u2019\u00e8 [&hellip;]<\/p>\n","protected":false},"author":2,"featured_media":0,"comment_status":"closed","ping_status":"open","sticky":false,"template":"","format":"standard","meta":{"footnotes":""},"categories":[5,26],"tags":[],"class_list":["post-33258","post","type-post","status-publish","format-standard","category-cronaca","category-prima-pagina"],"yoast_head":"<!-- This site is optimized with the Yoast SEO plugin v28.4 - https:\/\/yoast.com\/product\/yoast-seo-wordpress\/ -->\n<title>Anche Belluno dice no alla manovra Monti. In Piazza Duomo la protesta di Cgil-Cisl-Uil - Bellunopress - Dolomiti<\/title>\n<meta name=\"robots\" content=\"index, follow, max-snippet:-1, max-image-preview:large, max-video-preview:-1\" \/>\n<link rel=\"canonical\" href=\"https:\/\/www.bellunopress.it\/fr\/2011\/12\/12\/anche-belluno-dice-no-alla-manovra-monti-in-piazza-duomo-la-protesta-di-cgil-cisl-uil\/\" \/>\n<meta property=\"og:locale\" content=\"fr_FR\" \/>\n<meta property=\"og:type\" content=\"article\" \/>\n<meta property=\"og:title\" content=\"Anche Belluno dice no alla manovra Monti. In Piazza Duomo la protesta di Cgil-Cisl-Uil - Bellunopress - Dolomiti\" \/>\n<meta property=\"og:description\" content=\"Il sindacato ritrova la sua unit\u00e0 nel contestare la manovra Monti, ritenuta iniqua. La pioggia e il freddo non hanno fermato i lavoratori chiamati a manifestare dai sindacati Cgil Cisl e Uil contro i provvedimenti che sta per varare il governo Monti. Renato Bressan, segretario provinciale della Cgil, ha parlato di manovra iniqua, &#8220;nonn c\u2019\u00e8 [&hellip;]\" \/>\n<meta property=\"og:url\" content=\"https:\/\/www.bellunopress.it\/fr\/2011\/12\/12\/anche-belluno-dice-no-alla-manovra-monti-in-piazza-duomo-la-protesta-di-cgil-cisl-uil\/\" \/>\n<meta property=\"og:site_name\" content=\"Bellunopress - Dolomiti\" \/>\n<meta property=\"article:publisher\" content=\"https:\/\/www.facebook.com\/profile.php?id=100008943462799\" \/>\n<meta property=\"article:published_time\" content=\"2011-12-12T21:32:01+00:00\" \/>\n<meta property=\"article:modified_time\" content=\"2011-12-12T21:32:48+00:00\" \/>\n<meta property=\"og:image\" content=\"http:\/\/www.bellunopress.it\/wp-content\/uploads\/2011\/12\/cgil-prefettura.jpg\" \/>\n<meta name=\"author\" content=\"redazione\" \/>\n<meta name=\"twitter:card\" content=\"summary_large_image\" \/>\n<meta name=\"twitter:creator\" content=\"@bellunopress\" \/>\n<meta name=\"twitter:site\" content=\"@bellunopress\" \/>\n<meta name=\"twitter:label1\" content=\"\u00c9crit par\" \/>\n\t<meta name=\"twitter:data1\" content=\"redazione\" \/>\n\t<meta name=\"twitter:label2\" content=\"Dur\u00e9e de lecture estim\u00e9e\" \/>\n\t<meta name=\"twitter:data2\" content=\"1 minute\" \/>\n<script type=\"application\/ld+json\" class=\"yoast-schema-graph\">{\"@context\":\"https:\\\/\\\/schema.org\",\"@graph\":[{\"@type\":\"Article\",\"@id\":\"https:\\\/\\\/www.bellunopress.it\\\/2011\\\/12\\\/12\\\/anche-belluno-dice-no-alla-manovra-monti-in-piazza-duomo-la-protesta-di-cgil-cisl-uil\\\/#article\",\"isPartOf\":{\"@id\":\"https:\\\/\\\/www.bellunopress.it\\\/2011\\\/12\\\/12\\\/anche-belluno-dice-no-alla-manovra-monti-in-piazza-duomo-la-protesta-di-cgil-cisl-uil\\\/\"},\"author\":{\"name\":\"redazione\",\"@id\":\"https:\\\/\\\/www.bellunopress.it\\\/#\\\/schema\\\/person\\\/79bb06722b37ece1c03d3e94beb30d73\"},\"headline\":\"Anche Belluno dice no alla manovra Monti. In Piazza Duomo la protesta di Cgil-Cisl-Uil\",\"datePublished\":\"2011-12-12T21:32:01+00:00\",\"dateModified\":\"2011-12-12T21:32:48+00:00\",\"mainEntityOfPage\":{\"@id\":\"https:\\\/\\\/www.bellunopress.it\\\/2011\\\/12\\\/12\\\/anche-belluno-dice-no-alla-manovra-monti-in-piazza-duomo-la-protesta-di-cgil-cisl-uil\\\/\"},\"wordCount\":188,\"publisher\":{\"@id\":\"https:\\\/\\\/www.bellunopress.it\\\/#organization\"},\"image\":{\"@id\":\"https:\\\/\\\/www.bellunopress.it\\\/2011\\\/12\\\/12\\\/anche-belluno-dice-no-alla-manovra-monti-in-piazza-duomo-la-protesta-di-cgil-cisl-uil\\\/#primaryimage\"},\"thumbnailUrl\":\"http:\\\/\\\/www.bellunopress.it\\\/wp-content\\\/uploads\\\/2011\\\/12\\\/cgil-prefettura.jpg\",\"articleSection\":[\"Cronaca\\\/Politica\",\"Prima Pagina\"],\"inLanguage\":\"fr-FR\"},{\"@type\":\"WebPage\",\"@id\":\"https:\\\/\\\/www.bellunopress.it\\\/2011\\\/12\\\/12\\\/anche-belluno-dice-no-alla-manovra-monti-in-piazza-duomo-la-protesta-di-cgil-cisl-uil\\\/\",\"url\":\"https:\\\/\\\/www.bellunopress.it\\\/2011\\\/12\\\/12\\\/anche-belluno-dice-no-alla-manovra-monti-in-piazza-duomo-la-protesta-di-cgil-cisl-uil\\\/\",\"name\":\"Anche Belluno dice no alla manovra Monti. In Piazza Duomo la protesta di Cgil-Cisl-Uil - Bellunopress - Dolomiti\",\"isPartOf\":{\"@id\":\"https:\\\/\\\/www.bellunopress.it\\\/#website\"},\"primaryImageOfPage\":{\"@id\":\"https:\\\/\\\/www.bellunopress.it\\\/2011\\\/12\\\/12\\\/anche-belluno-dice-no-alla-manovra-monti-in-piazza-duomo-la-protesta-di-cgil-cisl-uil\\\/#primaryimage\"},\"image\":{\"@id\":\"https:\\\/\\\/www.bellunopress.it\\\/2011\\\/12\\\/12\\\/anche-belluno-dice-no-alla-manovra-monti-in-piazza-duomo-la-protesta-di-cgil-cisl-uil\\\/#primaryimage\"},\"thumbnailUrl\":\"http:\\\/\\\/www.bellunopress.it\\\/wp-content\\\/uploads\\\/2011\\\/12\\\/cgil-prefettura.jpg\",\"datePublished\":\"2011-12-12T21:32:01+00:00\",\"dateModified\":\"2011-12-12T21:32:48+00:00\",\"breadcrumb\":{\"@id\":\"https:\\\/\\\/www.bellunopress.it\\\/2011\\\/12\\\/12\\\/anche-belluno-dice-no-alla-manovra-monti-in-piazza-duomo-la-protesta-di-cgil-cisl-uil\\\/#breadcrumb\"},\"inLanguage\":\"fr-FR\",\"potentialAction\":[{\"@type\":\"ReadAction\",\"target\":[\"https:\\\/\\\/www.bellunopress.it\\\/2011\\\/12\\\/12\\\/anche-belluno-dice-no-alla-manovra-monti-in-piazza-duomo-la-protesta-di-cgil-cisl-uil\\\/\"]}]},{\"@type\":\"ImageObject\",\"inLanguage\":\"fr-FR\",\"@id\":\"https:\\\/\\\/www.bellunopress.it\\\/2011\\\/12\\\/12\\\/anche-belluno-dice-no-alla-manovra-monti-in-piazza-duomo-la-protesta-di-cgil-cisl-uil\\\/#primaryimage\",\"url\":\"http:\\\/\\\/www.bellunopress.it\\\/wp-content\\\/uploads\\\/2011\\\/12\\\/cgil-prefettura.jpg\",\"contentUrl\":\"http:\\\/\\\/www.bellunopress.it\\\/wp-content\\\/uploads\\\/2011\\\/12\\\/cgil-prefettura.jpg\"},{\"@type\":\"BreadcrumbList\",\"@id\":\"https:\\\/\\\/www.bellunopress.it\\\/2011\\\/12\\\/12\\\/anche-belluno-dice-no-alla-manovra-monti-in-piazza-duomo-la-protesta-di-cgil-cisl-uil\\\/#breadcrumb\",\"itemListElement\":[{\"@type\":\"ListItem\",\"position\":1,\"name\":\"Home\",\"item\":\"https:\\\/\\\/www.bellunopress.it\\\/\"},{\"@type\":\"ListItem\",\"position\":2,\"name\":\"Anche Belluno dice no alla manovra Monti. In Piazza Duomo la protesta di Cgil-Cisl-Uil\"}]},{\"@type\":\"WebSite\",\"@id\":\"https:\\\/\\\/www.bellunopress.it\\\/#website\",\"url\":\"https:\\\/\\\/www.bellunopress.it\\\/\",\"name\":\"Bellunopress - Dolomiti\",\"description\":\"e-mail: redazione@bellunopress.it\",\"publisher\":{\"@id\":\"https:\\\/\\\/www.bellunopress.it\\\/#organization\"},\"potentialAction\":[{\"@type\":\"SearchAction\",\"target\":{\"@type\":\"EntryPoint\",\"urlTemplate\":\"https:\\\/\\\/www.bellunopress.it\\\/?s={search_term_string}\"},\"query-input\":{\"@type\":\"PropertyValueSpecification\",\"valueRequired\":true,\"valueName\":\"search_term_string\"}}],\"inLanguage\":\"fr-FR\"},{\"@type\":\"Organization\",\"@id\":\"https:\\\/\\\/www.bellunopress.it\\\/#organization\",\"name\":\"Bellunopress\",\"url\":\"https:\\\/\\\/www.bellunopress.it\\\/\",\"logo\":{\"@type\":\"ImageObject\",\"inLanguage\":\"fr-FR\",\"@id\":\"https:\\\/\\\/www.bellunopress.it\\\/#\\\/schema\\\/logo\\\/image\\\/\",\"url\":\"https:\\\/\\\/www.bellunopress.it\\\/wp-content\\\/uploads\\\/2011\\\/05\\\/cropped-logo-bellunopress-.jpg\",\"contentUrl\":\"https:\\\/\\\/www.bellunopress.it\\\/wp-content\\\/uploads\\\/2011\\\/05\\\/cropped-logo-bellunopress-.jpg\",\"width\":512,\"height\":512,\"caption\":\"Bellunopress\"},\"image\":{\"@id\":\"https:\\\/\\\/www.bellunopress.it\\\/#\\\/schema\\\/logo\\\/image\\\/\"},\"sameAs\":[\"https:\\\/\\\/www.facebook.com\\\/profile.php?id=100008943462799\",\"https:\\\/\\\/x.com\\\/bellunopress\",\"https:\\\/\\\/www.linkedin.com\\\/hp\\\/?dnr=JBzUWaJfMUw8vbXJJ2tVW5-I3jZKvC4wsoxE&amp;amp;amp;amp;amp;amp;trk=nav_responsive_tab_home\",\"https:\\\/\\\/www.youtube.com\\\/channel\\\/UCxL0wu1uN0_3_7hGG0306cw\"]},{\"@type\":\"Person\",\"@id\":\"https:\\\/\\\/www.bellunopress.it\\\/#\\\/schema\\\/person\\\/79bb06722b37ece1c03d3e94beb30d73\",\"name\":\"redazione\",\"image\":{\"@type\":\"ImageObject\",\"inLanguage\":\"fr-FR\",\"@id\":\"https:\\\/\\\/secure.gravatar.com\\\/avatar\\\/37d968a2e67a6fd04c169c4bdef102d0bc5d31b2546345219e348575eb80e9a0?s=96&d=mm&r=g\",\"url\":\"https:\\\/\\\/secure.gravatar.com\\\/avatar\\\/37d968a2e67a6fd04c169c4bdef102d0bc5d31b2546345219e348575eb80e9a0?s=96&d=mm&r=g\",\"contentUrl\":\"https:\\\/\\\/secure.gravatar.com\\\/avatar\\\/37d968a2e67a6fd04c169c4bdef102d0bc5d31b2546345219e348575eb80e9a0?s=96&d=mm&r=g\",\"caption\":\"redazione\"},\"sameAs\":[\"http:\\\/\\\/www.bellunopress.it\",\"https:\\\/\\\/x.com\\\/bellunopress\"],\"url\":\"https:\\\/\\\/www.bellunopress.it\\\/fr\\\/author\\\/redazione\\\/\"}]}<\/script>\n<!-- \/ Yoast SEO plugin. -->","yoast_head_json":{"title":"Anche Belluno dice no alla manovra Monti. In Piazza Duomo la protesta di Cgil-Cisl-Uil - Bellunopress - Dolomiti","robots":{"index":"index","follow":"follow","max-snippet":"max-snippet:-1","max-image-preview":"max-image-preview:large","max-video-preview":"max-video-preview:-1"},"canonical":"https:\/\/www.bellunopress.it\/fr\/2011\/12\/12\/anche-belluno-dice-no-alla-manovra-monti-in-piazza-duomo-la-protesta-di-cgil-cisl-uil\/","og_locale":"fr_FR","og_type":"article","og_title":"Anche Belluno dice no alla manovra Monti. In Piazza Duomo la protesta di Cgil-Cisl-Uil - Bellunopress - Dolomiti","og_description":"Il sindacato ritrova la sua unit\u00e0 nel contestare la manovra Monti, ritenuta iniqua. La pioggia e il freddo non hanno fermato i lavoratori chiamati a manifestare dai sindacati Cgil Cisl e Uil contro i provvedimenti che sta per varare il governo Monti. Renato Bressan, segretario provinciale della Cgil, ha parlato di manovra iniqua, &#8220;nonn c\u2019\u00e8 [&hellip;]","og_url":"https:\/\/www.bellunopress.it\/fr\/2011\/12\/12\/anche-belluno-dice-no-alla-manovra-monti-in-piazza-duomo-la-protesta-di-cgil-cisl-uil\/","og_site_name":"Bellunopress - Dolomiti","article_publisher":"https:\/\/www.facebook.com\/profile.php?id=100008943462799","article_published_time":"2011-12-12T21:32:01+00:00","article_modified_time":"2011-12-12T21:32:48+00:00","og_image":[{"url":"http:\/\/www.bellunopress.it\/wp-content\/uploads\/2011\/12\/cgil-prefettura.jpg","type":"","width":"","height":""}],"author":"redazione","twitter_card":"summary_large_image","twitter_creator":"@bellunopress","twitter_site":"@bellunopress","twitter_misc":{"\u00c9crit par":"redazione","Dur\u00e9e de lecture estim\u00e9e":"1 minute"},"schema":{"@context":"https:\/\/schema.org","@graph":[{"@type":"Article","@id":"https:\/\/www.bellunopress.it\/2011\/12\/12\/anche-belluno-dice-no-alla-manovra-monti-in-piazza-duomo-la-protesta-di-cgil-cisl-uil\/#article","isPartOf":{"@id":"https:\/\/www.bellunopress.it\/2011\/12\/12\/anche-belluno-dice-no-alla-manovra-monti-in-piazza-duomo-la-protesta-di-cgil-cisl-uil\/"},"author":{"name":"redazione","@id":"https:\/\/www.bellunopress.it\/#\/schema\/person\/79bb06722b37ece1c03d3e94beb30d73"},"headline":"Anche Belluno dice no alla manovra Monti. In Piazza Duomo la protesta di Cgil-Cisl-Uil","datePublished":"2011-12-12T21:32:01+00:00","dateModified":"2011-12-12T21:32:48+00:00","mainEntityOfPage":{"@id":"https:\/\/www.bellunopress.it\/2011\/12\/12\/anche-belluno-dice-no-alla-manovra-monti-in-piazza-duomo-la-protesta-di-cgil-cisl-uil\/"},"wordCount":188,"publisher":{"@id":"https:\/\/www.bellunopress.it\/#organization"},"image":{"@id":"https:\/\/www.bellunopress.it\/2011\/12\/12\/anche-belluno-dice-no-alla-manovra-monti-in-piazza-duomo-la-protesta-di-cgil-cisl-uil\/#primaryimage"},"thumbnailUrl":"http:\/\/www.bellunopress.it\/wp-content\/uploads\/2011\/12\/cgil-prefettura.jpg","articleSection":["Cronaca\/Politica","Prima Pagina"],"inLanguage":"fr-FR"},{"@type":"WebPage","@id":"https:\/\/www.bellunopress.it\/2011\/12\/12\/anche-belluno-dice-no-alla-manovra-monti-in-piazza-duomo-la-protesta-di-cgil-cisl-uil\/","url":"https:\/\/www.bellunopress.it\/2011\/12\/12\/anche-belluno-dice-no-alla-manovra-monti-in-piazza-duomo-la-protesta-di-cgil-cisl-uil\/","name":"Anche Belluno dice no alla manovra Monti. In Piazza Duomo la protesta di Cgil-Cisl-Uil - Bellunopress - Dolomiti","isPartOf":{"@id":"https:\/\/www.bellunopress.it\/#website"},"primaryImageOfPage":{"@id":"https:\/\/www.bellunopress.it\/2011\/12\/12\/anche-belluno-dice-no-alla-manovra-monti-in-piazza-duomo-la-protesta-di-cgil-cisl-uil\/#primaryimage"},"image":{"@id":"https:\/\/www.bellunopress.it\/2011\/12\/12\/anche-belluno-dice-no-alla-manovra-monti-in-piazza-duomo-la-protesta-di-cgil-cisl-uil\/#primaryimage"},"thumbnailUrl":"http:\/\/www.bellunopress.it\/wp-content\/uploads\/2011\/12\/cgil-prefettura.jpg","datePublished":"2011-12-12T21:32:01+00:00","dateModified":"2011-12-12T21:32:48+00:00","breadcrumb":{"@id":"https:\/\/www.bellunopress.it\/2011\/12\/12\/anche-belluno-dice-no-alla-manovra-monti-in-piazza-duomo-la-protesta-di-cgil-cisl-uil\/#breadcrumb"},"inLanguage":"fr-FR","potentialAction":[{"@type":"ReadAction","target":["https:\/\/www.bellunopress.it\/2011\/12\/12\/anche-belluno-dice-no-alla-manovra-monti-in-piazza-duomo-la-protesta-di-cgil-cisl-uil\/"]}]},{"@type":"ImageObject","inLanguage":"fr-FR","@id":"https:\/\/www.bellunopress.it\/2011\/12\/12\/anche-belluno-dice-no-alla-manovra-monti-in-piazza-duomo-la-protesta-di-cgil-cisl-uil\/#primaryimage","url":"http:\/\/www.bellunopress.it\/wp-content\/uploads\/2011\/12\/cgil-prefettura.jpg","contentUrl":"http:\/\/www.bellunopress.it\/wp-content\/uploads\/2011\/12\/cgil-prefettura.jpg"},{"@type":"BreadcrumbList","@id":"https:\/\/www.bellunopress.it\/2011\/12\/12\/anche-belluno-dice-no-alla-manovra-monti-in-piazza-duomo-la-protesta-di-cgil-cisl-uil\/#breadcrumb","itemListElement":[{"@type":"ListItem","position":1,"name":"Home","item":"https:\/\/www.bellunopress.it\/"},{"@type":"ListItem","position":2,"name":"Anche Belluno dice no alla manovra Monti. In Piazza Duomo la protesta di Cgil-Cisl-Uil"}]},{"@type":"WebSite","@id":"https:\/\/www.bellunopress.it\/#website","url":"https:\/\/www.bellunopress.it\/","name":"Bellunopress - Dolomiti","description":"e-mail: redazione@bellunopress.it","publisher":{"@id":"https:\/\/www.bellunopress.it\/#organization"},"potentialAction":[{"@type":"SearchAction","target":{"@type":"EntryPoint","urlTemplate":"https:\/\/www.bellunopress.it\/?s={search_term_string}"},"query-input":{"@type":"PropertyValueSpecification","valueRequired":true,"valueName":"search_term_string"}}],"inLanguage":"fr-FR"},{"@type":"Organization","@id":"https:\/\/www.bellunopress.it\/#organization","name":"Bellunopress","url":"https:\/\/www.bellunopress.it\/","logo":{"@type":"ImageObject","inLanguage":"fr-FR","@id":"https:\/\/www.bellunopress.it\/#\/schema\/logo\/image\/","url":"https:\/\/www.bellunopress.it\/wp-content\/uploads\/2011\/05\/cropped-logo-bellunopress-.jpg","contentUrl":"https:\/\/www.bellunopress.it\/wp-content\/uploads\/2011\/05\/cropped-logo-bellunopress-.jpg","width":512,"height":512,"caption":"Bellunopress"},"image":{"@id":"https:\/\/www.bellunopress.it\/#\/schema\/logo\/image\/"},"sameAs":["https:\/\/www.facebook.com\/profile.php?id=100008943462799","https:\/\/x.com\/bellunopress","https:\/\/www.linkedin.com\/hp\/?dnr=JBzUWaJfMUw8vbXJJ2tVW5-I3jZKvC4wsoxE&amp;amp;amp;amp;amp;amp;trk=nav_responsive_tab_home","https:\/\/www.youtube.com\/channel\/UCxL0wu1uN0_3_7hGG0306cw"]},{"@type":"Person","@id":"https:\/\/www.bellunopress.it\/#\/schema\/person\/79bb06722b37ece1c03d3e94beb30d73","name":"r\u00e9daction","image":{"@type":"ImageObject","inLanguage":"fr-FR","@id":"https:\/\/secure.gravatar.com\/avatar\/37d968a2e67a6fd04c169c4bdef102d0bc5d31b2546345219e348575eb80e9a0?s=96&d=mm&r=g","url":"https:\/\/secure.gravatar.com\/avatar\/37d968a2e67a6fd04c169c4bdef102d0bc5d31b2546345219e348575eb80e9a0?s=96&d=mm&r=g","contentUrl":"https:\/\/secure.gravatar.com\/avatar\/37d968a2e67a6fd04c169c4bdef102d0bc5d31b2546345219e348575eb80e9a0?s=96&d=mm&r=g","caption":"redazione"},"sameAs":["http:\/\/www.bellunopress.it","https:\/\/x.com\/bellunopress"],"url":"https:\/\/www.bellunopress.it\/fr\/author\/redazione\/"}]}},"_links":{"self":[{"href":"https:\/\/www.bellunopress.it\/fr\/wp-json\/wp\/v2\/posts\/33258","targetHints":{"allow":["GET"]}}],"collection":[{"href":"https:\/\/www.bellunopress.it\/fr\/wp-json\/wp\/v2\/posts"}],"about":[{"href":"https:\/\/www.bellunopress.it\/fr\/wp-json\/wp\/v2\/types\/post"}],"author":[{"embeddable":true,"href":"https:\/\/www.bellunopress.it\/fr\/wp-json\/wp\/v2\/users\/2"}],"replies":[{"embeddable":true,"href":"https:\/\/www.bellunopress.it\/fr\/wp-json\/wp\/v2\/comments?post=33258"}],"version-history":[{"count":2,"href":"https:\/\/www.bellunopress.it\/fr\/wp-json\/wp\/v2\/posts\/33258\/revisions"}],"predecessor-version":[{"id":33261,"href":"https:\/\/www.bellunopress.it\/fr\/wp-json\/wp\/v2\/posts\/33258\/revisions\/33261"}],"wp:attachment":[{"href":"https:\/\/www.bellunopress.it\/fr\/wp-json\/wp\/v2\/media?parent=33258"}],"wp:term":[{"taxonomy":"category","embeddable":true,"href":"https:\/\/www.bellunopress.it\/fr\/wp-json\/wp\/v2\/categories?post=33258"},{"taxonomy":"post_tag","embeddable":true,"href":"https:\/\/www.bellunopress.it\/fr\/wp-json\/wp\/v2\/tags?post=33258"}],"curies":[{"name":"wp","href":"https:\/\/api.w.org\/{rel}","templated":true}]}}