{"id":33251,"date":"2011-12-12T21:10:42","date_gmt":"2011-12-12T20:10:42","guid":{"rendered":"http:\/\/www.bellunopress.it\/?p=33251"},"modified":"2011-12-12T21:10:42","modified_gmt":"2011-12-12T20:10:42","slug":"controllo-fiscale-firmato-laccordo-tra-il-comune-e-lagenzia-delle-entrate-belluno-e-il-quarto-capoluogo-veneto-ad-aver-sottoscritto-il-patto-antievasione","status":"publish","type":"post","link":"https:\/\/www.bellunopress.it\/fr\/2011\/12\/12\/controllo-fiscale-firmato-laccordo-tra-il-comune-e-lagenzia-delle-entrate-belluno-e-il-quarto-capoluogo-veneto-ad-aver-sottoscritto-il-patto-antievasione\/","title":{"rendered":"Controllo fiscale: firmato l&#8217;accordo tra il Comune e l&#8217;Agenzia delle entrate. Belluno \u00e8 il quarto capoluogo veneto ad aver sottoscritto il patto antievasione"},"content":{"rendered":"<p><a href=\"http:\/\/www.bellunopress.it\/wp-content\/uploads\/2011\/10\/antonio-prade-140x140.jpg\"><img loading=\"lazy\" decoding=\"async\" class=\"alignleft size-full wp-image-31276\" title=\"antonio prade 140x140\" src=\"http:\/\/www.bellunopress.it\/wp-content\/uploads\/2011\/10\/antonio-prade-140x140.jpg\" alt=\"\" width=\"140\" height=\"140\" \/><\/a>Il Sindaco di Belluno, Antonio Prade, e il Direttore dell\u2019Agenzia delle Entrate del Veneto, Giovanni Achille Sanz\u00f2, hanno firmato oggi nella sede municipale un accordo per la partecipazione del comune all\u2019attivit\u00e0 di controllo fiscale. Presenti anche il Direttore Provinciale delle Entrate di Belluno, Domenico Vargiu, e il Capo settore controlli, contenzioso e riscossione delle Entrate del Veneto, Claudio Vollono. Dopo Padova, Venezia e Vicenza, Belluno \u00e8 il quarto capoluogo veneto a sottoscrivere il patto antievasione con l\u2019Agenzia delle Entrate. I controlli riguarderanno i seguenti ambiti:<\/p>\n<p>commercio e professioni \u2013 soggetti che esercitano un\u2019attivit\u00e0 economica senza partita Iva o che si qualificano come enti non profit svolgendo tuttavia lucrose attivit\u00e0 commerciali;<br \/>\nurbanistica e territorio \u2013 contribuenti che hanno venduto aree edificabili senza dichiararne i proventi o che hanno partecipato ad abusivismi edilizi sia di tipo residenziale che industriale;<br \/>\npropriet\u00e0 edilizia e patrimonio immobiliare \u2013 proprietari che non dichiarano seconde\/terze case, che affittano appartamenti senza registrarne i contratti o che omettono dichiarazioni Ici e Tarsu;<br \/>\nresidenze fittizie all\u2019estero \u2013 soggetti che dichiarano di risiedere all\u2019estero ma di fatto continuano a mantenere i loro interessi familiari ed economici in loco;<br \/>\ndisponibilit\u00e0 di beni indicativi di capacit\u00e0 economica \u2013 contribuenti che possiedono una quantit\u00e0 di beni economicamente rilevanti non coerenti con i redditi dichiarati.<\/p>\n<p>L\u2019amministrazione comunale invier\u00e0 telematicamente alle Entrate informazioni utili ai fini dell\u2019accertamento dei tributi o che possano essere indizio di evasione fiscale. Come corrispettivo ricever\u00e0 fino al 100% delle imposte recuperate e delle sanzioni.<\/p>\n<p>\u201cConsidero questo accordo molto importante \u2013 afferma il sindaco di Belluno, Antonio Prade \u2013 \u201cInnanzitutto perch\u00e9 mette a regime una stretta collaborazione fra le istituzioni, assolutamente necessaria in questo difficile momento. Inoltre perch\u00e9 ci consente di realizzare, scambiando informazioni, un fisco pi\u00f9 equo. Una urgenza, questa, sotto gli occhi di tutti\u201d.<\/p>\n<p>\u201cCon l\u2019accordo di Belluno la maggioranza dei capoluoghi veneti \u00e8 al fianco dell\u2019Agenzia delle Entrate nel recupero dell\u2019evasione fiscale\u201d &#8211; ha ribadito Giovanni Achille Sanz\u00f2, Direttore Regionale delle Entrate del Veneto &#8211; \u201cQuesto \u00e8 un segnale inequivocabile. E\u2019 il territorio stesso a chiedere un ruolo da protagonista nell\u2019individuare e sanzionare chi non paga le tasse a scapito dei cittadini onesti\u201d.<\/p>\n<p>&nbsp;<\/p>","protected":false},"excerpt":{"rendered":"<p>Il Sindaco di Belluno, Antonio Prade, e il Direttore dell\u2019Agenzia delle Entrate del Veneto, Giovanni Achille Sanz\u00f2, hanno firmato oggi nella sede municipale un accordo per la partecipazione del comune all\u2019attivit\u00e0 di controllo fiscale. Presenti anche il Direttore Provinciale delle Entrate di Belluno, Domenico Vargiu, e il Capo settore controlli, contenzioso e riscossione delle Entrate [&hellip;]<\/p>\n","protected":false},"author":2,"featured_media":0,"comment_status":"closed","ping_status":"open","sticky":false,"template":"","format":"standard","meta":{"footnotes":""},"categories":[5,26],"tags":[],"class_list":["post-33251","post","type-post","status-publish","format-standard","category-cronaca","category-prima-pagina"],"yoast_head":"<!-- This site is optimized with the Yoast SEO plugin v28.4 - https:\/\/yoast.com\/product\/yoast-seo-wordpress\/ -->\n<title>Controllo fiscale: firmato l&#039;accordo tra il Comune e l&#039;Agenzia delle entrate. Belluno \u00e8 il quarto capoluogo veneto ad aver sottoscritto il patto antievasione - Bellunopress - Dolomiti<\/title>\n<meta name=\"robots\" content=\"index, follow, max-snippet:-1, max-image-preview:large, max-video-preview:-1\" \/>\n<link rel=\"canonical\" href=\"https:\/\/www.bellunopress.it\/fr\/2011\/12\/12\/controllo-fiscale-firmato-laccordo-tra-il-comune-e-lagenzia-delle-entrate-belluno-e-il-quarto-capoluogo-veneto-ad-aver-sottoscritto-il-patto-antievasione\/\" \/>\n<meta property=\"og:locale\" content=\"fr_FR\" \/>\n<meta property=\"og:type\" content=\"article\" \/>\n<meta property=\"og:title\" content=\"Controllo fiscale: firmato l&#039;accordo tra il Comune e l&#039;Agenzia delle entrate. Belluno \u00e8 il quarto capoluogo veneto ad aver sottoscritto il patto antievasione - Bellunopress - Dolomiti\" \/>\n<meta property=\"og:description\" content=\"Il Sindaco di Belluno, Antonio Prade, e il Direttore dell\u2019Agenzia delle Entrate del Veneto, Giovanni Achille Sanz\u00f2, hanno firmato oggi nella sede municipale un accordo per la partecipazione del comune all\u2019attivit\u00e0 di controllo fiscale. Presenti anche il Direttore Provinciale delle Entrate di Belluno, Domenico Vargiu, e il Capo settore controlli, contenzioso e riscossione delle Entrate [&hellip;]\" \/>\n<meta property=\"og:url\" content=\"https:\/\/www.bellunopress.it\/fr\/2011\/12\/12\/controllo-fiscale-firmato-laccordo-tra-il-comune-e-lagenzia-delle-entrate-belluno-e-il-quarto-capoluogo-veneto-ad-aver-sottoscritto-il-patto-antievasione\/\" \/>\n<meta property=\"og:site_name\" content=\"Bellunopress - Dolomiti\" \/>\n<meta property=\"article:publisher\" content=\"https:\/\/www.facebook.com\/profile.php?id=100008943462799\" \/>\n<meta property=\"article:published_time\" content=\"2011-12-12T20:10:42+00:00\" \/>\n<meta property=\"og:image\" content=\"http:\/\/www.bellunopress.it\/wp-content\/uploads\/2011\/10\/antonio-prade-140x140.jpg\" \/>\n<meta name=\"author\" content=\"redazione\" \/>\n<meta name=\"twitter:card\" content=\"summary_large_image\" \/>\n<meta name=\"twitter:creator\" content=\"@bellunopress\" \/>\n<meta name=\"twitter:site\" content=\"@bellunopress\" \/>\n<meta name=\"twitter:label1\" content=\"\u00c9crit par\" \/>\n\t<meta name=\"twitter:data1\" content=\"redazione\" \/>\n\t<meta name=\"twitter:label2\" content=\"Dur\u00e9e de lecture estim\u00e9e\" \/>\n\t<meta name=\"twitter:data2\" content=\"2 minutes\" \/>\n<script type=\"application\/ld+json\" class=\"yoast-schema-graph\">{\"@context\":\"https:\\\/\\\/schema.org\",\"@graph\":[{\"@type\":\"Article\",\"@id\":\"https:\\\/\\\/www.bellunopress.it\\\/2011\\\/12\\\/12\\\/controllo-fiscale-firmato-laccordo-tra-il-comune-e-lagenzia-delle-entrate-belluno-e-il-quarto-capoluogo-veneto-ad-aver-sottoscritto-il-patto-antievasione\\\/#article\",\"isPartOf\":{\"@id\":\"https:\\\/\\\/www.bellunopress.it\\\/2011\\\/12\\\/12\\\/controllo-fiscale-firmato-laccordo-tra-il-comune-e-lagenzia-delle-entrate-belluno-e-il-quarto-capoluogo-veneto-ad-aver-sottoscritto-il-patto-antievasione\\\/\"},\"author\":{\"name\":\"redazione\",\"@id\":\"https:\\\/\\\/www.bellunopress.it\\\/#\\\/schema\\\/person\\\/79bb06722b37ece1c03d3e94beb30d73\"},\"headline\":\"Controllo fiscale: firmato l&#8217;accordo tra il Comune e l&#8217;Agenzia delle entrate. Belluno \u00e8 il quarto capoluogo veneto ad aver sottoscritto il patto antievasione\",\"datePublished\":\"2011-12-12T20:10:42+00:00\",\"mainEntityOfPage\":{\"@id\":\"https:\\\/\\\/www.bellunopress.it\\\/2011\\\/12\\\/12\\\/controllo-fiscale-firmato-laccordo-tra-il-comune-e-lagenzia-delle-entrate-belluno-e-il-quarto-capoluogo-veneto-ad-aver-sottoscritto-il-patto-antievasione\\\/\"},\"wordCount\":381,\"publisher\":{\"@id\":\"https:\\\/\\\/www.bellunopress.it\\\/#organization\"},\"image\":{\"@id\":\"https:\\\/\\\/www.bellunopress.it\\\/2011\\\/12\\\/12\\\/controllo-fiscale-firmato-laccordo-tra-il-comune-e-lagenzia-delle-entrate-belluno-e-il-quarto-capoluogo-veneto-ad-aver-sottoscritto-il-patto-antievasione\\\/#primaryimage\"},\"thumbnailUrl\":\"http:\\\/\\\/www.bellunopress.it\\\/wp-content\\\/uploads\\\/2011\\\/10\\\/antonio-prade-140x140.jpg\",\"articleSection\":[\"Cronaca\\\/Politica\",\"Prima Pagina\"],\"inLanguage\":\"fr-FR\"},{\"@type\":\"WebPage\",\"@id\":\"https:\\\/\\\/www.bellunopress.it\\\/2011\\\/12\\\/12\\\/controllo-fiscale-firmato-laccordo-tra-il-comune-e-lagenzia-delle-entrate-belluno-e-il-quarto-capoluogo-veneto-ad-aver-sottoscritto-il-patto-antievasione\\\/\",\"url\":\"https:\\\/\\\/www.bellunopress.it\\\/2011\\\/12\\\/12\\\/controllo-fiscale-firmato-laccordo-tra-il-comune-e-lagenzia-delle-entrate-belluno-e-il-quarto-capoluogo-veneto-ad-aver-sottoscritto-il-patto-antievasione\\\/\",\"name\":\"Controllo fiscale: firmato l'accordo tra il Comune e l'Agenzia delle entrate. Belluno \u00e8 il quarto capoluogo veneto ad aver sottoscritto il patto antievasione - Bellunopress - Dolomiti\",\"isPartOf\":{\"@id\":\"https:\\\/\\\/www.bellunopress.it\\\/#website\"},\"primaryImageOfPage\":{\"@id\":\"https:\\\/\\\/www.bellunopress.it\\\/2011\\\/12\\\/12\\\/controllo-fiscale-firmato-laccordo-tra-il-comune-e-lagenzia-delle-entrate-belluno-e-il-quarto-capoluogo-veneto-ad-aver-sottoscritto-il-patto-antievasione\\\/#primaryimage\"},\"image\":{\"@id\":\"https:\\\/\\\/www.bellunopress.it\\\/2011\\\/12\\\/12\\\/controllo-fiscale-firmato-laccordo-tra-il-comune-e-lagenzia-delle-entrate-belluno-e-il-quarto-capoluogo-veneto-ad-aver-sottoscritto-il-patto-antievasione\\\/#primaryimage\"},\"thumbnailUrl\":\"http:\\\/\\\/www.bellunopress.it\\\/wp-content\\\/uploads\\\/2011\\\/10\\\/antonio-prade-140x140.jpg\",\"datePublished\":\"2011-12-12T20:10:42+00:00\",\"breadcrumb\":{\"@id\":\"https:\\\/\\\/www.bellunopress.it\\\/2011\\\/12\\\/12\\\/controllo-fiscale-firmato-laccordo-tra-il-comune-e-lagenzia-delle-entrate-belluno-e-il-quarto-capoluogo-veneto-ad-aver-sottoscritto-il-patto-antievasione\\\/#breadcrumb\"},\"inLanguage\":\"fr-FR\",\"potentialAction\":[{\"@type\":\"ReadAction\",\"target\":[\"https:\\\/\\\/www.bellunopress.it\\\/2011\\\/12\\\/12\\\/controllo-fiscale-firmato-laccordo-tra-il-comune-e-lagenzia-delle-entrate-belluno-e-il-quarto-capoluogo-veneto-ad-aver-sottoscritto-il-patto-antievasione\\\/\"]}]},{\"@type\":\"ImageObject\",\"inLanguage\":\"fr-FR\",\"@id\":\"https:\\\/\\\/www.bellunopress.it\\\/2011\\\/12\\\/12\\\/controllo-fiscale-firmato-laccordo-tra-il-comune-e-lagenzia-delle-entrate-belluno-e-il-quarto-capoluogo-veneto-ad-aver-sottoscritto-il-patto-antievasione\\\/#primaryimage\",\"url\":\"http:\\\/\\\/www.bellunopress.it\\\/wp-content\\\/uploads\\\/2011\\\/10\\\/antonio-prade-140x140.jpg\",\"contentUrl\":\"http:\\\/\\\/www.bellunopress.it\\\/wp-content\\\/uploads\\\/2011\\\/10\\\/antonio-prade-140x140.jpg\"},{\"@type\":\"BreadcrumbList\",\"@id\":\"https:\\\/\\\/www.bellunopress.it\\\/2011\\\/12\\\/12\\\/controllo-fiscale-firmato-laccordo-tra-il-comune-e-lagenzia-delle-entrate-belluno-e-il-quarto-capoluogo-veneto-ad-aver-sottoscritto-il-patto-antievasione\\\/#breadcrumb\",\"itemListElement\":[{\"@type\":\"ListItem\",\"position\":1,\"name\":\"Home\",\"item\":\"https:\\\/\\\/www.bellunopress.it\\\/\"},{\"@type\":\"ListItem\",\"position\":2,\"name\":\"Controllo fiscale: firmato l&#8217;accordo tra il Comune e l&#8217;Agenzia delle entrate. Belluno \u00e8 il quarto capoluogo veneto ad aver sottoscritto il patto antievasione\"}]},{\"@type\":\"WebSite\",\"@id\":\"https:\\\/\\\/www.bellunopress.it\\\/#website\",\"url\":\"https:\\\/\\\/www.bellunopress.it\\\/\",\"name\":\"Bellunopress - Dolomiti\",\"description\":\"e-mail: redazione@bellunopress.it\",\"publisher\":{\"@id\":\"https:\\\/\\\/www.bellunopress.it\\\/#organization\"},\"potentialAction\":[{\"@type\":\"SearchAction\",\"target\":{\"@type\":\"EntryPoint\",\"urlTemplate\":\"https:\\\/\\\/www.bellunopress.it\\\/?s={search_term_string}\"},\"query-input\":{\"@type\":\"PropertyValueSpecification\",\"valueRequired\":true,\"valueName\":\"search_term_string\"}}],\"inLanguage\":\"fr-FR\"},{\"@type\":\"Organization\",\"@id\":\"https:\\\/\\\/www.bellunopress.it\\\/#organization\",\"name\":\"Bellunopress\",\"url\":\"https:\\\/\\\/www.bellunopress.it\\\/\",\"logo\":{\"@type\":\"ImageObject\",\"inLanguage\":\"fr-FR\",\"@id\":\"https:\\\/\\\/www.bellunopress.it\\\/#\\\/schema\\\/logo\\\/image\\\/\",\"url\":\"https:\\\/\\\/www.bellunopress.it\\\/wp-content\\\/uploads\\\/2011\\\/05\\\/cropped-logo-bellunopress-.jpg\",\"contentUrl\":\"https:\\\/\\\/www.bellunopress.it\\\/wp-content\\\/uploads\\\/2011\\\/05\\\/cropped-logo-bellunopress-.jpg\",\"width\":512,\"height\":512,\"caption\":\"Bellunopress\"},\"image\":{\"@id\":\"https:\\\/\\\/www.bellunopress.it\\\/#\\\/schema\\\/logo\\\/image\\\/\"},\"sameAs\":[\"https:\\\/\\\/www.facebook.com\\\/profile.php?id=100008943462799\",\"https:\\\/\\\/x.com\\\/bellunopress\",\"https:\\\/\\\/www.linkedin.com\\\/hp\\\/?dnr=JBzUWaJfMUw8vbXJJ2tVW5-I3jZKvC4wsoxE&amp;amp;amp;amp;amp;amp;trk=nav_responsive_tab_home\",\"https:\\\/\\\/www.youtube.com\\\/channel\\\/UCxL0wu1uN0_3_7hGG0306cw\"]},{\"@type\":\"Person\",\"@id\":\"https:\\\/\\\/www.bellunopress.it\\\/#\\\/schema\\\/person\\\/79bb06722b37ece1c03d3e94beb30d73\",\"name\":\"redazione\",\"image\":{\"@type\":\"ImageObject\",\"inLanguage\":\"fr-FR\",\"@id\":\"https:\\\/\\\/secure.gravatar.com\\\/avatar\\\/37d968a2e67a6fd04c169c4bdef102d0bc5d31b2546345219e348575eb80e9a0?s=96&d=mm&r=g\",\"url\":\"https:\\\/\\\/secure.gravatar.com\\\/avatar\\\/37d968a2e67a6fd04c169c4bdef102d0bc5d31b2546345219e348575eb80e9a0?s=96&d=mm&r=g\",\"contentUrl\":\"https:\\\/\\\/secure.gravatar.com\\\/avatar\\\/37d968a2e67a6fd04c169c4bdef102d0bc5d31b2546345219e348575eb80e9a0?s=96&d=mm&r=g\",\"caption\":\"redazione\"},\"sameAs\":[\"http:\\\/\\\/www.bellunopress.it\",\"https:\\\/\\\/x.com\\\/bellunopress\"],\"url\":\"https:\\\/\\\/www.bellunopress.it\\\/fr\\\/author\\\/redazione\\\/\"}]}<\/script>\n<!-- \/ Yoast SEO plugin. -->","yoast_head_json":{"title":"Controllo fiscale: firmato l'accordo tra il Comune e l'Agenzia delle entrate. Belluno \u00e8 il quarto capoluogo veneto ad aver sottoscritto il patto antievasione - Bellunopress - Dolomiti","robots":{"index":"index","follow":"follow","max-snippet":"max-snippet:-1","max-image-preview":"max-image-preview:large","max-video-preview":"max-video-preview:-1"},"canonical":"https:\/\/www.bellunopress.it\/fr\/2011\/12\/12\/controllo-fiscale-firmato-laccordo-tra-il-comune-e-lagenzia-delle-entrate-belluno-e-il-quarto-capoluogo-veneto-ad-aver-sottoscritto-il-patto-antievasione\/","og_locale":"fr_FR","og_type":"article","og_title":"Controllo fiscale: firmato l'accordo tra il Comune e l'Agenzia delle entrate. Belluno \u00e8 il quarto capoluogo veneto ad aver sottoscritto il patto antievasione - Bellunopress - Dolomiti","og_description":"Il Sindaco di Belluno, Antonio Prade, e il Direttore dell\u2019Agenzia delle Entrate del Veneto, Giovanni Achille Sanz\u00f2, hanno firmato oggi nella sede municipale un accordo per la partecipazione del comune all\u2019attivit\u00e0 di controllo fiscale. Presenti anche il Direttore Provinciale delle Entrate di Belluno, Domenico Vargiu, e il Capo settore controlli, contenzioso e riscossione delle Entrate [&hellip;]","og_url":"https:\/\/www.bellunopress.it\/fr\/2011\/12\/12\/controllo-fiscale-firmato-laccordo-tra-il-comune-e-lagenzia-delle-entrate-belluno-e-il-quarto-capoluogo-veneto-ad-aver-sottoscritto-il-patto-antievasione\/","og_site_name":"Bellunopress - Dolomiti","article_publisher":"https:\/\/www.facebook.com\/profile.php?id=100008943462799","article_published_time":"2011-12-12T20:10:42+00:00","og_image":[{"url":"http:\/\/www.bellunopress.it\/wp-content\/uploads\/2011\/10\/antonio-prade-140x140.jpg","type":"","width":"","height":""}],"author":"redazione","twitter_card":"summary_large_image","twitter_creator":"@bellunopress","twitter_site":"@bellunopress","twitter_misc":{"\u00c9crit par":"redazione","Dur\u00e9e de lecture estim\u00e9e":"2 minutes"},"schema":{"@context":"https:\/\/schema.org","@graph":[{"@type":"Article","@id":"https:\/\/www.bellunopress.it\/2011\/12\/12\/controllo-fiscale-firmato-laccordo-tra-il-comune-e-lagenzia-delle-entrate-belluno-e-il-quarto-capoluogo-veneto-ad-aver-sottoscritto-il-patto-antievasione\/#article","isPartOf":{"@id":"https:\/\/www.bellunopress.it\/2011\/12\/12\/controllo-fiscale-firmato-laccordo-tra-il-comune-e-lagenzia-delle-entrate-belluno-e-il-quarto-capoluogo-veneto-ad-aver-sottoscritto-il-patto-antievasione\/"},"author":{"name":"redazione","@id":"https:\/\/www.bellunopress.it\/#\/schema\/person\/79bb06722b37ece1c03d3e94beb30d73"},"headline":"Controllo fiscale: firmato l&#8217;accordo tra il Comune e l&#8217;Agenzia delle entrate. Belluno \u00e8 il quarto capoluogo veneto ad aver sottoscritto il patto antievasione","datePublished":"2011-12-12T20:10:42+00:00","mainEntityOfPage":{"@id":"https:\/\/www.bellunopress.it\/2011\/12\/12\/controllo-fiscale-firmato-laccordo-tra-il-comune-e-lagenzia-delle-entrate-belluno-e-il-quarto-capoluogo-veneto-ad-aver-sottoscritto-il-patto-antievasione\/"},"wordCount":381,"publisher":{"@id":"https:\/\/www.bellunopress.it\/#organization"},"image":{"@id":"https:\/\/www.bellunopress.it\/2011\/12\/12\/controllo-fiscale-firmato-laccordo-tra-il-comune-e-lagenzia-delle-entrate-belluno-e-il-quarto-capoluogo-veneto-ad-aver-sottoscritto-il-patto-antievasione\/#primaryimage"},"thumbnailUrl":"http:\/\/www.bellunopress.it\/wp-content\/uploads\/2011\/10\/antonio-prade-140x140.jpg","articleSection":["Cronaca\/Politica","Prima Pagina"],"inLanguage":"fr-FR"},{"@type":"WebPage","@id":"https:\/\/www.bellunopress.it\/2011\/12\/12\/controllo-fiscale-firmato-laccordo-tra-il-comune-e-lagenzia-delle-entrate-belluno-e-il-quarto-capoluogo-veneto-ad-aver-sottoscritto-il-patto-antievasione\/","url":"https:\/\/www.bellunopress.it\/2011\/12\/12\/controllo-fiscale-firmato-laccordo-tra-il-comune-e-lagenzia-delle-entrate-belluno-e-il-quarto-capoluogo-veneto-ad-aver-sottoscritto-il-patto-antievasione\/","name":"Controllo fiscale: firmato l'accordo tra il Comune e l'Agenzia delle entrate. Belluno \u00e8 il quarto capoluogo veneto ad aver sottoscritto il patto antievasione - Bellunopress - Dolomiti","isPartOf":{"@id":"https:\/\/www.bellunopress.it\/#website"},"primaryImageOfPage":{"@id":"https:\/\/www.bellunopress.it\/2011\/12\/12\/controllo-fiscale-firmato-laccordo-tra-il-comune-e-lagenzia-delle-entrate-belluno-e-il-quarto-capoluogo-veneto-ad-aver-sottoscritto-il-patto-antievasione\/#primaryimage"},"image":{"@id":"https:\/\/www.bellunopress.it\/2011\/12\/12\/controllo-fiscale-firmato-laccordo-tra-il-comune-e-lagenzia-delle-entrate-belluno-e-il-quarto-capoluogo-veneto-ad-aver-sottoscritto-il-patto-antievasione\/#primaryimage"},"thumbnailUrl":"http:\/\/www.bellunopress.it\/wp-content\/uploads\/2011\/10\/antonio-prade-140x140.jpg","datePublished":"2011-12-12T20:10:42+00:00","breadcrumb":{"@id":"https:\/\/www.bellunopress.it\/2011\/12\/12\/controllo-fiscale-firmato-laccordo-tra-il-comune-e-lagenzia-delle-entrate-belluno-e-il-quarto-capoluogo-veneto-ad-aver-sottoscritto-il-patto-antievasione\/#breadcrumb"},"inLanguage":"fr-FR","potentialAction":[{"@type":"ReadAction","target":["https:\/\/www.bellunopress.it\/2011\/12\/12\/controllo-fiscale-firmato-laccordo-tra-il-comune-e-lagenzia-delle-entrate-belluno-e-il-quarto-capoluogo-veneto-ad-aver-sottoscritto-il-patto-antievasione\/"]}]},{"@type":"ImageObject","inLanguage":"fr-FR","@id":"https:\/\/www.bellunopress.it\/2011\/12\/12\/controllo-fiscale-firmato-laccordo-tra-il-comune-e-lagenzia-delle-entrate-belluno-e-il-quarto-capoluogo-veneto-ad-aver-sottoscritto-il-patto-antievasione\/#primaryimage","url":"http:\/\/www.bellunopress.it\/wp-content\/uploads\/2011\/10\/antonio-prade-140x140.jpg","contentUrl":"http:\/\/www.bellunopress.it\/wp-content\/uploads\/2011\/10\/antonio-prade-140x140.jpg"},{"@type":"BreadcrumbList","@id":"https:\/\/www.bellunopress.it\/2011\/12\/12\/controllo-fiscale-firmato-laccordo-tra-il-comune-e-lagenzia-delle-entrate-belluno-e-il-quarto-capoluogo-veneto-ad-aver-sottoscritto-il-patto-antievasione\/#breadcrumb","itemListElement":[{"@type":"ListItem","position":1,"name":"Home","item":"https:\/\/www.bellunopress.it\/"},{"@type":"ListItem","position":2,"name":"Controllo fiscale: firmato l&#8217;accordo tra il Comune e l&#8217;Agenzia delle entrate. Belluno \u00e8 il quarto capoluogo veneto ad aver sottoscritto il patto antievasione"}]},{"@type":"WebSite","@id":"https:\/\/www.bellunopress.it\/#website","url":"https:\/\/www.bellunopress.it\/","name":"Bellunopress - Dolomiti","description":"e-mail: redazione@bellunopress.it","publisher":{"@id":"https:\/\/www.bellunopress.it\/#organization"},"potentialAction":[{"@type":"SearchAction","target":{"@type":"EntryPoint","urlTemplate":"https:\/\/www.bellunopress.it\/?s={search_term_string}"},"query-input":{"@type":"PropertyValueSpecification","valueRequired":true,"valueName":"search_term_string"}}],"inLanguage":"fr-FR"},{"@type":"Organization","@id":"https:\/\/www.bellunopress.it\/#organization","name":"Bellunopress","url":"https:\/\/www.bellunopress.it\/","logo":{"@type":"ImageObject","inLanguage":"fr-FR","@id":"https:\/\/www.bellunopress.it\/#\/schema\/logo\/image\/","url":"https:\/\/www.bellunopress.it\/wp-content\/uploads\/2011\/05\/cropped-logo-bellunopress-.jpg","contentUrl":"https:\/\/www.bellunopress.it\/wp-content\/uploads\/2011\/05\/cropped-logo-bellunopress-.jpg","width":512,"height":512,"caption":"Bellunopress"},"image":{"@id":"https:\/\/www.bellunopress.it\/#\/schema\/logo\/image\/"},"sameAs":["https:\/\/www.facebook.com\/profile.php?id=100008943462799","https:\/\/x.com\/bellunopress","https:\/\/www.linkedin.com\/hp\/?dnr=JBzUWaJfMUw8vbXJJ2tVW5-I3jZKvC4wsoxE&amp;amp;amp;amp;amp;amp;trk=nav_responsive_tab_home","https:\/\/www.youtube.com\/channel\/UCxL0wu1uN0_3_7hGG0306cw"]},{"@type":"Person","@id":"https:\/\/www.bellunopress.it\/#\/schema\/person\/79bb06722b37ece1c03d3e94beb30d73","name":"r\u00e9daction","image":{"@type":"ImageObject","inLanguage":"fr-FR","@id":"https:\/\/secure.gravatar.com\/avatar\/37d968a2e67a6fd04c169c4bdef102d0bc5d31b2546345219e348575eb80e9a0?s=96&d=mm&r=g","url":"https:\/\/secure.gravatar.com\/avatar\/37d968a2e67a6fd04c169c4bdef102d0bc5d31b2546345219e348575eb80e9a0?s=96&d=mm&r=g","contentUrl":"https:\/\/secure.gravatar.com\/avatar\/37d968a2e67a6fd04c169c4bdef102d0bc5d31b2546345219e348575eb80e9a0?s=96&d=mm&r=g","caption":"redazione"},"sameAs":["http:\/\/www.bellunopress.it","https:\/\/x.com\/bellunopress"],"url":"https:\/\/www.bellunopress.it\/fr\/author\/redazione\/"}]}},"_links":{"self":[{"href":"https:\/\/www.bellunopress.it\/fr\/wp-json\/wp\/v2\/posts\/33251","targetHints":{"allow":["GET"]}}],"collection":[{"href":"https:\/\/www.bellunopress.it\/fr\/wp-json\/wp\/v2\/posts"}],"about":[{"href":"https:\/\/www.bellunopress.it\/fr\/wp-json\/wp\/v2\/types\/post"}],"author":[{"embeddable":true,"href":"https:\/\/www.bellunopress.it\/fr\/wp-json\/wp\/v2\/users\/2"}],"replies":[{"embeddable":true,"href":"https:\/\/www.bellunopress.it\/fr\/wp-json\/wp\/v2\/comments?post=33251"}],"version-history":[{"count":1,"href":"https:\/\/www.bellunopress.it\/fr\/wp-json\/wp\/v2\/posts\/33251\/revisions"}],"predecessor-version":[{"id":33252,"href":"https:\/\/www.bellunopress.it\/fr\/wp-json\/wp\/v2\/posts\/33251\/revisions\/33252"}],"wp:attachment":[{"href":"https:\/\/www.bellunopress.it\/fr\/wp-json\/wp\/v2\/media?parent=33251"}],"wp:term":[{"taxonomy":"category","embeddable":true,"href":"https:\/\/www.bellunopress.it\/fr\/wp-json\/wp\/v2\/categories?post=33251"},{"taxonomy":"post_tag","embeddable":true,"href":"https:\/\/www.bellunopress.it\/fr\/wp-json\/wp\/v2\/tags?post=33251"}],"curies":[{"name":"wp","href":"https:\/\/api.w.org\/{rel}","templated":true}]}}