{"id":33246,"date":"2011-12-12T18:37:17","date_gmt":"2011-12-12T17:37:17","guid":{"rendered":"http:\/\/www.bellunopress.it\/?p=33246"},"modified":"2011-12-12T18:37:17","modified_gmt":"2011-12-12T17:37:17","slug":"dieci-milioni-a-disposizione-nel-bando-interreg-iv-italia-austria-le-domande-entro-il-29-febbraio","status":"publish","type":"post","link":"https:\/\/www.bellunopress.it\/fr\/2011\/12\/12\/dieci-milioni-a-disposizione-nel-bando-interreg-iv-italia-austria-le-domande-entro-il-29-febbraio\/","title":{"rendered":"Dieci milioni a disposizione nel bando Interreg IV Italia-Austria. Le domande entro il 29 febbraio"},"content":{"rendered":"<figure id=\"attachment_15094\" aria-describedby=\"caption-attachment-15094\" style=\"width: 109px\" class=\"wp-caption alignleft\"><a href=\"http:\/\/www.bellunopress.it\/wp-content\/uploads\/2010\/05\/roberto-ciambetti.jpg\"><img loading=\"lazy\" decoding=\"async\" class=\"size-full wp-image-15094\" title=\"roberto-ciambetti\" src=\"http:\/\/www.bellunopress.it\/wp-content\/uploads\/2010\/05\/roberto-ciambetti.jpg\" alt=\"\" width=\"109\" height=\"160\" \/><\/a><figcaption id=\"caption-attachment-15094\" class=\"wp-caption-text\">Roberto Ciambetti<\/figcaption><\/figure>\n<p>\u201cSfruttare al meglio e al massimo le opportunit\u00e0 offerte dai programmi comunitari: l\u2019ultimo bando per l\u2019Interreg IV Italia-Austria mette in campo una decina di milioni e spero che le realt\u00e0 venete interessate colgano questa occasione\u201d. Con queste parole l\u2019assessore regionale al bilancio e alla cooperazione transfrontaliera e transnazionale, Roberto Ciambetti, ha aperto stamane a Villa Cordellina &#8211; Lombardi a Montecchio Maggiore (Vi), la presentazione dell\u2019ultimo bando di questo programma comunitario che coinvolge nel Veneto le province di Belluno, Treviso e Vicenza.<br \/>\n\u201cLa struttura regionale che segue il Fesr (Fondo europeo di sviluppo regionale) e i programmi Interreg \u2013 ha detto ancora Ciambetti \u2013 \u00e8 a disposizione dei soggetti veneti interessati. La scadenza del bando \u00e8 fissata per il 29 febbraio 2012 ed entro tale data deve essere presentata tutta la documentazione. Tenendo conto che la partecipazione \u00e8 subordinata ad un rapporto di collaborazione operativa con partner del Tirolo, della Carinzia o del Salisburghese, \u00e8 necessario attivarsi al pi\u00f9 presto. Credo, comunque, che i tempi tecnici siano sufficienti per predisporre e presentare progetti credibili che abbiano buone possibilit\u00e0 di finanziamento\u201d.<br \/>\nNel sito della Regione come in quello del programma <a href=\"http:\/\/www.interreg.net\">www.interreg.net<\/a> si possono scaricare tutte le informazioni.<\/p>","protected":false},"excerpt":{"rendered":"<p>\u201cSfruttare al meglio e al massimo le opportunit\u00e0 offerte dai programmi comunitari: l\u2019ultimo bando per l\u2019Interreg IV Italia-Austria mette in campo una decina di milioni e spero che le realt\u00e0 venete interessate colgano questa occasione\u201d. Con queste parole l\u2019assessore regionale al bilancio e alla cooperazione transfrontaliera e transnazionale, Roberto Ciambetti, ha aperto stamane a Villa [&hellip;]<\/p>\n","protected":false},"author":2,"featured_media":0,"comment_status":"closed","ping_status":"open","sticky":false,"template":"","format":"standard","meta":{"footnotes":""},"categories":[5,36,26],"tags":[],"class_list":["post-33246","post","type-post","status-publish","format-standard","category-cronaca","category-lavoro-economia","category-prima-pagina"],"yoast_head":"<!-- This site is optimized with the Yoast SEO plugin v28.4 - https:\/\/yoast.com\/product\/yoast-seo-wordpress\/ -->\n<title>Dieci milioni a disposizione nel bando Interreg IV Italia-Austria. Le domande entro il 29 febbraio - Bellunopress - Dolomiti<\/title>\n<meta name=\"robots\" content=\"index, follow, max-snippet:-1, max-image-preview:large, max-video-preview:-1\" \/>\n<link rel=\"canonical\" href=\"https:\/\/www.bellunopress.it\/fr\/2011\/12\/12\/dieci-milioni-a-disposizione-nel-bando-interreg-iv-italia-austria-le-domande-entro-il-29-febbraio\/\" \/>\n<meta property=\"og:locale\" content=\"fr_FR\" \/>\n<meta property=\"og:type\" content=\"article\" \/>\n<meta property=\"og:title\" content=\"Dieci milioni a disposizione nel bando Interreg IV Italia-Austria. Le domande entro il 29 febbraio - Bellunopress - Dolomiti\" \/>\n<meta property=\"og:description\" content=\"\u201cSfruttare al meglio e al massimo le opportunit\u00e0 offerte dai programmi comunitari: l\u2019ultimo bando per l\u2019Interreg IV Italia-Austria mette in campo una decina di milioni e spero che le realt\u00e0 venete interessate colgano questa occasione\u201d. Con queste parole l\u2019assessore regionale al bilancio e alla cooperazione transfrontaliera e transnazionale, Roberto Ciambetti, ha aperto stamane a Villa [&hellip;]\" \/>\n<meta property=\"og:url\" content=\"https:\/\/www.bellunopress.it\/fr\/2011\/12\/12\/dieci-milioni-a-disposizione-nel-bando-interreg-iv-italia-austria-le-domande-entro-il-29-febbraio\/\" \/>\n<meta property=\"og:site_name\" content=\"Bellunopress - Dolomiti\" \/>\n<meta property=\"article:publisher\" content=\"https:\/\/www.facebook.com\/profile.php?id=100008943462799\" \/>\n<meta property=\"article:published_time\" content=\"2011-12-12T17:37:17+00:00\" \/>\n<meta property=\"og:image\" content=\"http:\/\/www.bellunopress.it\/wp-content\/uploads\/2010\/05\/roberto-ciambetti.jpg\" \/>\n<meta name=\"author\" content=\"redazione\" \/>\n<meta name=\"twitter:card\" content=\"summary_large_image\" \/>\n<meta name=\"twitter:creator\" content=\"@bellunopress\" \/>\n<meta name=\"twitter:site\" content=\"@bellunopress\" \/>\n<meta name=\"twitter:label1\" content=\"\u00c9crit par\" \/>\n\t<meta name=\"twitter:data1\" content=\"redazione\" \/>\n\t<meta name=\"twitter:label2\" content=\"Dur\u00e9e de lecture estim\u00e9e\" \/>\n\t<meta name=\"twitter:data2\" content=\"1 minute\" \/>\n<script type=\"application\/ld+json\" class=\"yoast-schema-graph\">{\"@context\":\"https:\\\/\\\/schema.org\",\"@graph\":[{\"@type\":\"Article\",\"@id\":\"https:\\\/\\\/www.bellunopress.it\\\/2011\\\/12\\\/12\\\/dieci-milioni-a-disposizione-nel-bando-interreg-iv-italia-austria-le-domande-entro-il-29-febbraio\\\/#article\",\"isPartOf\":{\"@id\":\"https:\\\/\\\/www.bellunopress.it\\\/2011\\\/12\\\/12\\\/dieci-milioni-a-disposizione-nel-bando-interreg-iv-italia-austria-le-domande-entro-il-29-febbraio\\\/\"},\"author\":{\"name\":\"redazione\",\"@id\":\"https:\\\/\\\/www.bellunopress.it\\\/#\\\/schema\\\/person\\\/79bb06722b37ece1c03d3e94beb30d73\"},\"headline\":\"Dieci milioni a disposizione nel bando Interreg IV Italia-Austria. Le domande entro il 29 febbraio\",\"datePublished\":\"2011-12-12T17:37:17+00:00\",\"mainEntityOfPage\":{\"@id\":\"https:\\\/\\\/www.bellunopress.it\\\/2011\\\/12\\\/12\\\/dieci-milioni-a-disposizione-nel-bando-interreg-iv-italia-austria-le-domande-entro-il-29-febbraio\\\/\"},\"wordCount\":217,\"publisher\":{\"@id\":\"https:\\\/\\\/www.bellunopress.it\\\/#organization\"},\"image\":{\"@id\":\"https:\\\/\\\/www.bellunopress.it\\\/2011\\\/12\\\/12\\\/dieci-milioni-a-disposizione-nel-bando-interreg-iv-italia-austria-le-domande-entro-il-29-febbraio\\\/#primaryimage\"},\"thumbnailUrl\":\"http:\\\/\\\/www.bellunopress.it\\\/wp-content\\\/uploads\\\/2010\\\/05\\\/roberto-ciambetti.jpg\",\"articleSection\":[\"Cronaca\\\/Politica\",\"Lavoro, Economia, Turismo\",\"Prima Pagina\"],\"inLanguage\":\"fr-FR\"},{\"@type\":\"WebPage\",\"@id\":\"https:\\\/\\\/www.bellunopress.it\\\/2011\\\/12\\\/12\\\/dieci-milioni-a-disposizione-nel-bando-interreg-iv-italia-austria-le-domande-entro-il-29-febbraio\\\/\",\"url\":\"https:\\\/\\\/www.bellunopress.it\\\/2011\\\/12\\\/12\\\/dieci-milioni-a-disposizione-nel-bando-interreg-iv-italia-austria-le-domande-entro-il-29-febbraio\\\/\",\"name\":\"Dieci milioni a disposizione nel bando Interreg IV Italia-Austria. Le domande entro il 29 febbraio - Bellunopress - Dolomiti\",\"isPartOf\":{\"@id\":\"https:\\\/\\\/www.bellunopress.it\\\/#website\"},\"primaryImageOfPage\":{\"@id\":\"https:\\\/\\\/www.bellunopress.it\\\/2011\\\/12\\\/12\\\/dieci-milioni-a-disposizione-nel-bando-interreg-iv-italia-austria-le-domande-entro-il-29-febbraio\\\/#primaryimage\"},\"image\":{\"@id\":\"https:\\\/\\\/www.bellunopress.it\\\/2011\\\/12\\\/12\\\/dieci-milioni-a-disposizione-nel-bando-interreg-iv-italia-austria-le-domande-entro-il-29-febbraio\\\/#primaryimage\"},\"thumbnailUrl\":\"http:\\\/\\\/www.bellunopress.it\\\/wp-content\\\/uploads\\\/2010\\\/05\\\/roberto-ciambetti.jpg\",\"datePublished\":\"2011-12-12T17:37:17+00:00\",\"breadcrumb\":{\"@id\":\"https:\\\/\\\/www.bellunopress.it\\\/2011\\\/12\\\/12\\\/dieci-milioni-a-disposizione-nel-bando-interreg-iv-italia-austria-le-domande-entro-il-29-febbraio\\\/#breadcrumb\"},\"inLanguage\":\"fr-FR\",\"potentialAction\":[{\"@type\":\"ReadAction\",\"target\":[\"https:\\\/\\\/www.bellunopress.it\\\/2011\\\/12\\\/12\\\/dieci-milioni-a-disposizione-nel-bando-interreg-iv-italia-austria-le-domande-entro-il-29-febbraio\\\/\"]}]},{\"@type\":\"ImageObject\",\"inLanguage\":\"fr-FR\",\"@id\":\"https:\\\/\\\/www.bellunopress.it\\\/2011\\\/12\\\/12\\\/dieci-milioni-a-disposizione-nel-bando-interreg-iv-italia-austria-le-domande-entro-il-29-febbraio\\\/#primaryimage\",\"url\":\"http:\\\/\\\/www.bellunopress.it\\\/wp-content\\\/uploads\\\/2010\\\/05\\\/roberto-ciambetti.jpg\",\"contentUrl\":\"http:\\\/\\\/www.bellunopress.it\\\/wp-content\\\/uploads\\\/2010\\\/05\\\/roberto-ciambetti.jpg\"},{\"@type\":\"BreadcrumbList\",\"@id\":\"https:\\\/\\\/www.bellunopress.it\\\/2011\\\/12\\\/12\\\/dieci-milioni-a-disposizione-nel-bando-interreg-iv-italia-austria-le-domande-entro-il-29-febbraio\\\/#breadcrumb\",\"itemListElement\":[{\"@type\":\"ListItem\",\"position\":1,\"name\":\"Home\",\"item\":\"https:\\\/\\\/www.bellunopress.it\\\/\"},{\"@type\":\"ListItem\",\"position\":2,\"name\":\"Dieci milioni a disposizione nel bando Interreg IV Italia-Austria. Le domande entro il 29 febbraio\"}]},{\"@type\":\"WebSite\",\"@id\":\"https:\\\/\\\/www.bellunopress.it\\\/#website\",\"url\":\"https:\\\/\\\/www.bellunopress.it\\\/\",\"name\":\"Bellunopress - Dolomiti\",\"description\":\"e-mail: redazione@bellunopress.it\",\"publisher\":{\"@id\":\"https:\\\/\\\/www.bellunopress.it\\\/#organization\"},\"potentialAction\":[{\"@type\":\"SearchAction\",\"target\":{\"@type\":\"EntryPoint\",\"urlTemplate\":\"https:\\\/\\\/www.bellunopress.it\\\/?s={search_term_string}\"},\"query-input\":{\"@type\":\"PropertyValueSpecification\",\"valueRequired\":true,\"valueName\":\"search_term_string\"}}],\"inLanguage\":\"fr-FR\"},{\"@type\":\"Organization\",\"@id\":\"https:\\\/\\\/www.bellunopress.it\\\/#organization\",\"name\":\"Bellunopress\",\"url\":\"https:\\\/\\\/www.bellunopress.it\\\/\",\"logo\":{\"@type\":\"ImageObject\",\"inLanguage\":\"fr-FR\",\"@id\":\"https:\\\/\\\/www.bellunopress.it\\\/#\\\/schema\\\/logo\\\/image\\\/\",\"url\":\"https:\\\/\\\/www.bellunopress.it\\\/wp-content\\\/uploads\\\/2011\\\/05\\\/cropped-logo-bellunopress-.jpg\",\"contentUrl\":\"https:\\\/\\\/www.bellunopress.it\\\/wp-content\\\/uploads\\\/2011\\\/05\\\/cropped-logo-bellunopress-.jpg\",\"width\":512,\"height\":512,\"caption\":\"Bellunopress\"},\"image\":{\"@id\":\"https:\\\/\\\/www.bellunopress.it\\\/#\\\/schema\\\/logo\\\/image\\\/\"},\"sameAs\":[\"https:\\\/\\\/www.facebook.com\\\/profile.php?id=100008943462799\",\"https:\\\/\\\/x.com\\\/bellunopress\",\"https:\\\/\\\/www.linkedin.com\\\/hp\\\/?dnr=JBzUWaJfMUw8vbXJJ2tVW5-I3jZKvC4wsoxE&amp;amp;amp;amp;amp;amp;trk=nav_responsive_tab_home\",\"https:\\\/\\\/www.youtube.com\\\/channel\\\/UCxL0wu1uN0_3_7hGG0306cw\"]},{\"@type\":\"Person\",\"@id\":\"https:\\\/\\\/www.bellunopress.it\\\/#\\\/schema\\\/person\\\/79bb06722b37ece1c03d3e94beb30d73\",\"name\":\"redazione\",\"image\":{\"@type\":\"ImageObject\",\"inLanguage\":\"fr-FR\",\"@id\":\"https:\\\/\\\/secure.gravatar.com\\\/avatar\\\/37d968a2e67a6fd04c169c4bdef102d0bc5d31b2546345219e348575eb80e9a0?s=96&d=mm&r=g\",\"url\":\"https:\\\/\\\/secure.gravatar.com\\\/avatar\\\/37d968a2e67a6fd04c169c4bdef102d0bc5d31b2546345219e348575eb80e9a0?s=96&d=mm&r=g\",\"contentUrl\":\"https:\\\/\\\/secure.gravatar.com\\\/avatar\\\/37d968a2e67a6fd04c169c4bdef102d0bc5d31b2546345219e348575eb80e9a0?s=96&d=mm&r=g\",\"caption\":\"redazione\"},\"sameAs\":[\"http:\\\/\\\/www.bellunopress.it\",\"https:\\\/\\\/x.com\\\/bellunopress\"],\"url\":\"https:\\\/\\\/www.bellunopress.it\\\/fr\\\/author\\\/redazione\\\/\"}]}<\/script>\n<!-- \/ Yoast SEO plugin. -->","yoast_head_json":{"title":"Dieci milioni a disposizione nel bando Interreg IV Italia-Austria. Le domande entro il 29 febbraio - Bellunopress - Dolomiti","robots":{"index":"index","follow":"follow","max-snippet":"max-snippet:-1","max-image-preview":"max-image-preview:large","max-video-preview":"max-video-preview:-1"},"canonical":"https:\/\/www.bellunopress.it\/fr\/2011\/12\/12\/dieci-milioni-a-disposizione-nel-bando-interreg-iv-italia-austria-le-domande-entro-il-29-febbraio\/","og_locale":"fr_FR","og_type":"article","og_title":"Dieci milioni a disposizione nel bando Interreg IV Italia-Austria. Le domande entro il 29 febbraio - Bellunopress - Dolomiti","og_description":"\u201cSfruttare al meglio e al massimo le opportunit\u00e0 offerte dai programmi comunitari: l\u2019ultimo bando per l\u2019Interreg IV Italia-Austria mette in campo una decina di milioni e spero che le realt\u00e0 venete interessate colgano questa occasione\u201d. Con queste parole l\u2019assessore regionale al bilancio e alla cooperazione transfrontaliera e transnazionale, Roberto Ciambetti, ha aperto stamane a Villa [&hellip;]","og_url":"https:\/\/www.bellunopress.it\/fr\/2011\/12\/12\/dieci-milioni-a-disposizione-nel-bando-interreg-iv-italia-austria-le-domande-entro-il-29-febbraio\/","og_site_name":"Bellunopress - Dolomiti","article_publisher":"https:\/\/www.facebook.com\/profile.php?id=100008943462799","article_published_time":"2011-12-12T17:37:17+00:00","og_image":[{"url":"http:\/\/www.bellunopress.it\/wp-content\/uploads\/2010\/05\/roberto-ciambetti.jpg","type":"","width":"","height":""}],"author":"redazione","twitter_card":"summary_large_image","twitter_creator":"@bellunopress","twitter_site":"@bellunopress","twitter_misc":{"\u00c9crit par":"redazione","Dur\u00e9e de lecture estim\u00e9e":"1 minute"},"schema":{"@context":"https:\/\/schema.org","@graph":[{"@type":"Article","@id":"https:\/\/www.bellunopress.it\/2011\/12\/12\/dieci-milioni-a-disposizione-nel-bando-interreg-iv-italia-austria-le-domande-entro-il-29-febbraio\/#article","isPartOf":{"@id":"https:\/\/www.bellunopress.it\/2011\/12\/12\/dieci-milioni-a-disposizione-nel-bando-interreg-iv-italia-austria-le-domande-entro-il-29-febbraio\/"},"author":{"name":"redazione","@id":"https:\/\/www.bellunopress.it\/#\/schema\/person\/79bb06722b37ece1c03d3e94beb30d73"},"headline":"Dieci milioni a disposizione nel bando Interreg IV Italia-Austria. Le domande entro il 29 febbraio","datePublished":"2011-12-12T17:37:17+00:00","mainEntityOfPage":{"@id":"https:\/\/www.bellunopress.it\/2011\/12\/12\/dieci-milioni-a-disposizione-nel-bando-interreg-iv-italia-austria-le-domande-entro-il-29-febbraio\/"},"wordCount":217,"publisher":{"@id":"https:\/\/www.bellunopress.it\/#organization"},"image":{"@id":"https:\/\/www.bellunopress.it\/2011\/12\/12\/dieci-milioni-a-disposizione-nel-bando-interreg-iv-italia-austria-le-domande-entro-il-29-febbraio\/#primaryimage"},"thumbnailUrl":"http:\/\/www.bellunopress.it\/wp-content\/uploads\/2010\/05\/roberto-ciambetti.jpg","articleSection":["Cronaca\/Politica","Lavoro, Economia, Turismo","Prima Pagina"],"inLanguage":"fr-FR"},{"@type":"WebPage","@id":"https:\/\/www.bellunopress.it\/2011\/12\/12\/dieci-milioni-a-disposizione-nel-bando-interreg-iv-italia-austria-le-domande-entro-il-29-febbraio\/","url":"https:\/\/www.bellunopress.it\/2011\/12\/12\/dieci-milioni-a-disposizione-nel-bando-interreg-iv-italia-austria-le-domande-entro-il-29-febbraio\/","name":"Dieci milioni a disposizione nel bando Interreg IV Italia-Austria. Le domande entro il 29 febbraio - Bellunopress - Dolomiti","isPartOf":{"@id":"https:\/\/www.bellunopress.it\/#website"},"primaryImageOfPage":{"@id":"https:\/\/www.bellunopress.it\/2011\/12\/12\/dieci-milioni-a-disposizione-nel-bando-interreg-iv-italia-austria-le-domande-entro-il-29-febbraio\/#primaryimage"},"image":{"@id":"https:\/\/www.bellunopress.it\/2011\/12\/12\/dieci-milioni-a-disposizione-nel-bando-interreg-iv-italia-austria-le-domande-entro-il-29-febbraio\/#primaryimage"},"thumbnailUrl":"http:\/\/www.bellunopress.it\/wp-content\/uploads\/2010\/05\/roberto-ciambetti.jpg","datePublished":"2011-12-12T17:37:17+00:00","breadcrumb":{"@id":"https:\/\/www.bellunopress.it\/2011\/12\/12\/dieci-milioni-a-disposizione-nel-bando-interreg-iv-italia-austria-le-domande-entro-il-29-febbraio\/#breadcrumb"},"inLanguage":"fr-FR","potentialAction":[{"@type":"ReadAction","target":["https:\/\/www.bellunopress.it\/2011\/12\/12\/dieci-milioni-a-disposizione-nel-bando-interreg-iv-italia-austria-le-domande-entro-il-29-febbraio\/"]}]},{"@type":"ImageObject","inLanguage":"fr-FR","@id":"https:\/\/www.bellunopress.it\/2011\/12\/12\/dieci-milioni-a-disposizione-nel-bando-interreg-iv-italia-austria-le-domande-entro-il-29-febbraio\/#primaryimage","url":"http:\/\/www.bellunopress.it\/wp-content\/uploads\/2010\/05\/roberto-ciambetti.jpg","contentUrl":"http:\/\/www.bellunopress.it\/wp-content\/uploads\/2010\/05\/roberto-ciambetti.jpg"},{"@type":"BreadcrumbList","@id":"https:\/\/www.bellunopress.it\/2011\/12\/12\/dieci-milioni-a-disposizione-nel-bando-interreg-iv-italia-austria-le-domande-entro-il-29-febbraio\/#breadcrumb","itemListElement":[{"@type":"ListItem","position":1,"name":"Home","item":"https:\/\/www.bellunopress.it\/"},{"@type":"ListItem","position":2,"name":"Dieci milioni a disposizione nel bando Interreg IV Italia-Austria. Le domande entro il 29 febbraio"}]},{"@type":"WebSite","@id":"https:\/\/www.bellunopress.it\/#website","url":"https:\/\/www.bellunopress.it\/","name":"Bellunopress - Dolomiti","description":"e-mail: redazione@bellunopress.it","publisher":{"@id":"https:\/\/www.bellunopress.it\/#organization"},"potentialAction":[{"@type":"SearchAction","target":{"@type":"EntryPoint","urlTemplate":"https:\/\/www.bellunopress.it\/?s={search_term_string}"},"query-input":{"@type":"PropertyValueSpecification","valueRequired":true,"valueName":"search_term_string"}}],"inLanguage":"fr-FR"},{"@type":"Organization","@id":"https:\/\/www.bellunopress.it\/#organization","name":"Bellunopress","url":"https:\/\/www.bellunopress.it\/","logo":{"@type":"ImageObject","inLanguage":"fr-FR","@id":"https:\/\/www.bellunopress.it\/#\/schema\/logo\/image\/","url":"https:\/\/www.bellunopress.it\/wp-content\/uploads\/2011\/05\/cropped-logo-bellunopress-.jpg","contentUrl":"https:\/\/www.bellunopress.it\/wp-content\/uploads\/2011\/05\/cropped-logo-bellunopress-.jpg","width":512,"height":512,"caption":"Bellunopress"},"image":{"@id":"https:\/\/www.bellunopress.it\/#\/schema\/logo\/image\/"},"sameAs":["https:\/\/www.facebook.com\/profile.php?id=100008943462799","https:\/\/x.com\/bellunopress","https:\/\/www.linkedin.com\/hp\/?dnr=JBzUWaJfMUw8vbXJJ2tVW5-I3jZKvC4wsoxE&amp;amp;amp;amp;amp;amp;trk=nav_responsive_tab_home","https:\/\/www.youtube.com\/channel\/UCxL0wu1uN0_3_7hGG0306cw"]},{"@type":"Person","@id":"https:\/\/www.bellunopress.it\/#\/schema\/person\/79bb06722b37ece1c03d3e94beb30d73","name":"r\u00e9daction","image":{"@type":"ImageObject","inLanguage":"fr-FR","@id":"https:\/\/secure.gravatar.com\/avatar\/37d968a2e67a6fd04c169c4bdef102d0bc5d31b2546345219e348575eb80e9a0?s=96&d=mm&r=g","url":"https:\/\/secure.gravatar.com\/avatar\/37d968a2e67a6fd04c169c4bdef102d0bc5d31b2546345219e348575eb80e9a0?s=96&d=mm&r=g","contentUrl":"https:\/\/secure.gravatar.com\/avatar\/37d968a2e67a6fd04c169c4bdef102d0bc5d31b2546345219e348575eb80e9a0?s=96&d=mm&r=g","caption":"redazione"},"sameAs":["http:\/\/www.bellunopress.it","https:\/\/x.com\/bellunopress"],"url":"https:\/\/www.bellunopress.it\/fr\/author\/redazione\/"}]}},"_links":{"self":[{"href":"https:\/\/www.bellunopress.it\/fr\/wp-json\/wp\/v2\/posts\/33246","targetHints":{"allow":["GET"]}}],"collection":[{"href":"https:\/\/www.bellunopress.it\/fr\/wp-json\/wp\/v2\/posts"}],"about":[{"href":"https:\/\/www.bellunopress.it\/fr\/wp-json\/wp\/v2\/types\/post"}],"author":[{"embeddable":true,"href":"https:\/\/www.bellunopress.it\/fr\/wp-json\/wp\/v2\/users\/2"}],"replies":[{"embeddable":true,"href":"https:\/\/www.bellunopress.it\/fr\/wp-json\/wp\/v2\/comments?post=33246"}],"version-history":[{"count":1,"href":"https:\/\/www.bellunopress.it\/fr\/wp-json\/wp\/v2\/posts\/33246\/revisions"}],"predecessor-version":[{"id":33247,"href":"https:\/\/www.bellunopress.it\/fr\/wp-json\/wp\/v2\/posts\/33246\/revisions\/33247"}],"wp:attachment":[{"href":"https:\/\/www.bellunopress.it\/fr\/wp-json\/wp\/v2\/media?parent=33246"}],"wp:term":[{"taxonomy":"category","embeddable":true,"href":"https:\/\/www.bellunopress.it\/fr\/wp-json\/wp\/v2\/categories?post=33246"},{"taxonomy":"post_tag","embeddable":true,"href":"https:\/\/www.bellunopress.it\/fr\/wp-json\/wp\/v2\/tags?post=33246"}],"curies":[{"name":"wp","href":"https:\/\/api.w.org\/{rel}","templated":true}]}}