{"id":33243,"date":"2011-12-12T18:23:30","date_gmt":"2011-12-12T17:23:30","guid":{"rendered":"http:\/\/www.bellunopress.it\/?p=33243"},"modified":"2011-12-12T18:23:30","modified_gmt":"2011-12-12T17:23:30","slug":"osservatorio-casa-it-con-la-stagione-sciistica-alle-porte-cambia-la-geografia-delle-mete-piu-richieste","status":"publish","type":"post","link":"https:\/\/www.bellunopress.it\/fr\/2011\/12\/12\/osservatorio-casa-it-con-la-stagione-sciistica-alle-porte-cambia-la-geografia-delle-mete-piu-richieste\/","title":{"rendered":"Osservatorio Casa.it: con la stagione sciistica alle porte cambia la geografia delle mete pi\u00f9 richieste"},"content":{"rendered":"<p><a href=\"http:\/\/www.bellunopress.it\/wp-content\/uploads\/2011\/01\/cortina-dampezzo-290x208.jpg\"><img loading=\"lazy\" decoding=\"async\" class=\"alignleft size-full wp-image-23152\" title=\"cortina d'ampezzo 290x208\" src=\"http:\/\/www.bellunopress.it\/wp-content\/uploads\/2011\/01\/cortina-dampezzo-290x208.jpg\" alt=\"\" width=\"290\" height=\"207\" \/><\/a>Cortina d\u2019Ampezzo, con circa 950 Euro d\u2019affitto a settimana, fa registrare un calo del 5% nelle richieste; stabile invece l\u2019intramontabile Courmayeur, Chiesa in Valmalenco e Corvara le pi\u00f9 desiderate Sale la domanda per Sestriere e Limone Piemonte (+10%).<br \/>\nLa stagione invernale 2011\/2012 \u00e8 appena iniziata e gi\u00e0 si registrano cambiamenti nelle mete pi\u00f9 ambite dagli italiani. Il portale Casa.it ha analizzato la richiesta di affitto e acquisto nelle pi\u00f9 note localit\u00e0 montane d\u2019Italia per capire in che modo sta cambiando la geografia dei centri sciistici pi\u00f9 desiderati in un momento economico delicato come l\u2019attuale. Tra le \u201cstoriche\u201d mete invernali, si registra un trend negativo nelle richieste (-5%) a Cortina d\u2019Ampezzo mentre \u00e8 stabile l\u2019intramontabile Courmayeur. Se non stupisce l\u2019incremento di Sestriere (+10%), \u00e8 interessante notare l\u2019incremento di una localit\u00e0 come Limone Piemonte che negli anni passati non \u00e8 mai entrata nelle classifiche e quest\u2019anno registra il +10%. La mappa per l\u2019inverno 2011\/2012 presentata da Casa.it vede quindi ai primi posti Chiesa in Valmalenco e Corvara con una media di 700 euro a settimana. Courmayeur, in terza posizione, con un canone medio settimanale di 880 euro, rimane invece stabile rispetto allo scorso anno.<br \/>\nCortina d\u2019Ampezzo fa registrare un andamento negativo nelle richieste di case d\u2019affittare (-5%) e risulta la pi\u00f9 cara di tutte le localit\u00e0 con i suoi 950 euro circa a settimana. La sorpresa della classifica \u00e8 Limone Piemonte che con 680 euro settimanali \u00e8 al quinto posto nelle preferenze<br \/>\ndegli Italiani amanti della neve e insieme a Sestriere fa registrare un interessante trend positivo nella domanda (+10%).<br \/>\n\u201cGli italiani stanno vivendo un delicato periodo economico, di risparmi forzati. Chi pu\u00f2 permettersi le vacanze invernali, predilige quest\u2019anno localit\u00e0 pi\u00f9 economiche come Sestriere e Limone Piemonte che hanno fatto registrare un tasso di crescita nelle richieste davvero importante\u201d, commenta Daniele Mancini, Amministratore Delegato di Casa.it.<br \/>\nTra tutti coloro che, invece, hanno la possibilit\u00e0 di acquistare la casa per la villeggiatura, la meta preferita risulta essere Ponte di Legno dove con circa 2.400 euro al metro quadro \u00e8 possibile comprare. L\u2019acquisto di un bilocale in zone pi\u00f9 lussuose e prestigiose come Courmayeur<br \/>\ne Cortina d\u2019Ampezzo sale invece a 6.000 euro per la prima e fino a 10.000 euro per la seconda.<br \/>\nCasa.it, lanciato nel 1996, \u00e8 il portale immobiliare pi\u00f9 importate d&#8217;Italia che raccoglie l\u2019offerta di pi\u00f9 di 14.000 agenzie immobiliari affiliate, di 3.000 inserzionisti privati e costruttori edili.<\/p>","protected":false},"excerpt":{"rendered":"<p>Cortina d\u2019Ampezzo, con circa 950 Euro d\u2019affitto a settimana, fa registrare un calo del 5% nelle richieste; stabile invece l\u2019intramontabile Courmayeur, Chiesa in Valmalenco e Corvara le pi\u00f9 desiderate Sale la domanda per Sestriere e Limone Piemonte (+10%). La stagione invernale 2011\/2012 \u00e8 appena iniziata e gi\u00e0 si registrano cambiamenti nelle mete pi\u00f9 ambite dagli [&hellip;]<\/p>\n","protected":false},"author":2,"featured_media":0,"comment_status":"closed","ping_status":"open","sticky":false,"template":"","format":"standard","meta":{"footnotes":""},"categories":[5,26,8],"tags":[],"class_list":["post-33243","post","type-post","status-publish","format-standard","category-cronaca","category-prima-pagina","category-societa-istituzioni"],"yoast_head":"<!-- This site is optimized with the Yoast SEO plugin v28.4 - https:\/\/yoast.com\/product\/yoast-seo-wordpress\/ -->\n<title>Osservatorio Casa.it: con la stagione sciistica alle porte cambia la geografia delle mete pi\u00f9 richieste - Bellunopress - Dolomiti<\/title>\n<meta name=\"robots\" content=\"index, follow, max-snippet:-1, max-image-preview:large, max-video-preview:-1\" \/>\n<link rel=\"canonical\" href=\"https:\/\/www.bellunopress.it\/fr\/2011\/12\/12\/osservatorio-casa-it-con-la-stagione-sciistica-alle-porte-cambia-la-geografia-delle-mete-piu-richieste\/\" \/>\n<meta property=\"og:locale\" content=\"fr_FR\" \/>\n<meta property=\"og:type\" content=\"article\" \/>\n<meta property=\"og:title\" content=\"Osservatorio Casa.it: con la stagione sciistica alle porte cambia la geografia delle mete pi\u00f9 richieste - Bellunopress - Dolomiti\" \/>\n<meta property=\"og:description\" content=\"Cortina d\u2019Ampezzo, con circa 950 Euro d\u2019affitto a settimana, fa registrare un calo del 5% nelle richieste; stabile invece l\u2019intramontabile Courmayeur, Chiesa in Valmalenco e Corvara le pi\u00f9 desiderate Sale la domanda per Sestriere e Limone Piemonte (+10%). La stagione invernale 2011\/2012 \u00e8 appena iniziata e gi\u00e0 si registrano cambiamenti nelle mete pi\u00f9 ambite dagli [&hellip;]\" \/>\n<meta property=\"og:url\" content=\"https:\/\/www.bellunopress.it\/fr\/2011\/12\/12\/osservatorio-casa-it-con-la-stagione-sciistica-alle-porte-cambia-la-geografia-delle-mete-piu-richieste\/\" \/>\n<meta property=\"og:site_name\" content=\"Bellunopress - Dolomiti\" \/>\n<meta property=\"article:publisher\" content=\"https:\/\/www.facebook.com\/profile.php?id=100008943462799\" \/>\n<meta property=\"article:published_time\" content=\"2011-12-12T17:23:30+00:00\" \/>\n<meta property=\"og:image\" content=\"http:\/\/www.bellunopress.it\/wp-content\/uploads\/2011\/01\/cortina-dampezzo-290x208.jpg\" \/>\n<meta name=\"author\" content=\"redazione\" \/>\n<meta name=\"twitter:card\" content=\"summary_large_image\" \/>\n<meta name=\"twitter:creator\" content=\"@bellunopress\" \/>\n<meta name=\"twitter:site\" content=\"@bellunopress\" \/>\n<meta name=\"twitter:label1\" content=\"\u00c9crit par\" \/>\n\t<meta name=\"twitter:data1\" content=\"redazione\" \/>\n\t<meta name=\"twitter:label2\" content=\"Dur\u00e9e de lecture estim\u00e9e\" \/>\n\t<meta name=\"twitter:data2\" content=\"2 minutes\" \/>\n<script type=\"application\/ld+json\" class=\"yoast-schema-graph\">{\"@context\":\"https:\\\/\\\/schema.org\",\"@graph\":[{\"@type\":\"Article\",\"@id\":\"https:\\\/\\\/www.bellunopress.it\\\/2011\\\/12\\\/12\\\/osservatorio-casa-it-con-la-stagione-sciistica-alle-porte-cambia-la-geografia-delle-mete-piu-richieste\\\/#article\",\"isPartOf\":{\"@id\":\"https:\\\/\\\/www.bellunopress.it\\\/2011\\\/12\\\/12\\\/osservatorio-casa-it-con-la-stagione-sciistica-alle-porte-cambia-la-geografia-delle-mete-piu-richieste\\\/\"},\"author\":{\"name\":\"redazione\",\"@id\":\"https:\\\/\\\/www.bellunopress.it\\\/#\\\/schema\\\/person\\\/79bb06722b37ece1c03d3e94beb30d73\"},\"headline\":\"Osservatorio Casa.it: con la stagione sciistica alle porte cambia la geografia delle mete pi\u00f9 richieste\",\"datePublished\":\"2011-12-12T17:23:30+00:00\",\"mainEntityOfPage\":{\"@id\":\"https:\\\/\\\/www.bellunopress.it\\\/2011\\\/12\\\/12\\\/osservatorio-casa-it-con-la-stagione-sciistica-alle-porte-cambia-la-geografia-delle-mete-piu-richieste\\\/\"},\"wordCount\":409,\"publisher\":{\"@id\":\"https:\\\/\\\/www.bellunopress.it\\\/#organization\"},\"image\":{\"@id\":\"https:\\\/\\\/www.bellunopress.it\\\/2011\\\/12\\\/12\\\/osservatorio-casa-it-con-la-stagione-sciistica-alle-porte-cambia-la-geografia-delle-mete-piu-richieste\\\/#primaryimage\"},\"thumbnailUrl\":\"http:\\\/\\\/www.bellunopress.it\\\/wp-content\\\/uploads\\\/2011\\\/01\\\/cortina-dampezzo-290x208.jpg\",\"articleSection\":[\"Cronaca\\\/Politica\",\"Prima Pagina\",\"Societ\u00e0, Associazioni, Istituzioni\"],\"inLanguage\":\"fr-FR\"},{\"@type\":\"WebPage\",\"@id\":\"https:\\\/\\\/www.bellunopress.it\\\/2011\\\/12\\\/12\\\/osservatorio-casa-it-con-la-stagione-sciistica-alle-porte-cambia-la-geografia-delle-mete-piu-richieste\\\/\",\"url\":\"https:\\\/\\\/www.bellunopress.it\\\/2011\\\/12\\\/12\\\/osservatorio-casa-it-con-la-stagione-sciistica-alle-porte-cambia-la-geografia-delle-mete-piu-richieste\\\/\",\"name\":\"Osservatorio Casa.it: con la stagione sciistica alle porte cambia la geografia delle mete pi\u00f9 richieste - Bellunopress - Dolomiti\",\"isPartOf\":{\"@id\":\"https:\\\/\\\/www.bellunopress.it\\\/#website\"},\"primaryImageOfPage\":{\"@id\":\"https:\\\/\\\/www.bellunopress.it\\\/2011\\\/12\\\/12\\\/osservatorio-casa-it-con-la-stagione-sciistica-alle-porte-cambia-la-geografia-delle-mete-piu-richieste\\\/#primaryimage\"},\"image\":{\"@id\":\"https:\\\/\\\/www.bellunopress.it\\\/2011\\\/12\\\/12\\\/osservatorio-casa-it-con-la-stagione-sciistica-alle-porte-cambia-la-geografia-delle-mete-piu-richieste\\\/#primaryimage\"},\"thumbnailUrl\":\"http:\\\/\\\/www.bellunopress.it\\\/wp-content\\\/uploads\\\/2011\\\/01\\\/cortina-dampezzo-290x208.jpg\",\"datePublished\":\"2011-12-12T17:23:30+00:00\",\"breadcrumb\":{\"@id\":\"https:\\\/\\\/www.bellunopress.it\\\/2011\\\/12\\\/12\\\/osservatorio-casa-it-con-la-stagione-sciistica-alle-porte-cambia-la-geografia-delle-mete-piu-richieste\\\/#breadcrumb\"},\"inLanguage\":\"fr-FR\",\"potentialAction\":[{\"@type\":\"ReadAction\",\"target\":[\"https:\\\/\\\/www.bellunopress.it\\\/2011\\\/12\\\/12\\\/osservatorio-casa-it-con-la-stagione-sciistica-alle-porte-cambia-la-geografia-delle-mete-piu-richieste\\\/\"]}]},{\"@type\":\"ImageObject\",\"inLanguage\":\"fr-FR\",\"@id\":\"https:\\\/\\\/www.bellunopress.it\\\/2011\\\/12\\\/12\\\/osservatorio-casa-it-con-la-stagione-sciistica-alle-porte-cambia-la-geografia-delle-mete-piu-richieste\\\/#primaryimage\",\"url\":\"http:\\\/\\\/www.bellunopress.it\\\/wp-content\\\/uploads\\\/2011\\\/01\\\/cortina-dampezzo-290x208.jpg\",\"contentUrl\":\"http:\\\/\\\/www.bellunopress.it\\\/wp-content\\\/uploads\\\/2011\\\/01\\\/cortina-dampezzo-290x208.jpg\"},{\"@type\":\"BreadcrumbList\",\"@id\":\"https:\\\/\\\/www.bellunopress.it\\\/2011\\\/12\\\/12\\\/osservatorio-casa-it-con-la-stagione-sciistica-alle-porte-cambia-la-geografia-delle-mete-piu-richieste\\\/#breadcrumb\",\"itemListElement\":[{\"@type\":\"ListItem\",\"position\":1,\"name\":\"Home\",\"item\":\"https:\\\/\\\/www.bellunopress.it\\\/\"},{\"@type\":\"ListItem\",\"position\":2,\"name\":\"Osservatorio Casa.it: con la stagione sciistica alle porte cambia la geografia delle mete pi\u00f9 richieste\"}]},{\"@type\":\"WebSite\",\"@id\":\"https:\\\/\\\/www.bellunopress.it\\\/#website\",\"url\":\"https:\\\/\\\/www.bellunopress.it\\\/\",\"name\":\"Bellunopress - Dolomiti\",\"description\":\"e-mail: redazione@bellunopress.it\",\"publisher\":{\"@id\":\"https:\\\/\\\/www.bellunopress.it\\\/#organization\"},\"potentialAction\":[{\"@type\":\"SearchAction\",\"target\":{\"@type\":\"EntryPoint\",\"urlTemplate\":\"https:\\\/\\\/www.bellunopress.it\\\/?s={search_term_string}\"},\"query-input\":{\"@type\":\"PropertyValueSpecification\",\"valueRequired\":true,\"valueName\":\"search_term_string\"}}],\"inLanguage\":\"fr-FR\"},{\"@type\":\"Organization\",\"@id\":\"https:\\\/\\\/www.bellunopress.it\\\/#organization\",\"name\":\"Bellunopress\",\"url\":\"https:\\\/\\\/www.bellunopress.it\\\/\",\"logo\":{\"@type\":\"ImageObject\",\"inLanguage\":\"fr-FR\",\"@id\":\"https:\\\/\\\/www.bellunopress.it\\\/#\\\/schema\\\/logo\\\/image\\\/\",\"url\":\"https:\\\/\\\/www.bellunopress.it\\\/wp-content\\\/uploads\\\/2011\\\/05\\\/cropped-logo-bellunopress-.jpg\",\"contentUrl\":\"https:\\\/\\\/www.bellunopress.it\\\/wp-content\\\/uploads\\\/2011\\\/05\\\/cropped-logo-bellunopress-.jpg\",\"width\":512,\"height\":512,\"caption\":\"Bellunopress\"},\"image\":{\"@id\":\"https:\\\/\\\/www.bellunopress.it\\\/#\\\/schema\\\/logo\\\/image\\\/\"},\"sameAs\":[\"https:\\\/\\\/www.facebook.com\\\/profile.php?id=100008943462799\",\"https:\\\/\\\/x.com\\\/bellunopress\",\"https:\\\/\\\/www.linkedin.com\\\/hp\\\/?dnr=JBzUWaJfMUw8vbXJJ2tVW5-I3jZKvC4wsoxE&amp;amp;amp;amp;amp;amp;trk=nav_responsive_tab_home\",\"https:\\\/\\\/www.youtube.com\\\/channel\\\/UCxL0wu1uN0_3_7hGG0306cw\"]},{\"@type\":\"Person\",\"@id\":\"https:\\\/\\\/www.bellunopress.it\\\/#\\\/schema\\\/person\\\/79bb06722b37ece1c03d3e94beb30d73\",\"name\":\"redazione\",\"image\":{\"@type\":\"ImageObject\",\"inLanguage\":\"fr-FR\",\"@id\":\"https:\\\/\\\/secure.gravatar.com\\\/avatar\\\/37d968a2e67a6fd04c169c4bdef102d0bc5d31b2546345219e348575eb80e9a0?s=96&d=mm&r=g\",\"url\":\"https:\\\/\\\/secure.gravatar.com\\\/avatar\\\/37d968a2e67a6fd04c169c4bdef102d0bc5d31b2546345219e348575eb80e9a0?s=96&d=mm&r=g\",\"contentUrl\":\"https:\\\/\\\/secure.gravatar.com\\\/avatar\\\/37d968a2e67a6fd04c169c4bdef102d0bc5d31b2546345219e348575eb80e9a0?s=96&d=mm&r=g\",\"caption\":\"redazione\"},\"sameAs\":[\"http:\\\/\\\/www.bellunopress.it\",\"https:\\\/\\\/x.com\\\/bellunopress\"],\"url\":\"https:\\\/\\\/www.bellunopress.it\\\/fr\\\/author\\\/redazione\\\/\"}]}<\/script>\n<!-- \/ Yoast SEO plugin. -->","yoast_head_json":{"title":"Osservatorio Casa.it: con la stagione sciistica alle porte cambia la geografia delle mete pi\u00f9 richieste - Bellunopress - Dolomiti","robots":{"index":"index","follow":"follow","max-snippet":"max-snippet:-1","max-image-preview":"max-image-preview:large","max-video-preview":"max-video-preview:-1"},"canonical":"https:\/\/www.bellunopress.it\/fr\/2011\/12\/12\/osservatorio-casa-it-con-la-stagione-sciistica-alle-porte-cambia-la-geografia-delle-mete-piu-richieste\/","og_locale":"fr_FR","og_type":"article","og_title":"Osservatorio Casa.it: con la stagione sciistica alle porte cambia la geografia delle mete pi\u00f9 richieste - Bellunopress - Dolomiti","og_description":"Cortina d\u2019Ampezzo, con circa 950 Euro d\u2019affitto a settimana, fa registrare un calo del 5% nelle richieste; stabile invece l\u2019intramontabile Courmayeur, Chiesa in Valmalenco e Corvara le pi\u00f9 desiderate Sale la domanda per Sestriere e Limone Piemonte (+10%). La stagione invernale 2011\/2012 \u00e8 appena iniziata e gi\u00e0 si registrano cambiamenti nelle mete pi\u00f9 ambite dagli [&hellip;]","og_url":"https:\/\/www.bellunopress.it\/fr\/2011\/12\/12\/osservatorio-casa-it-con-la-stagione-sciistica-alle-porte-cambia-la-geografia-delle-mete-piu-richieste\/","og_site_name":"Bellunopress - Dolomiti","article_publisher":"https:\/\/www.facebook.com\/profile.php?id=100008943462799","article_published_time":"2011-12-12T17:23:30+00:00","og_image":[{"url":"http:\/\/www.bellunopress.it\/wp-content\/uploads\/2011\/01\/cortina-dampezzo-290x208.jpg","type":"","width":"","height":""}],"author":"redazione","twitter_card":"summary_large_image","twitter_creator":"@bellunopress","twitter_site":"@bellunopress","twitter_misc":{"\u00c9crit par":"redazione","Dur\u00e9e de lecture estim\u00e9e":"2 minutes"},"schema":{"@context":"https:\/\/schema.org","@graph":[{"@type":"Article","@id":"https:\/\/www.bellunopress.it\/2011\/12\/12\/osservatorio-casa-it-con-la-stagione-sciistica-alle-porte-cambia-la-geografia-delle-mete-piu-richieste\/#article","isPartOf":{"@id":"https:\/\/www.bellunopress.it\/2011\/12\/12\/osservatorio-casa-it-con-la-stagione-sciistica-alle-porte-cambia-la-geografia-delle-mete-piu-richieste\/"},"author":{"name":"redazione","@id":"https:\/\/www.bellunopress.it\/#\/schema\/person\/79bb06722b37ece1c03d3e94beb30d73"},"headline":"Osservatorio Casa.it: con la stagione sciistica alle porte cambia la geografia delle mete pi\u00f9 richieste","datePublished":"2011-12-12T17:23:30+00:00","mainEntityOfPage":{"@id":"https:\/\/www.bellunopress.it\/2011\/12\/12\/osservatorio-casa-it-con-la-stagione-sciistica-alle-porte-cambia-la-geografia-delle-mete-piu-richieste\/"},"wordCount":409,"publisher":{"@id":"https:\/\/www.bellunopress.it\/#organization"},"image":{"@id":"https:\/\/www.bellunopress.it\/2011\/12\/12\/osservatorio-casa-it-con-la-stagione-sciistica-alle-porte-cambia-la-geografia-delle-mete-piu-richieste\/#primaryimage"},"thumbnailUrl":"http:\/\/www.bellunopress.it\/wp-content\/uploads\/2011\/01\/cortina-dampezzo-290x208.jpg","articleSection":["Cronaca\/Politica","Prima Pagina","Societ\u00e0, Associazioni, Istituzioni"],"inLanguage":"fr-FR"},{"@type":"WebPage","@id":"https:\/\/www.bellunopress.it\/2011\/12\/12\/osservatorio-casa-it-con-la-stagione-sciistica-alle-porte-cambia-la-geografia-delle-mete-piu-richieste\/","url":"https:\/\/www.bellunopress.it\/2011\/12\/12\/osservatorio-casa-it-con-la-stagione-sciistica-alle-porte-cambia-la-geografia-delle-mete-piu-richieste\/","name":"Osservatorio Casa.it: con la stagione sciistica alle porte cambia la geografia delle mete pi\u00f9 richieste - Bellunopress - Dolomiti","isPartOf":{"@id":"https:\/\/www.bellunopress.it\/#website"},"primaryImageOfPage":{"@id":"https:\/\/www.bellunopress.it\/2011\/12\/12\/osservatorio-casa-it-con-la-stagione-sciistica-alle-porte-cambia-la-geografia-delle-mete-piu-richieste\/#primaryimage"},"image":{"@id":"https:\/\/www.bellunopress.it\/2011\/12\/12\/osservatorio-casa-it-con-la-stagione-sciistica-alle-porte-cambia-la-geografia-delle-mete-piu-richieste\/#primaryimage"},"thumbnailUrl":"http:\/\/www.bellunopress.it\/wp-content\/uploads\/2011\/01\/cortina-dampezzo-290x208.jpg","datePublished":"2011-12-12T17:23:30+00:00","breadcrumb":{"@id":"https:\/\/www.bellunopress.it\/2011\/12\/12\/osservatorio-casa-it-con-la-stagione-sciistica-alle-porte-cambia-la-geografia-delle-mete-piu-richieste\/#breadcrumb"},"inLanguage":"fr-FR","potentialAction":[{"@type":"ReadAction","target":["https:\/\/www.bellunopress.it\/2011\/12\/12\/osservatorio-casa-it-con-la-stagione-sciistica-alle-porte-cambia-la-geografia-delle-mete-piu-richieste\/"]}]},{"@type":"ImageObject","inLanguage":"fr-FR","@id":"https:\/\/www.bellunopress.it\/2011\/12\/12\/osservatorio-casa-it-con-la-stagione-sciistica-alle-porte-cambia-la-geografia-delle-mete-piu-richieste\/#primaryimage","url":"http:\/\/www.bellunopress.it\/wp-content\/uploads\/2011\/01\/cortina-dampezzo-290x208.jpg","contentUrl":"http:\/\/www.bellunopress.it\/wp-content\/uploads\/2011\/01\/cortina-dampezzo-290x208.jpg"},{"@type":"BreadcrumbList","@id":"https:\/\/www.bellunopress.it\/2011\/12\/12\/osservatorio-casa-it-con-la-stagione-sciistica-alle-porte-cambia-la-geografia-delle-mete-piu-richieste\/#breadcrumb","itemListElement":[{"@type":"ListItem","position":1,"name":"Home","item":"https:\/\/www.bellunopress.it\/"},{"@type":"ListItem","position":2,"name":"Osservatorio Casa.it: con la stagione sciistica alle porte cambia la geografia delle mete pi\u00f9 richieste"}]},{"@type":"WebSite","@id":"https:\/\/www.bellunopress.it\/#website","url":"https:\/\/www.bellunopress.it\/","name":"Bellunopress - Dolomiti","description":"e-mail: redazione@bellunopress.it","publisher":{"@id":"https:\/\/www.bellunopress.it\/#organization"},"potentialAction":[{"@type":"SearchAction","target":{"@type":"EntryPoint","urlTemplate":"https:\/\/www.bellunopress.it\/?s={search_term_string}"},"query-input":{"@type":"PropertyValueSpecification","valueRequired":true,"valueName":"search_term_string"}}],"inLanguage":"fr-FR"},{"@type":"Organization","@id":"https:\/\/www.bellunopress.it\/#organization","name":"Bellunopress","url":"https:\/\/www.bellunopress.it\/","logo":{"@type":"ImageObject","inLanguage":"fr-FR","@id":"https:\/\/www.bellunopress.it\/#\/schema\/logo\/image\/","url":"https:\/\/www.bellunopress.it\/wp-content\/uploads\/2011\/05\/cropped-logo-bellunopress-.jpg","contentUrl":"https:\/\/www.bellunopress.it\/wp-content\/uploads\/2011\/05\/cropped-logo-bellunopress-.jpg","width":512,"height":512,"caption":"Bellunopress"},"image":{"@id":"https:\/\/www.bellunopress.it\/#\/schema\/logo\/image\/"},"sameAs":["https:\/\/www.facebook.com\/profile.php?id=100008943462799","https:\/\/x.com\/bellunopress","https:\/\/www.linkedin.com\/hp\/?dnr=JBzUWaJfMUw8vbXJJ2tVW5-I3jZKvC4wsoxE&amp;amp;amp;amp;amp;amp;trk=nav_responsive_tab_home","https:\/\/www.youtube.com\/channel\/UCxL0wu1uN0_3_7hGG0306cw"]},{"@type":"Person","@id":"https:\/\/www.bellunopress.it\/#\/schema\/person\/79bb06722b37ece1c03d3e94beb30d73","name":"r\u00e9daction","image":{"@type":"ImageObject","inLanguage":"fr-FR","@id":"https:\/\/secure.gravatar.com\/avatar\/37d968a2e67a6fd04c169c4bdef102d0bc5d31b2546345219e348575eb80e9a0?s=96&d=mm&r=g","url":"https:\/\/secure.gravatar.com\/avatar\/37d968a2e67a6fd04c169c4bdef102d0bc5d31b2546345219e348575eb80e9a0?s=96&d=mm&r=g","contentUrl":"https:\/\/secure.gravatar.com\/avatar\/37d968a2e67a6fd04c169c4bdef102d0bc5d31b2546345219e348575eb80e9a0?s=96&d=mm&r=g","caption":"redazione"},"sameAs":["http:\/\/www.bellunopress.it","https:\/\/x.com\/bellunopress"],"url":"https:\/\/www.bellunopress.it\/fr\/author\/redazione\/"}]}},"_links":{"self":[{"href":"https:\/\/www.bellunopress.it\/fr\/wp-json\/wp\/v2\/posts\/33243","targetHints":{"allow":["GET"]}}],"collection":[{"href":"https:\/\/www.bellunopress.it\/fr\/wp-json\/wp\/v2\/posts"}],"about":[{"href":"https:\/\/www.bellunopress.it\/fr\/wp-json\/wp\/v2\/types\/post"}],"author":[{"embeddable":true,"href":"https:\/\/www.bellunopress.it\/fr\/wp-json\/wp\/v2\/users\/2"}],"replies":[{"embeddable":true,"href":"https:\/\/www.bellunopress.it\/fr\/wp-json\/wp\/v2\/comments?post=33243"}],"version-history":[{"count":2,"href":"https:\/\/www.bellunopress.it\/fr\/wp-json\/wp\/v2\/posts\/33243\/revisions"}],"predecessor-version":[{"id":33245,"href":"https:\/\/www.bellunopress.it\/fr\/wp-json\/wp\/v2\/posts\/33243\/revisions\/33245"}],"wp:attachment":[{"href":"https:\/\/www.bellunopress.it\/fr\/wp-json\/wp\/v2\/media?parent=33243"}],"wp:term":[{"taxonomy":"category","embeddable":true,"href":"https:\/\/www.bellunopress.it\/fr\/wp-json\/wp\/v2\/categories?post=33243"},{"taxonomy":"post_tag","embeddable":true,"href":"https:\/\/www.bellunopress.it\/fr\/wp-json\/wp\/v2\/tags?post=33243"}],"curies":[{"name":"wp","href":"https:\/\/api.w.org\/{rel}","templated":true}]}}