{"id":33239,"date":"2011-12-12T17:28:38","date_gmt":"2011-12-12T16:28:38","guid":{"rendered":"http:\/\/www.bellunopress.it\/?p=33239"},"modified":"2011-12-12T17:28:38","modified_gmt":"2011-12-12T16:28:38","slug":"oltre-il-pil-manzato-la-ricchezza-prodotta-non-basta-piu-a-misurare-la-felicita-e-la-soddisfazione-del-cittadino","status":"publish","type":"post","link":"https:\/\/www.bellunopress.it\/fr\/2011\/12\/12\/oltre-il-pil-manzato-la-ricchezza-prodotta-non-basta-piu-a-misurare-la-felicita-e-la-soddisfazione-del-cittadino\/","title":{"rendered":"Oltre il Pil. Manzato: &#8220;La ricchezza prodotta non basta pi\u00f9 a misurare la felicit\u00e0 e la soddisfazione del cittadino&#8221;"},"content":{"rendered":"<p><a href=\"http:\/\/www.bellunopress.it\/wp-content\/uploads\/2011\/12\/oltre-il-Pil-convegno.jpg\"><img loading=\"lazy\" decoding=\"async\" class=\"alignleft size-full wp-image-33240\" title=\"oltre il Pil convegno\" src=\"http:\/\/www.bellunopress.it\/wp-content\/uploads\/2011\/12\/oltre-il-Pil-convegno.jpg\" alt=\"\" width=\"290\" height=\"197\" \/><\/a>Il Prodotto Interno Lordo? La quantificazione della ricchezza prodotta si \u00e8 rivelata inadeguata a misurare il benessere generale di una societ\u00e0, la soddisfazione dei cittadini, la sostenibilit\u00e0 dello sviluppo sociale e ambientale. Bisogna andare oltre, individuare indicatori diversi che considerino pi\u00f9 fattori e su questi riorientare la stessa politica, l\u2019azione delle istituzioni ma anche la loro struttura e il loro ruolo. Sono queste le conclusioni enunciate stamani a Venezia dall\u2019assessore alla tutela del consumatore del Veneto Franco Manzato al termine del confronto sul tema \u201cOltre il PIL: dal dire al fare. Misurare il progresso per orientare l\u2019azione politica in tempo di crisi\u201d, svoltosi nell\u2019Aula Magna dell\u2019Universit\u00e0 di Ca\u2019 Foscari per iniziativa del Gruppo \u201cOltre il PIL\u201d, nato dalla collaborazione tra Regione del Veneto, Ateneo veneziano, Unioncamere regionale e il suo Centro Sudi e la Camera di Commercio di Venezia.<br \/>\n\u201cLa ricchezza prodotta non basta pi\u00f9 misurare per la felicit\u00e0 e la soddisfazione del cittadino \u2013 ha affermato Manzato \u2013 dobbiamo cambiare indicatori per valutare la qualit\u00e0 della vita. Capire questo cambiamento significa anche comprendere come modificare gli stessi bilanci, statali, regionali e locali, per indirizzarli all\u2019obiettivo comune del benessere\u201d.<br \/>\n\u201cNon serve, ed \u00e8 anzi dannoso\u00a0 &#8211; ha proseguito Manzato \u2013 accentrare le decisioni ad un livello istituzionale sempre pi\u00f9 alto, europeo o mondiale, perch\u00e9 le scelte generalizzate calate su realt\u00e0 territoriali diseguali provocano distorsioni anzich\u00e9 favorire una crescita diffusa. L\u2019omogeneit\u00e0 non esiste e non pu\u00f2 esserci una norma che valga sempre e per tutti: il normativismo deve lasciare spazio all\u2019istituzionalismo, alle regole che provengono dal basso e dal territorio. Non dobbiamo considerare le risorse come l\u2019unica leva di azione, perch\u00e9 \u00e8 importante anche la responsabilit\u00e0 che diamo al territorio: ci serve un nuovo modo di interpretare la societ\u00e0 attraverso il bilancio. La politica deve perci\u00f2 fare un salto di qualit\u00e0, perch\u00e9 la qualit\u00e0 del politico \u00e8 la base della qualit\u00e0 delle decisioni e dei loro effetti. Intervenire politicamente \u2013 ha concluso \u2013 significa anche andare oltre il mercato: c\u2019\u00e8 crisi dunque si taglia, vale il principio della concorrenza dunque non si interviene e non si ridisegna il ruolo delle istituzioni\u201d.<br \/>\nAl dibattito sono intervenuti, oltre a Manzato, il Rettore di Ca\u2019 Foscari Carlo Carraro, il presidente di Unioncamere Veneto Alessandro Bianchi con il segretario generale Gian Angelo Bellati e il responsabile del Centro Studi Serafino Pitingaro, il prof. Silvio Giove di Ca\u2019 Foscari, Tommaso Rondinella dell\u2019Istat, Max Gruenig dell\u2019Ecologic Institut of Berlin, Simone Novello del Centro de Estudios Superiores Universitarios de la Galizia, Donato Speroni autore de \u201cI numeri della felicit\u00e0. Dal Pil alla misura del benessere\u201d, il segretario generale della Camera di Commercio di Venezia Roberto Crosta, il presidente della Provincia di Pesaro Urbino Matteo Ricci,Vincent Tronet capo di settore indicators for long-term developments, DG Eurostat della Commissione Europea, Olivia Chassais scientific officer, DG environmental technologies della Commissione Europea, Fabrizio Pezzani professore di programmazione e controllo nelle pubbliche amministrazioni dell\u2019Universit\u00e0 Bocconi di Milano, Filomena Maggino presidente dell\u2019Associazione Italiana per gli studi sulla Qualit\u00e0 della Vita e Stefano Sampaolo responsabile degli studi urbani del Censis.<br \/>\nIl materiale del progetto \u201cOltre il Pil\u201d \u00e8 scaricabile dal sito <a href=\"http:\/\/www.oltreilpil.it\">www.oltreilpil.it<\/a>.<\/p>","protected":false},"excerpt":{"rendered":"<p>Il Prodotto Interno Lordo? La quantificazione della ricchezza prodotta si \u00e8 rivelata inadeguata a misurare il benessere generale di una societ\u00e0, la soddisfazione dei cittadini, la sostenibilit\u00e0 dello sviluppo sociale e ambientale. Bisogna andare oltre, individuare indicatori diversi che considerino pi\u00f9 fattori e su questi riorientare la stessa politica, l\u2019azione delle istituzioni ma anche la [&hellip;]<\/p>\n","protected":false},"author":2,"featured_media":0,"comment_status":"closed","ping_status":"open","sticky":false,"template":"","format":"standard","meta":{"footnotes":""},"categories":[1],"tags":[],"class_list":["post-33239","post","type-post","status-publish","format-standard","category-leo"],"yoast_head":"<!-- This site is optimized with the Yoast SEO plugin v28.4 - https:\/\/yoast.com\/product\/yoast-seo-wordpress\/ -->\n<title>Oltre il Pil. Manzato: &quot;La ricchezza prodotta non basta pi\u00f9 a misurare la felicit\u00e0 e la soddisfazione del cittadino&quot; - Bellunopress - Dolomiti<\/title>\n<meta name=\"robots\" content=\"index, follow, max-snippet:-1, max-image-preview:large, max-video-preview:-1\" \/>\n<link rel=\"canonical\" href=\"https:\/\/www.bellunopress.it\/fr\/2011\/12\/12\/oltre-il-pil-manzato-la-ricchezza-prodotta-non-basta-piu-a-misurare-la-felicita-e-la-soddisfazione-del-cittadino\/\" \/>\n<meta property=\"og:locale\" content=\"fr_FR\" \/>\n<meta property=\"og:type\" content=\"article\" \/>\n<meta property=\"og:title\" content=\"Oltre il Pil. Manzato: &quot;La ricchezza prodotta non basta pi\u00f9 a misurare la felicit\u00e0 e la soddisfazione del cittadino&quot; - Bellunopress - Dolomiti\" \/>\n<meta property=\"og:description\" content=\"Il Prodotto Interno Lordo? La quantificazione della ricchezza prodotta si \u00e8 rivelata inadeguata a misurare il benessere generale di una societ\u00e0, la soddisfazione dei cittadini, la sostenibilit\u00e0 dello sviluppo sociale e ambientale. Bisogna andare oltre, individuare indicatori diversi che considerino pi\u00f9 fattori e su questi riorientare la stessa politica, l\u2019azione delle istituzioni ma anche la [&hellip;]\" \/>\n<meta property=\"og:url\" content=\"https:\/\/www.bellunopress.it\/fr\/2011\/12\/12\/oltre-il-pil-manzato-la-ricchezza-prodotta-non-basta-piu-a-misurare-la-felicita-e-la-soddisfazione-del-cittadino\/\" \/>\n<meta property=\"og:site_name\" content=\"Bellunopress - Dolomiti\" \/>\n<meta property=\"article:publisher\" content=\"https:\/\/www.facebook.com\/profile.php?id=100008943462799\" \/>\n<meta property=\"article:published_time\" content=\"2011-12-12T16:28:38+00:00\" \/>\n<meta property=\"og:image\" content=\"http:\/\/www.bellunopress.it\/wp-content\/uploads\/2011\/12\/oltre-il-Pil-convegno.jpg\" \/>\n<meta name=\"author\" content=\"redazione\" \/>\n<meta name=\"twitter:card\" content=\"summary_large_image\" \/>\n<meta name=\"twitter:creator\" content=\"@bellunopress\" \/>\n<meta name=\"twitter:site\" content=\"@bellunopress\" \/>\n<meta name=\"twitter:label1\" content=\"\u00c9crit par\" \/>\n\t<meta name=\"twitter:data1\" content=\"redazione\" \/>\n\t<meta name=\"twitter:label2\" content=\"Dur\u00e9e de lecture estim\u00e9e\" \/>\n\t<meta name=\"twitter:data2\" content=\"3 minutes\" \/>\n<script type=\"application\/ld+json\" class=\"yoast-schema-graph\">{\"@context\":\"https:\\\/\\\/schema.org\",\"@graph\":[{\"@type\":\"Article\",\"@id\":\"https:\\\/\\\/www.bellunopress.it\\\/2011\\\/12\\\/12\\\/oltre-il-pil-manzato-la-ricchezza-prodotta-non-basta-piu-a-misurare-la-felicita-e-la-soddisfazione-del-cittadino\\\/#article\",\"isPartOf\":{\"@id\":\"https:\\\/\\\/www.bellunopress.it\\\/2011\\\/12\\\/12\\\/oltre-il-pil-manzato-la-ricchezza-prodotta-non-basta-piu-a-misurare-la-felicita-e-la-soddisfazione-del-cittadino\\\/\"},\"author\":{\"name\":\"redazione\",\"@id\":\"https:\\\/\\\/www.bellunopress.it\\\/#\\\/schema\\\/person\\\/79bb06722b37ece1c03d3e94beb30d73\"},\"headline\":\"Oltre il Pil. Manzato: &#8220;La ricchezza prodotta non basta pi\u00f9 a misurare la felicit\u00e0 e la soddisfazione del cittadino&#8221;\",\"datePublished\":\"2011-12-12T16:28:38+00:00\",\"mainEntityOfPage\":{\"@id\":\"https:\\\/\\\/www.bellunopress.it\\\/2011\\\/12\\\/12\\\/oltre-il-pil-manzato-la-ricchezza-prodotta-non-basta-piu-a-misurare-la-felicita-e-la-soddisfazione-del-cittadino\\\/\"},\"wordCount\":542,\"publisher\":{\"@id\":\"https:\\\/\\\/www.bellunopress.it\\\/#organization\"},\"image\":{\"@id\":\"https:\\\/\\\/www.bellunopress.it\\\/2011\\\/12\\\/12\\\/oltre-il-pil-manzato-la-ricchezza-prodotta-non-basta-piu-a-misurare-la-felicita-e-la-soddisfazione-del-cittadino\\\/#primaryimage\"},\"thumbnailUrl\":\"http:\\\/\\\/www.bellunopress.it\\\/wp-content\\\/uploads\\\/2011\\\/12\\\/oltre-il-Pil-convegno.jpg\",\"articleSection\":[\"Lettere Opinioni\"],\"inLanguage\":\"fr-FR\"},{\"@type\":\"WebPage\",\"@id\":\"https:\\\/\\\/www.bellunopress.it\\\/2011\\\/12\\\/12\\\/oltre-il-pil-manzato-la-ricchezza-prodotta-non-basta-piu-a-misurare-la-felicita-e-la-soddisfazione-del-cittadino\\\/\",\"url\":\"https:\\\/\\\/www.bellunopress.it\\\/2011\\\/12\\\/12\\\/oltre-il-pil-manzato-la-ricchezza-prodotta-non-basta-piu-a-misurare-la-felicita-e-la-soddisfazione-del-cittadino\\\/\",\"name\":\"Oltre il Pil. Manzato: \\\"La ricchezza prodotta non basta pi\u00f9 a misurare la felicit\u00e0 e la soddisfazione del cittadino\\\" - Bellunopress - Dolomiti\",\"isPartOf\":{\"@id\":\"https:\\\/\\\/www.bellunopress.it\\\/#website\"},\"primaryImageOfPage\":{\"@id\":\"https:\\\/\\\/www.bellunopress.it\\\/2011\\\/12\\\/12\\\/oltre-il-pil-manzato-la-ricchezza-prodotta-non-basta-piu-a-misurare-la-felicita-e-la-soddisfazione-del-cittadino\\\/#primaryimage\"},\"image\":{\"@id\":\"https:\\\/\\\/www.bellunopress.it\\\/2011\\\/12\\\/12\\\/oltre-il-pil-manzato-la-ricchezza-prodotta-non-basta-piu-a-misurare-la-felicita-e-la-soddisfazione-del-cittadino\\\/#primaryimage\"},\"thumbnailUrl\":\"http:\\\/\\\/www.bellunopress.it\\\/wp-content\\\/uploads\\\/2011\\\/12\\\/oltre-il-Pil-convegno.jpg\",\"datePublished\":\"2011-12-12T16:28:38+00:00\",\"breadcrumb\":{\"@id\":\"https:\\\/\\\/www.bellunopress.it\\\/2011\\\/12\\\/12\\\/oltre-il-pil-manzato-la-ricchezza-prodotta-non-basta-piu-a-misurare-la-felicita-e-la-soddisfazione-del-cittadino\\\/#breadcrumb\"},\"inLanguage\":\"fr-FR\",\"potentialAction\":[{\"@type\":\"ReadAction\",\"target\":[\"https:\\\/\\\/www.bellunopress.it\\\/2011\\\/12\\\/12\\\/oltre-il-pil-manzato-la-ricchezza-prodotta-non-basta-piu-a-misurare-la-felicita-e-la-soddisfazione-del-cittadino\\\/\"]}]},{\"@type\":\"ImageObject\",\"inLanguage\":\"fr-FR\",\"@id\":\"https:\\\/\\\/www.bellunopress.it\\\/2011\\\/12\\\/12\\\/oltre-il-pil-manzato-la-ricchezza-prodotta-non-basta-piu-a-misurare-la-felicita-e-la-soddisfazione-del-cittadino\\\/#primaryimage\",\"url\":\"http:\\\/\\\/www.bellunopress.it\\\/wp-content\\\/uploads\\\/2011\\\/12\\\/oltre-il-Pil-convegno.jpg\",\"contentUrl\":\"http:\\\/\\\/www.bellunopress.it\\\/wp-content\\\/uploads\\\/2011\\\/12\\\/oltre-il-Pil-convegno.jpg\"},{\"@type\":\"BreadcrumbList\",\"@id\":\"https:\\\/\\\/www.bellunopress.it\\\/2011\\\/12\\\/12\\\/oltre-il-pil-manzato-la-ricchezza-prodotta-non-basta-piu-a-misurare-la-felicita-e-la-soddisfazione-del-cittadino\\\/#breadcrumb\",\"itemListElement\":[{\"@type\":\"ListItem\",\"position\":1,\"name\":\"Home\",\"item\":\"https:\\\/\\\/www.bellunopress.it\\\/\"},{\"@type\":\"ListItem\",\"position\":2,\"name\":\"Oltre il Pil. Manzato: &#8220;La ricchezza prodotta non basta pi\u00f9 a misurare la felicit\u00e0 e la soddisfazione del cittadino&#8221;\"}]},{\"@type\":\"WebSite\",\"@id\":\"https:\\\/\\\/www.bellunopress.it\\\/#website\",\"url\":\"https:\\\/\\\/www.bellunopress.it\\\/\",\"name\":\"Bellunopress - Dolomiti\",\"description\":\"e-mail: redazione@bellunopress.it\",\"publisher\":{\"@id\":\"https:\\\/\\\/www.bellunopress.it\\\/#organization\"},\"potentialAction\":[{\"@type\":\"SearchAction\",\"target\":{\"@type\":\"EntryPoint\",\"urlTemplate\":\"https:\\\/\\\/www.bellunopress.it\\\/?s={search_term_string}\"},\"query-input\":{\"@type\":\"PropertyValueSpecification\",\"valueRequired\":true,\"valueName\":\"search_term_string\"}}],\"inLanguage\":\"fr-FR\"},{\"@type\":\"Organization\",\"@id\":\"https:\\\/\\\/www.bellunopress.it\\\/#organization\",\"name\":\"Bellunopress\",\"url\":\"https:\\\/\\\/www.bellunopress.it\\\/\",\"logo\":{\"@type\":\"ImageObject\",\"inLanguage\":\"fr-FR\",\"@id\":\"https:\\\/\\\/www.bellunopress.it\\\/#\\\/schema\\\/logo\\\/image\\\/\",\"url\":\"https:\\\/\\\/www.bellunopress.it\\\/wp-content\\\/uploads\\\/2011\\\/05\\\/cropped-logo-bellunopress-.jpg\",\"contentUrl\":\"https:\\\/\\\/www.bellunopress.it\\\/wp-content\\\/uploads\\\/2011\\\/05\\\/cropped-logo-bellunopress-.jpg\",\"width\":512,\"height\":512,\"caption\":\"Bellunopress\"},\"image\":{\"@id\":\"https:\\\/\\\/www.bellunopress.it\\\/#\\\/schema\\\/logo\\\/image\\\/\"},\"sameAs\":[\"https:\\\/\\\/www.facebook.com\\\/profile.php?id=100008943462799\",\"https:\\\/\\\/x.com\\\/bellunopress\",\"https:\\\/\\\/www.linkedin.com\\\/hp\\\/?dnr=JBzUWaJfMUw8vbXJJ2tVW5-I3jZKvC4wsoxE&amp;amp;amp;amp;amp;amp;trk=nav_responsive_tab_home\",\"https:\\\/\\\/www.youtube.com\\\/channel\\\/UCxL0wu1uN0_3_7hGG0306cw\"]},{\"@type\":\"Person\",\"@id\":\"https:\\\/\\\/www.bellunopress.it\\\/#\\\/schema\\\/person\\\/79bb06722b37ece1c03d3e94beb30d73\",\"name\":\"redazione\",\"image\":{\"@type\":\"ImageObject\",\"inLanguage\":\"fr-FR\",\"@id\":\"https:\\\/\\\/secure.gravatar.com\\\/avatar\\\/37d968a2e67a6fd04c169c4bdef102d0bc5d31b2546345219e348575eb80e9a0?s=96&d=mm&r=g\",\"url\":\"https:\\\/\\\/secure.gravatar.com\\\/avatar\\\/37d968a2e67a6fd04c169c4bdef102d0bc5d31b2546345219e348575eb80e9a0?s=96&d=mm&r=g\",\"contentUrl\":\"https:\\\/\\\/secure.gravatar.com\\\/avatar\\\/37d968a2e67a6fd04c169c4bdef102d0bc5d31b2546345219e348575eb80e9a0?s=96&d=mm&r=g\",\"caption\":\"redazione\"},\"sameAs\":[\"http:\\\/\\\/www.bellunopress.it\",\"https:\\\/\\\/x.com\\\/bellunopress\"],\"url\":\"https:\\\/\\\/www.bellunopress.it\\\/fr\\\/author\\\/redazione\\\/\"}]}<\/script>\n<!-- \/ Yoast SEO plugin. -->","yoast_head_json":{"title":"Oltre il Pil. Manzato: \"La ricchezza prodotta non basta pi\u00f9 a misurare la felicit\u00e0 e la soddisfazione del cittadino\" - Bellunopress - Dolomiti","robots":{"index":"index","follow":"follow","max-snippet":"max-snippet:-1","max-image-preview":"max-image-preview:large","max-video-preview":"max-video-preview:-1"},"canonical":"https:\/\/www.bellunopress.it\/fr\/2011\/12\/12\/oltre-il-pil-manzato-la-ricchezza-prodotta-non-basta-piu-a-misurare-la-felicita-e-la-soddisfazione-del-cittadino\/","og_locale":"fr_FR","og_type":"article","og_title":"Oltre il Pil. Manzato: \"La ricchezza prodotta non basta pi\u00f9 a misurare la felicit\u00e0 e la soddisfazione del cittadino\" - Bellunopress - Dolomiti","og_description":"Il Prodotto Interno Lordo? La quantificazione della ricchezza prodotta si \u00e8 rivelata inadeguata a misurare il benessere generale di una societ\u00e0, la soddisfazione dei cittadini, la sostenibilit\u00e0 dello sviluppo sociale e ambientale. Bisogna andare oltre, individuare indicatori diversi che considerino pi\u00f9 fattori e su questi riorientare la stessa politica, l\u2019azione delle istituzioni ma anche la [&hellip;]","og_url":"https:\/\/www.bellunopress.it\/fr\/2011\/12\/12\/oltre-il-pil-manzato-la-ricchezza-prodotta-non-basta-piu-a-misurare-la-felicita-e-la-soddisfazione-del-cittadino\/","og_site_name":"Bellunopress - Dolomiti","article_publisher":"https:\/\/www.facebook.com\/profile.php?id=100008943462799","article_published_time":"2011-12-12T16:28:38+00:00","og_image":[{"url":"http:\/\/www.bellunopress.it\/wp-content\/uploads\/2011\/12\/oltre-il-Pil-convegno.jpg","type":"","width":"","height":""}],"author":"redazione","twitter_card":"summary_large_image","twitter_creator":"@bellunopress","twitter_site":"@bellunopress","twitter_misc":{"\u00c9crit par":"redazione","Dur\u00e9e de lecture estim\u00e9e":"3 minutes"},"schema":{"@context":"https:\/\/schema.org","@graph":[{"@type":"Article","@id":"https:\/\/www.bellunopress.it\/2011\/12\/12\/oltre-il-pil-manzato-la-ricchezza-prodotta-non-basta-piu-a-misurare-la-felicita-e-la-soddisfazione-del-cittadino\/#article","isPartOf":{"@id":"https:\/\/www.bellunopress.it\/2011\/12\/12\/oltre-il-pil-manzato-la-ricchezza-prodotta-non-basta-piu-a-misurare-la-felicita-e-la-soddisfazione-del-cittadino\/"},"author":{"name":"redazione","@id":"https:\/\/www.bellunopress.it\/#\/schema\/person\/79bb06722b37ece1c03d3e94beb30d73"},"headline":"Oltre il Pil. Manzato: &#8220;La ricchezza prodotta non basta pi\u00f9 a misurare la felicit\u00e0 e la soddisfazione del cittadino&#8221;","datePublished":"2011-12-12T16:28:38+00:00","mainEntityOfPage":{"@id":"https:\/\/www.bellunopress.it\/2011\/12\/12\/oltre-il-pil-manzato-la-ricchezza-prodotta-non-basta-piu-a-misurare-la-felicita-e-la-soddisfazione-del-cittadino\/"},"wordCount":542,"publisher":{"@id":"https:\/\/www.bellunopress.it\/#organization"},"image":{"@id":"https:\/\/www.bellunopress.it\/2011\/12\/12\/oltre-il-pil-manzato-la-ricchezza-prodotta-non-basta-piu-a-misurare-la-felicita-e-la-soddisfazione-del-cittadino\/#primaryimage"},"thumbnailUrl":"http:\/\/www.bellunopress.it\/wp-content\/uploads\/2011\/12\/oltre-il-Pil-convegno.jpg","articleSection":["Lettere Opinioni"],"inLanguage":"fr-FR"},{"@type":"WebPage","@id":"https:\/\/www.bellunopress.it\/2011\/12\/12\/oltre-il-pil-manzato-la-ricchezza-prodotta-non-basta-piu-a-misurare-la-felicita-e-la-soddisfazione-del-cittadino\/","url":"https:\/\/www.bellunopress.it\/2011\/12\/12\/oltre-il-pil-manzato-la-ricchezza-prodotta-non-basta-piu-a-misurare-la-felicita-e-la-soddisfazione-del-cittadino\/","name":"Oltre il Pil. Manzato: \"La ricchezza prodotta non basta pi\u00f9 a misurare la felicit\u00e0 e la soddisfazione del cittadino\" - Bellunopress - Dolomiti","isPartOf":{"@id":"https:\/\/www.bellunopress.it\/#website"},"primaryImageOfPage":{"@id":"https:\/\/www.bellunopress.it\/2011\/12\/12\/oltre-il-pil-manzato-la-ricchezza-prodotta-non-basta-piu-a-misurare-la-felicita-e-la-soddisfazione-del-cittadino\/#primaryimage"},"image":{"@id":"https:\/\/www.bellunopress.it\/2011\/12\/12\/oltre-il-pil-manzato-la-ricchezza-prodotta-non-basta-piu-a-misurare-la-felicita-e-la-soddisfazione-del-cittadino\/#primaryimage"},"thumbnailUrl":"http:\/\/www.bellunopress.it\/wp-content\/uploads\/2011\/12\/oltre-il-Pil-convegno.jpg","datePublished":"2011-12-12T16:28:38+00:00","breadcrumb":{"@id":"https:\/\/www.bellunopress.it\/2011\/12\/12\/oltre-il-pil-manzato-la-ricchezza-prodotta-non-basta-piu-a-misurare-la-felicita-e-la-soddisfazione-del-cittadino\/#breadcrumb"},"inLanguage":"fr-FR","potentialAction":[{"@type":"ReadAction","target":["https:\/\/www.bellunopress.it\/2011\/12\/12\/oltre-il-pil-manzato-la-ricchezza-prodotta-non-basta-piu-a-misurare-la-felicita-e-la-soddisfazione-del-cittadino\/"]}]},{"@type":"ImageObject","inLanguage":"fr-FR","@id":"https:\/\/www.bellunopress.it\/2011\/12\/12\/oltre-il-pil-manzato-la-ricchezza-prodotta-non-basta-piu-a-misurare-la-felicita-e-la-soddisfazione-del-cittadino\/#primaryimage","url":"http:\/\/www.bellunopress.it\/wp-content\/uploads\/2011\/12\/oltre-il-Pil-convegno.jpg","contentUrl":"http:\/\/www.bellunopress.it\/wp-content\/uploads\/2011\/12\/oltre-il-Pil-convegno.jpg"},{"@type":"BreadcrumbList","@id":"https:\/\/www.bellunopress.it\/2011\/12\/12\/oltre-il-pil-manzato-la-ricchezza-prodotta-non-basta-piu-a-misurare-la-felicita-e-la-soddisfazione-del-cittadino\/#breadcrumb","itemListElement":[{"@type":"ListItem","position":1,"name":"Home","item":"https:\/\/www.bellunopress.it\/"},{"@type":"ListItem","position":2,"name":"Oltre il Pil. Manzato: &#8220;La ricchezza prodotta non basta pi\u00f9 a misurare la felicit\u00e0 e la soddisfazione del cittadino&#8221;"}]},{"@type":"WebSite","@id":"https:\/\/www.bellunopress.it\/#website","url":"https:\/\/www.bellunopress.it\/","name":"Bellunopress - Dolomiti","description":"e-mail: redazione@bellunopress.it","publisher":{"@id":"https:\/\/www.bellunopress.it\/#organization"},"potentialAction":[{"@type":"SearchAction","target":{"@type":"EntryPoint","urlTemplate":"https:\/\/www.bellunopress.it\/?s={search_term_string}"},"query-input":{"@type":"PropertyValueSpecification","valueRequired":true,"valueName":"search_term_string"}}],"inLanguage":"fr-FR"},{"@type":"Organization","@id":"https:\/\/www.bellunopress.it\/#organization","name":"Bellunopress","url":"https:\/\/www.bellunopress.it\/","logo":{"@type":"ImageObject","inLanguage":"fr-FR","@id":"https:\/\/www.bellunopress.it\/#\/schema\/logo\/image\/","url":"https:\/\/www.bellunopress.it\/wp-content\/uploads\/2011\/05\/cropped-logo-bellunopress-.jpg","contentUrl":"https:\/\/www.bellunopress.it\/wp-content\/uploads\/2011\/05\/cropped-logo-bellunopress-.jpg","width":512,"height":512,"caption":"Bellunopress"},"image":{"@id":"https:\/\/www.bellunopress.it\/#\/schema\/logo\/image\/"},"sameAs":["https:\/\/www.facebook.com\/profile.php?id=100008943462799","https:\/\/x.com\/bellunopress","https:\/\/www.linkedin.com\/hp\/?dnr=JBzUWaJfMUw8vbXJJ2tVW5-I3jZKvC4wsoxE&amp;amp;amp;amp;amp;amp;trk=nav_responsive_tab_home","https:\/\/www.youtube.com\/channel\/UCxL0wu1uN0_3_7hGG0306cw"]},{"@type":"Person","@id":"https:\/\/www.bellunopress.it\/#\/schema\/person\/79bb06722b37ece1c03d3e94beb30d73","name":"r\u00e9daction","image":{"@type":"ImageObject","inLanguage":"fr-FR","@id":"https:\/\/secure.gravatar.com\/avatar\/37d968a2e67a6fd04c169c4bdef102d0bc5d31b2546345219e348575eb80e9a0?s=96&d=mm&r=g","url":"https:\/\/secure.gravatar.com\/avatar\/37d968a2e67a6fd04c169c4bdef102d0bc5d31b2546345219e348575eb80e9a0?s=96&d=mm&r=g","contentUrl":"https:\/\/secure.gravatar.com\/avatar\/37d968a2e67a6fd04c169c4bdef102d0bc5d31b2546345219e348575eb80e9a0?s=96&d=mm&r=g","caption":"redazione"},"sameAs":["http:\/\/www.bellunopress.it","https:\/\/x.com\/bellunopress"],"url":"https:\/\/www.bellunopress.it\/fr\/author\/redazione\/"}]}},"_links":{"self":[{"href":"https:\/\/www.bellunopress.it\/fr\/wp-json\/wp\/v2\/posts\/33239","targetHints":{"allow":["GET"]}}],"collection":[{"href":"https:\/\/www.bellunopress.it\/fr\/wp-json\/wp\/v2\/posts"}],"about":[{"href":"https:\/\/www.bellunopress.it\/fr\/wp-json\/wp\/v2\/types\/post"}],"author":[{"embeddable":true,"href":"https:\/\/www.bellunopress.it\/fr\/wp-json\/wp\/v2\/users\/2"}],"replies":[{"embeddable":true,"href":"https:\/\/www.bellunopress.it\/fr\/wp-json\/wp\/v2\/comments?post=33239"}],"version-history":[{"count":1,"href":"https:\/\/www.bellunopress.it\/fr\/wp-json\/wp\/v2\/posts\/33239\/revisions"}],"predecessor-version":[{"id":33242,"href":"https:\/\/www.bellunopress.it\/fr\/wp-json\/wp\/v2\/posts\/33239\/revisions\/33242"}],"wp:attachment":[{"href":"https:\/\/www.bellunopress.it\/fr\/wp-json\/wp\/v2\/media?parent=33239"}],"wp:term":[{"taxonomy":"category","embeddable":true,"href":"https:\/\/www.bellunopress.it\/fr\/wp-json\/wp\/v2\/categories?post=33239"},{"taxonomy":"post_tag","embeddable":true,"href":"https:\/\/www.bellunopress.it\/fr\/wp-json\/wp\/v2\/tags?post=33239"}],"curies":[{"name":"wp","href":"https:\/\/api.w.org\/{rel}","templated":true}]}}