{"id":33233,"date":"2011-12-15T16:21:56","date_gmt":"2011-12-15T15:21:56","guid":{"rendered":"http:\/\/www.bellunopress.it\/?p=33233"},"modified":"2011-12-15T21:44:44","modified_gmt":"2011-12-15T20:44:44","slug":"la-i-fiera-erotica-venerdi-notte-allalibi-di-san-fior-otto-pornostar-in-pista","status":"publish","type":"post","link":"https:\/\/www.bellunopress.it\/fr\/2011\/12\/15\/la-i-fiera-erotica-venerdi-notte-allalibi-di-san-fior-otto-pornostar-in-pista\/","title":{"rendered":"La I^ Fiera erotica.  Venerd\u00ec notte all&#8217;Alibi di San Fior otto pornostar in pista"},"content":{"rendered":"<p>L&#8217;evento pi\u00f9 trasgressivo dell&#8217;anno, a mezz&#8217;ora di strada da Belluno, sta per avere inizio. Venerd\u00ec notte (16-17 dicembre) all&#8217;Alibi di San Fior, si terr\u00e0 la prima Fiera dell&#8217;erotismo.<\/p>\n<figure id=\"attachment_33234\" aria-describedby=\"caption-attachment-33234\" style=\"width: 220px\" class=\"wp-caption alignleft\"><a href=\"http:\/\/www.bellunopress.it\/wp-content\/uploads\/2011\/12\/ilka-summer.jpg\"><img loading=\"lazy\" decoding=\"async\" class=\"size-full wp-image-33234\" title=\"ilka summer\" src=\"http:\/\/www.bellunopress.it\/wp-content\/uploads\/2011\/12\/ilka-summer.jpg\" alt=\"\" width=\"220\" height=\"290\" \/><\/a><figcaption id=\"caption-attachment-33234\" class=\"wp-caption-text\">Ilka Summer<\/figcaption><\/figure>\n<p>Otto pornostar mozzafiato trasformerano in realt\u00e0 i vosti sogni ed ogni vostra fantasia. Ilka Summer, Michelle Ferrari, Ines Santini, Symba, Cristal Jolie, Deborah Rush, Denisa Pauer, Pamela West. L&#8217;irresistibile attrazione delle otto donne pi\u00f9 sexy del momento, per la prima volta tutte insieme in uno dei night pi\u00f9 prestigiosi del Triveneto. L&#8217;Alibi Lap dance si trova nelle vicinanze di Conegliano, in provincia di Treviso, precisamente a San Fior in viale Europa 14. L&#8217;Alibi diventer\u00e0 la noia diventer\u00e0 un lontano ricordo.<br \/>\nSenza dimenticare la possibilit\u00e0 di organizzare cene sexy, addii al celibato, eventi. Con una raffinata cucina e ampi tavoli.<\/p>\n<p>Alibi<br \/>\nVia Europa, 14<br \/>\n31020 San Fior TV<br \/>\ntel. +39 0438 260590<\/p>","protected":false},"excerpt":{"rendered":"<p>L&#8217;evento pi\u00f9 trasgressivo dell&#8217;anno, a mezz&#8217;ora di strada da Belluno, sta per avere inizio. Venerd\u00ec notte (16-17 dicembre) all&#8217;Alibi di San Fior, si terr\u00e0 la prima Fiera dell&#8217;erotismo. Otto pornostar mozzafiato trasformerano in realt\u00e0 i vosti sogni ed ogni vostra fantasia. Ilka Summer, Michelle Ferrari, Ines Santini, Symba, Cristal Jolie, Deborah Rush, Denisa Pauer, Pamela [&hellip;]<\/p>\n","protected":false},"author":2,"featured_media":0,"comment_status":"closed","ping_status":"open","sticky":false,"template":"","format":"standard","meta":{"footnotes":""},"categories":[27,25,50],"tags":[2367,2368],"class_list":["post-33233","post","type-post","status-publish","format-standard","category-appuntamenti","category-pausa-caffe","category-pubbliredazionali","tag-alibi","tag-san-fior"],"yoast_head":"<!-- This site is optimized with the Yoast SEO plugin v28.4 - https:\/\/yoast.com\/product\/yoast-seo-wordpress\/ -->\n<title>La I^ Fiera erotica. Venerd\u00ec notte all&#039;Alibi di San Fior otto pornostar in pista - Bellunopress - Dolomiti<\/title>\n<meta name=\"robots\" content=\"index, follow, max-snippet:-1, max-image-preview:large, max-video-preview:-1\" \/>\n<link rel=\"canonical\" href=\"https:\/\/www.bellunopress.it\/fr\/2011\/12\/15\/la-i-fiera-erotica-venerdi-notte-allalibi-di-san-fior-otto-pornostar-in-pista\/\" \/>\n<meta property=\"og:locale\" content=\"fr_FR\" \/>\n<meta property=\"og:type\" content=\"article\" \/>\n<meta property=\"og:title\" content=\"La I^ Fiera erotica. Venerd\u00ec notte all&#039;Alibi di San Fior otto pornostar in pista - Bellunopress - Dolomiti\" \/>\n<meta property=\"og:description\" content=\"L&#8217;evento pi\u00f9 trasgressivo dell&#8217;anno, a mezz&#8217;ora di strada da Belluno, sta per avere inizio. Venerd\u00ec notte (16-17 dicembre) all&#8217;Alibi di San Fior, si terr\u00e0 la prima Fiera dell&#8217;erotismo. Otto pornostar mozzafiato trasformerano in realt\u00e0 i vosti sogni ed ogni vostra fantasia. Ilka Summer, Michelle Ferrari, Ines Santini, Symba, Cristal Jolie, Deborah Rush, Denisa Pauer, Pamela [&hellip;]\" \/>\n<meta property=\"og:url\" content=\"https:\/\/www.bellunopress.it\/fr\/2011\/12\/15\/la-i-fiera-erotica-venerdi-notte-allalibi-di-san-fior-otto-pornostar-in-pista\/\" \/>\n<meta property=\"og:site_name\" content=\"Bellunopress - Dolomiti\" \/>\n<meta property=\"article:publisher\" content=\"https:\/\/www.facebook.com\/profile.php?id=100008943462799\" \/>\n<meta property=\"article:published_time\" content=\"2011-12-15T15:21:56+00:00\" \/>\n<meta property=\"article:modified_time\" content=\"2011-12-15T20:44:44+00:00\" \/>\n<meta property=\"og:image\" content=\"http:\/\/www.bellunopress.it\/wp-content\/uploads\/2011\/12\/ilka-summer.jpg\" \/>\n<meta name=\"author\" content=\"redazione\" \/>\n<meta name=\"twitter:card\" content=\"summary_large_image\" \/>\n<meta name=\"twitter:creator\" content=\"@bellunopress\" \/>\n<meta name=\"twitter:site\" content=\"@bellunopress\" \/>\n<meta name=\"twitter:label1\" content=\"Written by\" \/>\n\t<meta name=\"twitter:data1\" content=\"redazione\" \/>\n\t<meta name=\"twitter:label2\" content=\"Est. reading time\" \/>\n\t<meta name=\"twitter:data2\" content=\"1 minute\" \/>\n<script type=\"application\/ld+json\" class=\"yoast-schema-graph\">{\"@context\":\"https:\\\/\\\/schema.org\",\"@graph\":[{\"@type\":\"Article\",\"@id\":\"https:\\\/\\\/www.bellunopress.it\\\/2011\\\/12\\\/15\\\/la-i-fiera-erotica-venerdi-notte-allalibi-di-san-fior-otto-pornostar-in-pista\\\/#article\",\"isPartOf\":{\"@id\":\"https:\\\/\\\/www.bellunopress.it\\\/2011\\\/12\\\/15\\\/la-i-fiera-erotica-venerdi-notte-allalibi-di-san-fior-otto-pornostar-in-pista\\\/\"},\"author\":{\"name\":\"redazione\",\"@id\":\"https:\\\/\\\/www.bellunopress.it\\\/#\\\/schema\\\/person\\\/79bb06722b37ece1c03d3e94beb30d73\"},\"headline\":\"La I^ Fiera erotica. Venerd\u00ec notte all&#8217;Alibi di San Fior otto pornostar in pista\",\"datePublished\":\"2011-12-15T15:21:56+00:00\",\"dateModified\":\"2011-12-15T20:44:44+00:00\",\"mainEntityOfPage\":{\"@id\":\"https:\\\/\\\/www.bellunopress.it\\\/2011\\\/12\\\/15\\\/la-i-fiera-erotica-venerdi-notte-allalibi-di-san-fior-otto-pornostar-in-pista\\\/\"},\"wordCount\":166,\"publisher\":{\"@id\":\"https:\\\/\\\/www.bellunopress.it\\\/#organization\"},\"image\":{\"@id\":\"https:\\\/\\\/www.bellunopress.it\\\/2011\\\/12\\\/15\\\/la-i-fiera-erotica-venerdi-notte-allalibi-di-san-fior-otto-pornostar-in-pista\\\/#primaryimage\"},\"thumbnailUrl\":\"http:\\\/\\\/www.bellunopress.it\\\/wp-content\\\/uploads\\\/2011\\\/12\\\/ilka-summer.jpg\",\"keywords\":[\"Alibi\",\"San Fior\"],\"articleSection\":[\"Appuntamenti, Eventi\",\"Pausa Caff\u00e8\",\"Pubbliredazionali\"],\"inLanguage\":\"fr-FR\"},{\"@type\":\"WebPage\",\"@id\":\"https:\\\/\\\/www.bellunopress.it\\\/2011\\\/12\\\/15\\\/la-i-fiera-erotica-venerdi-notte-allalibi-di-san-fior-otto-pornostar-in-pista\\\/\",\"url\":\"https:\\\/\\\/www.bellunopress.it\\\/2011\\\/12\\\/15\\\/la-i-fiera-erotica-venerdi-notte-allalibi-di-san-fior-otto-pornostar-in-pista\\\/\",\"name\":\"La I^ Fiera erotica. Venerd\u00ec notte all'Alibi di San Fior otto pornostar in pista - Bellunopress - Dolomiti\",\"isPartOf\":{\"@id\":\"https:\\\/\\\/www.bellunopress.it\\\/#website\"},\"primaryImageOfPage\":{\"@id\":\"https:\\\/\\\/www.bellunopress.it\\\/2011\\\/12\\\/15\\\/la-i-fiera-erotica-venerdi-notte-allalibi-di-san-fior-otto-pornostar-in-pista\\\/#primaryimage\"},\"image\":{\"@id\":\"https:\\\/\\\/www.bellunopress.it\\\/2011\\\/12\\\/15\\\/la-i-fiera-erotica-venerdi-notte-allalibi-di-san-fior-otto-pornostar-in-pista\\\/#primaryimage\"},\"thumbnailUrl\":\"http:\\\/\\\/www.bellunopress.it\\\/wp-content\\\/uploads\\\/2011\\\/12\\\/ilka-summer.jpg\",\"datePublished\":\"2011-12-15T15:21:56+00:00\",\"dateModified\":\"2011-12-15T20:44:44+00:00\",\"breadcrumb\":{\"@id\":\"https:\\\/\\\/www.bellunopress.it\\\/2011\\\/12\\\/15\\\/la-i-fiera-erotica-venerdi-notte-allalibi-di-san-fior-otto-pornostar-in-pista\\\/#breadcrumb\"},\"inLanguage\":\"fr-FR\",\"potentialAction\":[{\"@type\":\"ReadAction\",\"target\":[\"https:\\\/\\\/www.bellunopress.it\\\/2011\\\/12\\\/15\\\/la-i-fiera-erotica-venerdi-notte-allalibi-di-san-fior-otto-pornostar-in-pista\\\/\"]}]},{\"@type\":\"ImageObject\",\"inLanguage\":\"fr-FR\",\"@id\":\"https:\\\/\\\/www.bellunopress.it\\\/2011\\\/12\\\/15\\\/la-i-fiera-erotica-venerdi-notte-allalibi-di-san-fior-otto-pornostar-in-pista\\\/#primaryimage\",\"url\":\"http:\\\/\\\/www.bellunopress.it\\\/wp-content\\\/uploads\\\/2011\\\/12\\\/ilka-summer.jpg\",\"contentUrl\":\"http:\\\/\\\/www.bellunopress.it\\\/wp-content\\\/uploads\\\/2011\\\/12\\\/ilka-summer.jpg\"},{\"@type\":\"BreadcrumbList\",\"@id\":\"https:\\\/\\\/www.bellunopress.it\\\/2011\\\/12\\\/15\\\/la-i-fiera-erotica-venerdi-notte-allalibi-di-san-fior-otto-pornostar-in-pista\\\/#breadcrumb\",\"itemListElement\":[{\"@type\":\"ListItem\",\"position\":1,\"name\":\"Home\",\"item\":\"https:\\\/\\\/www.bellunopress.it\\\/\"},{\"@type\":\"ListItem\",\"position\":2,\"name\":\"La I^ Fiera erotica. Venerd\u00ec notte all&#8217;Alibi di San Fior otto pornostar in pista\"}]},{\"@type\":\"WebSite\",\"@id\":\"https:\\\/\\\/www.bellunopress.it\\\/#website\",\"url\":\"https:\\\/\\\/www.bellunopress.it\\\/\",\"name\":\"Bellunopress - Dolomiti\",\"description\":\"e-mail: redazione@bellunopress.it\",\"publisher\":{\"@id\":\"https:\\\/\\\/www.bellunopress.it\\\/#organization\"},\"potentialAction\":[{\"@type\":\"SearchAction\",\"target\":{\"@type\":\"EntryPoint\",\"urlTemplate\":\"https:\\\/\\\/www.bellunopress.it\\\/?s={search_term_string}\"},\"query-input\":{\"@type\":\"PropertyValueSpecification\",\"valueRequired\":true,\"valueName\":\"search_term_string\"}}],\"inLanguage\":\"fr-FR\"},{\"@type\":\"Organization\",\"@id\":\"https:\\\/\\\/www.bellunopress.it\\\/#organization\",\"name\":\"Bellunopress\",\"url\":\"https:\\\/\\\/www.bellunopress.it\\\/\",\"logo\":{\"@type\":\"ImageObject\",\"inLanguage\":\"fr-FR\",\"@id\":\"https:\\\/\\\/www.bellunopress.it\\\/#\\\/schema\\\/logo\\\/image\\\/\",\"url\":\"https:\\\/\\\/www.bellunopress.it\\\/wp-content\\\/uploads\\\/2011\\\/05\\\/cropped-logo-bellunopress-.jpg\",\"contentUrl\":\"https:\\\/\\\/www.bellunopress.it\\\/wp-content\\\/uploads\\\/2011\\\/05\\\/cropped-logo-bellunopress-.jpg\",\"width\":512,\"height\":512,\"caption\":\"Bellunopress\"},\"image\":{\"@id\":\"https:\\\/\\\/www.bellunopress.it\\\/#\\\/schema\\\/logo\\\/image\\\/\"},\"sameAs\":[\"https:\\\/\\\/www.facebook.com\\\/profile.php?id=100008943462799\",\"https:\\\/\\\/x.com\\\/bellunopress\",\"https:\\\/\\\/www.linkedin.com\\\/hp\\\/?dnr=JBzUWaJfMUw8vbXJJ2tVW5-I3jZKvC4wsoxE&amp;amp;amp;amp;amp;amp;trk=nav_responsive_tab_home\",\"https:\\\/\\\/www.youtube.com\\\/channel\\\/UCxL0wu1uN0_3_7hGG0306cw\"]},{\"@type\":\"Person\",\"@id\":\"https:\\\/\\\/www.bellunopress.it\\\/#\\\/schema\\\/person\\\/79bb06722b37ece1c03d3e94beb30d73\",\"name\":\"redazione\",\"image\":{\"@type\":\"ImageObject\",\"inLanguage\":\"fr-FR\",\"@id\":\"https:\\\/\\\/secure.gravatar.com\\\/avatar\\\/37d968a2e67a6fd04c169c4bdef102d0bc5d31b2546345219e348575eb80e9a0?s=96&d=mm&r=g\",\"url\":\"https:\\\/\\\/secure.gravatar.com\\\/avatar\\\/37d968a2e67a6fd04c169c4bdef102d0bc5d31b2546345219e348575eb80e9a0?s=96&d=mm&r=g\",\"contentUrl\":\"https:\\\/\\\/secure.gravatar.com\\\/avatar\\\/37d968a2e67a6fd04c169c4bdef102d0bc5d31b2546345219e348575eb80e9a0?s=96&d=mm&r=g\",\"caption\":\"redazione\"},\"sameAs\":[\"http:\\\/\\\/www.bellunopress.it\",\"https:\\\/\\\/x.com\\\/bellunopress\"],\"url\":\"https:\\\/\\\/www.bellunopress.it\\\/fr\\\/author\\\/redazione\\\/\"}]}<\/script>\n<!-- \/ Yoast SEO plugin. -->","yoast_head_json":{"title":"La I^ Fiera erotica. Venerd\u00ec notte all'Alibi di San Fior otto pornostar in pista - Bellunopress - Dolomiti","robots":{"index":"index","follow":"follow","max-snippet":"max-snippet:-1","max-image-preview":"max-image-preview:large","max-video-preview":"max-video-preview:-1"},"canonical":"https:\/\/www.bellunopress.it\/fr\/2011\/12\/15\/la-i-fiera-erotica-venerdi-notte-allalibi-di-san-fior-otto-pornostar-in-pista\/","og_locale":"fr_FR","og_type":"article","og_title":"La I^ Fiera erotica. Venerd\u00ec notte all'Alibi di San Fior otto pornostar in pista - Bellunopress - Dolomiti","og_description":"L&#8217;evento pi\u00f9 trasgressivo dell&#8217;anno, a mezz&#8217;ora di strada da Belluno, sta per avere inizio. Venerd\u00ec notte (16-17 dicembre) all&#8217;Alibi di San Fior, si terr\u00e0 la prima Fiera dell&#8217;erotismo. Otto pornostar mozzafiato trasformerano in realt\u00e0 i vosti sogni ed ogni vostra fantasia. Ilka Summer, Michelle Ferrari, Ines Santini, Symba, Cristal Jolie, Deborah Rush, Denisa Pauer, Pamela [&hellip;]","og_url":"https:\/\/www.bellunopress.it\/fr\/2011\/12\/15\/la-i-fiera-erotica-venerdi-notte-allalibi-di-san-fior-otto-pornostar-in-pista\/","og_site_name":"Bellunopress - Dolomiti","article_publisher":"https:\/\/www.facebook.com\/profile.php?id=100008943462799","article_published_time":"2011-12-15T15:21:56+00:00","article_modified_time":"2011-12-15T20:44:44+00:00","og_image":[{"url":"http:\/\/www.bellunopress.it\/wp-content\/uploads\/2011\/12\/ilka-summer.jpg","type":"","width":"","height":""}],"author":"redazione","twitter_card":"summary_large_image","twitter_creator":"@bellunopress","twitter_site":"@bellunopress","twitter_misc":{"Written by":"redazione","Est. reading time":"1 minute"},"schema":{"@context":"https:\/\/schema.org","@graph":[{"@type":"Article","@id":"https:\/\/www.bellunopress.it\/2011\/12\/15\/la-i-fiera-erotica-venerdi-notte-allalibi-di-san-fior-otto-pornostar-in-pista\/#article","isPartOf":{"@id":"https:\/\/www.bellunopress.it\/2011\/12\/15\/la-i-fiera-erotica-venerdi-notte-allalibi-di-san-fior-otto-pornostar-in-pista\/"},"author":{"name":"redazione","@id":"https:\/\/www.bellunopress.it\/#\/schema\/person\/79bb06722b37ece1c03d3e94beb30d73"},"headline":"La I^ Fiera erotica. Venerd\u00ec notte all&#8217;Alibi di San Fior otto pornostar in pista","datePublished":"2011-12-15T15:21:56+00:00","dateModified":"2011-12-15T20:44:44+00:00","mainEntityOfPage":{"@id":"https:\/\/www.bellunopress.it\/2011\/12\/15\/la-i-fiera-erotica-venerdi-notte-allalibi-di-san-fior-otto-pornostar-in-pista\/"},"wordCount":166,"publisher":{"@id":"https:\/\/www.bellunopress.it\/#organization"},"image":{"@id":"https:\/\/www.bellunopress.it\/2011\/12\/15\/la-i-fiera-erotica-venerdi-notte-allalibi-di-san-fior-otto-pornostar-in-pista\/#primaryimage"},"thumbnailUrl":"http:\/\/www.bellunopress.it\/wp-content\/uploads\/2011\/12\/ilka-summer.jpg","keywords":["Alibi","San Fior"],"articleSection":["Appuntamenti, Eventi","Pausa Caff\u00e8","Pubbliredazionali"],"inLanguage":"fr-FR"},{"@type":"WebPage","@id":"https:\/\/www.bellunopress.it\/2011\/12\/15\/la-i-fiera-erotica-venerdi-notte-allalibi-di-san-fior-otto-pornostar-in-pista\/","url":"https:\/\/www.bellunopress.it\/2011\/12\/15\/la-i-fiera-erotica-venerdi-notte-allalibi-di-san-fior-otto-pornostar-in-pista\/","name":"La I^ Fiera erotica. Venerd\u00ec notte all'Alibi di San Fior otto pornostar in pista - Bellunopress - Dolomiti","isPartOf":{"@id":"https:\/\/www.bellunopress.it\/#website"},"primaryImageOfPage":{"@id":"https:\/\/www.bellunopress.it\/2011\/12\/15\/la-i-fiera-erotica-venerdi-notte-allalibi-di-san-fior-otto-pornostar-in-pista\/#primaryimage"},"image":{"@id":"https:\/\/www.bellunopress.it\/2011\/12\/15\/la-i-fiera-erotica-venerdi-notte-allalibi-di-san-fior-otto-pornostar-in-pista\/#primaryimage"},"thumbnailUrl":"http:\/\/www.bellunopress.it\/wp-content\/uploads\/2011\/12\/ilka-summer.jpg","datePublished":"2011-12-15T15:21:56+00:00","dateModified":"2011-12-15T20:44:44+00:00","breadcrumb":{"@id":"https:\/\/www.bellunopress.it\/2011\/12\/15\/la-i-fiera-erotica-venerdi-notte-allalibi-di-san-fior-otto-pornostar-in-pista\/#breadcrumb"},"inLanguage":"fr-FR","potentialAction":[{"@type":"ReadAction","target":["https:\/\/www.bellunopress.it\/2011\/12\/15\/la-i-fiera-erotica-venerdi-notte-allalibi-di-san-fior-otto-pornostar-in-pista\/"]}]},{"@type":"ImageObject","inLanguage":"fr-FR","@id":"https:\/\/www.bellunopress.it\/2011\/12\/15\/la-i-fiera-erotica-venerdi-notte-allalibi-di-san-fior-otto-pornostar-in-pista\/#primaryimage","url":"http:\/\/www.bellunopress.it\/wp-content\/uploads\/2011\/12\/ilka-summer.jpg","contentUrl":"http:\/\/www.bellunopress.it\/wp-content\/uploads\/2011\/12\/ilka-summer.jpg"},{"@type":"BreadcrumbList","@id":"https:\/\/www.bellunopress.it\/2011\/12\/15\/la-i-fiera-erotica-venerdi-notte-allalibi-di-san-fior-otto-pornostar-in-pista\/#breadcrumb","itemListElement":[{"@type":"ListItem","position":1,"name":"Home","item":"https:\/\/www.bellunopress.it\/"},{"@type":"ListItem","position":2,"name":"La I^ Fiera erotica. Venerd\u00ec notte all&#8217;Alibi di San Fior otto pornostar in pista"}]},{"@type":"WebSite","@id":"https:\/\/www.bellunopress.it\/#website","url":"https:\/\/www.bellunopress.it\/","name":"Bellunopress - Dolomiti","description":"e-mail: redazione@bellunopress.it","publisher":{"@id":"https:\/\/www.bellunopress.it\/#organization"},"potentialAction":[{"@type":"SearchAction","target":{"@type":"EntryPoint","urlTemplate":"https:\/\/www.bellunopress.it\/?s={search_term_string}"},"query-input":{"@type":"PropertyValueSpecification","valueRequired":true,"valueName":"search_term_string"}}],"inLanguage":"fr-FR"},{"@type":"Organization","@id":"https:\/\/www.bellunopress.it\/#organization","name":"Bellunopress","url":"https:\/\/www.bellunopress.it\/","logo":{"@type":"ImageObject","inLanguage":"fr-FR","@id":"https:\/\/www.bellunopress.it\/#\/schema\/logo\/image\/","url":"https:\/\/www.bellunopress.it\/wp-content\/uploads\/2011\/05\/cropped-logo-bellunopress-.jpg","contentUrl":"https:\/\/www.bellunopress.it\/wp-content\/uploads\/2011\/05\/cropped-logo-bellunopress-.jpg","width":512,"height":512,"caption":"Bellunopress"},"image":{"@id":"https:\/\/www.bellunopress.it\/#\/schema\/logo\/image\/"},"sameAs":["https:\/\/www.facebook.com\/profile.php?id=100008943462799","https:\/\/x.com\/bellunopress","https:\/\/www.linkedin.com\/hp\/?dnr=JBzUWaJfMUw8vbXJJ2tVW5-I3jZKvC4wsoxE&amp;amp;amp;amp;amp;amp;trk=nav_responsive_tab_home","https:\/\/www.youtube.com\/channel\/UCxL0wu1uN0_3_7hGG0306cw"]},{"@type":"Person","@id":"https:\/\/www.bellunopress.it\/#\/schema\/person\/79bb06722b37ece1c03d3e94beb30d73","name":"r\u00e9daction","image":{"@type":"ImageObject","inLanguage":"fr-FR","@id":"https:\/\/secure.gravatar.com\/avatar\/37d968a2e67a6fd04c169c4bdef102d0bc5d31b2546345219e348575eb80e9a0?s=96&d=mm&r=g","url":"https:\/\/secure.gravatar.com\/avatar\/37d968a2e67a6fd04c169c4bdef102d0bc5d31b2546345219e348575eb80e9a0?s=96&d=mm&r=g","contentUrl":"https:\/\/secure.gravatar.com\/avatar\/37d968a2e67a6fd04c169c4bdef102d0bc5d31b2546345219e348575eb80e9a0?s=96&d=mm&r=g","caption":"redazione"},"sameAs":["http:\/\/www.bellunopress.it","https:\/\/x.com\/bellunopress"],"url":"https:\/\/www.bellunopress.it\/fr\/author\/redazione\/"}]}},"_links":{"self":[{"href":"https:\/\/www.bellunopress.it\/fr\/wp-json\/wp\/v2\/posts\/33233","targetHints":{"allow":["GET"]}}],"collection":[{"href":"https:\/\/www.bellunopress.it\/fr\/wp-json\/wp\/v2\/posts"}],"about":[{"href":"https:\/\/www.bellunopress.it\/fr\/wp-json\/wp\/v2\/types\/post"}],"author":[{"embeddable":true,"href":"https:\/\/www.bellunopress.it\/fr\/wp-json\/wp\/v2\/users\/2"}],"replies":[{"embeddable":true,"href":"https:\/\/www.bellunopress.it\/fr\/wp-json\/wp\/v2\/comments?post=33233"}],"version-history":[{"count":2,"href":"https:\/\/www.bellunopress.it\/fr\/wp-json\/wp\/v2\/posts\/33233\/revisions"}],"predecessor-version":[{"id":33361,"href":"https:\/\/www.bellunopress.it\/fr\/wp-json\/wp\/v2\/posts\/33233\/revisions\/33361"}],"wp:attachment":[{"href":"https:\/\/www.bellunopress.it\/fr\/wp-json\/wp\/v2\/media?parent=33233"}],"wp:term":[{"taxonomy":"category","embeddable":true,"href":"https:\/\/www.bellunopress.it\/fr\/wp-json\/wp\/v2\/categories?post=33233"},{"taxonomy":"post_tag","embeddable":true,"href":"https:\/\/www.bellunopress.it\/fr\/wp-json\/wp\/v2\/tags?post=33233"}],"curies":[{"name":"wp","href":"https:\/\/api.w.org\/{rel}","templated":true}]}}