{"id":33229,"date":"2011-12-12T10:27:44","date_gmt":"2011-12-12T09:27:44","guid":{"rendered":"http:\/\/www.bellunopress.it\/?p=33229"},"modified":"2011-12-12T10:27:44","modified_gmt":"2011-12-12T09:27:44","slug":"ce-vita-tra-le-rocce-e-i-minerali-venerdi-la-conferenza-a-ponte-nelle-alpi","status":"publish","type":"post","link":"https:\/\/www.bellunopress.it\/fr\/2011\/12\/12\/ce-vita-tra-le-rocce-e-i-minerali-venerdi-la-conferenza-a-ponte-nelle-alpi\/","title":{"rendered":"C&#8217;\u00e8 vita tra le rocce e i minerali: Venerd\u00ec la conferenza a Ponte nelle Alpi"},"content":{"rendered":"<p>Le rocce e i minerali possono apparire freddi e lontanissimi dal nostro concetto di vita, ma sono composti degli stessi elementi di cui siamo fatti anche noi esseri viventi. Non solo, ma molti degli stessi minerali osservabili nelle rocce si riscontrano pressoch\u00e9 uguali nelle strutture biologiche. Nate da radici comuni e comunanze di elementi di cui spesso non siamo a conoscenza, le relazioni tra mondo minerale e animale e il ruolo fondamentale dei minerali nello sviluppo dell&#8217;incredibile variet\u00e0 di forme viventi sulla Terra sono il tema della conferenza \u201cBiominerali: le pietre della vita\u201d che il Gruppo divulgazione scientifica Dolomiti e l&#8217;associazione Gryphos organizzano venerd\u00ec 16 dicembre alle 20.30 a Ponte nelle Alpi. Nel corso della serata il geologo Manolo Piat, segretario del GDS, metter\u00e0 in luce gli elementi comuni che legano rocce e minerali con le forme di vita, attraverso un percorso che ripercorrer\u00e0 la storia della Terra, alla ricerca degli elementi chimici che costituiscono allo stesso momento la superficie solida del nostro pianeta e la materia di cui sono fatti gli esseri viventi. \u201cBiominerali: le pietre della vita\u201d si tiene venerd\u00ec 16 dicembre alle 20.30 nella sede di Gryphos, in Viale Cadore 29\/D a Ponte nelle Alpi. L&#8217;ingresso \u00e8 libero. Per ulteriori informazioni potete contattare l&#8217;associazione attraverso facebook, alla mail gryphos@libero.it oppure allo 0437 847528. Cos&#8217;\u00e8 GDS \u2013 Gruppo divulgazione scientifica Il GDS DOLOMITI \u201cE. Fermi\u201d, Gruppo Divulgazione Scientifica, \u00e8 un\u2019associazione no profit con sede a Belluno, il cui obiettivo \u00e8 la diffusione gratuita della conoscenza scientifica. GDS si prefigge di offrire alla popolazione locale l\u2019opportunit\u00e0 di confrontarsi con le tematiche scientifiche in una sorta di \u201cinvito alla comunicazione\u201d, una condivisione di quel patrimonio di conoscenze che pu\u00f2 esplicarsi soltanto attraverso la partecipazione collettiva. In particolare, pur avendo un orizzonte pi\u00f9 ampio, questo progetto trova la sua naturale collocazione a Belluno, una terra in cui la richiesta di cultura \u00e8 pressante, ma spesso difficile da soddisfare anche a causa della distanza dai grandi centri intellettuali tradizionali. GDS \u2013 Gruppo Divulgazione scientifica, \u00e8 anche in internet e su facebook<\/p>","protected":false},"excerpt":{"rendered":"<p>Le rocce e i minerali possono apparire freddi e lontanissimi dal nostro concetto di vita, ma sono composti degli stessi elementi di cui siamo fatti anche noi esseri viventi. Non solo, ma molti degli stessi minerali osservabili nelle rocce si riscontrano pressoch\u00e9 uguali nelle strutture biologiche. Nate da radici comuni e comunanze di elementi di [&hellip;]<\/p>\n","protected":false},"author":2,"featured_media":0,"comment_status":"closed","ping_status":"open","sticky":false,"template":"","format":"standard","meta":{"footnotes":""},"categories":[27,25],"tags":[],"class_list":["post-33229","post","type-post","status-publish","format-standard","category-appuntamenti","category-pausa-caffe"],"yoast_head":"<!-- This site is optimized with the Yoast SEO plugin v28.4 - https:\/\/yoast.com\/product\/yoast-seo-wordpress\/ -->\n<title>C&#039;\u00e8 vita tra le rocce e i minerali: Venerd\u00ec la conferenza a Ponte nelle Alpi  - Bellunopress - Dolomiti<\/title>\n<meta name=\"robots\" content=\"index, follow, max-snippet:-1, max-image-preview:large, max-video-preview:-1\" \/>\n<link rel=\"canonical\" href=\"https:\/\/www.bellunopress.it\/fr\/2011\/12\/12\/ce-vita-tra-le-rocce-e-i-minerali-venerdi-la-conferenza-a-ponte-nelle-alpi\/\" \/>\n<meta property=\"og:locale\" content=\"fr_FR\" \/>\n<meta property=\"og:type\" content=\"article\" \/>\n<meta property=\"og:title\" content=\"C&#039;\u00e8 vita tra le rocce e i minerali: Venerd\u00ec la conferenza a Ponte nelle Alpi  - Bellunopress - Dolomiti\" \/>\n<meta property=\"og:description\" content=\"Le rocce e i minerali possono apparire freddi e lontanissimi dal nostro concetto di vita, ma sono composti degli stessi elementi di cui siamo fatti anche noi esseri viventi. Non solo, ma molti degli stessi minerali osservabili nelle rocce si riscontrano pressoch\u00e9 uguali nelle strutture biologiche. Nate da radici comuni e comunanze di elementi di [&hellip;]\" \/>\n<meta property=\"og:url\" content=\"https:\/\/www.bellunopress.it\/fr\/2011\/12\/12\/ce-vita-tra-le-rocce-e-i-minerali-venerdi-la-conferenza-a-ponte-nelle-alpi\/\" \/>\n<meta property=\"og:site_name\" content=\"Bellunopress - Dolomiti\" \/>\n<meta property=\"article:publisher\" content=\"https:\/\/www.facebook.com\/profile.php?id=100008943462799\" \/>\n<meta property=\"article:published_time\" content=\"2011-12-12T09:27:44+00:00\" \/>\n<meta property=\"og:image\" content=\"http:\/\/www.bellunopress.it\/wp-content\/uploads\/2012\/07\/logo-bellunopress-250x250-2012.jpg\" \/>\n<meta name=\"author\" content=\"redazione\" \/>\n<meta name=\"twitter:card\" content=\"summary_large_image\" \/>\n<meta name=\"twitter:creator\" content=\"@bellunopress\" \/>\n<meta name=\"twitter:site\" content=\"@bellunopress\" \/>\n<meta name=\"twitter:label1\" content=\"\u00c9crit par\" \/>\n\t<meta name=\"twitter:data1\" content=\"redazione\" \/>\n\t<meta name=\"twitter:label2\" content=\"Dur\u00e9e de lecture estim\u00e9e\" \/>\n\t<meta name=\"twitter:data2\" content=\"2 minutes\" \/>\n<script type=\"application\/ld+json\" class=\"yoast-schema-graph\">{\"@context\":\"https:\\\/\\\/schema.org\",\"@graph\":[{\"@type\":\"Article\",\"@id\":\"https:\\\/\\\/www.bellunopress.it\\\/2011\\\/12\\\/12\\\/ce-vita-tra-le-rocce-e-i-minerali-venerdi-la-conferenza-a-ponte-nelle-alpi\\\/#article\",\"isPartOf\":{\"@id\":\"https:\\\/\\\/www.bellunopress.it\\\/2011\\\/12\\\/12\\\/ce-vita-tra-le-rocce-e-i-minerali-venerdi-la-conferenza-a-ponte-nelle-alpi\\\/\"},\"author\":{\"name\":\"redazione\",\"@id\":\"https:\\\/\\\/www.bellunopress.it\\\/#\\\/schema\\\/person\\\/79bb06722b37ece1c03d3e94beb30d73\"},\"headline\":\"C&#8217;\u00e8 vita tra le rocce e i minerali: Venerd\u00ec la conferenza a Ponte nelle Alpi\",\"datePublished\":\"2011-12-12T09:27:44+00:00\",\"mainEntityOfPage\":{\"@id\":\"https:\\\/\\\/www.bellunopress.it\\\/2011\\\/12\\\/12\\\/ce-vita-tra-le-rocce-e-i-minerali-venerdi-la-conferenza-a-ponte-nelle-alpi\\\/\"},\"wordCount\":349,\"publisher\":{\"@id\":\"https:\\\/\\\/www.bellunopress.it\\\/#organization\"},\"articleSection\":[\"Appuntamenti, Eventi\",\"Pausa Caff\u00e8\"],\"inLanguage\":\"fr-FR\"},{\"@type\":\"WebPage\",\"@id\":\"https:\\\/\\\/www.bellunopress.it\\\/2011\\\/12\\\/12\\\/ce-vita-tra-le-rocce-e-i-minerali-venerdi-la-conferenza-a-ponte-nelle-alpi\\\/\",\"url\":\"https:\\\/\\\/www.bellunopress.it\\\/2011\\\/12\\\/12\\\/ce-vita-tra-le-rocce-e-i-minerali-venerdi-la-conferenza-a-ponte-nelle-alpi\\\/\",\"name\":\"C'\u00e8 vita tra le rocce e i minerali: Venerd\u00ec la conferenza a Ponte nelle Alpi - Bellunopress - Dolomiti\",\"isPartOf\":{\"@id\":\"https:\\\/\\\/www.bellunopress.it\\\/#website\"},\"datePublished\":\"2011-12-12T09:27:44+00:00\",\"breadcrumb\":{\"@id\":\"https:\\\/\\\/www.bellunopress.it\\\/2011\\\/12\\\/12\\\/ce-vita-tra-le-rocce-e-i-minerali-venerdi-la-conferenza-a-ponte-nelle-alpi\\\/#breadcrumb\"},\"inLanguage\":\"fr-FR\",\"potentialAction\":[{\"@type\":\"ReadAction\",\"target\":[\"https:\\\/\\\/www.bellunopress.it\\\/2011\\\/12\\\/12\\\/ce-vita-tra-le-rocce-e-i-minerali-venerdi-la-conferenza-a-ponte-nelle-alpi\\\/\"]}]},{\"@type\":\"BreadcrumbList\",\"@id\":\"https:\\\/\\\/www.bellunopress.it\\\/2011\\\/12\\\/12\\\/ce-vita-tra-le-rocce-e-i-minerali-venerdi-la-conferenza-a-ponte-nelle-alpi\\\/#breadcrumb\",\"itemListElement\":[{\"@type\":\"ListItem\",\"position\":1,\"name\":\"Home\",\"item\":\"https:\\\/\\\/www.bellunopress.it\\\/\"},{\"@type\":\"ListItem\",\"position\":2,\"name\":\"C&#8217;\u00e8 vita tra le rocce e i minerali: Venerd\u00ec la conferenza a Ponte nelle Alpi\"}]},{\"@type\":\"WebSite\",\"@id\":\"https:\\\/\\\/www.bellunopress.it\\\/#website\",\"url\":\"https:\\\/\\\/www.bellunopress.it\\\/\",\"name\":\"Bellunopress - Dolomiti\",\"description\":\"e-mail: redazione@bellunopress.it\",\"publisher\":{\"@id\":\"https:\\\/\\\/www.bellunopress.it\\\/#organization\"},\"potentialAction\":[{\"@type\":\"SearchAction\",\"target\":{\"@type\":\"EntryPoint\",\"urlTemplate\":\"https:\\\/\\\/www.bellunopress.it\\\/?s={search_term_string}\"},\"query-input\":{\"@type\":\"PropertyValueSpecification\",\"valueRequired\":true,\"valueName\":\"search_term_string\"}}],\"inLanguage\":\"fr-FR\"},{\"@type\":\"Organization\",\"@id\":\"https:\\\/\\\/www.bellunopress.it\\\/#organization\",\"name\":\"Bellunopress\",\"url\":\"https:\\\/\\\/www.bellunopress.it\\\/\",\"logo\":{\"@type\":\"ImageObject\",\"inLanguage\":\"fr-FR\",\"@id\":\"https:\\\/\\\/www.bellunopress.it\\\/#\\\/schema\\\/logo\\\/image\\\/\",\"url\":\"https:\\\/\\\/www.bellunopress.it\\\/wp-content\\\/uploads\\\/2011\\\/05\\\/cropped-logo-bellunopress-.jpg\",\"contentUrl\":\"https:\\\/\\\/www.bellunopress.it\\\/wp-content\\\/uploads\\\/2011\\\/05\\\/cropped-logo-bellunopress-.jpg\",\"width\":512,\"height\":512,\"caption\":\"Bellunopress\"},\"image\":{\"@id\":\"https:\\\/\\\/www.bellunopress.it\\\/#\\\/schema\\\/logo\\\/image\\\/\"},\"sameAs\":[\"https:\\\/\\\/www.facebook.com\\\/profile.php?id=100008943462799\",\"https:\\\/\\\/x.com\\\/bellunopress\",\"https:\\\/\\\/www.linkedin.com\\\/hp\\\/?dnr=JBzUWaJfMUw8vbXJJ2tVW5-I3jZKvC4wsoxE&amp;amp;amp;amp;amp;amp;trk=nav_responsive_tab_home\",\"https:\\\/\\\/www.youtube.com\\\/channel\\\/UCxL0wu1uN0_3_7hGG0306cw\"]},{\"@type\":\"Person\",\"@id\":\"https:\\\/\\\/www.bellunopress.it\\\/#\\\/schema\\\/person\\\/79bb06722b37ece1c03d3e94beb30d73\",\"name\":\"redazione\",\"image\":{\"@type\":\"ImageObject\",\"inLanguage\":\"fr-FR\",\"@id\":\"https:\\\/\\\/secure.gravatar.com\\\/avatar\\\/37d968a2e67a6fd04c169c4bdef102d0bc5d31b2546345219e348575eb80e9a0?s=96&d=mm&r=g\",\"url\":\"https:\\\/\\\/secure.gravatar.com\\\/avatar\\\/37d968a2e67a6fd04c169c4bdef102d0bc5d31b2546345219e348575eb80e9a0?s=96&d=mm&r=g\",\"contentUrl\":\"https:\\\/\\\/secure.gravatar.com\\\/avatar\\\/37d968a2e67a6fd04c169c4bdef102d0bc5d31b2546345219e348575eb80e9a0?s=96&d=mm&r=g\",\"caption\":\"redazione\"},\"sameAs\":[\"http:\\\/\\\/www.bellunopress.it\",\"https:\\\/\\\/x.com\\\/bellunopress\"],\"url\":\"https:\\\/\\\/www.bellunopress.it\\\/fr\\\/author\\\/redazione\\\/\"}]}<\/script>\n<!-- \/ Yoast SEO plugin. -->","yoast_head_json":{"title":"C'\u00e8 vita tra le rocce e i minerali: Venerd\u00ec la conferenza a Ponte nelle Alpi  - Bellunopress - Dolomiti","robots":{"index":"index","follow":"follow","max-snippet":"max-snippet:-1","max-image-preview":"max-image-preview:large","max-video-preview":"max-video-preview:-1"},"canonical":"https:\/\/www.bellunopress.it\/fr\/2011\/12\/12\/ce-vita-tra-le-rocce-e-i-minerali-venerdi-la-conferenza-a-ponte-nelle-alpi\/","og_locale":"fr_FR","og_type":"article","og_title":"C'\u00e8 vita tra le rocce e i minerali: Venerd\u00ec la conferenza a Ponte nelle Alpi  - Bellunopress - Dolomiti","og_description":"Le rocce e i minerali possono apparire freddi e lontanissimi dal nostro concetto di vita, ma sono composti degli stessi elementi di cui siamo fatti anche noi esseri viventi. Non solo, ma molti degli stessi minerali osservabili nelle rocce si riscontrano pressoch\u00e9 uguali nelle strutture biologiche. Nate da radici comuni e comunanze di elementi di [&hellip;]","og_url":"https:\/\/www.bellunopress.it\/fr\/2011\/12\/12\/ce-vita-tra-le-rocce-e-i-minerali-venerdi-la-conferenza-a-ponte-nelle-alpi\/","og_site_name":"Bellunopress - Dolomiti","article_publisher":"https:\/\/www.facebook.com\/profile.php?id=100008943462799","article_published_time":"2011-12-12T09:27:44+00:00","og_image":[{"url":"http:\/\/www.bellunopress.it\/wp-content\/uploads\/2012\/07\/logo-bellunopress-250x250-2012.jpg","type":"","width":"","height":""}],"author":"redazione","twitter_card":"summary_large_image","twitter_creator":"@bellunopress","twitter_site":"@bellunopress","twitter_misc":{"\u00c9crit par":"redazione","Dur\u00e9e de lecture estim\u00e9e":"2 minutes"},"schema":{"@context":"https:\/\/schema.org","@graph":[{"@type":"Article","@id":"https:\/\/www.bellunopress.it\/2011\/12\/12\/ce-vita-tra-le-rocce-e-i-minerali-venerdi-la-conferenza-a-ponte-nelle-alpi\/#article","isPartOf":{"@id":"https:\/\/www.bellunopress.it\/2011\/12\/12\/ce-vita-tra-le-rocce-e-i-minerali-venerdi-la-conferenza-a-ponte-nelle-alpi\/"},"author":{"name":"redazione","@id":"https:\/\/www.bellunopress.it\/#\/schema\/person\/79bb06722b37ece1c03d3e94beb30d73"},"headline":"C&#8217;\u00e8 vita tra le rocce e i minerali: Venerd\u00ec la conferenza a Ponte nelle Alpi","datePublished":"2011-12-12T09:27:44+00:00","mainEntityOfPage":{"@id":"https:\/\/www.bellunopress.it\/2011\/12\/12\/ce-vita-tra-le-rocce-e-i-minerali-venerdi-la-conferenza-a-ponte-nelle-alpi\/"},"wordCount":349,"publisher":{"@id":"https:\/\/www.bellunopress.it\/#organization"},"articleSection":["Appuntamenti, Eventi","Pausa Caff\u00e8"],"inLanguage":"fr-FR"},{"@type":"WebPage","@id":"https:\/\/www.bellunopress.it\/2011\/12\/12\/ce-vita-tra-le-rocce-e-i-minerali-venerdi-la-conferenza-a-ponte-nelle-alpi\/","url":"https:\/\/www.bellunopress.it\/2011\/12\/12\/ce-vita-tra-le-rocce-e-i-minerali-venerdi-la-conferenza-a-ponte-nelle-alpi\/","name":"C'\u00e8 vita tra le rocce e i minerali: Venerd\u00ec la conferenza a Ponte nelle Alpi - Bellunopress - Dolomiti","isPartOf":{"@id":"https:\/\/www.bellunopress.it\/#website"},"datePublished":"2011-12-12T09:27:44+00:00","breadcrumb":{"@id":"https:\/\/www.bellunopress.it\/2011\/12\/12\/ce-vita-tra-le-rocce-e-i-minerali-venerdi-la-conferenza-a-ponte-nelle-alpi\/#breadcrumb"},"inLanguage":"fr-FR","potentialAction":[{"@type":"ReadAction","target":["https:\/\/www.bellunopress.it\/2011\/12\/12\/ce-vita-tra-le-rocce-e-i-minerali-venerdi-la-conferenza-a-ponte-nelle-alpi\/"]}]},{"@type":"BreadcrumbList","@id":"https:\/\/www.bellunopress.it\/2011\/12\/12\/ce-vita-tra-le-rocce-e-i-minerali-venerdi-la-conferenza-a-ponte-nelle-alpi\/#breadcrumb","itemListElement":[{"@type":"ListItem","position":1,"name":"Home","item":"https:\/\/www.bellunopress.it\/"},{"@type":"ListItem","position":2,"name":"C&#8217;\u00e8 vita tra le rocce e i minerali: Venerd\u00ec la conferenza a Ponte nelle Alpi"}]},{"@type":"WebSite","@id":"https:\/\/www.bellunopress.it\/#website","url":"https:\/\/www.bellunopress.it\/","name":"Bellunopress - Dolomiti","description":"e-mail: redazione@bellunopress.it","publisher":{"@id":"https:\/\/www.bellunopress.it\/#organization"},"potentialAction":[{"@type":"SearchAction","target":{"@type":"EntryPoint","urlTemplate":"https:\/\/www.bellunopress.it\/?s={search_term_string}"},"query-input":{"@type":"PropertyValueSpecification","valueRequired":true,"valueName":"search_term_string"}}],"inLanguage":"fr-FR"},{"@type":"Organization","@id":"https:\/\/www.bellunopress.it\/#organization","name":"Bellunopress","url":"https:\/\/www.bellunopress.it\/","logo":{"@type":"ImageObject","inLanguage":"fr-FR","@id":"https:\/\/www.bellunopress.it\/#\/schema\/logo\/image\/","url":"https:\/\/www.bellunopress.it\/wp-content\/uploads\/2011\/05\/cropped-logo-bellunopress-.jpg","contentUrl":"https:\/\/www.bellunopress.it\/wp-content\/uploads\/2011\/05\/cropped-logo-bellunopress-.jpg","width":512,"height":512,"caption":"Bellunopress"},"image":{"@id":"https:\/\/www.bellunopress.it\/#\/schema\/logo\/image\/"},"sameAs":["https:\/\/www.facebook.com\/profile.php?id=100008943462799","https:\/\/x.com\/bellunopress","https:\/\/www.linkedin.com\/hp\/?dnr=JBzUWaJfMUw8vbXJJ2tVW5-I3jZKvC4wsoxE&amp;amp;amp;amp;amp;amp;trk=nav_responsive_tab_home","https:\/\/www.youtube.com\/channel\/UCxL0wu1uN0_3_7hGG0306cw"]},{"@type":"Person","@id":"https:\/\/www.bellunopress.it\/#\/schema\/person\/79bb06722b37ece1c03d3e94beb30d73","name":"r\u00e9daction","image":{"@type":"ImageObject","inLanguage":"fr-FR","@id":"https:\/\/secure.gravatar.com\/avatar\/37d968a2e67a6fd04c169c4bdef102d0bc5d31b2546345219e348575eb80e9a0?s=96&d=mm&r=g","url":"https:\/\/secure.gravatar.com\/avatar\/37d968a2e67a6fd04c169c4bdef102d0bc5d31b2546345219e348575eb80e9a0?s=96&d=mm&r=g","contentUrl":"https:\/\/secure.gravatar.com\/avatar\/37d968a2e67a6fd04c169c4bdef102d0bc5d31b2546345219e348575eb80e9a0?s=96&d=mm&r=g","caption":"redazione"},"sameAs":["http:\/\/www.bellunopress.it","https:\/\/x.com\/bellunopress"],"url":"https:\/\/www.bellunopress.it\/fr\/author\/redazione\/"}]}},"_links":{"self":[{"href":"https:\/\/www.bellunopress.it\/fr\/wp-json\/wp\/v2\/posts\/33229","targetHints":{"allow":["GET"]}}],"collection":[{"href":"https:\/\/www.bellunopress.it\/fr\/wp-json\/wp\/v2\/posts"}],"about":[{"href":"https:\/\/www.bellunopress.it\/fr\/wp-json\/wp\/v2\/types\/post"}],"author":[{"embeddable":true,"href":"https:\/\/www.bellunopress.it\/fr\/wp-json\/wp\/v2\/users\/2"}],"replies":[{"embeddable":true,"href":"https:\/\/www.bellunopress.it\/fr\/wp-json\/wp\/v2\/comments?post=33229"}],"version-history":[{"count":1,"href":"https:\/\/www.bellunopress.it\/fr\/wp-json\/wp\/v2\/posts\/33229\/revisions"}],"predecessor-version":[{"id":33230,"href":"https:\/\/www.bellunopress.it\/fr\/wp-json\/wp\/v2\/posts\/33229\/revisions\/33230"}],"wp:attachment":[{"href":"https:\/\/www.bellunopress.it\/fr\/wp-json\/wp\/v2\/media?parent=33229"}],"wp:term":[{"taxonomy":"category","embeddable":true,"href":"https:\/\/www.bellunopress.it\/fr\/wp-json\/wp\/v2\/categories?post=33229"},{"taxonomy":"post_tag","embeddable":true,"href":"https:\/\/www.bellunopress.it\/fr\/wp-json\/wp\/v2\/tags?post=33229"}],"curies":[{"name":"wp","href":"https:\/\/api.w.org\/{rel}","templated":true}]}}