{"id":33204,"date":"2011-12-11T22:04:40","date_gmt":"2011-12-11T21:04:40","guid":{"rendered":"http:\/\/www.bellunopress.it\/?p=33204"},"modified":"2011-12-11T10:06:06","modified_gmt":"2011-12-11T09:06:06","slug":"cortina-top-of-the-dolomites-music-festival-un-intero-mese-di-eventi","status":"publish","type":"post","link":"https:\/\/www.bellunopress.it\/fr\/2011\/12\/11\/cortina-top-of-the-dolomites-music-festival-un-intero-mese-di-eventi\/","title":{"rendered":"Cortina: Top of the Dolomites Music Festival, un intero mese di eventi"},"content":{"rendered":"<p>In vetta alle Dolomiti tra sport, divertimento, musica e appuntamenti unici. Riflettori puntati su Top of the Dolomites Music Festival, lo \u201cspecial event\u201d organizzato dal Comitato Cortina 2017 che si prepara a partire sabato 10 dicembre per arrivare fino al 14 gennaio 2012 quando, a Rumerlo, il Final Act chiuder\u00e0 in bellezza le competizioni in rosa della Coppa del Mondo di sci al ritmo dei Crookers. Un evento lungo un mese: 16 gli artisti presenti, 6 le location coinvolte che, tra ottima musica e l&#8217;atmosfera di Cortina, sapranno trasformare un festival in un\u2019esperienza indimenticabile.<\/p>\n<p><a href=\"http:\/\/www.bellunopress.it\/wp-content\/uploads\/2010\/04\/cortina-funivia-faloria.jpg\"><img loading=\"lazy\" decoding=\"async\" class=\"alignleft size-full wp-image-14386\" title=\"cortina-funivia-faloria\" src=\"http:\/\/www.bellunopress.it\/wp-content\/uploads\/2010\/04\/cortina-funivia-faloria.jpg\" alt=\"\" width=\"283\" height=\"188\" \/><\/a>Tra gli appuntamenti in calendario, quello in programma al Rifugio Faloria, splendida terrazza affacciata sulle piste dove, il 17 dicembre, per tutta la giornata si avvicenderanno numerosi dj, tra cui Pink is Punk. Il 23 e il 30 dicembre sar\u00e0 la volta dei particolarissimi auguri di Natale e Capodanno, al Rifugio El Faral e al Molo, aspettando la spettacolare fiaccolata che scender\u00e0 dal Rifugio Pomedes a suon di musica il 7 gennaio.<\/p>\n<p>Il Top of the Dolomites Music Festival \u00e8 solo uno dei risultati dell\u2019impegno del Gruppo Marketing del Comitato di Cortina 2017 che, dal mese di marzo, passo dopo passo, con dedizione ed entusiasmo, sta lavorando all\u2019organizzazione e alla progettazione di questa candidatura mondiale, in attesa dell&#8217;assegnazione ufficiale che si terr\u00e0 il 31 maggio 2012 in Korea.<\/p>\n<p>A conferma dell&#8217;importanza della manifestazione le tante le media partnership siglate: dalla rivista di riferimento per la dj culture dj Mag, al party che ha dominato la citt\u00e0 di Bologna negli ultimi due anni, il Pump This, passando per gli amici di Belluno La Notte e Studio Luv, lo studio fotografico che immortaler\u00e0 ogni attimo del festival. Molte anche le partnership tecniche istituite per rendere l\u2019organizzazione perfetta in ogni dettaglio: in particolare, la collaborazione con l\u2019Associazione Coppa del Mondo di sci femminile, con lo SnowBoard Club Cortina, lo Sci Club Cortina, con il comprensorio Cortina Cube, la societ\u00e0 Ista, la Seam e con Cortina Express, con la Gmd di Giammarco Dorigo che curer\u00e0 le installazioni audio e video, con i Sestieri di Ampezzo, senza dimenticare il Corpo Nazionale dei Vigili del Fuoco.<\/p>\n<p>Un evento che, gi\u00e0 dalla sua organizzazione, segna un grande risultato: la collaborazione dell&#8217;intero paese a un obiettivo comune. Basti pensare alle scuole e ai ragazzi di Cortina, che si sono gi\u00e0 impegnati a essere i primi promotori dell&#8217;iniziativa.<\/p>\n<p>DETTAGLI PROGRAMMA<\/p>\n<p>10 dicembre 2011 \u2013 Open Space \u2013 THE SNOW MUST GO ON<br \/>\nFish Can Fly \u2013 Creat.e<br \/>\nNIC SARNO<br \/>\nPlanet Shining \u2013 Creat.e<\/p>\n<p>17 dicembre 2011 \u2013 Rifugio Faloria \u2013 PUMP THIS DAY<br \/>\nDj Walter Dallago<br \/>\nXtra-Terras \u2013 Pump This<br \/>\nPink is punk<br \/>\nT.Bone \u2013 Pump This<\/p>\n<p>23 dicembre 2011 \u2013\u00a0Rifugio El Faral \u2013 OPENING SNOWPARK PARTY<br \/>\nDj Walter Dallago<br \/>\nFrancesco Torre dj \u2013 Asha Club<br \/>\nPlanet Shining \u2013 Creat.e<\/p>\n<p>30 dicembre 2011 \u2013 Il Molo \u2013 HAPPY NEW YEAR&#8217;S EVE CORTINA 2017<br \/>\nGli Sbandati<br \/>\nDj Tya \u2013 Born to Party<br \/>\nDj Duke \u2013 MamaMia Ancona<\/p>\n<p>07 gennaio 2012 \u2013 Rifugio Pomedes \u2013 WINTER FLAMES<br \/>\nNas 1 \u2013 Revolver Bologna<br \/>\nScuola Furano<br \/>\nAlbibello \u2013 Dead Elite Rec<\/p>\n<p>14 gennaio 2012 \u2013 Rumerlo \u2013 TOP OF THE DOLOMITES MUSIC FESTIVAL \u2013 FINAL ACT<br \/>\nCrookers \u2013 Dj Phra e Bot animeranno la giornata per tutti gli appassionati di sci e per chiunque altro avr\u00e0 voglia di divertirsi a suon di house, dubstep, reggae e rap. Il team ha organizzato per l\u2019occasione uno speciale servizio navetta, mentre i sestieri, in collaborazione con i Vigili del Fuoco, nelle giornate di sabato e domenica gestiranno un\u2019area ristoro.<\/p>\n<p>Per ricevere aggiornamenti sull\u2019evento basta diventare amici del profilo Facebook di Cortina2017.<\/p>","protected":false},"excerpt":{"rendered":"<p>In vetta alle Dolomiti tra sport, divertimento, musica e appuntamenti unici. Riflettori puntati su Top of the Dolomites Music Festival, lo \u201cspecial event\u201d organizzato dal Comitato Cortina 2017 che si prepara a partire sabato 10 dicembre per arrivare fino al 14 gennaio 2012 quando, a Rumerlo, il Final Act chiuder\u00e0 in bellezza le competizioni in [&hellip;]<\/p>\n","protected":false},"author":2,"featured_media":0,"comment_status":"closed","ping_status":"open","sticky":false,"template":"","format":"standard","meta":{"footnotes":""},"categories":[27,25,8],"tags":[],"class_list":["post-33204","post","type-post","status-publish","format-standard","category-appuntamenti","category-pausa-caffe","category-societa-istituzioni"],"yoast_head":"<!-- This site is optimized with the Yoast SEO plugin v28.4 - https:\/\/yoast.com\/product\/yoast-seo-wordpress\/ -->\n<title>Cortina: Top of the Dolomites Music Festival, un intero mese di eventi - Bellunopress - Dolomiti<\/title>\n<meta name=\"robots\" content=\"index, follow, max-snippet:-1, max-image-preview:large, max-video-preview:-1\" \/>\n<link rel=\"canonical\" href=\"https:\/\/www.bellunopress.it\/fr\/2011\/12\/11\/cortina-top-of-the-dolomites-music-festival-un-intero-mese-di-eventi\/\" \/>\n<meta property=\"og:locale\" content=\"fr_FR\" \/>\n<meta property=\"og:type\" content=\"article\" \/>\n<meta property=\"og:title\" content=\"Cortina: Top of the Dolomites Music Festival, un intero mese di eventi - Bellunopress - Dolomiti\" \/>\n<meta property=\"og:description\" content=\"In vetta alle Dolomiti tra sport, divertimento, musica e appuntamenti unici. Riflettori puntati su Top of the Dolomites Music Festival, lo \u201cspecial event\u201d organizzato dal Comitato Cortina 2017 che si prepara a partire sabato 10 dicembre per arrivare fino al 14 gennaio 2012 quando, a Rumerlo, il Final Act chiuder\u00e0 in bellezza le competizioni in [&hellip;]\" \/>\n<meta property=\"og:url\" content=\"https:\/\/www.bellunopress.it\/fr\/2011\/12\/11\/cortina-top-of-the-dolomites-music-festival-un-intero-mese-di-eventi\/\" \/>\n<meta property=\"og:site_name\" content=\"Bellunopress - Dolomiti\" \/>\n<meta property=\"article:publisher\" content=\"https:\/\/www.facebook.com\/profile.php?id=100008943462799\" \/>\n<meta property=\"article:published_time\" content=\"2011-12-11T21:04:40+00:00\" \/>\n<meta property=\"og:image\" content=\"http:\/\/www.bellunopress.it\/wp-content\/uploads\/2010\/04\/cortina-funivia-faloria.jpg\" \/>\n<meta name=\"author\" content=\"redazione\" \/>\n<meta name=\"twitter:card\" content=\"summary_large_image\" \/>\n<meta name=\"twitter:creator\" content=\"@bellunopress\" \/>\n<meta name=\"twitter:site\" content=\"@bellunopress\" \/>\n<meta name=\"twitter:label1\" content=\"\u00c9crit par\" \/>\n\t<meta name=\"twitter:data1\" content=\"redazione\" \/>\n\t<meta name=\"twitter:label2\" content=\"Dur\u00e9e de lecture estim\u00e9e\" \/>\n\t<meta name=\"twitter:data2\" content=\"3 minutes\" \/>\n<script type=\"application\/ld+json\" class=\"yoast-schema-graph\">{\"@context\":\"https:\\\/\\\/schema.org\",\"@graph\":[{\"@type\":\"Article\",\"@id\":\"https:\\\/\\\/www.bellunopress.it\\\/2011\\\/12\\\/11\\\/cortina-top-of-the-dolomites-music-festival-un-intero-mese-di-eventi\\\/#article\",\"isPartOf\":{\"@id\":\"https:\\\/\\\/www.bellunopress.it\\\/2011\\\/12\\\/11\\\/cortina-top-of-the-dolomites-music-festival-un-intero-mese-di-eventi\\\/\"},\"author\":{\"name\":\"redazione\",\"@id\":\"https:\\\/\\\/www.bellunopress.it\\\/#\\\/schema\\\/person\\\/79bb06722b37ece1c03d3e94beb30d73\"},\"headline\":\"Cortina: Top of the Dolomites Music Festival, un intero mese di eventi\",\"datePublished\":\"2011-12-11T21:04:40+00:00\",\"mainEntityOfPage\":{\"@id\":\"https:\\\/\\\/www.bellunopress.it\\\/2011\\\/12\\\/11\\\/cortina-top-of-the-dolomites-music-festival-un-intero-mese-di-eventi\\\/\"},\"wordCount\":578,\"publisher\":{\"@id\":\"https:\\\/\\\/www.bellunopress.it\\\/#organization\"},\"image\":{\"@id\":\"https:\\\/\\\/www.bellunopress.it\\\/2011\\\/12\\\/11\\\/cortina-top-of-the-dolomites-music-festival-un-intero-mese-di-eventi\\\/#primaryimage\"},\"thumbnailUrl\":\"http:\\\/\\\/www.bellunopress.it\\\/wp-content\\\/uploads\\\/2010\\\/04\\\/cortina-funivia-faloria.jpg\",\"articleSection\":[\"Appuntamenti, Eventi\",\"Pausa Caff\u00e8\",\"Societ\u00e0, Associazioni, Istituzioni\"],\"inLanguage\":\"fr-FR\"},{\"@type\":\"WebPage\",\"@id\":\"https:\\\/\\\/www.bellunopress.it\\\/2011\\\/12\\\/11\\\/cortina-top-of-the-dolomites-music-festival-un-intero-mese-di-eventi\\\/\",\"url\":\"https:\\\/\\\/www.bellunopress.it\\\/2011\\\/12\\\/11\\\/cortina-top-of-the-dolomites-music-festival-un-intero-mese-di-eventi\\\/\",\"name\":\"Cortina: Top of the Dolomites Music Festival, un intero mese di eventi - Bellunopress - Dolomiti\",\"isPartOf\":{\"@id\":\"https:\\\/\\\/www.bellunopress.it\\\/#website\"},\"primaryImageOfPage\":{\"@id\":\"https:\\\/\\\/www.bellunopress.it\\\/2011\\\/12\\\/11\\\/cortina-top-of-the-dolomites-music-festival-un-intero-mese-di-eventi\\\/#primaryimage\"},\"image\":{\"@id\":\"https:\\\/\\\/www.bellunopress.it\\\/2011\\\/12\\\/11\\\/cortina-top-of-the-dolomites-music-festival-un-intero-mese-di-eventi\\\/#primaryimage\"},\"thumbnailUrl\":\"http:\\\/\\\/www.bellunopress.it\\\/wp-content\\\/uploads\\\/2010\\\/04\\\/cortina-funivia-faloria.jpg\",\"datePublished\":\"2011-12-11T21:04:40+00:00\",\"breadcrumb\":{\"@id\":\"https:\\\/\\\/www.bellunopress.it\\\/2011\\\/12\\\/11\\\/cortina-top-of-the-dolomites-music-festival-un-intero-mese-di-eventi\\\/#breadcrumb\"},\"inLanguage\":\"fr-FR\",\"potentialAction\":[{\"@type\":\"ReadAction\",\"target\":[\"https:\\\/\\\/www.bellunopress.it\\\/2011\\\/12\\\/11\\\/cortina-top-of-the-dolomites-music-festival-un-intero-mese-di-eventi\\\/\"]}]},{\"@type\":\"ImageObject\",\"inLanguage\":\"fr-FR\",\"@id\":\"https:\\\/\\\/www.bellunopress.it\\\/2011\\\/12\\\/11\\\/cortina-top-of-the-dolomites-music-festival-un-intero-mese-di-eventi\\\/#primaryimage\",\"url\":\"http:\\\/\\\/www.bellunopress.it\\\/wp-content\\\/uploads\\\/2010\\\/04\\\/cortina-funivia-faloria.jpg\",\"contentUrl\":\"http:\\\/\\\/www.bellunopress.it\\\/wp-content\\\/uploads\\\/2010\\\/04\\\/cortina-funivia-faloria.jpg\"},{\"@type\":\"BreadcrumbList\",\"@id\":\"https:\\\/\\\/www.bellunopress.it\\\/2011\\\/12\\\/11\\\/cortina-top-of-the-dolomites-music-festival-un-intero-mese-di-eventi\\\/#breadcrumb\",\"itemListElement\":[{\"@type\":\"ListItem\",\"position\":1,\"name\":\"Home\",\"item\":\"https:\\\/\\\/www.bellunopress.it\\\/\"},{\"@type\":\"ListItem\",\"position\":2,\"name\":\"Cortina: Top of the Dolomites Music Festival, un intero mese di eventi\"}]},{\"@type\":\"WebSite\",\"@id\":\"https:\\\/\\\/www.bellunopress.it\\\/#website\",\"url\":\"https:\\\/\\\/www.bellunopress.it\\\/\",\"name\":\"Bellunopress - Dolomiti\",\"description\":\"e-mail: redazione@bellunopress.it\",\"publisher\":{\"@id\":\"https:\\\/\\\/www.bellunopress.it\\\/#organization\"},\"potentialAction\":[{\"@type\":\"SearchAction\",\"target\":{\"@type\":\"EntryPoint\",\"urlTemplate\":\"https:\\\/\\\/www.bellunopress.it\\\/?s={search_term_string}\"},\"query-input\":{\"@type\":\"PropertyValueSpecification\",\"valueRequired\":true,\"valueName\":\"search_term_string\"}}],\"inLanguage\":\"fr-FR\"},{\"@type\":\"Organization\",\"@id\":\"https:\\\/\\\/www.bellunopress.it\\\/#organization\",\"name\":\"Bellunopress\",\"url\":\"https:\\\/\\\/www.bellunopress.it\\\/\",\"logo\":{\"@type\":\"ImageObject\",\"inLanguage\":\"fr-FR\",\"@id\":\"https:\\\/\\\/www.bellunopress.it\\\/#\\\/schema\\\/logo\\\/image\\\/\",\"url\":\"https:\\\/\\\/www.bellunopress.it\\\/wp-content\\\/uploads\\\/2011\\\/05\\\/cropped-logo-bellunopress-.jpg\",\"contentUrl\":\"https:\\\/\\\/www.bellunopress.it\\\/wp-content\\\/uploads\\\/2011\\\/05\\\/cropped-logo-bellunopress-.jpg\",\"width\":512,\"height\":512,\"caption\":\"Bellunopress\"},\"image\":{\"@id\":\"https:\\\/\\\/www.bellunopress.it\\\/#\\\/schema\\\/logo\\\/image\\\/\"},\"sameAs\":[\"https:\\\/\\\/www.facebook.com\\\/profile.php?id=100008943462799\",\"https:\\\/\\\/x.com\\\/bellunopress\",\"https:\\\/\\\/www.linkedin.com\\\/hp\\\/?dnr=JBzUWaJfMUw8vbXJJ2tVW5-I3jZKvC4wsoxE&amp;amp;amp;amp;amp;amp;trk=nav_responsive_tab_home\",\"https:\\\/\\\/www.youtube.com\\\/channel\\\/UCxL0wu1uN0_3_7hGG0306cw\"]},{\"@type\":\"Person\",\"@id\":\"https:\\\/\\\/www.bellunopress.it\\\/#\\\/schema\\\/person\\\/79bb06722b37ece1c03d3e94beb30d73\",\"name\":\"redazione\",\"image\":{\"@type\":\"ImageObject\",\"inLanguage\":\"fr-FR\",\"@id\":\"https:\\\/\\\/secure.gravatar.com\\\/avatar\\\/37d968a2e67a6fd04c169c4bdef102d0bc5d31b2546345219e348575eb80e9a0?s=96&d=mm&r=g\",\"url\":\"https:\\\/\\\/secure.gravatar.com\\\/avatar\\\/37d968a2e67a6fd04c169c4bdef102d0bc5d31b2546345219e348575eb80e9a0?s=96&d=mm&r=g\",\"contentUrl\":\"https:\\\/\\\/secure.gravatar.com\\\/avatar\\\/37d968a2e67a6fd04c169c4bdef102d0bc5d31b2546345219e348575eb80e9a0?s=96&d=mm&r=g\",\"caption\":\"redazione\"},\"sameAs\":[\"http:\\\/\\\/www.bellunopress.it\",\"https:\\\/\\\/x.com\\\/bellunopress\"],\"url\":\"https:\\\/\\\/www.bellunopress.it\\\/fr\\\/author\\\/redazione\\\/\"}]}<\/script>\n<!-- \/ Yoast SEO plugin. -->","yoast_head_json":{"title":"Cortina: Top of the Dolomites Music Festival, un intero mese di eventi - Bellunopress - Dolomiti","robots":{"index":"index","follow":"follow","max-snippet":"max-snippet:-1","max-image-preview":"max-image-preview:large","max-video-preview":"max-video-preview:-1"},"canonical":"https:\/\/www.bellunopress.it\/fr\/2011\/12\/11\/cortina-top-of-the-dolomites-music-festival-un-intero-mese-di-eventi\/","og_locale":"fr_FR","og_type":"article","og_title":"Cortina: Top of the Dolomites Music Festival, un intero mese di eventi - Bellunopress - Dolomiti","og_description":"In vetta alle Dolomiti tra sport, divertimento, musica e appuntamenti unici. Riflettori puntati su Top of the Dolomites Music Festival, lo \u201cspecial event\u201d organizzato dal Comitato Cortina 2017 che si prepara a partire sabato 10 dicembre per arrivare fino al 14 gennaio 2012 quando, a Rumerlo, il Final Act chiuder\u00e0 in bellezza le competizioni in [&hellip;]","og_url":"https:\/\/www.bellunopress.it\/fr\/2011\/12\/11\/cortina-top-of-the-dolomites-music-festival-un-intero-mese-di-eventi\/","og_site_name":"Bellunopress - Dolomiti","article_publisher":"https:\/\/www.facebook.com\/profile.php?id=100008943462799","article_published_time":"2011-12-11T21:04:40+00:00","og_image":[{"url":"http:\/\/www.bellunopress.it\/wp-content\/uploads\/2010\/04\/cortina-funivia-faloria.jpg","type":"","width":"","height":""}],"author":"redazione","twitter_card":"summary_large_image","twitter_creator":"@bellunopress","twitter_site":"@bellunopress","twitter_misc":{"\u00c9crit par":"redazione","Dur\u00e9e de lecture estim\u00e9e":"3 minutes"},"schema":{"@context":"https:\/\/schema.org","@graph":[{"@type":"Article","@id":"https:\/\/www.bellunopress.it\/2011\/12\/11\/cortina-top-of-the-dolomites-music-festival-un-intero-mese-di-eventi\/#article","isPartOf":{"@id":"https:\/\/www.bellunopress.it\/2011\/12\/11\/cortina-top-of-the-dolomites-music-festival-un-intero-mese-di-eventi\/"},"author":{"name":"redazione","@id":"https:\/\/www.bellunopress.it\/#\/schema\/person\/79bb06722b37ece1c03d3e94beb30d73"},"headline":"Cortina: Top of the Dolomites Music Festival, un intero mese di eventi","datePublished":"2011-12-11T21:04:40+00:00","mainEntityOfPage":{"@id":"https:\/\/www.bellunopress.it\/2011\/12\/11\/cortina-top-of-the-dolomites-music-festival-un-intero-mese-di-eventi\/"},"wordCount":578,"publisher":{"@id":"https:\/\/www.bellunopress.it\/#organization"},"image":{"@id":"https:\/\/www.bellunopress.it\/2011\/12\/11\/cortina-top-of-the-dolomites-music-festival-un-intero-mese-di-eventi\/#primaryimage"},"thumbnailUrl":"http:\/\/www.bellunopress.it\/wp-content\/uploads\/2010\/04\/cortina-funivia-faloria.jpg","articleSection":["Appuntamenti, Eventi","Pausa Caff\u00e8","Societ\u00e0, Associazioni, Istituzioni"],"inLanguage":"fr-FR"},{"@type":"WebPage","@id":"https:\/\/www.bellunopress.it\/2011\/12\/11\/cortina-top-of-the-dolomites-music-festival-un-intero-mese-di-eventi\/","url":"https:\/\/www.bellunopress.it\/2011\/12\/11\/cortina-top-of-the-dolomites-music-festival-un-intero-mese-di-eventi\/","name":"Cortina: Top of the Dolomites Music Festival, un intero mese di eventi - Bellunopress - Dolomiti","isPartOf":{"@id":"https:\/\/www.bellunopress.it\/#website"},"primaryImageOfPage":{"@id":"https:\/\/www.bellunopress.it\/2011\/12\/11\/cortina-top-of-the-dolomites-music-festival-un-intero-mese-di-eventi\/#primaryimage"},"image":{"@id":"https:\/\/www.bellunopress.it\/2011\/12\/11\/cortina-top-of-the-dolomites-music-festival-un-intero-mese-di-eventi\/#primaryimage"},"thumbnailUrl":"http:\/\/www.bellunopress.it\/wp-content\/uploads\/2010\/04\/cortina-funivia-faloria.jpg","datePublished":"2011-12-11T21:04:40+00:00","breadcrumb":{"@id":"https:\/\/www.bellunopress.it\/2011\/12\/11\/cortina-top-of-the-dolomites-music-festival-un-intero-mese-di-eventi\/#breadcrumb"},"inLanguage":"fr-FR","potentialAction":[{"@type":"ReadAction","target":["https:\/\/www.bellunopress.it\/2011\/12\/11\/cortina-top-of-the-dolomites-music-festival-un-intero-mese-di-eventi\/"]}]},{"@type":"ImageObject","inLanguage":"fr-FR","@id":"https:\/\/www.bellunopress.it\/2011\/12\/11\/cortina-top-of-the-dolomites-music-festival-un-intero-mese-di-eventi\/#primaryimage","url":"http:\/\/www.bellunopress.it\/wp-content\/uploads\/2010\/04\/cortina-funivia-faloria.jpg","contentUrl":"http:\/\/www.bellunopress.it\/wp-content\/uploads\/2010\/04\/cortina-funivia-faloria.jpg"},{"@type":"BreadcrumbList","@id":"https:\/\/www.bellunopress.it\/2011\/12\/11\/cortina-top-of-the-dolomites-music-festival-un-intero-mese-di-eventi\/#breadcrumb","itemListElement":[{"@type":"ListItem","position":1,"name":"Home","item":"https:\/\/www.bellunopress.it\/"},{"@type":"ListItem","position":2,"name":"Cortina: Top of the Dolomites Music Festival, un intero mese di eventi"}]},{"@type":"WebSite","@id":"https:\/\/www.bellunopress.it\/#website","url":"https:\/\/www.bellunopress.it\/","name":"Bellunopress - Dolomiti","description":"e-mail: redazione@bellunopress.it","publisher":{"@id":"https:\/\/www.bellunopress.it\/#organization"},"potentialAction":[{"@type":"SearchAction","target":{"@type":"EntryPoint","urlTemplate":"https:\/\/www.bellunopress.it\/?s={search_term_string}"},"query-input":{"@type":"PropertyValueSpecification","valueRequired":true,"valueName":"search_term_string"}}],"inLanguage":"fr-FR"},{"@type":"Organization","@id":"https:\/\/www.bellunopress.it\/#organization","name":"Bellunopress","url":"https:\/\/www.bellunopress.it\/","logo":{"@type":"ImageObject","inLanguage":"fr-FR","@id":"https:\/\/www.bellunopress.it\/#\/schema\/logo\/image\/","url":"https:\/\/www.bellunopress.it\/wp-content\/uploads\/2011\/05\/cropped-logo-bellunopress-.jpg","contentUrl":"https:\/\/www.bellunopress.it\/wp-content\/uploads\/2011\/05\/cropped-logo-bellunopress-.jpg","width":512,"height":512,"caption":"Bellunopress"},"image":{"@id":"https:\/\/www.bellunopress.it\/#\/schema\/logo\/image\/"},"sameAs":["https:\/\/www.facebook.com\/profile.php?id=100008943462799","https:\/\/x.com\/bellunopress","https:\/\/www.linkedin.com\/hp\/?dnr=JBzUWaJfMUw8vbXJJ2tVW5-I3jZKvC4wsoxE&amp;amp;amp;amp;amp;amp;trk=nav_responsive_tab_home","https:\/\/www.youtube.com\/channel\/UCxL0wu1uN0_3_7hGG0306cw"]},{"@type":"Person","@id":"https:\/\/www.bellunopress.it\/#\/schema\/person\/79bb06722b37ece1c03d3e94beb30d73","name":"r\u00e9daction","image":{"@type":"ImageObject","inLanguage":"fr-FR","@id":"https:\/\/secure.gravatar.com\/avatar\/37d968a2e67a6fd04c169c4bdef102d0bc5d31b2546345219e348575eb80e9a0?s=96&d=mm&r=g","url":"https:\/\/secure.gravatar.com\/avatar\/37d968a2e67a6fd04c169c4bdef102d0bc5d31b2546345219e348575eb80e9a0?s=96&d=mm&r=g","contentUrl":"https:\/\/secure.gravatar.com\/avatar\/37d968a2e67a6fd04c169c4bdef102d0bc5d31b2546345219e348575eb80e9a0?s=96&d=mm&r=g","caption":"redazione"},"sameAs":["http:\/\/www.bellunopress.it","https:\/\/x.com\/bellunopress"],"url":"https:\/\/www.bellunopress.it\/fr\/author\/redazione\/"}]}},"_links":{"self":[{"href":"https:\/\/www.bellunopress.it\/fr\/wp-json\/wp\/v2\/posts\/33204","targetHints":{"allow":["GET"]}}],"collection":[{"href":"https:\/\/www.bellunopress.it\/fr\/wp-json\/wp\/v2\/posts"}],"about":[{"href":"https:\/\/www.bellunopress.it\/fr\/wp-json\/wp\/v2\/types\/post"}],"author":[{"embeddable":true,"href":"https:\/\/www.bellunopress.it\/fr\/wp-json\/wp\/v2\/users\/2"}],"replies":[{"embeddable":true,"href":"https:\/\/www.bellunopress.it\/fr\/wp-json\/wp\/v2\/comments?post=33204"}],"version-history":[{"count":1,"href":"https:\/\/www.bellunopress.it\/fr\/wp-json\/wp\/v2\/posts\/33204\/revisions"}],"predecessor-version":[{"id":33205,"href":"https:\/\/www.bellunopress.it\/fr\/wp-json\/wp\/v2\/posts\/33204\/revisions\/33205"}],"wp:attachment":[{"href":"https:\/\/www.bellunopress.it\/fr\/wp-json\/wp\/v2\/media?parent=33204"}],"wp:term":[{"taxonomy":"category","embeddable":true,"href":"https:\/\/www.bellunopress.it\/fr\/wp-json\/wp\/v2\/categories?post=33204"},{"taxonomy":"post_tag","embeddable":true,"href":"https:\/\/www.bellunopress.it\/fr\/wp-json\/wp\/v2\/tags?post=33204"}],"curies":[{"name":"wp","href":"https:\/\/api.w.org\/{rel}","templated":true}]}}