{"id":33184,"date":"2011-12-10T15:47:28","date_gmt":"2011-12-10T14:47:28","guid":{"rendered":"http:\/\/www.bellunopress.it\/?p=33184"},"modified":"2011-12-10T09:49:24","modified_gmt":"2011-12-10T08:49:24","slug":"bandi-regionali-sui-giovani-ultimi-giorni-per-la-domanda","status":"publish","type":"post","link":"https:\/\/www.bellunopress.it\/fr\/2011\/12\/10\/bandi-regionali-sui-giovani-ultimi-giorni-per-la-domanda\/","title":{"rendered":"Bandi regionali sui giovani: ultimi giorni per la domanda"},"content":{"rendered":"<p>La Regione del Veneto ha stanziato 2 milioni e 700 mila euro per finanziare servizi, idee, imprese under 35. Termine ultimo per la consegna delle domande il 15 dicembre. \u201cAncora pochi giorni &#8211; ricorda l\u2019assessore Remo Sernagiotto &#8211; per presentare le domande di partecipazione ai bandi indetti dall\u2019Assessorato regionale ai Servizi Sociali per promuovere la creativit\u00e0 dei giovani veneti, offrendo loro la possibilit\u00e0 di inserirsi nella societ\u00e0\u201d.<br \/>\nTre i bandi, per un totale di 2 milioni e 700 mila euro stanziati: il primo bando intende valorizzare le attitudini nel campo dell\u2019arte cinematografica, con il finanziamento di un progetto di lungometraggio (700mila euro). Il secondo si propone di favorire l\u2019imprenditoria giovanile, con lo stanziamento di fondi che agevolino l\u2019apertura di nuove attivit\u00e0 (1 milione di euro). Il terzo punta a coinvolgere i giovani in esperienze di cittadinanza attiva offrendo loro occupazione in ambito sociale (1 milione di euro).<br \/>\nMolte le domande arrivate all\u2019Osservatorio Regionale alle Politiche Sociali che gestisce i bandi: fin dal primo giorno della pubblicazione in molti hanno contattato gli uffici per informazioni, segno della volont\u00e0 da parte dei giovani di mettere in gioco le proprie capacit\u00e0.<\/p>\n<figure id=\"attachment_15524\" aria-describedby=\"caption-attachment-15524\" style=\"width: 130px\" class=\"wp-caption alignleft\"><a href=\"http:\/\/www.bellunopress.it\/wp-content\/uploads\/2010\/05\/remo-sernagiotto.jpg\"><img loading=\"lazy\" decoding=\"async\" class=\"size-full wp-image-15524\" title=\"remo-sernagiotto\" src=\"http:\/\/www.bellunopress.it\/wp-content\/uploads\/2010\/05\/remo-sernagiotto.jpg\" alt=\"\" width=\"130\" height=\"130\" \/><\/a><figcaption id=\"caption-attachment-15524\" class=\"wp-caption-text\">Remo Sernagiotto<\/figcaption><\/figure>\n<p>\u201cSiamo molto soddisfatti \u2013 dichiara Sernagiotto\u2013 del grande interesse riscosso dai bandi: abbiamo creduto molto in questo progetto. In questo momento difficile le nuove generazioni hanno bisogno di fiducia e di mezzi concreti per iniziare nuove attivit\u00e0 e noi abbiamo voluto dare loro un\u2019importante opportunit\u00e0\u201d.Per maggiori informazioni <a href=\"mailto:osservatorio.politichesociali@regione.veneto.it\">osservatorio.politichesociali@regione.veneto.it<\/a>; 041 2791738.<\/p>","protected":false},"excerpt":{"rendered":"<p>La Regione del Veneto ha stanziato 2 milioni e 700 mila euro per finanziare servizi, idee, imprese under 35. Termine ultimo per la consegna delle domande il 15 dicembre. \u201cAncora pochi giorni &#8211; ricorda l\u2019assessore Remo Sernagiotto &#8211; per presentare le domande di partecipazione ai bandi indetti dall\u2019Assessorato regionale ai Servizi Sociali per promuovere la [&hellip;]<\/p>\n","protected":false},"author":2,"featured_media":0,"comment_status":"closed","ping_status":"open","sticky":false,"template":"","format":"standard","meta":{"footnotes":""},"categories":[36,26],"tags":[],"class_list":["post-33184","post","type-post","status-publish","format-standard","category-lavoro-economia","category-prima-pagina"],"yoast_head":"<!-- This site is optimized with the Yoast SEO plugin v28.4 - https:\/\/yoast.com\/product\/yoast-seo-wordpress\/ -->\n<title>Bandi regionali sui giovani: ultimi giorni per la domanda  - Bellunopress - Dolomiti<\/title>\n<meta name=\"robots\" content=\"index, follow, max-snippet:-1, max-image-preview:large, max-video-preview:-1\" \/>\n<link rel=\"canonical\" href=\"https:\/\/www.bellunopress.it\/fr\/2011\/12\/10\/bandi-regionali-sui-giovani-ultimi-giorni-per-la-domanda\/\" \/>\n<meta property=\"og:locale\" content=\"fr_FR\" \/>\n<meta property=\"og:type\" content=\"article\" \/>\n<meta property=\"og:title\" content=\"Bandi regionali sui giovani: ultimi giorni per la domanda  - Bellunopress - Dolomiti\" \/>\n<meta property=\"og:description\" content=\"La Regione del Veneto ha stanziato 2 milioni e 700 mila euro per finanziare servizi, idee, imprese under 35. Termine ultimo per la consegna delle domande il 15 dicembre. \u201cAncora pochi giorni &#8211; ricorda l\u2019assessore Remo Sernagiotto &#8211; per presentare le domande di partecipazione ai bandi indetti dall\u2019Assessorato regionale ai Servizi Sociali per promuovere la [&hellip;]\" \/>\n<meta property=\"og:url\" content=\"https:\/\/www.bellunopress.it\/fr\/2011\/12\/10\/bandi-regionali-sui-giovani-ultimi-giorni-per-la-domanda\/\" \/>\n<meta property=\"og:site_name\" content=\"Bellunopress - Dolomiti\" \/>\n<meta property=\"article:publisher\" content=\"https:\/\/www.facebook.com\/profile.php?id=100008943462799\" \/>\n<meta property=\"article:published_time\" content=\"2011-12-10T14:47:28+00:00\" \/>\n<meta property=\"og:image\" content=\"http:\/\/www.bellunopress.it\/wp-content\/uploads\/2010\/05\/remo-sernagiotto.jpg\" \/>\n<meta name=\"author\" content=\"redazione\" \/>\n<meta name=\"twitter:card\" content=\"summary_large_image\" \/>\n<meta name=\"twitter:creator\" content=\"@bellunopress\" \/>\n<meta name=\"twitter:site\" content=\"@bellunopress\" \/>\n<meta name=\"twitter:label1\" content=\"\u00c9crit par\" \/>\n\t<meta name=\"twitter:data1\" content=\"redazione\" \/>\n\t<meta name=\"twitter:label2\" content=\"Dur\u00e9e de lecture estim\u00e9e\" \/>\n\t<meta name=\"twitter:data2\" content=\"1 minute\" \/>\n<script type=\"application\/ld+json\" class=\"yoast-schema-graph\">{\"@context\":\"https:\\\/\\\/schema.org\",\"@graph\":[{\"@type\":\"Article\",\"@id\":\"https:\\\/\\\/www.bellunopress.it\\\/2011\\\/12\\\/10\\\/bandi-regionali-sui-giovani-ultimi-giorni-per-la-domanda\\\/#article\",\"isPartOf\":{\"@id\":\"https:\\\/\\\/www.bellunopress.it\\\/2011\\\/12\\\/10\\\/bandi-regionali-sui-giovani-ultimi-giorni-per-la-domanda\\\/\"},\"author\":{\"name\":\"redazione\",\"@id\":\"https:\\\/\\\/www.bellunopress.it\\\/#\\\/schema\\\/person\\\/79bb06722b37ece1c03d3e94beb30d73\"},\"headline\":\"Bandi regionali sui giovani: ultimi giorni per la domanda\",\"datePublished\":\"2011-12-10T14:47:28+00:00\",\"mainEntityOfPage\":{\"@id\":\"https:\\\/\\\/www.bellunopress.it\\\/2011\\\/12\\\/10\\\/bandi-regionali-sui-giovani-ultimi-giorni-per-la-domanda\\\/\"},\"wordCount\":258,\"publisher\":{\"@id\":\"https:\\\/\\\/www.bellunopress.it\\\/#organization\"},\"image\":{\"@id\":\"https:\\\/\\\/www.bellunopress.it\\\/2011\\\/12\\\/10\\\/bandi-regionali-sui-giovani-ultimi-giorni-per-la-domanda\\\/#primaryimage\"},\"thumbnailUrl\":\"http:\\\/\\\/www.bellunopress.it\\\/wp-content\\\/uploads\\\/2010\\\/05\\\/remo-sernagiotto.jpg\",\"articleSection\":[\"Lavoro, Economia, Turismo\",\"Prima Pagina\"],\"inLanguage\":\"fr-FR\"},{\"@type\":\"WebPage\",\"@id\":\"https:\\\/\\\/www.bellunopress.it\\\/2011\\\/12\\\/10\\\/bandi-regionali-sui-giovani-ultimi-giorni-per-la-domanda\\\/\",\"url\":\"https:\\\/\\\/www.bellunopress.it\\\/2011\\\/12\\\/10\\\/bandi-regionali-sui-giovani-ultimi-giorni-per-la-domanda\\\/\",\"name\":\"Bandi regionali sui giovani: ultimi giorni per la domanda - Bellunopress - Dolomiti\",\"isPartOf\":{\"@id\":\"https:\\\/\\\/www.bellunopress.it\\\/#website\"},\"primaryImageOfPage\":{\"@id\":\"https:\\\/\\\/www.bellunopress.it\\\/2011\\\/12\\\/10\\\/bandi-regionali-sui-giovani-ultimi-giorni-per-la-domanda\\\/#primaryimage\"},\"image\":{\"@id\":\"https:\\\/\\\/www.bellunopress.it\\\/2011\\\/12\\\/10\\\/bandi-regionali-sui-giovani-ultimi-giorni-per-la-domanda\\\/#primaryimage\"},\"thumbnailUrl\":\"http:\\\/\\\/www.bellunopress.it\\\/wp-content\\\/uploads\\\/2010\\\/05\\\/remo-sernagiotto.jpg\",\"datePublished\":\"2011-12-10T14:47:28+00:00\",\"breadcrumb\":{\"@id\":\"https:\\\/\\\/www.bellunopress.it\\\/2011\\\/12\\\/10\\\/bandi-regionali-sui-giovani-ultimi-giorni-per-la-domanda\\\/#breadcrumb\"},\"inLanguage\":\"fr-FR\",\"potentialAction\":[{\"@type\":\"ReadAction\",\"target\":[\"https:\\\/\\\/www.bellunopress.it\\\/2011\\\/12\\\/10\\\/bandi-regionali-sui-giovani-ultimi-giorni-per-la-domanda\\\/\"]}]},{\"@type\":\"ImageObject\",\"inLanguage\":\"fr-FR\",\"@id\":\"https:\\\/\\\/www.bellunopress.it\\\/2011\\\/12\\\/10\\\/bandi-regionali-sui-giovani-ultimi-giorni-per-la-domanda\\\/#primaryimage\",\"url\":\"http:\\\/\\\/www.bellunopress.it\\\/wp-content\\\/uploads\\\/2010\\\/05\\\/remo-sernagiotto.jpg\",\"contentUrl\":\"http:\\\/\\\/www.bellunopress.it\\\/wp-content\\\/uploads\\\/2010\\\/05\\\/remo-sernagiotto.jpg\"},{\"@type\":\"BreadcrumbList\",\"@id\":\"https:\\\/\\\/www.bellunopress.it\\\/2011\\\/12\\\/10\\\/bandi-regionali-sui-giovani-ultimi-giorni-per-la-domanda\\\/#breadcrumb\",\"itemListElement\":[{\"@type\":\"ListItem\",\"position\":1,\"name\":\"Home\",\"item\":\"https:\\\/\\\/www.bellunopress.it\\\/\"},{\"@type\":\"ListItem\",\"position\":2,\"name\":\"Bandi regionali sui giovani: ultimi giorni per la domanda\"}]},{\"@type\":\"WebSite\",\"@id\":\"https:\\\/\\\/www.bellunopress.it\\\/#website\",\"url\":\"https:\\\/\\\/www.bellunopress.it\\\/\",\"name\":\"Bellunopress - Dolomiti\",\"description\":\"e-mail: redazione@bellunopress.it\",\"publisher\":{\"@id\":\"https:\\\/\\\/www.bellunopress.it\\\/#organization\"},\"potentialAction\":[{\"@type\":\"SearchAction\",\"target\":{\"@type\":\"EntryPoint\",\"urlTemplate\":\"https:\\\/\\\/www.bellunopress.it\\\/?s={search_term_string}\"},\"query-input\":{\"@type\":\"PropertyValueSpecification\",\"valueRequired\":true,\"valueName\":\"search_term_string\"}}],\"inLanguage\":\"fr-FR\"},{\"@type\":\"Organization\",\"@id\":\"https:\\\/\\\/www.bellunopress.it\\\/#organization\",\"name\":\"Bellunopress\",\"url\":\"https:\\\/\\\/www.bellunopress.it\\\/\",\"logo\":{\"@type\":\"ImageObject\",\"inLanguage\":\"fr-FR\",\"@id\":\"https:\\\/\\\/www.bellunopress.it\\\/#\\\/schema\\\/logo\\\/image\\\/\",\"url\":\"https:\\\/\\\/www.bellunopress.it\\\/wp-content\\\/uploads\\\/2011\\\/05\\\/cropped-logo-bellunopress-.jpg\",\"contentUrl\":\"https:\\\/\\\/www.bellunopress.it\\\/wp-content\\\/uploads\\\/2011\\\/05\\\/cropped-logo-bellunopress-.jpg\",\"width\":512,\"height\":512,\"caption\":\"Bellunopress\"},\"image\":{\"@id\":\"https:\\\/\\\/www.bellunopress.it\\\/#\\\/schema\\\/logo\\\/image\\\/\"},\"sameAs\":[\"https:\\\/\\\/www.facebook.com\\\/profile.php?id=100008943462799\",\"https:\\\/\\\/x.com\\\/bellunopress\",\"https:\\\/\\\/www.linkedin.com\\\/hp\\\/?dnr=JBzUWaJfMUw8vbXJJ2tVW5-I3jZKvC4wsoxE&amp;amp;amp;amp;amp;amp;trk=nav_responsive_tab_home\",\"https:\\\/\\\/www.youtube.com\\\/channel\\\/UCxL0wu1uN0_3_7hGG0306cw\"]},{\"@type\":\"Person\",\"@id\":\"https:\\\/\\\/www.bellunopress.it\\\/#\\\/schema\\\/person\\\/79bb06722b37ece1c03d3e94beb30d73\",\"name\":\"redazione\",\"image\":{\"@type\":\"ImageObject\",\"inLanguage\":\"fr-FR\",\"@id\":\"https:\\\/\\\/secure.gravatar.com\\\/avatar\\\/37d968a2e67a6fd04c169c4bdef102d0bc5d31b2546345219e348575eb80e9a0?s=96&d=mm&r=g\",\"url\":\"https:\\\/\\\/secure.gravatar.com\\\/avatar\\\/37d968a2e67a6fd04c169c4bdef102d0bc5d31b2546345219e348575eb80e9a0?s=96&d=mm&r=g\",\"contentUrl\":\"https:\\\/\\\/secure.gravatar.com\\\/avatar\\\/37d968a2e67a6fd04c169c4bdef102d0bc5d31b2546345219e348575eb80e9a0?s=96&d=mm&r=g\",\"caption\":\"redazione\"},\"sameAs\":[\"http:\\\/\\\/www.bellunopress.it\",\"https:\\\/\\\/x.com\\\/bellunopress\"],\"url\":\"https:\\\/\\\/www.bellunopress.it\\\/fr\\\/author\\\/redazione\\\/\"}]}<\/script>\n<!-- \/ Yoast SEO plugin. -->","yoast_head_json":{"title":"Bandi regionali sui giovani: ultimi giorni per la domanda  - Bellunopress - Dolomiti","robots":{"index":"index","follow":"follow","max-snippet":"max-snippet:-1","max-image-preview":"max-image-preview:large","max-video-preview":"max-video-preview:-1"},"canonical":"https:\/\/www.bellunopress.it\/fr\/2011\/12\/10\/bandi-regionali-sui-giovani-ultimi-giorni-per-la-domanda\/","og_locale":"fr_FR","og_type":"article","og_title":"Bandi regionali sui giovani: ultimi giorni per la domanda  - Bellunopress - Dolomiti","og_description":"La Regione del Veneto ha stanziato 2 milioni e 700 mila euro per finanziare servizi, idee, imprese under 35. Termine ultimo per la consegna delle domande il 15 dicembre. \u201cAncora pochi giorni &#8211; ricorda l\u2019assessore Remo Sernagiotto &#8211; per presentare le domande di partecipazione ai bandi indetti dall\u2019Assessorato regionale ai Servizi Sociali per promuovere la [&hellip;]","og_url":"https:\/\/www.bellunopress.it\/fr\/2011\/12\/10\/bandi-regionali-sui-giovani-ultimi-giorni-per-la-domanda\/","og_site_name":"Bellunopress - Dolomiti","article_publisher":"https:\/\/www.facebook.com\/profile.php?id=100008943462799","article_published_time":"2011-12-10T14:47:28+00:00","og_image":[{"url":"http:\/\/www.bellunopress.it\/wp-content\/uploads\/2010\/05\/remo-sernagiotto.jpg","type":"","width":"","height":""}],"author":"redazione","twitter_card":"summary_large_image","twitter_creator":"@bellunopress","twitter_site":"@bellunopress","twitter_misc":{"\u00c9crit par":"redazione","Dur\u00e9e de lecture estim\u00e9e":"1 minute"},"schema":{"@context":"https:\/\/schema.org","@graph":[{"@type":"Article","@id":"https:\/\/www.bellunopress.it\/2011\/12\/10\/bandi-regionali-sui-giovani-ultimi-giorni-per-la-domanda\/#article","isPartOf":{"@id":"https:\/\/www.bellunopress.it\/2011\/12\/10\/bandi-regionali-sui-giovani-ultimi-giorni-per-la-domanda\/"},"author":{"name":"redazione","@id":"https:\/\/www.bellunopress.it\/#\/schema\/person\/79bb06722b37ece1c03d3e94beb30d73"},"headline":"Bandi regionali sui giovani: ultimi giorni per la domanda","datePublished":"2011-12-10T14:47:28+00:00","mainEntityOfPage":{"@id":"https:\/\/www.bellunopress.it\/2011\/12\/10\/bandi-regionali-sui-giovani-ultimi-giorni-per-la-domanda\/"},"wordCount":258,"publisher":{"@id":"https:\/\/www.bellunopress.it\/#organization"},"image":{"@id":"https:\/\/www.bellunopress.it\/2011\/12\/10\/bandi-regionali-sui-giovani-ultimi-giorni-per-la-domanda\/#primaryimage"},"thumbnailUrl":"http:\/\/www.bellunopress.it\/wp-content\/uploads\/2010\/05\/remo-sernagiotto.jpg","articleSection":["Lavoro, Economia, Turismo","Prima Pagina"],"inLanguage":"fr-FR"},{"@type":"WebPage","@id":"https:\/\/www.bellunopress.it\/2011\/12\/10\/bandi-regionali-sui-giovani-ultimi-giorni-per-la-domanda\/","url":"https:\/\/www.bellunopress.it\/2011\/12\/10\/bandi-regionali-sui-giovani-ultimi-giorni-per-la-domanda\/","name":"Bandi regionali sui giovani: ultimi giorni per la domanda - Bellunopress - Dolomiti","isPartOf":{"@id":"https:\/\/www.bellunopress.it\/#website"},"primaryImageOfPage":{"@id":"https:\/\/www.bellunopress.it\/2011\/12\/10\/bandi-regionali-sui-giovani-ultimi-giorni-per-la-domanda\/#primaryimage"},"image":{"@id":"https:\/\/www.bellunopress.it\/2011\/12\/10\/bandi-regionali-sui-giovani-ultimi-giorni-per-la-domanda\/#primaryimage"},"thumbnailUrl":"http:\/\/www.bellunopress.it\/wp-content\/uploads\/2010\/05\/remo-sernagiotto.jpg","datePublished":"2011-12-10T14:47:28+00:00","breadcrumb":{"@id":"https:\/\/www.bellunopress.it\/2011\/12\/10\/bandi-regionali-sui-giovani-ultimi-giorni-per-la-domanda\/#breadcrumb"},"inLanguage":"fr-FR","potentialAction":[{"@type":"ReadAction","target":["https:\/\/www.bellunopress.it\/2011\/12\/10\/bandi-regionali-sui-giovani-ultimi-giorni-per-la-domanda\/"]}]},{"@type":"ImageObject","inLanguage":"fr-FR","@id":"https:\/\/www.bellunopress.it\/2011\/12\/10\/bandi-regionali-sui-giovani-ultimi-giorni-per-la-domanda\/#primaryimage","url":"http:\/\/www.bellunopress.it\/wp-content\/uploads\/2010\/05\/remo-sernagiotto.jpg","contentUrl":"http:\/\/www.bellunopress.it\/wp-content\/uploads\/2010\/05\/remo-sernagiotto.jpg"},{"@type":"BreadcrumbList","@id":"https:\/\/www.bellunopress.it\/2011\/12\/10\/bandi-regionali-sui-giovani-ultimi-giorni-per-la-domanda\/#breadcrumb","itemListElement":[{"@type":"ListItem","position":1,"name":"Home","item":"https:\/\/www.bellunopress.it\/"},{"@type":"ListItem","position":2,"name":"Bandi regionali sui giovani: ultimi giorni per la domanda"}]},{"@type":"WebSite","@id":"https:\/\/www.bellunopress.it\/#website","url":"https:\/\/www.bellunopress.it\/","name":"Bellunopress - Dolomiti","description":"e-mail: redazione@bellunopress.it","publisher":{"@id":"https:\/\/www.bellunopress.it\/#organization"},"potentialAction":[{"@type":"SearchAction","target":{"@type":"EntryPoint","urlTemplate":"https:\/\/www.bellunopress.it\/?s={search_term_string}"},"query-input":{"@type":"PropertyValueSpecification","valueRequired":true,"valueName":"search_term_string"}}],"inLanguage":"fr-FR"},{"@type":"Organization","@id":"https:\/\/www.bellunopress.it\/#organization","name":"Bellunopress","url":"https:\/\/www.bellunopress.it\/","logo":{"@type":"ImageObject","inLanguage":"fr-FR","@id":"https:\/\/www.bellunopress.it\/#\/schema\/logo\/image\/","url":"https:\/\/www.bellunopress.it\/wp-content\/uploads\/2011\/05\/cropped-logo-bellunopress-.jpg","contentUrl":"https:\/\/www.bellunopress.it\/wp-content\/uploads\/2011\/05\/cropped-logo-bellunopress-.jpg","width":512,"height":512,"caption":"Bellunopress"},"image":{"@id":"https:\/\/www.bellunopress.it\/#\/schema\/logo\/image\/"},"sameAs":["https:\/\/www.facebook.com\/profile.php?id=100008943462799","https:\/\/x.com\/bellunopress","https:\/\/www.linkedin.com\/hp\/?dnr=JBzUWaJfMUw8vbXJJ2tVW5-I3jZKvC4wsoxE&amp;amp;amp;amp;amp;amp;trk=nav_responsive_tab_home","https:\/\/www.youtube.com\/channel\/UCxL0wu1uN0_3_7hGG0306cw"]},{"@type":"Person","@id":"https:\/\/www.bellunopress.it\/#\/schema\/person\/79bb06722b37ece1c03d3e94beb30d73","name":"r\u00e9daction","image":{"@type":"ImageObject","inLanguage":"fr-FR","@id":"https:\/\/secure.gravatar.com\/avatar\/37d968a2e67a6fd04c169c4bdef102d0bc5d31b2546345219e348575eb80e9a0?s=96&d=mm&r=g","url":"https:\/\/secure.gravatar.com\/avatar\/37d968a2e67a6fd04c169c4bdef102d0bc5d31b2546345219e348575eb80e9a0?s=96&d=mm&r=g","contentUrl":"https:\/\/secure.gravatar.com\/avatar\/37d968a2e67a6fd04c169c4bdef102d0bc5d31b2546345219e348575eb80e9a0?s=96&d=mm&r=g","caption":"redazione"},"sameAs":["http:\/\/www.bellunopress.it","https:\/\/x.com\/bellunopress"],"url":"https:\/\/www.bellunopress.it\/fr\/author\/redazione\/"}]}},"_links":{"self":[{"href":"https:\/\/www.bellunopress.it\/fr\/wp-json\/wp\/v2\/posts\/33184","targetHints":{"allow":["GET"]}}],"collection":[{"href":"https:\/\/www.bellunopress.it\/fr\/wp-json\/wp\/v2\/posts"}],"about":[{"href":"https:\/\/www.bellunopress.it\/fr\/wp-json\/wp\/v2\/types\/post"}],"author":[{"embeddable":true,"href":"https:\/\/www.bellunopress.it\/fr\/wp-json\/wp\/v2\/users\/2"}],"replies":[{"embeddable":true,"href":"https:\/\/www.bellunopress.it\/fr\/wp-json\/wp\/v2\/comments?post=33184"}],"version-history":[{"count":2,"href":"https:\/\/www.bellunopress.it\/fr\/wp-json\/wp\/v2\/posts\/33184\/revisions"}],"predecessor-version":[{"id":33186,"href":"https:\/\/www.bellunopress.it\/fr\/wp-json\/wp\/v2\/posts\/33184\/revisions\/33186"}],"wp:attachment":[{"href":"https:\/\/www.bellunopress.it\/fr\/wp-json\/wp\/v2\/media?parent=33184"}],"wp:term":[{"taxonomy":"category","embeddable":true,"href":"https:\/\/www.bellunopress.it\/fr\/wp-json\/wp\/v2\/categories?post=33184"},{"taxonomy":"post_tag","embeddable":true,"href":"https:\/\/www.bellunopress.it\/fr\/wp-json\/wp\/v2\/tags?post=33184"}],"curies":[{"name":"wp","href":"https:\/\/api.w.org\/{rel}","templated":true}]}}