{"id":33175,"date":"2011-12-10T08:52:58","date_gmt":"2011-12-10T07:52:58","guid":{"rendered":"http:\/\/www.bellunopress.it\/?p=33175"},"modified":"2011-12-10T08:52:58","modified_gmt":"2011-12-10T07:52:58","slug":"riapre-la-biblioteca-civica-di-feltre-alle-ex-scuderie-napoleoniche","status":"publish","type":"post","link":"https:\/\/www.bellunopress.it\/fr\/2011\/12\/10\/riapre-la-biblioteca-civica-di-feltre-alle-ex-scuderie-napoleoniche\/","title":{"rendered":"Riapre la Biblioteca civica di Feltre alle ex Scuderie Napoleoniche"},"content":{"rendered":"<p><a href=\"http:\/\/www.bellunopress.it\/wp-content\/uploads\/2011\/12\/biblioteca-feltre.jpg\"><img loading=\"lazy\" decoding=\"async\" class=\"alignleft size-full wp-image-33177\" title=\"biblioteca feltre\" src=\"http:\/\/www.bellunopress.it\/wp-content\/uploads\/2011\/12\/biblioteca-feltre.jpg\" alt=\"\" width=\"250\" height=\"201\" \/><\/a>Luned\u00ec 12 dicembre, alle 14, si aprono i battenti della nuova sede della Biblioteca Civica. Completata la prima fase di trasloco da Palazzo Tomitano alle ex Scuderie Napoleoniche, sta nascendo il nuovo Polo Bibliotecario Feltrino, che sar\u00e0 completato con il prossimo inserimento della collezione libraria della Comunit\u00e0\u00a0 Montana Feltrina.<br \/>\nI servizi al pubblico di prestito locale e interprestito bibliotecario riprenderanno regolarmente. La sezione locale e l&#8217;area ragazzi (in attesa di trovare definitiva collocazione nei locali di Palazzo Borgasio) saranno fin da subito fruibili e liberamente accessibili.<br \/>\nGli studiosi che vorranno accedere alla sezione storica della Biblioteca potranno richiedere, con apposita e motivata nota, la consultazione di un massimo di tre opere per volta nei locali della nuova sede, in quanto questa sezione per ora non \u00e8 consultabile liberamente.<br \/>\nLa tessera della Biblioteca dar\u00e0 accesso sia alla sala di lettura, aperta inizialmente con 15 dei 35 posti a disposizione, sia alla navigazione in internet, libera e gratuita, dalle attuali 3 postazioni internet presenti o attraverso la tecnologia wireless wi-fi, in corso di allestimento dentro e fuori la biblioteca.<br \/>\nL&#8217;orario di apertura settimanale \u00e8 attualmente il seguente:<br \/>\nLUN\/MAR\/MER\/GIO\/VEN \u00a0\u00a0dalle ore 14.00 alle ore 18.00<br \/>\nMAR\/MER\/VEN\/SAB\u00a0\u00a0dalle 9.00 alle 12.00<br \/>\nEventuali disagi o disservizi legati alla non immediata disponibilit\u00e0 dell&#8217;intero patrimonio librario presente a catalogo sono dovuti alla necessit\u00e0 di dar seguito all&#8217;accorpamento dei volumi della Biblioteca della Comunit\u00e0 Montana.<\/p>","protected":false},"excerpt":{"rendered":"<p>Luned\u00ec 12 dicembre, alle 14, si aprono i battenti della nuova sede della Biblioteca Civica. Completata la prima fase di trasloco da Palazzo Tomitano alle ex Scuderie Napoleoniche, sta nascendo il nuovo Polo Bibliotecario Feltrino, che sar\u00e0 completato con il prossimo inserimento della collezione libraria della Comunit\u00e0\u00a0 Montana Feltrina. I servizi al pubblico di prestito [&hellip;]<\/p>\n","protected":false},"author":2,"featured_media":0,"comment_status":"closed","ping_status":"open","sticky":false,"template":"","format":"standard","meta":{"footnotes":""},"categories":[3,5,26],"tags":[],"class_list":["post-33175","post","type-post","status-publish","format-standard","category-arte-cultura-spettacoli-scienza-archivi","category-cronaca","category-prima-pagina"],"yoast_head":"<!-- This site is optimized with the Yoast SEO plugin v28.4 - https:\/\/yoast.com\/product\/yoast-seo-wordpress\/ -->\n<title>Riapre la Biblioteca civica di Feltre alle ex Scuderie Napoleoniche - Bellunopress - Dolomiti<\/title>\n<meta name=\"robots\" content=\"index, follow, max-snippet:-1, max-image-preview:large, max-video-preview:-1\" \/>\n<link rel=\"canonical\" href=\"https:\/\/www.bellunopress.it\/fr\/2011\/12\/10\/riapre-la-biblioteca-civica-di-feltre-alle-ex-scuderie-napoleoniche\/\" \/>\n<meta property=\"og:locale\" content=\"fr_FR\" \/>\n<meta property=\"og:type\" content=\"article\" \/>\n<meta property=\"og:title\" content=\"Riapre la Biblioteca civica di Feltre alle ex Scuderie Napoleoniche - Bellunopress - Dolomiti\" \/>\n<meta property=\"og:description\" content=\"Luned\u00ec 12 dicembre, alle 14, si aprono i battenti della nuova sede della Biblioteca Civica. Completata la prima fase di trasloco da Palazzo Tomitano alle ex Scuderie Napoleoniche, sta nascendo il nuovo Polo Bibliotecario Feltrino, che sar\u00e0 completato con il prossimo inserimento della collezione libraria della Comunit\u00e0\u00a0 Montana Feltrina. I servizi al pubblico di prestito [&hellip;]\" \/>\n<meta property=\"og:url\" content=\"https:\/\/www.bellunopress.it\/fr\/2011\/12\/10\/riapre-la-biblioteca-civica-di-feltre-alle-ex-scuderie-napoleoniche\/\" \/>\n<meta property=\"og:site_name\" content=\"Bellunopress - Dolomiti\" \/>\n<meta property=\"article:publisher\" content=\"https:\/\/www.facebook.com\/profile.php?id=100008943462799\" \/>\n<meta property=\"article:published_time\" content=\"2011-12-10T07:52:58+00:00\" \/>\n<meta property=\"og:image\" content=\"http:\/\/www.bellunopress.it\/wp-content\/uploads\/2011\/12\/biblioteca-feltre.jpg\" \/>\n<meta name=\"author\" content=\"redazione\" \/>\n<meta name=\"twitter:card\" content=\"summary_large_image\" \/>\n<meta name=\"twitter:creator\" content=\"@bellunopress\" \/>\n<meta name=\"twitter:site\" content=\"@bellunopress\" \/>\n<meta name=\"twitter:label1\" content=\"\u00c9crit par\" \/>\n\t<meta name=\"twitter:data1\" content=\"redazione\" \/>\n\t<meta name=\"twitter:label2\" content=\"Dur\u00e9e de lecture estim\u00e9e\" \/>\n\t<meta name=\"twitter:data2\" content=\"1 minute\" \/>\n<script type=\"application\/ld+json\" class=\"yoast-schema-graph\">{\"@context\":\"https:\\\/\\\/schema.org\",\"@graph\":[{\"@type\":\"Article\",\"@id\":\"https:\\\/\\\/www.bellunopress.it\\\/2011\\\/12\\\/10\\\/riapre-la-biblioteca-civica-di-feltre-alle-ex-scuderie-napoleoniche\\\/#article\",\"isPartOf\":{\"@id\":\"https:\\\/\\\/www.bellunopress.it\\\/2011\\\/12\\\/10\\\/riapre-la-biblioteca-civica-di-feltre-alle-ex-scuderie-napoleoniche\\\/\"},\"author\":{\"name\":\"redazione\",\"@id\":\"https:\\\/\\\/www.bellunopress.it\\\/#\\\/schema\\\/person\\\/79bb06722b37ece1c03d3e94beb30d73\"},\"headline\":\"Riapre la Biblioteca civica di Feltre alle ex Scuderie Napoleoniche\",\"datePublished\":\"2011-12-10T07:52:58+00:00\",\"mainEntityOfPage\":{\"@id\":\"https:\\\/\\\/www.bellunopress.it\\\/2011\\\/12\\\/10\\\/riapre-la-biblioteca-civica-di-feltre-alle-ex-scuderie-napoleoniche\\\/\"},\"wordCount\":237,\"publisher\":{\"@id\":\"https:\\\/\\\/www.bellunopress.it\\\/#organization\"},\"image\":{\"@id\":\"https:\\\/\\\/www.bellunopress.it\\\/2011\\\/12\\\/10\\\/riapre-la-biblioteca-civica-di-feltre-alle-ex-scuderie-napoleoniche\\\/#primaryimage\"},\"thumbnailUrl\":\"http:\\\/\\\/www.bellunopress.it\\\/wp-content\\\/uploads\\\/2011\\\/12\\\/biblioteca-feltre.jpg\",\"articleSection\":[\"Arte, Cultura, Spettacoli, Scienza\",\"Cronaca\\\/Politica\",\"Prima Pagina\"],\"inLanguage\":\"fr-FR\"},{\"@type\":\"WebPage\",\"@id\":\"https:\\\/\\\/www.bellunopress.it\\\/2011\\\/12\\\/10\\\/riapre-la-biblioteca-civica-di-feltre-alle-ex-scuderie-napoleoniche\\\/\",\"url\":\"https:\\\/\\\/www.bellunopress.it\\\/2011\\\/12\\\/10\\\/riapre-la-biblioteca-civica-di-feltre-alle-ex-scuderie-napoleoniche\\\/\",\"name\":\"Riapre la Biblioteca civica di Feltre alle ex Scuderie Napoleoniche - Bellunopress - Dolomiti\",\"isPartOf\":{\"@id\":\"https:\\\/\\\/www.bellunopress.it\\\/#website\"},\"primaryImageOfPage\":{\"@id\":\"https:\\\/\\\/www.bellunopress.it\\\/2011\\\/12\\\/10\\\/riapre-la-biblioteca-civica-di-feltre-alle-ex-scuderie-napoleoniche\\\/#primaryimage\"},\"image\":{\"@id\":\"https:\\\/\\\/www.bellunopress.it\\\/2011\\\/12\\\/10\\\/riapre-la-biblioteca-civica-di-feltre-alle-ex-scuderie-napoleoniche\\\/#primaryimage\"},\"thumbnailUrl\":\"http:\\\/\\\/www.bellunopress.it\\\/wp-content\\\/uploads\\\/2011\\\/12\\\/biblioteca-feltre.jpg\",\"datePublished\":\"2011-12-10T07:52:58+00:00\",\"breadcrumb\":{\"@id\":\"https:\\\/\\\/www.bellunopress.it\\\/2011\\\/12\\\/10\\\/riapre-la-biblioteca-civica-di-feltre-alle-ex-scuderie-napoleoniche\\\/#breadcrumb\"},\"inLanguage\":\"fr-FR\",\"potentialAction\":[{\"@type\":\"ReadAction\",\"target\":[\"https:\\\/\\\/www.bellunopress.it\\\/2011\\\/12\\\/10\\\/riapre-la-biblioteca-civica-di-feltre-alle-ex-scuderie-napoleoniche\\\/\"]}]},{\"@type\":\"ImageObject\",\"inLanguage\":\"fr-FR\",\"@id\":\"https:\\\/\\\/www.bellunopress.it\\\/2011\\\/12\\\/10\\\/riapre-la-biblioteca-civica-di-feltre-alle-ex-scuderie-napoleoniche\\\/#primaryimage\",\"url\":\"http:\\\/\\\/www.bellunopress.it\\\/wp-content\\\/uploads\\\/2011\\\/12\\\/biblioteca-feltre.jpg\",\"contentUrl\":\"http:\\\/\\\/www.bellunopress.it\\\/wp-content\\\/uploads\\\/2011\\\/12\\\/biblioteca-feltre.jpg\"},{\"@type\":\"BreadcrumbList\",\"@id\":\"https:\\\/\\\/www.bellunopress.it\\\/2011\\\/12\\\/10\\\/riapre-la-biblioteca-civica-di-feltre-alle-ex-scuderie-napoleoniche\\\/#breadcrumb\",\"itemListElement\":[{\"@type\":\"ListItem\",\"position\":1,\"name\":\"Home\",\"item\":\"https:\\\/\\\/www.bellunopress.it\\\/\"},{\"@type\":\"ListItem\",\"position\":2,\"name\":\"Riapre la Biblioteca civica di Feltre alle ex Scuderie Napoleoniche\"}]},{\"@type\":\"WebSite\",\"@id\":\"https:\\\/\\\/www.bellunopress.it\\\/#website\",\"url\":\"https:\\\/\\\/www.bellunopress.it\\\/\",\"name\":\"Bellunopress - Dolomiti\",\"description\":\"e-mail: redazione@bellunopress.it\",\"publisher\":{\"@id\":\"https:\\\/\\\/www.bellunopress.it\\\/#organization\"},\"potentialAction\":[{\"@type\":\"SearchAction\",\"target\":{\"@type\":\"EntryPoint\",\"urlTemplate\":\"https:\\\/\\\/www.bellunopress.it\\\/?s={search_term_string}\"},\"query-input\":{\"@type\":\"PropertyValueSpecification\",\"valueRequired\":true,\"valueName\":\"search_term_string\"}}],\"inLanguage\":\"fr-FR\"},{\"@type\":\"Organization\",\"@id\":\"https:\\\/\\\/www.bellunopress.it\\\/#organization\",\"name\":\"Bellunopress\",\"url\":\"https:\\\/\\\/www.bellunopress.it\\\/\",\"logo\":{\"@type\":\"ImageObject\",\"inLanguage\":\"fr-FR\",\"@id\":\"https:\\\/\\\/www.bellunopress.it\\\/#\\\/schema\\\/logo\\\/image\\\/\",\"url\":\"https:\\\/\\\/www.bellunopress.it\\\/wp-content\\\/uploads\\\/2011\\\/05\\\/cropped-logo-bellunopress-.jpg\",\"contentUrl\":\"https:\\\/\\\/www.bellunopress.it\\\/wp-content\\\/uploads\\\/2011\\\/05\\\/cropped-logo-bellunopress-.jpg\",\"width\":512,\"height\":512,\"caption\":\"Bellunopress\"},\"image\":{\"@id\":\"https:\\\/\\\/www.bellunopress.it\\\/#\\\/schema\\\/logo\\\/image\\\/\"},\"sameAs\":[\"https:\\\/\\\/www.facebook.com\\\/profile.php?id=100008943462799\",\"https:\\\/\\\/x.com\\\/bellunopress\",\"https:\\\/\\\/www.linkedin.com\\\/hp\\\/?dnr=JBzUWaJfMUw8vbXJJ2tVW5-I3jZKvC4wsoxE&amp;amp;amp;amp;amp;amp;trk=nav_responsive_tab_home\",\"https:\\\/\\\/www.youtube.com\\\/channel\\\/UCxL0wu1uN0_3_7hGG0306cw\"]},{\"@type\":\"Person\",\"@id\":\"https:\\\/\\\/www.bellunopress.it\\\/#\\\/schema\\\/person\\\/79bb06722b37ece1c03d3e94beb30d73\",\"name\":\"redazione\",\"image\":{\"@type\":\"ImageObject\",\"inLanguage\":\"fr-FR\",\"@id\":\"https:\\\/\\\/secure.gravatar.com\\\/avatar\\\/37d968a2e67a6fd04c169c4bdef102d0bc5d31b2546345219e348575eb80e9a0?s=96&d=mm&r=g\",\"url\":\"https:\\\/\\\/secure.gravatar.com\\\/avatar\\\/37d968a2e67a6fd04c169c4bdef102d0bc5d31b2546345219e348575eb80e9a0?s=96&d=mm&r=g\",\"contentUrl\":\"https:\\\/\\\/secure.gravatar.com\\\/avatar\\\/37d968a2e67a6fd04c169c4bdef102d0bc5d31b2546345219e348575eb80e9a0?s=96&d=mm&r=g\",\"caption\":\"redazione\"},\"sameAs\":[\"http:\\\/\\\/www.bellunopress.it\",\"https:\\\/\\\/x.com\\\/bellunopress\"],\"url\":\"https:\\\/\\\/www.bellunopress.it\\\/fr\\\/author\\\/redazione\\\/\"}]}<\/script>\n<!-- \/ Yoast SEO plugin. -->","yoast_head_json":{"title":"Riapre la Biblioteca civica di Feltre alle ex Scuderie Napoleoniche - Bellunopress - Dolomiti","robots":{"index":"index","follow":"follow","max-snippet":"max-snippet:-1","max-image-preview":"max-image-preview:large","max-video-preview":"max-video-preview:-1"},"canonical":"https:\/\/www.bellunopress.it\/fr\/2011\/12\/10\/riapre-la-biblioteca-civica-di-feltre-alle-ex-scuderie-napoleoniche\/","og_locale":"fr_FR","og_type":"article","og_title":"Riapre la Biblioteca civica di Feltre alle ex Scuderie Napoleoniche - Bellunopress - Dolomiti","og_description":"Luned\u00ec 12 dicembre, alle 14, si aprono i battenti della nuova sede della Biblioteca Civica. Completata la prima fase di trasloco da Palazzo Tomitano alle ex Scuderie Napoleoniche, sta nascendo il nuovo Polo Bibliotecario Feltrino, che sar\u00e0 completato con il prossimo inserimento della collezione libraria della Comunit\u00e0\u00a0 Montana Feltrina. I servizi al pubblico di prestito [&hellip;]","og_url":"https:\/\/www.bellunopress.it\/fr\/2011\/12\/10\/riapre-la-biblioteca-civica-di-feltre-alle-ex-scuderie-napoleoniche\/","og_site_name":"Bellunopress - Dolomiti","article_publisher":"https:\/\/www.facebook.com\/profile.php?id=100008943462799","article_published_time":"2011-12-10T07:52:58+00:00","og_image":[{"url":"http:\/\/www.bellunopress.it\/wp-content\/uploads\/2011\/12\/biblioteca-feltre.jpg","type":"","width":"","height":""}],"author":"redazione","twitter_card":"summary_large_image","twitter_creator":"@bellunopress","twitter_site":"@bellunopress","twitter_misc":{"\u00c9crit par":"redazione","Dur\u00e9e de lecture estim\u00e9e":"1 minute"},"schema":{"@context":"https:\/\/schema.org","@graph":[{"@type":"Article","@id":"https:\/\/www.bellunopress.it\/2011\/12\/10\/riapre-la-biblioteca-civica-di-feltre-alle-ex-scuderie-napoleoniche\/#article","isPartOf":{"@id":"https:\/\/www.bellunopress.it\/2011\/12\/10\/riapre-la-biblioteca-civica-di-feltre-alle-ex-scuderie-napoleoniche\/"},"author":{"name":"redazione","@id":"https:\/\/www.bellunopress.it\/#\/schema\/person\/79bb06722b37ece1c03d3e94beb30d73"},"headline":"Riapre la Biblioteca civica di Feltre alle ex Scuderie Napoleoniche","datePublished":"2011-12-10T07:52:58+00:00","mainEntityOfPage":{"@id":"https:\/\/www.bellunopress.it\/2011\/12\/10\/riapre-la-biblioteca-civica-di-feltre-alle-ex-scuderie-napoleoniche\/"},"wordCount":237,"publisher":{"@id":"https:\/\/www.bellunopress.it\/#organization"},"image":{"@id":"https:\/\/www.bellunopress.it\/2011\/12\/10\/riapre-la-biblioteca-civica-di-feltre-alle-ex-scuderie-napoleoniche\/#primaryimage"},"thumbnailUrl":"http:\/\/www.bellunopress.it\/wp-content\/uploads\/2011\/12\/biblioteca-feltre.jpg","articleSection":["Arte, Cultura, Spettacoli, Scienza","Cronaca\/Politica","Prima Pagina"],"inLanguage":"fr-FR"},{"@type":"WebPage","@id":"https:\/\/www.bellunopress.it\/2011\/12\/10\/riapre-la-biblioteca-civica-di-feltre-alle-ex-scuderie-napoleoniche\/","url":"https:\/\/www.bellunopress.it\/2011\/12\/10\/riapre-la-biblioteca-civica-di-feltre-alle-ex-scuderie-napoleoniche\/","name":"Riapre la Biblioteca civica di Feltre alle ex Scuderie Napoleoniche - Bellunopress - Dolomiti","isPartOf":{"@id":"https:\/\/www.bellunopress.it\/#website"},"primaryImageOfPage":{"@id":"https:\/\/www.bellunopress.it\/2011\/12\/10\/riapre-la-biblioteca-civica-di-feltre-alle-ex-scuderie-napoleoniche\/#primaryimage"},"image":{"@id":"https:\/\/www.bellunopress.it\/2011\/12\/10\/riapre-la-biblioteca-civica-di-feltre-alle-ex-scuderie-napoleoniche\/#primaryimage"},"thumbnailUrl":"http:\/\/www.bellunopress.it\/wp-content\/uploads\/2011\/12\/biblioteca-feltre.jpg","datePublished":"2011-12-10T07:52:58+00:00","breadcrumb":{"@id":"https:\/\/www.bellunopress.it\/2011\/12\/10\/riapre-la-biblioteca-civica-di-feltre-alle-ex-scuderie-napoleoniche\/#breadcrumb"},"inLanguage":"fr-FR","potentialAction":[{"@type":"ReadAction","target":["https:\/\/www.bellunopress.it\/2011\/12\/10\/riapre-la-biblioteca-civica-di-feltre-alle-ex-scuderie-napoleoniche\/"]}]},{"@type":"ImageObject","inLanguage":"fr-FR","@id":"https:\/\/www.bellunopress.it\/2011\/12\/10\/riapre-la-biblioteca-civica-di-feltre-alle-ex-scuderie-napoleoniche\/#primaryimage","url":"http:\/\/www.bellunopress.it\/wp-content\/uploads\/2011\/12\/biblioteca-feltre.jpg","contentUrl":"http:\/\/www.bellunopress.it\/wp-content\/uploads\/2011\/12\/biblioteca-feltre.jpg"},{"@type":"BreadcrumbList","@id":"https:\/\/www.bellunopress.it\/2011\/12\/10\/riapre-la-biblioteca-civica-di-feltre-alle-ex-scuderie-napoleoniche\/#breadcrumb","itemListElement":[{"@type":"ListItem","position":1,"name":"Home","item":"https:\/\/www.bellunopress.it\/"},{"@type":"ListItem","position":2,"name":"Riapre la Biblioteca civica di Feltre alle ex Scuderie Napoleoniche"}]},{"@type":"WebSite","@id":"https:\/\/www.bellunopress.it\/#website","url":"https:\/\/www.bellunopress.it\/","name":"Bellunopress - Dolomiti","description":"e-mail: redazione@bellunopress.it","publisher":{"@id":"https:\/\/www.bellunopress.it\/#organization"},"potentialAction":[{"@type":"SearchAction","target":{"@type":"EntryPoint","urlTemplate":"https:\/\/www.bellunopress.it\/?s={search_term_string}"},"query-input":{"@type":"PropertyValueSpecification","valueRequired":true,"valueName":"search_term_string"}}],"inLanguage":"fr-FR"},{"@type":"Organization","@id":"https:\/\/www.bellunopress.it\/#organization","name":"Bellunopress","url":"https:\/\/www.bellunopress.it\/","logo":{"@type":"ImageObject","inLanguage":"fr-FR","@id":"https:\/\/www.bellunopress.it\/#\/schema\/logo\/image\/","url":"https:\/\/www.bellunopress.it\/wp-content\/uploads\/2011\/05\/cropped-logo-bellunopress-.jpg","contentUrl":"https:\/\/www.bellunopress.it\/wp-content\/uploads\/2011\/05\/cropped-logo-bellunopress-.jpg","width":512,"height":512,"caption":"Bellunopress"},"image":{"@id":"https:\/\/www.bellunopress.it\/#\/schema\/logo\/image\/"},"sameAs":["https:\/\/www.facebook.com\/profile.php?id=100008943462799","https:\/\/x.com\/bellunopress","https:\/\/www.linkedin.com\/hp\/?dnr=JBzUWaJfMUw8vbXJJ2tVW5-I3jZKvC4wsoxE&amp;amp;amp;amp;amp;amp;trk=nav_responsive_tab_home","https:\/\/www.youtube.com\/channel\/UCxL0wu1uN0_3_7hGG0306cw"]},{"@type":"Person","@id":"https:\/\/www.bellunopress.it\/#\/schema\/person\/79bb06722b37ece1c03d3e94beb30d73","name":"r\u00e9daction","image":{"@type":"ImageObject","inLanguage":"fr-FR","@id":"https:\/\/secure.gravatar.com\/avatar\/37d968a2e67a6fd04c169c4bdef102d0bc5d31b2546345219e348575eb80e9a0?s=96&d=mm&r=g","url":"https:\/\/secure.gravatar.com\/avatar\/37d968a2e67a6fd04c169c4bdef102d0bc5d31b2546345219e348575eb80e9a0?s=96&d=mm&r=g","contentUrl":"https:\/\/secure.gravatar.com\/avatar\/37d968a2e67a6fd04c169c4bdef102d0bc5d31b2546345219e348575eb80e9a0?s=96&d=mm&r=g","caption":"redazione"},"sameAs":["http:\/\/www.bellunopress.it","https:\/\/x.com\/bellunopress"],"url":"https:\/\/www.bellunopress.it\/fr\/author\/redazione\/"}]}},"_links":{"self":[{"href":"https:\/\/www.bellunopress.it\/fr\/wp-json\/wp\/v2\/posts\/33175","targetHints":{"allow":["GET"]}}],"collection":[{"href":"https:\/\/www.bellunopress.it\/fr\/wp-json\/wp\/v2\/posts"}],"about":[{"href":"https:\/\/www.bellunopress.it\/fr\/wp-json\/wp\/v2\/types\/post"}],"author":[{"embeddable":true,"href":"https:\/\/www.bellunopress.it\/fr\/wp-json\/wp\/v2\/users\/2"}],"replies":[{"embeddable":true,"href":"https:\/\/www.bellunopress.it\/fr\/wp-json\/wp\/v2\/comments?post=33175"}],"version-history":[{"count":1,"href":"https:\/\/www.bellunopress.it\/fr\/wp-json\/wp\/v2\/posts\/33175\/revisions"}],"predecessor-version":[{"id":33178,"href":"https:\/\/www.bellunopress.it\/fr\/wp-json\/wp\/v2\/posts\/33175\/revisions\/33178"}],"wp:attachment":[{"href":"https:\/\/www.bellunopress.it\/fr\/wp-json\/wp\/v2\/media?parent=33175"}],"wp:term":[{"taxonomy":"category","embeddable":true,"href":"https:\/\/www.bellunopress.it\/fr\/wp-json\/wp\/v2\/categories?post=33175"},{"taxonomy":"post_tag","embeddable":true,"href":"https:\/\/www.bellunopress.it\/fr\/wp-json\/wp\/v2\/tags?post=33175"}],"curies":[{"name":"wp","href":"https:\/\/api.w.org\/{rel}","templated":true}]}}