{"id":33171,"date":"2011-12-10T08:38:57","date_gmt":"2011-12-10T07:38:57","guid":{"rendered":"http:\/\/www.bellunopress.it\/?p=33171"},"modified":"2011-12-10T08:38:57","modified_gmt":"2011-12-10T07:38:57","slug":"meteo-favorevole-la-santaklaus-running-sogna-il-record-di-iscritti","status":"publish","type":"post","link":"https:\/\/www.bellunopress.it\/fr\/2011\/12\/10\/meteo-favorevole-la-santaklaus-running-sogna-il-record-di-iscritti\/","title":{"rendered":"Meteo favorevole: la Santaklaus running sogna il record di iscritti"},"content":{"rendered":"<p><a href=\"http:\/\/www.bellunopress.it\/wp-content\/uploads\/2010\/12\/santa-klaus-running-300x160.jpg\"><img loading=\"lazy\" decoding=\"async\" class=\"alignleft size-full wp-image-22032\" title=\"santa-klaus-running-300x160\" src=\"http:\/\/www.bellunopress.it\/wp-content\/uploads\/2010\/12\/santa-klaus-running-300x160.jpg\" alt=\"\" width=\"300\" height=\"160\" \/><\/a>Il bollettino meteo di Arabba prevede per domenica 11 dicembre: tempo ben soleggiato in mattinata e gli organizzatori della 7ma Santaklaus running sognano il record di iscritti!<br \/>\nLe premesse sono buone, fino a oggi sono oltre 800 gli iscritti alla manifestazione pi\u00f9 allegra e colorata: 350 correranno per 21,097km, 150 la 12km, 120 la 6km, mentre un\u2019ottantina deve ancora indicare quale percorso seguir\u00e0. Nel gruppo finora iscritto alla corsa dei Babbi Natale sono 204 le donne, mentre i bellunesi che si vestiranno di rosso finora sono 264, tutti gli altri arrivano dal Triveneto e dalle province di Arezzo, Torino, Milano, Bolzano, Piacenza e Sondrio. Gli stranieri iscritti, invece, arrivano dall\u2019Austria, dal Canada, dal Portogallo e dagli Stati Uniti.<br \/>\nTutto \u00e8 pronto per dare il via alla grande festa che quest\u2019anno, soprattutto per i pi\u00f9 piccoli, sar\u00e0 resa ancora pi\u00f9 speciale da una sorpresa a met\u00e0<br \/>\npercorso.<br \/>\nRicordiamo che per le famiglie esiste il \u201cpacchetto famiglia\u201d: i genitori pagano l\u2019iscrizione regolarmente e i bambini sotto i 12 anni sono ospiti<br \/>\ndell\u2019organizzazione. Tutti i dettagli nel sito della manifestazione <a href=\"http:\/\/www.santaklausrunning.it\">www.santaklausrunning.it<\/a> (link news). Un sito che sta segnando un record di<br \/>\nvisite: tremila accessi solo nei primi giorni di dicembre e oltre 5.000 nel mese di novembre con un\u2019escalation con l\u2019avvicinarsi della manifestazione.<br \/>\nSabato e domenica le iscrizioni saranno fatte direttamente in Piazza Martiri nello stand dell\u2019organizzazione:<br \/>\nsabato dalle 10 alle 18 domenica dalle 8 alle 9.45<br \/>\nRicordiamo che al via sar\u00e0 presente anche il vincitore della maratona di New York: Gianni Poli.<br \/>\nIl via da Piazza Martiri domenica 11 alle ore 10 per la Half Marathon e alle ore 10.05 per la 12km e la 6km.<\/p>\n<p>I percorsi<br \/>\nSantaklaus Half Marathon:<br \/>\nKM 21,097 Percorso Santa Klaus Running<br \/>\nPartenza Piazza dei Martiri<br \/>\nPorta Dojona<br \/>\nVia Rialto<br \/>\nVia 1\u00b0 Novembre<br \/>\nVia del Piave<br \/>\nVia San Lucano<br \/>\nPiazza Duomo<br \/>\nVia Matteotti<br \/>\nVia Garibaldi<br \/>\nPiazzale Marconi<br \/>\nVia Feltre<br \/>\nRotatoria<br \/>\nAttraversamento Via Prade<br \/>\nVia Col da Ren<br \/>\nVia Col di salce<br \/>\nRistoro Asilo di Salce<br \/>\nCiclabile<br \/>\nAttraversamento Incrocio con S.S. 50<br \/>\nGiamosa<br \/>\nVia Silva<br \/>\nBivio Peresine<br \/>\nVia Mier<br \/>\nSOIS<br \/>\nBios<br \/>\nRistoro BES<br \/>\nVia Col Del Vin<br \/>\nPaluc<br \/>\nCasa Bampo<br \/>\nFornaci di Sois<br \/>\nChiesa<br \/>\nVia Mares<br \/>\nVia Col di Piana<br \/>\nRistoro MIER<br \/>\nVia Mier<br \/>\nVia San Gervasio<br \/>\nVia Concetto Marchesi<br \/>\nPista ciclabile<br \/>\nVia Brigata Marche<br \/>\nVia San Lorenzo<br \/>\nAttraversamento Entrata Villa Morasutti<br \/>\nVilla Morasutti<br \/>\nUscita Villa<br \/>\nAttraversamento Via Internati e Deportati<br \/>\nVia G. de Min<br \/>\nPiazzale Stazione<br \/>\nVia Carducci<br \/>\nPiazzale Marconi<br \/>\nVia Garibaldi<br \/>\nVia Matteotti<br \/>\nPiazza Duomo<br \/>\nVia San Lucano<br \/>\nVia del Piave<br \/>\nVia 1\u00b0 Novembre<br \/>\nVia Rialto<br \/>\nPorta Dojona<br \/>\nARRIVO Piazza dei Martiri<br \/>\nSantaklaus running: 12km<br \/>\nPartenza Piazza dei Martiri<br \/>\nPorta Dojona<br \/>\nVia Rialto<br \/>\nVia 1\u00b0 Novembre<br \/>\nVia del Piave<br \/>\nVia San Lucano<br \/>\nPiazza Duomo<br \/>\nVia Matteotti<\/p>\n<p>Via Garibaldi<br \/>\nPiazzale Marconi<br \/>\nVia Feltre<br \/>\nRotatoria<br \/>\nAttraversamento Via Prade<br \/>\nVia Col da Ren<br \/>\nVia Col di salce<br \/>\nRistoro Asilo di Salce<br \/>\nCiclabile<br \/>\nAttraversamento Incrocio con S.S. 50<br \/>\nGiamosa<br \/>\nVia Silva<br \/>\nBivio Peresine<br \/>\nVia Mier<br \/>\nSan Vito<br \/>\nRistoro MIER<br \/>\nVia Mier<br \/>\nVia San Gervasio<br \/>\nVia Concetto<br \/>\nMarchesi<br \/>\nPista ciclabile<br \/>\nVia Brigata Marche<br \/>\nVia San Lorenzo<br \/>\nAttraversamento Entrata Villa Morasutti<br \/>\nVilla Morasutti<br \/>\nUscita Villa<br \/>\nAttraversamento<br \/>\nVia Internati e<br \/>\nDeportati<br \/>\nVia G. de Min<br \/>\nPiazzale Stazione<br \/>\nVia Carducci<br \/>\nPiazzale Marconi<br \/>\nVia Garibaldi<br \/>\nVia Matteotti<br \/>\nPiazza Duomo<br \/>\nPiazza Mercato<br \/>\nVia Rialto<br \/>\nPorta Dojona<br \/>\nARRIVO Piazza dei Martiri<\/p>\n<p>Santaklaus Running 6km:<br \/>\nPartenza Piazza dei Martiri<br \/>\nPorta Dojona<br \/>\nVia Rialto<br \/>\nVia 1\u00b0 Novembre<br \/>\nVia del Piave<br \/>\nVia San Lucano<br \/>\nPiazza Duomo<br \/>\nVia Matteotti<br \/>\nVia Garibaldi<br \/>\nPiazzale Marconi<br \/>\nVia Feltre<br \/>\nPassaggio a livello<br \/>\nAttraversamento<br \/>\nIncrocio con viale<br \/>\nEuropa<br \/>\nVia San Gervasio<br \/>\nVia Concetto Marchesi<br \/>\nPista ciclabile<br \/>\nVia Brigata Marche<br \/>\nVia San Lorenzo<br \/>\nAttraversamento Entrata Villa Morasutti<br \/>\nVilla Morasutti<br \/>\nUscita Villa<br \/>\nAttraversamento Via Internati e Deportati<br \/>\nVia G. de Min<br \/>\nPiazzale Stazione<br \/>\nVia Carducci<br \/>\nPiazzale Marconi<br \/>\nVia Garibaldi<br \/>\nVia Matteotti<br \/>\nPiazza Duomo<br \/>\nPiazza mercato<br \/>\nVia Rialto<br \/>\nPorta Dojona<br \/>\nARRIVO Piazza dei Martiri<\/p>","protected":false},"excerpt":{"rendered":"<p>Il bollettino meteo di Arabba prevede per domenica 11 dicembre: tempo ben soleggiato in mattinata e gli organizzatori della 7ma Santaklaus running sognano il record di iscritti! Le premesse sono buone, fino a oggi sono oltre 800 gli iscritti alla manifestazione pi\u00f9 allegra e colorata: 350 correranno per 21,097km, 150 la 12km, 120 la 6km, [&hellip;]<\/p>\n","protected":false},"author":2,"featured_media":0,"comment_status":"closed","ping_status":"open","sticky":false,"template":"","format":"standard","meta":{"footnotes":""},"categories":[26,4],"tags":[],"class_list":["post-33171","post","type-post","status-publish","format-standard","category-prima-pagina","category-sport"],"yoast_head":"<!-- This site is optimized with the Yoast SEO plugin v28.4 - https:\/\/yoast.com\/product\/yoast-seo-wordpress\/ -->\n<title>Meteo favorevole: la Santaklaus running sogna il record di iscritti - Bellunopress - Dolomiti<\/title>\n<meta name=\"robots\" content=\"index, follow, max-snippet:-1, max-image-preview:large, max-video-preview:-1\" \/>\n<link rel=\"canonical\" href=\"https:\/\/www.bellunopress.it\/fr\/2011\/12\/10\/meteo-favorevole-la-santaklaus-running-sogna-il-record-di-iscritti\/\" \/>\n<meta property=\"og:locale\" content=\"fr_FR\" \/>\n<meta property=\"og:type\" content=\"article\" \/>\n<meta property=\"og:title\" content=\"Meteo favorevole: la Santaklaus running sogna il record di iscritti - Bellunopress - Dolomiti\" \/>\n<meta property=\"og:description\" content=\"Il bollettino meteo di Arabba prevede per domenica 11 dicembre: tempo ben soleggiato in mattinata e gli organizzatori della 7ma Santaklaus running sognano il record di iscritti! Le premesse sono buone, fino a oggi sono oltre 800 gli iscritti alla manifestazione pi\u00f9 allegra e colorata: 350 correranno per 21,097km, 150 la 12km, 120 la 6km, [&hellip;]\" \/>\n<meta property=\"og:url\" content=\"https:\/\/www.bellunopress.it\/fr\/2011\/12\/10\/meteo-favorevole-la-santaklaus-running-sogna-il-record-di-iscritti\/\" \/>\n<meta property=\"og:site_name\" content=\"Bellunopress - Dolomiti\" \/>\n<meta property=\"article:publisher\" content=\"https:\/\/www.facebook.com\/profile.php?id=100008943462799\" \/>\n<meta property=\"article:published_time\" content=\"2011-12-10T07:38:57+00:00\" \/>\n<meta property=\"og:image\" content=\"http:\/\/www.bellunopress.it\/wp-content\/uploads\/2010\/12\/santa-klaus-running-300x160.jpg\" \/>\n<meta name=\"author\" content=\"redazione\" \/>\n<meta name=\"twitter:card\" content=\"summary_large_image\" \/>\n<meta name=\"twitter:creator\" content=\"@bellunopress\" \/>\n<meta name=\"twitter:site\" content=\"@bellunopress\" \/>\n<meta name=\"twitter:label1\" content=\"\u00c9crit par\" \/>\n\t<meta name=\"twitter:data1\" content=\"redazione\" \/>\n\t<meta name=\"twitter:label2\" content=\"Dur\u00e9e de lecture estim\u00e9e\" \/>\n\t<meta name=\"twitter:data2\" content=\"3 minutes\" \/>\n<script type=\"application\/ld+json\" class=\"yoast-schema-graph\">{\"@context\":\"https:\\\/\\\/schema.org\",\"@graph\":[{\"@type\":\"Article\",\"@id\":\"https:\\\/\\\/www.bellunopress.it\\\/2011\\\/12\\\/10\\\/meteo-favorevole-la-santaklaus-running-sogna-il-record-di-iscritti\\\/#article\",\"isPartOf\":{\"@id\":\"https:\\\/\\\/www.bellunopress.it\\\/2011\\\/12\\\/10\\\/meteo-favorevole-la-santaklaus-running-sogna-il-record-di-iscritti\\\/\"},\"author\":{\"name\":\"redazione\",\"@id\":\"https:\\\/\\\/www.bellunopress.it\\\/#\\\/schema\\\/person\\\/79bb06722b37ece1c03d3e94beb30d73\"},\"headline\":\"Meteo favorevole: la Santaklaus running sogna il record di iscritti\",\"datePublished\":\"2011-12-10T07:38:57+00:00\",\"mainEntityOfPage\":{\"@id\":\"https:\\\/\\\/www.bellunopress.it\\\/2011\\\/12\\\/10\\\/meteo-favorevole-la-santaklaus-running-sogna-il-record-di-iscritti\\\/\"},\"wordCount\":633,\"publisher\":{\"@id\":\"https:\\\/\\\/www.bellunopress.it\\\/#organization\"},\"image\":{\"@id\":\"https:\\\/\\\/www.bellunopress.it\\\/2011\\\/12\\\/10\\\/meteo-favorevole-la-santaklaus-running-sogna-il-record-di-iscritti\\\/#primaryimage\"},\"thumbnailUrl\":\"http:\\\/\\\/www.bellunopress.it\\\/wp-content\\\/uploads\\\/2010\\\/12\\\/santa-klaus-running-300x160.jpg\",\"articleSection\":[\"Prima Pagina\",\"Sport, tempo libero\"],\"inLanguage\":\"fr-FR\"},{\"@type\":\"WebPage\",\"@id\":\"https:\\\/\\\/www.bellunopress.it\\\/2011\\\/12\\\/10\\\/meteo-favorevole-la-santaklaus-running-sogna-il-record-di-iscritti\\\/\",\"url\":\"https:\\\/\\\/www.bellunopress.it\\\/2011\\\/12\\\/10\\\/meteo-favorevole-la-santaklaus-running-sogna-il-record-di-iscritti\\\/\",\"name\":\"Meteo favorevole: la Santaklaus running sogna il record di iscritti - Bellunopress - Dolomiti\",\"isPartOf\":{\"@id\":\"https:\\\/\\\/www.bellunopress.it\\\/#website\"},\"primaryImageOfPage\":{\"@id\":\"https:\\\/\\\/www.bellunopress.it\\\/2011\\\/12\\\/10\\\/meteo-favorevole-la-santaklaus-running-sogna-il-record-di-iscritti\\\/#primaryimage\"},\"image\":{\"@id\":\"https:\\\/\\\/www.bellunopress.it\\\/2011\\\/12\\\/10\\\/meteo-favorevole-la-santaklaus-running-sogna-il-record-di-iscritti\\\/#primaryimage\"},\"thumbnailUrl\":\"http:\\\/\\\/www.bellunopress.it\\\/wp-content\\\/uploads\\\/2010\\\/12\\\/santa-klaus-running-300x160.jpg\",\"datePublished\":\"2011-12-10T07:38:57+00:00\",\"breadcrumb\":{\"@id\":\"https:\\\/\\\/www.bellunopress.it\\\/2011\\\/12\\\/10\\\/meteo-favorevole-la-santaklaus-running-sogna-il-record-di-iscritti\\\/#breadcrumb\"},\"inLanguage\":\"fr-FR\",\"potentialAction\":[{\"@type\":\"ReadAction\",\"target\":[\"https:\\\/\\\/www.bellunopress.it\\\/2011\\\/12\\\/10\\\/meteo-favorevole-la-santaklaus-running-sogna-il-record-di-iscritti\\\/\"]}]},{\"@type\":\"ImageObject\",\"inLanguage\":\"fr-FR\",\"@id\":\"https:\\\/\\\/www.bellunopress.it\\\/2011\\\/12\\\/10\\\/meteo-favorevole-la-santaklaus-running-sogna-il-record-di-iscritti\\\/#primaryimage\",\"url\":\"http:\\\/\\\/www.bellunopress.it\\\/wp-content\\\/uploads\\\/2010\\\/12\\\/santa-klaus-running-300x160.jpg\",\"contentUrl\":\"http:\\\/\\\/www.bellunopress.it\\\/wp-content\\\/uploads\\\/2010\\\/12\\\/santa-klaus-running-300x160.jpg\"},{\"@type\":\"BreadcrumbList\",\"@id\":\"https:\\\/\\\/www.bellunopress.it\\\/2011\\\/12\\\/10\\\/meteo-favorevole-la-santaklaus-running-sogna-il-record-di-iscritti\\\/#breadcrumb\",\"itemListElement\":[{\"@type\":\"ListItem\",\"position\":1,\"name\":\"Home\",\"item\":\"https:\\\/\\\/www.bellunopress.it\\\/\"},{\"@type\":\"ListItem\",\"position\":2,\"name\":\"Meteo favorevole: la Santaklaus running sogna il record di iscritti\"}]},{\"@type\":\"WebSite\",\"@id\":\"https:\\\/\\\/www.bellunopress.it\\\/#website\",\"url\":\"https:\\\/\\\/www.bellunopress.it\\\/\",\"name\":\"Bellunopress - Dolomiti\",\"description\":\"e-mail: redazione@bellunopress.it\",\"publisher\":{\"@id\":\"https:\\\/\\\/www.bellunopress.it\\\/#organization\"},\"potentialAction\":[{\"@type\":\"SearchAction\",\"target\":{\"@type\":\"EntryPoint\",\"urlTemplate\":\"https:\\\/\\\/www.bellunopress.it\\\/?s={search_term_string}\"},\"query-input\":{\"@type\":\"PropertyValueSpecification\",\"valueRequired\":true,\"valueName\":\"search_term_string\"}}],\"inLanguage\":\"fr-FR\"},{\"@type\":\"Organization\",\"@id\":\"https:\\\/\\\/www.bellunopress.it\\\/#organization\",\"name\":\"Bellunopress\",\"url\":\"https:\\\/\\\/www.bellunopress.it\\\/\",\"logo\":{\"@type\":\"ImageObject\",\"inLanguage\":\"fr-FR\",\"@id\":\"https:\\\/\\\/www.bellunopress.it\\\/#\\\/schema\\\/logo\\\/image\\\/\",\"url\":\"https:\\\/\\\/www.bellunopress.it\\\/wp-content\\\/uploads\\\/2011\\\/05\\\/cropped-logo-bellunopress-.jpg\",\"contentUrl\":\"https:\\\/\\\/www.bellunopress.it\\\/wp-content\\\/uploads\\\/2011\\\/05\\\/cropped-logo-bellunopress-.jpg\",\"width\":512,\"height\":512,\"caption\":\"Bellunopress\"},\"image\":{\"@id\":\"https:\\\/\\\/www.bellunopress.it\\\/#\\\/schema\\\/logo\\\/image\\\/\"},\"sameAs\":[\"https:\\\/\\\/www.facebook.com\\\/profile.php?id=100008943462799\",\"https:\\\/\\\/x.com\\\/bellunopress\",\"https:\\\/\\\/www.linkedin.com\\\/hp\\\/?dnr=JBzUWaJfMUw8vbXJJ2tVW5-I3jZKvC4wsoxE&amp;amp;amp;amp;amp;amp;trk=nav_responsive_tab_home\",\"https:\\\/\\\/www.youtube.com\\\/channel\\\/UCxL0wu1uN0_3_7hGG0306cw\"]},{\"@type\":\"Person\",\"@id\":\"https:\\\/\\\/www.bellunopress.it\\\/#\\\/schema\\\/person\\\/79bb06722b37ece1c03d3e94beb30d73\",\"name\":\"redazione\",\"image\":{\"@type\":\"ImageObject\",\"inLanguage\":\"fr-FR\",\"@id\":\"https:\\\/\\\/secure.gravatar.com\\\/avatar\\\/37d968a2e67a6fd04c169c4bdef102d0bc5d31b2546345219e348575eb80e9a0?s=96&d=mm&r=g\",\"url\":\"https:\\\/\\\/secure.gravatar.com\\\/avatar\\\/37d968a2e67a6fd04c169c4bdef102d0bc5d31b2546345219e348575eb80e9a0?s=96&d=mm&r=g\",\"contentUrl\":\"https:\\\/\\\/secure.gravatar.com\\\/avatar\\\/37d968a2e67a6fd04c169c4bdef102d0bc5d31b2546345219e348575eb80e9a0?s=96&d=mm&r=g\",\"caption\":\"redazione\"},\"sameAs\":[\"http:\\\/\\\/www.bellunopress.it\",\"https:\\\/\\\/x.com\\\/bellunopress\"],\"url\":\"https:\\\/\\\/www.bellunopress.it\\\/fr\\\/author\\\/redazione\\\/\"}]}<\/script>\n<!-- \/ Yoast SEO plugin. -->","yoast_head_json":{"title":"Meteo favorevole: la Santaklaus running sogna il record di iscritti - Bellunopress - Dolomiti","robots":{"index":"index","follow":"follow","max-snippet":"max-snippet:-1","max-image-preview":"max-image-preview:large","max-video-preview":"max-video-preview:-1"},"canonical":"https:\/\/www.bellunopress.it\/fr\/2011\/12\/10\/meteo-favorevole-la-santaklaus-running-sogna-il-record-di-iscritti\/","og_locale":"fr_FR","og_type":"article","og_title":"Meteo favorevole: la Santaklaus running sogna il record di iscritti - Bellunopress - Dolomiti","og_description":"Il bollettino meteo di Arabba prevede per domenica 11 dicembre: tempo ben soleggiato in mattinata e gli organizzatori della 7ma Santaklaus running sognano il record di iscritti! Le premesse sono buone, fino a oggi sono oltre 800 gli iscritti alla manifestazione pi\u00f9 allegra e colorata: 350 correranno per 21,097km, 150 la 12km, 120 la 6km, [&hellip;]","og_url":"https:\/\/www.bellunopress.it\/fr\/2011\/12\/10\/meteo-favorevole-la-santaklaus-running-sogna-il-record-di-iscritti\/","og_site_name":"Bellunopress - Dolomiti","article_publisher":"https:\/\/www.facebook.com\/profile.php?id=100008943462799","article_published_time":"2011-12-10T07:38:57+00:00","og_image":[{"url":"http:\/\/www.bellunopress.it\/wp-content\/uploads\/2010\/12\/santa-klaus-running-300x160.jpg","type":"","width":"","height":""}],"author":"redazione","twitter_card":"summary_large_image","twitter_creator":"@bellunopress","twitter_site":"@bellunopress","twitter_misc":{"\u00c9crit par":"redazione","Dur\u00e9e de lecture estim\u00e9e":"3 minutes"},"schema":{"@context":"https:\/\/schema.org","@graph":[{"@type":"Article","@id":"https:\/\/www.bellunopress.it\/2011\/12\/10\/meteo-favorevole-la-santaklaus-running-sogna-il-record-di-iscritti\/#article","isPartOf":{"@id":"https:\/\/www.bellunopress.it\/2011\/12\/10\/meteo-favorevole-la-santaklaus-running-sogna-il-record-di-iscritti\/"},"author":{"name":"redazione","@id":"https:\/\/www.bellunopress.it\/#\/schema\/person\/79bb06722b37ece1c03d3e94beb30d73"},"headline":"Meteo favorevole: la Santaklaus running sogna il record di iscritti","datePublished":"2011-12-10T07:38:57+00:00","mainEntityOfPage":{"@id":"https:\/\/www.bellunopress.it\/2011\/12\/10\/meteo-favorevole-la-santaklaus-running-sogna-il-record-di-iscritti\/"},"wordCount":633,"publisher":{"@id":"https:\/\/www.bellunopress.it\/#organization"},"image":{"@id":"https:\/\/www.bellunopress.it\/2011\/12\/10\/meteo-favorevole-la-santaklaus-running-sogna-il-record-di-iscritti\/#primaryimage"},"thumbnailUrl":"http:\/\/www.bellunopress.it\/wp-content\/uploads\/2010\/12\/santa-klaus-running-300x160.jpg","articleSection":["Prima Pagina","Sport, tempo libero"],"inLanguage":"fr-FR"},{"@type":"WebPage","@id":"https:\/\/www.bellunopress.it\/2011\/12\/10\/meteo-favorevole-la-santaklaus-running-sogna-il-record-di-iscritti\/","url":"https:\/\/www.bellunopress.it\/2011\/12\/10\/meteo-favorevole-la-santaklaus-running-sogna-il-record-di-iscritti\/","name":"Meteo favorevole: la Santaklaus running sogna il record di iscritti - Bellunopress - Dolomiti","isPartOf":{"@id":"https:\/\/www.bellunopress.it\/#website"},"primaryImageOfPage":{"@id":"https:\/\/www.bellunopress.it\/2011\/12\/10\/meteo-favorevole-la-santaklaus-running-sogna-il-record-di-iscritti\/#primaryimage"},"image":{"@id":"https:\/\/www.bellunopress.it\/2011\/12\/10\/meteo-favorevole-la-santaklaus-running-sogna-il-record-di-iscritti\/#primaryimage"},"thumbnailUrl":"http:\/\/www.bellunopress.it\/wp-content\/uploads\/2010\/12\/santa-klaus-running-300x160.jpg","datePublished":"2011-12-10T07:38:57+00:00","breadcrumb":{"@id":"https:\/\/www.bellunopress.it\/2011\/12\/10\/meteo-favorevole-la-santaklaus-running-sogna-il-record-di-iscritti\/#breadcrumb"},"inLanguage":"fr-FR","potentialAction":[{"@type":"ReadAction","target":["https:\/\/www.bellunopress.it\/2011\/12\/10\/meteo-favorevole-la-santaklaus-running-sogna-il-record-di-iscritti\/"]}]},{"@type":"ImageObject","inLanguage":"fr-FR","@id":"https:\/\/www.bellunopress.it\/2011\/12\/10\/meteo-favorevole-la-santaklaus-running-sogna-il-record-di-iscritti\/#primaryimage","url":"http:\/\/www.bellunopress.it\/wp-content\/uploads\/2010\/12\/santa-klaus-running-300x160.jpg","contentUrl":"http:\/\/www.bellunopress.it\/wp-content\/uploads\/2010\/12\/santa-klaus-running-300x160.jpg"},{"@type":"BreadcrumbList","@id":"https:\/\/www.bellunopress.it\/2011\/12\/10\/meteo-favorevole-la-santaklaus-running-sogna-il-record-di-iscritti\/#breadcrumb","itemListElement":[{"@type":"ListItem","position":1,"name":"Home","item":"https:\/\/www.bellunopress.it\/"},{"@type":"ListItem","position":2,"name":"Meteo favorevole: la Santaklaus running sogna il record di iscritti"}]},{"@type":"WebSite","@id":"https:\/\/www.bellunopress.it\/#website","url":"https:\/\/www.bellunopress.it\/","name":"Bellunopress - Dolomiti","description":"e-mail: redazione@bellunopress.it","publisher":{"@id":"https:\/\/www.bellunopress.it\/#organization"},"potentialAction":[{"@type":"SearchAction","target":{"@type":"EntryPoint","urlTemplate":"https:\/\/www.bellunopress.it\/?s={search_term_string}"},"query-input":{"@type":"PropertyValueSpecification","valueRequired":true,"valueName":"search_term_string"}}],"inLanguage":"fr-FR"},{"@type":"Organization","@id":"https:\/\/www.bellunopress.it\/#organization","name":"Bellunopress","url":"https:\/\/www.bellunopress.it\/","logo":{"@type":"ImageObject","inLanguage":"fr-FR","@id":"https:\/\/www.bellunopress.it\/#\/schema\/logo\/image\/","url":"https:\/\/www.bellunopress.it\/wp-content\/uploads\/2011\/05\/cropped-logo-bellunopress-.jpg","contentUrl":"https:\/\/www.bellunopress.it\/wp-content\/uploads\/2011\/05\/cropped-logo-bellunopress-.jpg","width":512,"height":512,"caption":"Bellunopress"},"image":{"@id":"https:\/\/www.bellunopress.it\/#\/schema\/logo\/image\/"},"sameAs":["https:\/\/www.facebook.com\/profile.php?id=100008943462799","https:\/\/x.com\/bellunopress","https:\/\/www.linkedin.com\/hp\/?dnr=JBzUWaJfMUw8vbXJJ2tVW5-I3jZKvC4wsoxE&amp;amp;amp;amp;amp;amp;trk=nav_responsive_tab_home","https:\/\/www.youtube.com\/channel\/UCxL0wu1uN0_3_7hGG0306cw"]},{"@type":"Person","@id":"https:\/\/www.bellunopress.it\/#\/schema\/person\/79bb06722b37ece1c03d3e94beb30d73","name":"r\u00e9daction","image":{"@type":"ImageObject","inLanguage":"fr-FR","@id":"https:\/\/secure.gravatar.com\/avatar\/37d968a2e67a6fd04c169c4bdef102d0bc5d31b2546345219e348575eb80e9a0?s=96&d=mm&r=g","url":"https:\/\/secure.gravatar.com\/avatar\/37d968a2e67a6fd04c169c4bdef102d0bc5d31b2546345219e348575eb80e9a0?s=96&d=mm&r=g","contentUrl":"https:\/\/secure.gravatar.com\/avatar\/37d968a2e67a6fd04c169c4bdef102d0bc5d31b2546345219e348575eb80e9a0?s=96&d=mm&r=g","caption":"redazione"},"sameAs":["http:\/\/www.bellunopress.it","https:\/\/x.com\/bellunopress"],"url":"https:\/\/www.bellunopress.it\/fr\/author\/redazione\/"}]}},"_links":{"self":[{"href":"https:\/\/www.bellunopress.it\/fr\/wp-json\/wp\/v2\/posts\/33171","targetHints":{"allow":["GET"]}}],"collection":[{"href":"https:\/\/www.bellunopress.it\/fr\/wp-json\/wp\/v2\/posts"}],"about":[{"href":"https:\/\/www.bellunopress.it\/fr\/wp-json\/wp\/v2\/types\/post"}],"author":[{"embeddable":true,"href":"https:\/\/www.bellunopress.it\/fr\/wp-json\/wp\/v2\/users\/2"}],"replies":[{"embeddable":true,"href":"https:\/\/www.bellunopress.it\/fr\/wp-json\/wp\/v2\/comments?post=33171"}],"version-history":[{"count":1,"href":"https:\/\/www.bellunopress.it\/fr\/wp-json\/wp\/v2\/posts\/33171\/revisions"}],"predecessor-version":[{"id":33172,"href":"https:\/\/www.bellunopress.it\/fr\/wp-json\/wp\/v2\/posts\/33171\/revisions\/33172"}],"wp:attachment":[{"href":"https:\/\/www.bellunopress.it\/fr\/wp-json\/wp\/v2\/media?parent=33171"}],"wp:term":[{"taxonomy":"category","embeddable":true,"href":"https:\/\/www.bellunopress.it\/fr\/wp-json\/wp\/v2\/categories?post=33171"},{"taxonomy":"post_tag","embeddable":true,"href":"https:\/\/www.bellunopress.it\/fr\/wp-json\/wp\/v2\/tags?post=33171"}],"curies":[{"name":"wp","href":"https:\/\/api.w.org\/{rel}","templated":true}]}}