{"id":33167,"date":"2011-12-11T22:17:55","date_gmt":"2011-12-11T21:17:55","guid":{"rendered":"http:\/\/www.bellunopress.it\/?p=33167"},"modified":"2011-12-10T08:18:43","modified_gmt":"2011-12-10T07:18:43","slug":"il-centro-studi-bellunese-organizza-un-seminario-sulla-gestione-informatica-degli-archivi","status":"publish","type":"post","link":"https:\/\/www.bellunopress.it\/fr\/2011\/12\/11\/il-centro-studi-bellunese-organizza-un-seminario-sulla-gestione-informatica-degli-archivi\/","title":{"rendered":"Il Centro Studi Bellunese organizza un seminario sulla gestione informatica degli archivi"},"content":{"rendered":"<p>Gioved\u00ec 15 dicembre, presso il Park Hotel Villa Carpenada, si terr\u00e0 con orario dalle 9,00 alle 17,00, un seminario organizzato dal Centro Studi Bellunese, dedicato ad Enti e pubblica amministrazione, che approfondir\u00e0 le tematiche relative alla gestione informatica dei documenti, all\u2019organizzazione dell\u2019archiviazione ed all\u2019invio per via telematica degli stessi valutandone anche gli aspetti legislativi.<br \/>\nLa gestione informatica e l\u2019invio dei documenti tramite via telematica sono prassi suggerita dal legislatore, ecco quindi che il Centro Studi Bellunese, grazie all\u2019intervento del professor Stefano Pigliapoco, docente di informatica presso l\u2019ateneo di Macerata ed autore di numerose pubblicazioni, suggerisce metodiche e sistemi per poter approntare al meglio gli archivi digitali degli Enti e per affrontare le sfide informatiche dei prossimi anni.<br \/>\n\u201cE\u2019 un doveroso approfondimento- dichiara Antonio Barattin, Presidente del Centro Studi Bellunese, che trova grande rilevanza nella gestione documentale delle Pubbliche Amministrazioni, in particolar modo per quanto attiene le nuove regole di applicazione della firma elettronica avanzata, della firma remota e del protocollo informatico relativo alla conservazione degli archivi digitali, come citato recentemente dalla DigitPA \u201c.<br \/>\nIl Centro Studi Bellunese prosegue quindi la sua mission che da anni suggerisce e supporta gli Enti del bellunese indicando nuovi modelli organizzativi e creando importanti appuntamenti di confronto e di studio tra amministratori e figure professionali della pubblica amministrazione.<\/p>\n<p>Informazioni ed iscrizioni si possono richiedere presso la segreteria del Centro Studi Bellunese (0437 933736) &#8211; fax (0437 \u2013 933 738) o internet (<a href=\"http:\/\/www.centrostudibellunese.it\">www.centrostudibellunese.it<\/a>). Il termine per l\u2019iscrizione \u00e8 stato fissato, a marted\u00ec 13 dicembre.<\/p>","protected":false},"excerpt":{"rendered":"<p>Gioved\u00ec 15 dicembre, presso il Park Hotel Villa Carpenada, si terr\u00e0 con orario dalle 9,00 alle 17,00, un seminario organizzato dal Centro Studi Bellunese, dedicato ad Enti e pubblica amministrazione, che approfondir\u00e0 le tematiche relative alla gestione informatica dei documenti, all\u2019organizzazione dell\u2019archiviazione ed all\u2019invio per via telematica degli stessi valutandone anche gli aspetti legislativi. La [&hellip;]<\/p>\n","protected":false},"author":2,"featured_media":0,"comment_status":"closed","ping_status":"open","sticky":false,"template":"","format":"standard","meta":{"footnotes":""},"categories":[27,36,25],"tags":[],"class_list":["post-33167","post","type-post","status-publish","format-standard","category-appuntamenti","category-lavoro-economia","category-pausa-caffe"],"yoast_head":"<!-- This site is optimized with the Yoast SEO plugin v28.4 - https:\/\/yoast.com\/product\/yoast-seo-wordpress\/ -->\n<title>Il Centro Studi Bellunese organizza un seminario sulla gestione informatica degli archivi - Bellunopress - Dolomiti<\/title>\n<meta name=\"robots\" content=\"index, follow, max-snippet:-1, max-image-preview:large, max-video-preview:-1\" \/>\n<link rel=\"canonical\" href=\"https:\/\/www.bellunopress.it\/fr\/2011\/12\/11\/il-centro-studi-bellunese-organizza-un-seminario-sulla-gestione-informatica-degli-archivi\/\" \/>\n<meta property=\"og:locale\" content=\"fr_FR\" \/>\n<meta property=\"og:type\" content=\"article\" \/>\n<meta property=\"og:title\" content=\"Il Centro Studi Bellunese organizza un seminario sulla gestione informatica degli archivi - Bellunopress - Dolomiti\" \/>\n<meta property=\"og:description\" content=\"Gioved\u00ec 15 dicembre, presso il Park Hotel Villa Carpenada, si terr\u00e0 con orario dalle 9,00 alle 17,00, un seminario organizzato dal Centro Studi Bellunese, dedicato ad Enti e pubblica amministrazione, che approfondir\u00e0 le tematiche relative alla gestione informatica dei documenti, all\u2019organizzazione dell\u2019archiviazione ed all\u2019invio per via telematica degli stessi valutandone anche gli aspetti legislativi. La [&hellip;]\" \/>\n<meta property=\"og:url\" content=\"https:\/\/www.bellunopress.it\/fr\/2011\/12\/11\/il-centro-studi-bellunese-organizza-un-seminario-sulla-gestione-informatica-degli-archivi\/\" \/>\n<meta property=\"og:site_name\" content=\"Bellunopress - Dolomiti\" \/>\n<meta property=\"article:publisher\" content=\"https:\/\/www.facebook.com\/profile.php?id=100008943462799\" \/>\n<meta property=\"article:published_time\" content=\"2011-12-11T21:17:55+00:00\" \/>\n<meta property=\"og:image\" content=\"http:\/\/www.bellunopress.it\/wp-content\/uploads\/2012\/07\/logo-bellunopress-250x250-2012.jpg\" \/>\n<meta name=\"author\" content=\"redazione\" \/>\n<meta name=\"twitter:card\" content=\"summary_large_image\" \/>\n<meta name=\"twitter:creator\" content=\"@bellunopress\" \/>\n<meta name=\"twitter:site\" content=\"@bellunopress\" \/>\n<meta name=\"twitter:label1\" content=\"\u00c9crit par\" \/>\n\t<meta name=\"twitter:data1\" content=\"redazione\" \/>\n\t<meta name=\"twitter:label2\" content=\"Dur\u00e9e de lecture estim\u00e9e\" \/>\n\t<meta name=\"twitter:data2\" content=\"1 minute\" \/>\n<script type=\"application\/ld+json\" class=\"yoast-schema-graph\">{\"@context\":\"https:\\\/\\\/schema.org\",\"@graph\":[{\"@type\":\"Article\",\"@id\":\"https:\\\/\\\/www.bellunopress.it\\\/2011\\\/12\\\/11\\\/il-centro-studi-bellunese-organizza-un-seminario-sulla-gestione-informatica-degli-archivi\\\/#article\",\"isPartOf\":{\"@id\":\"https:\\\/\\\/www.bellunopress.it\\\/2011\\\/12\\\/11\\\/il-centro-studi-bellunese-organizza-un-seminario-sulla-gestione-informatica-degli-archivi\\\/\"},\"author\":{\"name\":\"redazione\",\"@id\":\"https:\\\/\\\/www.bellunopress.it\\\/#\\\/schema\\\/person\\\/79bb06722b37ece1c03d3e94beb30d73\"},\"headline\":\"Il Centro Studi Bellunese organizza un seminario sulla gestione informatica degli archivi\",\"datePublished\":\"2011-12-11T21:17:55+00:00\",\"mainEntityOfPage\":{\"@id\":\"https:\\\/\\\/www.bellunopress.it\\\/2011\\\/12\\\/11\\\/il-centro-studi-bellunese-organizza-un-seminario-sulla-gestione-informatica-degli-archivi\\\/\"},\"wordCount\":257,\"publisher\":{\"@id\":\"https:\\\/\\\/www.bellunopress.it\\\/#organization\"},\"articleSection\":[\"Appuntamenti, Eventi\",\"Lavoro, Economia, Turismo\",\"Pausa Caff\u00e8\"],\"inLanguage\":\"fr-FR\"},{\"@type\":\"WebPage\",\"@id\":\"https:\\\/\\\/www.bellunopress.it\\\/2011\\\/12\\\/11\\\/il-centro-studi-bellunese-organizza-un-seminario-sulla-gestione-informatica-degli-archivi\\\/\",\"url\":\"https:\\\/\\\/www.bellunopress.it\\\/2011\\\/12\\\/11\\\/il-centro-studi-bellunese-organizza-un-seminario-sulla-gestione-informatica-degli-archivi\\\/\",\"name\":\"Il Centro Studi Bellunese organizza un seminario sulla gestione informatica degli archivi - Bellunopress - Dolomiti\",\"isPartOf\":{\"@id\":\"https:\\\/\\\/www.bellunopress.it\\\/#website\"},\"datePublished\":\"2011-12-11T21:17:55+00:00\",\"breadcrumb\":{\"@id\":\"https:\\\/\\\/www.bellunopress.it\\\/2011\\\/12\\\/11\\\/il-centro-studi-bellunese-organizza-un-seminario-sulla-gestione-informatica-degli-archivi\\\/#breadcrumb\"},\"inLanguage\":\"fr-FR\",\"potentialAction\":[{\"@type\":\"ReadAction\",\"target\":[\"https:\\\/\\\/www.bellunopress.it\\\/2011\\\/12\\\/11\\\/il-centro-studi-bellunese-organizza-un-seminario-sulla-gestione-informatica-degli-archivi\\\/\"]}]},{\"@type\":\"BreadcrumbList\",\"@id\":\"https:\\\/\\\/www.bellunopress.it\\\/2011\\\/12\\\/11\\\/il-centro-studi-bellunese-organizza-un-seminario-sulla-gestione-informatica-degli-archivi\\\/#breadcrumb\",\"itemListElement\":[{\"@type\":\"ListItem\",\"position\":1,\"name\":\"Home\",\"item\":\"https:\\\/\\\/www.bellunopress.it\\\/\"},{\"@type\":\"ListItem\",\"position\":2,\"name\":\"Il Centro Studi Bellunese organizza un seminario sulla gestione informatica degli archivi\"}]},{\"@type\":\"WebSite\",\"@id\":\"https:\\\/\\\/www.bellunopress.it\\\/#website\",\"url\":\"https:\\\/\\\/www.bellunopress.it\\\/\",\"name\":\"Bellunopress - Dolomiti\",\"description\":\"e-mail: redazione@bellunopress.it\",\"publisher\":{\"@id\":\"https:\\\/\\\/www.bellunopress.it\\\/#organization\"},\"potentialAction\":[{\"@type\":\"SearchAction\",\"target\":{\"@type\":\"EntryPoint\",\"urlTemplate\":\"https:\\\/\\\/www.bellunopress.it\\\/?s={search_term_string}\"},\"query-input\":{\"@type\":\"PropertyValueSpecification\",\"valueRequired\":true,\"valueName\":\"search_term_string\"}}],\"inLanguage\":\"fr-FR\"},{\"@type\":\"Organization\",\"@id\":\"https:\\\/\\\/www.bellunopress.it\\\/#organization\",\"name\":\"Bellunopress\",\"url\":\"https:\\\/\\\/www.bellunopress.it\\\/\",\"logo\":{\"@type\":\"ImageObject\",\"inLanguage\":\"fr-FR\",\"@id\":\"https:\\\/\\\/www.bellunopress.it\\\/#\\\/schema\\\/logo\\\/image\\\/\",\"url\":\"https:\\\/\\\/www.bellunopress.it\\\/wp-content\\\/uploads\\\/2011\\\/05\\\/cropped-logo-bellunopress-.jpg\",\"contentUrl\":\"https:\\\/\\\/www.bellunopress.it\\\/wp-content\\\/uploads\\\/2011\\\/05\\\/cropped-logo-bellunopress-.jpg\",\"width\":512,\"height\":512,\"caption\":\"Bellunopress\"},\"image\":{\"@id\":\"https:\\\/\\\/www.bellunopress.it\\\/#\\\/schema\\\/logo\\\/image\\\/\"},\"sameAs\":[\"https:\\\/\\\/www.facebook.com\\\/profile.php?id=100008943462799\",\"https:\\\/\\\/x.com\\\/bellunopress\",\"https:\\\/\\\/www.linkedin.com\\\/hp\\\/?dnr=JBzUWaJfMUw8vbXJJ2tVW5-I3jZKvC4wsoxE&amp;amp;amp;amp;amp;amp;trk=nav_responsive_tab_home\",\"https:\\\/\\\/www.youtube.com\\\/channel\\\/UCxL0wu1uN0_3_7hGG0306cw\"]},{\"@type\":\"Person\",\"@id\":\"https:\\\/\\\/www.bellunopress.it\\\/#\\\/schema\\\/person\\\/79bb06722b37ece1c03d3e94beb30d73\",\"name\":\"redazione\",\"image\":{\"@type\":\"ImageObject\",\"inLanguage\":\"fr-FR\",\"@id\":\"https:\\\/\\\/secure.gravatar.com\\\/avatar\\\/37d968a2e67a6fd04c169c4bdef102d0bc5d31b2546345219e348575eb80e9a0?s=96&d=mm&r=g\",\"url\":\"https:\\\/\\\/secure.gravatar.com\\\/avatar\\\/37d968a2e67a6fd04c169c4bdef102d0bc5d31b2546345219e348575eb80e9a0?s=96&d=mm&r=g\",\"contentUrl\":\"https:\\\/\\\/secure.gravatar.com\\\/avatar\\\/37d968a2e67a6fd04c169c4bdef102d0bc5d31b2546345219e348575eb80e9a0?s=96&d=mm&r=g\",\"caption\":\"redazione\"},\"sameAs\":[\"http:\\\/\\\/www.bellunopress.it\",\"https:\\\/\\\/x.com\\\/bellunopress\"],\"url\":\"https:\\\/\\\/www.bellunopress.it\\\/fr\\\/author\\\/redazione\\\/\"}]}<\/script>\n<!-- \/ Yoast SEO plugin. -->","yoast_head_json":{"title":"Il Centro Studi Bellunese organizza un seminario sulla gestione informatica degli archivi - Bellunopress - Dolomiti","robots":{"index":"index","follow":"follow","max-snippet":"max-snippet:-1","max-image-preview":"max-image-preview:large","max-video-preview":"max-video-preview:-1"},"canonical":"https:\/\/www.bellunopress.it\/fr\/2011\/12\/11\/il-centro-studi-bellunese-organizza-un-seminario-sulla-gestione-informatica-degli-archivi\/","og_locale":"fr_FR","og_type":"article","og_title":"Il Centro Studi Bellunese organizza un seminario sulla gestione informatica degli archivi - Bellunopress - Dolomiti","og_description":"Gioved\u00ec 15 dicembre, presso il Park Hotel Villa Carpenada, si terr\u00e0 con orario dalle 9,00 alle 17,00, un seminario organizzato dal Centro Studi Bellunese, dedicato ad Enti e pubblica amministrazione, che approfondir\u00e0 le tematiche relative alla gestione informatica dei documenti, all\u2019organizzazione dell\u2019archiviazione ed all\u2019invio per via telematica degli stessi valutandone anche gli aspetti legislativi. La [&hellip;]","og_url":"https:\/\/www.bellunopress.it\/fr\/2011\/12\/11\/il-centro-studi-bellunese-organizza-un-seminario-sulla-gestione-informatica-degli-archivi\/","og_site_name":"Bellunopress - Dolomiti","article_publisher":"https:\/\/www.facebook.com\/profile.php?id=100008943462799","article_published_time":"2011-12-11T21:17:55+00:00","og_image":[{"url":"http:\/\/www.bellunopress.it\/wp-content\/uploads\/2012\/07\/logo-bellunopress-250x250-2012.jpg","type":"","width":"","height":""}],"author":"redazione","twitter_card":"summary_large_image","twitter_creator":"@bellunopress","twitter_site":"@bellunopress","twitter_misc":{"\u00c9crit par":"redazione","Dur\u00e9e de lecture estim\u00e9e":"1 minute"},"schema":{"@context":"https:\/\/schema.org","@graph":[{"@type":"Article","@id":"https:\/\/www.bellunopress.it\/2011\/12\/11\/il-centro-studi-bellunese-organizza-un-seminario-sulla-gestione-informatica-degli-archivi\/#article","isPartOf":{"@id":"https:\/\/www.bellunopress.it\/2011\/12\/11\/il-centro-studi-bellunese-organizza-un-seminario-sulla-gestione-informatica-degli-archivi\/"},"author":{"name":"redazione","@id":"https:\/\/www.bellunopress.it\/#\/schema\/person\/79bb06722b37ece1c03d3e94beb30d73"},"headline":"Il Centro Studi Bellunese organizza un seminario sulla gestione informatica degli archivi","datePublished":"2011-12-11T21:17:55+00:00","mainEntityOfPage":{"@id":"https:\/\/www.bellunopress.it\/2011\/12\/11\/il-centro-studi-bellunese-organizza-un-seminario-sulla-gestione-informatica-degli-archivi\/"},"wordCount":257,"publisher":{"@id":"https:\/\/www.bellunopress.it\/#organization"},"articleSection":["Appuntamenti, Eventi","Lavoro, Economia, Turismo","Pausa Caff\u00e8"],"inLanguage":"fr-FR"},{"@type":"WebPage","@id":"https:\/\/www.bellunopress.it\/2011\/12\/11\/il-centro-studi-bellunese-organizza-un-seminario-sulla-gestione-informatica-degli-archivi\/","url":"https:\/\/www.bellunopress.it\/2011\/12\/11\/il-centro-studi-bellunese-organizza-un-seminario-sulla-gestione-informatica-degli-archivi\/","name":"Il Centro Studi Bellunese organizza un seminario sulla gestione informatica degli archivi - Bellunopress - Dolomiti","isPartOf":{"@id":"https:\/\/www.bellunopress.it\/#website"},"datePublished":"2011-12-11T21:17:55+00:00","breadcrumb":{"@id":"https:\/\/www.bellunopress.it\/2011\/12\/11\/il-centro-studi-bellunese-organizza-un-seminario-sulla-gestione-informatica-degli-archivi\/#breadcrumb"},"inLanguage":"fr-FR","potentialAction":[{"@type":"ReadAction","target":["https:\/\/www.bellunopress.it\/2011\/12\/11\/il-centro-studi-bellunese-organizza-un-seminario-sulla-gestione-informatica-degli-archivi\/"]}]},{"@type":"BreadcrumbList","@id":"https:\/\/www.bellunopress.it\/2011\/12\/11\/il-centro-studi-bellunese-organizza-un-seminario-sulla-gestione-informatica-degli-archivi\/#breadcrumb","itemListElement":[{"@type":"ListItem","position":1,"name":"Home","item":"https:\/\/www.bellunopress.it\/"},{"@type":"ListItem","position":2,"name":"Il Centro Studi Bellunese organizza un seminario sulla gestione informatica degli archivi"}]},{"@type":"WebSite","@id":"https:\/\/www.bellunopress.it\/#website","url":"https:\/\/www.bellunopress.it\/","name":"Bellunopress - Dolomiti","description":"e-mail: redazione@bellunopress.it","publisher":{"@id":"https:\/\/www.bellunopress.it\/#organization"},"potentialAction":[{"@type":"SearchAction","target":{"@type":"EntryPoint","urlTemplate":"https:\/\/www.bellunopress.it\/?s={search_term_string}"},"query-input":{"@type":"PropertyValueSpecification","valueRequired":true,"valueName":"search_term_string"}}],"inLanguage":"fr-FR"},{"@type":"Organization","@id":"https:\/\/www.bellunopress.it\/#organization","name":"Bellunopress","url":"https:\/\/www.bellunopress.it\/","logo":{"@type":"ImageObject","inLanguage":"fr-FR","@id":"https:\/\/www.bellunopress.it\/#\/schema\/logo\/image\/","url":"https:\/\/www.bellunopress.it\/wp-content\/uploads\/2011\/05\/cropped-logo-bellunopress-.jpg","contentUrl":"https:\/\/www.bellunopress.it\/wp-content\/uploads\/2011\/05\/cropped-logo-bellunopress-.jpg","width":512,"height":512,"caption":"Bellunopress"},"image":{"@id":"https:\/\/www.bellunopress.it\/#\/schema\/logo\/image\/"},"sameAs":["https:\/\/www.facebook.com\/profile.php?id=100008943462799","https:\/\/x.com\/bellunopress","https:\/\/www.linkedin.com\/hp\/?dnr=JBzUWaJfMUw8vbXJJ2tVW5-I3jZKvC4wsoxE&amp;amp;amp;amp;amp;amp;trk=nav_responsive_tab_home","https:\/\/www.youtube.com\/channel\/UCxL0wu1uN0_3_7hGG0306cw"]},{"@type":"Person","@id":"https:\/\/www.bellunopress.it\/#\/schema\/person\/79bb06722b37ece1c03d3e94beb30d73","name":"r\u00e9daction","image":{"@type":"ImageObject","inLanguage":"fr-FR","@id":"https:\/\/secure.gravatar.com\/avatar\/37d968a2e67a6fd04c169c4bdef102d0bc5d31b2546345219e348575eb80e9a0?s=96&d=mm&r=g","url":"https:\/\/secure.gravatar.com\/avatar\/37d968a2e67a6fd04c169c4bdef102d0bc5d31b2546345219e348575eb80e9a0?s=96&d=mm&r=g","contentUrl":"https:\/\/secure.gravatar.com\/avatar\/37d968a2e67a6fd04c169c4bdef102d0bc5d31b2546345219e348575eb80e9a0?s=96&d=mm&r=g","caption":"redazione"},"sameAs":["http:\/\/www.bellunopress.it","https:\/\/x.com\/bellunopress"],"url":"https:\/\/www.bellunopress.it\/fr\/author\/redazione\/"}]}},"_links":{"self":[{"href":"https:\/\/www.bellunopress.it\/fr\/wp-json\/wp\/v2\/posts\/33167","targetHints":{"allow":["GET"]}}],"collection":[{"href":"https:\/\/www.bellunopress.it\/fr\/wp-json\/wp\/v2\/posts"}],"about":[{"href":"https:\/\/www.bellunopress.it\/fr\/wp-json\/wp\/v2\/types\/post"}],"author":[{"embeddable":true,"href":"https:\/\/www.bellunopress.it\/fr\/wp-json\/wp\/v2\/users\/2"}],"replies":[{"embeddable":true,"href":"https:\/\/www.bellunopress.it\/fr\/wp-json\/wp\/v2\/comments?post=33167"}],"version-history":[{"count":1,"href":"https:\/\/www.bellunopress.it\/fr\/wp-json\/wp\/v2\/posts\/33167\/revisions"}],"predecessor-version":[{"id":33168,"href":"https:\/\/www.bellunopress.it\/fr\/wp-json\/wp\/v2\/posts\/33167\/revisions\/33168"}],"wp:attachment":[{"href":"https:\/\/www.bellunopress.it\/fr\/wp-json\/wp\/v2\/media?parent=33167"}],"wp:term":[{"taxonomy":"category","embeddable":true,"href":"https:\/\/www.bellunopress.it\/fr\/wp-json\/wp\/v2\/categories?post=33167"},{"taxonomy":"post_tag","embeddable":true,"href":"https:\/\/www.bellunopress.it\/fr\/wp-json\/wp\/v2\/tags?post=33167"}],"curies":[{"name":"wp","href":"https:\/\/api.w.org\/{rel}","templated":true}]}}