{"id":33151,"date":"2011-12-09T23:53:20","date_gmt":"2011-12-09T22:53:20","guid":{"rendered":"http:\/\/www.bellunopress.it\/?p=33151"},"modified":"2011-12-09T23:54:21","modified_gmt":"2011-12-09T22:54:21","slug":"presepio-caratteristico-di-perarolo-di-cadore","status":"publish","type":"post","link":"https:\/\/www.bellunopress.it\/fr\/2011\/12\/09\/presepio-caratteristico-di-perarolo-di-cadore\/","title":{"rendered":"Presepio caratteristico di Perarolo di Cadore"},"content":{"rendered":"<p>Grazie al lavoro di molti volontari, \u00e8 stato allestito nella magica cornice del Parco di Palazzo Lazzaris di Perarolo di Cadore, il \u201cPresepio caratteristico\u201d, giunto alla ottava edizione.<br \/>\nPi\u00f9 di quaranta sono i personaggi di dimensioni reali, creati con maestria partendo da manichini dismessi, che raffigurano oltre alla Nativit\u00e0 le tradizioni ed i vecchi mestieri della montagna Cadorina, con particolare attenzione a Perarolo ed alla sua storia legata al Cidolo ed alle zattere in partenza per Venezia.<br \/>\nIl Presepio sar\u00e0 visitabile dal 08\/12\/2011 al 15\/01\/2012.<br \/>\nConsigliata \u00e8 la suggestiva visita nelle ore notturne in quanto gli effetti delle luci rendono magico lo scenario, ancora pi\u00f9 incantevole con l\u2019auspicata presenza della neve.<br \/>\nIl piccolo gregge di pecore rende ancora pi\u00f9 realistica l\u2019ambientazione.<br \/>\nAnno dopo anno il Presepio \u00e8 diventato l\u2019orgoglio del Paese, testimoniato dai numerosi messaggi, lasciasti sul libro delle dediche da parte dei visitatori provenienti da tutt\u2019Italia e anche dall\u2019estero.<br \/>\nPer completare le manifestazioni natalizie, la Parrocchia il Comitato del Cidolo e l\u2019Amministrazione Comunale, in sinergia, hanno programmato due concerti nella Chiesa di Caralte, sabato 17, con i bambini del Coro di Calalzo e venerd\u00ec 23 con il Coro VOLINVOCE, diretto da Gabriella Genova e la voce recitante di Antonio Chiades.<br \/>\nNella notte di Natale dopo la santa Messa seguir\u00e0 la deposizione del bambinello nella mangiatoia, accompagnati dalle note della zampogna di Andrea Da Cort\u00e0.<br \/>\nSeguir\u00e0 lo scambio degli auguri con panettone e vin brul\u00e8 per tutti.<br \/>\nDal 27 dicembre all\u20198 gennaio (escluso il primo), dalle ore 17.00 alle 19.30, sar\u00e0 aperto il MUSEO DEL CIDOLO E DEL LEGNAME.<br \/>\nInformazioni sulla visita e l\u2019assistenza sono garantiti presso il Bar \u201cCovo dei zater\u201d telefono: 0435 \u2013 501339.<br \/>\nL&#8217;iniziativa \u00e8 della Pro Loco di Perarolo di cadore.<\/p>","protected":false},"excerpt":{"rendered":"<p>Grazie al lavoro di molti volontari, \u00e8 stato allestito nella magica cornice del Parco di Palazzo Lazzaris di Perarolo di Cadore, il \u201cPresepio caratteristico\u201d, giunto alla ottava edizione. Pi\u00f9 di quaranta sono i personaggi di dimensioni reali, creati con maestria partendo da manichini dismessi, che raffigurano oltre alla Nativit\u00e0 le tradizioni ed i vecchi mestieri [&hellip;]<\/p>\n","protected":false},"author":2,"featured_media":0,"comment_status":"closed","ping_status":"open","sticky":false,"template":"","format":"standard","meta":{"footnotes":""},"categories":[27,3,25],"tags":[],"class_list":["post-33151","post","type-post","status-publish","format-standard","category-appuntamenti","category-arte-cultura-spettacoli-scienza-archivi","category-pausa-caffe"],"yoast_head":"<!-- This site is optimized with the Yoast SEO plugin v28.4 - https:\/\/yoast.com\/product\/yoast-seo-wordpress\/ -->\n<title>Presepio caratteristico di Perarolo di Cadore - Bellunopress - Dolomiti<\/title>\n<meta name=\"robots\" content=\"index, follow, max-snippet:-1, max-image-preview:large, max-video-preview:-1\" \/>\n<link rel=\"canonical\" href=\"https:\/\/www.bellunopress.it\/fr\/2011\/12\/09\/presepio-caratteristico-di-perarolo-di-cadore\/\" \/>\n<meta property=\"og:locale\" content=\"fr_FR\" \/>\n<meta property=\"og:type\" content=\"article\" \/>\n<meta property=\"og:title\" content=\"Presepio caratteristico di Perarolo di Cadore - Bellunopress - Dolomiti\" \/>\n<meta property=\"og:description\" content=\"Grazie al lavoro di molti volontari, \u00e8 stato allestito nella magica cornice del Parco di Palazzo Lazzaris di Perarolo di Cadore, il \u201cPresepio caratteristico\u201d, giunto alla ottava edizione. Pi\u00f9 di quaranta sono i personaggi di dimensioni reali, creati con maestria partendo da manichini dismessi, che raffigurano oltre alla Nativit\u00e0 le tradizioni ed i vecchi mestieri [&hellip;]\" \/>\n<meta property=\"og:url\" content=\"https:\/\/www.bellunopress.it\/fr\/2011\/12\/09\/presepio-caratteristico-di-perarolo-di-cadore\/\" \/>\n<meta property=\"og:site_name\" content=\"Bellunopress - Dolomiti\" \/>\n<meta property=\"article:publisher\" content=\"https:\/\/www.facebook.com\/profile.php?id=100008943462799\" \/>\n<meta property=\"article:published_time\" content=\"2011-12-09T22:53:20+00:00\" \/>\n<meta property=\"article:modified_time\" content=\"2011-12-09T22:54:21+00:00\" \/>\n<meta property=\"og:image\" content=\"http:\/\/www.bellunopress.it\/wp-content\/uploads\/2012\/07\/logo-bellunopress-250x250-2012.jpg\" \/>\n<meta name=\"author\" content=\"redazione\" \/>\n<meta name=\"twitter:card\" content=\"summary_large_image\" \/>\n<meta name=\"twitter:creator\" content=\"@bellunopress\" \/>\n<meta name=\"twitter:site\" content=\"@bellunopress\" \/>\n<meta name=\"twitter:label1\" content=\"\u00c9crit par\" \/>\n\t<meta name=\"twitter:data1\" content=\"redazione\" \/>\n\t<meta name=\"twitter:label2\" content=\"Dur\u00e9e de lecture estim\u00e9e\" \/>\n\t<meta name=\"twitter:data2\" content=\"1 minute\" \/>\n<script type=\"application\/ld+json\" class=\"yoast-schema-graph\">{\"@context\":\"https:\\\/\\\/schema.org\",\"@graph\":[{\"@type\":\"Article\",\"@id\":\"https:\\\/\\\/www.bellunopress.it\\\/2011\\\/12\\\/09\\\/presepio-caratteristico-di-perarolo-di-cadore\\\/#article\",\"isPartOf\":{\"@id\":\"https:\\\/\\\/www.bellunopress.it\\\/2011\\\/12\\\/09\\\/presepio-caratteristico-di-perarolo-di-cadore\\\/\"},\"author\":{\"name\":\"redazione\",\"@id\":\"https:\\\/\\\/www.bellunopress.it\\\/#\\\/schema\\\/person\\\/79bb06722b37ece1c03d3e94beb30d73\"},\"headline\":\"Presepio caratteristico di Perarolo di Cadore\",\"datePublished\":\"2011-12-09T22:53:20+00:00\",\"dateModified\":\"2011-12-09T22:54:21+00:00\",\"mainEntityOfPage\":{\"@id\":\"https:\\\/\\\/www.bellunopress.it\\\/2011\\\/12\\\/09\\\/presepio-caratteristico-di-perarolo-di-cadore\\\/\"},\"wordCount\":285,\"publisher\":{\"@id\":\"https:\\\/\\\/www.bellunopress.it\\\/#organization\"},\"articleSection\":[\"Appuntamenti, Eventi\",\"Arte, Cultura, Spettacoli, Scienza\",\"Pausa Caff\u00e8\"],\"inLanguage\":\"fr-FR\"},{\"@type\":\"WebPage\",\"@id\":\"https:\\\/\\\/www.bellunopress.it\\\/2011\\\/12\\\/09\\\/presepio-caratteristico-di-perarolo-di-cadore\\\/\",\"url\":\"https:\\\/\\\/www.bellunopress.it\\\/2011\\\/12\\\/09\\\/presepio-caratteristico-di-perarolo-di-cadore\\\/\",\"name\":\"Presepio caratteristico di Perarolo di Cadore - Bellunopress - Dolomiti\",\"isPartOf\":{\"@id\":\"https:\\\/\\\/www.bellunopress.it\\\/#website\"},\"datePublished\":\"2011-12-09T22:53:20+00:00\",\"dateModified\":\"2011-12-09T22:54:21+00:00\",\"breadcrumb\":{\"@id\":\"https:\\\/\\\/www.bellunopress.it\\\/2011\\\/12\\\/09\\\/presepio-caratteristico-di-perarolo-di-cadore\\\/#breadcrumb\"},\"inLanguage\":\"fr-FR\",\"potentialAction\":[{\"@type\":\"ReadAction\",\"target\":[\"https:\\\/\\\/www.bellunopress.it\\\/2011\\\/12\\\/09\\\/presepio-caratteristico-di-perarolo-di-cadore\\\/\"]}]},{\"@type\":\"BreadcrumbList\",\"@id\":\"https:\\\/\\\/www.bellunopress.it\\\/2011\\\/12\\\/09\\\/presepio-caratteristico-di-perarolo-di-cadore\\\/#breadcrumb\",\"itemListElement\":[{\"@type\":\"ListItem\",\"position\":1,\"name\":\"Home\",\"item\":\"https:\\\/\\\/www.bellunopress.it\\\/\"},{\"@type\":\"ListItem\",\"position\":2,\"name\":\"Presepio caratteristico di Perarolo di Cadore\"}]},{\"@type\":\"WebSite\",\"@id\":\"https:\\\/\\\/www.bellunopress.it\\\/#website\",\"url\":\"https:\\\/\\\/www.bellunopress.it\\\/\",\"name\":\"Bellunopress - Dolomiti\",\"description\":\"e-mail: redazione@bellunopress.it\",\"publisher\":{\"@id\":\"https:\\\/\\\/www.bellunopress.it\\\/#organization\"},\"potentialAction\":[{\"@type\":\"SearchAction\",\"target\":{\"@type\":\"EntryPoint\",\"urlTemplate\":\"https:\\\/\\\/www.bellunopress.it\\\/?s={search_term_string}\"},\"query-input\":{\"@type\":\"PropertyValueSpecification\",\"valueRequired\":true,\"valueName\":\"search_term_string\"}}],\"inLanguage\":\"fr-FR\"},{\"@type\":\"Organization\",\"@id\":\"https:\\\/\\\/www.bellunopress.it\\\/#organization\",\"name\":\"Bellunopress\",\"url\":\"https:\\\/\\\/www.bellunopress.it\\\/\",\"logo\":{\"@type\":\"ImageObject\",\"inLanguage\":\"fr-FR\",\"@id\":\"https:\\\/\\\/www.bellunopress.it\\\/#\\\/schema\\\/logo\\\/image\\\/\",\"url\":\"https:\\\/\\\/www.bellunopress.it\\\/wp-content\\\/uploads\\\/2011\\\/05\\\/cropped-logo-bellunopress-.jpg\",\"contentUrl\":\"https:\\\/\\\/www.bellunopress.it\\\/wp-content\\\/uploads\\\/2011\\\/05\\\/cropped-logo-bellunopress-.jpg\",\"width\":512,\"height\":512,\"caption\":\"Bellunopress\"},\"image\":{\"@id\":\"https:\\\/\\\/www.bellunopress.it\\\/#\\\/schema\\\/logo\\\/image\\\/\"},\"sameAs\":[\"https:\\\/\\\/www.facebook.com\\\/profile.php?id=100008943462799\",\"https:\\\/\\\/x.com\\\/bellunopress\",\"https:\\\/\\\/www.linkedin.com\\\/hp\\\/?dnr=JBzUWaJfMUw8vbXJJ2tVW5-I3jZKvC4wsoxE&amp;amp;amp;amp;amp;amp;trk=nav_responsive_tab_home\",\"https:\\\/\\\/www.youtube.com\\\/channel\\\/UCxL0wu1uN0_3_7hGG0306cw\"]},{\"@type\":\"Person\",\"@id\":\"https:\\\/\\\/www.bellunopress.it\\\/#\\\/schema\\\/person\\\/79bb06722b37ece1c03d3e94beb30d73\",\"name\":\"redazione\",\"image\":{\"@type\":\"ImageObject\",\"inLanguage\":\"fr-FR\",\"@id\":\"https:\\\/\\\/secure.gravatar.com\\\/avatar\\\/37d968a2e67a6fd04c169c4bdef102d0bc5d31b2546345219e348575eb80e9a0?s=96&d=mm&r=g\",\"url\":\"https:\\\/\\\/secure.gravatar.com\\\/avatar\\\/37d968a2e67a6fd04c169c4bdef102d0bc5d31b2546345219e348575eb80e9a0?s=96&d=mm&r=g\",\"contentUrl\":\"https:\\\/\\\/secure.gravatar.com\\\/avatar\\\/37d968a2e67a6fd04c169c4bdef102d0bc5d31b2546345219e348575eb80e9a0?s=96&d=mm&r=g\",\"caption\":\"redazione\"},\"sameAs\":[\"http:\\\/\\\/www.bellunopress.it\",\"https:\\\/\\\/x.com\\\/bellunopress\"],\"url\":\"https:\\\/\\\/www.bellunopress.it\\\/fr\\\/author\\\/redazione\\\/\"}]}<\/script>\n<!-- \/ Yoast SEO plugin. -->","yoast_head_json":{"title":"Presepio caratteristico di Perarolo di Cadore - Bellunopress - Dolomiti","robots":{"index":"index","follow":"follow","max-snippet":"max-snippet:-1","max-image-preview":"max-image-preview:large","max-video-preview":"max-video-preview:-1"},"canonical":"https:\/\/www.bellunopress.it\/fr\/2011\/12\/09\/presepio-caratteristico-di-perarolo-di-cadore\/","og_locale":"fr_FR","og_type":"article","og_title":"Presepio caratteristico di Perarolo di Cadore - Bellunopress - Dolomiti","og_description":"Grazie al lavoro di molti volontari, \u00e8 stato allestito nella magica cornice del Parco di Palazzo Lazzaris di Perarolo di Cadore, il \u201cPresepio caratteristico\u201d, giunto alla ottava edizione. Pi\u00f9 di quaranta sono i personaggi di dimensioni reali, creati con maestria partendo da manichini dismessi, che raffigurano oltre alla Nativit\u00e0 le tradizioni ed i vecchi mestieri [&hellip;]","og_url":"https:\/\/www.bellunopress.it\/fr\/2011\/12\/09\/presepio-caratteristico-di-perarolo-di-cadore\/","og_site_name":"Bellunopress - Dolomiti","article_publisher":"https:\/\/www.facebook.com\/profile.php?id=100008943462799","article_published_time":"2011-12-09T22:53:20+00:00","article_modified_time":"2011-12-09T22:54:21+00:00","og_image":[{"url":"http:\/\/www.bellunopress.it\/wp-content\/uploads\/2012\/07\/logo-bellunopress-250x250-2012.jpg","type":"","width":"","height":""}],"author":"redazione","twitter_card":"summary_large_image","twitter_creator":"@bellunopress","twitter_site":"@bellunopress","twitter_misc":{"\u00c9crit par":"redazione","Dur\u00e9e de lecture estim\u00e9e":"1 minute"},"schema":{"@context":"https:\/\/schema.org","@graph":[{"@type":"Article","@id":"https:\/\/www.bellunopress.it\/2011\/12\/09\/presepio-caratteristico-di-perarolo-di-cadore\/#article","isPartOf":{"@id":"https:\/\/www.bellunopress.it\/2011\/12\/09\/presepio-caratteristico-di-perarolo-di-cadore\/"},"author":{"name":"redazione","@id":"https:\/\/www.bellunopress.it\/#\/schema\/person\/79bb06722b37ece1c03d3e94beb30d73"},"headline":"Presepio caratteristico di Perarolo di Cadore","datePublished":"2011-12-09T22:53:20+00:00","dateModified":"2011-12-09T22:54:21+00:00","mainEntityOfPage":{"@id":"https:\/\/www.bellunopress.it\/2011\/12\/09\/presepio-caratteristico-di-perarolo-di-cadore\/"},"wordCount":285,"publisher":{"@id":"https:\/\/www.bellunopress.it\/#organization"},"articleSection":["Appuntamenti, Eventi","Arte, Cultura, Spettacoli, Scienza","Pausa Caff\u00e8"],"inLanguage":"fr-FR"},{"@type":"WebPage","@id":"https:\/\/www.bellunopress.it\/2011\/12\/09\/presepio-caratteristico-di-perarolo-di-cadore\/","url":"https:\/\/www.bellunopress.it\/2011\/12\/09\/presepio-caratteristico-di-perarolo-di-cadore\/","name":"Presepio caratteristico di Perarolo di Cadore - Bellunopress - Dolomiti","isPartOf":{"@id":"https:\/\/www.bellunopress.it\/#website"},"datePublished":"2011-12-09T22:53:20+00:00","dateModified":"2011-12-09T22:54:21+00:00","breadcrumb":{"@id":"https:\/\/www.bellunopress.it\/2011\/12\/09\/presepio-caratteristico-di-perarolo-di-cadore\/#breadcrumb"},"inLanguage":"fr-FR","potentialAction":[{"@type":"ReadAction","target":["https:\/\/www.bellunopress.it\/2011\/12\/09\/presepio-caratteristico-di-perarolo-di-cadore\/"]}]},{"@type":"BreadcrumbList","@id":"https:\/\/www.bellunopress.it\/2011\/12\/09\/presepio-caratteristico-di-perarolo-di-cadore\/#breadcrumb","itemListElement":[{"@type":"ListItem","position":1,"name":"Home","item":"https:\/\/www.bellunopress.it\/"},{"@type":"ListItem","position":2,"name":"Presepio caratteristico di Perarolo di Cadore"}]},{"@type":"WebSite","@id":"https:\/\/www.bellunopress.it\/#website","url":"https:\/\/www.bellunopress.it\/","name":"Bellunopress - Dolomiti","description":"e-mail: redazione@bellunopress.it","publisher":{"@id":"https:\/\/www.bellunopress.it\/#organization"},"potentialAction":[{"@type":"SearchAction","target":{"@type":"EntryPoint","urlTemplate":"https:\/\/www.bellunopress.it\/?s={search_term_string}"},"query-input":{"@type":"PropertyValueSpecification","valueRequired":true,"valueName":"search_term_string"}}],"inLanguage":"fr-FR"},{"@type":"Organization","@id":"https:\/\/www.bellunopress.it\/#organization","name":"Bellunopress","url":"https:\/\/www.bellunopress.it\/","logo":{"@type":"ImageObject","inLanguage":"fr-FR","@id":"https:\/\/www.bellunopress.it\/#\/schema\/logo\/image\/","url":"https:\/\/www.bellunopress.it\/wp-content\/uploads\/2011\/05\/cropped-logo-bellunopress-.jpg","contentUrl":"https:\/\/www.bellunopress.it\/wp-content\/uploads\/2011\/05\/cropped-logo-bellunopress-.jpg","width":512,"height":512,"caption":"Bellunopress"},"image":{"@id":"https:\/\/www.bellunopress.it\/#\/schema\/logo\/image\/"},"sameAs":["https:\/\/www.facebook.com\/profile.php?id=100008943462799","https:\/\/x.com\/bellunopress","https:\/\/www.linkedin.com\/hp\/?dnr=JBzUWaJfMUw8vbXJJ2tVW5-I3jZKvC4wsoxE&amp;amp;amp;amp;amp;amp;trk=nav_responsive_tab_home","https:\/\/www.youtube.com\/channel\/UCxL0wu1uN0_3_7hGG0306cw"]},{"@type":"Person","@id":"https:\/\/www.bellunopress.it\/#\/schema\/person\/79bb06722b37ece1c03d3e94beb30d73","name":"r\u00e9daction","image":{"@type":"ImageObject","inLanguage":"fr-FR","@id":"https:\/\/secure.gravatar.com\/avatar\/37d968a2e67a6fd04c169c4bdef102d0bc5d31b2546345219e348575eb80e9a0?s=96&d=mm&r=g","url":"https:\/\/secure.gravatar.com\/avatar\/37d968a2e67a6fd04c169c4bdef102d0bc5d31b2546345219e348575eb80e9a0?s=96&d=mm&r=g","contentUrl":"https:\/\/secure.gravatar.com\/avatar\/37d968a2e67a6fd04c169c4bdef102d0bc5d31b2546345219e348575eb80e9a0?s=96&d=mm&r=g","caption":"redazione"},"sameAs":["http:\/\/www.bellunopress.it","https:\/\/x.com\/bellunopress"],"url":"https:\/\/www.bellunopress.it\/fr\/author\/redazione\/"}]}},"_links":{"self":[{"href":"https:\/\/www.bellunopress.it\/fr\/wp-json\/wp\/v2\/posts\/33151","targetHints":{"allow":["GET"]}}],"collection":[{"href":"https:\/\/www.bellunopress.it\/fr\/wp-json\/wp\/v2\/posts"}],"about":[{"href":"https:\/\/www.bellunopress.it\/fr\/wp-json\/wp\/v2\/types\/post"}],"author":[{"embeddable":true,"href":"https:\/\/www.bellunopress.it\/fr\/wp-json\/wp\/v2\/users\/2"}],"replies":[{"embeddable":true,"href":"https:\/\/www.bellunopress.it\/fr\/wp-json\/wp\/v2\/comments?post=33151"}],"version-history":[{"count":2,"href":"https:\/\/www.bellunopress.it\/fr\/wp-json\/wp\/v2\/posts\/33151\/revisions"}],"predecessor-version":[{"id":33154,"href":"https:\/\/www.bellunopress.it\/fr\/wp-json\/wp\/v2\/posts\/33151\/revisions\/33154"}],"wp:attachment":[{"href":"https:\/\/www.bellunopress.it\/fr\/wp-json\/wp\/v2\/media?parent=33151"}],"wp:term":[{"taxonomy":"category","embeddable":true,"href":"https:\/\/www.bellunopress.it\/fr\/wp-json\/wp\/v2\/categories?post=33151"},{"taxonomy":"post_tag","embeddable":true,"href":"https:\/\/www.bellunopress.it\/fr\/wp-json\/wp\/v2\/tags?post=33151"}],"curies":[{"name":"wp","href":"https:\/\/api.w.org\/{rel}","templated":true}]}}