{"id":33104,"date":"2011-12-07T22:24:17","date_gmt":"2011-12-07T21:24:17","guid":{"rendered":"http:\/\/www.bellunopress.it\/?p=33104"},"modified":"2011-12-07T22:24:17","modified_gmt":"2011-12-07T21:24:17","slug":"mel-dall8-all11-dicembre-il-mercatino-di-natale-in-oratorio","status":"publish","type":"post","link":"https:\/\/www.bellunopress.it\/fr\/2011\/12\/07\/mel-dall8-all11-dicembre-il-mercatino-di-natale-in-oratorio\/","title":{"rendered":"Mel: dall&#8217;8 all&#8217;11 dicembre il mercatino di Natale in oratorio"},"content":{"rendered":"<p>Il\u00a0 Gruppo &#8220;Vieni anche tu&#8221; propone il mercatino di Natale,\u00a0 all&#8217;oratorio di piazza Alessandro Marzoni di Mel, dalla mattina dell&#8217;8 al pomeriggio dell&#8217;11 dicembre.<br \/>\n<a href=\"http:\/\/www.bellunopress.it\/wp-content\/uploads\/2010\/10\/municipio-mel-130x130.jpg\"><img loading=\"lazy\" decoding=\"async\" class=\"alignleft size-full wp-image-20627\" title=\"municipio-mel-130x130\" src=\"http:\/\/www.bellunopress.it\/wp-content\/uploads\/2010\/10\/municipio-mel-130x130.jpg\" alt=\"\" width=\"130\" height=\"130\" \/><\/a>Una ventina di donne, di Mel, Carve e Pellegai,\u00a0 volontarie e\u00a0 gratuitamente\u00a0 durante l&#8217;anno creano con le loro mani degli indumenti, degli arredi, delle tovaglie, eccetera. Il frutto del loro impegno \u00e8 messo a disposizioni di quanti fossero interessati ad aiutare il missionario laico salesiano Severino Sbardellotto, natio di Villa di Villa di Mel, da 37 anni impegnato nella parrocchia di San Carlos,\u00a0 a Santa Cruz di Bolivia. Severino, nei mesi scorsi, era rientrato a Villa di Villa, per alcuni mesi di riposo. E&#8217; tornato nella sua terra d&#8217;azione a fine ottobre.<\/p>\n<p>&#8220;Negli ultimi giorni\u00a0 ho ricevuto dalle suore che collaborano con mio fratello &#8211; ha spiegato Irma-, una interessante\u00a0 corrispondenza, attraverso la quale ringraziano la comunit\u00e0 di Mel per gli aiuti economici che abbiamo fatto avere loro, utilizzati a sostenere il Centro del Bambino Denutrito, che a rotazione ospita una cinquantina di bambini. Ci hanno scritto anche le suore che si occupano delle scuole e che ringraziano i bambini delle nostra Primaria, perch\u00e8 con le loro rinuncie finanziano il progetto Pane &amp; Latte. Alla mostra verr\u00e0 allestito un angolo dove sar\u00e0 possibile visionare la\u00a0 corrispondenza, i disegni dei bimbi boliviani e\u00a0 i manufatti d&#8217;abbigliamento realizzati dalle donne boliviane&#8221;.\u00a0 Il progetto &#8220;Pane &amp; Latte&#8221; promosso a livello generale dalla parrocchia di San Carlos\u00a0 (cio\u00e8 coinvolge tante altre realt\u00e0), coinvolge anche tutti i cento bambini della ex elementare del capoluogo,\u00a0 coordinati dalla maestra Anna Dalle Mule, che con le loro piccole rinuncie (di loro spontanea volont\u00e0 rinunciano a una merendina, a un succo, eccetera), 5, 10, 20 centesimi alla volta,\u00a0 consentono di raggranellare di volta in volta 15 euro,\u00a0 con i quali a San\u00a0 Carlos fanno la prima collazione 200 bambini.\u00a0 Anche la scuola Primaria \u00e8 in contatto diretto, via e-mail, con la missione di San Carlos.<br \/>\n&#8220;Chi vuole aiutare\u00a0 i bambini poveri boliviani &#8211; ha rassicurato Irma- stia tranquillo, perch\u00e8 gli aiuti arrivano a destinazione e il loro utilizzo viene documentato&#8221;.<\/p>","protected":false},"excerpt":{"rendered":"<p>Il\u00a0 Gruppo &#8220;Vieni anche tu&#8221; propone il mercatino di Natale,\u00a0 all&#8217;oratorio di piazza Alessandro Marzoni di Mel, dalla mattina dell&#8217;8 al pomeriggio dell&#8217;11 dicembre. Una ventina di donne, di Mel, Carve e Pellegai,\u00a0 volontarie e\u00a0 gratuitamente\u00a0 durante l&#8217;anno creano con le loro mani degli indumenti, degli arredi, delle tovaglie, eccetera. Il frutto del loro impegno [&hellip;]<\/p>\n","protected":false},"author":2,"featured_media":0,"comment_status":"closed","ping_status":"open","sticky":false,"template":"","format":"standard","meta":{"footnotes":""},"categories":[26,8],"tags":[],"class_list":["post-33104","post","type-post","status-publish","format-standard","category-prima-pagina","category-societa-istituzioni"],"yoast_head":"<!-- This site is optimized with the Yoast SEO plugin v28.4 - https:\/\/yoast.com\/product\/yoast-seo-wordpress\/ -->\n<title>Mel: dall&#039;8 all&#039;11 dicembre il mercatino di Natale in oratorio - Bellunopress - Dolomiti<\/title>\n<meta name=\"robots\" content=\"index, follow, max-snippet:-1, max-image-preview:large, max-video-preview:-1\" \/>\n<link rel=\"canonical\" href=\"https:\/\/www.bellunopress.it\/fr\/2011\/12\/07\/mel-dall8-all11-dicembre-il-mercatino-di-natale-in-oratorio\/\" \/>\n<meta property=\"og:locale\" content=\"fr_FR\" \/>\n<meta property=\"og:type\" content=\"article\" \/>\n<meta property=\"og:title\" content=\"Mel: dall&#039;8 all&#039;11 dicembre il mercatino di Natale in oratorio - Bellunopress - Dolomiti\" \/>\n<meta property=\"og:description\" content=\"Il\u00a0 Gruppo &#8220;Vieni anche tu&#8221; propone il mercatino di Natale,\u00a0 all&#8217;oratorio di piazza Alessandro Marzoni di Mel, dalla mattina dell&#8217;8 al pomeriggio dell&#8217;11 dicembre. Una ventina di donne, di Mel, Carve e Pellegai,\u00a0 volontarie e\u00a0 gratuitamente\u00a0 durante l&#8217;anno creano con le loro mani degli indumenti, degli arredi, delle tovaglie, eccetera. Il frutto del loro impegno [&hellip;]\" \/>\n<meta property=\"og:url\" content=\"https:\/\/www.bellunopress.it\/fr\/2011\/12\/07\/mel-dall8-all11-dicembre-il-mercatino-di-natale-in-oratorio\/\" \/>\n<meta property=\"og:site_name\" content=\"Bellunopress - Dolomiti\" \/>\n<meta property=\"article:publisher\" content=\"https:\/\/www.facebook.com\/profile.php?id=100008943462799\" \/>\n<meta property=\"article:published_time\" content=\"2011-12-07T21:24:17+00:00\" \/>\n<meta property=\"og:image\" content=\"http:\/\/www.bellunopress.it\/wp-content\/uploads\/2010\/10\/municipio-mel-130x130.jpg\" \/>\n<meta name=\"author\" content=\"redazione\" \/>\n<meta name=\"twitter:card\" content=\"summary_large_image\" \/>\n<meta name=\"twitter:creator\" content=\"@bellunopress\" \/>\n<meta name=\"twitter:site\" content=\"@bellunopress\" \/>\n<meta name=\"twitter:label1\" content=\"\u00c9crit par\" \/>\n\t<meta name=\"twitter:data1\" content=\"redazione\" \/>\n\t<meta name=\"twitter:label2\" content=\"Dur\u00e9e de lecture estim\u00e9e\" \/>\n\t<meta name=\"twitter:data2\" content=\"2 minutes\" \/>\n<script type=\"application\/ld+json\" class=\"yoast-schema-graph\">{\"@context\":\"https:\\\/\\\/schema.org\",\"@graph\":[{\"@type\":\"Article\",\"@id\":\"https:\\\/\\\/www.bellunopress.it\\\/2011\\\/12\\\/07\\\/mel-dall8-all11-dicembre-il-mercatino-di-natale-in-oratorio\\\/#article\",\"isPartOf\":{\"@id\":\"https:\\\/\\\/www.bellunopress.it\\\/2011\\\/12\\\/07\\\/mel-dall8-all11-dicembre-il-mercatino-di-natale-in-oratorio\\\/\"},\"author\":{\"name\":\"redazione\",\"@id\":\"https:\\\/\\\/www.bellunopress.it\\\/#\\\/schema\\\/person\\\/79bb06722b37ece1c03d3e94beb30d73\"},\"headline\":\"Mel: dall&#8217;8 all&#8217;11 dicembre il mercatino di Natale in oratorio\",\"datePublished\":\"2011-12-07T21:24:17+00:00\",\"mainEntityOfPage\":{\"@id\":\"https:\\\/\\\/www.bellunopress.it\\\/2011\\\/12\\\/07\\\/mel-dall8-all11-dicembre-il-mercatino-di-natale-in-oratorio\\\/\"},\"wordCount\":351,\"publisher\":{\"@id\":\"https:\\\/\\\/www.bellunopress.it\\\/#organization\"},\"image\":{\"@id\":\"https:\\\/\\\/www.bellunopress.it\\\/2011\\\/12\\\/07\\\/mel-dall8-all11-dicembre-il-mercatino-di-natale-in-oratorio\\\/#primaryimage\"},\"thumbnailUrl\":\"http:\\\/\\\/www.bellunopress.it\\\/wp-content\\\/uploads\\\/2010\\\/10\\\/municipio-mel-130x130.jpg\",\"articleSection\":[\"Prima Pagina\",\"Societ\u00e0, Associazioni, Istituzioni\"],\"inLanguage\":\"fr-FR\"},{\"@type\":\"WebPage\",\"@id\":\"https:\\\/\\\/www.bellunopress.it\\\/2011\\\/12\\\/07\\\/mel-dall8-all11-dicembre-il-mercatino-di-natale-in-oratorio\\\/\",\"url\":\"https:\\\/\\\/www.bellunopress.it\\\/2011\\\/12\\\/07\\\/mel-dall8-all11-dicembre-il-mercatino-di-natale-in-oratorio\\\/\",\"name\":\"Mel: dall'8 all'11 dicembre il mercatino di Natale in oratorio - Bellunopress - Dolomiti\",\"isPartOf\":{\"@id\":\"https:\\\/\\\/www.bellunopress.it\\\/#website\"},\"primaryImageOfPage\":{\"@id\":\"https:\\\/\\\/www.bellunopress.it\\\/2011\\\/12\\\/07\\\/mel-dall8-all11-dicembre-il-mercatino-di-natale-in-oratorio\\\/#primaryimage\"},\"image\":{\"@id\":\"https:\\\/\\\/www.bellunopress.it\\\/2011\\\/12\\\/07\\\/mel-dall8-all11-dicembre-il-mercatino-di-natale-in-oratorio\\\/#primaryimage\"},\"thumbnailUrl\":\"http:\\\/\\\/www.bellunopress.it\\\/wp-content\\\/uploads\\\/2010\\\/10\\\/municipio-mel-130x130.jpg\",\"datePublished\":\"2011-12-07T21:24:17+00:00\",\"breadcrumb\":{\"@id\":\"https:\\\/\\\/www.bellunopress.it\\\/2011\\\/12\\\/07\\\/mel-dall8-all11-dicembre-il-mercatino-di-natale-in-oratorio\\\/#breadcrumb\"},\"inLanguage\":\"fr-FR\",\"potentialAction\":[{\"@type\":\"ReadAction\",\"target\":[\"https:\\\/\\\/www.bellunopress.it\\\/2011\\\/12\\\/07\\\/mel-dall8-all11-dicembre-il-mercatino-di-natale-in-oratorio\\\/\"]}]},{\"@type\":\"ImageObject\",\"inLanguage\":\"fr-FR\",\"@id\":\"https:\\\/\\\/www.bellunopress.it\\\/2011\\\/12\\\/07\\\/mel-dall8-all11-dicembre-il-mercatino-di-natale-in-oratorio\\\/#primaryimage\",\"url\":\"http:\\\/\\\/www.bellunopress.it\\\/wp-content\\\/uploads\\\/2010\\\/10\\\/municipio-mel-130x130.jpg\",\"contentUrl\":\"http:\\\/\\\/www.bellunopress.it\\\/wp-content\\\/uploads\\\/2010\\\/10\\\/municipio-mel-130x130.jpg\"},{\"@type\":\"BreadcrumbList\",\"@id\":\"https:\\\/\\\/www.bellunopress.it\\\/2011\\\/12\\\/07\\\/mel-dall8-all11-dicembre-il-mercatino-di-natale-in-oratorio\\\/#breadcrumb\",\"itemListElement\":[{\"@type\":\"ListItem\",\"position\":1,\"name\":\"Home\",\"item\":\"https:\\\/\\\/www.bellunopress.it\\\/\"},{\"@type\":\"ListItem\",\"position\":2,\"name\":\"Mel: dall&#8217;8 all&#8217;11 dicembre il mercatino di Natale in oratorio\"}]},{\"@type\":\"WebSite\",\"@id\":\"https:\\\/\\\/www.bellunopress.it\\\/#website\",\"url\":\"https:\\\/\\\/www.bellunopress.it\\\/\",\"name\":\"Bellunopress - Dolomiti\",\"description\":\"e-mail: redazione@bellunopress.it\",\"publisher\":{\"@id\":\"https:\\\/\\\/www.bellunopress.it\\\/#organization\"},\"potentialAction\":[{\"@type\":\"SearchAction\",\"target\":{\"@type\":\"EntryPoint\",\"urlTemplate\":\"https:\\\/\\\/www.bellunopress.it\\\/?s={search_term_string}\"},\"query-input\":{\"@type\":\"PropertyValueSpecification\",\"valueRequired\":true,\"valueName\":\"search_term_string\"}}],\"inLanguage\":\"fr-FR\"},{\"@type\":\"Organization\",\"@id\":\"https:\\\/\\\/www.bellunopress.it\\\/#organization\",\"name\":\"Bellunopress\",\"url\":\"https:\\\/\\\/www.bellunopress.it\\\/\",\"logo\":{\"@type\":\"ImageObject\",\"inLanguage\":\"fr-FR\",\"@id\":\"https:\\\/\\\/www.bellunopress.it\\\/#\\\/schema\\\/logo\\\/image\\\/\",\"url\":\"https:\\\/\\\/www.bellunopress.it\\\/wp-content\\\/uploads\\\/2011\\\/05\\\/cropped-logo-bellunopress-.jpg\",\"contentUrl\":\"https:\\\/\\\/www.bellunopress.it\\\/wp-content\\\/uploads\\\/2011\\\/05\\\/cropped-logo-bellunopress-.jpg\",\"width\":512,\"height\":512,\"caption\":\"Bellunopress\"},\"image\":{\"@id\":\"https:\\\/\\\/www.bellunopress.it\\\/#\\\/schema\\\/logo\\\/image\\\/\"},\"sameAs\":[\"https:\\\/\\\/www.facebook.com\\\/profile.php?id=100008943462799\",\"https:\\\/\\\/x.com\\\/bellunopress\",\"https:\\\/\\\/www.linkedin.com\\\/hp\\\/?dnr=JBzUWaJfMUw8vbXJJ2tVW5-I3jZKvC4wsoxE&amp;amp;amp;amp;amp;amp;trk=nav_responsive_tab_home\",\"https:\\\/\\\/www.youtube.com\\\/channel\\\/UCxL0wu1uN0_3_7hGG0306cw\"]},{\"@type\":\"Person\",\"@id\":\"https:\\\/\\\/www.bellunopress.it\\\/#\\\/schema\\\/person\\\/79bb06722b37ece1c03d3e94beb30d73\",\"name\":\"redazione\",\"image\":{\"@type\":\"ImageObject\",\"inLanguage\":\"fr-FR\",\"@id\":\"https:\\\/\\\/secure.gravatar.com\\\/avatar\\\/37d968a2e67a6fd04c169c4bdef102d0bc5d31b2546345219e348575eb80e9a0?s=96&d=mm&r=g\",\"url\":\"https:\\\/\\\/secure.gravatar.com\\\/avatar\\\/37d968a2e67a6fd04c169c4bdef102d0bc5d31b2546345219e348575eb80e9a0?s=96&d=mm&r=g\",\"contentUrl\":\"https:\\\/\\\/secure.gravatar.com\\\/avatar\\\/37d968a2e67a6fd04c169c4bdef102d0bc5d31b2546345219e348575eb80e9a0?s=96&d=mm&r=g\",\"caption\":\"redazione\"},\"sameAs\":[\"http:\\\/\\\/www.bellunopress.it\",\"https:\\\/\\\/x.com\\\/bellunopress\"],\"url\":\"https:\\\/\\\/www.bellunopress.it\\\/fr\\\/author\\\/redazione\\\/\"}]}<\/script>\n<!-- \/ Yoast SEO plugin. -->","yoast_head_json":{"title":"Mel: dall'8 all'11 dicembre il mercatino di Natale in oratorio - Bellunopress - Dolomiti","robots":{"index":"index","follow":"follow","max-snippet":"max-snippet:-1","max-image-preview":"max-image-preview:large","max-video-preview":"max-video-preview:-1"},"canonical":"https:\/\/www.bellunopress.it\/fr\/2011\/12\/07\/mel-dall8-all11-dicembre-il-mercatino-di-natale-in-oratorio\/","og_locale":"fr_FR","og_type":"article","og_title":"Mel: dall'8 all'11 dicembre il mercatino di Natale in oratorio - Bellunopress - Dolomiti","og_description":"Il\u00a0 Gruppo &#8220;Vieni anche tu&#8221; propone il mercatino di Natale,\u00a0 all&#8217;oratorio di piazza Alessandro Marzoni di Mel, dalla mattina dell&#8217;8 al pomeriggio dell&#8217;11 dicembre. Una ventina di donne, di Mel, Carve e Pellegai,\u00a0 volontarie e\u00a0 gratuitamente\u00a0 durante l&#8217;anno creano con le loro mani degli indumenti, degli arredi, delle tovaglie, eccetera. Il frutto del loro impegno [&hellip;]","og_url":"https:\/\/www.bellunopress.it\/fr\/2011\/12\/07\/mel-dall8-all11-dicembre-il-mercatino-di-natale-in-oratorio\/","og_site_name":"Bellunopress - Dolomiti","article_publisher":"https:\/\/www.facebook.com\/profile.php?id=100008943462799","article_published_time":"2011-12-07T21:24:17+00:00","og_image":[{"url":"http:\/\/www.bellunopress.it\/wp-content\/uploads\/2010\/10\/municipio-mel-130x130.jpg","type":"","width":"","height":""}],"author":"redazione","twitter_card":"summary_large_image","twitter_creator":"@bellunopress","twitter_site":"@bellunopress","twitter_misc":{"\u00c9crit par":"redazione","Dur\u00e9e de lecture estim\u00e9e":"2 minutes"},"schema":{"@context":"https:\/\/schema.org","@graph":[{"@type":"Article","@id":"https:\/\/www.bellunopress.it\/2011\/12\/07\/mel-dall8-all11-dicembre-il-mercatino-di-natale-in-oratorio\/#article","isPartOf":{"@id":"https:\/\/www.bellunopress.it\/2011\/12\/07\/mel-dall8-all11-dicembre-il-mercatino-di-natale-in-oratorio\/"},"author":{"name":"redazione","@id":"https:\/\/www.bellunopress.it\/#\/schema\/person\/79bb06722b37ece1c03d3e94beb30d73"},"headline":"Mel: dall&#8217;8 all&#8217;11 dicembre il mercatino di Natale in oratorio","datePublished":"2011-12-07T21:24:17+00:00","mainEntityOfPage":{"@id":"https:\/\/www.bellunopress.it\/2011\/12\/07\/mel-dall8-all11-dicembre-il-mercatino-di-natale-in-oratorio\/"},"wordCount":351,"publisher":{"@id":"https:\/\/www.bellunopress.it\/#organization"},"image":{"@id":"https:\/\/www.bellunopress.it\/2011\/12\/07\/mel-dall8-all11-dicembre-il-mercatino-di-natale-in-oratorio\/#primaryimage"},"thumbnailUrl":"http:\/\/www.bellunopress.it\/wp-content\/uploads\/2010\/10\/municipio-mel-130x130.jpg","articleSection":["Prima Pagina","Societ\u00e0, Associazioni, Istituzioni"],"inLanguage":"fr-FR"},{"@type":"WebPage","@id":"https:\/\/www.bellunopress.it\/2011\/12\/07\/mel-dall8-all11-dicembre-il-mercatino-di-natale-in-oratorio\/","url":"https:\/\/www.bellunopress.it\/2011\/12\/07\/mel-dall8-all11-dicembre-il-mercatino-di-natale-in-oratorio\/","name":"Mel: dall'8 all'11 dicembre il mercatino di Natale in oratorio - Bellunopress - Dolomiti","isPartOf":{"@id":"https:\/\/www.bellunopress.it\/#website"},"primaryImageOfPage":{"@id":"https:\/\/www.bellunopress.it\/2011\/12\/07\/mel-dall8-all11-dicembre-il-mercatino-di-natale-in-oratorio\/#primaryimage"},"image":{"@id":"https:\/\/www.bellunopress.it\/2011\/12\/07\/mel-dall8-all11-dicembre-il-mercatino-di-natale-in-oratorio\/#primaryimage"},"thumbnailUrl":"http:\/\/www.bellunopress.it\/wp-content\/uploads\/2010\/10\/municipio-mel-130x130.jpg","datePublished":"2011-12-07T21:24:17+00:00","breadcrumb":{"@id":"https:\/\/www.bellunopress.it\/2011\/12\/07\/mel-dall8-all11-dicembre-il-mercatino-di-natale-in-oratorio\/#breadcrumb"},"inLanguage":"fr-FR","potentialAction":[{"@type":"ReadAction","target":["https:\/\/www.bellunopress.it\/2011\/12\/07\/mel-dall8-all11-dicembre-il-mercatino-di-natale-in-oratorio\/"]}]},{"@type":"ImageObject","inLanguage":"fr-FR","@id":"https:\/\/www.bellunopress.it\/2011\/12\/07\/mel-dall8-all11-dicembre-il-mercatino-di-natale-in-oratorio\/#primaryimage","url":"http:\/\/www.bellunopress.it\/wp-content\/uploads\/2010\/10\/municipio-mel-130x130.jpg","contentUrl":"http:\/\/www.bellunopress.it\/wp-content\/uploads\/2010\/10\/municipio-mel-130x130.jpg"},{"@type":"BreadcrumbList","@id":"https:\/\/www.bellunopress.it\/2011\/12\/07\/mel-dall8-all11-dicembre-il-mercatino-di-natale-in-oratorio\/#breadcrumb","itemListElement":[{"@type":"ListItem","position":1,"name":"Home","item":"https:\/\/www.bellunopress.it\/"},{"@type":"ListItem","position":2,"name":"Mel: dall&#8217;8 all&#8217;11 dicembre il mercatino di Natale in oratorio"}]},{"@type":"WebSite","@id":"https:\/\/www.bellunopress.it\/#website","url":"https:\/\/www.bellunopress.it\/","name":"Bellunopress - Dolomiti","description":"e-mail: redazione@bellunopress.it","publisher":{"@id":"https:\/\/www.bellunopress.it\/#organization"},"potentialAction":[{"@type":"SearchAction","target":{"@type":"EntryPoint","urlTemplate":"https:\/\/www.bellunopress.it\/?s={search_term_string}"},"query-input":{"@type":"PropertyValueSpecification","valueRequired":true,"valueName":"search_term_string"}}],"inLanguage":"fr-FR"},{"@type":"Organization","@id":"https:\/\/www.bellunopress.it\/#organization","name":"Bellunopress","url":"https:\/\/www.bellunopress.it\/","logo":{"@type":"ImageObject","inLanguage":"fr-FR","@id":"https:\/\/www.bellunopress.it\/#\/schema\/logo\/image\/","url":"https:\/\/www.bellunopress.it\/wp-content\/uploads\/2011\/05\/cropped-logo-bellunopress-.jpg","contentUrl":"https:\/\/www.bellunopress.it\/wp-content\/uploads\/2011\/05\/cropped-logo-bellunopress-.jpg","width":512,"height":512,"caption":"Bellunopress"},"image":{"@id":"https:\/\/www.bellunopress.it\/#\/schema\/logo\/image\/"},"sameAs":["https:\/\/www.facebook.com\/profile.php?id=100008943462799","https:\/\/x.com\/bellunopress","https:\/\/www.linkedin.com\/hp\/?dnr=JBzUWaJfMUw8vbXJJ2tVW5-I3jZKvC4wsoxE&amp;amp;amp;amp;amp;amp;trk=nav_responsive_tab_home","https:\/\/www.youtube.com\/channel\/UCxL0wu1uN0_3_7hGG0306cw"]},{"@type":"Person","@id":"https:\/\/www.bellunopress.it\/#\/schema\/person\/79bb06722b37ece1c03d3e94beb30d73","name":"r\u00e9daction","image":{"@type":"ImageObject","inLanguage":"fr-FR","@id":"https:\/\/secure.gravatar.com\/avatar\/37d968a2e67a6fd04c169c4bdef102d0bc5d31b2546345219e348575eb80e9a0?s=96&d=mm&r=g","url":"https:\/\/secure.gravatar.com\/avatar\/37d968a2e67a6fd04c169c4bdef102d0bc5d31b2546345219e348575eb80e9a0?s=96&d=mm&r=g","contentUrl":"https:\/\/secure.gravatar.com\/avatar\/37d968a2e67a6fd04c169c4bdef102d0bc5d31b2546345219e348575eb80e9a0?s=96&d=mm&r=g","caption":"redazione"},"sameAs":["http:\/\/www.bellunopress.it","https:\/\/x.com\/bellunopress"],"url":"https:\/\/www.bellunopress.it\/fr\/author\/redazione\/"}]}},"_links":{"self":[{"href":"https:\/\/www.bellunopress.it\/fr\/wp-json\/wp\/v2\/posts\/33104","targetHints":{"allow":["GET"]}}],"collection":[{"href":"https:\/\/www.bellunopress.it\/fr\/wp-json\/wp\/v2\/posts"}],"about":[{"href":"https:\/\/www.bellunopress.it\/fr\/wp-json\/wp\/v2\/types\/post"}],"author":[{"embeddable":true,"href":"https:\/\/www.bellunopress.it\/fr\/wp-json\/wp\/v2\/users\/2"}],"replies":[{"embeddable":true,"href":"https:\/\/www.bellunopress.it\/fr\/wp-json\/wp\/v2\/comments?post=33104"}],"version-history":[{"count":1,"href":"https:\/\/www.bellunopress.it\/fr\/wp-json\/wp\/v2\/posts\/33104\/revisions"}],"predecessor-version":[{"id":33105,"href":"https:\/\/www.bellunopress.it\/fr\/wp-json\/wp\/v2\/posts\/33104\/revisions\/33105"}],"wp:attachment":[{"href":"https:\/\/www.bellunopress.it\/fr\/wp-json\/wp\/v2\/media?parent=33104"}],"wp:term":[{"taxonomy":"category","embeddable":true,"href":"https:\/\/www.bellunopress.it\/fr\/wp-json\/wp\/v2\/categories?post=33104"},{"taxonomy":"post_tag","embeddable":true,"href":"https:\/\/www.bellunopress.it\/fr\/wp-json\/wp\/v2\/tags?post=33104"}],"curies":[{"name":"wp","href":"https:\/\/api.w.org\/{rel}","templated":true}]}}