{"id":31804,"date":"2011-10-25T19:49:18","date_gmt":"2011-10-25T18:49:18","guid":{"rendered":"http:\/\/www.bellunopress.it\/?p=31804"},"modified":"2011-10-25T19:49:18","modified_gmt":"2011-10-25T18:49:18","slug":"la-statua-di-pomodoro-%c2%absindaco-la-lasci-dove-a-futura-memoria-di-una-salatissima-gaffe%c2%bb-parola-di-aldo-busi","status":"publish","type":"post","link":"https:\/\/www.bellunopress.it\/fr\/2011\/10\/25\/la-statua-di-pomodoro-%c2%absindaco-la-lasci-dove-a-futura-memoria-di-una-salatissima-gaffe%c2%bb-parola-di-aldo-busi\/","title":{"rendered":"La statua di Pomodoro? \u00abSindaco, la lasci dov&#8217;\u00e8, a futura memoria di una salatissima gaffe\u00bb parola di Aldo Busi"},"content":{"rendered":"<p><a href=\"http:\/\/www.bellunopress.it\/wp-content\/uploads\/2010\/06\/statua-pomodoro.jpg\"><img loading=\"lazy\" decoding=\"async\" class=\"alignleft size-full wp-image-16157\" title=\"statua-pomodoro\" src=\"http:\/\/www.bellunopress.it\/wp-content\/uploads\/2010\/06\/statua-pomodoro.jpg\" alt=\"\" width=\"185\" height=\"280\" \/><\/a><\/p>\n<figure id=\"attachment_31805\" aria-describedby=\"caption-attachment-31805\" style=\"width: 111px\" class=\"wp-caption alignright\"><a href=\"http:\/\/www.bellunopress.it\/wp-content\/uploads\/2011\/10\/aldo-busi.jpg\"><img loading=\"lazy\" decoding=\"async\" class=\"size-full wp-image-31805\" title=\"aldo busi\" src=\"http:\/\/www.bellunopress.it\/wp-content\/uploads\/2011\/10\/aldo-busi.jpg\" alt=\"\" width=\"111\" height=\"150\" \/><\/a><figcaption id=\"caption-attachment-31805\" class=\"wp-caption-text\">Aldo Busi<\/figcaption><\/figure>\n<p>Aldo Busi, scrittore, traduttore, Premio Mondello 1984, opinionista, dalla rubrica \u201cBusi e altri abusi\u201d sul sito Dagospia scrive alcune considerazioni sull&#8217;opera \u201cNovecento\u201ddi Arnaldo Pomodoro esposta davanti a Porta Dante: \u00abSarebbe interessante sapere perch\u00e9 in un dato momento storico la giunta comunale di Belluno spende \u20ac 292.600 per una scultura di Arnaldo Pomodoro &#8211; si chiede Busi &#8211;\u00a0 e chi si incarica di decretarne la necessit\u00e0 estetica prioritaria nel bilancio comunale all&#8217;etica fondativa di un asilo, di una scuola, di un consultorio, di una casa di accoglienza per mogli picchiate etc.\u00a0 E, soprattutto, con quale leggerezza una giunta si espone alla figuraccia di valutare una simile opera\u00a0 400.000 euro quale base d&#8217;asta, finendo invenduta e indesiderata\u00bb. L&#8217;asta pubblica infatti, conclusasi l&#8217;11 ottobre scorso, \u00e8 andata deserta. La base d&#8217;asta era stata fissata in 400 mila euro per cercare di recuperare l&#8217;intera somma che coster\u00e0 la statua al Comune di Belluno, ossia i 292.600 euro finanziati attraverso un mutuo di 15 anni con la Cassa Depositi e Prestiti per un totale di 400.751,84 euro. Prosegue Aldo Busi \u00abArnaldo Pomodoro (1926) molto ha vissuto e prodotto e parimenti si \u00e8 inflazionato, le sue statue te le trovi davanti ovunque, qui e l\u00e0 per il mondo. Sindaco, lasci la statua dov&#8217;\u00e8 a imperitura memoria di una salatissima gaffe\u00bb.<\/p>\n<p>Fonte: <a href=\"http:\/\/www.dagospia.com\/rubrica-1\/varie\/1-busi-e-altri-abusi-sarebbe-interessante-sapere-perch-in-un-dato-momento-storico-31362.htm\">http:\/\/www.dagospia.com\/rubrica-1\/varie\/1-busi-e-altri-abusi-sarebbe-interessante-sapere-perch-in-un-dato-momento-storico-31362.htm<\/a><\/p>\n<p>vedi anche sull&#8217;argomento:<br \/>\n<a href=\"http:\/\/www.ilsole24ore.com\/art\/commenti-e-idee\/2011-10-24\/larte-cassa-sanare-bilanci-084600.shtml?uuid=AaW1NWFE\">http:\/\/www.ilsole24ore.com\/art\/commenti-e-idee\/2011-10-24\/larte-cassa-sanare-bilanci-084600.shtml?uuid=AaW1NWFE<\/a><\/p>\n<p>&nbsp;<\/p>\n<p>&nbsp;<\/p>","protected":false},"excerpt":{"rendered":"<p>Aldo Busi, scrittore, traduttore, Premio Mondello 1984, opinionista, dalla rubrica \u201cBusi e altri abusi\u201d sul sito Dagospia scrive alcune considerazioni sull&#8217;opera \u201cNovecento\u201ddi Arnaldo Pomodoro esposta davanti a Porta Dante: \u00abSarebbe interessante sapere perch\u00e9 in un dato momento storico la giunta comunale di Belluno spende \u20ac 292.600 per una scultura di Arnaldo Pomodoro &#8211; si chiede [&hellip;]<\/p>\n","protected":false},"author":2,"featured_media":0,"comment_status":"closed","ping_status":"open","sticky":false,"template":"","format":"standard","meta":{"footnotes":""},"categories":[3,5,26],"tags":[],"class_list":["post-31804","post","type-post","status-publish","format-standard","category-arte-cultura-spettacoli-scienza-archivi","category-cronaca","category-prima-pagina"],"yoast_head":"<!-- This site is optimized with the Yoast SEO plugin v28.4 - https:\/\/yoast.com\/product\/yoast-seo-wordpress\/ -->\n<title>La statua di Pomodoro? \u00abSindaco, la lasci dov&#039;\u00e8, a futura memoria di una salatissima gaffe\u00bb parola di Aldo Busi - Bellunopress - Dolomiti<\/title>\n<meta name=\"robots\" content=\"index, follow, max-snippet:-1, max-image-preview:large, max-video-preview:-1\" \/>\n<link rel=\"canonical\" href=\"https:\/\/www.bellunopress.it\/fr\/2011\/10\/25\/la-statua-di-pomodoro-\u00absindaco-la-lasci-dove-a-futura-memoria-di-una-salatissima-gaffe\u00bb-parola-di-aldo-busi\/\" \/>\n<meta property=\"og:locale\" content=\"fr_FR\" \/>\n<meta property=\"og:type\" content=\"article\" \/>\n<meta property=\"og:title\" content=\"La statua di Pomodoro? \u00abSindaco, la lasci dov&#039;\u00e8, a futura memoria di una salatissima gaffe\u00bb parola di Aldo Busi - Bellunopress - Dolomiti\" \/>\n<meta property=\"og:description\" content=\"Aldo Busi, scrittore, traduttore, Premio Mondello 1984, opinionista, dalla rubrica \u201cBusi e altri abusi\u201d sul sito Dagospia scrive alcune considerazioni sull&#8217;opera \u201cNovecento\u201ddi Arnaldo Pomodoro esposta davanti a Porta Dante: \u00abSarebbe interessante sapere perch\u00e9 in un dato momento storico la giunta comunale di Belluno spende \u20ac 292.600 per una scultura di Arnaldo Pomodoro &#8211; si chiede [&hellip;]\" \/>\n<meta property=\"og:url\" content=\"https:\/\/www.bellunopress.it\/fr\/2011\/10\/25\/la-statua-di-pomodoro-\u00absindaco-la-lasci-dove-a-futura-memoria-di-una-salatissima-gaffe\u00bb-parola-di-aldo-busi\/\" \/>\n<meta property=\"og:site_name\" content=\"Bellunopress - Dolomiti\" \/>\n<meta property=\"article:publisher\" content=\"https:\/\/www.facebook.com\/profile.php?id=100008943462799\" \/>\n<meta property=\"article:published_time\" content=\"2011-10-25T18:49:18+00:00\" \/>\n<meta property=\"og:image\" content=\"http:\/\/www.bellunopress.it\/wp-content\/uploads\/2010\/06\/statua-pomodoro.jpg\" \/>\n<meta name=\"author\" content=\"redazione\" \/>\n<meta name=\"twitter:card\" content=\"summary_large_image\" \/>\n<meta name=\"twitter:creator\" content=\"@bellunopress\" \/>\n<meta name=\"twitter:site\" content=\"@bellunopress\" \/>\n<meta name=\"twitter:label1\" content=\"\u00c9crit par\" \/>\n\t<meta name=\"twitter:data1\" content=\"redazione\" \/>\n\t<meta name=\"twitter:label2\" content=\"Dur\u00e9e de lecture estim\u00e9e\" \/>\n\t<meta name=\"twitter:data2\" content=\"1 minute\" \/>\n<script type=\"application\/ld+json\" class=\"yoast-schema-graph\">{\"@context\":\"https:\\\/\\\/schema.org\",\"@graph\":[{\"@type\":\"Article\",\"@id\":\"https:\\\/\\\/www.bellunopress.it\\\/2011\\\/10\\\/25\\\/la-statua-di-pomodoro-%c2%absindaco-la-lasci-dove-a-futura-memoria-di-una-salatissima-gaffe%c2%bb-parola-di-aldo-busi\\\/#article\",\"isPartOf\":{\"@id\":\"https:\\\/\\\/www.bellunopress.it\\\/2011\\\/10\\\/25\\\/la-statua-di-pomodoro-%c2%absindaco-la-lasci-dove-a-futura-memoria-di-una-salatissima-gaffe%c2%bb-parola-di-aldo-busi\\\/\"},\"author\":{\"name\":\"redazione\",\"@id\":\"https:\\\/\\\/www.bellunopress.it\\\/#\\\/schema\\\/person\\\/79bb06722b37ece1c03d3e94beb30d73\"},\"headline\":\"La statua di Pomodoro? \u00abSindaco, la lasci dov&#8217;\u00e8, a futura memoria di una salatissima gaffe\u00bb parola di Aldo Busi\",\"datePublished\":\"2011-10-25T18:49:18+00:00\",\"mainEntityOfPage\":{\"@id\":\"https:\\\/\\\/www.bellunopress.it\\\/2011\\\/10\\\/25\\\/la-statua-di-pomodoro-%c2%absindaco-la-lasci-dove-a-futura-memoria-di-una-salatissima-gaffe%c2%bb-parola-di-aldo-busi\\\/\"},\"wordCount\":268,\"publisher\":{\"@id\":\"https:\\\/\\\/www.bellunopress.it\\\/#organization\"},\"image\":{\"@id\":\"https:\\\/\\\/www.bellunopress.it\\\/2011\\\/10\\\/25\\\/la-statua-di-pomodoro-%c2%absindaco-la-lasci-dove-a-futura-memoria-di-una-salatissima-gaffe%c2%bb-parola-di-aldo-busi\\\/#primaryimage\"},\"thumbnailUrl\":\"http:\\\/\\\/www.bellunopress.it\\\/wp-content\\\/uploads\\\/2010\\\/06\\\/statua-pomodoro.jpg\",\"articleSection\":[\"Arte, Cultura, Spettacoli, Scienza\",\"Cronaca\\\/Politica\",\"Prima Pagina\"],\"inLanguage\":\"fr-FR\"},{\"@type\":\"WebPage\",\"@id\":\"https:\\\/\\\/www.bellunopress.it\\\/2011\\\/10\\\/25\\\/la-statua-di-pomodoro-%c2%absindaco-la-lasci-dove-a-futura-memoria-di-una-salatissima-gaffe%c2%bb-parola-di-aldo-busi\\\/\",\"url\":\"https:\\\/\\\/www.bellunopress.it\\\/2011\\\/10\\\/25\\\/la-statua-di-pomodoro-%c2%absindaco-la-lasci-dove-a-futura-memoria-di-una-salatissima-gaffe%c2%bb-parola-di-aldo-busi\\\/\",\"name\":\"La statua di Pomodoro? \u00abSindaco, la lasci dov'\u00e8, a futura memoria di una salatissima gaffe\u00bb parola di Aldo Busi - Bellunopress - Dolomiti\",\"isPartOf\":{\"@id\":\"https:\\\/\\\/www.bellunopress.it\\\/#website\"},\"primaryImageOfPage\":{\"@id\":\"https:\\\/\\\/www.bellunopress.it\\\/2011\\\/10\\\/25\\\/la-statua-di-pomodoro-%c2%absindaco-la-lasci-dove-a-futura-memoria-di-una-salatissima-gaffe%c2%bb-parola-di-aldo-busi\\\/#primaryimage\"},\"image\":{\"@id\":\"https:\\\/\\\/www.bellunopress.it\\\/2011\\\/10\\\/25\\\/la-statua-di-pomodoro-%c2%absindaco-la-lasci-dove-a-futura-memoria-di-una-salatissima-gaffe%c2%bb-parola-di-aldo-busi\\\/#primaryimage\"},\"thumbnailUrl\":\"http:\\\/\\\/www.bellunopress.it\\\/wp-content\\\/uploads\\\/2010\\\/06\\\/statua-pomodoro.jpg\",\"datePublished\":\"2011-10-25T18:49:18+00:00\",\"breadcrumb\":{\"@id\":\"https:\\\/\\\/www.bellunopress.it\\\/2011\\\/10\\\/25\\\/la-statua-di-pomodoro-%c2%absindaco-la-lasci-dove-a-futura-memoria-di-una-salatissima-gaffe%c2%bb-parola-di-aldo-busi\\\/#breadcrumb\"},\"inLanguage\":\"fr-FR\",\"potentialAction\":[{\"@type\":\"ReadAction\",\"target\":[\"https:\\\/\\\/www.bellunopress.it\\\/2011\\\/10\\\/25\\\/la-statua-di-pomodoro-%c2%absindaco-la-lasci-dove-a-futura-memoria-di-una-salatissima-gaffe%c2%bb-parola-di-aldo-busi\\\/\"]}]},{\"@type\":\"ImageObject\",\"inLanguage\":\"fr-FR\",\"@id\":\"https:\\\/\\\/www.bellunopress.it\\\/2011\\\/10\\\/25\\\/la-statua-di-pomodoro-%c2%absindaco-la-lasci-dove-a-futura-memoria-di-una-salatissima-gaffe%c2%bb-parola-di-aldo-busi\\\/#primaryimage\",\"url\":\"http:\\\/\\\/www.bellunopress.it\\\/wp-content\\\/uploads\\\/2010\\\/06\\\/statua-pomodoro.jpg\",\"contentUrl\":\"http:\\\/\\\/www.bellunopress.it\\\/wp-content\\\/uploads\\\/2010\\\/06\\\/statua-pomodoro.jpg\"},{\"@type\":\"BreadcrumbList\",\"@id\":\"https:\\\/\\\/www.bellunopress.it\\\/2011\\\/10\\\/25\\\/la-statua-di-pomodoro-%c2%absindaco-la-lasci-dove-a-futura-memoria-di-una-salatissima-gaffe%c2%bb-parola-di-aldo-busi\\\/#breadcrumb\",\"itemListElement\":[{\"@type\":\"ListItem\",\"position\":1,\"name\":\"Home\",\"item\":\"https:\\\/\\\/www.bellunopress.it\\\/\"},{\"@type\":\"ListItem\",\"position\":2,\"name\":\"La statua di Pomodoro? \u00abSindaco, la lasci dov&#8217;\u00e8, a futura memoria di una salatissima gaffe\u00bb parola di Aldo Busi\"}]},{\"@type\":\"WebSite\",\"@id\":\"https:\\\/\\\/www.bellunopress.it\\\/#website\",\"url\":\"https:\\\/\\\/www.bellunopress.it\\\/\",\"name\":\"Bellunopress - Dolomiti\",\"description\":\"e-mail: redazione@bellunopress.it\",\"publisher\":{\"@id\":\"https:\\\/\\\/www.bellunopress.it\\\/#organization\"},\"potentialAction\":[{\"@type\":\"SearchAction\",\"target\":{\"@type\":\"EntryPoint\",\"urlTemplate\":\"https:\\\/\\\/www.bellunopress.it\\\/?s={search_term_string}\"},\"query-input\":{\"@type\":\"PropertyValueSpecification\",\"valueRequired\":true,\"valueName\":\"search_term_string\"}}],\"inLanguage\":\"fr-FR\"},{\"@type\":\"Organization\",\"@id\":\"https:\\\/\\\/www.bellunopress.it\\\/#organization\",\"name\":\"Bellunopress\",\"url\":\"https:\\\/\\\/www.bellunopress.it\\\/\",\"logo\":{\"@type\":\"ImageObject\",\"inLanguage\":\"fr-FR\",\"@id\":\"https:\\\/\\\/www.bellunopress.it\\\/#\\\/schema\\\/logo\\\/image\\\/\",\"url\":\"https:\\\/\\\/www.bellunopress.it\\\/wp-content\\\/uploads\\\/2011\\\/05\\\/cropped-logo-bellunopress-.jpg\",\"contentUrl\":\"https:\\\/\\\/www.bellunopress.it\\\/wp-content\\\/uploads\\\/2011\\\/05\\\/cropped-logo-bellunopress-.jpg\",\"width\":512,\"height\":512,\"caption\":\"Bellunopress\"},\"image\":{\"@id\":\"https:\\\/\\\/www.bellunopress.it\\\/#\\\/schema\\\/logo\\\/image\\\/\"},\"sameAs\":[\"https:\\\/\\\/www.facebook.com\\\/profile.php?id=100008943462799\",\"https:\\\/\\\/x.com\\\/bellunopress\",\"https:\\\/\\\/www.linkedin.com\\\/hp\\\/?dnr=JBzUWaJfMUw8vbXJJ2tVW5-I3jZKvC4wsoxE&amp;amp;amp;amp;amp;amp;trk=nav_responsive_tab_home\",\"https:\\\/\\\/www.youtube.com\\\/channel\\\/UCxL0wu1uN0_3_7hGG0306cw\"]},{\"@type\":\"Person\",\"@id\":\"https:\\\/\\\/www.bellunopress.it\\\/#\\\/schema\\\/person\\\/79bb06722b37ece1c03d3e94beb30d73\",\"name\":\"redazione\",\"image\":{\"@type\":\"ImageObject\",\"inLanguage\":\"fr-FR\",\"@id\":\"https:\\\/\\\/secure.gravatar.com\\\/avatar\\\/37d968a2e67a6fd04c169c4bdef102d0bc5d31b2546345219e348575eb80e9a0?s=96&d=mm&r=g\",\"url\":\"https:\\\/\\\/secure.gravatar.com\\\/avatar\\\/37d968a2e67a6fd04c169c4bdef102d0bc5d31b2546345219e348575eb80e9a0?s=96&d=mm&r=g\",\"contentUrl\":\"https:\\\/\\\/secure.gravatar.com\\\/avatar\\\/37d968a2e67a6fd04c169c4bdef102d0bc5d31b2546345219e348575eb80e9a0?s=96&d=mm&r=g\",\"caption\":\"redazione\"},\"sameAs\":[\"http:\\\/\\\/www.bellunopress.it\",\"https:\\\/\\\/x.com\\\/bellunopress\"],\"url\":\"https:\\\/\\\/www.bellunopress.it\\\/fr\\\/author\\\/redazione\\\/\"}]}<\/script>\n<!-- \/ Yoast SEO plugin. -->","yoast_head_json":{"title":"La statua di Pomodoro? \u00abSindaco, la lasci dov'\u00e8, a futura memoria di una salatissima gaffe\u00bb parola di Aldo Busi - Bellunopress - Dolomiti","robots":{"index":"index","follow":"follow","max-snippet":"max-snippet:-1","max-image-preview":"max-image-preview:large","max-video-preview":"max-video-preview:-1"},"canonical":"https:\/\/www.bellunopress.it\/fr\/2011\/10\/25\/la-statua-di-pomodoro-\u00absindaco-la-lasci-dove-a-futura-memoria-di-una-salatissima-gaffe\u00bb-parola-di-aldo-busi\/","og_locale":"fr_FR","og_type":"article","og_title":"La statua di Pomodoro? \u00abSindaco, la lasci dov'\u00e8, a futura memoria di una salatissima gaffe\u00bb parola di Aldo Busi - Bellunopress - Dolomiti","og_description":"Aldo Busi, scrittore, traduttore, Premio Mondello 1984, opinionista, dalla rubrica \u201cBusi e altri abusi\u201d sul sito Dagospia scrive alcune considerazioni sull&#8217;opera \u201cNovecento\u201ddi Arnaldo Pomodoro esposta davanti a Porta Dante: \u00abSarebbe interessante sapere perch\u00e9 in un dato momento storico la giunta comunale di Belluno spende \u20ac 292.600 per una scultura di Arnaldo Pomodoro &#8211; si chiede [&hellip;]","og_url":"https:\/\/www.bellunopress.it\/fr\/2011\/10\/25\/la-statua-di-pomodoro-\u00absindaco-la-lasci-dove-a-futura-memoria-di-una-salatissima-gaffe\u00bb-parola-di-aldo-busi\/","og_site_name":"Bellunopress - Dolomiti","article_publisher":"https:\/\/www.facebook.com\/profile.php?id=100008943462799","article_published_time":"2011-10-25T18:49:18+00:00","og_image":[{"url":"http:\/\/www.bellunopress.it\/wp-content\/uploads\/2010\/06\/statua-pomodoro.jpg","type":"","width":"","height":""}],"author":"redazione","twitter_card":"summary_large_image","twitter_creator":"@bellunopress","twitter_site":"@bellunopress","twitter_misc":{"\u00c9crit par":"redazione","Dur\u00e9e de lecture estim\u00e9e":"1 minute"},"schema":{"@context":"https:\/\/schema.org","@graph":[{"@type":"Article","@id":"https:\/\/www.bellunopress.it\/2011\/10\/25\/la-statua-di-pomodoro-%c2%absindaco-la-lasci-dove-a-futura-memoria-di-una-salatissima-gaffe%c2%bb-parola-di-aldo-busi\/#article","isPartOf":{"@id":"https:\/\/www.bellunopress.it\/2011\/10\/25\/la-statua-di-pomodoro-%c2%absindaco-la-lasci-dove-a-futura-memoria-di-una-salatissima-gaffe%c2%bb-parola-di-aldo-busi\/"},"author":{"name":"redazione","@id":"https:\/\/www.bellunopress.it\/#\/schema\/person\/79bb06722b37ece1c03d3e94beb30d73"},"headline":"La statua di Pomodoro? \u00abSindaco, la lasci dov&#8217;\u00e8, a futura memoria di una salatissima gaffe\u00bb parola di Aldo Busi","datePublished":"2011-10-25T18:49:18+00:00","mainEntityOfPage":{"@id":"https:\/\/www.bellunopress.it\/2011\/10\/25\/la-statua-di-pomodoro-%c2%absindaco-la-lasci-dove-a-futura-memoria-di-una-salatissima-gaffe%c2%bb-parola-di-aldo-busi\/"},"wordCount":268,"publisher":{"@id":"https:\/\/www.bellunopress.it\/#organization"},"image":{"@id":"https:\/\/www.bellunopress.it\/2011\/10\/25\/la-statua-di-pomodoro-%c2%absindaco-la-lasci-dove-a-futura-memoria-di-una-salatissima-gaffe%c2%bb-parola-di-aldo-busi\/#primaryimage"},"thumbnailUrl":"http:\/\/www.bellunopress.it\/wp-content\/uploads\/2010\/06\/statua-pomodoro.jpg","articleSection":["Arte, Cultura, Spettacoli, Scienza","Cronaca\/Politica","Prima Pagina"],"inLanguage":"fr-FR"},{"@type":"WebPage","@id":"https:\/\/www.bellunopress.it\/2011\/10\/25\/la-statua-di-pomodoro-%c2%absindaco-la-lasci-dove-a-futura-memoria-di-una-salatissima-gaffe%c2%bb-parola-di-aldo-busi\/","url":"https:\/\/www.bellunopress.it\/2011\/10\/25\/la-statua-di-pomodoro-%c2%absindaco-la-lasci-dove-a-futura-memoria-di-una-salatissima-gaffe%c2%bb-parola-di-aldo-busi\/","name":"La statua di Pomodoro? \u00abSindaco, la lasci dov'\u00e8, a futura memoria di una salatissima gaffe\u00bb parola di Aldo Busi - Bellunopress - Dolomiti","isPartOf":{"@id":"https:\/\/www.bellunopress.it\/#website"},"primaryImageOfPage":{"@id":"https:\/\/www.bellunopress.it\/2011\/10\/25\/la-statua-di-pomodoro-%c2%absindaco-la-lasci-dove-a-futura-memoria-di-una-salatissima-gaffe%c2%bb-parola-di-aldo-busi\/#primaryimage"},"image":{"@id":"https:\/\/www.bellunopress.it\/2011\/10\/25\/la-statua-di-pomodoro-%c2%absindaco-la-lasci-dove-a-futura-memoria-di-una-salatissima-gaffe%c2%bb-parola-di-aldo-busi\/#primaryimage"},"thumbnailUrl":"http:\/\/www.bellunopress.it\/wp-content\/uploads\/2010\/06\/statua-pomodoro.jpg","datePublished":"2011-10-25T18:49:18+00:00","breadcrumb":{"@id":"https:\/\/www.bellunopress.it\/2011\/10\/25\/la-statua-di-pomodoro-%c2%absindaco-la-lasci-dove-a-futura-memoria-di-una-salatissima-gaffe%c2%bb-parola-di-aldo-busi\/#breadcrumb"},"inLanguage":"fr-FR","potentialAction":[{"@type":"ReadAction","target":["https:\/\/www.bellunopress.it\/2011\/10\/25\/la-statua-di-pomodoro-%c2%absindaco-la-lasci-dove-a-futura-memoria-di-una-salatissima-gaffe%c2%bb-parola-di-aldo-busi\/"]}]},{"@type":"ImageObject","inLanguage":"fr-FR","@id":"https:\/\/www.bellunopress.it\/2011\/10\/25\/la-statua-di-pomodoro-%c2%absindaco-la-lasci-dove-a-futura-memoria-di-una-salatissima-gaffe%c2%bb-parola-di-aldo-busi\/#primaryimage","url":"http:\/\/www.bellunopress.it\/wp-content\/uploads\/2010\/06\/statua-pomodoro.jpg","contentUrl":"http:\/\/www.bellunopress.it\/wp-content\/uploads\/2010\/06\/statua-pomodoro.jpg"},{"@type":"BreadcrumbList","@id":"https:\/\/www.bellunopress.it\/2011\/10\/25\/la-statua-di-pomodoro-%c2%absindaco-la-lasci-dove-a-futura-memoria-di-una-salatissima-gaffe%c2%bb-parola-di-aldo-busi\/#breadcrumb","itemListElement":[{"@type":"ListItem","position":1,"name":"Home","item":"https:\/\/www.bellunopress.it\/"},{"@type":"ListItem","position":2,"name":"La statua di Pomodoro? \u00abSindaco, la lasci dov&#8217;\u00e8, a futura memoria di una salatissima gaffe\u00bb parola di Aldo Busi"}]},{"@type":"WebSite","@id":"https:\/\/www.bellunopress.it\/#website","url":"https:\/\/www.bellunopress.it\/","name":"Bellunopress - Dolomiti","description":"e-mail: redazione@bellunopress.it","publisher":{"@id":"https:\/\/www.bellunopress.it\/#organization"},"potentialAction":[{"@type":"SearchAction","target":{"@type":"EntryPoint","urlTemplate":"https:\/\/www.bellunopress.it\/?s={search_term_string}"},"query-input":{"@type":"PropertyValueSpecification","valueRequired":true,"valueName":"search_term_string"}}],"inLanguage":"fr-FR"},{"@type":"Organization","@id":"https:\/\/www.bellunopress.it\/#organization","name":"Bellunopress","url":"https:\/\/www.bellunopress.it\/","logo":{"@type":"ImageObject","inLanguage":"fr-FR","@id":"https:\/\/www.bellunopress.it\/#\/schema\/logo\/image\/","url":"https:\/\/www.bellunopress.it\/wp-content\/uploads\/2011\/05\/cropped-logo-bellunopress-.jpg","contentUrl":"https:\/\/www.bellunopress.it\/wp-content\/uploads\/2011\/05\/cropped-logo-bellunopress-.jpg","width":512,"height":512,"caption":"Bellunopress"},"image":{"@id":"https:\/\/www.bellunopress.it\/#\/schema\/logo\/image\/"},"sameAs":["https:\/\/www.facebook.com\/profile.php?id=100008943462799","https:\/\/x.com\/bellunopress","https:\/\/www.linkedin.com\/hp\/?dnr=JBzUWaJfMUw8vbXJJ2tVW5-I3jZKvC4wsoxE&amp;amp;amp;amp;amp;amp;trk=nav_responsive_tab_home","https:\/\/www.youtube.com\/channel\/UCxL0wu1uN0_3_7hGG0306cw"]},{"@type":"Person","@id":"https:\/\/www.bellunopress.it\/#\/schema\/person\/79bb06722b37ece1c03d3e94beb30d73","name":"r\u00e9daction","image":{"@type":"ImageObject","inLanguage":"fr-FR","@id":"https:\/\/secure.gravatar.com\/avatar\/37d968a2e67a6fd04c169c4bdef102d0bc5d31b2546345219e348575eb80e9a0?s=96&d=mm&r=g","url":"https:\/\/secure.gravatar.com\/avatar\/37d968a2e67a6fd04c169c4bdef102d0bc5d31b2546345219e348575eb80e9a0?s=96&d=mm&r=g","contentUrl":"https:\/\/secure.gravatar.com\/avatar\/37d968a2e67a6fd04c169c4bdef102d0bc5d31b2546345219e348575eb80e9a0?s=96&d=mm&r=g","caption":"redazione"},"sameAs":["http:\/\/www.bellunopress.it","https:\/\/x.com\/bellunopress"],"url":"https:\/\/www.bellunopress.it\/fr\/author\/redazione\/"}]}},"_links":{"self":[{"href":"https:\/\/www.bellunopress.it\/fr\/wp-json\/wp\/v2\/posts\/31804","targetHints":{"allow":["GET"]}}],"collection":[{"href":"https:\/\/www.bellunopress.it\/fr\/wp-json\/wp\/v2\/posts"}],"about":[{"href":"https:\/\/www.bellunopress.it\/fr\/wp-json\/wp\/v2\/types\/post"}],"author":[{"embeddable":true,"href":"https:\/\/www.bellunopress.it\/fr\/wp-json\/wp\/v2\/users\/2"}],"replies":[{"embeddable":true,"href":"https:\/\/www.bellunopress.it\/fr\/wp-json\/wp\/v2\/comments?post=31804"}],"version-history":[{"count":1,"href":"https:\/\/www.bellunopress.it\/fr\/wp-json\/wp\/v2\/posts\/31804\/revisions"}],"predecessor-version":[{"id":31806,"href":"https:\/\/www.bellunopress.it\/fr\/wp-json\/wp\/v2\/posts\/31804\/revisions\/31806"}],"wp:attachment":[{"href":"https:\/\/www.bellunopress.it\/fr\/wp-json\/wp\/v2\/media?parent=31804"}],"wp:term":[{"taxonomy":"category","embeddable":true,"href":"https:\/\/www.bellunopress.it\/fr\/wp-json\/wp\/v2\/categories?post=31804"},{"taxonomy":"post_tag","embeddable":true,"href":"https:\/\/www.bellunopress.it\/fr\/wp-json\/wp\/v2\/tags?post=31804"}],"curies":[{"name":"wp","href":"https:\/\/api.w.org\/{rel}","templated":true}]}}