{"id":31802,"date":"2011-10-25T19:16:58","date_gmt":"2011-10-25T18:16:58","guid":{"rendered":"http:\/\/www.bellunopress.it\/?p=31802"},"modified":"2011-10-25T19:16:58","modified_gmt":"2011-10-25T18:16:58","slug":"il-pd-scalda-i-motori-in-preparazione-delle-amministrative-2012","status":"publish","type":"post","link":"https:\/\/www.bellunopress.it\/fr\/2011\/10\/25\/il-pd-scalda-i-motori-in-preparazione-delle-amministrative-2012\/","title":{"rendered":"Il Pd scalda i motori in preparazione delle amministrative 2012"},"content":{"rendered":"<p><a href=\"http:\/\/www.bellunopress.it\/wp-content\/uploads\/2009\/10\/logo_pd-leggerissima.jpg\"><img loading=\"lazy\" decoding=\"async\" class=\"alignleft size-full wp-image-9341\" title=\"logo_pd-leggerissima\" src=\"http:\/\/www.bellunopress.it\/wp-content\/uploads\/2009\/10\/logo_pd-leggerissima.jpg\" alt=\"\" width=\"110\" height=\"89\" \/><\/a>Sabato 22 ottobre si svolta l\u2019assemblea degli iscritti dell\u2019Unione Comunale del Partito Democratico di Belluno. L\u2019occasione \u00e8 stata utile per una rendicontazione agli iscritti del percorso fatto in vista delle prossime Amministrative ma anche delle iniziative politiche e che hanno visto l\u2019Unione comunale e i quattro circoli cittadini (Castion, Mussoi, Centro storico e Cavarzano) in prima linea\u00a0 su temi riguardanti la nostra citt\u00e0. Come lo spostamento della sede Usl o le problematiche relative alla Sersa o a\u00a0 supporto alle mobilitazioni civiche e trasversali quali \u201cSenonoraquando\u201d del 13 febbraio, la difesa della costituzione, i referendum contro la privatizzazione dell\u2019acqua e il nucleare, quello per l\u2019autonomia della provincia e quello per eliminare sistema elettorale \u201cPorcellum\u201d. Parallelamente si \u00e8 avviato il confronto con le forze politiche e con le associazioni economiche per definire metodi e contenuti finalizzati alla costruzione di\u00a0 un progetto di citt\u00e0 capace, contestualmente, di essere adeguato al momento socioeconomico e di avere una prospettiva ampia sia in termini di tempo che di spazio. Progetto che evidenzia la necessit\u00e0 di un nuovo ruolo per il Capoluogo, capofila di un sistema territoriale per la cui sopravvivenza \u00e8 urgente ed improcrastinabile una spinta alla coesione e alla battaglia\u00a0 per una montagna abitata con il mantenimento dei servizi alla persona e adeguate politiche di autogoverno. Tutto questo \u00e8\u00a0 tanto pi\u00f9 urgente all\u2019indomani delle firme per referendum autonomista e dell\u2019approvazione dello statuto regionale.<br \/>\nGli iscritti oltre che\u00a0 sui temi da valorizzare nel progetto di citt\u00e0 presentato, hanno discusso di primarie e di alleanze. Le primarie, definite dallo statuto del PD per le carica elettiva quale sindaco e presidente di Provincia, sono la strada segnata\u00a0 e caratterizzante i processi democratici su cui si basa il partito , ma tutti concordano che devono essere fatte in\u00a0 tempi consoni e con\u00a0 modalit\u00e0 garanti dei comportamenti e dei rapporti tra candidati e tra forze politiche. A tal proposito si \u00e8 definito un regolamento per il loro svolgimento.\u00a0 Detto ci\u00f2 il partito, pur pronto a fare le primarie gi\u00e0\u00a0 prima del periodo natalizio\u00a0 ha deciso di valutare\u00a0 e definire tempi, metodi e\u00a0 contenuti\u00a0 quando si saranno conclusi gli incontri in corso con le altre forze politiche e utili alla migliore e pi\u00f9 ampia coalizione e quando si saranno\u00a0 vagliate le conseguenze e i possibili mutamenti del\u00a0 contesto politico provinciale .\u00a0 Gi\u00e0 la settimana prossima si proseguiranno i lavori in direzione e, a brevissimo, la nuova assemblea in cui si chiuderanno le questioni ancora aperte.<\/p>","protected":false},"excerpt":{"rendered":"<p>Sabato 22 ottobre si svolta l\u2019assemblea degli iscritti dell\u2019Unione Comunale del Partito Democratico di Belluno. L\u2019occasione \u00e8 stata utile per una rendicontazione agli iscritti del percorso fatto in vista delle prossime Amministrative ma anche delle iniziative politiche e che hanno visto l\u2019Unione comunale e i quattro circoli cittadini (Castion, Mussoi, Centro storico e Cavarzano) in [&hellip;]<\/p>\n","protected":false},"author":2,"featured_media":0,"comment_status":"closed","ping_status":"open","sticky":false,"template":"","format":"standard","meta":{"footnotes":""},"categories":[5,26],"tags":[],"class_list":["post-31802","post","type-post","status-publish","format-standard","category-cronaca","category-prima-pagina"],"yoast_head":"<!-- This site is optimized with the Yoast SEO plugin v28.4 - https:\/\/yoast.com\/product\/yoast-seo-wordpress\/ -->\n<title>Il Pd scalda i motori in preparazione delle amministrative 2012  - Bellunopress - Dolomiti<\/title>\n<meta name=\"robots\" content=\"index, follow, max-snippet:-1, max-image-preview:large, max-video-preview:-1\" \/>\n<link rel=\"canonical\" href=\"https:\/\/www.bellunopress.it\/fr\/2011\/10\/25\/il-pd-scalda-i-motori-in-preparazione-delle-amministrative-2012\/\" \/>\n<meta property=\"og:locale\" content=\"fr_FR\" \/>\n<meta property=\"og:type\" content=\"article\" \/>\n<meta property=\"og:title\" content=\"Il Pd scalda i motori in preparazione delle amministrative 2012  - Bellunopress - Dolomiti\" \/>\n<meta property=\"og:description\" content=\"Sabato 22 ottobre si svolta l\u2019assemblea degli iscritti dell\u2019Unione Comunale del Partito Democratico di Belluno. L\u2019occasione \u00e8 stata utile per una rendicontazione agli iscritti del percorso fatto in vista delle prossime Amministrative ma anche delle iniziative politiche e che hanno visto l\u2019Unione comunale e i quattro circoli cittadini (Castion, Mussoi, Centro storico e Cavarzano) in [&hellip;]\" \/>\n<meta property=\"og:url\" content=\"https:\/\/www.bellunopress.it\/fr\/2011\/10\/25\/il-pd-scalda-i-motori-in-preparazione-delle-amministrative-2012\/\" \/>\n<meta property=\"og:site_name\" content=\"Bellunopress - Dolomiti\" \/>\n<meta property=\"article:publisher\" content=\"https:\/\/www.facebook.com\/profile.php?id=100008943462799\" \/>\n<meta property=\"article:published_time\" content=\"2011-10-25T18:16:58+00:00\" \/>\n<meta property=\"og:image\" content=\"http:\/\/www.bellunopress.it\/wp-content\/uploads\/2009\/10\/logo_pd-leggerissima.jpg\" \/>\n<meta name=\"author\" content=\"redazione\" \/>\n<meta name=\"twitter:card\" content=\"summary_large_image\" \/>\n<meta name=\"twitter:creator\" content=\"@bellunopress\" \/>\n<meta name=\"twitter:site\" content=\"@bellunopress\" \/>\n<meta name=\"twitter:label1\" content=\"\u00c9crit par\" \/>\n\t<meta name=\"twitter:data1\" content=\"redazione\" \/>\n\t<meta name=\"twitter:label2\" content=\"Dur\u00e9e de lecture estim\u00e9e\" \/>\n\t<meta name=\"twitter:data2\" content=\"2 minutes\" \/>\n<script type=\"application\/ld+json\" class=\"yoast-schema-graph\">{\"@context\":\"https:\\\/\\\/schema.org\",\"@graph\":[{\"@type\":\"Article\",\"@id\":\"https:\\\/\\\/www.bellunopress.it\\\/2011\\\/10\\\/25\\\/il-pd-scalda-i-motori-in-preparazione-delle-amministrative-2012\\\/#article\",\"isPartOf\":{\"@id\":\"https:\\\/\\\/www.bellunopress.it\\\/2011\\\/10\\\/25\\\/il-pd-scalda-i-motori-in-preparazione-delle-amministrative-2012\\\/\"},\"author\":{\"name\":\"redazione\",\"@id\":\"https:\\\/\\\/www.bellunopress.it\\\/#\\\/schema\\\/person\\\/79bb06722b37ece1c03d3e94beb30d73\"},\"headline\":\"Il Pd scalda i motori in preparazione delle amministrative 2012\",\"datePublished\":\"2011-10-25T18:16:58+00:00\",\"mainEntityOfPage\":{\"@id\":\"https:\\\/\\\/www.bellunopress.it\\\/2011\\\/10\\\/25\\\/il-pd-scalda-i-motori-in-preparazione-delle-amministrative-2012\\\/\"},\"wordCount\":412,\"publisher\":{\"@id\":\"https:\\\/\\\/www.bellunopress.it\\\/#organization\"},\"image\":{\"@id\":\"https:\\\/\\\/www.bellunopress.it\\\/2011\\\/10\\\/25\\\/il-pd-scalda-i-motori-in-preparazione-delle-amministrative-2012\\\/#primaryimage\"},\"thumbnailUrl\":\"http:\\\/\\\/www.bellunopress.it\\\/wp-content\\\/uploads\\\/2009\\\/10\\\/logo_pd-leggerissima.jpg\",\"articleSection\":[\"Cronaca\\\/Politica\",\"Prima Pagina\"],\"inLanguage\":\"fr-FR\"},{\"@type\":\"WebPage\",\"@id\":\"https:\\\/\\\/www.bellunopress.it\\\/2011\\\/10\\\/25\\\/il-pd-scalda-i-motori-in-preparazione-delle-amministrative-2012\\\/\",\"url\":\"https:\\\/\\\/www.bellunopress.it\\\/2011\\\/10\\\/25\\\/il-pd-scalda-i-motori-in-preparazione-delle-amministrative-2012\\\/\",\"name\":\"Il Pd scalda i motori in preparazione delle amministrative 2012 - Bellunopress - Dolomiti\",\"isPartOf\":{\"@id\":\"https:\\\/\\\/www.bellunopress.it\\\/#website\"},\"primaryImageOfPage\":{\"@id\":\"https:\\\/\\\/www.bellunopress.it\\\/2011\\\/10\\\/25\\\/il-pd-scalda-i-motori-in-preparazione-delle-amministrative-2012\\\/#primaryimage\"},\"image\":{\"@id\":\"https:\\\/\\\/www.bellunopress.it\\\/2011\\\/10\\\/25\\\/il-pd-scalda-i-motori-in-preparazione-delle-amministrative-2012\\\/#primaryimage\"},\"thumbnailUrl\":\"http:\\\/\\\/www.bellunopress.it\\\/wp-content\\\/uploads\\\/2009\\\/10\\\/logo_pd-leggerissima.jpg\",\"datePublished\":\"2011-10-25T18:16:58+00:00\",\"breadcrumb\":{\"@id\":\"https:\\\/\\\/www.bellunopress.it\\\/2011\\\/10\\\/25\\\/il-pd-scalda-i-motori-in-preparazione-delle-amministrative-2012\\\/#breadcrumb\"},\"inLanguage\":\"fr-FR\",\"potentialAction\":[{\"@type\":\"ReadAction\",\"target\":[\"https:\\\/\\\/www.bellunopress.it\\\/2011\\\/10\\\/25\\\/il-pd-scalda-i-motori-in-preparazione-delle-amministrative-2012\\\/\"]}]},{\"@type\":\"ImageObject\",\"inLanguage\":\"fr-FR\",\"@id\":\"https:\\\/\\\/www.bellunopress.it\\\/2011\\\/10\\\/25\\\/il-pd-scalda-i-motori-in-preparazione-delle-amministrative-2012\\\/#primaryimage\",\"url\":\"http:\\\/\\\/www.bellunopress.it\\\/wp-content\\\/uploads\\\/2009\\\/10\\\/logo_pd-leggerissima.jpg\",\"contentUrl\":\"http:\\\/\\\/www.bellunopress.it\\\/wp-content\\\/uploads\\\/2009\\\/10\\\/logo_pd-leggerissima.jpg\"},{\"@type\":\"BreadcrumbList\",\"@id\":\"https:\\\/\\\/www.bellunopress.it\\\/2011\\\/10\\\/25\\\/il-pd-scalda-i-motori-in-preparazione-delle-amministrative-2012\\\/#breadcrumb\",\"itemListElement\":[{\"@type\":\"ListItem\",\"position\":1,\"name\":\"Home\",\"item\":\"https:\\\/\\\/www.bellunopress.it\\\/\"},{\"@type\":\"ListItem\",\"position\":2,\"name\":\"Il Pd scalda i motori in preparazione delle amministrative 2012\"}]},{\"@type\":\"WebSite\",\"@id\":\"https:\\\/\\\/www.bellunopress.it\\\/#website\",\"url\":\"https:\\\/\\\/www.bellunopress.it\\\/\",\"name\":\"Bellunopress - Dolomiti\",\"description\":\"e-mail: redazione@bellunopress.it\",\"publisher\":{\"@id\":\"https:\\\/\\\/www.bellunopress.it\\\/#organization\"},\"potentialAction\":[{\"@type\":\"SearchAction\",\"target\":{\"@type\":\"EntryPoint\",\"urlTemplate\":\"https:\\\/\\\/www.bellunopress.it\\\/?s={search_term_string}\"},\"query-input\":{\"@type\":\"PropertyValueSpecification\",\"valueRequired\":true,\"valueName\":\"search_term_string\"}}],\"inLanguage\":\"fr-FR\"},{\"@type\":\"Organization\",\"@id\":\"https:\\\/\\\/www.bellunopress.it\\\/#organization\",\"name\":\"Bellunopress\",\"url\":\"https:\\\/\\\/www.bellunopress.it\\\/\",\"logo\":{\"@type\":\"ImageObject\",\"inLanguage\":\"fr-FR\",\"@id\":\"https:\\\/\\\/www.bellunopress.it\\\/#\\\/schema\\\/logo\\\/image\\\/\",\"url\":\"https:\\\/\\\/www.bellunopress.it\\\/wp-content\\\/uploads\\\/2011\\\/05\\\/cropped-logo-bellunopress-.jpg\",\"contentUrl\":\"https:\\\/\\\/www.bellunopress.it\\\/wp-content\\\/uploads\\\/2011\\\/05\\\/cropped-logo-bellunopress-.jpg\",\"width\":512,\"height\":512,\"caption\":\"Bellunopress\"},\"image\":{\"@id\":\"https:\\\/\\\/www.bellunopress.it\\\/#\\\/schema\\\/logo\\\/image\\\/\"},\"sameAs\":[\"https:\\\/\\\/www.facebook.com\\\/profile.php?id=100008943462799\",\"https:\\\/\\\/x.com\\\/bellunopress\",\"https:\\\/\\\/www.linkedin.com\\\/hp\\\/?dnr=JBzUWaJfMUw8vbXJJ2tVW5-I3jZKvC4wsoxE&amp;amp;amp;amp;amp;amp;trk=nav_responsive_tab_home\",\"https:\\\/\\\/www.youtube.com\\\/channel\\\/UCxL0wu1uN0_3_7hGG0306cw\"]},{\"@type\":\"Person\",\"@id\":\"https:\\\/\\\/www.bellunopress.it\\\/#\\\/schema\\\/person\\\/79bb06722b37ece1c03d3e94beb30d73\",\"name\":\"redazione\",\"image\":{\"@type\":\"ImageObject\",\"inLanguage\":\"fr-FR\",\"@id\":\"https:\\\/\\\/secure.gravatar.com\\\/avatar\\\/37d968a2e67a6fd04c169c4bdef102d0bc5d31b2546345219e348575eb80e9a0?s=96&d=mm&r=g\",\"url\":\"https:\\\/\\\/secure.gravatar.com\\\/avatar\\\/37d968a2e67a6fd04c169c4bdef102d0bc5d31b2546345219e348575eb80e9a0?s=96&d=mm&r=g\",\"contentUrl\":\"https:\\\/\\\/secure.gravatar.com\\\/avatar\\\/37d968a2e67a6fd04c169c4bdef102d0bc5d31b2546345219e348575eb80e9a0?s=96&d=mm&r=g\",\"caption\":\"redazione\"},\"sameAs\":[\"http:\\\/\\\/www.bellunopress.it\",\"https:\\\/\\\/x.com\\\/bellunopress\"],\"url\":\"https:\\\/\\\/www.bellunopress.it\\\/fr\\\/author\\\/redazione\\\/\"}]}<\/script>\n<!-- \/ Yoast SEO plugin. -->","yoast_head_json":{"title":"Il Pd scalda i motori in preparazione delle amministrative 2012  - Bellunopress - Dolomiti","robots":{"index":"index","follow":"follow","max-snippet":"max-snippet:-1","max-image-preview":"max-image-preview:large","max-video-preview":"max-video-preview:-1"},"canonical":"https:\/\/www.bellunopress.it\/fr\/2011\/10\/25\/il-pd-scalda-i-motori-in-preparazione-delle-amministrative-2012\/","og_locale":"fr_FR","og_type":"article","og_title":"Il Pd scalda i motori in preparazione delle amministrative 2012  - Bellunopress - Dolomiti","og_description":"Sabato 22 ottobre si svolta l\u2019assemblea degli iscritti dell\u2019Unione Comunale del Partito Democratico di Belluno. L\u2019occasione \u00e8 stata utile per una rendicontazione agli iscritti del percorso fatto in vista delle prossime Amministrative ma anche delle iniziative politiche e che hanno visto l\u2019Unione comunale e i quattro circoli cittadini (Castion, Mussoi, Centro storico e Cavarzano) in [&hellip;]","og_url":"https:\/\/www.bellunopress.it\/fr\/2011\/10\/25\/il-pd-scalda-i-motori-in-preparazione-delle-amministrative-2012\/","og_site_name":"Bellunopress - Dolomiti","article_publisher":"https:\/\/www.facebook.com\/profile.php?id=100008943462799","article_published_time":"2011-10-25T18:16:58+00:00","og_image":[{"url":"http:\/\/www.bellunopress.it\/wp-content\/uploads\/2009\/10\/logo_pd-leggerissima.jpg","type":"","width":"","height":""}],"author":"redazione","twitter_card":"summary_large_image","twitter_creator":"@bellunopress","twitter_site":"@bellunopress","twitter_misc":{"\u00c9crit par":"redazione","Dur\u00e9e de lecture estim\u00e9e":"2 minutes"},"schema":{"@context":"https:\/\/schema.org","@graph":[{"@type":"Article","@id":"https:\/\/www.bellunopress.it\/2011\/10\/25\/il-pd-scalda-i-motori-in-preparazione-delle-amministrative-2012\/#article","isPartOf":{"@id":"https:\/\/www.bellunopress.it\/2011\/10\/25\/il-pd-scalda-i-motori-in-preparazione-delle-amministrative-2012\/"},"author":{"name":"redazione","@id":"https:\/\/www.bellunopress.it\/#\/schema\/person\/79bb06722b37ece1c03d3e94beb30d73"},"headline":"Il Pd scalda i motori in preparazione delle amministrative 2012","datePublished":"2011-10-25T18:16:58+00:00","mainEntityOfPage":{"@id":"https:\/\/www.bellunopress.it\/2011\/10\/25\/il-pd-scalda-i-motori-in-preparazione-delle-amministrative-2012\/"},"wordCount":412,"publisher":{"@id":"https:\/\/www.bellunopress.it\/#organization"},"image":{"@id":"https:\/\/www.bellunopress.it\/2011\/10\/25\/il-pd-scalda-i-motori-in-preparazione-delle-amministrative-2012\/#primaryimage"},"thumbnailUrl":"http:\/\/www.bellunopress.it\/wp-content\/uploads\/2009\/10\/logo_pd-leggerissima.jpg","articleSection":["Cronaca\/Politica","Prima Pagina"],"inLanguage":"fr-FR"},{"@type":"WebPage","@id":"https:\/\/www.bellunopress.it\/2011\/10\/25\/il-pd-scalda-i-motori-in-preparazione-delle-amministrative-2012\/","url":"https:\/\/www.bellunopress.it\/2011\/10\/25\/il-pd-scalda-i-motori-in-preparazione-delle-amministrative-2012\/","name":"Il Pd scalda i motori in preparazione delle amministrative 2012 - Bellunopress - Dolomiti","isPartOf":{"@id":"https:\/\/www.bellunopress.it\/#website"},"primaryImageOfPage":{"@id":"https:\/\/www.bellunopress.it\/2011\/10\/25\/il-pd-scalda-i-motori-in-preparazione-delle-amministrative-2012\/#primaryimage"},"image":{"@id":"https:\/\/www.bellunopress.it\/2011\/10\/25\/il-pd-scalda-i-motori-in-preparazione-delle-amministrative-2012\/#primaryimage"},"thumbnailUrl":"http:\/\/www.bellunopress.it\/wp-content\/uploads\/2009\/10\/logo_pd-leggerissima.jpg","datePublished":"2011-10-25T18:16:58+00:00","breadcrumb":{"@id":"https:\/\/www.bellunopress.it\/2011\/10\/25\/il-pd-scalda-i-motori-in-preparazione-delle-amministrative-2012\/#breadcrumb"},"inLanguage":"fr-FR","potentialAction":[{"@type":"ReadAction","target":["https:\/\/www.bellunopress.it\/2011\/10\/25\/il-pd-scalda-i-motori-in-preparazione-delle-amministrative-2012\/"]}]},{"@type":"ImageObject","inLanguage":"fr-FR","@id":"https:\/\/www.bellunopress.it\/2011\/10\/25\/il-pd-scalda-i-motori-in-preparazione-delle-amministrative-2012\/#primaryimage","url":"http:\/\/www.bellunopress.it\/wp-content\/uploads\/2009\/10\/logo_pd-leggerissima.jpg","contentUrl":"http:\/\/www.bellunopress.it\/wp-content\/uploads\/2009\/10\/logo_pd-leggerissima.jpg"},{"@type":"BreadcrumbList","@id":"https:\/\/www.bellunopress.it\/2011\/10\/25\/il-pd-scalda-i-motori-in-preparazione-delle-amministrative-2012\/#breadcrumb","itemListElement":[{"@type":"ListItem","position":1,"name":"Home","item":"https:\/\/www.bellunopress.it\/"},{"@type":"ListItem","position":2,"name":"Il Pd scalda i motori in preparazione delle amministrative 2012"}]},{"@type":"WebSite","@id":"https:\/\/www.bellunopress.it\/#website","url":"https:\/\/www.bellunopress.it\/","name":"Bellunopress - Dolomiti","description":"e-mail: redazione@bellunopress.it","publisher":{"@id":"https:\/\/www.bellunopress.it\/#organization"},"potentialAction":[{"@type":"SearchAction","target":{"@type":"EntryPoint","urlTemplate":"https:\/\/www.bellunopress.it\/?s={search_term_string}"},"query-input":{"@type":"PropertyValueSpecification","valueRequired":true,"valueName":"search_term_string"}}],"inLanguage":"fr-FR"},{"@type":"Organization","@id":"https:\/\/www.bellunopress.it\/#organization","name":"Bellunopress","url":"https:\/\/www.bellunopress.it\/","logo":{"@type":"ImageObject","inLanguage":"fr-FR","@id":"https:\/\/www.bellunopress.it\/#\/schema\/logo\/image\/","url":"https:\/\/www.bellunopress.it\/wp-content\/uploads\/2011\/05\/cropped-logo-bellunopress-.jpg","contentUrl":"https:\/\/www.bellunopress.it\/wp-content\/uploads\/2011\/05\/cropped-logo-bellunopress-.jpg","width":512,"height":512,"caption":"Bellunopress"},"image":{"@id":"https:\/\/www.bellunopress.it\/#\/schema\/logo\/image\/"},"sameAs":["https:\/\/www.facebook.com\/profile.php?id=100008943462799","https:\/\/x.com\/bellunopress","https:\/\/www.linkedin.com\/hp\/?dnr=JBzUWaJfMUw8vbXJJ2tVW5-I3jZKvC4wsoxE&amp;amp;amp;amp;amp;amp;trk=nav_responsive_tab_home","https:\/\/www.youtube.com\/channel\/UCxL0wu1uN0_3_7hGG0306cw"]},{"@type":"Person","@id":"https:\/\/www.bellunopress.it\/#\/schema\/person\/79bb06722b37ece1c03d3e94beb30d73","name":"r\u00e9daction","image":{"@type":"ImageObject","inLanguage":"fr-FR","@id":"https:\/\/secure.gravatar.com\/avatar\/37d968a2e67a6fd04c169c4bdef102d0bc5d31b2546345219e348575eb80e9a0?s=96&d=mm&r=g","url":"https:\/\/secure.gravatar.com\/avatar\/37d968a2e67a6fd04c169c4bdef102d0bc5d31b2546345219e348575eb80e9a0?s=96&d=mm&r=g","contentUrl":"https:\/\/secure.gravatar.com\/avatar\/37d968a2e67a6fd04c169c4bdef102d0bc5d31b2546345219e348575eb80e9a0?s=96&d=mm&r=g","caption":"redazione"},"sameAs":["http:\/\/www.bellunopress.it","https:\/\/x.com\/bellunopress"],"url":"https:\/\/www.bellunopress.it\/fr\/author\/redazione\/"}]}},"_links":{"self":[{"href":"https:\/\/www.bellunopress.it\/fr\/wp-json\/wp\/v2\/posts\/31802","targetHints":{"allow":["GET"]}}],"collection":[{"href":"https:\/\/www.bellunopress.it\/fr\/wp-json\/wp\/v2\/posts"}],"about":[{"href":"https:\/\/www.bellunopress.it\/fr\/wp-json\/wp\/v2\/types\/post"}],"author":[{"embeddable":true,"href":"https:\/\/www.bellunopress.it\/fr\/wp-json\/wp\/v2\/users\/2"}],"replies":[{"embeddable":true,"href":"https:\/\/www.bellunopress.it\/fr\/wp-json\/wp\/v2\/comments?post=31802"}],"version-history":[{"count":1,"href":"https:\/\/www.bellunopress.it\/fr\/wp-json\/wp\/v2\/posts\/31802\/revisions"}],"predecessor-version":[{"id":31803,"href":"https:\/\/www.bellunopress.it\/fr\/wp-json\/wp\/v2\/posts\/31802\/revisions\/31803"}],"wp:attachment":[{"href":"https:\/\/www.bellunopress.it\/fr\/wp-json\/wp\/v2\/media?parent=31802"}],"wp:term":[{"taxonomy":"category","embeddable":true,"href":"https:\/\/www.bellunopress.it\/fr\/wp-json\/wp\/v2\/categories?post=31802"},{"taxonomy":"post_tag","embeddable":true,"href":"https:\/\/www.bellunopress.it\/fr\/wp-json\/wp\/v2\/tags?post=31802"}],"curies":[{"name":"wp","href":"https:\/\/api.w.org\/{rel}","templated":true}]}}