{"id":31366,"date":"2011-10-11T20:19:10","date_gmt":"2011-10-11T19:19:10","guid":{"rendered":"http:\/\/www.bellunopress.it\/?p=31366"},"modified":"2011-10-11T20:22:49","modified_gmt":"2011-10-11T19:22:49","slug":"domeniche-a-teatro-comincio-dai-3-aperte-le-prenotazioni-per-le-repliche-scolastiche-e-abbonamenti","status":"publish","type":"post","link":"https:\/\/www.bellunopress.it\/fr\/2011\/10\/11\/domeniche-a-teatro-comincio-dai-3-aperte-le-prenotazioni-per-le-repliche-scolastiche-e-abbonamenti\/","title":{"rendered":"Domeniche a teatro &#8220;Comincio dai 3&#8221;: aperte le prenotazioni per le repliche scolastiche e abbonamenti"},"content":{"rendered":"<p>\u00c8 in corso la campagna abbonamenti per le &#8220;Domeniche a teatro&#8221; della diciannovesima edizione di &#8220;Comincio dai 3&#8221;, la Stagione di Teatro per l&#8217;Infanzia e la Giovent\u00f9 del Teatro Comunale di Belluno organizzata da Tib Teatro, per la direzione artistica di Daniela Nicosia, con il Comune di Belluno, la Fondazione Teatri delle Dolomiti,\u00a0realizzata nell&#8217;ambito dell?accordo di programma Regione del Veneto-Province del Veneto &#8211; Reteventi Cultura 2011 &#8211; Provincia di Belluno, Ministero per i Beni e le Attivit\u00e0 Culturali, con Il patrocinio della Regione del Veneto, MIUR &#8211;\u00a0 USR del Veneto &#8211; Ufficio Scolastico Provinciale di Belluno, Agiscuola.<\/p>\n<figure id=\"attachment_25958\" aria-describedby=\"caption-attachment-25958\" style=\"width: 280px\" class=\"wp-caption alignleft\"><a href=\"http:\/\/www.bellunopress.it\/wp-content\/uploads\/2011\/04\/teatro-comunale-280x198.jpg\"><img loading=\"lazy\" decoding=\"async\" class=\"size-full wp-image-25958\" title=\"teatro comunale 280x198\" src=\"http:\/\/www.bellunopress.it\/wp-content\/uploads\/2011\/04\/teatro-comunale-280x198.jpg\" alt=\"\" width=\"280\" height=\"198\" \/><\/a><figcaption id=\"caption-attachment-25958\" class=\"wp-caption-text\">Teatro Comunale di Belluno<\/figcaption><\/figure>\n<p>Le tre domeniche a teatro dedicate alle famiglie, prenderanno il via domenica\u00a0 30 ottobre alle ore 17.00 con lo spettacolo vincitore del Festival di Teatro Ragazzi di Ferrara In mezzo al mare, della compagnia Stilema\/Unoteatro. Trattando delle mille difficolt\u00e0 di adulti e bambini nel barcamenarsi nella quotidianit\u00e0, Silvano Antonelli riesce a coinvolgere e divertire l?intera platea grazie ad una costruzione drammaturgica dal ritmo travolgente come una partitura musicale. Il secondo appuntamento \u00e8 con Giocagiocattolo, domenica 11 dicembre, un viaggio nella dimensione del meraviglioso mondo dei giocattoli. Il linguaggio dello spettacolo prosegue la linea di ricerca del Teatro del Buratto, nel segno della contaminazione tra le varie tecniche: l?immagine fantastica animata nello spazio nero, l?azione e la parola che narrano la storia. La magia del teatro su nero porter\u00e0 tutti a credere, adulti e bambini,\u00a0 che anche i giocattoli hanno un piccolo cuore e una loro storia.<\/p>\n<p>L&#8217;ultimo appuntamento per le famiglie sar\u00e0 domenica 5 febbraio con uno splendido omaggio a Marc Chagall Anima Blu, della compagnia Tam Teatromusica, spettacolo vincitore del premio\u00a0 Eolo Awards\u00a0 per il miglior spettacolo di Teatro Ragazzi Italiano e del premio Festival Feten 2009 ? Gijon (Spagna) per la migliore scenografia. L?incontro tra i corpi dei due attori e le immagini pittoriche dar\u00e0 agli esseri che popolano le tele del celebre pittore bielorusso, restituendo un racconto fatto di ritmo, visivo e sonoro, di colori e forme plastiche incantevoli.<\/p>\n<p>La PROGRAMMAZIONE PER LE SCUOLE si inaugura l?8 e il 9 novembre con uno spettacolo dedicato alle scuole dell?infanzia, Il cubo magico, della compagnia Pandemonium Teatro.\u00a0 \u00c8 la storia dell?incontro di Uno e l?Altro che scoprono uno strano mondo fatto solo di cubi. Per Uno, questi cubi sono solo cubi, ma l?Altro, utilizzando la fantasia, li user\u00e0\u00a0 per costruire un mondo intero. Sempre per le scuole dell?infanzia, Jack e il fagiolo magico \u00e8 in programma il 26 e il 27 gennaio. Un vero e proprio caleidoscopio di personaggi e situazioni divertenti, colpi di scena e canzoni, una sorprendente scenografia mobile, omaggi a Chaplin e Tot\u00f2, accompagnano le avventure di Jack in un classico della fiaba nato dalla fantasia di Joseph Jacobs.<\/p>\n<p>Alle scuole primarie\u00a0 e alle scuole secondarie di primo grado \u00e8 rivolto Ulisse di Tib Teatro, in programmazione dal 14 al 18 novembre,\u00a0 una produzione interamente bellunese che, in procinto di partire per una tourn\u00e8 in tutta Italia, debutter\u00e0 proprio al Teatro Comunale di Belluno.<\/p>\n<p>Dopo l?esteso successo de Il Volo di Icaro e La Favola di Orfeo, la regista Daniela Nicosia riattraversa il mito di Ulisse con efficacia e semplicit\u00e0, con una drammaturgia ricca di spessore e allo stesso tempo popolare, mentre in quel mito, in quella storia antica, si rintraccia un profondo, attualissimo messaggio di pace.<\/p>\n<p>Portatore di una messaggio di fratellanza \u00e8 anche lo spettacolo dedicato alle scuole primarie, Acqua alta, in programma il 24 e il 25 gennaio, che racconta di un?inedita alleanza tra uomini, animali e mezzi meccanici, di una lunghissima corda che passando di mano in mano traversa popoli e nazioni\u00a0 per riuscire a stappare il grande tappo del mondo e salvare la terra inondata dall?acqua.<\/p>\n<p>Particolare attenzione \u00e8 stata riservata quest?anno agli studenti delle scuole secondarie di secondo grado, per i quali sono stati pensati 3 appuntamenti ad hoc, che integrano il programma scolastico, trasmettendo conoscenze e competenze specifiche attraverso un linguaggio insolito e accattivante, quello teatrale.<\/p>\n<p>Il primo appuntamento \u00e8 con Tiziano Scarpa e L?infinito il 23 novembre, uno spettacolo prodotto dal Teatro Stabile del Veneto. La notte degli orali di maturit\u00e0 il giovane Andrea si prepara ripassando le poesie di Giacomo Leopardi, che di colpo gli si materializza in casa. Il ventunenne Leopardi ha fatto un salto in avanti di due secoli e adesso si ritrova nella stanza del diciannovenne Andrea che sta studiando proprio L?infinito?<\/p>\n<p>Il 13 dicembre sar\u00e0 la volta di esplorare l?universo scientifico con I numeri primi e la crittografia, un progetto di Pacta . dei Teatri &#8211; Scienza In Scena, che torna a Belluno dopo il grande successo ottenuto lo scorso anno con L?irrazionale leggerezza dei numeri. In scena la matematica perde la dimensione di scienza austera e accessibile solo a pochi e diventa materia esplorabile e comprensibile a tutti, svelando la bellezza e il fascino che le sono propri.<\/p>\n<p>La programmazione si conclude con la visione del film Miral, tratto dal romanzo La strada dei fiori di Miral di Rula Jebreal per la regia di Julian Schnabel.<\/p>\n<p>L?8 marzo, la giornata in cui si celebra la festa della donna, verr\u00e0 proiettata\u00a0 la storia di\u00a0 una giovane ragazza che decide di impegnarsi attivamente a favore del suo popolo, rischiando in prima persona e vivendo sulla sua pelle le contraddizioni di quella complessa condizione politica e sociale. L?iniziativa si svolge in collaborazione con Associazione Gruppi ?Insieme si pu\u00f2?? Onlus-Ong e AlQuds Istituto di Cultura Italo-Palestinese (Padova).<\/p>\n<p>Tib Teatro conferma la sua attenzione alla politica dei prezzi, che rimangono invariati da ormai numerose Stagioni.<\/p>\n<p>ABBONAMENTI (tessera valida per 3 spettacoli): bambini ? 12,00 &#8211; adulti ? 18,00<\/p>\n<p>Prenotazioni: Tib Teatro (0437-950555 \/ piazzale Marconi 2\/b a Belluno), , dal marted\u00ec al venerd\u00ec dalle 10:30 alle 12:30 e dalle 15:30 alle 17:30.<\/p>\n<p>Ritiro: Teatro Comunale di Belluno &#8211; sabato 29 ottobre, dalle 11 alle 13 e dalle 17 alle 20, e domenica 30 ottobre, dalle 15:00 alle 16:30.<\/p>\n<p>Inizio spettacoli ore 17:00<\/p>\n<p>INFO 0437-950555 <a href=\"http:\/\/www.tibteatro.it\">www.tibteatro.it<\/a><\/p>\n<p>&nbsp;<\/p>","protected":false},"excerpt":{"rendered":"<p>\u00c8 in corso la campagna abbonamenti per le &#8220;Domeniche a teatro&#8221; della diciannovesima edizione di &#8220;Comincio dai 3&#8221;, la Stagione di Teatro per l&#8217;Infanzia e la Giovent\u00f9 del Teatro Comunale di Belluno organizzata da Tib Teatro, per la direzione artistica di Daniela Nicosia, con il Comune di Belluno, la Fondazione Teatri delle Dolomiti,\u00a0realizzata nell&#8217;ambito dell?accordo [&hellip;]<\/p>\n","protected":false},"author":2,"featured_media":0,"comment_status":"closed","ping_status":"open","sticky":false,"template":"","format":"standard","meta":{"footnotes":""},"categories":[3,25],"tags":[],"class_list":["post-31366","post","type-post","status-publish","format-standard","category-arte-cultura-spettacoli-scienza-archivi","category-pausa-caffe"],"yoast_head":"<!-- This site is optimized with the Yoast SEO plugin v28.4 - https:\/\/yoast.com\/product\/yoast-seo-wordpress\/ -->\n<title>Domeniche a teatro &quot;Comincio dai 3&quot;: aperte le prenotazioni per le repliche scolastiche e abbonamenti - Bellunopress - Dolomiti<\/title>\n<meta name=\"robots\" content=\"index, follow, max-snippet:-1, max-image-preview:large, max-video-preview:-1\" \/>\n<link rel=\"canonical\" href=\"https:\/\/www.bellunopress.it\/fr\/2011\/10\/11\/domeniche-a-teatro-comincio-dai-3-aperte-le-prenotazioni-per-le-repliche-scolastiche-e-abbonamenti\/\" \/>\n<meta property=\"og:locale\" content=\"fr_FR\" \/>\n<meta property=\"og:type\" content=\"article\" \/>\n<meta property=\"og:title\" content=\"Domeniche a teatro &quot;Comincio dai 3&quot;: aperte le prenotazioni per le repliche scolastiche e abbonamenti - Bellunopress - Dolomiti\" \/>\n<meta property=\"og:description\" content=\"\u00c8 in corso la campagna abbonamenti per le &#8220;Domeniche a teatro&#8221; della diciannovesima edizione di &#8220;Comincio dai 3&#8221;, la Stagione di Teatro per l&#8217;Infanzia e la Giovent\u00f9 del Teatro Comunale di Belluno organizzata da Tib Teatro, per la direzione artistica di Daniela Nicosia, con il Comune di Belluno, la Fondazione Teatri delle Dolomiti,\u00a0realizzata nell&#8217;ambito dell?accordo [&hellip;]\" \/>\n<meta property=\"og:url\" content=\"https:\/\/www.bellunopress.it\/fr\/2011\/10\/11\/domeniche-a-teatro-comincio-dai-3-aperte-le-prenotazioni-per-le-repliche-scolastiche-e-abbonamenti\/\" \/>\n<meta property=\"og:site_name\" content=\"Bellunopress - Dolomiti\" \/>\n<meta property=\"article:publisher\" content=\"https:\/\/www.facebook.com\/profile.php?id=100008943462799\" \/>\n<meta property=\"article:published_time\" content=\"2011-10-11T19:19:10+00:00\" \/>\n<meta property=\"article:modified_time\" content=\"2011-10-11T19:22:49+00:00\" \/>\n<meta property=\"og:image\" content=\"http:\/\/www.bellunopress.it\/wp-content\/uploads\/2011\/04\/teatro-comunale-280x198.jpg\" \/>\n<meta name=\"author\" content=\"redazione\" \/>\n<meta name=\"twitter:card\" content=\"summary_large_image\" \/>\n<meta name=\"twitter:creator\" content=\"@bellunopress\" \/>\n<meta name=\"twitter:site\" content=\"@bellunopress\" \/>\n<meta name=\"twitter:label1\" content=\"\u00c9crit par\" \/>\n\t<meta name=\"twitter:data1\" content=\"redazione\" \/>\n\t<meta name=\"twitter:label2\" content=\"Dur\u00e9e de lecture estim\u00e9e\" \/>\n\t<meta name=\"twitter:data2\" content=\"5 minutes\" \/>\n<script type=\"application\/ld+json\" class=\"yoast-schema-graph\">{\"@context\":\"https:\\\/\\\/schema.org\",\"@graph\":[{\"@type\":\"Article\",\"@id\":\"https:\\\/\\\/www.bellunopress.it\\\/2011\\\/10\\\/11\\\/domeniche-a-teatro-comincio-dai-3-aperte-le-prenotazioni-per-le-repliche-scolastiche-e-abbonamenti\\\/#article\",\"isPartOf\":{\"@id\":\"https:\\\/\\\/www.bellunopress.it\\\/2011\\\/10\\\/11\\\/domeniche-a-teatro-comincio-dai-3-aperte-le-prenotazioni-per-le-repliche-scolastiche-e-abbonamenti\\\/\"},\"author\":{\"name\":\"redazione\",\"@id\":\"https:\\\/\\\/www.bellunopress.it\\\/#\\\/schema\\\/person\\\/79bb06722b37ece1c03d3e94beb30d73\"},\"headline\":\"Domeniche a teatro &#8220;Comincio dai 3&#8221;: aperte le prenotazioni per le repliche scolastiche e abbonamenti\",\"datePublished\":\"2011-10-11T19:19:10+00:00\",\"dateModified\":\"2011-10-11T19:22:49+00:00\",\"mainEntityOfPage\":{\"@id\":\"https:\\\/\\\/www.bellunopress.it\\\/2011\\\/10\\\/11\\\/domeniche-a-teatro-comincio-dai-3-aperte-le-prenotazioni-per-le-repliche-scolastiche-e-abbonamenti\\\/\"},\"wordCount\":991,\"publisher\":{\"@id\":\"https:\\\/\\\/www.bellunopress.it\\\/#organization\"},\"image\":{\"@id\":\"https:\\\/\\\/www.bellunopress.it\\\/2011\\\/10\\\/11\\\/domeniche-a-teatro-comincio-dai-3-aperte-le-prenotazioni-per-le-repliche-scolastiche-e-abbonamenti\\\/#primaryimage\"},\"thumbnailUrl\":\"http:\\\/\\\/www.bellunopress.it\\\/wp-content\\\/uploads\\\/2011\\\/04\\\/teatro-comunale-280x198.jpg\",\"articleSection\":[\"Arte, Cultura, Spettacoli, Scienza\",\"Pausa Caff\u00e8\"],\"inLanguage\":\"fr-FR\"},{\"@type\":\"WebPage\",\"@id\":\"https:\\\/\\\/www.bellunopress.it\\\/2011\\\/10\\\/11\\\/domeniche-a-teatro-comincio-dai-3-aperte-le-prenotazioni-per-le-repliche-scolastiche-e-abbonamenti\\\/\",\"url\":\"https:\\\/\\\/www.bellunopress.it\\\/2011\\\/10\\\/11\\\/domeniche-a-teatro-comincio-dai-3-aperte-le-prenotazioni-per-le-repliche-scolastiche-e-abbonamenti\\\/\",\"name\":\"Domeniche a teatro \\\"Comincio dai 3\\\": aperte le prenotazioni per le repliche scolastiche e abbonamenti - Bellunopress - Dolomiti\",\"isPartOf\":{\"@id\":\"https:\\\/\\\/www.bellunopress.it\\\/#website\"},\"primaryImageOfPage\":{\"@id\":\"https:\\\/\\\/www.bellunopress.it\\\/2011\\\/10\\\/11\\\/domeniche-a-teatro-comincio-dai-3-aperte-le-prenotazioni-per-le-repliche-scolastiche-e-abbonamenti\\\/#primaryimage\"},\"image\":{\"@id\":\"https:\\\/\\\/www.bellunopress.it\\\/2011\\\/10\\\/11\\\/domeniche-a-teatro-comincio-dai-3-aperte-le-prenotazioni-per-le-repliche-scolastiche-e-abbonamenti\\\/#primaryimage\"},\"thumbnailUrl\":\"http:\\\/\\\/www.bellunopress.it\\\/wp-content\\\/uploads\\\/2011\\\/04\\\/teatro-comunale-280x198.jpg\",\"datePublished\":\"2011-10-11T19:19:10+00:00\",\"dateModified\":\"2011-10-11T19:22:49+00:00\",\"breadcrumb\":{\"@id\":\"https:\\\/\\\/www.bellunopress.it\\\/2011\\\/10\\\/11\\\/domeniche-a-teatro-comincio-dai-3-aperte-le-prenotazioni-per-le-repliche-scolastiche-e-abbonamenti\\\/#breadcrumb\"},\"inLanguage\":\"fr-FR\",\"potentialAction\":[{\"@type\":\"ReadAction\",\"target\":[\"https:\\\/\\\/www.bellunopress.it\\\/2011\\\/10\\\/11\\\/domeniche-a-teatro-comincio-dai-3-aperte-le-prenotazioni-per-le-repliche-scolastiche-e-abbonamenti\\\/\"]}]},{\"@type\":\"ImageObject\",\"inLanguage\":\"fr-FR\",\"@id\":\"https:\\\/\\\/www.bellunopress.it\\\/2011\\\/10\\\/11\\\/domeniche-a-teatro-comincio-dai-3-aperte-le-prenotazioni-per-le-repliche-scolastiche-e-abbonamenti\\\/#primaryimage\",\"url\":\"http:\\\/\\\/www.bellunopress.it\\\/wp-content\\\/uploads\\\/2011\\\/04\\\/teatro-comunale-280x198.jpg\",\"contentUrl\":\"http:\\\/\\\/www.bellunopress.it\\\/wp-content\\\/uploads\\\/2011\\\/04\\\/teatro-comunale-280x198.jpg\"},{\"@type\":\"BreadcrumbList\",\"@id\":\"https:\\\/\\\/www.bellunopress.it\\\/2011\\\/10\\\/11\\\/domeniche-a-teatro-comincio-dai-3-aperte-le-prenotazioni-per-le-repliche-scolastiche-e-abbonamenti\\\/#breadcrumb\",\"itemListElement\":[{\"@type\":\"ListItem\",\"position\":1,\"name\":\"Home\",\"item\":\"https:\\\/\\\/www.bellunopress.it\\\/\"},{\"@type\":\"ListItem\",\"position\":2,\"name\":\"Domeniche a teatro &#8220;Comincio dai 3&#8221;: aperte le prenotazioni per le repliche scolastiche e abbonamenti\"}]},{\"@type\":\"WebSite\",\"@id\":\"https:\\\/\\\/www.bellunopress.it\\\/#website\",\"url\":\"https:\\\/\\\/www.bellunopress.it\\\/\",\"name\":\"Bellunopress - Dolomiti\",\"description\":\"e-mail: redazione@bellunopress.it\",\"publisher\":{\"@id\":\"https:\\\/\\\/www.bellunopress.it\\\/#organization\"},\"potentialAction\":[{\"@type\":\"SearchAction\",\"target\":{\"@type\":\"EntryPoint\",\"urlTemplate\":\"https:\\\/\\\/www.bellunopress.it\\\/?s={search_term_string}\"},\"query-input\":{\"@type\":\"PropertyValueSpecification\",\"valueRequired\":true,\"valueName\":\"search_term_string\"}}],\"inLanguage\":\"fr-FR\"},{\"@type\":\"Organization\",\"@id\":\"https:\\\/\\\/www.bellunopress.it\\\/#organization\",\"name\":\"Bellunopress\",\"url\":\"https:\\\/\\\/www.bellunopress.it\\\/\",\"logo\":{\"@type\":\"ImageObject\",\"inLanguage\":\"fr-FR\",\"@id\":\"https:\\\/\\\/www.bellunopress.it\\\/#\\\/schema\\\/logo\\\/image\\\/\",\"url\":\"https:\\\/\\\/www.bellunopress.it\\\/wp-content\\\/uploads\\\/2011\\\/05\\\/cropped-logo-bellunopress-.jpg\",\"contentUrl\":\"https:\\\/\\\/www.bellunopress.it\\\/wp-content\\\/uploads\\\/2011\\\/05\\\/cropped-logo-bellunopress-.jpg\",\"width\":512,\"height\":512,\"caption\":\"Bellunopress\"},\"image\":{\"@id\":\"https:\\\/\\\/www.bellunopress.it\\\/#\\\/schema\\\/logo\\\/image\\\/\"},\"sameAs\":[\"https:\\\/\\\/www.facebook.com\\\/profile.php?id=100008943462799\",\"https:\\\/\\\/x.com\\\/bellunopress\",\"https:\\\/\\\/www.linkedin.com\\\/hp\\\/?dnr=JBzUWaJfMUw8vbXJJ2tVW5-I3jZKvC4wsoxE&amp;amp;amp;amp;amp;amp;trk=nav_responsive_tab_home\",\"https:\\\/\\\/www.youtube.com\\\/channel\\\/UCxL0wu1uN0_3_7hGG0306cw\"]},{\"@type\":\"Person\",\"@id\":\"https:\\\/\\\/www.bellunopress.it\\\/#\\\/schema\\\/person\\\/79bb06722b37ece1c03d3e94beb30d73\",\"name\":\"redazione\",\"image\":{\"@type\":\"ImageObject\",\"inLanguage\":\"fr-FR\",\"@id\":\"https:\\\/\\\/secure.gravatar.com\\\/avatar\\\/37d968a2e67a6fd04c169c4bdef102d0bc5d31b2546345219e348575eb80e9a0?s=96&d=mm&r=g\",\"url\":\"https:\\\/\\\/secure.gravatar.com\\\/avatar\\\/37d968a2e67a6fd04c169c4bdef102d0bc5d31b2546345219e348575eb80e9a0?s=96&d=mm&r=g\",\"contentUrl\":\"https:\\\/\\\/secure.gravatar.com\\\/avatar\\\/37d968a2e67a6fd04c169c4bdef102d0bc5d31b2546345219e348575eb80e9a0?s=96&d=mm&r=g\",\"caption\":\"redazione\"},\"sameAs\":[\"http:\\\/\\\/www.bellunopress.it\",\"https:\\\/\\\/x.com\\\/bellunopress\"],\"url\":\"https:\\\/\\\/www.bellunopress.it\\\/fr\\\/author\\\/redazione\\\/\"}]}<\/script>\n<!-- \/ Yoast SEO plugin. -->","yoast_head_json":{"title":"Domeniche a teatro \"Comincio dai 3\": aperte le prenotazioni per le repliche scolastiche e abbonamenti - Bellunopress - Dolomiti","robots":{"index":"index","follow":"follow","max-snippet":"max-snippet:-1","max-image-preview":"max-image-preview:large","max-video-preview":"max-video-preview:-1"},"canonical":"https:\/\/www.bellunopress.it\/fr\/2011\/10\/11\/domeniche-a-teatro-comincio-dai-3-aperte-le-prenotazioni-per-le-repliche-scolastiche-e-abbonamenti\/","og_locale":"fr_FR","og_type":"article","og_title":"Domeniche a teatro \"Comincio dai 3\": aperte le prenotazioni per le repliche scolastiche e abbonamenti - Bellunopress - Dolomiti","og_description":"\u00c8 in corso la campagna abbonamenti per le &#8220;Domeniche a teatro&#8221; della diciannovesima edizione di &#8220;Comincio dai 3&#8221;, la Stagione di Teatro per l&#8217;Infanzia e la Giovent\u00f9 del Teatro Comunale di Belluno organizzata da Tib Teatro, per la direzione artistica di Daniela Nicosia, con il Comune di Belluno, la Fondazione Teatri delle Dolomiti,\u00a0realizzata nell&#8217;ambito dell?accordo [&hellip;]","og_url":"https:\/\/www.bellunopress.it\/fr\/2011\/10\/11\/domeniche-a-teatro-comincio-dai-3-aperte-le-prenotazioni-per-le-repliche-scolastiche-e-abbonamenti\/","og_site_name":"Bellunopress - Dolomiti","article_publisher":"https:\/\/www.facebook.com\/profile.php?id=100008943462799","article_published_time":"2011-10-11T19:19:10+00:00","article_modified_time":"2011-10-11T19:22:49+00:00","og_image":[{"url":"http:\/\/www.bellunopress.it\/wp-content\/uploads\/2011\/04\/teatro-comunale-280x198.jpg","type":"","width":"","height":""}],"author":"redazione","twitter_card":"summary_large_image","twitter_creator":"@bellunopress","twitter_site":"@bellunopress","twitter_misc":{"\u00c9crit par":"redazione","Dur\u00e9e de lecture estim\u00e9e":"5 minutes"},"schema":{"@context":"https:\/\/schema.org","@graph":[{"@type":"Article","@id":"https:\/\/www.bellunopress.it\/2011\/10\/11\/domeniche-a-teatro-comincio-dai-3-aperte-le-prenotazioni-per-le-repliche-scolastiche-e-abbonamenti\/#article","isPartOf":{"@id":"https:\/\/www.bellunopress.it\/2011\/10\/11\/domeniche-a-teatro-comincio-dai-3-aperte-le-prenotazioni-per-le-repliche-scolastiche-e-abbonamenti\/"},"author":{"name":"redazione","@id":"https:\/\/www.bellunopress.it\/#\/schema\/person\/79bb06722b37ece1c03d3e94beb30d73"},"headline":"Domeniche a teatro &#8220;Comincio dai 3&#8221;: aperte le prenotazioni per le repliche scolastiche e abbonamenti","datePublished":"2011-10-11T19:19:10+00:00","dateModified":"2011-10-11T19:22:49+00:00","mainEntityOfPage":{"@id":"https:\/\/www.bellunopress.it\/2011\/10\/11\/domeniche-a-teatro-comincio-dai-3-aperte-le-prenotazioni-per-le-repliche-scolastiche-e-abbonamenti\/"},"wordCount":991,"publisher":{"@id":"https:\/\/www.bellunopress.it\/#organization"},"image":{"@id":"https:\/\/www.bellunopress.it\/2011\/10\/11\/domeniche-a-teatro-comincio-dai-3-aperte-le-prenotazioni-per-le-repliche-scolastiche-e-abbonamenti\/#primaryimage"},"thumbnailUrl":"http:\/\/www.bellunopress.it\/wp-content\/uploads\/2011\/04\/teatro-comunale-280x198.jpg","articleSection":["Arte, Cultura, Spettacoli, Scienza","Pausa Caff\u00e8"],"inLanguage":"fr-FR"},{"@type":"WebPage","@id":"https:\/\/www.bellunopress.it\/2011\/10\/11\/domeniche-a-teatro-comincio-dai-3-aperte-le-prenotazioni-per-le-repliche-scolastiche-e-abbonamenti\/","url":"https:\/\/www.bellunopress.it\/2011\/10\/11\/domeniche-a-teatro-comincio-dai-3-aperte-le-prenotazioni-per-le-repliche-scolastiche-e-abbonamenti\/","name":"Domeniche a teatro \"Comincio dai 3\": aperte le prenotazioni per le repliche scolastiche e abbonamenti - Bellunopress - Dolomiti","isPartOf":{"@id":"https:\/\/www.bellunopress.it\/#website"},"primaryImageOfPage":{"@id":"https:\/\/www.bellunopress.it\/2011\/10\/11\/domeniche-a-teatro-comincio-dai-3-aperte-le-prenotazioni-per-le-repliche-scolastiche-e-abbonamenti\/#primaryimage"},"image":{"@id":"https:\/\/www.bellunopress.it\/2011\/10\/11\/domeniche-a-teatro-comincio-dai-3-aperte-le-prenotazioni-per-le-repliche-scolastiche-e-abbonamenti\/#primaryimage"},"thumbnailUrl":"http:\/\/www.bellunopress.it\/wp-content\/uploads\/2011\/04\/teatro-comunale-280x198.jpg","datePublished":"2011-10-11T19:19:10+00:00","dateModified":"2011-10-11T19:22:49+00:00","breadcrumb":{"@id":"https:\/\/www.bellunopress.it\/2011\/10\/11\/domeniche-a-teatro-comincio-dai-3-aperte-le-prenotazioni-per-le-repliche-scolastiche-e-abbonamenti\/#breadcrumb"},"inLanguage":"fr-FR","potentialAction":[{"@type":"ReadAction","target":["https:\/\/www.bellunopress.it\/2011\/10\/11\/domeniche-a-teatro-comincio-dai-3-aperte-le-prenotazioni-per-le-repliche-scolastiche-e-abbonamenti\/"]}]},{"@type":"ImageObject","inLanguage":"fr-FR","@id":"https:\/\/www.bellunopress.it\/2011\/10\/11\/domeniche-a-teatro-comincio-dai-3-aperte-le-prenotazioni-per-le-repliche-scolastiche-e-abbonamenti\/#primaryimage","url":"http:\/\/www.bellunopress.it\/wp-content\/uploads\/2011\/04\/teatro-comunale-280x198.jpg","contentUrl":"http:\/\/www.bellunopress.it\/wp-content\/uploads\/2011\/04\/teatro-comunale-280x198.jpg"},{"@type":"BreadcrumbList","@id":"https:\/\/www.bellunopress.it\/2011\/10\/11\/domeniche-a-teatro-comincio-dai-3-aperte-le-prenotazioni-per-le-repliche-scolastiche-e-abbonamenti\/#breadcrumb","itemListElement":[{"@type":"ListItem","position":1,"name":"Home","item":"https:\/\/www.bellunopress.it\/"},{"@type":"ListItem","position":2,"name":"Domeniche a teatro &#8220;Comincio dai 3&#8221;: aperte le prenotazioni per le repliche scolastiche e abbonamenti"}]},{"@type":"WebSite","@id":"https:\/\/www.bellunopress.it\/#website","url":"https:\/\/www.bellunopress.it\/","name":"Bellunopress - Dolomiti","description":"e-mail: redazione@bellunopress.it","publisher":{"@id":"https:\/\/www.bellunopress.it\/#organization"},"potentialAction":[{"@type":"SearchAction","target":{"@type":"EntryPoint","urlTemplate":"https:\/\/www.bellunopress.it\/?s={search_term_string}"},"query-input":{"@type":"PropertyValueSpecification","valueRequired":true,"valueName":"search_term_string"}}],"inLanguage":"fr-FR"},{"@type":"Organization","@id":"https:\/\/www.bellunopress.it\/#organization","name":"Bellunopress","url":"https:\/\/www.bellunopress.it\/","logo":{"@type":"ImageObject","inLanguage":"fr-FR","@id":"https:\/\/www.bellunopress.it\/#\/schema\/logo\/image\/","url":"https:\/\/www.bellunopress.it\/wp-content\/uploads\/2011\/05\/cropped-logo-bellunopress-.jpg","contentUrl":"https:\/\/www.bellunopress.it\/wp-content\/uploads\/2011\/05\/cropped-logo-bellunopress-.jpg","width":512,"height":512,"caption":"Bellunopress"},"image":{"@id":"https:\/\/www.bellunopress.it\/#\/schema\/logo\/image\/"},"sameAs":["https:\/\/www.facebook.com\/profile.php?id=100008943462799","https:\/\/x.com\/bellunopress","https:\/\/www.linkedin.com\/hp\/?dnr=JBzUWaJfMUw8vbXJJ2tVW5-I3jZKvC4wsoxE&amp;amp;amp;amp;amp;amp;trk=nav_responsive_tab_home","https:\/\/www.youtube.com\/channel\/UCxL0wu1uN0_3_7hGG0306cw"]},{"@type":"Person","@id":"https:\/\/www.bellunopress.it\/#\/schema\/person\/79bb06722b37ece1c03d3e94beb30d73","name":"r\u00e9daction","image":{"@type":"ImageObject","inLanguage":"fr-FR","@id":"https:\/\/secure.gravatar.com\/avatar\/37d968a2e67a6fd04c169c4bdef102d0bc5d31b2546345219e348575eb80e9a0?s=96&d=mm&r=g","url":"https:\/\/secure.gravatar.com\/avatar\/37d968a2e67a6fd04c169c4bdef102d0bc5d31b2546345219e348575eb80e9a0?s=96&d=mm&r=g","contentUrl":"https:\/\/secure.gravatar.com\/avatar\/37d968a2e67a6fd04c169c4bdef102d0bc5d31b2546345219e348575eb80e9a0?s=96&d=mm&r=g","caption":"redazione"},"sameAs":["http:\/\/www.bellunopress.it","https:\/\/x.com\/bellunopress"],"url":"https:\/\/www.bellunopress.it\/fr\/author\/redazione\/"}]}},"_links":{"self":[{"href":"https:\/\/www.bellunopress.it\/fr\/wp-json\/wp\/v2\/posts\/31366","targetHints":{"allow":["GET"]}}],"collection":[{"href":"https:\/\/www.bellunopress.it\/fr\/wp-json\/wp\/v2\/posts"}],"about":[{"href":"https:\/\/www.bellunopress.it\/fr\/wp-json\/wp\/v2\/types\/post"}],"author":[{"embeddable":true,"href":"https:\/\/www.bellunopress.it\/fr\/wp-json\/wp\/v2\/users\/2"}],"replies":[{"embeddable":true,"href":"https:\/\/www.bellunopress.it\/fr\/wp-json\/wp\/v2\/comments?post=31366"}],"version-history":[{"count":2,"href":"https:\/\/www.bellunopress.it\/fr\/wp-json\/wp\/v2\/posts\/31366\/revisions"}],"predecessor-version":[{"id":31368,"href":"https:\/\/www.bellunopress.it\/fr\/wp-json\/wp\/v2\/posts\/31366\/revisions\/31368"}],"wp:attachment":[{"href":"https:\/\/www.bellunopress.it\/fr\/wp-json\/wp\/v2\/media?parent=31366"}],"wp:term":[{"taxonomy":"category","embeddable":true,"href":"https:\/\/www.bellunopress.it\/fr\/wp-json\/wp\/v2\/categories?post=31366"},{"taxonomy":"post_tag","embeddable":true,"href":"https:\/\/www.bellunopress.it\/fr\/wp-json\/wp\/v2\/tags?post=31366"}],"curies":[{"name":"wp","href":"https:\/\/api.w.org\/{rel}","templated":true}]}}