{"id":31335,"date":"2011-10-10T18:48:30","date_gmt":"2011-10-10T17:48:30","guid":{"rendered":"http:\/\/www.bellunopress.it\/?p=31335"},"modified":"2011-10-10T18:48:30","modified_gmt":"2011-10-10T17:48:30","slug":"via-alla-rassegna-chies-e-le-sue-montagne","status":"publish","type":"post","link":"https:\/\/www.bellunopress.it\/fr\/2011\/10\/10\/via-alla-rassegna-chies-e-le-sue-montagne\/","title":{"rendered":"Via alla rassegna &#8220;Chies e le sue montagne&#8221;"},"content":{"rendered":"<p>Festeggia il decimo compleanno &#8220;Chies e le sue montagne&#8221;, la rassegna itinerante dell&#8217;Alpago dedicata all&#8217;alpinismo. E lo fa con un programma di 10 eventi dedicati non solo ai cultori della montagna, ma anche a curiosi e appassionati.<br \/>\nSi parte sabato 15 ottobre da San Martino con la messa (ore 10) sul Teverone ad oltre 2300 metri di quota celebrata da don Piero Da Gai. La partenza per chi vuole salire a piedi \u00e8 alle 7 dal centro della piccola frazione, ma dalle 9.15 sar\u00e0 attivo anche l&#8217;elitrasporto (60 euro ciascuno, per info 3497105887). Alle 13.30 alla locanda Barattin ci sar\u00e0 il primo momento conviviale.\u00a0 In caso di maltempo tutto sar\u00e0 rimandato al 22 ottobre.<br \/>\nA chiudere la manifestazione, invece, sabato 29 ottobre (ore 21 chiesa parrocchiale di Chies) sar\u00e0 Giorgio Redaelli, alpinista di fama internazionale per le sue imprese sul Civetta e Monte Bianco e per aver compiuto tra gli anni &#8217;50 e &#8217;60 tutte le vie classiche e portato a termine prime assolute e prime invernali sulle vette della cerchia alpina.<br \/>\nNel mezzo altri 8 appuntamenti, per altrettante serate, che come da tradizione si terranno su pi\u00f9 frazioni nel territorio dell&#8217;Alpago e riguarderanno la montagna a tutto tondo.<br \/>\nDa segnalare la seconda edizione della cronoscalata Valsalatis jet: oltre 1000 metri di dislivello in 6,3 km da malga Cate al rifugio Semenza. Dopo il successo dello scorso anno la gara non competitiva si ripeter\u00e0 domenica 16 ottobre con il via alle 10 in localit\u00e0 Pal-Cate. Le iscrizioni (10 euro) sono possibili entro le 15 del 15 ottobre o direttamente in loco il giorno della gara dalle 8 del mattino. Per la consegna di zaini e il loro trasporto \u00e8 previsto un servizio di teleferica, ma il termine ultimo sono le ore 9. Ulteriori informazioni: 349 8659594 oppure su <a href=\"http:\/\/www.dolomitiski-alp.com\">www.dolomitiski-alp.com<\/a>.<br \/>\nA Lamosano, luned\u00ec 17, proseguendo in ordine cronologico,\u00a0 si terr\u00e0 una tavola rotonda dal titolo &#8220;Cadere in montagna e poi rialzarsi&#8221;. Alle 21 presso lo Scol Pub ci saranno Maurizio Dall&#8217;Omo, Oreste Bortoluzzi e don Rinaldo Ottone, la cui vocazione \u00e8 partita proprio dopo una caduta sul gruppo dello Schiara.<br \/>\nIl gioved\u00ec successivo, 20 ottobre, a Irrighe presso il ristorante &#8220;Da Mario&#8221;, alla stessa ora si parler\u00e0 di 8000 al femminile con Tamara Lunger. Alto atesina, classe 1986, \u00e8 stata la pi\u00f9 giovane alpinista a raggiungere nel 2010, a soli 23 anni la cime del Lhotse in Nepal.<br \/>\nIn compagnia di Francesco Gherlenda, Max Solinas e Andrea Borca, invece, venerd\u00ec 21 si potr\u00e0 andare alla scoperta della Zodiac Road all&#8217;interno dello Yosemite Park in California (ore 21 bar Ciotto e Nen\u00e8 a Funes).<br \/>\nLa musica dal sapore celtico irromper\u00e0 a &#8220;Chies e le sue montagne&#8221; con i bellunesi Andrea Da Cort\u00e0 e Alberto Tonet nella chiesetta di Palughetto-Carpinetto. Il concerto gratuito, intitolato &#8220;Echi ed armonie dai paesi lontani&#8221;, si terr\u00e0 alle nove di sera sabato 22 ottobre.<br \/>\n&#8220;Explore!&#8221; \u00e8, invece, l&#8217;inno dell&#8217;alpinista italiano, 44enne Simone Moro, che da Bergamo arriver\u00e0 per raccontare le sue mirabolanti imprese sull&#8217;Everest, dove \u00e8 salito in sole 48 ore nel 2010 lungo il versante sud (8848 metri) e sul Makalu, dove \u00e8 salito in inverno per primo nel 2009. L&#8217;appuntamento, reso possibile grazie a Giesse, \u00e8 a San Martino in un&#8217;apposita tensostruttura sempre alle 21, marted\u00ec 25 (unico evento a pagamento: 5 euro).<br \/>\nPer gli appassionati di storia la data da segnare sul calendario \u00e8 gioved\u00ec 27 perch\u00e9 a Codenzano si affronter\u00e0 il tema della Grande Guerra vista dalle Dolomiti con Critina Bacci e Angelo Zangrando.<br \/>\nInteressante, infine, anche l&#8217;incontro con il fotografo e alpinista Stefano Dal Molin, che venerd\u00ec 28 nella chiesa di\u00a0 Alpaos (ore 21) proietter\u00e0 un video tutto dedicato alle Dolomiti patrimonio naturale dell&#8217;umanit\u00e0 Unesco, a pochi giorni dalla conclusione della visita del commissario internazionale Greame Worboys.<\/p>","protected":false},"excerpt":{"rendered":"<p>Festeggia il decimo compleanno &#8220;Chies e le sue montagne&#8221;, la rassegna itinerante dell&#8217;Alpago dedicata all&#8217;alpinismo. E lo fa con un programma di 10 eventi dedicati non solo ai cultori della montagna, ma anche a curiosi e appassionati. Si parte sabato 15 ottobre da San Martino con la messa (ore 10) sul Teverone ad oltre 2300 [&hellip;]<\/p>\n","protected":false},"author":2,"featured_media":0,"comment_status":"closed","ping_status":"open","sticky":false,"template":"","format":"standard","meta":{"footnotes":""},"categories":[27,25],"tags":[],"class_list":["post-31335","post","type-post","status-publish","format-standard","category-appuntamenti","category-pausa-caffe"],"yoast_head":"<!-- This site is optimized with the Yoast SEO plugin v28.4 - https:\/\/yoast.com\/product\/yoast-seo-wordpress\/ -->\n<title>Via alla rassegna &quot;Chies e le sue montagne&quot; - Bellunopress - Dolomiti<\/title>\n<meta name=\"robots\" content=\"index, follow, max-snippet:-1, max-image-preview:large, max-video-preview:-1\" \/>\n<link rel=\"canonical\" href=\"https:\/\/www.bellunopress.it\/fr\/2011\/10\/10\/via-alla-rassegna-chies-e-le-sue-montagne\/\" \/>\n<meta property=\"og:locale\" content=\"fr_FR\" \/>\n<meta property=\"og:type\" content=\"article\" \/>\n<meta property=\"og:title\" content=\"Via alla rassegna &quot;Chies e le sue montagne&quot; - Bellunopress - Dolomiti\" \/>\n<meta property=\"og:description\" content=\"Festeggia il decimo compleanno &#8220;Chies e le sue montagne&#8221;, la rassegna itinerante dell&#8217;Alpago dedicata all&#8217;alpinismo. E lo fa con un programma di 10 eventi dedicati non solo ai cultori della montagna, ma anche a curiosi e appassionati. Si parte sabato 15 ottobre da San Martino con la messa (ore 10) sul Teverone ad oltre 2300 [&hellip;]\" \/>\n<meta property=\"og:url\" content=\"https:\/\/www.bellunopress.it\/fr\/2011\/10\/10\/via-alla-rassegna-chies-e-le-sue-montagne\/\" \/>\n<meta property=\"og:site_name\" content=\"Bellunopress - Dolomiti\" \/>\n<meta property=\"article:publisher\" content=\"https:\/\/www.facebook.com\/profile.php?id=100008943462799\" \/>\n<meta property=\"article:published_time\" content=\"2011-10-10T17:48:30+00:00\" \/>\n<meta property=\"og:image\" content=\"http:\/\/www.bellunopress.it\/wp-content\/uploads\/2012\/07\/logo-bellunopress-250x250-2012.jpg\" \/>\n<meta name=\"author\" content=\"redazione\" \/>\n<meta name=\"twitter:card\" content=\"summary_large_image\" \/>\n<meta name=\"twitter:creator\" content=\"@bellunopress\" \/>\n<meta name=\"twitter:site\" content=\"@bellunopress\" \/>\n<meta name=\"twitter:label1\" content=\"\u00c9crit par\" \/>\n\t<meta name=\"twitter:data1\" content=\"redazione\" \/>\n\t<meta name=\"twitter:label2\" content=\"Dur\u00e9e de lecture estim\u00e9e\" \/>\n\t<meta name=\"twitter:data2\" content=\"3 minutes\" \/>\n<script type=\"application\/ld+json\" class=\"yoast-schema-graph\">{\"@context\":\"https:\\\/\\\/schema.org\",\"@graph\":[{\"@type\":\"Article\",\"@id\":\"https:\\\/\\\/www.bellunopress.it\\\/2011\\\/10\\\/10\\\/via-alla-rassegna-chies-e-le-sue-montagne\\\/#article\",\"isPartOf\":{\"@id\":\"https:\\\/\\\/www.bellunopress.it\\\/2011\\\/10\\\/10\\\/via-alla-rassegna-chies-e-le-sue-montagne\\\/\"},\"author\":{\"name\":\"redazione\",\"@id\":\"https:\\\/\\\/www.bellunopress.it\\\/#\\\/schema\\\/person\\\/79bb06722b37ece1c03d3e94beb30d73\"},\"headline\":\"Via alla rassegna &#8220;Chies e le sue montagne&#8221;\",\"datePublished\":\"2011-10-10T17:48:30+00:00\",\"mainEntityOfPage\":{\"@id\":\"https:\\\/\\\/www.bellunopress.it\\\/2011\\\/10\\\/10\\\/via-alla-rassegna-chies-e-le-sue-montagne\\\/\"},\"wordCount\":592,\"publisher\":{\"@id\":\"https:\\\/\\\/www.bellunopress.it\\\/#organization\"},\"articleSection\":[\"Appuntamenti, Eventi\",\"Pausa Caff\u00e8\"],\"inLanguage\":\"fr-FR\"},{\"@type\":\"WebPage\",\"@id\":\"https:\\\/\\\/www.bellunopress.it\\\/2011\\\/10\\\/10\\\/via-alla-rassegna-chies-e-le-sue-montagne\\\/\",\"url\":\"https:\\\/\\\/www.bellunopress.it\\\/2011\\\/10\\\/10\\\/via-alla-rassegna-chies-e-le-sue-montagne\\\/\",\"name\":\"Via alla rassegna \\\"Chies e le sue montagne\\\" - Bellunopress - Dolomiti\",\"isPartOf\":{\"@id\":\"https:\\\/\\\/www.bellunopress.it\\\/#website\"},\"datePublished\":\"2011-10-10T17:48:30+00:00\",\"breadcrumb\":{\"@id\":\"https:\\\/\\\/www.bellunopress.it\\\/2011\\\/10\\\/10\\\/via-alla-rassegna-chies-e-le-sue-montagne\\\/#breadcrumb\"},\"inLanguage\":\"fr-FR\",\"potentialAction\":[{\"@type\":\"ReadAction\",\"target\":[\"https:\\\/\\\/www.bellunopress.it\\\/2011\\\/10\\\/10\\\/via-alla-rassegna-chies-e-le-sue-montagne\\\/\"]}]},{\"@type\":\"BreadcrumbList\",\"@id\":\"https:\\\/\\\/www.bellunopress.it\\\/2011\\\/10\\\/10\\\/via-alla-rassegna-chies-e-le-sue-montagne\\\/#breadcrumb\",\"itemListElement\":[{\"@type\":\"ListItem\",\"position\":1,\"name\":\"Home\",\"item\":\"https:\\\/\\\/www.bellunopress.it\\\/\"},{\"@type\":\"ListItem\",\"position\":2,\"name\":\"Via alla rassegna &#8220;Chies e le sue montagne&#8221;\"}]},{\"@type\":\"WebSite\",\"@id\":\"https:\\\/\\\/www.bellunopress.it\\\/#website\",\"url\":\"https:\\\/\\\/www.bellunopress.it\\\/\",\"name\":\"Bellunopress - Dolomiti\",\"description\":\"e-mail: redazione@bellunopress.it\",\"publisher\":{\"@id\":\"https:\\\/\\\/www.bellunopress.it\\\/#organization\"},\"potentialAction\":[{\"@type\":\"SearchAction\",\"target\":{\"@type\":\"EntryPoint\",\"urlTemplate\":\"https:\\\/\\\/www.bellunopress.it\\\/?s={search_term_string}\"},\"query-input\":{\"@type\":\"PropertyValueSpecification\",\"valueRequired\":true,\"valueName\":\"search_term_string\"}}],\"inLanguage\":\"fr-FR\"},{\"@type\":\"Organization\",\"@id\":\"https:\\\/\\\/www.bellunopress.it\\\/#organization\",\"name\":\"Bellunopress\",\"url\":\"https:\\\/\\\/www.bellunopress.it\\\/\",\"logo\":{\"@type\":\"ImageObject\",\"inLanguage\":\"fr-FR\",\"@id\":\"https:\\\/\\\/www.bellunopress.it\\\/#\\\/schema\\\/logo\\\/image\\\/\",\"url\":\"https:\\\/\\\/www.bellunopress.it\\\/wp-content\\\/uploads\\\/2011\\\/05\\\/cropped-logo-bellunopress-.jpg\",\"contentUrl\":\"https:\\\/\\\/www.bellunopress.it\\\/wp-content\\\/uploads\\\/2011\\\/05\\\/cropped-logo-bellunopress-.jpg\",\"width\":512,\"height\":512,\"caption\":\"Bellunopress\"},\"image\":{\"@id\":\"https:\\\/\\\/www.bellunopress.it\\\/#\\\/schema\\\/logo\\\/image\\\/\"},\"sameAs\":[\"https:\\\/\\\/www.facebook.com\\\/profile.php?id=100008943462799\",\"https:\\\/\\\/x.com\\\/bellunopress\",\"https:\\\/\\\/www.linkedin.com\\\/hp\\\/?dnr=JBzUWaJfMUw8vbXJJ2tVW5-I3jZKvC4wsoxE&amp;amp;amp;amp;amp;amp;trk=nav_responsive_tab_home\",\"https:\\\/\\\/www.youtube.com\\\/channel\\\/UCxL0wu1uN0_3_7hGG0306cw\"]},{\"@type\":\"Person\",\"@id\":\"https:\\\/\\\/www.bellunopress.it\\\/#\\\/schema\\\/person\\\/79bb06722b37ece1c03d3e94beb30d73\",\"name\":\"redazione\",\"image\":{\"@type\":\"ImageObject\",\"inLanguage\":\"fr-FR\",\"@id\":\"https:\\\/\\\/secure.gravatar.com\\\/avatar\\\/37d968a2e67a6fd04c169c4bdef102d0bc5d31b2546345219e348575eb80e9a0?s=96&d=mm&r=g\",\"url\":\"https:\\\/\\\/secure.gravatar.com\\\/avatar\\\/37d968a2e67a6fd04c169c4bdef102d0bc5d31b2546345219e348575eb80e9a0?s=96&d=mm&r=g\",\"contentUrl\":\"https:\\\/\\\/secure.gravatar.com\\\/avatar\\\/37d968a2e67a6fd04c169c4bdef102d0bc5d31b2546345219e348575eb80e9a0?s=96&d=mm&r=g\",\"caption\":\"redazione\"},\"sameAs\":[\"http:\\\/\\\/www.bellunopress.it\",\"https:\\\/\\\/x.com\\\/bellunopress\"],\"url\":\"https:\\\/\\\/www.bellunopress.it\\\/fr\\\/author\\\/redazione\\\/\"}]}<\/script>\n<!-- \/ Yoast SEO plugin. -->","yoast_head_json":{"title":"Via alla rassegna \"Chies e le sue montagne\" - Bellunopress - Dolomiti","robots":{"index":"index","follow":"follow","max-snippet":"max-snippet:-1","max-image-preview":"max-image-preview:large","max-video-preview":"max-video-preview:-1"},"canonical":"https:\/\/www.bellunopress.it\/fr\/2011\/10\/10\/via-alla-rassegna-chies-e-le-sue-montagne\/","og_locale":"fr_FR","og_type":"article","og_title":"Via alla rassegna \"Chies e le sue montagne\" - Bellunopress - Dolomiti","og_description":"Festeggia il decimo compleanno &#8220;Chies e le sue montagne&#8221;, la rassegna itinerante dell&#8217;Alpago dedicata all&#8217;alpinismo. E lo fa con un programma di 10 eventi dedicati non solo ai cultori della montagna, ma anche a curiosi e appassionati. Si parte sabato 15 ottobre da San Martino con la messa (ore 10) sul Teverone ad oltre 2300 [&hellip;]","og_url":"https:\/\/www.bellunopress.it\/fr\/2011\/10\/10\/via-alla-rassegna-chies-e-le-sue-montagne\/","og_site_name":"Bellunopress - Dolomiti","article_publisher":"https:\/\/www.facebook.com\/profile.php?id=100008943462799","article_published_time":"2011-10-10T17:48:30+00:00","og_image":[{"url":"http:\/\/www.bellunopress.it\/wp-content\/uploads\/2012\/07\/logo-bellunopress-250x250-2012.jpg","type":"","width":"","height":""}],"author":"redazione","twitter_card":"summary_large_image","twitter_creator":"@bellunopress","twitter_site":"@bellunopress","twitter_misc":{"\u00c9crit par":"redazione","Dur\u00e9e de lecture estim\u00e9e":"3 minutes"},"schema":{"@context":"https:\/\/schema.org","@graph":[{"@type":"Article","@id":"https:\/\/www.bellunopress.it\/2011\/10\/10\/via-alla-rassegna-chies-e-le-sue-montagne\/#article","isPartOf":{"@id":"https:\/\/www.bellunopress.it\/2011\/10\/10\/via-alla-rassegna-chies-e-le-sue-montagne\/"},"author":{"name":"redazione","@id":"https:\/\/www.bellunopress.it\/#\/schema\/person\/79bb06722b37ece1c03d3e94beb30d73"},"headline":"Via alla rassegna &#8220;Chies e le sue montagne&#8221;","datePublished":"2011-10-10T17:48:30+00:00","mainEntityOfPage":{"@id":"https:\/\/www.bellunopress.it\/2011\/10\/10\/via-alla-rassegna-chies-e-le-sue-montagne\/"},"wordCount":592,"publisher":{"@id":"https:\/\/www.bellunopress.it\/#organization"},"articleSection":["Appuntamenti, Eventi","Pausa Caff\u00e8"],"inLanguage":"fr-FR"},{"@type":"WebPage","@id":"https:\/\/www.bellunopress.it\/2011\/10\/10\/via-alla-rassegna-chies-e-le-sue-montagne\/","url":"https:\/\/www.bellunopress.it\/2011\/10\/10\/via-alla-rassegna-chies-e-le-sue-montagne\/","name":"Via alla rassegna \"Chies e le sue montagne\" - Bellunopress - Dolomiti","isPartOf":{"@id":"https:\/\/www.bellunopress.it\/#website"},"datePublished":"2011-10-10T17:48:30+00:00","breadcrumb":{"@id":"https:\/\/www.bellunopress.it\/2011\/10\/10\/via-alla-rassegna-chies-e-le-sue-montagne\/#breadcrumb"},"inLanguage":"fr-FR","potentialAction":[{"@type":"ReadAction","target":["https:\/\/www.bellunopress.it\/2011\/10\/10\/via-alla-rassegna-chies-e-le-sue-montagne\/"]}]},{"@type":"BreadcrumbList","@id":"https:\/\/www.bellunopress.it\/2011\/10\/10\/via-alla-rassegna-chies-e-le-sue-montagne\/#breadcrumb","itemListElement":[{"@type":"ListItem","position":1,"name":"Home","item":"https:\/\/www.bellunopress.it\/"},{"@type":"ListItem","position":2,"name":"Via alla rassegna &#8220;Chies e le sue montagne&#8221;"}]},{"@type":"WebSite","@id":"https:\/\/www.bellunopress.it\/#website","url":"https:\/\/www.bellunopress.it\/","name":"Bellunopress - Dolomiti","description":"e-mail: redazione@bellunopress.it","publisher":{"@id":"https:\/\/www.bellunopress.it\/#organization"},"potentialAction":[{"@type":"SearchAction","target":{"@type":"EntryPoint","urlTemplate":"https:\/\/www.bellunopress.it\/?s={search_term_string}"},"query-input":{"@type":"PropertyValueSpecification","valueRequired":true,"valueName":"search_term_string"}}],"inLanguage":"fr-FR"},{"@type":"Organization","@id":"https:\/\/www.bellunopress.it\/#organization","name":"Bellunopress","url":"https:\/\/www.bellunopress.it\/","logo":{"@type":"ImageObject","inLanguage":"fr-FR","@id":"https:\/\/www.bellunopress.it\/#\/schema\/logo\/image\/","url":"https:\/\/www.bellunopress.it\/wp-content\/uploads\/2011\/05\/cropped-logo-bellunopress-.jpg","contentUrl":"https:\/\/www.bellunopress.it\/wp-content\/uploads\/2011\/05\/cropped-logo-bellunopress-.jpg","width":512,"height":512,"caption":"Bellunopress"},"image":{"@id":"https:\/\/www.bellunopress.it\/#\/schema\/logo\/image\/"},"sameAs":["https:\/\/www.facebook.com\/profile.php?id=100008943462799","https:\/\/x.com\/bellunopress","https:\/\/www.linkedin.com\/hp\/?dnr=JBzUWaJfMUw8vbXJJ2tVW5-I3jZKvC4wsoxE&amp;amp;amp;amp;amp;amp;trk=nav_responsive_tab_home","https:\/\/www.youtube.com\/channel\/UCxL0wu1uN0_3_7hGG0306cw"]},{"@type":"Person","@id":"https:\/\/www.bellunopress.it\/#\/schema\/person\/79bb06722b37ece1c03d3e94beb30d73","name":"r\u00e9daction","image":{"@type":"ImageObject","inLanguage":"fr-FR","@id":"https:\/\/secure.gravatar.com\/avatar\/37d968a2e67a6fd04c169c4bdef102d0bc5d31b2546345219e348575eb80e9a0?s=96&d=mm&r=g","url":"https:\/\/secure.gravatar.com\/avatar\/37d968a2e67a6fd04c169c4bdef102d0bc5d31b2546345219e348575eb80e9a0?s=96&d=mm&r=g","contentUrl":"https:\/\/secure.gravatar.com\/avatar\/37d968a2e67a6fd04c169c4bdef102d0bc5d31b2546345219e348575eb80e9a0?s=96&d=mm&r=g","caption":"redazione"},"sameAs":["http:\/\/www.bellunopress.it","https:\/\/x.com\/bellunopress"],"url":"https:\/\/www.bellunopress.it\/fr\/author\/redazione\/"}]}},"_links":{"self":[{"href":"https:\/\/www.bellunopress.it\/fr\/wp-json\/wp\/v2\/posts\/31335","targetHints":{"allow":["GET"]}}],"collection":[{"href":"https:\/\/www.bellunopress.it\/fr\/wp-json\/wp\/v2\/posts"}],"about":[{"href":"https:\/\/www.bellunopress.it\/fr\/wp-json\/wp\/v2\/types\/post"}],"author":[{"embeddable":true,"href":"https:\/\/www.bellunopress.it\/fr\/wp-json\/wp\/v2\/users\/2"}],"replies":[{"embeddable":true,"href":"https:\/\/www.bellunopress.it\/fr\/wp-json\/wp\/v2\/comments?post=31335"}],"version-history":[{"count":1,"href":"https:\/\/www.bellunopress.it\/fr\/wp-json\/wp\/v2\/posts\/31335\/revisions"}],"predecessor-version":[{"id":31336,"href":"https:\/\/www.bellunopress.it\/fr\/wp-json\/wp\/v2\/posts\/31335\/revisions\/31336"}],"wp:attachment":[{"href":"https:\/\/www.bellunopress.it\/fr\/wp-json\/wp\/v2\/media?parent=31335"}],"wp:term":[{"taxonomy":"category","embeddable":true,"href":"https:\/\/www.bellunopress.it\/fr\/wp-json\/wp\/v2\/categories?post=31335"},{"taxonomy":"post_tag","embeddable":true,"href":"https:\/\/www.bellunopress.it\/fr\/wp-json\/wp\/v2\/tags?post=31335"}],"curies":[{"name":"wp","href":"https:\/\/api.w.org\/{rel}","templated":true}]}}