{"id":31221,"date":"2011-10-06T20:15:32","date_gmt":"2011-10-06T19:15:32","guid":{"rendered":"http:\/\/www.bellunopress.it\/?p=31221"},"modified":"2011-10-06T20:15:32","modified_gmt":"2011-10-06T19:15:32","slug":"sabato-i-musei-delle-regole-dampezzo-partecipano-alla-giornata-del-contemporaneo","status":"publish","type":"post","link":"https:\/\/www.bellunopress.it\/fr\/2011\/10\/06\/sabato-i-musei-delle-regole-dampezzo-partecipano-alla-giornata-del-contemporaneo\/","title":{"rendered":"Sabato i Musei delle Regole d&#8217;Ampezzo partecipano alla Giornata del Contemporaneo"},"content":{"rendered":"<p>Quest\u2019anno i Musei delle Regole, il Museo d\u2019Arte Moderna Mario Rimoldi, il Museo Paleontologico Rinaldo Zardini e il Museo Etnografico, parteciperanno l\u20198 ottobre 2011 alla Settima edizione della Giornata del Contemporaneo, organizzata da AMACI, Associazione dei Musei d\u2019Arte Contemporanea Italiani.<br \/>\nLa giornata prevede l\u2019accesso gratuito ai Musei in ogni angolo del Paese, per presentare artisti e nuove idee attraverso mostre, laboratori, eventi e conferenze. \u2028Alla giornata partecipano la Direzione Generale per il Paesaggio, le Belle Arti, l\u2019Architettura e l\u2019Arte Contemporanee del Ministero dei Beni e delle Attivit\u00e0 Culturali, accanto alle pi\u00f9 importanti istituzioni italiane. I Musei delle Regole hanno deciso di aderire per far conoscere sempre pi\u00f9 i preziosi patrimoni che custodiscono e per offrire a tutti la possibilit\u00e0 di visitare le tre realt\u00e0 museali gratuitamente per una giornata.<\/p>","protected":false},"excerpt":{"rendered":"<p>Quest\u2019anno i Musei delle Regole, il Museo d\u2019Arte Moderna Mario Rimoldi, il Museo Paleontologico Rinaldo Zardini e il Museo Etnografico, parteciperanno l\u20198 ottobre 2011 alla Settima edizione della Giornata del Contemporaneo, organizzata da AMACI, Associazione dei Musei d\u2019Arte Contemporanea Italiani. La giornata prevede l\u2019accesso gratuito ai Musei in ogni angolo del Paese, per presentare artisti [&hellip;]<\/p>\n","protected":false},"author":2,"featured_media":0,"comment_status":"closed","ping_status":"open","sticky":false,"template":"","format":"standard","meta":{"footnotes":""},"categories":[27,25],"tags":[],"class_list":["post-31221","post","type-post","status-publish","format-standard","category-appuntamenti","category-pausa-caffe"],"yoast_head":"<!-- This site is optimized with the Yoast SEO plugin v28.4 - https:\/\/yoast.com\/product\/yoast-seo-wordpress\/ -->\n<title>Sabato i Musei delle Regole d&#039;Ampezzo partecipano alla Giornata del Contemporaneo - Bellunopress - Dolomiti<\/title>\n<meta name=\"robots\" content=\"index, follow, max-snippet:-1, max-image-preview:large, max-video-preview:-1\" \/>\n<link rel=\"canonical\" href=\"https:\/\/www.bellunopress.it\/fr\/2011\/10\/06\/sabato-i-musei-delle-regole-dampezzo-partecipano-alla-giornata-del-contemporaneo\/\" \/>\n<meta property=\"og:locale\" content=\"fr_FR\" \/>\n<meta property=\"og:type\" content=\"article\" \/>\n<meta property=\"og:title\" content=\"Sabato i Musei delle Regole d&#039;Ampezzo partecipano alla Giornata del Contemporaneo - Bellunopress - Dolomiti\" \/>\n<meta property=\"og:description\" content=\"Quest\u2019anno i Musei delle Regole, il Museo d\u2019Arte Moderna Mario Rimoldi, il Museo Paleontologico Rinaldo Zardini e il Museo Etnografico, parteciperanno l\u20198 ottobre 2011 alla Settima edizione della Giornata del Contemporaneo, organizzata da AMACI, Associazione dei Musei d\u2019Arte Contemporanea Italiani. La giornata prevede l\u2019accesso gratuito ai Musei in ogni angolo del Paese, per presentare artisti [&hellip;]\" \/>\n<meta property=\"og:url\" content=\"https:\/\/www.bellunopress.it\/fr\/2011\/10\/06\/sabato-i-musei-delle-regole-dampezzo-partecipano-alla-giornata-del-contemporaneo\/\" \/>\n<meta property=\"og:site_name\" content=\"Bellunopress - Dolomiti\" \/>\n<meta property=\"article:publisher\" content=\"https:\/\/www.facebook.com\/profile.php?id=100008943462799\" \/>\n<meta property=\"article:published_time\" content=\"2011-10-06T19:15:32+00:00\" \/>\n<meta property=\"og:image\" content=\"http:\/\/www.bellunopress.it\/wp-content\/uploads\/2012\/07\/logo-bellunopress-250x250-2012.jpg\" \/>\n<meta name=\"author\" content=\"redazione\" \/>\n<meta name=\"twitter:card\" content=\"summary_large_image\" \/>\n<meta name=\"twitter:creator\" content=\"@bellunopress\" \/>\n<meta name=\"twitter:site\" content=\"@bellunopress\" \/>\n<meta name=\"twitter:label1\" content=\"\u00c9crit par\" \/>\n\t<meta name=\"twitter:data1\" content=\"redazione\" \/>\n\t<meta name=\"twitter:label2\" content=\"Dur\u00e9e de lecture estim\u00e9e\" \/>\n\t<meta name=\"twitter:data2\" content=\"1 minute\" \/>\n<script type=\"application\/ld+json\" class=\"yoast-schema-graph\">{\"@context\":\"https:\\\/\\\/schema.org\",\"@graph\":[{\"@type\":\"Article\",\"@id\":\"https:\\\/\\\/www.bellunopress.it\\\/2011\\\/10\\\/06\\\/sabato-i-musei-delle-regole-dampezzo-partecipano-alla-giornata-del-contemporaneo\\\/#article\",\"isPartOf\":{\"@id\":\"https:\\\/\\\/www.bellunopress.it\\\/2011\\\/10\\\/06\\\/sabato-i-musei-delle-regole-dampezzo-partecipano-alla-giornata-del-contemporaneo\\\/\"},\"author\":{\"name\":\"redazione\",\"@id\":\"https:\\\/\\\/www.bellunopress.it\\\/#\\\/schema\\\/person\\\/79bb06722b37ece1c03d3e94beb30d73\"},\"headline\":\"Sabato i Musei delle Regole d&#8217;Ampezzo partecipano alla Giornata del Contemporaneo\",\"datePublished\":\"2011-10-06T19:15:32+00:00\",\"mainEntityOfPage\":{\"@id\":\"https:\\\/\\\/www.bellunopress.it\\\/2011\\\/10\\\/06\\\/sabato-i-musei-delle-regole-dampezzo-partecipano-alla-giornata-del-contemporaneo\\\/\"},\"wordCount\":146,\"publisher\":{\"@id\":\"https:\\\/\\\/www.bellunopress.it\\\/#organization\"},\"articleSection\":[\"Appuntamenti, Eventi\",\"Pausa Caff\u00e8\"],\"inLanguage\":\"fr-FR\"},{\"@type\":\"WebPage\",\"@id\":\"https:\\\/\\\/www.bellunopress.it\\\/2011\\\/10\\\/06\\\/sabato-i-musei-delle-regole-dampezzo-partecipano-alla-giornata-del-contemporaneo\\\/\",\"url\":\"https:\\\/\\\/www.bellunopress.it\\\/2011\\\/10\\\/06\\\/sabato-i-musei-delle-regole-dampezzo-partecipano-alla-giornata-del-contemporaneo\\\/\",\"name\":\"Sabato i Musei delle Regole d'Ampezzo partecipano alla Giornata del Contemporaneo - Bellunopress - Dolomiti\",\"isPartOf\":{\"@id\":\"https:\\\/\\\/www.bellunopress.it\\\/#website\"},\"datePublished\":\"2011-10-06T19:15:32+00:00\",\"breadcrumb\":{\"@id\":\"https:\\\/\\\/www.bellunopress.it\\\/2011\\\/10\\\/06\\\/sabato-i-musei-delle-regole-dampezzo-partecipano-alla-giornata-del-contemporaneo\\\/#breadcrumb\"},\"inLanguage\":\"fr-FR\",\"potentialAction\":[{\"@type\":\"ReadAction\",\"target\":[\"https:\\\/\\\/www.bellunopress.it\\\/2011\\\/10\\\/06\\\/sabato-i-musei-delle-regole-dampezzo-partecipano-alla-giornata-del-contemporaneo\\\/\"]}]},{\"@type\":\"BreadcrumbList\",\"@id\":\"https:\\\/\\\/www.bellunopress.it\\\/2011\\\/10\\\/06\\\/sabato-i-musei-delle-regole-dampezzo-partecipano-alla-giornata-del-contemporaneo\\\/#breadcrumb\",\"itemListElement\":[{\"@type\":\"ListItem\",\"position\":1,\"name\":\"Home\",\"item\":\"https:\\\/\\\/www.bellunopress.it\\\/\"},{\"@type\":\"ListItem\",\"position\":2,\"name\":\"Sabato i Musei delle Regole d&#8217;Ampezzo partecipano alla Giornata del Contemporaneo\"}]},{\"@type\":\"WebSite\",\"@id\":\"https:\\\/\\\/www.bellunopress.it\\\/#website\",\"url\":\"https:\\\/\\\/www.bellunopress.it\\\/\",\"name\":\"Bellunopress - Dolomiti\",\"description\":\"e-mail: redazione@bellunopress.it\",\"publisher\":{\"@id\":\"https:\\\/\\\/www.bellunopress.it\\\/#organization\"},\"potentialAction\":[{\"@type\":\"SearchAction\",\"target\":{\"@type\":\"EntryPoint\",\"urlTemplate\":\"https:\\\/\\\/www.bellunopress.it\\\/?s={search_term_string}\"},\"query-input\":{\"@type\":\"PropertyValueSpecification\",\"valueRequired\":true,\"valueName\":\"search_term_string\"}}],\"inLanguage\":\"fr-FR\"},{\"@type\":\"Organization\",\"@id\":\"https:\\\/\\\/www.bellunopress.it\\\/#organization\",\"name\":\"Bellunopress\",\"url\":\"https:\\\/\\\/www.bellunopress.it\\\/\",\"logo\":{\"@type\":\"ImageObject\",\"inLanguage\":\"fr-FR\",\"@id\":\"https:\\\/\\\/www.bellunopress.it\\\/#\\\/schema\\\/logo\\\/image\\\/\",\"url\":\"https:\\\/\\\/www.bellunopress.it\\\/wp-content\\\/uploads\\\/2011\\\/05\\\/cropped-logo-bellunopress-.jpg\",\"contentUrl\":\"https:\\\/\\\/www.bellunopress.it\\\/wp-content\\\/uploads\\\/2011\\\/05\\\/cropped-logo-bellunopress-.jpg\",\"width\":512,\"height\":512,\"caption\":\"Bellunopress\"},\"image\":{\"@id\":\"https:\\\/\\\/www.bellunopress.it\\\/#\\\/schema\\\/logo\\\/image\\\/\"},\"sameAs\":[\"https:\\\/\\\/www.facebook.com\\\/profile.php?id=100008943462799\",\"https:\\\/\\\/x.com\\\/bellunopress\",\"https:\\\/\\\/www.linkedin.com\\\/hp\\\/?dnr=JBzUWaJfMUw8vbXJJ2tVW5-I3jZKvC4wsoxE&amp;amp;amp;amp;amp;amp;trk=nav_responsive_tab_home\",\"https:\\\/\\\/www.youtube.com\\\/channel\\\/UCxL0wu1uN0_3_7hGG0306cw\"]},{\"@type\":\"Person\",\"@id\":\"https:\\\/\\\/www.bellunopress.it\\\/#\\\/schema\\\/person\\\/79bb06722b37ece1c03d3e94beb30d73\",\"name\":\"redazione\",\"image\":{\"@type\":\"ImageObject\",\"inLanguage\":\"fr-FR\",\"@id\":\"https:\\\/\\\/secure.gravatar.com\\\/avatar\\\/37d968a2e67a6fd04c169c4bdef102d0bc5d31b2546345219e348575eb80e9a0?s=96&d=mm&r=g\",\"url\":\"https:\\\/\\\/secure.gravatar.com\\\/avatar\\\/37d968a2e67a6fd04c169c4bdef102d0bc5d31b2546345219e348575eb80e9a0?s=96&d=mm&r=g\",\"contentUrl\":\"https:\\\/\\\/secure.gravatar.com\\\/avatar\\\/37d968a2e67a6fd04c169c4bdef102d0bc5d31b2546345219e348575eb80e9a0?s=96&d=mm&r=g\",\"caption\":\"redazione\"},\"sameAs\":[\"http:\\\/\\\/www.bellunopress.it\",\"https:\\\/\\\/x.com\\\/bellunopress\"],\"url\":\"https:\\\/\\\/www.bellunopress.it\\\/fr\\\/author\\\/redazione\\\/\"}]}<\/script>\n<!-- \/ Yoast SEO plugin. -->","yoast_head_json":{"title":"Sabato i Musei delle Regole d'Ampezzo partecipano alla Giornata del Contemporaneo - Bellunopress - Dolomiti","robots":{"index":"index","follow":"follow","max-snippet":"max-snippet:-1","max-image-preview":"max-image-preview:large","max-video-preview":"max-video-preview:-1"},"canonical":"https:\/\/www.bellunopress.it\/fr\/2011\/10\/06\/sabato-i-musei-delle-regole-dampezzo-partecipano-alla-giornata-del-contemporaneo\/","og_locale":"fr_FR","og_type":"article","og_title":"Sabato i Musei delle Regole d'Ampezzo partecipano alla Giornata del Contemporaneo - Bellunopress - Dolomiti","og_description":"Quest\u2019anno i Musei delle Regole, il Museo d\u2019Arte Moderna Mario Rimoldi, il Museo Paleontologico Rinaldo Zardini e il Museo Etnografico, parteciperanno l\u20198 ottobre 2011 alla Settima edizione della Giornata del Contemporaneo, organizzata da AMACI, Associazione dei Musei d\u2019Arte Contemporanea Italiani. La giornata prevede l\u2019accesso gratuito ai Musei in ogni angolo del Paese, per presentare artisti [&hellip;]","og_url":"https:\/\/www.bellunopress.it\/fr\/2011\/10\/06\/sabato-i-musei-delle-regole-dampezzo-partecipano-alla-giornata-del-contemporaneo\/","og_site_name":"Bellunopress - Dolomiti","article_publisher":"https:\/\/www.facebook.com\/profile.php?id=100008943462799","article_published_time":"2011-10-06T19:15:32+00:00","og_image":[{"url":"http:\/\/www.bellunopress.it\/wp-content\/uploads\/2012\/07\/logo-bellunopress-250x250-2012.jpg","type":"","width":"","height":""}],"author":"redazione","twitter_card":"summary_large_image","twitter_creator":"@bellunopress","twitter_site":"@bellunopress","twitter_misc":{"\u00c9crit par":"redazione","Dur\u00e9e de lecture estim\u00e9e":"1 minute"},"schema":{"@context":"https:\/\/schema.org","@graph":[{"@type":"Article","@id":"https:\/\/www.bellunopress.it\/2011\/10\/06\/sabato-i-musei-delle-regole-dampezzo-partecipano-alla-giornata-del-contemporaneo\/#article","isPartOf":{"@id":"https:\/\/www.bellunopress.it\/2011\/10\/06\/sabato-i-musei-delle-regole-dampezzo-partecipano-alla-giornata-del-contemporaneo\/"},"author":{"name":"redazione","@id":"https:\/\/www.bellunopress.it\/#\/schema\/person\/79bb06722b37ece1c03d3e94beb30d73"},"headline":"Sabato i Musei delle Regole d&#8217;Ampezzo partecipano alla Giornata del Contemporaneo","datePublished":"2011-10-06T19:15:32+00:00","mainEntityOfPage":{"@id":"https:\/\/www.bellunopress.it\/2011\/10\/06\/sabato-i-musei-delle-regole-dampezzo-partecipano-alla-giornata-del-contemporaneo\/"},"wordCount":146,"publisher":{"@id":"https:\/\/www.bellunopress.it\/#organization"},"articleSection":["Appuntamenti, Eventi","Pausa Caff\u00e8"],"inLanguage":"fr-FR"},{"@type":"WebPage","@id":"https:\/\/www.bellunopress.it\/2011\/10\/06\/sabato-i-musei-delle-regole-dampezzo-partecipano-alla-giornata-del-contemporaneo\/","url":"https:\/\/www.bellunopress.it\/2011\/10\/06\/sabato-i-musei-delle-regole-dampezzo-partecipano-alla-giornata-del-contemporaneo\/","name":"Sabato i Musei delle Regole d'Ampezzo partecipano alla Giornata del Contemporaneo - Bellunopress - Dolomiti","isPartOf":{"@id":"https:\/\/www.bellunopress.it\/#website"},"datePublished":"2011-10-06T19:15:32+00:00","breadcrumb":{"@id":"https:\/\/www.bellunopress.it\/2011\/10\/06\/sabato-i-musei-delle-regole-dampezzo-partecipano-alla-giornata-del-contemporaneo\/#breadcrumb"},"inLanguage":"fr-FR","potentialAction":[{"@type":"ReadAction","target":["https:\/\/www.bellunopress.it\/2011\/10\/06\/sabato-i-musei-delle-regole-dampezzo-partecipano-alla-giornata-del-contemporaneo\/"]}]},{"@type":"BreadcrumbList","@id":"https:\/\/www.bellunopress.it\/2011\/10\/06\/sabato-i-musei-delle-regole-dampezzo-partecipano-alla-giornata-del-contemporaneo\/#breadcrumb","itemListElement":[{"@type":"ListItem","position":1,"name":"Home","item":"https:\/\/www.bellunopress.it\/"},{"@type":"ListItem","position":2,"name":"Sabato i Musei delle Regole d&#8217;Ampezzo partecipano alla Giornata del Contemporaneo"}]},{"@type":"WebSite","@id":"https:\/\/www.bellunopress.it\/#website","url":"https:\/\/www.bellunopress.it\/","name":"Bellunopress - Dolomiti","description":"e-mail: redazione@bellunopress.it","publisher":{"@id":"https:\/\/www.bellunopress.it\/#organization"},"potentialAction":[{"@type":"SearchAction","target":{"@type":"EntryPoint","urlTemplate":"https:\/\/www.bellunopress.it\/?s={search_term_string}"},"query-input":{"@type":"PropertyValueSpecification","valueRequired":true,"valueName":"search_term_string"}}],"inLanguage":"fr-FR"},{"@type":"Organization","@id":"https:\/\/www.bellunopress.it\/#organization","name":"Bellunopress","url":"https:\/\/www.bellunopress.it\/","logo":{"@type":"ImageObject","inLanguage":"fr-FR","@id":"https:\/\/www.bellunopress.it\/#\/schema\/logo\/image\/","url":"https:\/\/www.bellunopress.it\/wp-content\/uploads\/2011\/05\/cropped-logo-bellunopress-.jpg","contentUrl":"https:\/\/www.bellunopress.it\/wp-content\/uploads\/2011\/05\/cropped-logo-bellunopress-.jpg","width":512,"height":512,"caption":"Bellunopress"},"image":{"@id":"https:\/\/www.bellunopress.it\/#\/schema\/logo\/image\/"},"sameAs":["https:\/\/www.facebook.com\/profile.php?id=100008943462799","https:\/\/x.com\/bellunopress","https:\/\/www.linkedin.com\/hp\/?dnr=JBzUWaJfMUw8vbXJJ2tVW5-I3jZKvC4wsoxE&amp;amp;amp;amp;amp;amp;trk=nav_responsive_tab_home","https:\/\/www.youtube.com\/channel\/UCxL0wu1uN0_3_7hGG0306cw"]},{"@type":"Person","@id":"https:\/\/www.bellunopress.it\/#\/schema\/person\/79bb06722b37ece1c03d3e94beb30d73","name":"r\u00e9daction","image":{"@type":"ImageObject","inLanguage":"fr-FR","@id":"https:\/\/secure.gravatar.com\/avatar\/37d968a2e67a6fd04c169c4bdef102d0bc5d31b2546345219e348575eb80e9a0?s=96&d=mm&r=g","url":"https:\/\/secure.gravatar.com\/avatar\/37d968a2e67a6fd04c169c4bdef102d0bc5d31b2546345219e348575eb80e9a0?s=96&d=mm&r=g","contentUrl":"https:\/\/secure.gravatar.com\/avatar\/37d968a2e67a6fd04c169c4bdef102d0bc5d31b2546345219e348575eb80e9a0?s=96&d=mm&r=g","caption":"redazione"},"sameAs":["http:\/\/www.bellunopress.it","https:\/\/x.com\/bellunopress"],"url":"https:\/\/www.bellunopress.it\/fr\/author\/redazione\/"}]}},"_links":{"self":[{"href":"https:\/\/www.bellunopress.it\/fr\/wp-json\/wp\/v2\/posts\/31221","targetHints":{"allow":["GET"]}}],"collection":[{"href":"https:\/\/www.bellunopress.it\/fr\/wp-json\/wp\/v2\/posts"}],"about":[{"href":"https:\/\/www.bellunopress.it\/fr\/wp-json\/wp\/v2\/types\/post"}],"author":[{"embeddable":true,"href":"https:\/\/www.bellunopress.it\/fr\/wp-json\/wp\/v2\/users\/2"}],"replies":[{"embeddable":true,"href":"https:\/\/www.bellunopress.it\/fr\/wp-json\/wp\/v2\/comments?post=31221"}],"version-history":[{"count":1,"href":"https:\/\/www.bellunopress.it\/fr\/wp-json\/wp\/v2\/posts\/31221\/revisions"}],"predecessor-version":[{"id":31222,"href":"https:\/\/www.bellunopress.it\/fr\/wp-json\/wp\/v2\/posts\/31221\/revisions\/31222"}],"wp:attachment":[{"href":"https:\/\/www.bellunopress.it\/fr\/wp-json\/wp\/v2\/media?parent=31221"}],"wp:term":[{"taxonomy":"category","embeddable":true,"href":"https:\/\/www.bellunopress.it\/fr\/wp-json\/wp\/v2\/categories?post=31221"},{"taxonomy":"post_tag","embeddable":true,"href":"https:\/\/www.bellunopress.it\/fr\/wp-json\/wp\/v2\/tags?post=31221"}],"curies":[{"name":"wp","href":"https:\/\/api.w.org\/{rel}","templated":true}]}}