{"id":31218,"date":"2011-10-06T19:50:52","date_gmt":"2011-10-06T18:50:52","guid":{"rendered":"http:\/\/www.bellunopress.it\/?p=31218"},"modified":"2011-10-06T19:50:52","modified_gmt":"2011-10-06T18:50:52","slug":"bond-sui-beni-del-cansiglio-non-possiamo-vendere-i-gioielli-di-famiglia-senzacoinvolgere-le-comunita-locali","status":"publish","type":"post","link":"https:\/\/www.bellunopress.it\/fr\/2011\/10\/06\/bond-sui-beni-del-cansiglio-non-possiamo-vendere-i-gioielli-di-famiglia-senzacoinvolgere-le-comunita-locali\/","title":{"rendered":"Bond sui beni del Cansiglio: &#8220;Non possiamo vendere i gioielli di famiglia senzacoinvolgere le comunit\u00e0 locali&#8221;"},"content":{"rendered":"<figure id=\"attachment_15529\" aria-describedby=\"caption-attachment-15529\" style=\"width: 130px\" class=\"wp-caption alignleft\"><a href=\"http:\/\/www.bellunopress.it\/wp-content\/uploads\/2010\/05\/bond-leggeriss.jpg\"><img loading=\"lazy\" decoding=\"async\" class=\"size-full wp-image-15529\" title=\"bond-leggeriss\" src=\"http:\/\/www.bellunopress.it\/wp-content\/uploads\/2010\/05\/bond-leggeriss.jpg\" alt=\"\" width=\"130\" height=\"130\" \/><\/a><figcaption id=\"caption-attachment-15529\" class=\"wp-caption-text\">Dario Bond<\/figcaption><\/figure>\n<p>\u201cNon \u00e8 possibile vendere i gioielli di famiglia senza averne prima discusso in famiglia. I beni del Cansiglio anche se sono di propriet\u00e0 regionale \u2013 rientrando nel patrimonio indisponibile della Regione \u2013 appartengono a tutta la collettivit\u00e0, a cominciare da quella dell\u2019Alpago\u201d.<br \/>\nA dirlo \u00e8 il capogruppo del Pdl in Consiglio regionale Dario Bond dopo l\u2019annuncio della vendita dell\u2019intero complesso del Cansiglio.<br \/>\n\u201cPrima di procedere a un passo del genere devono essere consultate le comunit\u00e0 locali, comune di Farra e di Tambre in primis\u201d, insiste Bond. \u201cIl Cansiglio \u00e8 un tutt\u2019uno con queste realt\u00e0. Gli amministratori dovranno avere un ruolo e la possibilit\u00e0 di avanzare le loro ipotesi e richieste. Insomma, non possiamo prescindere dalle esigenze del territorio. La Regione eviti di commettere un errore del genere\u201d.<br \/>\nA sottolineare la necessit\u00e0 di un confronto \u00e8 anche il sindaco di Farra Floriano De Pra: \u201cGli enti locali devono essere gli attori principali di un\u2019operazione di questo tipo, anche perch\u00e8 la pianificazione spetta a noi\u201d, sottolinea De Pra, che allo stesso tempo ricorda come il comprensorio dell\u2019Alpago sia attualmente alle prese con il Piano degli interventi, lo strumento urbanistico che \u2013 nei fatti \u2013 va ad applicare il Pati, il piano di assetto territoriale integrato. \u201cNon sono contrario a priori alla vendita ma prima dobbiamo essere coinvolti e poter dire la nostra. Ne abbiamo tutto il diritto\u201d.<br \/>\nSi dice \u201cperplesso\u201d il collega di Tambre Oscar Facchin: \u201cRimango stupito di fronte a questo modo di procedere da parte della Regione. Penso che prima di fare qualsiasi considerazione sia necessario condividere un progetto di sviluppo del territorio. Solo dopo si possono fare scelte come la vendita\u201d.<br \/>\nFacchin si rivolge poi alla Regione: \u201cServono innanzitutto chiarezza e trasparenza\u201d.<\/p>\n<p>&nbsp;<\/p>","protected":false},"excerpt":{"rendered":"<p>\u201cNon \u00e8 possibile vendere i gioielli di famiglia senza averne prima discusso in famiglia. I beni del Cansiglio anche se sono di propriet\u00e0 regionale \u2013 rientrando nel patrimonio indisponibile della Regione \u2013 appartengono a tutta la collettivit\u00e0, a cominciare da quella dell\u2019Alpago\u201d. A dirlo \u00e8 il capogruppo del Pdl in Consiglio regionale Dario Bond dopo [&hellip;]<\/p>\n","protected":false},"author":2,"featured_media":0,"comment_status":"closed","ping_status":"open","sticky":false,"template":"","format":"standard","meta":{"footnotes":""},"categories":[5,26],"tags":[],"class_list":["post-31218","post","type-post","status-publish","format-standard","category-cronaca","category-prima-pagina"],"yoast_head":"<!-- This site is optimized with the Yoast SEO plugin v28.4 - https:\/\/yoast.com\/product\/yoast-seo-wordpress\/ -->\n<title>Bond sui beni del Cansiglio: &quot;Non possiamo vendere i gioielli di famiglia senzacoinvolgere le comunit\u00e0 locali&quot; - Bellunopress - Dolomiti<\/title>\n<meta name=\"robots\" content=\"index, follow, max-snippet:-1, max-image-preview:large, max-video-preview:-1\" \/>\n<link rel=\"canonical\" href=\"https:\/\/www.bellunopress.it\/fr\/2011\/10\/06\/bond-sui-beni-del-cansiglio-non-possiamo-vendere-i-gioielli-di-famiglia-senzacoinvolgere-le-comunita-locali\/\" \/>\n<meta property=\"og:locale\" content=\"fr_FR\" \/>\n<meta property=\"og:type\" content=\"article\" \/>\n<meta property=\"og:title\" content=\"Bond sui beni del Cansiglio: &quot;Non possiamo vendere i gioielli di famiglia senzacoinvolgere le comunit\u00e0 locali&quot; - Bellunopress - Dolomiti\" \/>\n<meta property=\"og:description\" content=\"\u201cNon \u00e8 possibile vendere i gioielli di famiglia senza averne prima discusso in famiglia. I beni del Cansiglio anche se sono di propriet\u00e0 regionale \u2013 rientrando nel patrimonio indisponibile della Regione \u2013 appartengono a tutta la collettivit\u00e0, a cominciare da quella dell\u2019Alpago\u201d. A dirlo \u00e8 il capogruppo del Pdl in Consiglio regionale Dario Bond dopo [&hellip;]\" \/>\n<meta property=\"og:url\" content=\"https:\/\/www.bellunopress.it\/fr\/2011\/10\/06\/bond-sui-beni-del-cansiglio-non-possiamo-vendere-i-gioielli-di-famiglia-senzacoinvolgere-le-comunita-locali\/\" \/>\n<meta property=\"og:site_name\" content=\"Bellunopress - Dolomiti\" \/>\n<meta property=\"article:publisher\" content=\"https:\/\/www.facebook.com\/profile.php?id=100008943462799\" \/>\n<meta property=\"article:published_time\" content=\"2011-10-06T18:50:52+00:00\" \/>\n<meta property=\"og:image\" content=\"http:\/\/www.bellunopress.it\/wp-content\/uploads\/2010\/05\/bond-leggeriss.jpg\" \/>\n<meta name=\"author\" content=\"redazione\" \/>\n<meta name=\"twitter:card\" content=\"summary_large_image\" \/>\n<meta name=\"twitter:creator\" content=\"@bellunopress\" \/>\n<meta name=\"twitter:site\" content=\"@bellunopress\" \/>\n<meta name=\"twitter:label1\" content=\"\u00c9crit par\" \/>\n\t<meta name=\"twitter:data1\" content=\"redazione\" \/>\n\t<meta name=\"twitter:label2\" content=\"Dur\u00e9e de lecture estim\u00e9e\" \/>\n\t<meta name=\"twitter:data2\" content=\"1 minute\" \/>\n<script type=\"application\/ld+json\" class=\"yoast-schema-graph\">{\"@context\":\"https:\\\/\\\/schema.org\",\"@graph\":[{\"@type\":\"Article\",\"@id\":\"https:\\\/\\\/www.bellunopress.it\\\/2011\\\/10\\\/06\\\/bond-sui-beni-del-cansiglio-non-possiamo-vendere-i-gioielli-di-famiglia-senzacoinvolgere-le-comunita-locali\\\/#article\",\"isPartOf\":{\"@id\":\"https:\\\/\\\/www.bellunopress.it\\\/2011\\\/10\\\/06\\\/bond-sui-beni-del-cansiglio-non-possiamo-vendere-i-gioielli-di-famiglia-senzacoinvolgere-le-comunita-locali\\\/\"},\"author\":{\"name\":\"redazione\",\"@id\":\"https:\\\/\\\/www.bellunopress.it\\\/#\\\/schema\\\/person\\\/79bb06722b37ece1c03d3e94beb30d73\"},\"headline\":\"Bond sui beni del Cansiglio: &#8220;Non possiamo vendere i gioielli di famiglia senzacoinvolgere le comunit\u00e0 locali&#8221;\",\"datePublished\":\"2011-10-06T18:50:52+00:00\",\"mainEntityOfPage\":{\"@id\":\"https:\\\/\\\/www.bellunopress.it\\\/2011\\\/10\\\/06\\\/bond-sui-beni-del-cansiglio-non-possiamo-vendere-i-gioielli-di-famiglia-senzacoinvolgere-le-comunita-locali\\\/\"},\"wordCount\":308,\"publisher\":{\"@id\":\"https:\\\/\\\/www.bellunopress.it\\\/#organization\"},\"image\":{\"@id\":\"https:\\\/\\\/www.bellunopress.it\\\/2011\\\/10\\\/06\\\/bond-sui-beni-del-cansiglio-non-possiamo-vendere-i-gioielli-di-famiglia-senzacoinvolgere-le-comunita-locali\\\/#primaryimage\"},\"thumbnailUrl\":\"http:\\\/\\\/www.bellunopress.it\\\/wp-content\\\/uploads\\\/2010\\\/05\\\/bond-leggeriss.jpg\",\"articleSection\":[\"Cronaca\\\/Politica\",\"Prima Pagina\"],\"inLanguage\":\"fr-FR\"},{\"@type\":\"WebPage\",\"@id\":\"https:\\\/\\\/www.bellunopress.it\\\/2011\\\/10\\\/06\\\/bond-sui-beni-del-cansiglio-non-possiamo-vendere-i-gioielli-di-famiglia-senzacoinvolgere-le-comunita-locali\\\/\",\"url\":\"https:\\\/\\\/www.bellunopress.it\\\/2011\\\/10\\\/06\\\/bond-sui-beni-del-cansiglio-non-possiamo-vendere-i-gioielli-di-famiglia-senzacoinvolgere-le-comunita-locali\\\/\",\"name\":\"Bond sui beni del Cansiglio: \\\"Non possiamo vendere i gioielli di famiglia senzacoinvolgere le comunit\u00e0 locali\\\" - Bellunopress - Dolomiti\",\"isPartOf\":{\"@id\":\"https:\\\/\\\/www.bellunopress.it\\\/#website\"},\"primaryImageOfPage\":{\"@id\":\"https:\\\/\\\/www.bellunopress.it\\\/2011\\\/10\\\/06\\\/bond-sui-beni-del-cansiglio-non-possiamo-vendere-i-gioielli-di-famiglia-senzacoinvolgere-le-comunita-locali\\\/#primaryimage\"},\"image\":{\"@id\":\"https:\\\/\\\/www.bellunopress.it\\\/2011\\\/10\\\/06\\\/bond-sui-beni-del-cansiglio-non-possiamo-vendere-i-gioielli-di-famiglia-senzacoinvolgere-le-comunita-locali\\\/#primaryimage\"},\"thumbnailUrl\":\"http:\\\/\\\/www.bellunopress.it\\\/wp-content\\\/uploads\\\/2010\\\/05\\\/bond-leggeriss.jpg\",\"datePublished\":\"2011-10-06T18:50:52+00:00\",\"breadcrumb\":{\"@id\":\"https:\\\/\\\/www.bellunopress.it\\\/2011\\\/10\\\/06\\\/bond-sui-beni-del-cansiglio-non-possiamo-vendere-i-gioielli-di-famiglia-senzacoinvolgere-le-comunita-locali\\\/#breadcrumb\"},\"inLanguage\":\"fr-FR\",\"potentialAction\":[{\"@type\":\"ReadAction\",\"target\":[\"https:\\\/\\\/www.bellunopress.it\\\/2011\\\/10\\\/06\\\/bond-sui-beni-del-cansiglio-non-possiamo-vendere-i-gioielli-di-famiglia-senzacoinvolgere-le-comunita-locali\\\/\"]}]},{\"@type\":\"ImageObject\",\"inLanguage\":\"fr-FR\",\"@id\":\"https:\\\/\\\/www.bellunopress.it\\\/2011\\\/10\\\/06\\\/bond-sui-beni-del-cansiglio-non-possiamo-vendere-i-gioielli-di-famiglia-senzacoinvolgere-le-comunita-locali\\\/#primaryimage\",\"url\":\"http:\\\/\\\/www.bellunopress.it\\\/wp-content\\\/uploads\\\/2010\\\/05\\\/bond-leggeriss.jpg\",\"contentUrl\":\"http:\\\/\\\/www.bellunopress.it\\\/wp-content\\\/uploads\\\/2010\\\/05\\\/bond-leggeriss.jpg\"},{\"@type\":\"BreadcrumbList\",\"@id\":\"https:\\\/\\\/www.bellunopress.it\\\/2011\\\/10\\\/06\\\/bond-sui-beni-del-cansiglio-non-possiamo-vendere-i-gioielli-di-famiglia-senzacoinvolgere-le-comunita-locali\\\/#breadcrumb\",\"itemListElement\":[{\"@type\":\"ListItem\",\"position\":1,\"name\":\"Home\",\"item\":\"https:\\\/\\\/www.bellunopress.it\\\/\"},{\"@type\":\"ListItem\",\"position\":2,\"name\":\"Bond sui beni del Cansiglio: &#8220;Non possiamo vendere i gioielli di famiglia senzacoinvolgere le comunit\u00e0 locali&#8221;\"}]},{\"@type\":\"WebSite\",\"@id\":\"https:\\\/\\\/www.bellunopress.it\\\/#website\",\"url\":\"https:\\\/\\\/www.bellunopress.it\\\/\",\"name\":\"Bellunopress - Dolomiti\",\"description\":\"e-mail: redazione@bellunopress.it\",\"publisher\":{\"@id\":\"https:\\\/\\\/www.bellunopress.it\\\/#organization\"},\"potentialAction\":[{\"@type\":\"SearchAction\",\"target\":{\"@type\":\"EntryPoint\",\"urlTemplate\":\"https:\\\/\\\/www.bellunopress.it\\\/?s={search_term_string}\"},\"query-input\":{\"@type\":\"PropertyValueSpecification\",\"valueRequired\":true,\"valueName\":\"search_term_string\"}}],\"inLanguage\":\"fr-FR\"},{\"@type\":\"Organization\",\"@id\":\"https:\\\/\\\/www.bellunopress.it\\\/#organization\",\"name\":\"Bellunopress\",\"url\":\"https:\\\/\\\/www.bellunopress.it\\\/\",\"logo\":{\"@type\":\"ImageObject\",\"inLanguage\":\"fr-FR\",\"@id\":\"https:\\\/\\\/www.bellunopress.it\\\/#\\\/schema\\\/logo\\\/image\\\/\",\"url\":\"https:\\\/\\\/www.bellunopress.it\\\/wp-content\\\/uploads\\\/2011\\\/05\\\/cropped-logo-bellunopress-.jpg\",\"contentUrl\":\"https:\\\/\\\/www.bellunopress.it\\\/wp-content\\\/uploads\\\/2011\\\/05\\\/cropped-logo-bellunopress-.jpg\",\"width\":512,\"height\":512,\"caption\":\"Bellunopress\"},\"image\":{\"@id\":\"https:\\\/\\\/www.bellunopress.it\\\/#\\\/schema\\\/logo\\\/image\\\/\"},\"sameAs\":[\"https:\\\/\\\/www.facebook.com\\\/profile.php?id=100008943462799\",\"https:\\\/\\\/x.com\\\/bellunopress\",\"https:\\\/\\\/www.linkedin.com\\\/hp\\\/?dnr=JBzUWaJfMUw8vbXJJ2tVW5-I3jZKvC4wsoxE&amp;amp;amp;amp;amp;amp;trk=nav_responsive_tab_home\",\"https:\\\/\\\/www.youtube.com\\\/channel\\\/UCxL0wu1uN0_3_7hGG0306cw\"]},{\"@type\":\"Person\",\"@id\":\"https:\\\/\\\/www.bellunopress.it\\\/#\\\/schema\\\/person\\\/79bb06722b37ece1c03d3e94beb30d73\",\"name\":\"redazione\",\"image\":{\"@type\":\"ImageObject\",\"inLanguage\":\"fr-FR\",\"@id\":\"https:\\\/\\\/secure.gravatar.com\\\/avatar\\\/37d968a2e67a6fd04c169c4bdef102d0bc5d31b2546345219e348575eb80e9a0?s=96&d=mm&r=g\",\"url\":\"https:\\\/\\\/secure.gravatar.com\\\/avatar\\\/37d968a2e67a6fd04c169c4bdef102d0bc5d31b2546345219e348575eb80e9a0?s=96&d=mm&r=g\",\"contentUrl\":\"https:\\\/\\\/secure.gravatar.com\\\/avatar\\\/37d968a2e67a6fd04c169c4bdef102d0bc5d31b2546345219e348575eb80e9a0?s=96&d=mm&r=g\",\"caption\":\"redazione\"},\"sameAs\":[\"http:\\\/\\\/www.bellunopress.it\",\"https:\\\/\\\/x.com\\\/bellunopress\"],\"url\":\"https:\\\/\\\/www.bellunopress.it\\\/fr\\\/author\\\/redazione\\\/\"}]}<\/script>\n<!-- \/ Yoast SEO plugin. -->","yoast_head_json":{"title":"Bond sui beni del Cansiglio: \"Non possiamo vendere i gioielli di famiglia senzacoinvolgere le comunit\u00e0 locali\" - Bellunopress - Dolomiti","robots":{"index":"index","follow":"follow","max-snippet":"max-snippet:-1","max-image-preview":"max-image-preview:large","max-video-preview":"max-video-preview:-1"},"canonical":"https:\/\/www.bellunopress.it\/fr\/2011\/10\/06\/bond-sui-beni-del-cansiglio-non-possiamo-vendere-i-gioielli-di-famiglia-senzacoinvolgere-le-comunita-locali\/","og_locale":"fr_FR","og_type":"article","og_title":"Bond sui beni del Cansiglio: \"Non possiamo vendere i gioielli di famiglia senzacoinvolgere le comunit\u00e0 locali\" - Bellunopress - Dolomiti","og_description":"\u201cNon \u00e8 possibile vendere i gioielli di famiglia senza averne prima discusso in famiglia. I beni del Cansiglio anche se sono di propriet\u00e0 regionale \u2013 rientrando nel patrimonio indisponibile della Regione \u2013 appartengono a tutta la collettivit\u00e0, a cominciare da quella dell\u2019Alpago\u201d. A dirlo \u00e8 il capogruppo del Pdl in Consiglio regionale Dario Bond dopo [&hellip;]","og_url":"https:\/\/www.bellunopress.it\/fr\/2011\/10\/06\/bond-sui-beni-del-cansiglio-non-possiamo-vendere-i-gioielli-di-famiglia-senzacoinvolgere-le-comunita-locali\/","og_site_name":"Bellunopress - Dolomiti","article_publisher":"https:\/\/www.facebook.com\/profile.php?id=100008943462799","article_published_time":"2011-10-06T18:50:52+00:00","og_image":[{"url":"http:\/\/www.bellunopress.it\/wp-content\/uploads\/2010\/05\/bond-leggeriss.jpg","type":"","width":"","height":""}],"author":"redazione","twitter_card":"summary_large_image","twitter_creator":"@bellunopress","twitter_site":"@bellunopress","twitter_misc":{"\u00c9crit par":"redazione","Dur\u00e9e de lecture estim\u00e9e":"1 minute"},"schema":{"@context":"https:\/\/schema.org","@graph":[{"@type":"Article","@id":"https:\/\/www.bellunopress.it\/2011\/10\/06\/bond-sui-beni-del-cansiglio-non-possiamo-vendere-i-gioielli-di-famiglia-senzacoinvolgere-le-comunita-locali\/#article","isPartOf":{"@id":"https:\/\/www.bellunopress.it\/2011\/10\/06\/bond-sui-beni-del-cansiglio-non-possiamo-vendere-i-gioielli-di-famiglia-senzacoinvolgere-le-comunita-locali\/"},"author":{"name":"redazione","@id":"https:\/\/www.bellunopress.it\/#\/schema\/person\/79bb06722b37ece1c03d3e94beb30d73"},"headline":"Bond sui beni del Cansiglio: &#8220;Non possiamo vendere i gioielli di famiglia senzacoinvolgere le comunit\u00e0 locali&#8221;","datePublished":"2011-10-06T18:50:52+00:00","mainEntityOfPage":{"@id":"https:\/\/www.bellunopress.it\/2011\/10\/06\/bond-sui-beni-del-cansiglio-non-possiamo-vendere-i-gioielli-di-famiglia-senzacoinvolgere-le-comunita-locali\/"},"wordCount":308,"publisher":{"@id":"https:\/\/www.bellunopress.it\/#organization"},"image":{"@id":"https:\/\/www.bellunopress.it\/2011\/10\/06\/bond-sui-beni-del-cansiglio-non-possiamo-vendere-i-gioielli-di-famiglia-senzacoinvolgere-le-comunita-locali\/#primaryimage"},"thumbnailUrl":"http:\/\/www.bellunopress.it\/wp-content\/uploads\/2010\/05\/bond-leggeriss.jpg","articleSection":["Cronaca\/Politica","Prima Pagina"],"inLanguage":"fr-FR"},{"@type":"WebPage","@id":"https:\/\/www.bellunopress.it\/2011\/10\/06\/bond-sui-beni-del-cansiglio-non-possiamo-vendere-i-gioielli-di-famiglia-senzacoinvolgere-le-comunita-locali\/","url":"https:\/\/www.bellunopress.it\/2011\/10\/06\/bond-sui-beni-del-cansiglio-non-possiamo-vendere-i-gioielli-di-famiglia-senzacoinvolgere-le-comunita-locali\/","name":"Bond sui beni del Cansiglio: \"Non possiamo vendere i gioielli di famiglia senzacoinvolgere le comunit\u00e0 locali\" - Bellunopress - Dolomiti","isPartOf":{"@id":"https:\/\/www.bellunopress.it\/#website"},"primaryImageOfPage":{"@id":"https:\/\/www.bellunopress.it\/2011\/10\/06\/bond-sui-beni-del-cansiglio-non-possiamo-vendere-i-gioielli-di-famiglia-senzacoinvolgere-le-comunita-locali\/#primaryimage"},"image":{"@id":"https:\/\/www.bellunopress.it\/2011\/10\/06\/bond-sui-beni-del-cansiglio-non-possiamo-vendere-i-gioielli-di-famiglia-senzacoinvolgere-le-comunita-locali\/#primaryimage"},"thumbnailUrl":"http:\/\/www.bellunopress.it\/wp-content\/uploads\/2010\/05\/bond-leggeriss.jpg","datePublished":"2011-10-06T18:50:52+00:00","breadcrumb":{"@id":"https:\/\/www.bellunopress.it\/2011\/10\/06\/bond-sui-beni-del-cansiglio-non-possiamo-vendere-i-gioielli-di-famiglia-senzacoinvolgere-le-comunita-locali\/#breadcrumb"},"inLanguage":"fr-FR","potentialAction":[{"@type":"ReadAction","target":["https:\/\/www.bellunopress.it\/2011\/10\/06\/bond-sui-beni-del-cansiglio-non-possiamo-vendere-i-gioielli-di-famiglia-senzacoinvolgere-le-comunita-locali\/"]}]},{"@type":"ImageObject","inLanguage":"fr-FR","@id":"https:\/\/www.bellunopress.it\/2011\/10\/06\/bond-sui-beni-del-cansiglio-non-possiamo-vendere-i-gioielli-di-famiglia-senzacoinvolgere-le-comunita-locali\/#primaryimage","url":"http:\/\/www.bellunopress.it\/wp-content\/uploads\/2010\/05\/bond-leggeriss.jpg","contentUrl":"http:\/\/www.bellunopress.it\/wp-content\/uploads\/2010\/05\/bond-leggeriss.jpg"},{"@type":"BreadcrumbList","@id":"https:\/\/www.bellunopress.it\/2011\/10\/06\/bond-sui-beni-del-cansiglio-non-possiamo-vendere-i-gioielli-di-famiglia-senzacoinvolgere-le-comunita-locali\/#breadcrumb","itemListElement":[{"@type":"ListItem","position":1,"name":"Home","item":"https:\/\/www.bellunopress.it\/"},{"@type":"ListItem","position":2,"name":"Bond sui beni del Cansiglio: &#8220;Non possiamo vendere i gioielli di famiglia senzacoinvolgere le comunit\u00e0 locali&#8221;"}]},{"@type":"WebSite","@id":"https:\/\/www.bellunopress.it\/#website","url":"https:\/\/www.bellunopress.it\/","name":"Bellunopress - Dolomiti","description":"e-mail: redazione@bellunopress.it","publisher":{"@id":"https:\/\/www.bellunopress.it\/#organization"},"potentialAction":[{"@type":"SearchAction","target":{"@type":"EntryPoint","urlTemplate":"https:\/\/www.bellunopress.it\/?s={search_term_string}"},"query-input":{"@type":"PropertyValueSpecification","valueRequired":true,"valueName":"search_term_string"}}],"inLanguage":"fr-FR"},{"@type":"Organization","@id":"https:\/\/www.bellunopress.it\/#organization","name":"Bellunopress","url":"https:\/\/www.bellunopress.it\/","logo":{"@type":"ImageObject","inLanguage":"fr-FR","@id":"https:\/\/www.bellunopress.it\/#\/schema\/logo\/image\/","url":"https:\/\/www.bellunopress.it\/wp-content\/uploads\/2011\/05\/cropped-logo-bellunopress-.jpg","contentUrl":"https:\/\/www.bellunopress.it\/wp-content\/uploads\/2011\/05\/cropped-logo-bellunopress-.jpg","width":512,"height":512,"caption":"Bellunopress"},"image":{"@id":"https:\/\/www.bellunopress.it\/#\/schema\/logo\/image\/"},"sameAs":["https:\/\/www.facebook.com\/profile.php?id=100008943462799","https:\/\/x.com\/bellunopress","https:\/\/www.linkedin.com\/hp\/?dnr=JBzUWaJfMUw8vbXJJ2tVW5-I3jZKvC4wsoxE&amp;amp;amp;amp;amp;amp;trk=nav_responsive_tab_home","https:\/\/www.youtube.com\/channel\/UCxL0wu1uN0_3_7hGG0306cw"]},{"@type":"Person","@id":"https:\/\/www.bellunopress.it\/#\/schema\/person\/79bb06722b37ece1c03d3e94beb30d73","name":"r\u00e9daction","image":{"@type":"ImageObject","inLanguage":"fr-FR","@id":"https:\/\/secure.gravatar.com\/avatar\/37d968a2e67a6fd04c169c4bdef102d0bc5d31b2546345219e348575eb80e9a0?s=96&d=mm&r=g","url":"https:\/\/secure.gravatar.com\/avatar\/37d968a2e67a6fd04c169c4bdef102d0bc5d31b2546345219e348575eb80e9a0?s=96&d=mm&r=g","contentUrl":"https:\/\/secure.gravatar.com\/avatar\/37d968a2e67a6fd04c169c4bdef102d0bc5d31b2546345219e348575eb80e9a0?s=96&d=mm&r=g","caption":"redazione"},"sameAs":["http:\/\/www.bellunopress.it","https:\/\/x.com\/bellunopress"],"url":"https:\/\/www.bellunopress.it\/fr\/author\/redazione\/"}]}},"_links":{"self":[{"href":"https:\/\/www.bellunopress.it\/fr\/wp-json\/wp\/v2\/posts\/31218","targetHints":{"allow":["GET"]}}],"collection":[{"href":"https:\/\/www.bellunopress.it\/fr\/wp-json\/wp\/v2\/posts"}],"about":[{"href":"https:\/\/www.bellunopress.it\/fr\/wp-json\/wp\/v2\/types\/post"}],"author":[{"embeddable":true,"href":"https:\/\/www.bellunopress.it\/fr\/wp-json\/wp\/v2\/users\/2"}],"replies":[{"embeddable":true,"href":"https:\/\/www.bellunopress.it\/fr\/wp-json\/wp\/v2\/comments?post=31218"}],"version-history":[{"count":1,"href":"https:\/\/www.bellunopress.it\/fr\/wp-json\/wp\/v2\/posts\/31218\/revisions"}],"predecessor-version":[{"id":31219,"href":"https:\/\/www.bellunopress.it\/fr\/wp-json\/wp\/v2\/posts\/31218\/revisions\/31219"}],"wp:attachment":[{"href":"https:\/\/www.bellunopress.it\/fr\/wp-json\/wp\/v2\/media?parent=31218"}],"wp:term":[{"taxonomy":"category","embeddable":true,"href":"https:\/\/www.bellunopress.it\/fr\/wp-json\/wp\/v2\/categories?post=31218"},{"taxonomy":"post_tag","embeddable":true,"href":"https:\/\/www.bellunopress.it\/fr\/wp-json\/wp\/v2\/tags?post=31218"}],"curies":[{"name":"wp","href":"https:\/\/api.w.org\/{rel}","templated":true}]}}