{"id":31216,"date":"2011-10-06T18:48:36","date_gmt":"2011-10-06T17:48:36","guid":{"rendered":"http:\/\/www.bellunopress.it\/?p=31216"},"modified":"2011-10-06T18:48:36","modified_gmt":"2011-10-06T17:48:36","slug":"caccia-in-deroga-stival-risponde","status":"publish","type":"post","link":"https:\/\/www.bellunopress.it\/fr\/2011\/10\/06\/caccia-in-deroga-stival-risponde\/","title":{"rendered":"Caccia in deroga: Stival risponde"},"content":{"rendered":"<figure id=\"attachment_17832\" aria-describedby=\"caption-attachment-17832\" style=\"width: 98px\" class=\"wp-caption alignleft\"><a href=\"http:\/\/www.bellunopress.it\/wp-content\/uploads\/2010\/08\/daniele-stival-145x98.jpg\"><img loading=\"lazy\" decoding=\"async\" class=\"size-full wp-image-17832\" title=\"daniele-stival-145x98\" src=\"http:\/\/www.bellunopress.it\/wp-content\/uploads\/2010\/08\/daniele-stival-145x98.jpg\" alt=\"\" width=\"98\" height=\"145\" \/><\/a><figcaption id=\"caption-attachment-17832\" class=\"wp-caption-text\">Daniele Stival<\/figcaption><\/figure>\n<p>\u201cPrima di tutto voglio chiarire che la Regione del Veneto confida di far valere le proprie ragioni nell\u2019udienza del 19 ottobre, nella quale contiamo di poter convincere il TAR Veneto, cos\u00ec come accadde lo scorso anno, della correttezza del provvedimento regionale che ha recentemente autorizzato i prelievi venatori in deroga\u201d. Lo sottolinea l\u2019Assessore Regionale alla Caccia Daniele Stival, dichiarandosi \u201cstupito ed amareggiato\u201d per le polemiche innescate da una parte del mondo venatorio, a seguito della decisione del Tar di sospendere la delibera regionale sulla caccia in deroga sino alla seduta collegiale del 19 ottobre prossimo\u201d.<br \/>\n\u201cChi polemizza &#8211; dice Stival &#8211; dimentica che lo scontro con le istituzioni comunitarie \u00e8 stato innescato da una gestione della materia poco lungimirante, che a suo tempo port\u00f2 alla condanna del Veneto presso la Corte di Giustizia europea. La procedura di infrazione che la Regione ha dovuto subire ci ha complicato la vita all\u2019inverosimile, tanto che tutto ci\u00f2 che di buono possiamo fare viene sistematicamente contestato\u201d.<br \/>\n\u201cQuesta parte minoritaria del mondo venatorio \u2013 prosegue Stival &#8211; nel chiedere una pericolosa \u201creiterazione\u201d (con qualche modifica) della delibera sospesa dal TAR sembra non comprendere come la situazione sia molto diversa da quella che si aveva solo due anni fa, quando la Corte di Giustizia ancora non aveva condannato la legge regionale veneta n.13 del 2005, pur successivamente modificata, e ancora non era innescato il conflitto con il Governo innanzi la Corte Costituzionale, presso la quale stiamo difendendo la delibera di Giunta dello scorso anno.\u201d<br \/>\n\u201c Accusare il sottoscritto di non avere voluto fare una legge \u2013 prosegue l\u2019assessore &#8211; \u00e8 semplicemente ridicolo, posto che un paio di disegni di legge sono stati presentati in Consiglio Regionale e sono dormienti. Ma non \u00e8 questo il punto. Purtroppo anche le leggi regionali hanno vita breve se vengono impugnate\u201d.<br \/>\n\u201cContinuer\u00f2 a difendere con ogni mezzo i nostri provvedimenti sulle deroghe, in modo corretto &#8211; prosegue Stival. Le furberie, abbiamo visto, pagano molto poco, non danno risultati apprezzabili sotto i profili della certezza del diritto (tanto invocati nel passato) e compromettono ulteriormente il rapporto con il Governo e con l\u2019Unione Europea\u201d.<br \/>\n\u201cQuello che dobbiamo fare con il contributo di tutti e senza polemiche &#8211; conclude l\u2019Assessore Stival &#8211; \u00e8 un lavoro duplice: difendere i nostri provvedimenti (magari la prossima volta ci piacerebbe che qualche Associazione intervenisse al TAR al nostro fianco, in gergo tecnico si dice ad opponendum, per sostenere in modo ancora pi\u00f9 forte le ragioni del mondo venatorio!) e contemporaneamente lavorare da subito per le prossime stagioni venatorie portando a casa finalmente il reinserimento dello storno nell\u2019elenco delle specie cacciabili. A questo proposito chiedo a tutti gli Europarlamentari interessati (se ben ricordo esiste un intergruppo che segue la materia) di organizzare subito un incontro con la Commissione Europea per calendarizzare finalmente l\u2019aggiornamento degli elenchi delle specie cacciabili\u201d.<\/p>\n<p>&nbsp;<\/p>","protected":false},"excerpt":{"rendered":"<p>\u201cPrima di tutto voglio chiarire che la Regione del Veneto confida di far valere le proprie ragioni nell\u2019udienza del 19 ottobre, nella quale contiamo di poter convincere il TAR Veneto, cos\u00ec come accadde lo scorso anno, della correttezza del provvedimento regionale che ha recentemente autorizzato i prelievi venatori in deroga\u201d. Lo sottolinea l\u2019Assessore Regionale alla [&hellip;]<\/p>\n","protected":false},"author":2,"featured_media":0,"comment_status":"closed","ping_status":"open","sticky":false,"template":"","format":"standard","meta":{"footnotes":""},"categories":[5,26],"tags":[],"class_list":["post-31216","post","type-post","status-publish","format-standard","category-cronaca","category-prima-pagina"],"yoast_head":"<!-- This site is optimized with the Yoast SEO plugin v28.4 - https:\/\/yoast.com\/product\/yoast-seo-wordpress\/ -->\n<title>Caccia in deroga: Stival risponde - Bellunopress - Dolomiti<\/title>\n<meta name=\"robots\" content=\"index, follow, max-snippet:-1, max-image-preview:large, max-video-preview:-1\" \/>\n<link rel=\"canonical\" href=\"https:\/\/www.bellunopress.it\/fr\/2011\/10\/06\/caccia-in-deroga-stival-risponde\/\" \/>\n<meta property=\"og:locale\" content=\"fr_FR\" \/>\n<meta property=\"og:type\" content=\"article\" \/>\n<meta property=\"og:title\" content=\"Caccia in deroga: Stival risponde - Bellunopress - Dolomiti\" \/>\n<meta property=\"og:description\" content=\"\u201cPrima di tutto voglio chiarire che la Regione del Veneto confida di far valere le proprie ragioni nell\u2019udienza del 19 ottobre, nella quale contiamo di poter convincere il TAR Veneto, cos\u00ec come accadde lo scorso anno, della correttezza del provvedimento regionale che ha recentemente autorizzato i prelievi venatori in deroga\u201d. Lo sottolinea l\u2019Assessore Regionale alla [&hellip;]\" \/>\n<meta property=\"og:url\" content=\"https:\/\/www.bellunopress.it\/fr\/2011\/10\/06\/caccia-in-deroga-stival-risponde\/\" \/>\n<meta property=\"og:site_name\" content=\"Bellunopress - Dolomiti\" \/>\n<meta property=\"article:publisher\" content=\"https:\/\/www.facebook.com\/profile.php?id=100008943462799\" \/>\n<meta property=\"article:published_time\" content=\"2011-10-06T17:48:36+00:00\" \/>\n<meta property=\"og:image\" content=\"http:\/\/www.bellunopress.it\/wp-content\/uploads\/2010\/08\/daniele-stival-145x98.jpg\" \/>\n<meta name=\"author\" content=\"redazione\" \/>\n<meta name=\"twitter:card\" content=\"summary_large_image\" \/>\n<meta name=\"twitter:creator\" content=\"@bellunopress\" \/>\n<meta name=\"twitter:site\" content=\"@bellunopress\" \/>\n<meta name=\"twitter:label1\" content=\"\u00c9crit par\" \/>\n\t<meta name=\"twitter:data1\" content=\"redazione\" \/>\n\t<meta name=\"twitter:label2\" content=\"Dur\u00e9e de lecture estim\u00e9e\" \/>\n\t<meta name=\"twitter:data2\" content=\"2 minutes\" \/>\n<script type=\"application\/ld+json\" class=\"yoast-schema-graph\">{\"@context\":\"https:\\\/\\\/schema.org\",\"@graph\":[{\"@type\":\"Article\",\"@id\":\"https:\\\/\\\/www.bellunopress.it\\\/2011\\\/10\\\/06\\\/caccia-in-deroga-stival-risponde\\\/#article\",\"isPartOf\":{\"@id\":\"https:\\\/\\\/www.bellunopress.it\\\/2011\\\/10\\\/06\\\/caccia-in-deroga-stival-risponde\\\/\"},\"author\":{\"name\":\"redazione\",\"@id\":\"https:\\\/\\\/www.bellunopress.it\\\/#\\\/schema\\\/person\\\/79bb06722b37ece1c03d3e94beb30d73\"},\"headline\":\"Caccia in deroga: Stival risponde\",\"datePublished\":\"2011-10-06T17:48:36+00:00\",\"mainEntityOfPage\":{\"@id\":\"https:\\\/\\\/www.bellunopress.it\\\/2011\\\/10\\\/06\\\/caccia-in-deroga-stival-risponde\\\/\"},\"wordCount\":483,\"publisher\":{\"@id\":\"https:\\\/\\\/www.bellunopress.it\\\/#organization\"},\"image\":{\"@id\":\"https:\\\/\\\/www.bellunopress.it\\\/2011\\\/10\\\/06\\\/caccia-in-deroga-stival-risponde\\\/#primaryimage\"},\"thumbnailUrl\":\"http:\\\/\\\/www.bellunopress.it\\\/wp-content\\\/uploads\\\/2010\\\/08\\\/daniele-stival-145x98.jpg\",\"articleSection\":[\"Cronaca\\\/Politica\",\"Prima Pagina\"],\"inLanguage\":\"fr-FR\"},{\"@type\":\"WebPage\",\"@id\":\"https:\\\/\\\/www.bellunopress.it\\\/2011\\\/10\\\/06\\\/caccia-in-deroga-stival-risponde\\\/\",\"url\":\"https:\\\/\\\/www.bellunopress.it\\\/2011\\\/10\\\/06\\\/caccia-in-deroga-stival-risponde\\\/\",\"name\":\"Caccia in deroga: Stival risponde - Bellunopress - Dolomiti\",\"isPartOf\":{\"@id\":\"https:\\\/\\\/www.bellunopress.it\\\/#website\"},\"primaryImageOfPage\":{\"@id\":\"https:\\\/\\\/www.bellunopress.it\\\/2011\\\/10\\\/06\\\/caccia-in-deroga-stival-risponde\\\/#primaryimage\"},\"image\":{\"@id\":\"https:\\\/\\\/www.bellunopress.it\\\/2011\\\/10\\\/06\\\/caccia-in-deroga-stival-risponde\\\/#primaryimage\"},\"thumbnailUrl\":\"http:\\\/\\\/www.bellunopress.it\\\/wp-content\\\/uploads\\\/2010\\\/08\\\/daniele-stival-145x98.jpg\",\"datePublished\":\"2011-10-06T17:48:36+00:00\",\"breadcrumb\":{\"@id\":\"https:\\\/\\\/www.bellunopress.it\\\/2011\\\/10\\\/06\\\/caccia-in-deroga-stival-risponde\\\/#breadcrumb\"},\"inLanguage\":\"fr-FR\",\"potentialAction\":[{\"@type\":\"ReadAction\",\"target\":[\"https:\\\/\\\/www.bellunopress.it\\\/2011\\\/10\\\/06\\\/caccia-in-deroga-stival-risponde\\\/\"]}]},{\"@type\":\"ImageObject\",\"inLanguage\":\"fr-FR\",\"@id\":\"https:\\\/\\\/www.bellunopress.it\\\/2011\\\/10\\\/06\\\/caccia-in-deroga-stival-risponde\\\/#primaryimage\",\"url\":\"http:\\\/\\\/www.bellunopress.it\\\/wp-content\\\/uploads\\\/2010\\\/08\\\/daniele-stival-145x98.jpg\",\"contentUrl\":\"http:\\\/\\\/www.bellunopress.it\\\/wp-content\\\/uploads\\\/2010\\\/08\\\/daniele-stival-145x98.jpg\"},{\"@type\":\"BreadcrumbList\",\"@id\":\"https:\\\/\\\/www.bellunopress.it\\\/2011\\\/10\\\/06\\\/caccia-in-deroga-stival-risponde\\\/#breadcrumb\",\"itemListElement\":[{\"@type\":\"ListItem\",\"position\":1,\"name\":\"Home\",\"item\":\"https:\\\/\\\/www.bellunopress.it\\\/\"},{\"@type\":\"ListItem\",\"position\":2,\"name\":\"Caccia in deroga: Stival risponde\"}]},{\"@type\":\"WebSite\",\"@id\":\"https:\\\/\\\/www.bellunopress.it\\\/#website\",\"url\":\"https:\\\/\\\/www.bellunopress.it\\\/\",\"name\":\"Bellunopress - Dolomiti\",\"description\":\"e-mail: redazione@bellunopress.it\",\"publisher\":{\"@id\":\"https:\\\/\\\/www.bellunopress.it\\\/#organization\"},\"potentialAction\":[{\"@type\":\"SearchAction\",\"target\":{\"@type\":\"EntryPoint\",\"urlTemplate\":\"https:\\\/\\\/www.bellunopress.it\\\/?s={search_term_string}\"},\"query-input\":{\"@type\":\"PropertyValueSpecification\",\"valueRequired\":true,\"valueName\":\"search_term_string\"}}],\"inLanguage\":\"fr-FR\"},{\"@type\":\"Organization\",\"@id\":\"https:\\\/\\\/www.bellunopress.it\\\/#organization\",\"name\":\"Bellunopress\",\"url\":\"https:\\\/\\\/www.bellunopress.it\\\/\",\"logo\":{\"@type\":\"ImageObject\",\"inLanguage\":\"fr-FR\",\"@id\":\"https:\\\/\\\/www.bellunopress.it\\\/#\\\/schema\\\/logo\\\/image\\\/\",\"url\":\"https:\\\/\\\/www.bellunopress.it\\\/wp-content\\\/uploads\\\/2011\\\/05\\\/cropped-logo-bellunopress-.jpg\",\"contentUrl\":\"https:\\\/\\\/www.bellunopress.it\\\/wp-content\\\/uploads\\\/2011\\\/05\\\/cropped-logo-bellunopress-.jpg\",\"width\":512,\"height\":512,\"caption\":\"Bellunopress\"},\"image\":{\"@id\":\"https:\\\/\\\/www.bellunopress.it\\\/#\\\/schema\\\/logo\\\/image\\\/\"},\"sameAs\":[\"https:\\\/\\\/www.facebook.com\\\/profile.php?id=100008943462799\",\"https:\\\/\\\/x.com\\\/bellunopress\",\"https:\\\/\\\/www.linkedin.com\\\/hp\\\/?dnr=JBzUWaJfMUw8vbXJJ2tVW5-I3jZKvC4wsoxE&amp;amp;amp;amp;amp;amp;trk=nav_responsive_tab_home\",\"https:\\\/\\\/www.youtube.com\\\/channel\\\/UCxL0wu1uN0_3_7hGG0306cw\"]},{\"@type\":\"Person\",\"@id\":\"https:\\\/\\\/www.bellunopress.it\\\/#\\\/schema\\\/person\\\/79bb06722b37ece1c03d3e94beb30d73\",\"name\":\"redazione\",\"image\":{\"@type\":\"ImageObject\",\"inLanguage\":\"fr-FR\",\"@id\":\"https:\\\/\\\/secure.gravatar.com\\\/avatar\\\/37d968a2e67a6fd04c169c4bdef102d0bc5d31b2546345219e348575eb80e9a0?s=96&d=mm&r=g\",\"url\":\"https:\\\/\\\/secure.gravatar.com\\\/avatar\\\/37d968a2e67a6fd04c169c4bdef102d0bc5d31b2546345219e348575eb80e9a0?s=96&d=mm&r=g\",\"contentUrl\":\"https:\\\/\\\/secure.gravatar.com\\\/avatar\\\/37d968a2e67a6fd04c169c4bdef102d0bc5d31b2546345219e348575eb80e9a0?s=96&d=mm&r=g\",\"caption\":\"redazione\"},\"sameAs\":[\"http:\\\/\\\/www.bellunopress.it\",\"https:\\\/\\\/x.com\\\/bellunopress\"],\"url\":\"https:\\\/\\\/www.bellunopress.it\\\/fr\\\/author\\\/redazione\\\/\"}]}<\/script>\n<!-- \/ Yoast SEO plugin. -->","yoast_head_json":{"title":"Caccia in deroga: Stival risponde - Bellunopress - Dolomiti","robots":{"index":"index","follow":"follow","max-snippet":"max-snippet:-1","max-image-preview":"max-image-preview:large","max-video-preview":"max-video-preview:-1"},"canonical":"https:\/\/www.bellunopress.it\/fr\/2011\/10\/06\/caccia-in-deroga-stival-risponde\/","og_locale":"fr_FR","og_type":"article","og_title":"Caccia in deroga: Stival risponde - Bellunopress - Dolomiti","og_description":"\u201cPrima di tutto voglio chiarire che la Regione del Veneto confida di far valere le proprie ragioni nell\u2019udienza del 19 ottobre, nella quale contiamo di poter convincere il TAR Veneto, cos\u00ec come accadde lo scorso anno, della correttezza del provvedimento regionale che ha recentemente autorizzato i prelievi venatori in deroga\u201d. Lo sottolinea l\u2019Assessore Regionale alla [&hellip;]","og_url":"https:\/\/www.bellunopress.it\/fr\/2011\/10\/06\/caccia-in-deroga-stival-risponde\/","og_site_name":"Bellunopress - Dolomiti","article_publisher":"https:\/\/www.facebook.com\/profile.php?id=100008943462799","article_published_time":"2011-10-06T17:48:36+00:00","og_image":[{"url":"http:\/\/www.bellunopress.it\/wp-content\/uploads\/2010\/08\/daniele-stival-145x98.jpg","type":"","width":"","height":""}],"author":"redazione","twitter_card":"summary_large_image","twitter_creator":"@bellunopress","twitter_site":"@bellunopress","twitter_misc":{"\u00c9crit par":"redazione","Dur\u00e9e de lecture estim\u00e9e":"2 minutes"},"schema":{"@context":"https:\/\/schema.org","@graph":[{"@type":"Article","@id":"https:\/\/www.bellunopress.it\/2011\/10\/06\/caccia-in-deroga-stival-risponde\/#article","isPartOf":{"@id":"https:\/\/www.bellunopress.it\/2011\/10\/06\/caccia-in-deroga-stival-risponde\/"},"author":{"name":"redazione","@id":"https:\/\/www.bellunopress.it\/#\/schema\/person\/79bb06722b37ece1c03d3e94beb30d73"},"headline":"Caccia in deroga: Stival risponde","datePublished":"2011-10-06T17:48:36+00:00","mainEntityOfPage":{"@id":"https:\/\/www.bellunopress.it\/2011\/10\/06\/caccia-in-deroga-stival-risponde\/"},"wordCount":483,"publisher":{"@id":"https:\/\/www.bellunopress.it\/#organization"},"image":{"@id":"https:\/\/www.bellunopress.it\/2011\/10\/06\/caccia-in-deroga-stival-risponde\/#primaryimage"},"thumbnailUrl":"http:\/\/www.bellunopress.it\/wp-content\/uploads\/2010\/08\/daniele-stival-145x98.jpg","articleSection":["Cronaca\/Politica","Prima Pagina"],"inLanguage":"fr-FR"},{"@type":"WebPage","@id":"https:\/\/www.bellunopress.it\/2011\/10\/06\/caccia-in-deroga-stival-risponde\/","url":"https:\/\/www.bellunopress.it\/2011\/10\/06\/caccia-in-deroga-stival-risponde\/","name":"Caccia in deroga: Stival risponde - Bellunopress - Dolomiti","isPartOf":{"@id":"https:\/\/www.bellunopress.it\/#website"},"primaryImageOfPage":{"@id":"https:\/\/www.bellunopress.it\/2011\/10\/06\/caccia-in-deroga-stival-risponde\/#primaryimage"},"image":{"@id":"https:\/\/www.bellunopress.it\/2011\/10\/06\/caccia-in-deroga-stival-risponde\/#primaryimage"},"thumbnailUrl":"http:\/\/www.bellunopress.it\/wp-content\/uploads\/2010\/08\/daniele-stival-145x98.jpg","datePublished":"2011-10-06T17:48:36+00:00","breadcrumb":{"@id":"https:\/\/www.bellunopress.it\/2011\/10\/06\/caccia-in-deroga-stival-risponde\/#breadcrumb"},"inLanguage":"fr-FR","potentialAction":[{"@type":"ReadAction","target":["https:\/\/www.bellunopress.it\/2011\/10\/06\/caccia-in-deroga-stival-risponde\/"]}]},{"@type":"ImageObject","inLanguage":"fr-FR","@id":"https:\/\/www.bellunopress.it\/2011\/10\/06\/caccia-in-deroga-stival-risponde\/#primaryimage","url":"http:\/\/www.bellunopress.it\/wp-content\/uploads\/2010\/08\/daniele-stival-145x98.jpg","contentUrl":"http:\/\/www.bellunopress.it\/wp-content\/uploads\/2010\/08\/daniele-stival-145x98.jpg"},{"@type":"BreadcrumbList","@id":"https:\/\/www.bellunopress.it\/2011\/10\/06\/caccia-in-deroga-stival-risponde\/#breadcrumb","itemListElement":[{"@type":"ListItem","position":1,"name":"Home","item":"https:\/\/www.bellunopress.it\/"},{"@type":"ListItem","position":2,"name":"Caccia in deroga: Stival risponde"}]},{"@type":"WebSite","@id":"https:\/\/www.bellunopress.it\/#website","url":"https:\/\/www.bellunopress.it\/","name":"Bellunopress - Dolomiti","description":"e-mail: redazione@bellunopress.it","publisher":{"@id":"https:\/\/www.bellunopress.it\/#organization"},"potentialAction":[{"@type":"SearchAction","target":{"@type":"EntryPoint","urlTemplate":"https:\/\/www.bellunopress.it\/?s={search_term_string}"},"query-input":{"@type":"PropertyValueSpecification","valueRequired":true,"valueName":"search_term_string"}}],"inLanguage":"fr-FR"},{"@type":"Organization","@id":"https:\/\/www.bellunopress.it\/#organization","name":"Bellunopress","url":"https:\/\/www.bellunopress.it\/","logo":{"@type":"ImageObject","inLanguage":"fr-FR","@id":"https:\/\/www.bellunopress.it\/#\/schema\/logo\/image\/","url":"https:\/\/www.bellunopress.it\/wp-content\/uploads\/2011\/05\/cropped-logo-bellunopress-.jpg","contentUrl":"https:\/\/www.bellunopress.it\/wp-content\/uploads\/2011\/05\/cropped-logo-bellunopress-.jpg","width":512,"height":512,"caption":"Bellunopress"},"image":{"@id":"https:\/\/www.bellunopress.it\/#\/schema\/logo\/image\/"},"sameAs":["https:\/\/www.facebook.com\/profile.php?id=100008943462799","https:\/\/x.com\/bellunopress","https:\/\/www.linkedin.com\/hp\/?dnr=JBzUWaJfMUw8vbXJJ2tVW5-I3jZKvC4wsoxE&amp;amp;amp;amp;amp;amp;trk=nav_responsive_tab_home","https:\/\/www.youtube.com\/channel\/UCxL0wu1uN0_3_7hGG0306cw"]},{"@type":"Person","@id":"https:\/\/www.bellunopress.it\/#\/schema\/person\/79bb06722b37ece1c03d3e94beb30d73","name":"r\u00e9daction","image":{"@type":"ImageObject","inLanguage":"fr-FR","@id":"https:\/\/secure.gravatar.com\/avatar\/37d968a2e67a6fd04c169c4bdef102d0bc5d31b2546345219e348575eb80e9a0?s=96&d=mm&r=g","url":"https:\/\/secure.gravatar.com\/avatar\/37d968a2e67a6fd04c169c4bdef102d0bc5d31b2546345219e348575eb80e9a0?s=96&d=mm&r=g","contentUrl":"https:\/\/secure.gravatar.com\/avatar\/37d968a2e67a6fd04c169c4bdef102d0bc5d31b2546345219e348575eb80e9a0?s=96&d=mm&r=g","caption":"redazione"},"sameAs":["http:\/\/www.bellunopress.it","https:\/\/x.com\/bellunopress"],"url":"https:\/\/www.bellunopress.it\/fr\/author\/redazione\/"}]}},"_links":{"self":[{"href":"https:\/\/www.bellunopress.it\/fr\/wp-json\/wp\/v2\/posts\/31216","targetHints":{"allow":["GET"]}}],"collection":[{"href":"https:\/\/www.bellunopress.it\/fr\/wp-json\/wp\/v2\/posts"}],"about":[{"href":"https:\/\/www.bellunopress.it\/fr\/wp-json\/wp\/v2\/types\/post"}],"author":[{"embeddable":true,"href":"https:\/\/www.bellunopress.it\/fr\/wp-json\/wp\/v2\/users\/2"}],"replies":[{"embeddable":true,"href":"https:\/\/www.bellunopress.it\/fr\/wp-json\/wp\/v2\/comments?post=31216"}],"version-history":[{"count":1,"href":"https:\/\/www.bellunopress.it\/fr\/wp-json\/wp\/v2\/posts\/31216\/revisions"}],"predecessor-version":[{"id":31217,"href":"https:\/\/www.bellunopress.it\/fr\/wp-json\/wp\/v2\/posts\/31216\/revisions\/31217"}],"wp:attachment":[{"href":"https:\/\/www.bellunopress.it\/fr\/wp-json\/wp\/v2\/media?parent=31216"}],"wp:term":[{"taxonomy":"category","embeddable":true,"href":"https:\/\/www.bellunopress.it\/fr\/wp-json\/wp\/v2\/categories?post=31216"},{"taxonomy":"post_tag","embeddable":true,"href":"https:\/\/www.bellunopress.it\/fr\/wp-json\/wp\/v2\/tags?post=31216"}],"curies":[{"name":"wp","href":"https:\/\/api.w.org\/{rel}","templated":true}]}}